{"id":10933,"date":"2019-06-24T08:20:57","date_gmt":"2019-06-24T06:20:57","guid":{"rendered":"https:\/\/www.euroakademie.de\/magazin\/?p=10933"},"modified":"2019-06-24T08:20:57","modified_gmt":"2019-06-24T06:20:57","slug":"cybermobbing-das-koennen-sie-sofort-tun","status":"publish","type":"post","link":"https:\/\/www.euroakademie.de\/magazin\/cybermobbing-das-koennen-sie-sofort-tun\/","title":{"rendered":"Cybermobbing \u2013 das k\u00f6nnen Sie sofort tun"},"content":{"rendered":"\n\t\t\t\t<![CDATA[\n<p><strong>Cybermobbing ist kein Dummejungenstreich. Es kann zur Bedrohung der eigenen Pers\u00f6nlichkeit werden. Besonders schlimm ist diese Art von Verleumdung, weil sie 24 Stunden am Tag pr\u00e4sent ist. Wie ein Schatten verfolgen bitterb\u00f6se Posts, Kommentare und pers\u00f6nliche Nachrichten den Gemobbten \u2013 oft \u00fcber lange Zeit. Betroffene f\u00fchlen sich ohnm\u00e4chtig und machtlos. Dabei ist schnelles Handeln gefragt.<\/strong><\/p>\n\n\n\n<p>Mobbing im Netz geh\u00f6rt inzwischen zum Online-Alltag. Es ist ja auch so einfach, jemanden zu beleidigen, wenn ich ihm nicht in die Augen schauen muss. Da kann man doch mal sch\u00f6n vom Leder ziehen und allem, was sich so bei einem selbst angestaut hat, endlich mal freien Lauf lassen. Und da der Mensch ein Rudeltier ist, finden sich meist noch gen\u00fcgend Freiwillige, die sich ganz stark f\u00fchlen, wenn sie den Betroffenen mitbeschimpfen. Ja, gemeinsam sind wir stark. Leider auch, wenn es um <a href=\"https:\/\/www.euroakademie.de\/magazin\/mobbing-wenn-der-alltag-zur-hoelle-wird\/\" target=\"_blank\" rel=\"noreferrer noopener\" aria-label=\"Mobbing (\u00f6ffnet in neuem Tab)\">Mobbing<\/a> geht.<\/p>\n\n\n\n<h2 class=\"wp-block-heading\">Was ist Cybermobbing?<\/h2>\n\n\n\n<p>Cybermobbing ist eine Form von verbaler Gewalt im Netz. Darunter versteht man das absichtliche Beleidigen, Bel\u00e4stigen oder Blo\u00dfstellen einer Person via digitale Kommunikationskan\u00e4le \u00fcber einen l\u00e4ngeren Zeitraum hinweg. Nicht nur der Ruf der Person wird dabei oft nachhaltig gesch\u00e4digt, der Angegriffene kann schwerwiegende psychische Probleme durch das Mobbing bekommen \u2013 bis hin zum sozialen R\u00fcckzug und Selbstmordgedanken.  <\/p>\n\n\n\n<h2 class=\"wp-block-heading\">Wer wird eigentlich zur Zielscheibe? <\/h2>\n\n\n\n<p>Cybermobbing kann jeden treffen! Besonders oft werden Menschen, die sich von der breiten Masse abheben, eben ein bisschen anders sind \u2013 vielleicht etwas zur\u00fcckhaltender, nicht so selbstbewusst oder cool wie andere Gleichaltrige \u2013 zur Zielscheibe. <\/p>\n\n\n\n<h2 class=\"wp-block-heading\">3 Gr\u00fcnde, warum jemand zum Cybermobber wird<\/h2>\n\n\n\n<p>Wichtig zu wissen: Der Angreifer hat ganz offensichtlich ein Problem \u2013 nicht der Gemobbte. Nein, der T\u00e4ter soll jetzt nicht zum armen Opfer gemacht werden. Wenn man versteht, welche Mechanismen hinter einem Verhalten stecken, bekommt man aber automatisch eine gr\u00f6\u00dfere Distanz zu der Situation. Dadurch gewinnt man wieder Selbstvertrauen und kann erkennen, dass es nicht um die eigene Person geht, sondern um ganz andere Dinge. Mit diesem Wissen im Hintergrund verliert der Mobber seine Macht.<\/p>\n\n\n\n<p>Anderssein macht vielen Menschen Angst. Und da scheint Angriff f\u00fcr manche die beste Verteidigung der eigenen Lebensweise zu sein. Die Ablehnung bestimmter Eigenschaften oder ganzer Kulturen entsteht aus dieser Angst vor dem Fremden. Dagegen hilft immer der Kontakt zum Anderen. Dann merkt man n\u00e4mlich, dass ganz vieles miteinander existieren kann und man sich gegenseitig oft sehr gut erg\u00e4nzt. <\/p>\n\n\n\n<p>Der zweite Grund, warum jemand zum Cybermobber wird, sind Aggressionen, die kein Ventil finden. Statt zum Sport zu gehen und sich dort auszupowern oder sich mit sich selbst und seinen Gef\u00fchlen auseinanderzusetzen, wird die Wut nach au\u00dfen gegeben. Der leichteste und bequemste Weg ist der, hinter dem Bildschirm sitzend jemanden aufs \u00dcbelste zu beschimpfen. Dass die Aggressionen dadurch nicht verschwinden, d\u00fcrfte klar sein. <\/p>\n\n\n\n<p>Auch wer schlecht <a href=\"https:\/\/www.euroakademie.de\/magazin\/konflikte-losen-mit-leaf\/\" target=\"_blank\" rel=\"noreferrer noopener\" aria-label=\"mit Konflikten umgehen (\u00f6ffnet in neuem Tab)\">mit Konflikten umgehen<\/a> kann und sich gerne an jemandem r\u00e4chen m\u00f6chte, geht \u00f6fter den Weg \u00fcber digitale Medien. Verletzte Gef\u00fchle und Aggressionen spielen auch hier eine gro\u00dfe Rolle. Doch Rache ist keineswegs s\u00fc\u00df \u2013 sie vergiftet nicht nur die Beziehung zwischen zwei Menschen, sondern hat auch negative Auswirkungen auf den Rachesuchenden. Dieser bleibt n\u00e4mlich durch die b\u00f6sen Aktionen nur l\u00e4nger in seinen negativen Gef\u00fchlen h\u00e4ngen. Au\u00dferdem f\u00fchlen sich die R\u00e4cher nur f\u00fcr einen kurzen Moment gut  \u2013 langfristig bleibt die Wut so lange, bis jemand Frieden mit dem Menschen oder der Situation geschlossen hat. <\/p>\n\n\n\n<h2 class=\"wp-block-heading\">Das k\u00f6nnen Sie gegen Cybermobbing tun<\/h2>\n\n\n\n<ol class=\"wp-block-list\"><li>Gehen Sie nicht auf die Attacke ein. Mobbern macht es keinen Spa\u00df weiterzumachen, wenn Sie nicht reagieren. Sollten die negativen Nachrichten \u00fcber Sie nicht aufh\u00f6ren, fordern Sie den Angreifer sachlich auf, solche Kommentare, Posts oder Chateintr\u00e4ge zu unterlassen.<\/li><li>Schie\u00dfen Sie nicht zur\u00fcck! Sie begeben sich damit n\u00e4mlich auf die gleiche Stufe wie der Mobber und befeuern ihn noch in seiner negativen Kommunikation. Heftige Reaktionen sind genau das, was er will \u2013 sie sind der Boden f\u00fcr weitere Angriffe.<\/li><li>Kontrollieren Sie Ihre Privatsph\u00e4re-Einstellungen und l\u00f6schen Sie den Kontakt, beispielsweise auf WhatsApp oder Facebook. <\/li><li>Verlassen Sie das Portal, den Chat oder den Kommunikationskanal \u2013 zumindest f\u00fcr die n\u00e4chste Zeit. <\/li><li>Kinder und Jugendliche sollten sich unbedingt schnell Hilfe bei Erwachsenen holen. <\/li><li>H\u00f6rt das Mobbing nicht auf, sollte man sich nicht scheuen, den Mobber bei der Polizei anzuzeigen und sich rechtlichen Beistand \u00fcber einen Anwalt zu holen.<\/li><\/ol>\n\n\n\n<p>Welche Erfahrungen junge Menschen mit Cybermobbing gemacht haben und wie man damit umgegehen kann zeigt <a href=\"https:\/\/www.youtube.com\/watch?v=fCqxZVz7AaM\" target=\"_blank\" rel=\"noreferrer noopener\" aria-label=\"auch der Beitrag von ZDFtivi (\u00f6ffnet in neuem Tab)\">auch der Beitrag von ZDFtivi<\/a>:  [su_youtube url=&#8220;https:\/\/youtu.be\/fCqxZVz7AaM&#8220;]  <\/p>\n\n\n\n<p>Achten Sie darauf, welche Informationen Sie im Internet \u00fcber sich  preisgeben \u2013 freiz\u00fcgige Bilder, private Dinge oder vollst\u00e4ndige Adressen  geh\u00f6ren nicht in die \u00d6ffentlichkeit. Sind sie erstmal im Netz  verbreitet, ist es schwierig, diese sensiblen Informationen wieder  vollkommen verschwinden zu lassen. Sch\u00fctzen Sie Ihre Privatsph\u00e4re \u00fcber  die Sicherheitseinstellungen in Ihrem Account \u2013 Sie bestimmen, wer dort  was \u00fcber Sie wissen und sehen darf. Und wer besser nicht.<\/p>\n\n\n\n<p>Weitere Informationen zum Thema Cybermobbing finden Sie auf der Seite <a href=\"https:\/\/www.buendnis-gegen-cybermobbing.de\/hilfe\/hilfe.html\" target=\"_blank\" rel=\"noreferrer noopener\" aria-label=\"buendnis-gegen-cybermobbing.de (\u00f6ffnet in neuem Tab)\">buendnis-gegen-cybermobbing.de<\/a>.  [su_spacer]<\/p>\n]]>\t\t","protected":false},"excerpt":{"rendered":"<p>\t\t\t\t<![CDATA[Mobbing kann zur Bedrohung der eigenen Pers\u00f6nlichkeit werden. Besonders schlimm ist diese Art von Verleumdung, weil sie 24 Stunden am Tag pr\u00e4sent ist. Betroffene f\u00fchlen sich ohnm\u00e4chtig und machtlos. Dabei ist jetzt schnelles Handeln gefragt.]]>\t\t<\/p>\n","protected":false},"author":58,"featured_media":10941,"comment_status":"closed","ping_status":"closed","sticky":false,"template":"","format":"standard","meta":{"footnotes":""},"categories":[118],"tags":[499,1267,4690,5401,5758,8140,8767],"class_list":{"0":"post-10933","1":"post","2":"type-post","3":"status-publish","4":"format-standard","5":"has-post-thumbnail","7":"category-im-fokus","8":"tag-angst","9":"tag-beschimpfungen","10":"tag-kommunikation","11":"tag-macht","12":"tag-mobbing","13":"tag-taeter","14":"tag-verleumdung"},"yoast_head":"<!-- This site is optimized with the Yoast SEO plugin v23.5 - https:\/\/yoast.com\/wordpress\/plugins\/seo\/ -->\n<title>Cybermobbing - das k\u00f6nnen Sie sofort tun \/ Euro Akademie Magazin<\/title>\n<meta name=\"description\" content=\"Cybermobbing kann zur Bedrohung der eigenen Pers\u00f6nlichkeit werden. Betroffene f\u00fchlen sich ohnm\u00e4chtig und machtlos. Jetzt ist schnelles Handeln gefragt.\" \/>\n<meta name=\"robots\" content=\"index, follow, max-snippet:-1, max-image-preview:large, max-video-preview:-1\" \/>\n<link rel=\"canonical\" href=\"https:\/\/www.euroakademie.de\/magazin\/cybermobbing-das-koennen-sie-sofort-tun\/\" \/>\n<meta property=\"og:locale\" content=\"de_DE\" \/>\n<meta property=\"og:type\" content=\"article\" \/>\n<meta property=\"og:title\" content=\"Cybermobbing - das k\u00f6nnen Sie sofort tun \/ Euro Akademie Magazin\" \/>\n<meta property=\"og:description\" content=\"Cybermobbing kann zur Bedrohung der eigenen Pers\u00f6nlichkeit werden. Betroffene f\u00fchlen sich ohnm\u00e4chtig und machtlos. Jetzt ist schnelles Handeln gefragt.\" \/>\n<meta property=\"og:url\" content=\"https:\/\/www.euroakademie.de\/magazin\/cybermobbing-das-koennen-sie-sofort-tun\/\" \/>\n<meta property=\"og:site_name\" content=\"Das Euro Akademie Magazin\" \/>\n<meta property=\"article:published_time\" content=\"2019-06-24T06:20:57+00:00\" \/>\n<meta property=\"og:image\" content=\"https:\/\/www.euroakademie.de\/magazin\/wp-content\/uploads\/2019\/06\/shutterstock_1321669559_702x336_web.jpg\" \/>\n\t<meta property=\"og:image:width\" content=\"702\" \/>\n\t<meta property=\"og:image:height\" content=\"336\" \/>\n\t<meta property=\"og:image:type\" content=\"image\/jpeg\" \/>\n<meta name=\"author\" content=\"Tanja H\u00f6fling\" \/>\n<meta name=\"twitter:card\" content=\"summary_large_image\" \/>\n<meta name=\"twitter:label1\" content=\"Verfasst von\" \/>\n\t<meta name=\"twitter:data1\" content=\"Tanja H\u00f6fling\" \/>\n\t<meta name=\"twitter:label2\" content=\"Gesch\u00e4tzte Lesezeit\" \/>\n\t<meta name=\"twitter:data2\" content=\"4\u00a0Minuten\" \/>\n<script type=\"application\/ld+json\" class=\"yoast-schema-graph\">{\"@context\":\"https:\/\/schema.org\",\"@graph\":[{\"@type\":\"Article\",\"@id\":\"https:\/\/www.euroakademie.de\/magazin\/cybermobbing-das-koennen-sie-sofort-tun\/#article\",\"isPartOf\":{\"@id\":\"https:\/\/www.euroakademie.de\/magazin\/cybermobbing-das-koennen-sie-sofort-tun\/\"},\"author\":{\"name\":\"Tanja H\u00f6fling\",\"@id\":\"https:\/\/www.euroakademie.de\/magazin\/#\/schema\/person\/2c0d3896d19e86373c87f4ac022d4919\"},\"headline\":\"Cybermobbing \u2013 das k\u00f6nnen Sie sofort tun\",\"datePublished\":\"2019-06-24T06:20:57+00:00\",\"dateModified\":\"2019-06-24T06:20:57+00:00\",\"mainEntityOfPage\":{\"@id\":\"https:\/\/www.euroakademie.de\/magazin\/cybermobbing-das-koennen-sie-sofort-tun\/\"},\"wordCount\":847,\"publisher\":{\"@id\":\"https:\/\/www.euroakademie.de\/magazin\/#organization\"},\"image\":{\"@id\":\"https:\/\/www.euroakademie.de\/magazin\/cybermobbing-das-koennen-sie-sofort-tun\/#primaryimage\"},\"thumbnailUrl\":\"https:\/\/www.euroakademie.de\/magazin\/wp-content\/uploads\/2019\/06\/shutterstock_1321669559_702x336_web.jpg\",\"keywords\":[\"Angst\",\"Beschimpfungen\",\"Kommunikation\",\"Macht\",\"Mobbing\",\"T\u00e4ter\",\"Verleumdung\"],\"articleSection\":[\"Im Fokus\"],\"inLanguage\":\"de\"},{\"@type\":\"WebPage\",\"@id\":\"https:\/\/www.euroakademie.de\/magazin\/cybermobbing-das-koennen-sie-sofort-tun\/\",\"url\":\"https:\/\/www.euroakademie.de\/magazin\/cybermobbing-das-koennen-sie-sofort-tun\/\",\"name\":\"Cybermobbing - das k\u00f6nnen Sie sofort tun \/ Euro Akademie Magazin\",\"isPartOf\":{\"@id\":\"https:\/\/www.euroakademie.de\/magazin\/#website\"},\"primaryImageOfPage\":{\"@id\":\"https:\/\/www.euroakademie.de\/magazin\/cybermobbing-das-koennen-sie-sofort-tun\/#primaryimage\"},\"image\":{\"@id\":\"https:\/\/www.euroakademie.de\/magazin\/cybermobbing-das-koennen-sie-sofort-tun\/#primaryimage\"},\"thumbnailUrl\":\"https:\/\/www.euroakademie.de\/magazin\/wp-content\/uploads\/2019\/06\/shutterstock_1321669559_702x336_web.jpg\",\"datePublished\":\"2019-06-24T06:20:57+00:00\",\"dateModified\":\"2019-06-24T06:20:57+00:00\",\"description\":\"Cybermobbing kann zur Bedrohung der eigenen Pers\u00f6nlichkeit werden. Betroffene f\u00fchlen sich ohnm\u00e4chtig und machtlos. Jetzt ist schnelles Handeln gefragt.\",\"breadcrumb\":{\"@id\":\"https:\/\/www.euroakademie.de\/magazin\/cybermobbing-das-koennen-sie-sofort-tun\/#breadcrumb\"},\"inLanguage\":\"de\",\"potentialAction\":[{\"@type\":\"ReadAction\",\"target\":[\"https:\/\/www.euroakademie.de\/magazin\/cybermobbing-das-koennen-sie-sofort-tun\/\"]}]},{\"@type\":\"ImageObject\",\"inLanguage\":\"de\",\"@id\":\"https:\/\/www.euroakademie.de\/magazin\/cybermobbing-das-koennen-sie-sofort-tun\/#primaryimage\",\"url\":\"https:\/\/www.euroakademie.de\/magazin\/wp-content\/uploads\/2019\/06\/shutterstock_1321669559_702x336_web.jpg\",\"contentUrl\":\"https:\/\/www.euroakademie.de\/magazin\/wp-content\/uploads\/2019\/06\/shutterstock_1321669559_702x336_web.jpg\",\"width\":702,\"height\":336,\"caption\":\"\"},{\"@type\":\"BreadcrumbList\",\"@id\":\"https:\/\/www.euroakademie.de\/magazin\/cybermobbing-das-koennen-sie-sofort-tun\/#breadcrumb\",\"itemListElement\":[{\"@type\":\"ListItem\",\"position\":1,\"name\":\"Startseite\",\"item\":\"https:\/\/www.euroakademie.de\/magazin\/\"},{\"@type\":\"ListItem\",\"position\":2,\"name\":\"Cybermobbing \u2013 das k\u00f6nnen Sie sofort tun\"}]},{\"@type\":\"WebSite\",\"@id\":\"https:\/\/www.euroakademie.de\/magazin\/#website\",\"url\":\"https:\/\/www.euroakademie.de\/magazin\/\",\"name\":\"Das Euro Akademie Magazin\",\"description\":\"Gut informiert durch Ausbildung und Studium\",\"publisher\":{\"@id\":\"https:\/\/www.euroakademie.de\/magazin\/#organization\"},\"potentialAction\":[{\"@type\":\"SearchAction\",\"target\":{\"@type\":\"EntryPoint\",\"urlTemplate\":\"https:\/\/www.euroakademie.de\/magazin\/?s={search_term_string}\"},\"query-input\":{\"@type\":\"PropertyValueSpecification\",\"valueRequired\":true,\"valueName\":\"search_term_string\"}}],\"inLanguage\":\"de\"},{\"@type\":\"Organization\",\"@id\":\"https:\/\/www.euroakademie.de\/magazin\/#organization\",\"name\":\"ESO Education Group\",\"url\":\"https:\/\/www.euroakademie.de\/magazin\/\",\"logo\":{\"@type\":\"ImageObject\",\"inLanguage\":\"de\",\"@id\":\"https:\/\/www.euroakademie.de\/magazin\/#\/schema\/logo\/image\/\",\"url\":\"https:\/\/relaunch.euroakademie.de\/magazin\/wp-content\/uploads\/2024\/11\/Logo_EA_negativ_Rahmen_5cm_300dpi_RGB.jpg\",\"contentUrl\":\"https:\/\/relaunch.euroakademie.de\/magazin\/wp-content\/uploads\/2024\/11\/Logo_EA_negativ_Rahmen_5cm_300dpi_RGB.jpg\",\"width\":591,\"height\":236,\"caption\":\"ESO Education Group\"},\"image\":{\"@id\":\"https:\/\/www.euroakademie.de\/magazin\/#\/schema\/logo\/image\/\"}},{\"@type\":\"Person\",\"@id\":\"https:\/\/www.euroakademie.de\/magazin\/#\/schema\/person\/2c0d3896d19e86373c87f4ac022d4919\",\"name\":\"Tanja H\u00f6fling\",\"description\":\"Von Juli 2017 bis Juli 2022 informierte die ehemalige Online-Redakteurin des Euro Akademie Magazins regelm\u00e4\u00dfig \u00fcber Aktuelles und Wissenswertes zu den Themen Ausbildung, Studium und Beruf.\",\"url\":\"https:\/\/www.euroakademie.de\/magazin\/author\/hoeflingt\/\"}]}<\/script>\n<!-- \/ Yoast SEO plugin. -->","yoast_head_json":{"title":"Cybermobbing - das k\u00f6nnen Sie sofort tun \/ Euro Akademie Magazin","description":"Cybermobbing kann zur Bedrohung der eigenen Pers\u00f6nlichkeit werden. Betroffene f\u00fchlen sich ohnm\u00e4chtig und machtlos. Jetzt ist schnelles Handeln gefragt.","robots":{"index":"index","follow":"follow","max-snippet":"max-snippet:-1","max-image-preview":"max-image-preview:large","max-video-preview":"max-video-preview:-1"},"canonical":"https:\/\/www.euroakademie.de\/magazin\/cybermobbing-das-koennen-sie-sofort-tun\/","og_locale":"de_DE","og_type":"article","og_title":"Cybermobbing - das k\u00f6nnen Sie sofort tun \/ Euro Akademie Magazin","og_description":"Cybermobbing kann zur Bedrohung der eigenen Pers\u00f6nlichkeit werden. Betroffene f\u00fchlen sich ohnm\u00e4chtig und machtlos. Jetzt ist schnelles Handeln gefragt.","og_url":"https:\/\/www.euroakademie.de\/magazin\/cybermobbing-das-koennen-sie-sofort-tun\/","og_site_name":"Das Euro Akademie Magazin","article_published_time":"2019-06-24T06:20:57+00:00","og_image":[{"width":702,"height":336,"url":"https:\/\/www.euroakademie.de\/magazin\/wp-content\/uploads\/2019\/06\/shutterstock_1321669559_702x336_web.jpg","type":"image\/jpeg"}],"author":"Tanja H\u00f6fling","twitter_card":"summary_large_image","twitter_misc":{"Verfasst von":"Tanja H\u00f6fling","Gesch\u00e4tzte Lesezeit":"4\u00a0Minuten"},"schema":{"@context":"https:\/\/schema.org","@graph":[{"@type":"Article","@id":"https:\/\/www.euroakademie.de\/magazin\/cybermobbing-das-koennen-sie-sofort-tun\/#article","isPartOf":{"@id":"https:\/\/www.euroakademie.de\/magazin\/cybermobbing-das-koennen-sie-sofort-tun\/"},"author":{"name":"Tanja H\u00f6fling","@id":"https:\/\/www.euroakademie.de\/magazin\/#\/schema\/person\/2c0d3896d19e86373c87f4ac022d4919"},"headline":"Cybermobbing \u2013 das k\u00f6nnen Sie sofort tun","datePublished":"2019-06-24T06:20:57+00:00","dateModified":"2019-06-24T06:20:57+00:00","mainEntityOfPage":{"@id":"https:\/\/www.euroakademie.de\/magazin\/cybermobbing-das-koennen-sie-sofort-tun\/"},"wordCount":847,"publisher":{"@id":"https:\/\/www.euroakademie.de\/magazin\/#organization"},"image":{"@id":"https:\/\/www.euroakademie.de\/magazin\/cybermobbing-das-koennen-sie-sofort-tun\/#primaryimage"},"thumbnailUrl":"https:\/\/www.euroakademie.de\/magazin\/wp-content\/uploads\/2019\/06\/shutterstock_1321669559_702x336_web.jpg","keywords":["Angst","Beschimpfungen","Kommunikation","Macht","Mobbing","T\u00e4ter","Verleumdung"],"articleSection":["Im Fokus"],"inLanguage":"de"},{"@type":"WebPage","@id":"https:\/\/www.euroakademie.de\/magazin\/cybermobbing-das-koennen-sie-sofort-tun\/","url":"https:\/\/www.euroakademie.de\/magazin\/cybermobbing-das-koennen-sie-sofort-tun\/","name":"Cybermobbing - das k\u00f6nnen Sie sofort tun \/ Euro Akademie Magazin","isPartOf":{"@id":"https:\/\/www.euroakademie.de\/magazin\/#website"},"primaryImageOfPage":{"@id":"https:\/\/www.euroakademie.de\/magazin\/cybermobbing-das-koennen-sie-sofort-tun\/#primaryimage"},"image":{"@id":"https:\/\/www.euroakademie.de\/magazin\/cybermobbing-das-koennen-sie-sofort-tun\/#primaryimage"},"thumbnailUrl":"https:\/\/www.euroakademie.de\/magazin\/wp-content\/uploads\/2019\/06\/shutterstock_1321669559_702x336_web.jpg","datePublished":"2019-06-24T06:20:57+00:00","dateModified":"2019-06-24T06:20:57+00:00","description":"Cybermobbing kann zur Bedrohung der eigenen Pers\u00f6nlichkeit werden. Betroffene f\u00fchlen sich ohnm\u00e4chtig und machtlos. Jetzt ist schnelles Handeln gefragt.","breadcrumb":{"@id":"https:\/\/www.euroakademie.de\/magazin\/cybermobbing-das-koennen-sie-sofort-tun\/#breadcrumb"},"inLanguage":"de","potentialAction":[{"@type":"ReadAction","target":["https:\/\/www.euroakademie.de\/magazin\/cybermobbing-das-koennen-sie-sofort-tun\/"]}]},{"@type":"ImageObject","inLanguage":"de","@id":"https:\/\/www.euroakademie.de\/magazin\/cybermobbing-das-koennen-sie-sofort-tun\/#primaryimage","url":"https:\/\/www.euroakademie.de\/magazin\/wp-content\/uploads\/2019\/06\/shutterstock_1321669559_702x336_web.jpg","contentUrl":"https:\/\/www.euroakademie.de\/magazin\/wp-content\/uploads\/2019\/06\/shutterstock_1321669559_702x336_web.jpg","width":702,"height":336,"caption":""},{"@type":"BreadcrumbList","@id":"https:\/\/www.euroakademie.de\/magazin\/cybermobbing-das-koennen-sie-sofort-tun\/#breadcrumb","itemListElement":[{"@type":"ListItem","position":1,"name":"Startseite","item":"https:\/\/www.euroakademie.de\/magazin\/"},{"@type":"ListItem","position":2,"name":"Cybermobbing \u2013 das k\u00f6nnen Sie sofort tun"}]},{"@type":"WebSite","@id":"https:\/\/www.euroakademie.de\/magazin\/#website","url":"https:\/\/www.euroakademie.de\/magazin\/","name":"Das Euro Akademie Magazin","description":"Gut informiert durch Ausbildung und Studium","publisher":{"@id":"https:\/\/www.euroakademie.de\/magazin\/#organization"},"potentialAction":[{"@type":"SearchAction","target":{"@type":"EntryPoint","urlTemplate":"https:\/\/www.euroakademie.de\/magazin\/?s={search_term_string}"},"query-input":{"@type":"PropertyValueSpecification","valueRequired":true,"valueName":"search_term_string"}}],"inLanguage":"de"},{"@type":"Organization","@id":"https:\/\/www.euroakademie.de\/magazin\/#organization","name":"ESO Education Group","url":"https:\/\/www.euroakademie.de\/magazin\/","logo":{"@type":"ImageObject","inLanguage":"de","@id":"https:\/\/www.euroakademie.de\/magazin\/#\/schema\/logo\/image\/","url":"https:\/\/relaunch.euroakademie.de\/magazin\/wp-content\/uploads\/2024\/11\/Logo_EA_negativ_Rahmen_5cm_300dpi_RGB.jpg","contentUrl":"https:\/\/relaunch.euroakademie.de\/magazin\/wp-content\/uploads\/2024\/11\/Logo_EA_negativ_Rahmen_5cm_300dpi_RGB.jpg","width":591,"height":236,"caption":"ESO Education Group"},"image":{"@id":"https:\/\/www.euroakademie.de\/magazin\/#\/schema\/logo\/image\/"}},{"@type":"Person","@id":"https:\/\/www.euroakademie.de\/magazin\/#\/schema\/person\/2c0d3896d19e86373c87f4ac022d4919","name":"Tanja H\u00f6fling","description":"Von Juli 2017 bis Juli 2022 informierte die ehemalige Online-Redakteurin des Euro Akademie Magazins regelm\u00e4\u00dfig \u00fcber Aktuelles und Wissenswertes zu den Themen Ausbildung, Studium und Beruf.","url":"https:\/\/www.euroakademie.de\/magazin\/author\/hoeflingt\/"}]}},"_links":{"self":[{"href":"https:\/\/www.euroakademie.de\/magazin\/wp-json\/wp\/v2\/posts\/10933","targetHints":{"allow":["GET"]}}],"collection":[{"href":"https:\/\/www.euroakademie.de\/magazin\/wp-json\/wp\/v2\/posts"}],"about":[{"href":"https:\/\/www.euroakademie.de\/magazin\/wp-json\/wp\/v2\/types\/post"}],"author":[{"embeddable":true,"href":"https:\/\/www.euroakademie.de\/magazin\/wp-json\/wp\/v2\/users\/58"}],"replies":[{"embeddable":true,"href":"https:\/\/www.euroakademie.de\/magazin\/wp-json\/wp\/v2\/comments?post=10933"}],"version-history":[{"count":0,"href":"https:\/\/www.euroakademie.de\/magazin\/wp-json\/wp\/v2\/posts\/10933\/revisions"}],"wp:featuredmedia":[{"embeddable":true,"href":"https:\/\/www.euroakademie.de\/magazin\/wp-json\/wp\/v2\/media\/10941"}],"wp:attachment":[{"href":"https:\/\/www.euroakademie.de\/magazin\/wp-json\/wp\/v2\/media?parent=10933"}],"wp:term":[{"taxonomy":"category","embeddable":true,"href":"https:\/\/www.euroakademie.de\/magazin\/wp-json\/wp\/v2\/categories?post=10933"},{"taxonomy":"post_tag","embeddable":true,"href":"https:\/\/www.euroakademie.de\/magazin\/wp-json\/wp\/v2\/tags?post=10933"}],"curies":[{"name":"wp","href":"https:\/\/api.w.org\/{rel}","templated":true}]}}