{"id":11087,"date":"2019-07-15T11:36:44","date_gmt":"2019-07-15T09:36:44","guid":{"rendered":"https:\/\/www.euroakademie.de\/magazin\/?p=11087"},"modified":"2025-06-18T15:34:48","modified_gmt":"2025-06-18T13:34:48","slug":"roboter-in-der-pflege","status":"publish","type":"post","link":"https:\/\/www.euroakademie.de\/magazin\/roboter-in-der-pflege\/","title":{"rendered":"Roboter \u2013 die neuen Mitarbeiter im Altenheim"},"content":{"rendered":"\n\t\t\t\t<![CDATA[\n<p><strong>Robbie arbeitet in einem Siegener Altenheim. Er nimmt sich viel Zeit f\u00fcr die Senioren, redet und scherzt mit ihnen und verdr\u00e4ngt Einsamkeit und Langeweile. Mit Quizfragen h\u00e4lt er sie auf Trab: Robbie ahmt zum Beispiel Tierger\u00e4usche nach und l\u00e4sst die Bewohner raten. Und musikalisch ist der Kleine auch! Wenn Robbie loslegt und \u201eAn der Nordseek\u00fcste\u201c zum Besten gibt, freuen sich die Senioren, singen, tanzen und klatschen. Das alles w\u00e4re vielleicht nicht verwunderlich, wenn Robbie irgendein Mitarbeiter w\u00e4re. Doch Robbie ist kein normaler Pfleger \u2013 er ist ein Roboter.<\/strong><\/p>\n\n\n\n<p>Wir lernen den mechanischen Altenpfleger im MOMA-Report <a rel=\"noreferrer noopener\" aria-label=\" (\u00f6ffnet in neuem Tab)\" href=\"http:\/\/mediathek.daserste.de\/Morgenmagazin\/MOMA-Reporter-Pflege-Roboter-im-Altenhe\/Video?bcastId=435054&amp;documentId=55796642\" target=\"_blank\">\u201ePflege-Roboter im Altenheim\u201c<\/a> kennen. Doch auch seine Kollegen Pepper, Emma und Wilma werden schon in deutschen Altenheimen getestet. Und offensichtlich kommen sie sehr gut an: die Senioren sind ganz begeistert von den \u201ekleinen Kerlchen\u201c. <\/p>\n\n\n\n<h2 class=\"wp-block-heading\"><strong>Zuh\u00f6rer, Quizmaster und Entertainer<\/strong><\/h2>\n\n\n\n<p>Die Roboter haben menschliche Z\u00fcge und wirken mit ihren gro\u00dfen Augen und der niedlichen Stimme richtig knuffig \u2013 damit niemand Angst vor ihnen hat. In erster Linie sind sie daf\u00fcr da, die Senioren zu unterhalten. Durch ihre Sensoren k\u00f6nnen sie sich frei im Raum bewegen und mit den Menschen interagieren. So verstehen sie einfache S\u00e4tze, k\u00f6nnen Fragen beantworten, merken sich Gesichter und erkennen die Gespr\u00e4chspartner wieder. Auf dem Tablet, das sie vor der Brust tragen, kann man Quiz- und Reaktionsspiele spielen \u2013 besonders f\u00fcr <a rel=\"noreferrer noopener\" aria-label=\"Demenzkranke (\u00f6ffnet in neuem Tab)\" href=\"https:\/\/www.euroakademie.de\/magazin\/demenzpraevention-gehirntraining-mit-alexa\/\" target=\"_blank\">Demenzkranke<\/a> eine gute \u00dcbung, um geistig fit zu bleiben. <a href=\"https:\/\/www.youtube.com\/watch?v=M2llXxf5G34\" target=\"_blank\" rel=\"noreferrer noopener\" aria-label=\"Au\u00dferdem spielen sie Musik ab, tanzen und leiten sogar Sport\u00fcbungen an.  (\u00f6ffnet in neuem Tab)\">Au\u00dferdem spielen sie Musik ab, tanzen und leiten sogar Sport\u00fcbungen an. <\/a><\/p>\n\n\n\n<h2 class=\"wp-block-heading\"><strong>Die Grenzen der Technik<\/strong><\/h2>\n\n\n\n<p>Unser Robbie\nmag unterhaltsam sein, der perfekte Pfleger ist er aber nicht. Alles, was der\nRoboter sagt, mussten die Programmierer vorher eingeben \u2013 ein echtes Gespr\u00e4ch\nmit einem Menschen aus Fleisch und Blut kann er also nicht ersetzen. Und da\ngibt es noch so viele andere Aufgaben, die Pflegefachkr\u00e4fte t\u00e4glich erf\u00fcllen: waschen,\numlagern, f\u00fcttern, Verb\u00e4nde wechseln, Medikamente verabreichen. Alles Dinge,\ndie Robbie (noch) nicht kann. Und zum Teil auch gar nicht darf: Die\nTablettenausgabe zum Beispiel ist f\u00fcr ihn versicherungsvertraglich ein Tabu \u2013\ner darf die Senioren nur an die Einnahme der Medikamente erinnern.<\/p>\n\n\n\n<h2 class=\"wp-block-heading\"><strong>Ethische Herausforderungen<\/strong><\/h2>\n\n\n\n<p>Auch der Deutsche Ethikrat hat sich dem Thema angenommen und seine Jahrestagung im Juni 2019 unter das Motto \u201ePflege \u2013 Roboter \u2013 Ethik. Ethische Herausforderungen der Technisierung der Pflege\u201c gestellt. Denn der Einsatz von Pflegerobotern wirft auch ethische Konflikte auf. Ein Beispiel ist die Frage der Privatheit. Damit ein Roboter \u201esehen\u201c kann, muss er mit einer Kamera ausgestattet sein. Und auch seine Sensoren produzieren nat\u00fcrlich durchgehend Daten. Wenn die Roboter in Zukunft in deutschlandweit eingesetzt werden sollen, wom\u00f6glich auch zur K\u00f6rperpflege der Senioren, herrscht hier dringend Handlungsbedarf. Sonst k\u00f6nnen intime Momente, die oft auch mit Scham verbunden sind, einfach gespeichert werden \u2013 ohne klare Grundlagen f\u00fcr die Nutzung der Daten. Die Ethikerin Ammicht Quinn warnt au\u00dferdem davor, dem <a rel=\"noreferrer noopener\" aria-label=\"Pflegenotstand (\u00f6ffnet in neuem Tab)\" href=\"https:\/\/www.euroakademie.de\/magazin\/fachkraeftemangel-in-der-altenpflege-wir-werden-weniger-aelter-und-bunter\/\" target=\"_blank\">Pflegenotstand<\/a> nur mit Technik entgegenzutreten. \u201eMomentan haben wir die paradoxe Situation, dass Roboter trainiert werden, um m\u00f6glichst menschen\u00e4hnlich zu funktionieren, w\u00e4hrend das Pflegepersonal immer wieder gezwungen wird, eher roboter\u00e4hnlich die Arbeit zu verrichten: effizient, zeitgebunden, quantifizierbar\u201c, mahnt sie im Interview mit dem ZDF. <\/p>\n\n\n\n<h2 class=\"wp-block-heading\"><strong>Werden Pflegekr\u00e4fte jetzt durch\nRoboter ersetzt?<\/strong><\/h2>\n\n\n\n<p>Um es kurz zu\nmachen: Nein. Und das ist auch nicht das Ziel. Die Robotik-Forschung macht zwar\nrasante Fortschritte. Die Pflegeroboter sollen aber nur unterst\u00fctzend wirken\nund das Personal entlasten. In den n\u00e4chsten Jahren k\u00f6nnten sie immer mehr\nRoutineaufgaben \u00fcbernehmen. So bleibt den Pflegern mehr Zeit f\u00fcr Aktivit\u00e4ten,\nGespr\u00e4che oder Spazierg\u00e4nge mit den Senioren. Denn selbst wenn man Robbie\nfreundlich, geduldig und verst\u00e4ndnisvoll programmieren kann \u2013 echte menschliche\nGef\u00fchle wird er nie ersetzen k\u00f6nnen.<\/p>\n\n\n<p>[su_spacer]<\/p>\n]]>\t\t","protected":false},"excerpt":{"rendered":"<p>\t\t\t\t<![CDATA[Sind Pflegeroboter die Zukunft? Robbie, Pepper und Wilma k\u00f6nnten das Personal unterst\u00fctzen und entlasten. In einigen Altenheimen werden die Roboter bereits getestet. ]]>\t\t<\/p>\n","protected":false},"author":76,"featured_media":11092,"comment_status":"closed","ping_status":"closed","sticky":false,"template":"","format":"standard","meta":{"footnotes":""},"categories":[82,16,118],"tags":[415,418,430,2086,2089,6364,6385,6433,7012,7015,9487],"class_list":{"0":"post-11087","1":"post","2":"type-post","3":"status-publish","4":"format-standard","5":"has-post-thumbnail","7":"category-branchennews","8":"category-gesundheit-pflege","9":"category-im-fokus","10":"tag-altenheim","11":"tag-altenpflege","12":"tag-altenpfleger","13":"tag-digitalisierung","14":"tag-digitalisierung-in-der-pflege","15":"tag-pflege","16":"tag-pflegeberufe","17":"tag-pflegekraefte","18":"tag-roboter","19":"tag-robotic","20":"tag-zukunft"},"yoast_head":"<!-- This site is optimized with the Yoast SEO plugin v23.5 - https:\/\/yoast.com\/wordpress\/plugins\/seo\/ -->\n<title>Roboter \u2013 die neuen Mitarbeiter im Altenheim \/ Euro Akademie Magazin<\/title>\n<meta name=\"description\" content=\"Sind Pflegeroboter die Zukunft? Robbie, Pepper und Wilma k\u00f6nnten das Personal entlasten. In einigen Altenheimen werden die Roboter bereits getestet.\" \/>\n<meta name=\"robots\" content=\"index, follow, max-snippet:-1, max-image-preview:large, max-video-preview:-1\" \/>\n<link rel=\"canonical\" href=\"https:\/\/www.euroakademie.de\/magazin\/roboter-in-der-pflege\/\" \/>\n<meta property=\"og:locale\" content=\"de_DE\" \/>\n<meta property=\"og:type\" content=\"article\" \/>\n<meta property=\"og:title\" content=\"Roboter \u2013 die neuen Mitarbeiter im Altenheim \/ Euro Akademie Magazin\" \/>\n<meta property=\"og:description\" content=\"Sind Pflegeroboter die Zukunft? Robbie, Pepper und Wilma k\u00f6nnten das Personal entlasten. In einigen Altenheimen werden die Roboter bereits getestet.\" \/>\n<meta property=\"og:url\" content=\"https:\/\/www.euroakademie.de\/magazin\/roboter-in-der-pflege\/\" \/>\n<meta property=\"og:site_name\" content=\"Das Euro Akademie Magazin\" \/>\n<meta property=\"article:published_time\" content=\"2019-07-15T09:36:44+00:00\" \/>\n<meta property=\"article:modified_time\" content=\"2025-06-18T13:34:48+00:00\" \/>\n<meta property=\"og:image\" content=\"https:\/\/www.euroakademie.de\/magazin\/wp-content\/uploads\/2019\/07\/titelbild_roboter.jpg\" \/>\n\t<meta property=\"og:image:width\" content=\"702\" \/>\n\t<meta property=\"og:image:height\" content=\"354\" \/>\n\t<meta property=\"og:image:type\" content=\"image\/jpeg\" \/>\n<meta name=\"author\" content=\"Anna R\u00fcppel\" \/>\n<meta name=\"twitter:card\" content=\"summary_large_image\" \/>\n<meta name=\"twitter:label1\" content=\"Verfasst von\" \/>\n\t<meta name=\"twitter:data1\" content=\"Anna R\u00fcppel\" \/>\n\t<meta name=\"twitter:label2\" content=\"Gesch\u00e4tzte Lesezeit\" \/>\n\t<meta name=\"twitter:data2\" content=\"3\u00a0Minuten\" \/>\n<script type=\"application\/ld+json\" class=\"yoast-schema-graph\">{\"@context\":\"https:\/\/schema.org\",\"@graph\":[{\"@type\":\"Article\",\"@id\":\"https:\/\/www.euroakademie.de\/magazin\/roboter-in-der-pflege\/#article\",\"isPartOf\":{\"@id\":\"https:\/\/www.euroakademie.de\/magazin\/roboter-in-der-pflege\/\"},\"author\":{\"name\":\"Anna R\u00fcppel\",\"@id\":\"https:\/\/www.euroakademie.de\/magazin\/#\/schema\/person\/60fedb6ea7279f88d9086938e970d05e\"},\"headline\":\"Roboter \u2013 die neuen Mitarbeiter im Altenheim\",\"datePublished\":\"2019-07-15T09:36:44+00:00\",\"dateModified\":\"2025-06-18T13:34:48+00:00\",\"mainEntityOfPage\":{\"@id\":\"https:\/\/www.euroakademie.de\/magazin\/roboter-in-der-pflege\/\"},\"wordCount\":623,\"publisher\":{\"@id\":\"https:\/\/www.euroakademie.de\/magazin\/#organization\"},\"image\":{\"@id\":\"https:\/\/www.euroakademie.de\/magazin\/roboter-in-der-pflege\/#primaryimage\"},\"thumbnailUrl\":\"https:\/\/www.euroakademie.de\/magazin\/wp-content\/uploads\/2019\/07\/titelbild_roboter.jpg\",\"keywords\":[\"Altenheim\",\"Altenpflege\",\"Altenpfleger\",\"Digitalisierung\",\"Digitalisierung in der Pflege\",\"Pflege\",\"Pflegeberufe\",\"Pflegekr\u00e4fte\",\"Roboter\",\"Robotic\",\"Zukunft\"],\"articleSection\":[\"Branchennews\",\"Gesundheit &amp; Pflege\",\"Im Fokus\"],\"inLanguage\":\"de\"},{\"@type\":\"WebPage\",\"@id\":\"https:\/\/www.euroakademie.de\/magazin\/roboter-in-der-pflege\/\",\"url\":\"https:\/\/www.euroakademie.de\/magazin\/roboter-in-der-pflege\/\",\"name\":\"Roboter \u2013 die neuen Mitarbeiter im Altenheim \/ Euro Akademie Magazin\",\"isPartOf\":{\"@id\":\"https:\/\/www.euroakademie.de\/magazin\/#website\"},\"primaryImageOfPage\":{\"@id\":\"https:\/\/www.euroakademie.de\/magazin\/roboter-in-der-pflege\/#primaryimage\"},\"image\":{\"@id\":\"https:\/\/www.euroakademie.de\/magazin\/roboter-in-der-pflege\/#primaryimage\"},\"thumbnailUrl\":\"https:\/\/www.euroakademie.de\/magazin\/wp-content\/uploads\/2019\/07\/titelbild_roboter.jpg\",\"datePublished\":\"2019-07-15T09:36:44+00:00\",\"dateModified\":\"2025-06-18T13:34:48+00:00\",\"description\":\"Sind Pflegeroboter die Zukunft? Robbie, Pepper und Wilma k\u00f6nnten das Personal entlasten. In einigen Altenheimen werden die Roboter bereits getestet.\",\"breadcrumb\":{\"@id\":\"https:\/\/www.euroakademie.de\/magazin\/roboter-in-der-pflege\/#breadcrumb\"},\"inLanguage\":\"de\",\"potentialAction\":[{\"@type\":\"ReadAction\",\"target\":[\"https:\/\/www.euroakademie.de\/magazin\/roboter-in-der-pflege\/\"]}]},{\"@type\":\"ImageObject\",\"inLanguage\":\"de\",\"@id\":\"https:\/\/www.euroakademie.de\/magazin\/roboter-in-der-pflege\/#primaryimage\",\"url\":\"https:\/\/www.euroakademie.de\/magazin\/wp-content\/uploads\/2019\/07\/titelbild_roboter.jpg\",\"contentUrl\":\"https:\/\/www.euroakademie.de\/magazin\/wp-content\/uploads\/2019\/07\/titelbild_roboter.jpg\",\"width\":702,\"height\":354,\"caption\":\"\"},{\"@type\":\"BreadcrumbList\",\"@id\":\"https:\/\/www.euroakademie.de\/magazin\/roboter-in-der-pflege\/#breadcrumb\",\"itemListElement\":[{\"@type\":\"ListItem\",\"position\":1,\"name\":\"Startseite\",\"item\":\"https:\/\/www.euroakademie.de\/magazin\/\"},{\"@type\":\"ListItem\",\"position\":2,\"name\":\"Roboter \u2013 die neuen Mitarbeiter im Altenheim\"}]},{\"@type\":\"WebSite\",\"@id\":\"https:\/\/www.euroakademie.de\/magazin\/#website\",\"url\":\"https:\/\/www.euroakademie.de\/magazin\/\",\"name\":\"Das Euro Akademie Magazin\",\"description\":\"Gut informiert durch Ausbildung und Studium\",\"publisher\":{\"@id\":\"https:\/\/www.euroakademie.de\/magazin\/#organization\"},\"potentialAction\":[{\"@type\":\"SearchAction\",\"target\":{\"@type\":\"EntryPoint\",\"urlTemplate\":\"https:\/\/www.euroakademie.de\/magazin\/?s={search_term_string}\"},\"query-input\":{\"@type\":\"PropertyValueSpecification\",\"valueRequired\":true,\"valueName\":\"search_term_string\"}}],\"inLanguage\":\"de\"},{\"@type\":\"Organization\",\"@id\":\"https:\/\/www.euroakademie.de\/magazin\/#organization\",\"name\":\"ESO Education Group\",\"url\":\"https:\/\/www.euroakademie.de\/magazin\/\",\"logo\":{\"@type\":\"ImageObject\",\"inLanguage\":\"de\",\"@id\":\"https:\/\/www.euroakademie.de\/magazin\/#\/schema\/logo\/image\/\",\"url\":\"https:\/\/relaunch.euroakademie.de\/magazin\/wp-content\/uploads\/2024\/11\/Logo_EA_negativ_Rahmen_5cm_300dpi_RGB.jpg\",\"contentUrl\":\"https:\/\/relaunch.euroakademie.de\/magazin\/wp-content\/uploads\/2024\/11\/Logo_EA_negativ_Rahmen_5cm_300dpi_RGB.jpg\",\"width\":591,\"height\":236,\"caption\":\"ESO Education Group\"},\"image\":{\"@id\":\"https:\/\/www.euroakademie.de\/magazin\/#\/schema\/logo\/image\/\"}},{\"@type\":\"Person\",\"@id\":\"https:\/\/www.euroakademie.de\/magazin\/#\/schema\/person\/60fedb6ea7279f88d9086938e970d05e\",\"name\":\"Anna R\u00fcppel\",\"description\":\"Anna R\u00fcppel ist mit 1,78 m die Gr\u00f6\u00dfte, wenn es um Ausbildung und Beruf geht. Als Kind war sie kleiner. Von April 2019 bis November 2022 schrieb sie kleinere und gr\u00f6\u00dfere Artikel f\u00fcr das Euro Akademie Magazin.\",\"url\":\"https:\/\/www.euroakademie.de\/magazin\/author\/rueppela\/\"}]}<\/script>\n<!-- \/ Yoast SEO plugin. -->","yoast_head_json":{"title":"Roboter \u2013 die neuen Mitarbeiter im Altenheim \/ Euro Akademie Magazin","description":"Sind Pflegeroboter die Zukunft? Robbie, Pepper und Wilma k\u00f6nnten das Personal entlasten. In einigen Altenheimen werden die Roboter bereits getestet.","robots":{"index":"index","follow":"follow","max-snippet":"max-snippet:-1","max-image-preview":"max-image-preview:large","max-video-preview":"max-video-preview:-1"},"canonical":"https:\/\/www.euroakademie.de\/magazin\/roboter-in-der-pflege\/","og_locale":"de_DE","og_type":"article","og_title":"Roboter \u2013 die neuen Mitarbeiter im Altenheim \/ Euro Akademie Magazin","og_description":"Sind Pflegeroboter die Zukunft? Robbie, Pepper und Wilma k\u00f6nnten das Personal entlasten. In einigen Altenheimen werden die Roboter bereits getestet.","og_url":"https:\/\/www.euroakademie.de\/magazin\/roboter-in-der-pflege\/","og_site_name":"Das Euro Akademie Magazin","article_published_time":"2019-07-15T09:36:44+00:00","article_modified_time":"2025-06-18T13:34:48+00:00","og_image":[{"width":702,"height":354,"url":"https:\/\/www.euroakademie.de\/magazin\/wp-content\/uploads\/2019\/07\/titelbild_roboter.jpg","type":"image\/jpeg"}],"author":"Anna R\u00fcppel","twitter_card":"summary_large_image","twitter_misc":{"Verfasst von":"Anna R\u00fcppel","Gesch\u00e4tzte Lesezeit":"3\u00a0Minuten"},"schema":{"@context":"https:\/\/schema.org","@graph":[{"@type":"Article","@id":"https:\/\/www.euroakademie.de\/magazin\/roboter-in-der-pflege\/#article","isPartOf":{"@id":"https:\/\/www.euroakademie.de\/magazin\/roboter-in-der-pflege\/"},"author":{"name":"Anna R\u00fcppel","@id":"https:\/\/www.euroakademie.de\/magazin\/#\/schema\/person\/60fedb6ea7279f88d9086938e970d05e"},"headline":"Roboter \u2013 die neuen Mitarbeiter im Altenheim","datePublished":"2019-07-15T09:36:44+00:00","dateModified":"2025-06-18T13:34:48+00:00","mainEntityOfPage":{"@id":"https:\/\/www.euroakademie.de\/magazin\/roboter-in-der-pflege\/"},"wordCount":623,"publisher":{"@id":"https:\/\/www.euroakademie.de\/magazin\/#organization"},"image":{"@id":"https:\/\/www.euroakademie.de\/magazin\/roboter-in-der-pflege\/#primaryimage"},"thumbnailUrl":"https:\/\/www.euroakademie.de\/magazin\/wp-content\/uploads\/2019\/07\/titelbild_roboter.jpg","keywords":["Altenheim","Altenpflege","Altenpfleger","Digitalisierung","Digitalisierung in der Pflege","Pflege","Pflegeberufe","Pflegekr\u00e4fte","Roboter","Robotic","Zukunft"],"articleSection":["Branchennews","Gesundheit &amp; Pflege","Im Fokus"],"inLanguage":"de"},{"@type":"WebPage","@id":"https:\/\/www.euroakademie.de\/magazin\/roboter-in-der-pflege\/","url":"https:\/\/www.euroakademie.de\/magazin\/roboter-in-der-pflege\/","name":"Roboter \u2013 die neuen Mitarbeiter im Altenheim \/ Euro Akademie Magazin","isPartOf":{"@id":"https:\/\/www.euroakademie.de\/magazin\/#website"},"primaryImageOfPage":{"@id":"https:\/\/www.euroakademie.de\/magazin\/roboter-in-der-pflege\/#primaryimage"},"image":{"@id":"https:\/\/www.euroakademie.de\/magazin\/roboter-in-der-pflege\/#primaryimage"},"thumbnailUrl":"https:\/\/www.euroakademie.de\/magazin\/wp-content\/uploads\/2019\/07\/titelbild_roboter.jpg","datePublished":"2019-07-15T09:36:44+00:00","dateModified":"2025-06-18T13:34:48+00:00","description":"Sind Pflegeroboter die Zukunft? Robbie, Pepper und Wilma k\u00f6nnten das Personal entlasten. In einigen Altenheimen werden die Roboter bereits getestet.","breadcrumb":{"@id":"https:\/\/www.euroakademie.de\/magazin\/roboter-in-der-pflege\/#breadcrumb"},"inLanguage":"de","potentialAction":[{"@type":"ReadAction","target":["https:\/\/www.euroakademie.de\/magazin\/roboter-in-der-pflege\/"]}]},{"@type":"ImageObject","inLanguage":"de","@id":"https:\/\/www.euroakademie.de\/magazin\/roboter-in-der-pflege\/#primaryimage","url":"https:\/\/www.euroakademie.de\/magazin\/wp-content\/uploads\/2019\/07\/titelbild_roboter.jpg","contentUrl":"https:\/\/www.euroakademie.de\/magazin\/wp-content\/uploads\/2019\/07\/titelbild_roboter.jpg","width":702,"height":354,"caption":""},{"@type":"BreadcrumbList","@id":"https:\/\/www.euroakademie.de\/magazin\/roboter-in-der-pflege\/#breadcrumb","itemListElement":[{"@type":"ListItem","position":1,"name":"Startseite","item":"https:\/\/www.euroakademie.de\/magazin\/"},{"@type":"ListItem","position":2,"name":"Roboter \u2013 die neuen Mitarbeiter im Altenheim"}]},{"@type":"WebSite","@id":"https:\/\/www.euroakademie.de\/magazin\/#website","url":"https:\/\/www.euroakademie.de\/magazin\/","name":"Das Euro Akademie Magazin","description":"Gut informiert durch Ausbildung und Studium","publisher":{"@id":"https:\/\/www.euroakademie.de\/magazin\/#organization"},"potentialAction":[{"@type":"SearchAction","target":{"@type":"EntryPoint","urlTemplate":"https:\/\/www.euroakademie.de\/magazin\/?s={search_term_string}"},"query-input":{"@type":"PropertyValueSpecification","valueRequired":true,"valueName":"search_term_string"}}],"inLanguage":"de"},{"@type":"Organization","@id":"https:\/\/www.euroakademie.de\/magazin\/#organization","name":"ESO Education Group","url":"https:\/\/www.euroakademie.de\/magazin\/","logo":{"@type":"ImageObject","inLanguage":"de","@id":"https:\/\/www.euroakademie.de\/magazin\/#\/schema\/logo\/image\/","url":"https:\/\/relaunch.euroakademie.de\/magazin\/wp-content\/uploads\/2024\/11\/Logo_EA_negativ_Rahmen_5cm_300dpi_RGB.jpg","contentUrl":"https:\/\/relaunch.euroakademie.de\/magazin\/wp-content\/uploads\/2024\/11\/Logo_EA_negativ_Rahmen_5cm_300dpi_RGB.jpg","width":591,"height":236,"caption":"ESO Education Group"},"image":{"@id":"https:\/\/www.euroakademie.de\/magazin\/#\/schema\/logo\/image\/"}},{"@type":"Person","@id":"https:\/\/www.euroakademie.de\/magazin\/#\/schema\/person\/60fedb6ea7279f88d9086938e970d05e","name":"Anna R\u00fcppel","description":"Anna R\u00fcppel ist mit 1,78 m die Gr\u00f6\u00dfte, wenn es um Ausbildung und Beruf geht. Als Kind war sie kleiner. Von April 2019 bis November 2022 schrieb sie kleinere und gr\u00f6\u00dfere Artikel f\u00fcr das Euro Akademie Magazin.","url":"https:\/\/www.euroakademie.de\/magazin\/author\/rueppela\/"}]}},"_links":{"self":[{"href":"https:\/\/www.euroakademie.de\/magazin\/wp-json\/wp\/v2\/posts\/11087","targetHints":{"allow":["GET"]}}],"collection":[{"href":"https:\/\/www.euroakademie.de\/magazin\/wp-json\/wp\/v2\/posts"}],"about":[{"href":"https:\/\/www.euroakademie.de\/magazin\/wp-json\/wp\/v2\/types\/post"}],"author":[{"embeddable":true,"href":"https:\/\/www.euroakademie.de\/magazin\/wp-json\/wp\/v2\/users\/76"}],"replies":[{"embeddable":true,"href":"https:\/\/www.euroakademie.de\/magazin\/wp-json\/wp\/v2\/comments?post=11087"}],"version-history":[{"count":2,"href":"https:\/\/www.euroakademie.de\/magazin\/wp-json\/wp\/v2\/posts\/11087\/revisions"}],"predecessor-version":[{"id":28628,"href":"https:\/\/www.euroakademie.de\/magazin\/wp-json\/wp\/v2\/posts\/11087\/revisions\/28628"}],"wp:featuredmedia":[{"embeddable":true,"href":"https:\/\/www.euroakademie.de\/magazin\/wp-json\/wp\/v2\/media\/11092"}],"wp:attachment":[{"href":"https:\/\/www.euroakademie.de\/magazin\/wp-json\/wp\/v2\/media?parent=11087"}],"wp:term":[{"taxonomy":"category","embeddable":true,"href":"https:\/\/www.euroakademie.de\/magazin\/wp-json\/wp\/v2\/categories?post=11087"},{"taxonomy":"post_tag","embeddable":true,"href":"https:\/\/www.euroakademie.de\/magazin\/wp-json\/wp\/v2\/tags?post=11087"}],"curies":[{"name":"wp","href":"https:\/\/api.w.org\/{rel}","templated":true}]}}