{"id":11200,"date":"2019-08-02T07:46:46","date_gmt":"2019-08-02T05:46:46","guid":{"rendered":"https:\/\/www.euroakademie.de\/magazin\/?p=11200"},"modified":"2019-08-02T07:46:46","modified_gmt":"2019-08-02T05:46:46","slug":"intelligenz","status":"publish","type":"post","link":"https:\/\/www.euroakademie.de\/magazin\/intelligenz\/","title":{"rendered":"Intelligenz: angeboren oder antrainiert?"},"content":{"rendered":"\n\t\t\t\t<![CDATA[\n<p><strong>Lilly und Emma gehen in eine Klasse. Beide strengen sich an \u2013 trotzdem schreibt Lilly immer die besseren Noten. \u201eKein Wunder\u201c, meint Emmas Mutter, \u201eihr Vater ist ja auch Professor. Sie hat die Intelligenz einfach schon in die Wiege gelegt bekommen.\u201c Hat Emmas Mutter Recht? Bestimmen unsere Gene, wie schlau wir sind und wir k\u00f6nnen nichts daran \u00e4ndern? Oder ist es doch die Umwelt, die unsere Intelligenz beeinflusst?<\/strong><\/p>\n\n\n\n<h2 class=\"wp-block-heading\"><strong>Was ist Intelligenz?<\/strong><\/h2>\n\n\n\n<p>\u201eIntelligenz ist, was ein Intelligenztest misst\u201c, so die\nDefinition von US-Psychologe Edwin Boring. Das ist nat\u00fcrlich ein Zirkelschluss\n\u2013 zeigt aber auch, wie schwer es ist, Intelligenz klar zu definieren. So gibt\nder Intelligenzquotient (IQ) die F\u00e4higkeit zum logischen Denken und\nProbleml\u00f6sen wider. Je nach Test\nkann die Gewichtung der verschiedenen Facetten aber ganz unterschiedlich sein.\nW\u00e4hrend ein Test den Fokus auf r\u00e4umliches Denken legt, misst ein anderer eher\ndas verbale Verst\u00e4ndnis. <\/p>\n\n\n\n<p>Der IQ ist kein absoluter Wert, sondern gibt immer den Unterschied zum Mittelwert der Vergleichsgruppe an. Klingt kompliziert \u2013 mit einem Beispiel wird es aber schnell klar: Karl macht mit sechs Jahren einen IQ-Test und schneidet \u00fcberdurchschnittlich gut ab, er bekommt ein Ergebnis von 120. F\u00fcnf Jahre sp\u00e4ter wird er wieder getestet. Jetzt kann er schon viel mehr Aufgaben l\u00f6sen. Die <a href=\"https:\/\/www.euroakademie.de\/magazin\/probleme-beim-lernen-lerncoaching-hilft\/\" target=\"_blank\" rel=\"noreferrer noopener\" aria-label=\"Denkf\u00e4higkeit (\u00f6ffnet in neuem Tab)\">Denkf\u00e4higkeit<\/a> der anderen Kinder in seinem Alter hat sich aber auch weiterentwickelt. Und pl\u00f6tzlich ist Karls IQ nur noch bei 100. Das bedeutet nicht, dass Karls Intelligenz abgenommen hat. Sie hat sich nur <strong>im Vergleich<\/strong> zu den anderen Kindern langsamer entwickelt. <\/p>\n\n\n\n<p>Au\u00dferdem kann\nder klassische IQ nie das ganze Spektrum der F\u00e4higkeiten abdecken. Emotionale\noder musikalische Intelligenz zum Beispiel. Der IQ ist zwar ein gutes\nInstrument, um Unterschiede in der kognitiven Leistungsf\u00e4higkeit zu erfassen \u2013\nsein Leben sollte man davon aber nicht beeinflussen lassen. <\/p>\n\n\n\n<h2 class=\"wp-block-heading\"><strong>Flynn-Effekt<\/strong><\/h2>\n\n\n\n<p>Noch ein Fun-Fact, um auf der n\u00e4chsten Party anzugeben: wir werden immer intelligenter. Verglichen mit einer Person, die vor 100 Jahren gelebt hat, ist ein Durchschnittsmensch heute hochbegabt. Die genauen Ursachen des <a href=\"https:\/\/www.youtube.com\/watch?v=9vpqilhW9uI\" target=\"_blank\" rel=\"noreferrer noopener\" label=\" (\u00f6ffnet in neuem Tab)\">sogenannten Flynn-Effekts<\/a> sind nicht bekannt.&nbsp; Ein Erkl\u00e4rungsmodell sind die verbesserten Umweltbedingungen. Bildung, Ern\u00e4hrung und Gesundheitsversorgung \u2013 all das k\u00f6nnte unseren IQ beeinflussen. Andere Forscher hingegen f\u00fchren den Effekt auf die Gene zur\u00fcck: Die genetische Durchmischung der Gesellschaft k\u00f6nnte zu einer Erh\u00f6hung des IQs beigetragen haben. Womit wir wieder bei der Ausgangsfrage dieses Textes w\u00e4ren: Vererbung oder Erziehung? Was bestimmt denn nun die Intelligenz? <\/p>\n\n\n\n<h2 class=\"wp-block-heading\"><strong>Gene oder Umwelt?<\/strong><\/h2>\n\n\n\n<p>Diese Frage\nist leider nicht so klar zu beantworten. Unstrittig ist, dass Intelligenz\nzumindest zum Teil vererbt wird. Heute geht man von etwa 60 Prozent aus. Ein\nIntelligenz-Gen gibt es aber nicht. Vielmehr ist es das Zusammenspiel von\nvielen verschiedenen Genvariationen, das unser Denkverm\u00f6gen beeinflusst \u2013 so\nkomplex, dass es die Wissenschaftler noch nicht durchblicken k\u00f6nnen. Und die\nVeranlagung ist nicht alles: Nur durch eine anregende Umwelt kann man die\nF\u00e4higkeiten auch ausbilden und vertiefen. Deshalb f\u00e4llt es den Wissenschaftlern\nschwer, den \u201eUrsprung\u201c der Intelligenz herauszufinden: Haben die Eltern einen\nbesonders hohen IQ, dann ist auch das Kind mit hoher Wahrscheinlichkeit\nkognitiv leistungsf\u00e4higer. Vielleicht lesen die Eltern aber auch \u00f6fter vor,\nf\u00f6rdern ihr Kind mehr oder investieren viel in fr\u00fchkindliche Bildung \u2013 welcher\nFaktor ist dann f\u00fcr die Intelligenz verantwortlich? <\/p>\n\n\n\n<h2 class=\"wp-block-heading\"><strong>Genetisches Startkapital<\/strong><\/h2>\n\n\n\n<p>\u201eIch habe einen IQ von 100 und 60 Prozent der Intelligenz sind erblich. Das bedeutet, dass 60 IQ-Punkte von meinen Genen kommen und 40 von meiner Umwelt, oder?\u201c Ein h\u00e4ufiges Missverst\u00e4ndnis, denn so einfach ist es leider nicht. Zum einen untersucht die Forschung nicht die Intelligenz als absoluten Wert \u2013 auch hier sprechen wir wieder von den <strong>Unterschieden <\/strong>zwischen den Menschen. Au\u00dferdem muss man die vererbte Intelligenz eher als Potential ansehen, das man von der Natur mitbekommt. Setzt man es nicht ein, wird es nutzlos. Deshalb ist der Einfluss der Gene auch von der Kultur abh\u00e4ngig: Sind die Chancen auf Bildung sehr ungleich verteilt, hat die Vererbung nur einen geringen Einfluss auf die Intelligenz. Viele Menschen kommen gar nicht dazu, ihr genetisches Startkapital zu nutzen. In einer perfekten Welt, in der jeder sein Potenzial voll aussch\u00f6pfen k\u00f6nnte, h\u00e4tte die Umwelt dagegen gar keine Auswirkungen mehr auf Intelligenzunterschiede. Wer jetzt verwirrt ist, sollte sich das Video \u201e<a href=\"https:\/\/www.youtube.com\/watch?v=P3C6N7b3ap8\" target=\"_blank\" rel=\"noreferrer noopener\" aria-label=\"Bestimmt deine Herkunft deine Intelligenz? (\u00f6ffnet in neuem Tab)\">Bestimmt deine Herkunft deine Intelligenz?<\/a>\u201c von maiLab anschauen. Hier wird der wissenschaftliche Hintergrund noch einmal anschaulich erkl\u00e4rt.<\/p>\n\n\n<p>[su_spacer]<\/p>\n]]>\t\t","protected":false},"excerpt":{"rendered":"<p>\t\t\t\t<![CDATA[Bestimmen unsere Gene, wie schlau wir sind und wir k\u00f6nnen nichts daran \u00e4ndern? Oder ist es doch die Umwelt, die unsere Intelligenz beeinflusst?]]>\t\t<\/p>\n","protected":false},"author":76,"featured_media":11204,"comment_status":"closed","ping_status":"closed","sticky":false,"template":"","format":"standard","meta":{"footnotes":""},"categories":[118],"tags":[1513,1981,3466,4192,5176],"class_list":{"0":"post-11200","1":"post","2":"type-post","3":"status-publish","4":"format-standard","5":"has-post-thumbnail","7":"category-im-fokus","8":"tag-biologie","9":"tag-denken","10":"tag-gene","11":"tag-intelligenz","12":"tag-lernen"},"yoast_head":"<!-- This site is optimized with the Yoast SEO plugin v23.5 - https:\/\/yoast.com\/wordpress\/plugins\/seo\/ -->\n<title>Intelligenz: angeboren oder antrainiert? - Das Euro Akademie Magazin<\/title>\n<meta name=\"description\" content=\"Bestimmen unsere Gene, wie schlau wir sind und wir k\u00f6nnen nichts daran \u00e4ndern? Oder ist es doch die Umwelt, die unsere Intelligenz beeinflusst?\" \/>\n<meta name=\"robots\" content=\"index, follow, max-snippet:-1, max-image-preview:large, max-video-preview:-1\" \/>\n<link rel=\"canonical\" href=\"https:\/\/www.euroakademie.de\/magazin\/intelligenz\/\" \/>\n<meta property=\"og:locale\" content=\"de_DE\" \/>\n<meta property=\"og:type\" content=\"article\" \/>\n<meta property=\"og:title\" content=\"Intelligenz: angeboren oder antrainiert? - Das Euro Akademie Magazin\" \/>\n<meta property=\"og:description\" content=\"Bestimmen unsere Gene, wie schlau wir sind und wir k\u00f6nnen nichts daran \u00e4ndern? Oder ist es doch die Umwelt, die unsere Intelligenz beeinflusst?\" \/>\n<meta property=\"og:url\" content=\"https:\/\/www.euroakademie.de\/magazin\/intelligenz\/\" \/>\n<meta property=\"og:site_name\" content=\"Das Euro Akademie Magazin\" \/>\n<meta property=\"article:published_time\" content=\"2019-08-02T05:46:46+00:00\" \/>\n<meta property=\"og:image\" content=\"https:\/\/www.euroakademie.de\/magazin\/wp-content\/uploads\/2019\/08\/intelligenz_titel.png\" \/>\n\t<meta property=\"og:image:width\" content=\"702\" \/>\n\t<meta property=\"og:image:height\" content=\"336\" \/>\n\t<meta property=\"og:image:type\" content=\"image\/png\" \/>\n<meta name=\"author\" content=\"Anna R\u00fcppel\" \/>\n<meta name=\"twitter:card\" content=\"summary_large_image\" \/>\n<meta name=\"twitter:label1\" content=\"Verfasst von\" \/>\n\t<meta name=\"twitter:data1\" content=\"Anna R\u00fcppel\" \/>\n\t<meta name=\"twitter:label2\" content=\"Gesch\u00e4tzte Lesezeit\" \/>\n\t<meta name=\"twitter:data2\" content=\"4\u00a0Minuten\" \/>\n<script type=\"application\/ld+json\" class=\"yoast-schema-graph\">{\"@context\":\"https:\/\/schema.org\",\"@graph\":[{\"@type\":\"Article\",\"@id\":\"https:\/\/www.euroakademie.de\/magazin\/intelligenz\/#article\",\"isPartOf\":{\"@id\":\"https:\/\/www.euroakademie.de\/magazin\/intelligenz\/\"},\"author\":{\"name\":\"Anna R\u00fcppel\",\"@id\":\"https:\/\/www.euroakademie.de\/magazin\/#\/schema\/person\/60fedb6ea7279f88d9086938e970d05e\"},\"headline\":\"Intelligenz: angeboren oder antrainiert?\",\"datePublished\":\"2019-08-02T05:46:46+00:00\",\"dateModified\":\"2019-08-02T05:46:46+00:00\",\"mainEntityOfPage\":{\"@id\":\"https:\/\/www.euroakademie.de\/magazin\/intelligenz\/\"},\"wordCount\":722,\"publisher\":{\"@id\":\"https:\/\/www.euroakademie.de\/magazin\/#organization\"},\"image\":{\"@id\":\"https:\/\/www.euroakademie.de\/magazin\/intelligenz\/#primaryimage\"},\"thumbnailUrl\":\"https:\/\/www.euroakademie.de\/magazin\/wp-content\/uploads\/2019\/08\/intelligenz_titel.png\",\"keywords\":[\"Biologie\",\"denken\",\"Gene\",\"Intelligenz\",\"Lernen\"],\"articleSection\":[\"Im Fokus\"],\"inLanguage\":\"de\"},{\"@type\":\"WebPage\",\"@id\":\"https:\/\/www.euroakademie.de\/magazin\/intelligenz\/\",\"url\":\"https:\/\/www.euroakademie.de\/magazin\/intelligenz\/\",\"name\":\"Intelligenz: angeboren oder antrainiert? - Das Euro Akademie Magazin\",\"isPartOf\":{\"@id\":\"https:\/\/www.euroakademie.de\/magazin\/#website\"},\"primaryImageOfPage\":{\"@id\":\"https:\/\/www.euroakademie.de\/magazin\/intelligenz\/#primaryimage\"},\"image\":{\"@id\":\"https:\/\/www.euroakademie.de\/magazin\/intelligenz\/#primaryimage\"},\"thumbnailUrl\":\"https:\/\/www.euroakademie.de\/magazin\/wp-content\/uploads\/2019\/08\/intelligenz_titel.png\",\"datePublished\":\"2019-08-02T05:46:46+00:00\",\"dateModified\":\"2019-08-02T05:46:46+00:00\",\"description\":\"Bestimmen unsere Gene, wie schlau wir sind und wir k\u00f6nnen nichts daran \u00e4ndern? Oder ist es doch die Umwelt, die unsere Intelligenz beeinflusst?\",\"breadcrumb\":{\"@id\":\"https:\/\/www.euroakademie.de\/magazin\/intelligenz\/#breadcrumb\"},\"inLanguage\":\"de\",\"potentialAction\":[{\"@type\":\"ReadAction\",\"target\":[\"https:\/\/www.euroakademie.de\/magazin\/intelligenz\/\"]}]},{\"@type\":\"ImageObject\",\"inLanguage\":\"de\",\"@id\":\"https:\/\/www.euroakademie.de\/magazin\/intelligenz\/#primaryimage\",\"url\":\"https:\/\/www.euroakademie.de\/magazin\/wp-content\/uploads\/2019\/08\/intelligenz_titel.png\",\"contentUrl\":\"https:\/\/www.euroakademie.de\/magazin\/wp-content\/uploads\/2019\/08\/intelligenz_titel.png\",\"width\":702,\"height\":336,\"caption\":\"\"},{\"@type\":\"BreadcrumbList\",\"@id\":\"https:\/\/www.euroakademie.de\/magazin\/intelligenz\/#breadcrumb\",\"itemListElement\":[{\"@type\":\"ListItem\",\"position\":1,\"name\":\"Startseite\",\"item\":\"https:\/\/www.euroakademie.de\/magazin\/\"},{\"@type\":\"ListItem\",\"position\":2,\"name\":\"Intelligenz: angeboren oder antrainiert?\"}]},{\"@type\":\"WebSite\",\"@id\":\"https:\/\/www.euroakademie.de\/magazin\/#website\",\"url\":\"https:\/\/www.euroakademie.de\/magazin\/\",\"name\":\"Das Euro Akademie Magazin\",\"description\":\"Gut informiert durch Ausbildung und Studium\",\"publisher\":{\"@id\":\"https:\/\/www.euroakademie.de\/magazin\/#organization\"},\"potentialAction\":[{\"@type\":\"SearchAction\",\"target\":{\"@type\":\"EntryPoint\",\"urlTemplate\":\"https:\/\/www.euroakademie.de\/magazin\/?s={search_term_string}\"},\"query-input\":{\"@type\":\"PropertyValueSpecification\",\"valueRequired\":true,\"valueName\":\"search_term_string\"}}],\"inLanguage\":\"de\"},{\"@type\":\"Organization\",\"@id\":\"https:\/\/www.euroakademie.de\/magazin\/#organization\",\"name\":\"ESO Education Group\",\"url\":\"https:\/\/www.euroakademie.de\/magazin\/\",\"logo\":{\"@type\":\"ImageObject\",\"inLanguage\":\"de\",\"@id\":\"https:\/\/www.euroakademie.de\/magazin\/#\/schema\/logo\/image\/\",\"url\":\"https:\/\/relaunch.euroakademie.de\/magazin\/wp-content\/uploads\/2024\/11\/Logo_EA_negativ_Rahmen_5cm_300dpi_RGB.jpg\",\"contentUrl\":\"https:\/\/relaunch.euroakademie.de\/magazin\/wp-content\/uploads\/2024\/11\/Logo_EA_negativ_Rahmen_5cm_300dpi_RGB.jpg\",\"width\":591,\"height\":236,\"caption\":\"ESO Education Group\"},\"image\":{\"@id\":\"https:\/\/www.euroakademie.de\/magazin\/#\/schema\/logo\/image\/\"}},{\"@type\":\"Person\",\"@id\":\"https:\/\/www.euroakademie.de\/magazin\/#\/schema\/person\/60fedb6ea7279f88d9086938e970d05e\",\"name\":\"Anna R\u00fcppel\",\"description\":\"Anna R\u00fcppel ist mit 1,78 m die Gr\u00f6\u00dfte, wenn es um Ausbildung und Beruf geht. Als Kind war sie kleiner. Von April 2019 bis November 2022 schrieb sie kleinere und gr\u00f6\u00dfere Artikel f\u00fcr das Euro Akademie Magazin.\",\"url\":\"https:\/\/www.euroakademie.de\/magazin\/author\/rueppela\/\"}]}<\/script>\n<!-- \/ Yoast SEO plugin. -->","yoast_head_json":{"title":"Intelligenz: angeboren oder antrainiert? - Das Euro Akademie Magazin","description":"Bestimmen unsere Gene, wie schlau wir sind und wir k\u00f6nnen nichts daran \u00e4ndern? Oder ist es doch die Umwelt, die unsere Intelligenz beeinflusst?","robots":{"index":"index","follow":"follow","max-snippet":"max-snippet:-1","max-image-preview":"max-image-preview:large","max-video-preview":"max-video-preview:-1"},"canonical":"https:\/\/www.euroakademie.de\/magazin\/intelligenz\/","og_locale":"de_DE","og_type":"article","og_title":"Intelligenz: angeboren oder antrainiert? - Das Euro Akademie Magazin","og_description":"Bestimmen unsere Gene, wie schlau wir sind und wir k\u00f6nnen nichts daran \u00e4ndern? Oder ist es doch die Umwelt, die unsere Intelligenz beeinflusst?","og_url":"https:\/\/www.euroakademie.de\/magazin\/intelligenz\/","og_site_name":"Das Euro Akademie Magazin","article_published_time":"2019-08-02T05:46:46+00:00","og_image":[{"width":702,"height":336,"url":"https:\/\/www.euroakademie.de\/magazin\/wp-content\/uploads\/2019\/08\/intelligenz_titel.png","type":"image\/png"}],"author":"Anna R\u00fcppel","twitter_card":"summary_large_image","twitter_misc":{"Verfasst von":"Anna R\u00fcppel","Gesch\u00e4tzte Lesezeit":"4\u00a0Minuten"},"schema":{"@context":"https:\/\/schema.org","@graph":[{"@type":"Article","@id":"https:\/\/www.euroakademie.de\/magazin\/intelligenz\/#article","isPartOf":{"@id":"https:\/\/www.euroakademie.de\/magazin\/intelligenz\/"},"author":{"name":"Anna R\u00fcppel","@id":"https:\/\/www.euroakademie.de\/magazin\/#\/schema\/person\/60fedb6ea7279f88d9086938e970d05e"},"headline":"Intelligenz: angeboren oder antrainiert?","datePublished":"2019-08-02T05:46:46+00:00","dateModified":"2019-08-02T05:46:46+00:00","mainEntityOfPage":{"@id":"https:\/\/www.euroakademie.de\/magazin\/intelligenz\/"},"wordCount":722,"publisher":{"@id":"https:\/\/www.euroakademie.de\/magazin\/#organization"},"image":{"@id":"https:\/\/www.euroakademie.de\/magazin\/intelligenz\/#primaryimage"},"thumbnailUrl":"https:\/\/www.euroakademie.de\/magazin\/wp-content\/uploads\/2019\/08\/intelligenz_titel.png","keywords":["Biologie","denken","Gene","Intelligenz","Lernen"],"articleSection":["Im Fokus"],"inLanguage":"de"},{"@type":"WebPage","@id":"https:\/\/www.euroakademie.de\/magazin\/intelligenz\/","url":"https:\/\/www.euroakademie.de\/magazin\/intelligenz\/","name":"Intelligenz: angeboren oder antrainiert? - Das Euro Akademie Magazin","isPartOf":{"@id":"https:\/\/www.euroakademie.de\/magazin\/#website"},"primaryImageOfPage":{"@id":"https:\/\/www.euroakademie.de\/magazin\/intelligenz\/#primaryimage"},"image":{"@id":"https:\/\/www.euroakademie.de\/magazin\/intelligenz\/#primaryimage"},"thumbnailUrl":"https:\/\/www.euroakademie.de\/magazin\/wp-content\/uploads\/2019\/08\/intelligenz_titel.png","datePublished":"2019-08-02T05:46:46+00:00","dateModified":"2019-08-02T05:46:46+00:00","description":"Bestimmen unsere Gene, wie schlau wir sind und wir k\u00f6nnen nichts daran \u00e4ndern? Oder ist es doch die Umwelt, die unsere Intelligenz beeinflusst?","breadcrumb":{"@id":"https:\/\/www.euroakademie.de\/magazin\/intelligenz\/#breadcrumb"},"inLanguage":"de","potentialAction":[{"@type":"ReadAction","target":["https:\/\/www.euroakademie.de\/magazin\/intelligenz\/"]}]},{"@type":"ImageObject","inLanguage":"de","@id":"https:\/\/www.euroakademie.de\/magazin\/intelligenz\/#primaryimage","url":"https:\/\/www.euroakademie.de\/magazin\/wp-content\/uploads\/2019\/08\/intelligenz_titel.png","contentUrl":"https:\/\/www.euroakademie.de\/magazin\/wp-content\/uploads\/2019\/08\/intelligenz_titel.png","width":702,"height":336,"caption":""},{"@type":"BreadcrumbList","@id":"https:\/\/www.euroakademie.de\/magazin\/intelligenz\/#breadcrumb","itemListElement":[{"@type":"ListItem","position":1,"name":"Startseite","item":"https:\/\/www.euroakademie.de\/magazin\/"},{"@type":"ListItem","position":2,"name":"Intelligenz: angeboren oder antrainiert?"}]},{"@type":"WebSite","@id":"https:\/\/www.euroakademie.de\/magazin\/#website","url":"https:\/\/www.euroakademie.de\/magazin\/","name":"Das Euro Akademie Magazin","description":"Gut informiert durch Ausbildung und Studium","publisher":{"@id":"https:\/\/www.euroakademie.de\/magazin\/#organization"},"potentialAction":[{"@type":"SearchAction","target":{"@type":"EntryPoint","urlTemplate":"https:\/\/www.euroakademie.de\/magazin\/?s={search_term_string}"},"query-input":{"@type":"PropertyValueSpecification","valueRequired":true,"valueName":"search_term_string"}}],"inLanguage":"de"},{"@type":"Organization","@id":"https:\/\/www.euroakademie.de\/magazin\/#organization","name":"ESO Education Group","url":"https:\/\/www.euroakademie.de\/magazin\/","logo":{"@type":"ImageObject","inLanguage":"de","@id":"https:\/\/www.euroakademie.de\/magazin\/#\/schema\/logo\/image\/","url":"https:\/\/relaunch.euroakademie.de\/magazin\/wp-content\/uploads\/2024\/11\/Logo_EA_negativ_Rahmen_5cm_300dpi_RGB.jpg","contentUrl":"https:\/\/relaunch.euroakademie.de\/magazin\/wp-content\/uploads\/2024\/11\/Logo_EA_negativ_Rahmen_5cm_300dpi_RGB.jpg","width":591,"height":236,"caption":"ESO Education Group"},"image":{"@id":"https:\/\/www.euroakademie.de\/magazin\/#\/schema\/logo\/image\/"}},{"@type":"Person","@id":"https:\/\/www.euroakademie.de\/magazin\/#\/schema\/person\/60fedb6ea7279f88d9086938e970d05e","name":"Anna R\u00fcppel","description":"Anna R\u00fcppel ist mit 1,78 m die Gr\u00f6\u00dfte, wenn es um Ausbildung und Beruf geht. Als Kind war sie kleiner. Von April 2019 bis November 2022 schrieb sie kleinere und gr\u00f6\u00dfere Artikel f\u00fcr das Euro Akademie Magazin.","url":"https:\/\/www.euroakademie.de\/magazin\/author\/rueppela\/"}]}},"_links":{"self":[{"href":"https:\/\/www.euroakademie.de\/magazin\/wp-json\/wp\/v2\/posts\/11200","targetHints":{"allow":["GET"]}}],"collection":[{"href":"https:\/\/www.euroakademie.de\/magazin\/wp-json\/wp\/v2\/posts"}],"about":[{"href":"https:\/\/www.euroakademie.de\/magazin\/wp-json\/wp\/v2\/types\/post"}],"author":[{"embeddable":true,"href":"https:\/\/www.euroakademie.de\/magazin\/wp-json\/wp\/v2\/users\/76"}],"replies":[{"embeddable":true,"href":"https:\/\/www.euroakademie.de\/magazin\/wp-json\/wp\/v2\/comments?post=11200"}],"version-history":[{"count":0,"href":"https:\/\/www.euroakademie.de\/magazin\/wp-json\/wp\/v2\/posts\/11200\/revisions"}],"wp:featuredmedia":[{"embeddable":true,"href":"https:\/\/www.euroakademie.de\/magazin\/wp-json\/wp\/v2\/media\/11204"}],"wp:attachment":[{"href":"https:\/\/www.euroakademie.de\/magazin\/wp-json\/wp\/v2\/media?parent=11200"}],"wp:term":[{"taxonomy":"category","embeddable":true,"href":"https:\/\/www.euroakademie.de\/magazin\/wp-json\/wp\/v2\/categories?post=11200"},{"taxonomy":"post_tag","embeddable":true,"href":"https:\/\/www.euroakademie.de\/magazin\/wp-json\/wp\/v2\/tags?post=11200"}],"curies":[{"name":"wp","href":"https:\/\/api.w.org\/{rel}","templated":true}]}}