{"id":11322,"date":"2019-08-21T08:15:00","date_gmt":"2019-08-21T06:15:00","guid":{"rendered":"https:\/\/www.euroakademie.de\/magazin\/?p=11322"},"modified":"2025-12-09T15:41:43","modified_gmt":"2025-12-09T14:41:43","slug":"weiterbildungen-fuer-erzieher","status":"publish","type":"post","link":"https:\/\/www.euroakademie.de\/magazin\/weiterbildungen-fuer-erzieher\/","title":{"rendered":"Weiterbildung f\u00fcr Erzieher \u2013 vom Fachberater bis zum Kinderschutzbeauftragten"},"content":{"rendered":"\n\t\t\t\t<![CDATA[\n<p><strong>Als Erzieher sind Sie ein wahrer Allrounder. Sie arbeiten als Naturforscher, Wissensvermittler, professionelle Tr\u00f6ster und kreative Vorbilder f\u00fcr Kinder. In der Elternarbeit sind Sie als kompetenter Gespr\u00e4chspartner f\u00fcr die Gro\u00dfen gefordert. Nach der Ausbildung haben Sie in diesem p\u00e4dagogischen Beruf viele interessante M\u00f6glichkeiten zur Weiterbildung und Spezialisierung. <\/strong><\/p>\n\n\n\n<p>Ihre <a rel=\"noreferrer noopener\" aria-label=\"Ausbildung zum Erzieher (\u00f6ffnet in neuem Tab)\" href=\"https:\/\/www.euroakademie.de\/de\/ausbildung\/paedagogik-soziales\/erzieher.html\" target=\"_blank\">Ausbildung zum Erzieher<\/a> haben Sie erfolgreich absolviert. Die abwechslungsreiche und kreative Arbeit mit den Kindern macht Ihnen Freude und Sie lernen jeden Tag etwas Neues dazu. Im Laufe Ihrer Berufst\u00e4tigkeit in der Fr\u00fchp\u00e4dagogik haben Sie festgestellt, dass Sie nicht nur Kindern gerne etwas beibringen, sondern auch den Auszubildenden, die zu Ihnen in die Einrichtung kommen. Oder Sie interessieren sich besonders f\u00fcr die motorische Entwicklung der Kleinen, w\u00fcssten gerne, wie man ihnen Musik p\u00e4dagogisch wertvoll n\u00e4herbringt oder m\u00f6chten mehr Sicherheit bei Elterngespr\u00e4chen gewinnen. <\/p>\n\n\n\n<p>Die M\u00f6glichkeiten zur Weiterbildung f\u00fcr Erzieher sind vielf\u00e4ltig und in der Dauer sehr unterschiedlich &#8211; von einem Tagesseminar bis hin zu mehrmonatigen Kursangeboten ist alles dabei. Wir zeigen Ihnen hier eine Auswahl an Zusatzqualifikationen und Kompaktseminaren f\u00fcr Erzieher, die Sie bei der Euro Akademie absolvieren k\u00f6nnen. Alle Angebote finden Sie \u00fcbrigens unter <a rel=\"noreferrer noopener\" label=\"Fort- und Weiterbildung (\u00f6ffnet in neuem Tab)\" href=\"https:\/\/www.euroakademie.de\/bildungsangebote?typ[]=Fort-%20und%20Weiterbildung\" target=\"_blank\">Fort- und Weiterbildung<\/a>. <\/p>\n\n\n\n<h2 class=\"wp-block-heading\">Zusatzqualifikationen f\u00fcr Erzieher<\/h2>\n\n\n\n<p>Bildung f\u00e4ngt heute schon in der Kita an. Auch deshalb sind die Anforderungen an p\u00e4dagogische Fachkr\u00e4fte in den letzten Jahrzehnten stetig gewachsen. Und sie sind gefragter denn je. Regelm\u00e4\u00dfige Fort- und Weiterbildungen tragen ma\u00dfgeblich zur Qualit\u00e4tssteigerung und -sicherung in fr\u00fchp\u00e4dagogischen Einrichtungen bei.<\/p>\n\n\n\n<p>Im Rahmen des Bundesprogramms <a rel=\"noreferrer noopener\" aria-label=\"\u201eFachkr\u00e4fteoffensive f\u00fcr Erzieher\u201c  (\u00f6ffnet in neuem Tab)\" href=\"https:\/\/www.euroakademie.de\/magazin\/erziehermangel-neue-kraefte-braucht-das-land\/\" target=\"_blank\">\u201eFachkr\u00e4fteoffensive f\u00fcr Erzieher\u201c <\/a>sollen nicht nur mehr Auszubildende f\u00fcr den Erzieherberuf gewonnen werden \u2013 auch verschiedene Fort- und Weiterbildungen sind f\u00f6rderf\u00e4hig. Die Investitionen durch das <a href=\"https:\/\/www.bmbfsfj.bund.de\/bmbfsfj\/ministerium\/gesetze\/gesetz-zur-weiterentwicklung-der-qualitaet-und-zur-teilhabe-in-der-kindertagesbetreuung-gute-kita-gesetz--127136\" target=\"_blank\" rel=\"noreferrer noopener\" label=\"\u201eGute-KiTa-Gesetz\u201c (\u00f6ffnet in neuem Tab)\">\u201eGute-KiTa-Gesetz\u201c<\/a>, f\u00fcr das der Bund 5,5 Milliarden Euro bis 2022 locker macht, sollen die Qualit\u00e4t in den Kitas und die Arbeitsbedingungen der p\u00e4dagogischen Fachkr\u00e4fte verbessern.  <\/p>\n\n\n\n<h3 class=\"wp-block-heading\">1. Praxisanleiter f\u00fcr p\u00e4dagogische Fachkr\u00e4fte<\/h3>\n\n\n\n<p>Sie bringen anderen gerne etwas bei? Dann k\u00f6nnten Sie in Zukunft Praktikanten in ihren berufspraktischen Eins\u00e4tzen in Ihrer Einrichtung unterst\u00fctzen. Dadurch verbessern sich die Lernerfolge der angehenden Erzieher und Sie bekommen eine kompetente Unterst\u00fctzung in Ihrer Kita. Eine strukturierte Einarbeitung ist das A und O daf\u00fcr. In der <a href=\"https:\/\/www.euroakademie.de\/details\/2Z341_A3N2Q18S_1\/Praxisanleiterin-fuer-paedagogische-Fachkraefte\" target=\"_blank\" rel=\"noreferrer noopener\" label=\"Weiterbildung zum Praxisanleiter f\u00fcr p\u00e4dagogische Fachkr\u00e4fte (\u00f6ffnet in neuem Tab)\">Weiterbildung zum Praxisanleiter f\u00fcr p\u00e4dagogische Fachkr\u00e4fte<\/a> erwerben Sie alle n\u00f6tigen Kompetenzen, um Quereinsteiger, Sch\u00fcler im Orientierungspraktikum, Berufsfachsch\u00fcler und Berufsanf\u00e4nger fachlich und methodisch fundiert anzuleiten.    <\/p>\n\n\n\n<h3 class=\"wp-block-heading\">2. Fachkraft f\u00fcr Interkulturalit\u00e4t und Inklusion<\/h3>\n\n\n\n<p>Verschiedene Kulturen und Sprachen sind eine Bereicherung \u2013 auch in der Kita. In der <a href=\"https:\/\/www.euroakademie.de\/details\/5V8___SB22Q18S_1\/Interkulturelle-Kompetenz-fuer-Erzieherinnen---Unterschiedlichke\" target=\"_blank\" rel=\"noreferrer noopener\" label=\"Weiterbildung zur Fachkraft f\u00fcr Interkulturalit\u00e4t und Inklusion  (\u00f6ffnet in neuem Tab)\">Weiterbildung zur Fachkraft f\u00fcr Interkulturalit\u00e4t und Inklusion <\/a>lernen Sie, wie Sie in heterogenen Gruppen eine Atmosph\u00e4re des Vertrauens schaffen k\u00f6nnen, in die sich alle eingebunden f\u00fchlen. Sie vermitteln zwischen den unterschiedlichen Kulturen, helfen dabei, sprachliche Barrieren zu \u00fcberwinden und setzen sich auch mit Vorurteilen auseinander. Der Umgang mit traumatischen Erfahrungen wird ebenfalls Thema sein. Sie entwickeln Konzepte f\u00fcr eine partnerschaftliche Begegnung mit Familien unterschiedlicher Sozialisation und kultureller Pr\u00e4gung. <\/p>\n\n\n\n<h3 class=\"wp-block-heading\">3. Kinderschutzbeauftragter in der Kindertagesbetreuung<\/h3>\n\n\n\n<p>Kinderrechte sind ein wichtiges Thema in unserer Gesellschaft. Sie sind auf die F\u00fcrsorge angewiesen und haben ein Recht auf Schutz gegen Vernachl\u00e4ssigung und Misshandlung. Als Erzieher sind Sie Ansprechpartner f\u00fcr Kinder, die Ihre Hilfe brauchen. <\/p>\n\n\n\n<p>In der <a href=\"https:\/\/www.euroakademie.de\/details\/5V8___SB22Q18S_1\/Interkulturelle-Kompetenz-fuer-Erzieherinnen---Unterschiedlichke\" target=\"_blank\" rel=\"noreferrer noopener\" label=\"Weiterbildung zum Kinderschutzbeauftragten (\u00f6ffnet in neuem Tab)\">Weiterbildung zum Kinderschutzbeauftragten<\/a> lernen Sie, die Gef\u00e4hrdung des Kindes besser einzusch\u00e4tzen, bekommen rechtliches Wissen an die Hand und werden \u00fcber Hilfeeinrichtungen und wichtige Institutionen auf diesem Gebiet informiert. Au\u00dferdem bekommen Sie Unterst\u00fctzung in der Ausarbeitung eines zu Ihrer Einrichtung passenden Schutzkonzeptes.<\/p>\n\n\n\n<h3 class=\"wp-block-heading\">4. Fachberatung in Kindertagesst\u00e4tten<\/h3>\n\n\n\n<p>In der praxisorientierten <a href=\"https:\/\/www.euroakademie.de\/details\/FFGV__WAO2Q18S_1\/Entwicklungsprozesse-beobachten-und-dokumentieren\" target=\"_blank\" rel=\"noreferrer noopener\" label=\"Weiterbildung \u201eFachberatung in Kindertagesst\u00e4tten\u201c  (\u00f6ffnet in neuem Tab)\">Weiterbildung \u201eFachberatung in Kindertagesst\u00e4tten\u201c <\/a>entwickeln Sie Ihre beratenden und kommunikativen F\u00e4higkeiten. Sie lernen, Methoden aus dem Coaching, dem Konfliktmanagement und der Mediation anzuwenden. Au\u00dferdem bekommen Sie rechtliches und betriebswirtschaftliches Know-how vermittelt und widmen sich den Themen Personalf\u00fchrung, Aufsichtspflicht, F\u00f6rderantr\u00e4ge und der Raum- und Materialausstattung in der Kita. Nach der Weiterbildung sind Sie ebenfalls Kommunikations- und Beratungsprofi in den Bereichen Teamentwicklung, \u00d6ffentlichkeitsarbeit, Kindeswohl sowie F\u00f6rderung und Integration.   <\/p>\n\n\n\n<h2 class=\"wp-block-heading\">Kompaktseminare \u2013 Auffrischung und Inspiration<\/h2>\n\n\n\n<p>Nicht in jeder Lebensphase hat man Zeit f\u00fcr l\u00e4ngere Seminare. Wer trotzdem beruflich am Ball bleiben m\u00f6chte, kann sich mit dem einen oder anderen Kompaktseminar auf dem Laufenden halten und neues Wissen aneignen.<\/p>\n\n\n\n<p><strong>Hier eine Auswahl an Themen, zu denen die Euro Akademie Kompaktseminare anbietet:<\/strong><\/p>\n\n\n\n<ol class=\"wp-block-list\"><li>Die kindliche <strong>Sprachentwicklung<\/strong> begleiten und f\u00f6rdern<\/li><li>Die Welt trifft sich in der Kita \u2013 Sprachf\u00f6rderung bei mehrsprachigen Kindern<\/li><li>Entwicklungsprozesse beobachten und dokumentieren <\/li><li>K\u00fcnstler gesucht \u2013 <strong>kreatives Gestalten<\/strong> mit Kleinkindern<\/li><li><strong>Musikalische Spielideen<\/strong> f\u00fcr Kindertagesst\u00e4tten<\/li><li><strong>Vielfalts- und Genderp\u00e4dagogik<\/strong> \u2013 geschlechtergerechte Arbeit mit Kindern<\/li><li><strong>Team- und Softskill-Training <\/strong><\/li><li><strong>Elterngespr\u00e4che<\/strong> souver\u00e4n f\u00fchren<\/li><\/ol>\n\n\n\n<p>Weiterbildungen sind nicht nur ein Muss f\u00fcr die berufliche Entwicklung. Auf Seminaren tauschen Sie sich mit Gleichgesinnten aus, bekommen Inspirationen f\u00fcr Ihren Arbeitsalltag und kehren mit vielen neuen Ideen in Ihre Kita zur\u00fcck. <\/p>\n\n\n\n<p>F\u00fcr weitere Informationen zu Anmeldung, F\u00f6rderm\u00f6glichkeiten und Terminen stehen Ihnen die Mitarbeiter der Euro Akademie des <a href=\"https:\/\/www.euroakademie.de\/standorte\/uebersichtskarte\" target=\"_blank\" rel=\"noreferrer noopener\" label=\"Standorts Ihrer Wahl (\u00f6ffnet in neuem Tab)\">Standorts Ihrer Wahl<\/a> gerne zur Verf\u00fcgung.<\/p>\n]]>\t\t","protected":false},"excerpt":{"rendered":"<p>\t\t\t\t<![CDATA[Erzieher arbeiten als Naturforscher, Wissensvermittler, professionelle Tr\u00f6ster und kreative Vorbilder. Nach der Ausbildung haben Sie in diesem Beruf viele spannende M\u00f6glichkeiten, sich weiterzubilden. ]]>\t\t<\/p>\n","protected":false},"author":58,"featured_media":11330,"comment_status":"closed","ping_status":"closed","sticky":false,"template":"","format":"standard","meta":{"footnotes":""},"categories":[175,127,19],"tags":[2587,6808,9091,9325],"class_list":{"0":"post-11322","1":"post","2":"type-post","3":"status-publish","4":"format-standard","5":"has-post-thumbnail","7":"category-maenner-und-frauen-in-kitas","8":"category-karriere","9":"category-paedagogik-soziales","10":"tag-erzieher","11":"tag-qualifikation","12":"tag-weiterbildung","13":"tag-workshops"},"yoast_head":"<!-- This site is optimized with the Yoast SEO plugin v23.5 - https:\/\/yoast.com\/wordpress\/plugins\/seo\/ -->\n<title>Weiterbildung f\u00fcr Erzieher \/ Euro Akademie Magazin<\/title>\n<meta name=\"description\" content=\"Nach der Ausbildung zum Erzieher haben Sie viele interessante M\u00f6glichkeiten zur Weiterbildung und Spezialisierung. Wir geben Ihnen einen \u00dcberblick.\" \/>\n<meta name=\"robots\" content=\"index, follow, max-snippet:-1, max-image-preview:large, max-video-preview:-1\" \/>\n<link rel=\"canonical\" href=\"https:\/\/www.euroakademie.de\/magazin\/weiterbildungen-fuer-erzieher\/\" \/>\n<meta property=\"og:locale\" content=\"de_DE\" \/>\n<meta property=\"og:type\" content=\"article\" \/>\n<meta property=\"og:title\" content=\"Weiterbildung f\u00fcr Erzieher \/ Euro Akademie Magazin\" \/>\n<meta property=\"og:description\" content=\"Nach der Ausbildung zum Erzieher haben Sie viele interessante M\u00f6glichkeiten zur Weiterbildung und Spezialisierung. Wir geben Ihnen einen \u00dcberblick.\" \/>\n<meta property=\"og:url\" content=\"https:\/\/www.euroakademie.de\/magazin\/weiterbildungen-fuer-erzieher\/\" \/>\n<meta property=\"og:site_name\" content=\"Das Euro Akademie Magazin\" \/>\n<meta property=\"article:published_time\" content=\"2019-08-21T06:15:00+00:00\" \/>\n<meta property=\"article:modified_time\" content=\"2025-12-09T14:41:43+00:00\" \/>\n<meta property=\"og:image\" content=\"https:\/\/www.euroakademie.de\/magazin\/wp-content\/uploads\/2019\/08\/shutterstock_1011432418_702x336_web.jpg\" \/>\n\t<meta property=\"og:image:width\" content=\"702\" \/>\n\t<meta property=\"og:image:height\" content=\"336\" \/>\n\t<meta property=\"og:image:type\" content=\"image\/jpeg\" \/>\n<meta name=\"author\" content=\"Tanja H\u00f6fling\" \/>\n<meta name=\"twitter:card\" content=\"summary_large_image\" \/>\n<meta name=\"twitter:label1\" content=\"Verfasst von\" \/>\n\t<meta name=\"twitter:data1\" content=\"Tanja H\u00f6fling\" \/>\n\t<meta name=\"twitter:label2\" content=\"Gesch\u00e4tzte Lesezeit\" \/>\n\t<meta name=\"twitter:data2\" content=\"4\u00a0Minuten\" \/>\n<script type=\"application\/ld+json\" class=\"yoast-schema-graph\">{\"@context\":\"https:\/\/schema.org\",\"@graph\":[{\"@type\":\"Article\",\"@id\":\"https:\/\/www.euroakademie.de\/magazin\/weiterbildungen-fuer-erzieher\/#article\",\"isPartOf\":{\"@id\":\"https:\/\/www.euroakademie.de\/magazin\/weiterbildungen-fuer-erzieher\/\"},\"author\":{\"name\":\"Tanja H\u00f6fling\",\"@id\":\"https:\/\/www.euroakademie.de\/magazin\/#\/schema\/person\/2c0d3896d19e86373c87f4ac022d4919\"},\"headline\":\"Weiterbildung f\u00fcr Erzieher \u2013 vom Fachberater bis zum Kinderschutzbeauftragten\",\"datePublished\":\"2019-08-21T06:15:00+00:00\",\"dateModified\":\"2025-12-09T14:41:43+00:00\",\"mainEntityOfPage\":{\"@id\":\"https:\/\/www.euroakademie.de\/magazin\/weiterbildungen-fuer-erzieher\/\"},\"wordCount\":851,\"publisher\":{\"@id\":\"https:\/\/www.euroakademie.de\/magazin\/#organization\"},\"image\":{\"@id\":\"https:\/\/www.euroakademie.de\/magazin\/weiterbildungen-fuer-erzieher\/#primaryimage\"},\"thumbnailUrl\":\"https:\/\/www.euroakademie.de\/magazin\/wp-content\/uploads\/2019\/08\/shutterstock_1011432418_702x336_web.jpg\",\"keywords\":[\"Erzieher\",\"Qualifikation\",\"Weiterbildung\",\"Workshops\"],\"articleSection\":[\"\\\"M\u00e4nner und Frauen in Kitas\u201c\",\"Karriere\",\"P\u00e4dagogik &amp; Soziales\"],\"inLanguage\":\"de\"},{\"@type\":\"WebPage\",\"@id\":\"https:\/\/www.euroakademie.de\/magazin\/weiterbildungen-fuer-erzieher\/\",\"url\":\"https:\/\/www.euroakademie.de\/magazin\/weiterbildungen-fuer-erzieher\/\",\"name\":\"Weiterbildung f\u00fcr Erzieher \/ Euro Akademie Magazin\",\"isPartOf\":{\"@id\":\"https:\/\/www.euroakademie.de\/magazin\/#website\"},\"primaryImageOfPage\":{\"@id\":\"https:\/\/www.euroakademie.de\/magazin\/weiterbildungen-fuer-erzieher\/#primaryimage\"},\"image\":{\"@id\":\"https:\/\/www.euroakademie.de\/magazin\/weiterbildungen-fuer-erzieher\/#primaryimage\"},\"thumbnailUrl\":\"https:\/\/www.euroakademie.de\/magazin\/wp-content\/uploads\/2019\/08\/shutterstock_1011432418_702x336_web.jpg\",\"datePublished\":\"2019-08-21T06:15:00+00:00\",\"dateModified\":\"2025-12-09T14:41:43+00:00\",\"description\":\"Nach der Ausbildung zum Erzieher haben Sie viele interessante M\u00f6glichkeiten zur Weiterbildung und Spezialisierung. Wir geben Ihnen einen \u00dcberblick.\",\"breadcrumb\":{\"@id\":\"https:\/\/www.euroakademie.de\/magazin\/weiterbildungen-fuer-erzieher\/#breadcrumb\"},\"inLanguage\":\"de\",\"potentialAction\":[{\"@type\":\"ReadAction\",\"target\":[\"https:\/\/www.euroakademie.de\/magazin\/weiterbildungen-fuer-erzieher\/\"]}]},{\"@type\":\"ImageObject\",\"inLanguage\":\"de\",\"@id\":\"https:\/\/www.euroakademie.de\/magazin\/weiterbildungen-fuer-erzieher\/#primaryimage\",\"url\":\"https:\/\/www.euroakademie.de\/magazin\/wp-content\/uploads\/2019\/08\/shutterstock_1011432418_702x336_web.jpg\",\"contentUrl\":\"https:\/\/www.euroakademie.de\/magazin\/wp-content\/uploads\/2019\/08\/shutterstock_1011432418_702x336_web.jpg\",\"width\":702,\"height\":336,\"caption\":\"\"},{\"@type\":\"BreadcrumbList\",\"@id\":\"https:\/\/www.euroakademie.de\/magazin\/weiterbildungen-fuer-erzieher\/#breadcrumb\",\"itemListElement\":[{\"@type\":\"ListItem\",\"position\":1,\"name\":\"Startseite\",\"item\":\"https:\/\/www.euroakademie.de\/magazin\/\"},{\"@type\":\"ListItem\",\"position\":2,\"name\":\"Weiterbildung f\u00fcr Erzieher \u2013 vom Fachberater bis zum Kinderschutzbeauftragten\"}]},{\"@type\":\"WebSite\",\"@id\":\"https:\/\/www.euroakademie.de\/magazin\/#website\",\"url\":\"https:\/\/www.euroakademie.de\/magazin\/\",\"name\":\"Das Euro Akademie Magazin\",\"description\":\"Gut informiert durch Ausbildung und Studium\",\"publisher\":{\"@id\":\"https:\/\/www.euroakademie.de\/magazin\/#organization\"},\"potentialAction\":[{\"@type\":\"SearchAction\",\"target\":{\"@type\":\"EntryPoint\",\"urlTemplate\":\"https:\/\/www.euroakademie.de\/magazin\/?s={search_term_string}\"},\"query-input\":{\"@type\":\"PropertyValueSpecification\",\"valueRequired\":true,\"valueName\":\"search_term_string\"}}],\"inLanguage\":\"de\"},{\"@type\":\"Organization\",\"@id\":\"https:\/\/www.euroakademie.de\/magazin\/#organization\",\"name\":\"ESO Education Group\",\"url\":\"https:\/\/www.euroakademie.de\/magazin\/\",\"logo\":{\"@type\":\"ImageObject\",\"inLanguage\":\"de\",\"@id\":\"https:\/\/www.euroakademie.de\/magazin\/#\/schema\/logo\/image\/\",\"url\":\"https:\/\/relaunch.euroakademie.de\/magazin\/wp-content\/uploads\/2024\/11\/Logo_EA_negativ_Rahmen_5cm_300dpi_RGB.jpg\",\"contentUrl\":\"https:\/\/relaunch.euroakademie.de\/magazin\/wp-content\/uploads\/2024\/11\/Logo_EA_negativ_Rahmen_5cm_300dpi_RGB.jpg\",\"width\":591,\"height\":236,\"caption\":\"ESO Education Group\"},\"image\":{\"@id\":\"https:\/\/www.euroakademie.de\/magazin\/#\/schema\/logo\/image\/\"}},{\"@type\":\"Person\",\"@id\":\"https:\/\/www.euroakademie.de\/magazin\/#\/schema\/person\/2c0d3896d19e86373c87f4ac022d4919\",\"name\":\"Tanja H\u00f6fling\",\"description\":\"Von Juli 2017 bis Juli 2022 informierte die ehemalige Online-Redakteurin des Euro Akademie Magazins regelm\u00e4\u00dfig \u00fcber Aktuelles und Wissenswertes zu den Themen Ausbildung, Studium und Beruf.\",\"url\":\"https:\/\/www.euroakademie.de\/magazin\/author\/hoeflingt\/\"}]}<\/script>\n<!-- \/ Yoast SEO plugin. -->","yoast_head_json":{"title":"Weiterbildung f\u00fcr Erzieher \/ Euro Akademie Magazin","description":"Nach der Ausbildung zum Erzieher haben Sie viele interessante M\u00f6glichkeiten zur Weiterbildung und Spezialisierung. Wir geben Ihnen einen \u00dcberblick.","robots":{"index":"index","follow":"follow","max-snippet":"max-snippet:-1","max-image-preview":"max-image-preview:large","max-video-preview":"max-video-preview:-1"},"canonical":"https:\/\/www.euroakademie.de\/magazin\/weiterbildungen-fuer-erzieher\/","og_locale":"de_DE","og_type":"article","og_title":"Weiterbildung f\u00fcr Erzieher \/ Euro Akademie Magazin","og_description":"Nach der Ausbildung zum Erzieher haben Sie viele interessante M\u00f6glichkeiten zur Weiterbildung und Spezialisierung. Wir geben Ihnen einen \u00dcberblick.","og_url":"https:\/\/www.euroakademie.de\/magazin\/weiterbildungen-fuer-erzieher\/","og_site_name":"Das Euro Akademie Magazin","article_published_time":"2019-08-21T06:15:00+00:00","article_modified_time":"2025-12-09T14:41:43+00:00","og_image":[{"width":702,"height":336,"url":"https:\/\/www.euroakademie.de\/magazin\/wp-content\/uploads\/2019\/08\/shutterstock_1011432418_702x336_web.jpg","type":"image\/jpeg"}],"author":"Tanja H\u00f6fling","twitter_card":"summary_large_image","twitter_misc":{"Verfasst von":"Tanja H\u00f6fling","Gesch\u00e4tzte Lesezeit":"4\u00a0Minuten"},"schema":{"@context":"https:\/\/schema.org","@graph":[{"@type":"Article","@id":"https:\/\/www.euroakademie.de\/magazin\/weiterbildungen-fuer-erzieher\/#article","isPartOf":{"@id":"https:\/\/www.euroakademie.de\/magazin\/weiterbildungen-fuer-erzieher\/"},"author":{"name":"Tanja H\u00f6fling","@id":"https:\/\/www.euroakademie.de\/magazin\/#\/schema\/person\/2c0d3896d19e86373c87f4ac022d4919"},"headline":"Weiterbildung f\u00fcr Erzieher \u2013 vom Fachberater bis zum Kinderschutzbeauftragten","datePublished":"2019-08-21T06:15:00+00:00","dateModified":"2025-12-09T14:41:43+00:00","mainEntityOfPage":{"@id":"https:\/\/www.euroakademie.de\/magazin\/weiterbildungen-fuer-erzieher\/"},"wordCount":851,"publisher":{"@id":"https:\/\/www.euroakademie.de\/magazin\/#organization"},"image":{"@id":"https:\/\/www.euroakademie.de\/magazin\/weiterbildungen-fuer-erzieher\/#primaryimage"},"thumbnailUrl":"https:\/\/www.euroakademie.de\/magazin\/wp-content\/uploads\/2019\/08\/shutterstock_1011432418_702x336_web.jpg","keywords":["Erzieher","Qualifikation","Weiterbildung","Workshops"],"articleSection":["\"M\u00e4nner und Frauen in Kitas\u201c","Karriere","P\u00e4dagogik &amp; Soziales"],"inLanguage":"de"},{"@type":"WebPage","@id":"https:\/\/www.euroakademie.de\/magazin\/weiterbildungen-fuer-erzieher\/","url":"https:\/\/www.euroakademie.de\/magazin\/weiterbildungen-fuer-erzieher\/","name":"Weiterbildung f\u00fcr Erzieher \/ Euro Akademie Magazin","isPartOf":{"@id":"https:\/\/www.euroakademie.de\/magazin\/#website"},"primaryImageOfPage":{"@id":"https:\/\/www.euroakademie.de\/magazin\/weiterbildungen-fuer-erzieher\/#primaryimage"},"image":{"@id":"https:\/\/www.euroakademie.de\/magazin\/weiterbildungen-fuer-erzieher\/#primaryimage"},"thumbnailUrl":"https:\/\/www.euroakademie.de\/magazin\/wp-content\/uploads\/2019\/08\/shutterstock_1011432418_702x336_web.jpg","datePublished":"2019-08-21T06:15:00+00:00","dateModified":"2025-12-09T14:41:43+00:00","description":"Nach der Ausbildung zum Erzieher haben Sie viele interessante M\u00f6glichkeiten zur Weiterbildung und Spezialisierung. Wir geben Ihnen einen \u00dcberblick.","breadcrumb":{"@id":"https:\/\/www.euroakademie.de\/magazin\/weiterbildungen-fuer-erzieher\/#breadcrumb"},"inLanguage":"de","potentialAction":[{"@type":"ReadAction","target":["https:\/\/www.euroakademie.de\/magazin\/weiterbildungen-fuer-erzieher\/"]}]},{"@type":"ImageObject","inLanguage":"de","@id":"https:\/\/www.euroakademie.de\/magazin\/weiterbildungen-fuer-erzieher\/#primaryimage","url":"https:\/\/www.euroakademie.de\/magazin\/wp-content\/uploads\/2019\/08\/shutterstock_1011432418_702x336_web.jpg","contentUrl":"https:\/\/www.euroakademie.de\/magazin\/wp-content\/uploads\/2019\/08\/shutterstock_1011432418_702x336_web.jpg","width":702,"height":336,"caption":""},{"@type":"BreadcrumbList","@id":"https:\/\/www.euroakademie.de\/magazin\/weiterbildungen-fuer-erzieher\/#breadcrumb","itemListElement":[{"@type":"ListItem","position":1,"name":"Startseite","item":"https:\/\/www.euroakademie.de\/magazin\/"},{"@type":"ListItem","position":2,"name":"Weiterbildung f\u00fcr Erzieher \u2013 vom Fachberater bis zum Kinderschutzbeauftragten"}]},{"@type":"WebSite","@id":"https:\/\/www.euroakademie.de\/magazin\/#website","url":"https:\/\/www.euroakademie.de\/magazin\/","name":"Das Euro Akademie Magazin","description":"Gut informiert durch Ausbildung und Studium","publisher":{"@id":"https:\/\/www.euroakademie.de\/magazin\/#organization"},"potentialAction":[{"@type":"SearchAction","target":{"@type":"EntryPoint","urlTemplate":"https:\/\/www.euroakademie.de\/magazin\/?s={search_term_string}"},"query-input":{"@type":"PropertyValueSpecification","valueRequired":true,"valueName":"search_term_string"}}],"inLanguage":"de"},{"@type":"Organization","@id":"https:\/\/www.euroakademie.de\/magazin\/#organization","name":"ESO Education Group","url":"https:\/\/www.euroakademie.de\/magazin\/","logo":{"@type":"ImageObject","inLanguage":"de","@id":"https:\/\/www.euroakademie.de\/magazin\/#\/schema\/logo\/image\/","url":"https:\/\/relaunch.euroakademie.de\/magazin\/wp-content\/uploads\/2024\/11\/Logo_EA_negativ_Rahmen_5cm_300dpi_RGB.jpg","contentUrl":"https:\/\/relaunch.euroakademie.de\/magazin\/wp-content\/uploads\/2024\/11\/Logo_EA_negativ_Rahmen_5cm_300dpi_RGB.jpg","width":591,"height":236,"caption":"ESO Education Group"},"image":{"@id":"https:\/\/www.euroakademie.de\/magazin\/#\/schema\/logo\/image\/"}},{"@type":"Person","@id":"https:\/\/www.euroakademie.de\/magazin\/#\/schema\/person\/2c0d3896d19e86373c87f4ac022d4919","name":"Tanja H\u00f6fling","description":"Von Juli 2017 bis Juli 2022 informierte die ehemalige Online-Redakteurin des Euro Akademie Magazins regelm\u00e4\u00dfig \u00fcber Aktuelles und Wissenswertes zu den Themen Ausbildung, Studium und Beruf.","url":"https:\/\/www.euroakademie.de\/magazin\/author\/hoeflingt\/"}]}},"_links":{"self":[{"href":"https:\/\/www.euroakademie.de\/magazin\/wp-json\/wp\/v2\/posts\/11322","targetHints":{"allow":["GET"]}}],"collection":[{"href":"https:\/\/www.euroakademie.de\/magazin\/wp-json\/wp\/v2\/posts"}],"about":[{"href":"https:\/\/www.euroakademie.de\/magazin\/wp-json\/wp\/v2\/types\/post"}],"author":[{"embeddable":true,"href":"https:\/\/www.euroakademie.de\/magazin\/wp-json\/wp\/v2\/users\/58"}],"replies":[{"embeddable":true,"href":"https:\/\/www.euroakademie.de\/magazin\/wp-json\/wp\/v2\/comments?post=11322"}],"version-history":[{"count":7,"href":"https:\/\/www.euroakademie.de\/magazin\/wp-json\/wp\/v2\/posts\/11322\/revisions"}],"predecessor-version":[{"id":29043,"href":"https:\/\/www.euroakademie.de\/magazin\/wp-json\/wp\/v2\/posts\/11322\/revisions\/29043"}],"wp:featuredmedia":[{"embeddable":true,"href":"https:\/\/www.euroakademie.de\/magazin\/wp-json\/wp\/v2\/media\/11330"}],"wp:attachment":[{"href":"https:\/\/www.euroakademie.de\/magazin\/wp-json\/wp\/v2\/media?parent=11322"}],"wp:term":[{"taxonomy":"category","embeddable":true,"href":"https:\/\/www.euroakademie.de\/magazin\/wp-json\/wp\/v2\/categories?post=11322"},{"taxonomy":"post_tag","embeddable":true,"href":"https:\/\/www.euroakademie.de\/magazin\/wp-json\/wp\/v2\/tags?post=11322"}],"curies":[{"name":"wp","href":"https:\/\/api.w.org\/{rel}","templated":true}]}}