{"id":11355,"date":"2019-08-26T07:57:15","date_gmt":"2019-08-26T05:57:15","guid":{"rendered":"https:\/\/www.euroakademie.de\/magazin\/?p=11355"},"modified":"2024-11-14T14:13:01","modified_gmt":"2024-11-14T13:13:01","slug":"jugendliche-gegen-den-klimawandel","status":"publish","type":"post","link":"https:\/\/www.euroakademie.de\/magazin\/jugendliche-gegen-den-klimawandel\/","title":{"rendered":"Greta Thunberg und Co. \u2013 Jugendliche k\u00e4mpfen gegen den Klimawandel"},"content":{"rendered":"\n\t\t\t\t<![CDATA[\n<p><strong>Ich selbst bin ja leider nicht mehr ganz jugendlich. Als Twentysomething z\u00e4hle ich nicht mehr zur Generation Z, die jetzt auf die Stra\u00dfe geht um f\u00fcr das Klima, den Planeten und ihre Zukunft zu k\u00e4mpfen. Zu meiner Schulzeit war das noch anders: Von uns hat keiner f\u00fcr seine Ideale demonstriert. Aber gerade deshalb bin ich stolz auf die Jugendlichen, die sich etwas trauen, sich engagieren und wissen, was sie wollen. Allen voran nat\u00fcrlich Greta Thunberg. Sie ist zum Symbol f\u00fcr den Kampf gegen den Klimawandel und die <a rel=\"noreferrer noopener\" aria-label=\"Fridays for Future (\u00f6ffnet in neuem Tab)\" href=\"https:\/\/www.euroakademie.de\/magazin\/fridays-for-future-was-sie-wissen-muessen\/\" target=\"_blank\">Fridays for Future<\/a>-Bewegung geworden. Doch Greta ist nicht die Einzige, die sich f\u00fcr unseren Planeten einsetzt. Viele andere Teenager k\u00e4mpfen mit klugen Ideen und viel Elan f\u00fcr eine saubere Umwelt. <\/strong><\/p>\n\n\n\n<p>Die junge Klimaaktivistin Greta Thunberg reist mit einem Segelboot nach New York zum Klimagipfel der Vereinten Nationen \u2013 und gleich schl\u00e4gt ihr eine gro\u00dfe Welle Hass entgegen. \u201e<a href=\"https:\/\/taz.de\/Thunbergs-Segelreise-in-die-USA\/!5615733\/\" target=\"_blank\" rel=\"noreferrer noopener\" aria-label=\" (\u00f6ffnet in neuem Tab)\">Gretas T\u00f6rn sch\u00e4dlicher als Flug<\/a>\u201c verk\u00fcndete die taz am 15. August und sofort waren sie alle dabei: Die gro\u00dfen Medien fanden immer mehr Kritikpunkte an der Aktivistin und die Kommentarspalten und Tweets f\u00fcllten sich mit hasserf\u00fcllter Geh\u00e4ssigkeit. Tatsache! Greta Thunberg ist keine Heilige und keine Jugendliche wird alleine die Welt retten. Dass ein junges M\u00e4dchen aber auf unsere Fehler der letzten Jahrzehnte aufmerksam macht, scheint uns Erwachsenen ganz sch\u00f6n Angst zu machen. Am Ende m\u00fcssten wir noch etwas \u00e4ndern an unserem liebgewonnenen Luxus \u2013 nein, lieber beschimpfen wir eine 16-J\u00e4hrige im Internet. Doch zum Gl\u00fcck ist Greta nicht allein. Teenager auf der ganzen Welt setzen sich mit Innovationen und Elan f\u00fcr unser Klima ein. Ein paar Beispiele gef\u00e4llig? Auf die Gefahr hin, dass die Klimawandelleugner vor Angst nicht mehr schlafen k\u00f6nnen? Bittesch\u00f6n!<\/p>\n\n\n\n<h2 class=\"wp-block-heading\"><strong>Linus Steinmetz: Pressesprecher mit 15 Jahren<\/strong> <\/h2>\n\n\n\n<p>\u201eEs liegt nun an uns, geeint gegen den Klimawandel zu k\u00e4mpfen und das ist unsere Aufgabe als die Jugendlichen.\u201c Linus Steinmetz, einer der Sprecher von Fridays for Future, fand bei einer <a href=\"https:\/\/www.youtube.com\/watch?v=JnnPzDJ2GNw\" target=\"_blank\" rel=\"noreferrer noopener\" aria-label=\" (\u00f6ffnet in neuem Tab)\">Pressekonferenz im April<\/a> klare Worte. Trotz (oder wegen?) seiner 15 Jahre steht er mit Bestimmtheit, Ausdauer und Eloquenz hinter der Bewegung. Er k\u00fcmmert sich um die Pressearbeit von FFF in Deutschland und vernetzt sich mit Klimaaktivisten in ganz Europa. Und Linus ist nicht allein: Hunderttausende Sch\u00fcler gehen inzwischen bundesweit auf die Stra\u00dfe, um f\u00fcr eine effizientere Klimapolitik, den Kohleausstieg bis 2030 und die Begrenzung der globalen Erw\u00e4rmung auf unter 1,5\u00b0 Celsius zu demonstrieren. <\/p>\n\n\n\n<h2 class=\"wp-block-heading\"><strong>Fionn Ferreira:\nmit Magneten gegen Mikroplastik<\/strong><\/h2>\n\n\n\n<p><a href=\"https:\/\/www.wwf.de\/fileadmin\/fm-wwf\/Publikationen-PDF\/WWF-Hintergrundpapier-Mikroplastik.pdf\" target=\"_blank\" rel=\"noreferrer noopener\" label=\" (\u00f6ffnet in neuem Tab)\">Mikroplastik<\/a>, das sind winzige Kunststoff-Teilchen, die inzwischen fast \u00fcberall in der Natur vorkommen: in den B\u00f6den, im Regenwasser, in der Luft und nat\u00fcrlich in den Fl\u00fcssen, Seen und Ozeanen. Und auch wir Menschen futtern kr\u00e4ftig Plastik \u2013 ungef\u00e4hr eine Kreditkarte pro Woche. Kunststoffe zersetzen sich nur sehr langsam, der Abbau dauert 450-2000 Jahre. Das Problem wird also immer gr\u00f6\u00dfer, denn in der Zwischenzeit produzieren wir ja immer mehr Plastik.<\/p>\n\n\n\n<p>Hier kommt Fionn Ferreira ins Spiel. Der 18-J\u00e4hrige hat eine Methode entwickelt, um Mikroplastik aus dem Wasser zu filtern. Und zwar mit einer magnetischen Fl\u00fcssigkeit: Die stellt er selbst her, indem er magnetisches Pulver mit Pflanzen\u00f6l vermischt. Gibt man das Gemisch ins Wasser, verbindet es sich mit den Plastikpartikeln. Dann braucht man nur noch einen Magneten, um die Fl\u00fcssigkeit, und damit auch das Mikroplastik, zu entfernen. F\u00fcr seine Entdeckung hat Fionn den Hauptpreis der diesj\u00e4hrigen Google Science Fair gewonnen. <\/p>\n\n\n\n<h2 class=\"wp-block-heading\"><strong>Luisa Neubauer: die deutsche Greta Thunberg?<\/strong><strong><\/strong><\/h2>\n\n\n\n<p>Auch Luisa Neubauer ist Teil der deutschen Fridays for Future-Bewegung und in den letzten Monaten zum Gesicht des Protestes geworden \u2013 obwohl sie das eigentlich nicht wollte. Die 23-j\u00e4hrige Studentin betont, dass ein Personenkult bei FFF unerw\u00fcnscht sei. Die mediale Pr\u00e4senz von Luisa l\u00e4sst sich wohl damit erkl\u00e4ren, dass sie viel Erfahrung mitbringt: An ihrer ersten Demo nahm sie schon im Grundschulalter teil, danach engagierte sie sich \u00fcber Jahre in verschiedenen Klimaschutzorganisationen, verfasste Gastbeitr\u00e4ge  f\u00fcr renommierte Zeitungen und Magazine und war 2018 sogar deutsche Delegierte beim Weltjugendgipfel zum Treffen der G7. Auch Luisa hat mit viel Gegenwind und Hass zu k\u00e4mpfen. Doch sie <a href=\"https:\/\/www.welt.de\/wirtschaft\/article196338525\/Luisa-Neubauer-von-Fridays-for-Future-Bei-der-Klimakrise-kann-man-nicht-weit-genug-gehen.html\" target=\"_blank\" rel=\"noreferrer noopener\" aria-label=\" (\u00f6ffnet in neuem Tab)\">bleibt standhaft<\/a>: \u201eWir m\u00fcssen weg vom quantitativen Wachstum und Konsum, hin zu einem qualitativen Wachstum mit Gl\u00fcck, Freiheit und Liebe\u201c. Das mag idealistisch sein. Aber vielleicht ist es gerade der jugendliche Idealismus, den wir brauchen, um wirklich etwas zu ver\u00e4ndern. <\/p>\n\n\n\n<h2 class=\"wp-block-heading\"><strong>Xiuhtezcatl Martinez: Klimasch\u00fctzer, bevor es cool war<\/strong><\/h2>\n\n\n\n<p>Xiuhtezcatl setzt sich schon seit seiner Kindheit f\u00fcr den Umweltschutz ein. Mit sechs Jahren hielt er seinen ersten \u00f6ffentlichen Vortrag \u2013 seitdem hat auf der ganzen Welt \u00fcber den Klimawandel gesprochen, 2015 sogar vor den Vereinten Nationen als j\u00fcngster Redner aller Zeiten. Nebenbei hat der 19-j\u00e4hrige US-Amerikaner ein Buch geschrieben, mehrere Hip-Hop-Songs ver\u00f6ffentlicht und ist Jugenddirektor der NGO \u201e<a href=\"https:\/\/www.earthguardians.org\/\" target=\"_blank\" rel=\"noreferrer noopener\" label=\" (\u00f6ffnet in neuem Tab)\">Earth Guardians<\/a>\u201c. Au\u00dferdem verklagte der junge Aktivist die US-Regierung: Weil die nicht genug gegen den Klimawandel unternehme, versto\u00dfe sie gegen sein verfassungsm\u00e4\u00dfiges Recht auf Leben, Freiheit und Eigentum.<\/p>\n\n\n\n<h2 class=\"wp-block-heading\"><strong>Maya Penn: eine Firma mit acht Jahren <\/strong><\/h2>\n\n\n\n<p>Maya Penn ist 19 Jahre alt \u2013 und CEO der Modefirma <a href=\"https:\/\/mayasideas.com\/about-maya\" target=\"_blank\" rel=\"noreferrer noopener\" label=\" (\u00f6ffnet in neuem Tab)\">Maya&#8217;s Ideas<\/a>, die nachhaltige und umweltfreundliche Kleidung herstellt. Gegr\u00fcndet hat sie das Unternehmen bereits mit acht Jahren, denn schon damals hatte sie zwei gro\u00dfe Leidenschaften: den Umweltschutz und die Mode. Wie gut sich die beiden verbinden lassen, zeigt Maya mit ihren selbstdesignten, umweltfreundlichen Outfits. Inzwischen hat die Jungunternehmerin viele Vortr\u00e4ge zum Klimawandel gehalten und ein Buch geschrieben, das junge Menschen ermutigen soll, ihre Ziele zu verwirklichen. <\/p>\n\n\n\n<h2 class=\"wp-block-heading\"><strong>Clara B\u00fctow: Fahrradtour f\u00fcr Nachhaltigkeit<\/strong><\/h2>\n\n\n\n<p>38 Kilogramm <a rel=\"noreferrer noopener\" aria-label=\"Plastikm\u00fcll (\u00f6ffnet in neuem Tab)\" href=\"https:\/\/www.euroakademie.de\/magazin\/klimaschutz-im-alltag\/\" target=\"_blank\">Plastikm\u00fcll<\/a> produziert jeder von uns pro Jahr. Diese Zahl muss niedriger werden, bevor unsere Ozeane vollends verm\u00fcllen. Nachhaltigkeit und Recycling ist gefragt. Auf dieses Problem m\u00f6chte <a href=\"https:\/\/impactrevolution.eu\/\" target=\"_blank\" rel=\"noreferrer noopener\" aria-label=\"Clara B\u00fctow (\u00f6ffnet in neuem Tab)\">Clara B\u00fctow<\/a> aufmerksam machen. Mit dem Fahrrad fuhr sie zwei Monate lang durch Europa, begleitet von Trashmingo, einer Flamingo-Figur, die Clara komplett aus M\u00fcll gebastelt hat. Unterwegs organisierte die 24-J\u00e4hrige viele Veranstaltungen, um \u00fcber das Plastikproblem zu informieren: <a rel=\"noreferrer noopener\" aria-label=\"Plogging (\u00f6ffnet in neuem Tab)\" href=\"https:\/\/www.euroakademie.de\/magazin\/joggst-du-noch-oder-ploggst-du-schon\/\" target=\"_blank\">Plogging<\/a>, Workshops und Konferenzen. Gleichzeitig vertritt die Aktivistin aber einen moderaten Ansatz. Sie verlange von niemandem, nach dem \u201eZero Waste\u201c-Prinzip zu leben und gar keinen M\u00fcll mehr zu verursachen. Viel wichtiger sei es, dass jeder von uns seinen Plastikkonsum einschr\u00e4nkt \u2013 denn nur gemeinsam k\u00f6nnen wir die Welt ver\u00e4ndern. [su_spacer]<\/p>\n]]>\t\t","protected":false},"excerpt":{"rendered":"<p>\t\t\t\t<![CDATA[Greta Thunberg ist nicht allein: Teenager auf der ganzen Welt setzen sich mit Elan, viel Mut und klugen Ideen gegen den Klimawandel ein. ]]>\t\t<\/p>\n","protected":false},"author":76,"featured_media":11360,"comment_status":"closed","ping_status":"closed","sticky":false,"template":"","format":"standard","meta":{"footnotes":""},"categories":[118],"tags":[3226,4366,4630,4633,4636,8530,8536],"class_list":{"0":"post-11355","1":"post","2":"type-post","3":"status-publish","4":"format-standard","5":"has-post-thumbnail","7":"category-im-fokus","8":"tag-fridaysforfuture","9":"tag-jugendliche","10":"tag-klima","11":"tag-klimaschutz","12":"tag-klimawandel","13":"tag-umweltaktivisten","14":"tag-umweltschutz"},"yoast_head":"<!-- This site is optimized with the Yoast SEO plugin v23.5 - https:\/\/yoast.com\/wordpress\/plugins\/seo\/ -->\n<title>Greta Thunberg und Co. \u2013 Jugendliche k\u00e4mpfen gegen den Klimawandel<\/title>\n<meta name=\"description\" content=\"Greta Thunberg ist nicht allein: Teenager auf der ganzen Welt setzen sich mit Elan, viel Mut und klugen Ideen gegen den Klimawandel ein.\" \/>\n<meta name=\"robots\" content=\"index, follow, max-snippet:-1, max-image-preview:large, max-video-preview:-1\" \/>\n<link rel=\"canonical\" href=\"https:\/\/www.euroakademie.de\/magazin\/jugendliche-gegen-den-klimawandel\/\" \/>\n<meta property=\"og:locale\" content=\"de_DE\" \/>\n<meta property=\"og:type\" content=\"article\" \/>\n<meta property=\"og:title\" content=\"Greta Thunberg und Co. \u2013 Jugendliche k\u00e4mpfen gegen den Klimawandel\" \/>\n<meta property=\"og:description\" content=\"Greta Thunberg ist nicht allein: Teenager auf der ganzen Welt setzen sich mit Elan, viel Mut und klugen Ideen gegen den Klimawandel ein.\" \/>\n<meta property=\"og:url\" content=\"https:\/\/www.euroakademie.de\/magazin\/jugendliche-gegen-den-klimawandel\/\" \/>\n<meta property=\"og:site_name\" content=\"Das Euro Akademie Magazin\" \/>\n<meta property=\"article:published_time\" content=\"2019-08-26T05:57:15+00:00\" \/>\n<meta property=\"article:modified_time\" content=\"2024-11-14T13:13:01+00:00\" \/>\n<meta property=\"og:image\" content=\"https:\/\/www.euroakademie.de\/magazin\/wp-content\/uploads\/2019\/08\/titelbild.png\" \/>\n\t<meta property=\"og:image:width\" content=\"702\" \/>\n\t<meta property=\"og:image:height\" content=\"338\" \/>\n\t<meta property=\"og:image:type\" content=\"image\/png\" \/>\n<meta name=\"author\" content=\"Anna R\u00fcppel\" \/>\n<meta name=\"twitter:card\" content=\"summary_large_image\" \/>\n<meta name=\"twitter:label1\" content=\"Verfasst von\" \/>\n\t<meta name=\"twitter:data1\" content=\"Anna R\u00fcppel\" \/>\n\t<meta name=\"twitter:label2\" content=\"Gesch\u00e4tzte Lesezeit\" \/>\n\t<meta name=\"twitter:data2\" content=\"5\u00a0Minuten\" \/>\n<script type=\"application\/ld+json\" class=\"yoast-schema-graph\">{\"@context\":\"https:\/\/schema.org\",\"@graph\":[{\"@type\":\"Article\",\"@id\":\"https:\/\/www.euroakademie.de\/magazin\/jugendliche-gegen-den-klimawandel\/#article\",\"isPartOf\":{\"@id\":\"https:\/\/www.euroakademie.de\/magazin\/jugendliche-gegen-den-klimawandel\/\"},\"author\":{\"name\":\"Anna R\u00fcppel\",\"@id\":\"https:\/\/www.euroakademie.de\/magazin\/#\/schema\/person\/60fedb6ea7279f88d9086938e970d05e\"},\"headline\":\"Greta Thunberg und Co. \u2013 Jugendliche k\u00e4mpfen gegen den Klimawandel\",\"datePublished\":\"2019-08-26T05:57:15+00:00\",\"dateModified\":\"2024-11-14T13:13:01+00:00\",\"mainEntityOfPage\":{\"@id\":\"https:\/\/www.euroakademie.de\/magazin\/jugendliche-gegen-den-klimawandel\/\"},\"wordCount\":1064,\"publisher\":{\"@id\":\"https:\/\/www.euroakademie.de\/magazin\/#organization\"},\"image\":{\"@id\":\"https:\/\/www.euroakademie.de\/magazin\/jugendliche-gegen-den-klimawandel\/#primaryimage\"},\"thumbnailUrl\":\"https:\/\/www.euroakademie.de\/magazin\/wp-content\/uploads\/2019\/08\/titelbild.png\",\"keywords\":[\"FridaysForFuture\",\"Jugendliche\",\"Klima\",\"Klimaschutz\",\"Klimawandel\",\"Umweltaktivisten\",\"Umweltschutz\"],\"articleSection\":[\"Im Fokus\"],\"inLanguage\":\"de\"},{\"@type\":\"WebPage\",\"@id\":\"https:\/\/www.euroakademie.de\/magazin\/jugendliche-gegen-den-klimawandel\/\",\"url\":\"https:\/\/www.euroakademie.de\/magazin\/jugendliche-gegen-den-klimawandel\/\",\"name\":\"Greta Thunberg und Co. \u2013 Jugendliche k\u00e4mpfen gegen den Klimawandel\",\"isPartOf\":{\"@id\":\"https:\/\/www.euroakademie.de\/magazin\/#website\"},\"primaryImageOfPage\":{\"@id\":\"https:\/\/www.euroakademie.de\/magazin\/jugendliche-gegen-den-klimawandel\/#primaryimage\"},\"image\":{\"@id\":\"https:\/\/www.euroakademie.de\/magazin\/jugendliche-gegen-den-klimawandel\/#primaryimage\"},\"thumbnailUrl\":\"https:\/\/www.euroakademie.de\/magazin\/wp-content\/uploads\/2019\/08\/titelbild.png\",\"datePublished\":\"2019-08-26T05:57:15+00:00\",\"dateModified\":\"2024-11-14T13:13:01+00:00\",\"description\":\"Greta Thunberg ist nicht allein: Teenager auf der ganzen Welt setzen sich mit Elan, viel Mut und klugen Ideen gegen den Klimawandel ein.\",\"breadcrumb\":{\"@id\":\"https:\/\/www.euroakademie.de\/magazin\/jugendliche-gegen-den-klimawandel\/#breadcrumb\"},\"inLanguage\":\"de\",\"potentialAction\":[{\"@type\":\"ReadAction\",\"target\":[\"https:\/\/www.euroakademie.de\/magazin\/jugendliche-gegen-den-klimawandel\/\"]}]},{\"@type\":\"ImageObject\",\"inLanguage\":\"de\",\"@id\":\"https:\/\/www.euroakademie.de\/magazin\/jugendliche-gegen-den-klimawandel\/#primaryimage\",\"url\":\"https:\/\/www.euroakademie.de\/magazin\/wp-content\/uploads\/2019\/08\/titelbild.png\",\"contentUrl\":\"https:\/\/www.euroakademie.de\/magazin\/wp-content\/uploads\/2019\/08\/titelbild.png\",\"width\":702,\"height\":338,\"caption\":\"\"},{\"@type\":\"BreadcrumbList\",\"@id\":\"https:\/\/www.euroakademie.de\/magazin\/jugendliche-gegen-den-klimawandel\/#breadcrumb\",\"itemListElement\":[{\"@type\":\"ListItem\",\"position\":1,\"name\":\"Startseite\",\"item\":\"https:\/\/www.euroakademie.de\/magazin\/\"},{\"@type\":\"ListItem\",\"position\":2,\"name\":\"Greta Thunberg und Co. \u2013 Jugendliche k\u00e4mpfen gegen den Klimawandel\"}]},{\"@type\":\"WebSite\",\"@id\":\"https:\/\/www.euroakademie.de\/magazin\/#website\",\"url\":\"https:\/\/www.euroakademie.de\/magazin\/\",\"name\":\"Das Euro Akademie Magazin\",\"description\":\"Gut informiert durch Ausbildung und Studium\",\"publisher\":{\"@id\":\"https:\/\/www.euroakademie.de\/magazin\/#organization\"},\"potentialAction\":[{\"@type\":\"SearchAction\",\"target\":{\"@type\":\"EntryPoint\",\"urlTemplate\":\"https:\/\/www.euroakademie.de\/magazin\/?s={search_term_string}\"},\"query-input\":{\"@type\":\"PropertyValueSpecification\",\"valueRequired\":true,\"valueName\":\"search_term_string\"}}],\"inLanguage\":\"de\"},{\"@type\":\"Organization\",\"@id\":\"https:\/\/www.euroakademie.de\/magazin\/#organization\",\"name\":\"ESO Education Group\",\"url\":\"https:\/\/www.euroakademie.de\/magazin\/\",\"logo\":{\"@type\":\"ImageObject\",\"inLanguage\":\"de\",\"@id\":\"https:\/\/www.euroakademie.de\/magazin\/#\/schema\/logo\/image\/\",\"url\":\"https:\/\/relaunch.euroakademie.de\/magazin\/wp-content\/uploads\/2024\/11\/Logo_EA_negativ_Rahmen_5cm_300dpi_RGB.jpg\",\"contentUrl\":\"https:\/\/relaunch.euroakademie.de\/magazin\/wp-content\/uploads\/2024\/11\/Logo_EA_negativ_Rahmen_5cm_300dpi_RGB.jpg\",\"width\":591,\"height\":236,\"caption\":\"ESO Education Group\"},\"image\":{\"@id\":\"https:\/\/www.euroakademie.de\/magazin\/#\/schema\/logo\/image\/\"}},{\"@type\":\"Person\",\"@id\":\"https:\/\/www.euroakademie.de\/magazin\/#\/schema\/person\/60fedb6ea7279f88d9086938e970d05e\",\"name\":\"Anna R\u00fcppel\",\"description\":\"Anna R\u00fcppel ist mit 1,78 m die Gr\u00f6\u00dfte, wenn es um Ausbildung und Beruf geht. Als Kind war sie kleiner. Von April 2019 bis November 2022 schrieb sie kleinere und gr\u00f6\u00dfere Artikel f\u00fcr das Euro Akademie Magazin.\",\"url\":\"https:\/\/www.euroakademie.de\/magazin\/author\/rueppela\/\"}]}<\/script>\n<!-- \/ Yoast SEO plugin. -->","yoast_head_json":{"title":"Greta Thunberg und Co. \u2013 Jugendliche k\u00e4mpfen gegen den Klimawandel","description":"Greta Thunberg ist nicht allein: Teenager auf der ganzen Welt setzen sich mit Elan, viel Mut und klugen Ideen gegen den Klimawandel ein.","robots":{"index":"index","follow":"follow","max-snippet":"max-snippet:-1","max-image-preview":"max-image-preview:large","max-video-preview":"max-video-preview:-1"},"canonical":"https:\/\/www.euroakademie.de\/magazin\/jugendliche-gegen-den-klimawandel\/","og_locale":"de_DE","og_type":"article","og_title":"Greta Thunberg und Co. \u2013 Jugendliche k\u00e4mpfen gegen den Klimawandel","og_description":"Greta Thunberg ist nicht allein: Teenager auf der ganzen Welt setzen sich mit Elan, viel Mut und klugen Ideen gegen den Klimawandel ein.","og_url":"https:\/\/www.euroakademie.de\/magazin\/jugendliche-gegen-den-klimawandel\/","og_site_name":"Das Euro Akademie Magazin","article_published_time":"2019-08-26T05:57:15+00:00","article_modified_time":"2024-11-14T13:13:01+00:00","og_image":[{"width":702,"height":338,"url":"https:\/\/www.euroakademie.de\/magazin\/wp-content\/uploads\/2019\/08\/titelbild.png","type":"image\/png"}],"author":"Anna R\u00fcppel","twitter_card":"summary_large_image","twitter_misc":{"Verfasst von":"Anna R\u00fcppel","Gesch\u00e4tzte Lesezeit":"5\u00a0Minuten"},"schema":{"@context":"https:\/\/schema.org","@graph":[{"@type":"Article","@id":"https:\/\/www.euroakademie.de\/magazin\/jugendliche-gegen-den-klimawandel\/#article","isPartOf":{"@id":"https:\/\/www.euroakademie.de\/magazin\/jugendliche-gegen-den-klimawandel\/"},"author":{"name":"Anna R\u00fcppel","@id":"https:\/\/www.euroakademie.de\/magazin\/#\/schema\/person\/60fedb6ea7279f88d9086938e970d05e"},"headline":"Greta Thunberg und Co. \u2013 Jugendliche k\u00e4mpfen gegen den Klimawandel","datePublished":"2019-08-26T05:57:15+00:00","dateModified":"2024-11-14T13:13:01+00:00","mainEntityOfPage":{"@id":"https:\/\/www.euroakademie.de\/magazin\/jugendliche-gegen-den-klimawandel\/"},"wordCount":1064,"publisher":{"@id":"https:\/\/www.euroakademie.de\/magazin\/#organization"},"image":{"@id":"https:\/\/www.euroakademie.de\/magazin\/jugendliche-gegen-den-klimawandel\/#primaryimage"},"thumbnailUrl":"https:\/\/www.euroakademie.de\/magazin\/wp-content\/uploads\/2019\/08\/titelbild.png","keywords":["FridaysForFuture","Jugendliche","Klima","Klimaschutz","Klimawandel","Umweltaktivisten","Umweltschutz"],"articleSection":["Im Fokus"],"inLanguage":"de"},{"@type":"WebPage","@id":"https:\/\/www.euroakademie.de\/magazin\/jugendliche-gegen-den-klimawandel\/","url":"https:\/\/www.euroakademie.de\/magazin\/jugendliche-gegen-den-klimawandel\/","name":"Greta Thunberg und Co. \u2013 Jugendliche k\u00e4mpfen gegen den Klimawandel","isPartOf":{"@id":"https:\/\/www.euroakademie.de\/magazin\/#website"},"primaryImageOfPage":{"@id":"https:\/\/www.euroakademie.de\/magazin\/jugendliche-gegen-den-klimawandel\/#primaryimage"},"image":{"@id":"https:\/\/www.euroakademie.de\/magazin\/jugendliche-gegen-den-klimawandel\/#primaryimage"},"thumbnailUrl":"https:\/\/www.euroakademie.de\/magazin\/wp-content\/uploads\/2019\/08\/titelbild.png","datePublished":"2019-08-26T05:57:15+00:00","dateModified":"2024-11-14T13:13:01+00:00","description":"Greta Thunberg ist nicht allein: Teenager auf der ganzen Welt setzen sich mit Elan, viel Mut und klugen Ideen gegen den Klimawandel ein.","breadcrumb":{"@id":"https:\/\/www.euroakademie.de\/magazin\/jugendliche-gegen-den-klimawandel\/#breadcrumb"},"inLanguage":"de","potentialAction":[{"@type":"ReadAction","target":["https:\/\/www.euroakademie.de\/magazin\/jugendliche-gegen-den-klimawandel\/"]}]},{"@type":"ImageObject","inLanguage":"de","@id":"https:\/\/www.euroakademie.de\/magazin\/jugendliche-gegen-den-klimawandel\/#primaryimage","url":"https:\/\/www.euroakademie.de\/magazin\/wp-content\/uploads\/2019\/08\/titelbild.png","contentUrl":"https:\/\/www.euroakademie.de\/magazin\/wp-content\/uploads\/2019\/08\/titelbild.png","width":702,"height":338,"caption":""},{"@type":"BreadcrumbList","@id":"https:\/\/www.euroakademie.de\/magazin\/jugendliche-gegen-den-klimawandel\/#breadcrumb","itemListElement":[{"@type":"ListItem","position":1,"name":"Startseite","item":"https:\/\/www.euroakademie.de\/magazin\/"},{"@type":"ListItem","position":2,"name":"Greta Thunberg und Co. \u2013 Jugendliche k\u00e4mpfen gegen den Klimawandel"}]},{"@type":"WebSite","@id":"https:\/\/www.euroakademie.de\/magazin\/#website","url":"https:\/\/www.euroakademie.de\/magazin\/","name":"Das Euro Akademie Magazin","description":"Gut informiert durch Ausbildung und Studium","publisher":{"@id":"https:\/\/www.euroakademie.de\/magazin\/#organization"},"potentialAction":[{"@type":"SearchAction","target":{"@type":"EntryPoint","urlTemplate":"https:\/\/www.euroakademie.de\/magazin\/?s={search_term_string}"},"query-input":{"@type":"PropertyValueSpecification","valueRequired":true,"valueName":"search_term_string"}}],"inLanguage":"de"},{"@type":"Organization","@id":"https:\/\/www.euroakademie.de\/magazin\/#organization","name":"ESO Education Group","url":"https:\/\/www.euroakademie.de\/magazin\/","logo":{"@type":"ImageObject","inLanguage":"de","@id":"https:\/\/www.euroakademie.de\/magazin\/#\/schema\/logo\/image\/","url":"https:\/\/relaunch.euroakademie.de\/magazin\/wp-content\/uploads\/2024\/11\/Logo_EA_negativ_Rahmen_5cm_300dpi_RGB.jpg","contentUrl":"https:\/\/relaunch.euroakademie.de\/magazin\/wp-content\/uploads\/2024\/11\/Logo_EA_negativ_Rahmen_5cm_300dpi_RGB.jpg","width":591,"height":236,"caption":"ESO Education Group"},"image":{"@id":"https:\/\/www.euroakademie.de\/magazin\/#\/schema\/logo\/image\/"}},{"@type":"Person","@id":"https:\/\/www.euroakademie.de\/magazin\/#\/schema\/person\/60fedb6ea7279f88d9086938e970d05e","name":"Anna R\u00fcppel","description":"Anna R\u00fcppel ist mit 1,78 m die Gr\u00f6\u00dfte, wenn es um Ausbildung und Beruf geht. Als Kind war sie kleiner. Von April 2019 bis November 2022 schrieb sie kleinere und gr\u00f6\u00dfere Artikel f\u00fcr das Euro Akademie Magazin.","url":"https:\/\/www.euroakademie.de\/magazin\/author\/rueppela\/"}]}},"_links":{"self":[{"href":"https:\/\/www.euroakademie.de\/magazin\/wp-json\/wp\/v2\/posts\/11355","targetHints":{"allow":["GET"]}}],"collection":[{"href":"https:\/\/www.euroakademie.de\/magazin\/wp-json\/wp\/v2\/posts"}],"about":[{"href":"https:\/\/www.euroakademie.de\/magazin\/wp-json\/wp\/v2\/types\/post"}],"author":[{"embeddable":true,"href":"https:\/\/www.euroakademie.de\/magazin\/wp-json\/wp\/v2\/users\/76"}],"replies":[{"embeddable":true,"href":"https:\/\/www.euroakademie.de\/magazin\/wp-json\/wp\/v2\/comments?post=11355"}],"version-history":[{"count":3,"href":"https:\/\/www.euroakademie.de\/magazin\/wp-json\/wp\/v2\/posts\/11355\/revisions"}],"predecessor-version":[{"id":22455,"href":"https:\/\/www.euroakademie.de\/magazin\/wp-json\/wp\/v2\/posts\/11355\/revisions\/22455"}],"wp:featuredmedia":[{"embeddable":true,"href":"https:\/\/www.euroakademie.de\/magazin\/wp-json\/wp\/v2\/media\/11360"}],"wp:attachment":[{"href":"https:\/\/www.euroakademie.de\/magazin\/wp-json\/wp\/v2\/media?parent=11355"}],"wp:term":[{"taxonomy":"category","embeddable":true,"href":"https:\/\/www.euroakademie.de\/magazin\/wp-json\/wp\/v2\/categories?post=11355"},{"taxonomy":"post_tag","embeddable":true,"href":"https:\/\/www.euroakademie.de\/magazin\/wp-json\/wp\/v2\/tags?post=11355"}],"curies":[{"name":"wp","href":"https:\/\/api.w.org\/{rel}","templated":true}]}}