{"id":11607,"date":"2019-09-26T10:42:17","date_gmt":"2019-09-26T08:42:17","guid":{"rendered":"https:\/\/www.euroakademie.de\/magazin\/?p=11607"},"modified":"2019-09-26T10:42:17","modified_gmt":"2019-09-26T08:42:17","slug":"exkursion-in-die-diverscity","status":"publish","type":"post","link":"https:\/\/www.euroakademie.de\/magazin\/exkursion-in-die-diverscity\/","title":{"rendered":"David Bowie und das andere Ufer \u2013 Exkursion in die diversCITY"},"content":{"rendered":"\n\t\t\t\t<![CDATA[\n<p><strong>Diversit\u00e4t wird in Berlin gelebt. Deswegen sind Offenheit, eine demokratische Haltung und bewusstes, inklusives Handeln f\u00fcr unsere angehenden p\u00e4dagogischen Fachkr\u00e4fte essenzielle Themen. Aber wie k\u00f6nnen wir demokratische Werte am besten vermitteln? Wie kommen wir mit Kindern und Jugendlichen \u00fcber Vielfalt und Gleichberechtigung ins Gespr\u00e4ch? <\/strong><\/p>\n\n\n\n<p>Im queeren Szene-Bezirk Sch\u00f6neberg l\u00e4dt das Jugend Museum dazu ein, die Vielfalt des innerst\u00e4dtischen Sozialraumes zu erkunden, wertzusch\u00e4tzen und sich selbst als Teil davon zu verstehen. Das Modellprojekt &#8222;All Included&#8220;, das 2017 mit dem BKM-Preis Kulturelle Bildung von der Bundesregierung ausgezeichnet wurde, sensibilisiert Kinder, Jugendliche und Erwachsene auf kreative und spielerische Weise f\u00fcr die verschiedenen Aspekte von Diversit\u00e4t.<\/p>\n\n\n\n<h2 class=\"wp-block-heading\">diversCITY \u2013 Mitmachen erw\u00fcnscht<\/h2>\n\n\n\n<div class=\"wp-block-image\"><figure class=\"alignright is-resized\"><img fetchpriority=\"high\" decoding=\"async\" src=\"https:\/\/relaunch.euroakademie.de\/magazin\/wp-content\/uploads\/2019\/09\/4_JugendMuseum_web-e1569485634400.jpg\" alt=\"\" class=\"wp-image-11615\" width=\"315\" height=\"236\" srcset=\"https:\/\/www.euroakademie.de\/magazin\/wp-content\/uploads\/2019\/09\/4_JugendMuseum_web-e1569485634400.jpg 300w, https:\/\/www.euroakademie.de\/magazin\/wp-content\/uploads\/2019\/09\/4_JugendMuseum_web-e1569485634400-150x113.jpg 150w\" sizes=\"(max-width: 315px) 100vw, 315px\" \/><figcaption>diversCITY entdecken<\/figcaption><\/figure><\/div>\n\n\n\n<p>Wer die Ausstellung &#8222;diversCITY&#8220; besucht, kann selbst ausprobieren und aktiv mitgestalten. Dadurch wird der gesellschaftliche Diskurs in den R\u00e4umen des Museums direkt erfahrbar und der Gegenstand der Ausstellung lebendig und pers\u00f6nlich \u2013 nicht nur bei Exponaten zu aktuellen Geschichten und Materialien, sondern auch in Bezug auf die bewegende queere Vergangenheit Sch\u00f6nebergs.<\/p>\n\n\n\n<h2 class=\"wp-block-heading\">80 queere Orte und ihre Geschichte<\/h2>\n\n\n\n<p>Mehrere Klassen der Fachschule f\u00fcr Sozialp\u00e4dagogik der <a href=\"https:\/\/www.euroakademie.de\/de\/standorte\/berlin.html\" target=\"_blank\" rel=\"noreferrer noopener\" aria-label=\"Euro Akademie Berlin (\u00f6ffnet in neuem Tab)\">Euro Akademie Berlin<\/a> nahmen in der vergangenen Woche an einem Workshop des Jugend Museums teil, das sie zun\u00e4chst einlud, sich in die Rolle der Jugendlichen hinein zu versetzen und die Ausstellung frei zu erforschen. <\/p>\n\n\n\n<p>Das Modell des Kiezes, mit rund 80 queeren Orten, \u00fcbte eine besondere Faszination aus, denn neben den vielen ber\u00fchmten St\u00e4tten entdeckten einige Studierende ihnen bis dahin noch v\u00f6llig unbekannte Locations und Geschichten.<\/p>\n\n\n\n<h2 class=\"wp-block-heading\">Was ist der Unterschied zwischen gleich und gerecht?<\/h2>\n\n\n\n<div class=\"wp-block-image\"><figure class=\"alignleft\"><img decoding=\"async\" width=\"300\" height=\"182\" src=\"https:\/\/relaunch.euroakademie.de\/magazin\/wp-content\/uploads\/2019\/09\/3_JugendMuseum_web-e1569485106840.jpg\" alt=\"Was ist der Unterschied zwischen gleich ung gerecht?\" class=\"wp-image-11613\" srcset=\"https:\/\/www.euroakademie.de\/magazin\/wp-content\/uploads\/2019\/09\/3_JugendMuseum_web-e1569485106840.jpg 300w, https:\/\/www.euroakademie.de\/magazin\/wp-content\/uploads\/2019\/09\/3_JugendMuseum_web-e1569485106840-150x91.jpg 150w\" sizes=\"(max-width: 300px) 100vw, 300px\" \/><figcaption>Gleich oder gerecht?<\/figcaption><\/figure><\/div>\n\n\n\n<p>Eine Museums-Rallye regte an, sich gezielt mit bestimmten Fragestellungen zu besch\u00e4ftigen und dar\u00fcber miteinander ins Gespr\u00e4ch zu kommen, wie zum Beispiel: Was ist der Unterschied zwischen gleich und gerecht? Und was haben die drei unterschiedlich gro\u00dfen Spielfiguren und die drei Baukl\u00f6tzchen damit zu tun? Die Visualisierungen des Museums sind so treffend und einleuchtend, dass die Antworten fast wie selbstverst\u00e4ndlich wirken.[su_spacer size=&#8220;10&#8243;]<\/p>\n\n\n\n<p>Ein tolles Vorbild, wie wir unseren p\u00e4dagogischen Auftrag aus dem Berliner Rahmenlehrplan f\u00fcr <a rel=\"noreferrer noopener\" aria-label=\"Erzieher*innen (\u00f6ffnet in neuem Tab)\" href=\"https:\/\/www.euroakademie.de\/de\/ausbildung\/paedagogik-soziales\/erzieher.html\" target=\"_blank\">Erzieher*innen<\/a> im Lernfeld 3 &#8222;Lebenswelten und Diversit\u00e4t wahrnehmen, verstehen und Inklusion f\u00f6rdern&#8220; umsetzen k\u00f6nnen. <\/p>\n\n\n\n<div class=\"wp-block-image\"><figure class=\"alignright is-resized\"><img decoding=\"async\" src=\"https:\/\/relaunch.euroakademie.de\/magazin\/wp-content\/uploads\/2019\/09\/7_JugendMuseum_web-3.jpg\" alt=\"\" class=\"wp-image-11628\" width=\"291\" height=\"245\" srcset=\"https:\/\/www.euroakademie.de\/magazin\/wp-content\/uploads\/2019\/09\/7_JugendMuseum_web-3.jpg 500w, https:\/\/www.euroakademie.de\/magazin\/wp-content\/uploads\/2019\/09\/7_JugendMuseum_web-3-300x253.jpg 300w, https:\/\/www.euroakademie.de\/magazin\/wp-content\/uploads\/2019\/09\/7_JugendMuseum_web-3-150x126.jpg 150w, https:\/\/www.euroakademie.de\/magazin\/wp-content\/uploads\/2019\/09\/7_JugendMuseum_web-3-450x379.jpg 450w\" sizes=\"(max-width: 291px) 100vw, 291px\" \/><\/figure><\/div>\n\n\n\n<p>Nach Gespr\u00e4chen \u00fcber neue Erkenntnisse und Reflexion \u00fcber die eigene Perspektive konnten sich die Studierenden mit den Museumsp\u00e4dagog*innen des Jugend Museums \u00fcber zielgruppenorientierte Didaktik, p\u00e4dagogische Vermittlungsmethoden und konkrete Erfahrungen mit Kindern und Jugendlichen austauschen und schlie\u00dflich noch Lehr- und Spielmaterialien f\u00fcr die eigene Praxis mitnehmen.<\/p>\n\n\n\n<p>Wir bedanken uns beim <a rel=\"noreferrer noopener\" aria-label=\"Jugend Museum Sch\u00f6neberg (\u00f6ffnet in neuem Tab)\" href=\"https:\/\/www.museen-tempelhof-schoeneberg.de\/jugendmuseum.html\" target=\"_blank\">Jugend Museum<\/a> Sch\u00f6neberg f\u00fcr diesen tollen Workshop!<\/p>\n\n\n\n<p><em>Text: Moritz Steiauf, Dozent der Fachschule f\u00fcr Sozialp\u00e4dagogik an der Euro Akademie Berlin<\/em>[su_spacer size=&#8220;10&#8243;]<\/p>\n\n\n\n<ul class=\"wp-block-gallery columns-3 is-cropped wp-block-gallery-2 is-layout-flex wp-block-gallery-is-layout-flex\"><li class=\"blocks-gallery-item\"><figure><img loading=\"lazy\" decoding=\"async\" width=\"500\" height=\"375\" src=\"https:\/\/relaunch.euroakademie.de\/magazin\/wp-content\/uploads\/2019\/09\/2_JugendMuseum_web.jpg\" alt=\"\" data-id=\"11617\" data-link=\"https:\/\/www.euroakademie.de\/magazin\/?attachment_id=11617\" class=\"wp-image-11617\" srcset=\"https:\/\/www.euroakademie.de\/magazin\/wp-content\/uploads\/2019\/09\/2_JugendMuseum_web.jpg 500w, https:\/\/www.euroakademie.de\/magazin\/wp-content\/uploads\/2019\/09\/2_JugendMuseum_web-300x225.jpg 300w, https:\/\/www.euroakademie.de\/magazin\/wp-content\/uploads\/2019\/09\/2_JugendMuseum_web-150x113.jpg 150w, https:\/\/www.euroakademie.de\/magazin\/wp-content\/uploads\/2019\/09\/2_JugendMuseum_web-450x338.jpg 450w\" sizes=\"(max-width: 500px) 100vw, 500px\" \/><\/figure><\/li><li class=\"blocks-gallery-item\"><figure><img loading=\"lazy\" decoding=\"async\" width=\"500\" height=\"668\" src=\"https:\/\/relaunch.euroakademie.de\/magazin\/wp-content\/uploads\/2019\/09\/5_JugendMuseum_web.jpg\" alt=\"\" data-id=\"11618\" data-link=\"https:\/\/www.euroakademie.de\/magazin\/?attachment_id=11618\" class=\"wp-image-11618\" srcset=\"https:\/\/www.euroakademie.de\/magazin\/wp-content\/uploads\/2019\/09\/5_JugendMuseum_web.jpg 500w, https:\/\/www.euroakademie.de\/magazin\/wp-content\/uploads\/2019\/09\/5_JugendMuseum_web-225x300.jpg 225w, https:\/\/www.euroakademie.de\/magazin\/wp-content\/uploads\/2019\/09\/5_JugendMuseum_web-150x200.jpg 150w, https:\/\/www.euroakademie.de\/magazin\/wp-content\/uploads\/2019\/09\/5_JugendMuseum_web-450x601.jpg 450w\" sizes=\"(max-width: 500px) 100vw, 500px\" \/><\/figure><\/li><li class=\"blocks-gallery-item\"><figure><img loading=\"lazy\" decoding=\"async\" width=\"500\" height=\"667\" src=\"https:\/\/relaunch.euroakademie.de\/magazin\/wp-content\/uploads\/2019\/09\/6_JugendMuseum_web.jpg\" alt=\"\" data-id=\"11619\" data-link=\"https:\/\/www.euroakademie.de\/magazin\/?attachment_id=11619\" class=\"wp-image-11619\" srcset=\"https:\/\/www.euroakademie.de\/magazin\/wp-content\/uploads\/2019\/09\/6_JugendMuseum_web.jpg 500w, https:\/\/www.euroakademie.de\/magazin\/wp-content\/uploads\/2019\/09\/6_JugendMuseum_web-225x300.jpg 225w, https:\/\/www.euroakademie.de\/magazin\/wp-content\/uploads\/2019\/09\/6_JugendMuseum_web-150x200.jpg 150w, https:\/\/www.euroakademie.de\/magazin\/wp-content\/uploads\/2019\/09\/6_JugendMuseum_web-450x600.jpg 450w\" sizes=\"(max-width: 500px) 100vw, 500px\" \/><\/figure><\/li><\/ul>\n]]>\t\t","protected":false},"excerpt":{"rendered":"<p>\t\t\t\t<![CDATA[Was bedeutet Diversit\u00e4t? Wie vermitteln wir demokratische Werte? Die Ausstellung \"diversCITY\" im Jugend Museum Berlin liefert Denkanst\u00f6\u00dfe. Die Fachschule f\u00fcr Sozialp\u00e4dagogik der Euro Akademie Berlin besuchte dort einen spannenden Workshop.]]>\t\t<\/p>\n","protected":false},"author":16,"featured_media":11612,"comment_status":"closed","ping_status":"closed","sticky":false,"template":"","format":"standard","meta":{"footnotes":""},"categories":[73,19],"tags":[2113,2116,2587,4162,4360],"class_list":{"0":"post-11607","1":"post","2":"type-post","3":"status-publish","4":"format-standard","5":"has-post-thumbnail","7":"category-berlin","8":"category-paedagogik-soziales","9":"tag-diversitaet","10":"tag-diversity","11":"tag-erzieher","12":"tag-inklusion","13":"tag-jugend-museum"},"yoast_head":"<!-- This site is optimized with the Yoast SEO plugin v23.5 - https:\/\/yoast.com\/wordpress\/plugins\/seo\/ -->\n<title>Exkursion in die diversCITY \/ Euro Akademie Magazin<\/title>\n<meta name=\"description\" content=\"Was bedeutet Diversit\u00e4t? Wie vermitteln wir demokratische Werte? Eine Exkursion zur Ausstellung &quot;diversCITY&quot; im Jugend Museum Berlin liefert Denkanst\u00f6\u00dfe.\" \/>\n<meta name=\"robots\" content=\"index, follow, max-snippet:-1, max-image-preview:large, max-video-preview:-1\" \/>\n<link rel=\"canonical\" href=\"https:\/\/www.euroakademie.de\/magazin\/exkursion-in-die-diverscity\/\" \/>\n<meta property=\"og:locale\" content=\"de_DE\" \/>\n<meta property=\"og:type\" content=\"article\" \/>\n<meta property=\"og:title\" content=\"Exkursion in die diversCITY \/ Euro Akademie Magazin\" \/>\n<meta property=\"og:description\" content=\"Was bedeutet Diversit\u00e4t? Wie vermitteln wir demokratische Werte? Eine Exkursion zur Ausstellung &quot;diversCITY&quot; im Jugend Museum Berlin liefert Denkanst\u00f6\u00dfe.\" \/>\n<meta property=\"og:url\" content=\"https:\/\/www.euroakademie.de\/magazin\/exkursion-in-die-diverscity\/\" \/>\n<meta property=\"og:site_name\" content=\"Das Euro Akademie Magazin\" \/>\n<meta property=\"article:published_time\" content=\"2019-09-26T08:42:17+00:00\" \/>\n<meta property=\"og:image\" content=\"https:\/\/www.euroakademie.de\/magazin\/wp-content\/uploads\/2019\/09\/1_JugendMuseum_702x336_web.jpg\" \/>\n\t<meta property=\"og:image:width\" content=\"701\" \/>\n\t<meta property=\"og:image:height\" content=\"336\" \/>\n\t<meta property=\"og:image:type\" content=\"image\/jpeg\" \/>\n<meta name=\"author\" content=\"Gastautor\" \/>\n<meta name=\"twitter:card\" content=\"summary_large_image\" \/>\n<meta name=\"twitter:label1\" content=\"Verfasst von\" \/>\n\t<meta name=\"twitter:data1\" content=\"Gastautor\" \/>\n\t<meta name=\"twitter:label2\" content=\"Gesch\u00e4tzte Lesezeit\" \/>\n\t<meta name=\"twitter:data2\" content=\"2\u00a0Minuten\" \/>\n<script type=\"application\/ld+json\" class=\"yoast-schema-graph\">{\"@context\":\"https:\/\/schema.org\",\"@graph\":[{\"@type\":\"Article\",\"@id\":\"https:\/\/www.euroakademie.de\/magazin\/exkursion-in-die-diverscity\/#article\",\"isPartOf\":{\"@id\":\"https:\/\/www.euroakademie.de\/magazin\/exkursion-in-die-diverscity\/\"},\"author\":{\"name\":\"Gastautor\",\"@id\":\"https:\/\/www.euroakademie.de\/magazin\/#\/schema\/person\/29e379ae109b856cf2109112ce9db2f0\"},\"headline\":\"David Bowie und das andere Ufer \u2013 Exkursion in die diversCITY\",\"datePublished\":\"2019-09-26T08:42:17+00:00\",\"dateModified\":\"2019-09-26T08:42:17+00:00\",\"mainEntityOfPage\":{\"@id\":\"https:\/\/www.euroakademie.de\/magazin\/exkursion-in-die-diverscity\/\"},\"wordCount\":459,\"publisher\":{\"@id\":\"https:\/\/www.euroakademie.de\/magazin\/#organization\"},\"image\":{\"@id\":\"https:\/\/www.euroakademie.de\/magazin\/exkursion-in-die-diverscity\/#primaryimage\"},\"thumbnailUrl\":\"https:\/\/www.euroakademie.de\/magazin\/wp-content\/uploads\/2019\/09\/1_JugendMuseum_702x336_web.jpg\",\"keywords\":[\"Diversit\u00e4t\",\"Diversity\",\"Erzieher\",\"Inklusion\",\"Jugend Museum\"],\"articleSection\":[\"Berlin\",\"P\u00e4dagogik &amp; Soziales\"],\"inLanguage\":\"de\"},{\"@type\":\"WebPage\",\"@id\":\"https:\/\/www.euroakademie.de\/magazin\/exkursion-in-die-diverscity\/\",\"url\":\"https:\/\/www.euroakademie.de\/magazin\/exkursion-in-die-diverscity\/\",\"name\":\"Exkursion in die diversCITY \/ Euro Akademie Magazin\",\"isPartOf\":{\"@id\":\"https:\/\/www.euroakademie.de\/magazin\/#website\"},\"primaryImageOfPage\":{\"@id\":\"https:\/\/www.euroakademie.de\/magazin\/exkursion-in-die-diverscity\/#primaryimage\"},\"image\":{\"@id\":\"https:\/\/www.euroakademie.de\/magazin\/exkursion-in-die-diverscity\/#primaryimage\"},\"thumbnailUrl\":\"https:\/\/www.euroakademie.de\/magazin\/wp-content\/uploads\/2019\/09\/1_JugendMuseum_702x336_web.jpg\",\"datePublished\":\"2019-09-26T08:42:17+00:00\",\"dateModified\":\"2019-09-26T08:42:17+00:00\",\"description\":\"Was bedeutet Diversit\u00e4t? Wie vermitteln wir demokratische Werte? Eine Exkursion zur Ausstellung \\\"diversCITY\\\" im Jugend Museum Berlin liefert Denkanst\u00f6\u00dfe.\",\"breadcrumb\":{\"@id\":\"https:\/\/www.euroakademie.de\/magazin\/exkursion-in-die-diverscity\/#breadcrumb\"},\"inLanguage\":\"de\",\"potentialAction\":[{\"@type\":\"ReadAction\",\"target\":[\"https:\/\/www.euroakademie.de\/magazin\/exkursion-in-die-diverscity\/\"]}]},{\"@type\":\"ImageObject\",\"inLanguage\":\"de\",\"@id\":\"https:\/\/www.euroakademie.de\/magazin\/exkursion-in-die-diverscity\/#primaryimage\",\"url\":\"https:\/\/www.euroakademie.de\/magazin\/wp-content\/uploads\/2019\/09\/1_JugendMuseum_702x336_web.jpg\",\"contentUrl\":\"https:\/\/www.euroakademie.de\/magazin\/wp-content\/uploads\/2019\/09\/1_JugendMuseum_702x336_web.jpg\",\"width\":701,\"height\":336,\"caption\":\"\"},{\"@type\":\"BreadcrumbList\",\"@id\":\"https:\/\/www.euroakademie.de\/magazin\/exkursion-in-die-diverscity\/#breadcrumb\",\"itemListElement\":[{\"@type\":\"ListItem\",\"position\":1,\"name\":\"Startseite\",\"item\":\"https:\/\/www.euroakademie.de\/magazin\/\"},{\"@type\":\"ListItem\",\"position\":2,\"name\":\"David Bowie und das andere Ufer \u2013 Exkursion in die diversCITY\"}]},{\"@type\":\"WebSite\",\"@id\":\"https:\/\/www.euroakademie.de\/magazin\/#website\",\"url\":\"https:\/\/www.euroakademie.de\/magazin\/\",\"name\":\"Das Euro Akademie Magazin\",\"description\":\"Gut informiert durch Ausbildung und Studium\",\"publisher\":{\"@id\":\"https:\/\/www.euroakademie.de\/magazin\/#organization\"},\"potentialAction\":[{\"@type\":\"SearchAction\",\"target\":{\"@type\":\"EntryPoint\",\"urlTemplate\":\"https:\/\/www.euroakademie.de\/magazin\/?s={search_term_string}\"},\"query-input\":{\"@type\":\"PropertyValueSpecification\",\"valueRequired\":true,\"valueName\":\"search_term_string\"}}],\"inLanguage\":\"de\"},{\"@type\":\"Organization\",\"@id\":\"https:\/\/www.euroakademie.de\/magazin\/#organization\",\"name\":\"ESO Education Group\",\"url\":\"https:\/\/www.euroakademie.de\/magazin\/\",\"logo\":{\"@type\":\"ImageObject\",\"inLanguage\":\"de\",\"@id\":\"https:\/\/www.euroakademie.de\/magazin\/#\/schema\/logo\/image\/\",\"url\":\"https:\/\/relaunch.euroakademie.de\/magazin\/wp-content\/uploads\/2024\/11\/Logo_EA_negativ_Rahmen_5cm_300dpi_RGB.jpg\",\"contentUrl\":\"https:\/\/relaunch.euroakademie.de\/magazin\/wp-content\/uploads\/2024\/11\/Logo_EA_negativ_Rahmen_5cm_300dpi_RGB.jpg\",\"width\":591,\"height\":236,\"caption\":\"ESO Education Group\"},\"image\":{\"@id\":\"https:\/\/www.euroakademie.de\/magazin\/#\/schema\/logo\/image\/\"}},{\"@type\":\"Person\",\"@id\":\"https:\/\/www.euroakademie.de\/magazin\/#\/schema\/person\/29e379ae109b856cf2109112ce9db2f0\",\"name\":\"Gastautor\",\"description\":\"P\u00e4dagoge, Bewerbungscoachin, Dozent oder \u00dcbersetzerin \u2013 hier schreibt ein Fachmann oder eine Fachfrau \u00fcber ein Spezialthema. Unsere Gastautor*innen bereichern uns regelm\u00e4\u00dfig mit Expertenwissen und Insider-Infos.\",\"url\":\"https:\/\/www.euroakademie.de\/magazin\/author\/gastautor\/\"}]}<\/script>\n<!-- \/ Yoast SEO plugin. -->","yoast_head_json":{"title":"Exkursion in die diversCITY \/ Euro Akademie Magazin","description":"Was bedeutet Diversit\u00e4t? Wie vermitteln wir demokratische Werte? Eine Exkursion zur Ausstellung \"diversCITY\" im Jugend Museum Berlin liefert Denkanst\u00f6\u00dfe.","robots":{"index":"index","follow":"follow","max-snippet":"max-snippet:-1","max-image-preview":"max-image-preview:large","max-video-preview":"max-video-preview:-1"},"canonical":"https:\/\/www.euroakademie.de\/magazin\/exkursion-in-die-diverscity\/","og_locale":"de_DE","og_type":"article","og_title":"Exkursion in die diversCITY \/ Euro Akademie Magazin","og_description":"Was bedeutet Diversit\u00e4t? Wie vermitteln wir demokratische Werte? Eine Exkursion zur Ausstellung \"diversCITY\" im Jugend Museum Berlin liefert Denkanst\u00f6\u00dfe.","og_url":"https:\/\/www.euroakademie.de\/magazin\/exkursion-in-die-diverscity\/","og_site_name":"Das Euro Akademie Magazin","article_published_time":"2019-09-26T08:42:17+00:00","og_image":[{"width":701,"height":336,"url":"https:\/\/www.euroakademie.de\/magazin\/wp-content\/uploads\/2019\/09\/1_JugendMuseum_702x336_web.jpg","type":"image\/jpeg"}],"author":"Gastautor","twitter_card":"summary_large_image","twitter_misc":{"Verfasst von":"Gastautor","Gesch\u00e4tzte Lesezeit":"2\u00a0Minuten"},"schema":{"@context":"https:\/\/schema.org","@graph":[{"@type":"Article","@id":"https:\/\/www.euroakademie.de\/magazin\/exkursion-in-die-diverscity\/#article","isPartOf":{"@id":"https:\/\/www.euroakademie.de\/magazin\/exkursion-in-die-diverscity\/"},"author":{"name":"Gastautor","@id":"https:\/\/www.euroakademie.de\/magazin\/#\/schema\/person\/29e379ae109b856cf2109112ce9db2f0"},"headline":"David Bowie und das andere Ufer \u2013 Exkursion in die diversCITY","datePublished":"2019-09-26T08:42:17+00:00","dateModified":"2019-09-26T08:42:17+00:00","mainEntityOfPage":{"@id":"https:\/\/www.euroakademie.de\/magazin\/exkursion-in-die-diverscity\/"},"wordCount":459,"publisher":{"@id":"https:\/\/www.euroakademie.de\/magazin\/#organization"},"image":{"@id":"https:\/\/www.euroakademie.de\/magazin\/exkursion-in-die-diverscity\/#primaryimage"},"thumbnailUrl":"https:\/\/www.euroakademie.de\/magazin\/wp-content\/uploads\/2019\/09\/1_JugendMuseum_702x336_web.jpg","keywords":["Diversit\u00e4t","Diversity","Erzieher","Inklusion","Jugend Museum"],"articleSection":["Berlin","P\u00e4dagogik &amp; Soziales"],"inLanguage":"de"},{"@type":"WebPage","@id":"https:\/\/www.euroakademie.de\/magazin\/exkursion-in-die-diverscity\/","url":"https:\/\/www.euroakademie.de\/magazin\/exkursion-in-die-diverscity\/","name":"Exkursion in die diversCITY \/ Euro Akademie Magazin","isPartOf":{"@id":"https:\/\/www.euroakademie.de\/magazin\/#website"},"primaryImageOfPage":{"@id":"https:\/\/www.euroakademie.de\/magazin\/exkursion-in-die-diverscity\/#primaryimage"},"image":{"@id":"https:\/\/www.euroakademie.de\/magazin\/exkursion-in-die-diverscity\/#primaryimage"},"thumbnailUrl":"https:\/\/www.euroakademie.de\/magazin\/wp-content\/uploads\/2019\/09\/1_JugendMuseum_702x336_web.jpg","datePublished":"2019-09-26T08:42:17+00:00","dateModified":"2019-09-26T08:42:17+00:00","description":"Was bedeutet Diversit\u00e4t? Wie vermitteln wir demokratische Werte? Eine Exkursion zur Ausstellung \"diversCITY\" im Jugend Museum Berlin liefert Denkanst\u00f6\u00dfe.","breadcrumb":{"@id":"https:\/\/www.euroakademie.de\/magazin\/exkursion-in-die-diverscity\/#breadcrumb"},"inLanguage":"de","potentialAction":[{"@type":"ReadAction","target":["https:\/\/www.euroakademie.de\/magazin\/exkursion-in-die-diverscity\/"]}]},{"@type":"ImageObject","inLanguage":"de","@id":"https:\/\/www.euroakademie.de\/magazin\/exkursion-in-die-diverscity\/#primaryimage","url":"https:\/\/www.euroakademie.de\/magazin\/wp-content\/uploads\/2019\/09\/1_JugendMuseum_702x336_web.jpg","contentUrl":"https:\/\/www.euroakademie.de\/magazin\/wp-content\/uploads\/2019\/09\/1_JugendMuseum_702x336_web.jpg","width":701,"height":336,"caption":""},{"@type":"BreadcrumbList","@id":"https:\/\/www.euroakademie.de\/magazin\/exkursion-in-die-diverscity\/#breadcrumb","itemListElement":[{"@type":"ListItem","position":1,"name":"Startseite","item":"https:\/\/www.euroakademie.de\/magazin\/"},{"@type":"ListItem","position":2,"name":"David Bowie und das andere Ufer \u2013 Exkursion in die diversCITY"}]},{"@type":"WebSite","@id":"https:\/\/www.euroakademie.de\/magazin\/#website","url":"https:\/\/www.euroakademie.de\/magazin\/","name":"Das Euro Akademie Magazin","description":"Gut informiert durch Ausbildung und Studium","publisher":{"@id":"https:\/\/www.euroakademie.de\/magazin\/#organization"},"potentialAction":[{"@type":"SearchAction","target":{"@type":"EntryPoint","urlTemplate":"https:\/\/www.euroakademie.de\/magazin\/?s={search_term_string}"},"query-input":{"@type":"PropertyValueSpecification","valueRequired":true,"valueName":"search_term_string"}}],"inLanguage":"de"},{"@type":"Organization","@id":"https:\/\/www.euroakademie.de\/magazin\/#organization","name":"ESO Education Group","url":"https:\/\/www.euroakademie.de\/magazin\/","logo":{"@type":"ImageObject","inLanguage":"de","@id":"https:\/\/www.euroakademie.de\/magazin\/#\/schema\/logo\/image\/","url":"https:\/\/relaunch.euroakademie.de\/magazin\/wp-content\/uploads\/2024\/11\/Logo_EA_negativ_Rahmen_5cm_300dpi_RGB.jpg","contentUrl":"https:\/\/relaunch.euroakademie.de\/magazin\/wp-content\/uploads\/2024\/11\/Logo_EA_negativ_Rahmen_5cm_300dpi_RGB.jpg","width":591,"height":236,"caption":"ESO Education Group"},"image":{"@id":"https:\/\/www.euroakademie.de\/magazin\/#\/schema\/logo\/image\/"}},{"@type":"Person","@id":"https:\/\/www.euroakademie.de\/magazin\/#\/schema\/person\/29e379ae109b856cf2109112ce9db2f0","name":"Gastautor","description":"P\u00e4dagoge, Bewerbungscoachin, Dozent oder \u00dcbersetzerin \u2013 hier schreibt ein Fachmann oder eine Fachfrau \u00fcber ein Spezialthema. Unsere Gastautor*innen bereichern uns regelm\u00e4\u00dfig mit Expertenwissen und Insider-Infos.","url":"https:\/\/www.euroakademie.de\/magazin\/author\/gastautor\/"}]}},"_links":{"self":[{"href":"https:\/\/www.euroakademie.de\/magazin\/wp-json\/wp\/v2\/posts\/11607","targetHints":{"allow":["GET"]}}],"collection":[{"href":"https:\/\/www.euroakademie.de\/magazin\/wp-json\/wp\/v2\/posts"}],"about":[{"href":"https:\/\/www.euroakademie.de\/magazin\/wp-json\/wp\/v2\/types\/post"}],"author":[{"embeddable":true,"href":"https:\/\/www.euroakademie.de\/magazin\/wp-json\/wp\/v2\/users\/16"}],"replies":[{"embeddable":true,"href":"https:\/\/www.euroakademie.de\/magazin\/wp-json\/wp\/v2\/comments?post=11607"}],"version-history":[{"count":0,"href":"https:\/\/www.euroakademie.de\/magazin\/wp-json\/wp\/v2\/posts\/11607\/revisions"}],"wp:featuredmedia":[{"embeddable":true,"href":"https:\/\/www.euroakademie.de\/magazin\/wp-json\/wp\/v2\/media\/11612"}],"wp:attachment":[{"href":"https:\/\/www.euroakademie.de\/magazin\/wp-json\/wp\/v2\/media?parent=11607"}],"wp:term":[{"taxonomy":"category","embeddable":true,"href":"https:\/\/www.euroakademie.de\/magazin\/wp-json\/wp\/v2\/categories?post=11607"},{"taxonomy":"post_tag","embeddable":true,"href":"https:\/\/www.euroakademie.de\/magazin\/wp-json\/wp\/v2\/tags?post=11607"}],"curies":[{"name":"wp","href":"https:\/\/api.w.org\/{rel}","templated":true}]}}