{"id":11683,"date":"2019-10-04T07:32:12","date_gmt":"2019-10-04T05:32:12","guid":{"rendered":"https:\/\/www.euroakademie.de\/magazin\/?p=11683"},"modified":"2024-12-05T11:59:54","modified_gmt":"2024-12-05T10:59:54","slug":"kinderlieder","status":"publish","type":"post","link":"https:\/\/www.euroakademie.de\/magazin\/kinderlieder\/","title":{"rendered":"Kinderlieder: Warum Musik f\u00fcr Kinder so wichtig ist"},"content":{"rendered":"<p><![CDATA[\n<\/p>\n\n\n<p><strong>\u201eAramsamsam, Aramsamsam, guli, guli, guli, guli, guli ram sam sam\u201c, schreit Leo stolz. Dazu rei\u00dft er die H\u00e4nde nach oben und klatscht. Das hat er in der Kita gelernt. Leo hat immer m\u00e4chtig viel Spa\u00df, wenn sie neue Lieder singen. Auch die anderen Kinder sind mit Feuereifer bei der Sache. Begeisterung und Lebensfreude sind aber nur zwei Gr\u00fcnde, warum Kinderlieder in der Erziehung so wichtig sind.<\/strong><\/p>\n\n\n\n<p>Kinder sind musikalisch. Schon Babys k\u00f6nnen ab etwa sechs Monaten im Takt der Musik mitschaukeln und mit den F\u00fc\u00dfchen wippen. Sobald sie die ersten Schritte machen, kommen auch die ersten Tanzversuche. Umso wichtiger ist es f\u00fcr Eltern und Erzieher*innen, die angeborene Musikalit\u00e4t der Kleinen zu unterst\u00fctzen: durch gemeinsames Singen, Tanzen und dem spielerischen Ausprobieren von T\u00f6nen und Instrumenten. Denn Kinderlieder f\u00f6rdern nicht nur die musikalischen F\u00e4higkeiten \u2013 sie haben noch viel mehr p\u00e4dagogische Effekte. <\/p>\n\n\n\n<h2 class=\"wp-block-heading\"><strong>Kinderlieder machen schlau<\/strong><\/h2>\n\n\n\n<p>Singen f\u00f6rdert die Entwicklung der Kinder. Das ist sogar wissenschaftlich erwiesen: Eine <a href=\"https:\/\/www.fachportal-paedagogik.de\/literatur\/vollanzeige.html?FId=918202#vollanzeige\" target=\"_blank\" rel=\"noreferrer noopener\" aria-label=\" (\u00f6ffnet in neuem Tab)\">Studie des Canto-Forschungsinstituts<\/a> ergab, dass Vorschulkinder, die jeden Tag mindestens eine halbe Stunde singen, bei Einschulungstests signifikant besser abschneiden als ihre Altersgenoss*innen. Denn durch Lieder wird die sprachliche Entwicklung unterst\u00fctzt. Mit bekannten Songs, zum Beispiel \u201eEin Vogel wollte Hochzeit machen\u201c, erweitern die Kinder ihren Wortschatz. Gleichzeitig lernen sie aber auch einiges \u00fcber Satzbau, Artikulation und Sprachmelodie. Und gerade der Sprechrhythmus \u2013 Tempo und Betonungen \u2013 sind f\u00fcr den Spracherwerb essentiell. Nebenbei wird gerade beim gemeinsamen Musizieren auch die Konzentration geschult. Denn um mitsingen zu k\u00f6nnen, muss man ganz genau zuh\u00f6ren. Das erfordert viel Aufmerksamkeit \u2013 und ein bisschen \u00dcbung. <\/p>\n\n\n\n<p>Oft sind die Texte von Kinderliedern auch lehrreich und schaffen es so, Zahlen, Buchstaben oder Farben spielerisch zu vermitteln. Ich muss zugeben, dass ich das Alphabet immer noch leise vor mich hin singe, wenn ich einen bestimmten Buchstaben suche \u2013 wahrscheinlich bin ich da nicht die Einzige. Die Inhalte werden ganz eng mit einer Melodie verkn\u00fcpft und bleiben so ein Leben lang im Ged\u00e4chtnis. <\/p>\n\n\n\n<h2 class=\"wp-block-heading\"><strong>Singen und Tanzen als gemeinsames Erlebnis\ufeff<\/strong><\/h2>\n\n\n\n<p>In Kita und Kindergarten gibt es viele tolle Spiellieder, die alle zusammen singen und tanzen. \u201eH\u00e4schen in der Grube\u201c und \u201eRingel, Ringel, Reihe\u201c machten schon vor 100 Jahren Spa\u00df. Aber auch moderne Mitmachlieder sind bei Kindern beliebt. Eins verbindet sie alle: Die rhythmischen Bewegungsabl\u00e4ufe schaffen gute Laune und f\u00f6rdern nebenbei die Motorik. Die Aktivit\u00e4t in der Gruppe st\u00e4rkt aber auch das Gemeinschaftsgef\u00fchl. Musik hat f\u00fcr Kinder also immer einen sozialen Aspekt. Vierj\u00e4hrige, die mit Gleichaltrigen musizieren, sind hilfsbereiter und kooperativer, wie die Anthropologen Kirschner und Tomasello herausfanden. Deshalb ist es auch so wichtig, dass Erzieher*innen ihre Sch\u00fctzlinge zum Musizieren ermutigen und nat\u00fcrlich kr\u00e4ftig mitsingen. So k\u00f6nnen sich alle schnell in die Gruppe integrieren \u2013 und viel Spa\u00df macht es auch! <\/p>\n\n\n\n<h2 class=\"wp-block-heading\"><strong>Musik gibt Kindern Halt<\/strong><\/h2>\n\n\n\n<p>Gerade kleine Kinder brauchen Struktur und Rituale, um Orientierung und Halt in den Herausforderungen des Alltags zu finden. Oft sind diese St\u00fctzen ganz eng mit Musik verkn\u00fcpft. Wer jeden Abend mit einem Wiegenlied in den Schlaf gesungen wird, f\u00fchlt sich sicher und geborgen.\u00a0 Aber auch das Begr\u00fc\u00dfungslied im Kindergarten, der Zahnputzsong abends im Badezimmer oder ein spezielles Aufr\u00e4umlied schaffen Struktur. So f\u00e4llt es den Kindern leichter, Regeln zu befolgen.<\/p>\n","protected":false},"excerpt":{"rendered":"<p>\t\t\t\t<![CDATA[Kinder sind musikalisch. Umso wichtiger ist es f\u00fcr Eltern und Erzieher*innen, die angeborene Musikalit\u00e4t der Kleinen zu f\u00f6rdern Denn Kinderlieder haben noch viel mehr positive Effekte.]]>\t\t<\/p>\n","protected":false},"author":76,"featured_media":11686,"comment_status":"closed","ping_status":"closed","sticky":false,"template":"","format":"standard","meta":{"footnotes":""},"categories":[19],"tags":[2587,2599,2608,4510,4525,4582,5851,5857,7501],"class_list":{"0":"post-11683","1":"post","2":"type-post","3":"status-publish","4":"format-standard","5":"has-post-thumbnail","7":"category-paedagogik-soziales","8":"tag-erzieher","9":"tag-erzieherin","10":"tag-erziehung","11":"tag-kindergarten","12":"tag-kinderlieder","13":"tag-kita","14":"tag-musik","15":"tag-musizieren","16":"tag-singen"},"yoast_head":"<!-- This site is optimized with the Yoast SEO plugin v23.5 - https:\/\/yoast.com\/wordpress\/plugins\/seo\/ -->\n<title>Kinderlieder: Warum Musik f\u00fcr Kinder so wichtig ist<\/title>\n<meta name=\"description\" content=\"Durch gemeinsames Singen und Tanzen k\u00f6nnen Sie die Musikalit\u00e4t der Kinder f\u00f6rdern. Denn Kinderlieder haben viele positive p\u00e4dagogische Effekte.\" \/>\n<meta name=\"robots\" content=\"index, follow, max-snippet:-1, max-image-preview:large, max-video-preview:-1\" \/>\n<link rel=\"canonical\" href=\"https:\/\/www.euroakademie.de\/magazin\/kinderlieder\/\" \/>\n<meta property=\"og:locale\" content=\"de_DE\" \/>\n<meta property=\"og:type\" content=\"article\" \/>\n<meta property=\"og:title\" content=\"Kinderlieder: Warum Musik f\u00fcr Kinder so wichtig ist\" \/>\n<meta property=\"og:description\" content=\"Durch gemeinsames Singen und Tanzen k\u00f6nnen Sie die Musikalit\u00e4t der Kinder f\u00f6rdern. Denn Kinderlieder haben viele positive p\u00e4dagogische Effekte.\" \/>\n<meta property=\"og:url\" content=\"https:\/\/www.euroakademie.de\/magazin\/kinderlieder\/\" \/>\n<meta property=\"og:site_name\" content=\"Das Euro Akademie Magazin\" \/>\n<meta property=\"article:published_time\" content=\"2019-10-04T05:32:12+00:00\" \/>\n<meta property=\"article:modified_time\" content=\"2024-12-05T10:59:54+00:00\" \/>\n<meta property=\"og:image\" content=\"https:\/\/www.euroakademie.de\/magazin\/wp-content\/uploads\/2019\/10\/kinderlieder_titel.png\" \/>\n\t<meta property=\"og:image:width\" content=\"702\" \/>\n\t<meta property=\"og:image:height\" content=\"336\" \/>\n\t<meta property=\"og:image:type\" content=\"image\/png\" \/>\n<meta name=\"author\" content=\"Anna R\u00fcppel\" \/>\n<meta name=\"twitter:card\" content=\"summary_large_image\" \/>\n<meta name=\"twitter:label1\" content=\"Verfasst von\" \/>\n\t<meta name=\"twitter:data1\" content=\"Anna R\u00fcppel\" \/>\n\t<meta name=\"twitter:label2\" content=\"Gesch\u00e4tzte Lesezeit\" \/>\n\t<meta name=\"twitter:data2\" content=\"1\u00a0Minute\" \/>\n<script type=\"application\/ld+json\" class=\"yoast-schema-graph\">{\"@context\":\"https:\/\/schema.org\",\"@graph\":[{\"@type\":\"Article\",\"@id\":\"https:\/\/www.euroakademie.de\/magazin\/kinderlieder\/#article\",\"isPartOf\":{\"@id\":\"https:\/\/www.euroakademie.de\/magazin\/kinderlieder\/\"},\"author\":{\"name\":\"Anna R\u00fcppel\",\"@id\":\"https:\/\/www.euroakademie.de\/magazin\/#\/schema\/person\/60fedb6ea7279f88d9086938e970d05e\"},\"headline\":\"Kinderlieder: Warum Musik f\u00fcr Kinder so wichtig ist\",\"datePublished\":\"2019-10-04T05:32:12+00:00\",\"dateModified\":\"2024-12-05T10:59:54+00:00\",\"mainEntityOfPage\":{\"@id\":\"https:\/\/www.euroakademie.de\/magazin\/kinderlieder\/\"},\"wordCount\":560,\"publisher\":{\"@id\":\"https:\/\/www.euroakademie.de\/magazin\/#organization\"},\"image\":{\"@id\":\"https:\/\/www.euroakademie.de\/magazin\/kinderlieder\/#primaryimage\"},\"thumbnailUrl\":\"https:\/\/www.euroakademie.de\/magazin\/wp-content\/uploads\/2019\/10\/kinderlieder_titel.png\",\"keywords\":[\"Erzieher\",\"Erzieherin\",\"Erziehung\",\"Kindergarten\",\"Kinderlieder\",\"Kita\",\"Musik\",\"musizieren\",\"Singen\"],\"articleSection\":[\"P\u00e4dagogik &amp; Soziales\"],\"inLanguage\":\"de\"},{\"@type\":\"WebPage\",\"@id\":\"https:\/\/www.euroakademie.de\/magazin\/kinderlieder\/\",\"url\":\"https:\/\/www.euroakademie.de\/magazin\/kinderlieder\/\",\"name\":\"Kinderlieder: Warum Musik f\u00fcr Kinder so wichtig ist\",\"isPartOf\":{\"@id\":\"https:\/\/www.euroakademie.de\/magazin\/#website\"},\"primaryImageOfPage\":{\"@id\":\"https:\/\/www.euroakademie.de\/magazin\/kinderlieder\/#primaryimage\"},\"image\":{\"@id\":\"https:\/\/www.euroakademie.de\/magazin\/kinderlieder\/#primaryimage\"},\"thumbnailUrl\":\"https:\/\/www.euroakademie.de\/magazin\/wp-content\/uploads\/2019\/10\/kinderlieder_titel.png\",\"datePublished\":\"2019-10-04T05:32:12+00:00\",\"dateModified\":\"2024-12-05T10:59:54+00:00\",\"description\":\"Durch gemeinsames Singen und Tanzen k\u00f6nnen Sie die Musikalit\u00e4t der Kinder f\u00f6rdern. Denn Kinderlieder haben viele positive p\u00e4dagogische Effekte.\",\"breadcrumb\":{\"@id\":\"https:\/\/www.euroakademie.de\/magazin\/kinderlieder\/#breadcrumb\"},\"inLanguage\":\"de\",\"potentialAction\":[{\"@type\":\"ReadAction\",\"target\":[\"https:\/\/www.euroakademie.de\/magazin\/kinderlieder\/\"]}]},{\"@type\":\"ImageObject\",\"inLanguage\":\"de\",\"@id\":\"https:\/\/www.euroakademie.de\/magazin\/kinderlieder\/#primaryimage\",\"url\":\"https:\/\/www.euroakademie.de\/magazin\/wp-content\/uploads\/2019\/10\/kinderlieder_titel.png\",\"contentUrl\":\"https:\/\/www.euroakademie.de\/magazin\/wp-content\/uploads\/2019\/10\/kinderlieder_titel.png\",\"width\":702,\"height\":336,\"caption\":\"\"},{\"@type\":\"BreadcrumbList\",\"@id\":\"https:\/\/www.euroakademie.de\/magazin\/kinderlieder\/#breadcrumb\",\"itemListElement\":[{\"@type\":\"ListItem\",\"position\":1,\"name\":\"Startseite\",\"item\":\"https:\/\/www.euroakademie.de\/magazin\/\"},{\"@type\":\"ListItem\",\"position\":2,\"name\":\"Kinderlieder: Warum Musik f\u00fcr Kinder so wichtig ist\"}]},{\"@type\":\"WebSite\",\"@id\":\"https:\/\/www.euroakademie.de\/magazin\/#website\",\"url\":\"https:\/\/www.euroakademie.de\/magazin\/\",\"name\":\"Das Euro Akademie Magazin\",\"description\":\"Gut informiert durch Ausbildung und Studium\",\"publisher\":{\"@id\":\"https:\/\/www.euroakademie.de\/magazin\/#organization\"},\"potentialAction\":[{\"@type\":\"SearchAction\",\"target\":{\"@type\":\"EntryPoint\",\"urlTemplate\":\"https:\/\/www.euroakademie.de\/magazin\/?s={search_term_string}\"},\"query-input\":{\"@type\":\"PropertyValueSpecification\",\"valueRequired\":true,\"valueName\":\"search_term_string\"}}],\"inLanguage\":\"de\"},{\"@type\":\"Organization\",\"@id\":\"https:\/\/www.euroakademie.de\/magazin\/#organization\",\"name\":\"ESO Education Group\",\"url\":\"https:\/\/www.euroakademie.de\/magazin\/\",\"logo\":{\"@type\":\"ImageObject\",\"inLanguage\":\"de\",\"@id\":\"https:\/\/www.euroakademie.de\/magazin\/#\/schema\/logo\/image\/\",\"url\":\"https:\/\/relaunch.euroakademie.de\/magazin\/wp-content\/uploads\/2024\/11\/Logo_EA_negativ_Rahmen_5cm_300dpi_RGB.jpg\",\"contentUrl\":\"https:\/\/relaunch.euroakademie.de\/magazin\/wp-content\/uploads\/2024\/11\/Logo_EA_negativ_Rahmen_5cm_300dpi_RGB.jpg\",\"width\":591,\"height\":236,\"caption\":\"ESO Education Group\"},\"image\":{\"@id\":\"https:\/\/www.euroakademie.de\/magazin\/#\/schema\/logo\/image\/\"}},{\"@type\":\"Person\",\"@id\":\"https:\/\/www.euroakademie.de\/magazin\/#\/schema\/person\/60fedb6ea7279f88d9086938e970d05e\",\"name\":\"Anna R\u00fcppel\",\"description\":\"Anna R\u00fcppel ist mit 1,78 m die Gr\u00f6\u00dfte, wenn es um Ausbildung und Beruf geht. Als Kind war sie kleiner. Von April 2019 bis November 2022 schrieb sie kleinere und gr\u00f6\u00dfere Artikel f\u00fcr das Euro Akademie Magazin.\",\"url\":\"https:\/\/www.euroakademie.de\/magazin\/author\/rueppela\/\"}]}<\/script>\n<!-- \/ Yoast SEO plugin. -->","yoast_head_json":{"title":"Kinderlieder: Warum Musik f\u00fcr Kinder so wichtig ist","description":"Durch gemeinsames Singen und Tanzen k\u00f6nnen Sie die Musikalit\u00e4t der Kinder f\u00f6rdern. Denn Kinderlieder haben viele positive p\u00e4dagogische Effekte.","robots":{"index":"index","follow":"follow","max-snippet":"max-snippet:-1","max-image-preview":"max-image-preview:large","max-video-preview":"max-video-preview:-1"},"canonical":"https:\/\/www.euroakademie.de\/magazin\/kinderlieder\/","og_locale":"de_DE","og_type":"article","og_title":"Kinderlieder: Warum Musik f\u00fcr Kinder so wichtig ist","og_description":"Durch gemeinsames Singen und Tanzen k\u00f6nnen Sie die Musikalit\u00e4t der Kinder f\u00f6rdern. Denn Kinderlieder haben viele positive p\u00e4dagogische Effekte.","og_url":"https:\/\/www.euroakademie.de\/magazin\/kinderlieder\/","og_site_name":"Das Euro Akademie Magazin","article_published_time":"2019-10-04T05:32:12+00:00","article_modified_time":"2024-12-05T10:59:54+00:00","og_image":[{"width":702,"height":336,"url":"https:\/\/www.euroakademie.de\/magazin\/wp-content\/uploads\/2019\/10\/kinderlieder_titel.png","type":"image\/png"}],"author":"Anna R\u00fcppel","twitter_card":"summary_large_image","twitter_misc":{"Verfasst von":"Anna R\u00fcppel","Gesch\u00e4tzte Lesezeit":"1\u00a0Minute"},"schema":{"@context":"https:\/\/schema.org","@graph":[{"@type":"Article","@id":"https:\/\/www.euroakademie.de\/magazin\/kinderlieder\/#article","isPartOf":{"@id":"https:\/\/www.euroakademie.de\/magazin\/kinderlieder\/"},"author":{"name":"Anna R\u00fcppel","@id":"https:\/\/www.euroakademie.de\/magazin\/#\/schema\/person\/60fedb6ea7279f88d9086938e970d05e"},"headline":"Kinderlieder: Warum Musik f\u00fcr Kinder so wichtig ist","datePublished":"2019-10-04T05:32:12+00:00","dateModified":"2024-12-05T10:59:54+00:00","mainEntityOfPage":{"@id":"https:\/\/www.euroakademie.de\/magazin\/kinderlieder\/"},"wordCount":560,"publisher":{"@id":"https:\/\/www.euroakademie.de\/magazin\/#organization"},"image":{"@id":"https:\/\/www.euroakademie.de\/magazin\/kinderlieder\/#primaryimage"},"thumbnailUrl":"https:\/\/www.euroakademie.de\/magazin\/wp-content\/uploads\/2019\/10\/kinderlieder_titel.png","keywords":["Erzieher","Erzieherin","Erziehung","Kindergarten","Kinderlieder","Kita","Musik","musizieren","Singen"],"articleSection":["P\u00e4dagogik &amp; Soziales"],"inLanguage":"de"},{"@type":"WebPage","@id":"https:\/\/www.euroakademie.de\/magazin\/kinderlieder\/","url":"https:\/\/www.euroakademie.de\/magazin\/kinderlieder\/","name":"Kinderlieder: Warum Musik f\u00fcr Kinder so wichtig ist","isPartOf":{"@id":"https:\/\/www.euroakademie.de\/magazin\/#website"},"primaryImageOfPage":{"@id":"https:\/\/www.euroakademie.de\/magazin\/kinderlieder\/#primaryimage"},"image":{"@id":"https:\/\/www.euroakademie.de\/magazin\/kinderlieder\/#primaryimage"},"thumbnailUrl":"https:\/\/www.euroakademie.de\/magazin\/wp-content\/uploads\/2019\/10\/kinderlieder_titel.png","datePublished":"2019-10-04T05:32:12+00:00","dateModified":"2024-12-05T10:59:54+00:00","description":"Durch gemeinsames Singen und Tanzen k\u00f6nnen Sie die Musikalit\u00e4t der Kinder f\u00f6rdern. Denn Kinderlieder haben viele positive p\u00e4dagogische Effekte.","breadcrumb":{"@id":"https:\/\/www.euroakademie.de\/magazin\/kinderlieder\/#breadcrumb"},"inLanguage":"de","potentialAction":[{"@type":"ReadAction","target":["https:\/\/www.euroakademie.de\/magazin\/kinderlieder\/"]}]},{"@type":"ImageObject","inLanguage":"de","@id":"https:\/\/www.euroakademie.de\/magazin\/kinderlieder\/#primaryimage","url":"https:\/\/www.euroakademie.de\/magazin\/wp-content\/uploads\/2019\/10\/kinderlieder_titel.png","contentUrl":"https:\/\/www.euroakademie.de\/magazin\/wp-content\/uploads\/2019\/10\/kinderlieder_titel.png","width":702,"height":336,"caption":""},{"@type":"BreadcrumbList","@id":"https:\/\/www.euroakademie.de\/magazin\/kinderlieder\/#breadcrumb","itemListElement":[{"@type":"ListItem","position":1,"name":"Startseite","item":"https:\/\/www.euroakademie.de\/magazin\/"},{"@type":"ListItem","position":2,"name":"Kinderlieder: Warum Musik f\u00fcr Kinder so wichtig ist"}]},{"@type":"WebSite","@id":"https:\/\/www.euroakademie.de\/magazin\/#website","url":"https:\/\/www.euroakademie.de\/magazin\/","name":"Das Euro Akademie Magazin","description":"Gut informiert durch Ausbildung und Studium","publisher":{"@id":"https:\/\/www.euroakademie.de\/magazin\/#organization"},"potentialAction":[{"@type":"SearchAction","target":{"@type":"EntryPoint","urlTemplate":"https:\/\/www.euroakademie.de\/magazin\/?s={search_term_string}"},"query-input":{"@type":"PropertyValueSpecification","valueRequired":true,"valueName":"search_term_string"}}],"inLanguage":"de"},{"@type":"Organization","@id":"https:\/\/www.euroakademie.de\/magazin\/#organization","name":"ESO Education Group","url":"https:\/\/www.euroakademie.de\/magazin\/","logo":{"@type":"ImageObject","inLanguage":"de","@id":"https:\/\/www.euroakademie.de\/magazin\/#\/schema\/logo\/image\/","url":"https:\/\/relaunch.euroakademie.de\/magazin\/wp-content\/uploads\/2024\/11\/Logo_EA_negativ_Rahmen_5cm_300dpi_RGB.jpg","contentUrl":"https:\/\/relaunch.euroakademie.de\/magazin\/wp-content\/uploads\/2024\/11\/Logo_EA_negativ_Rahmen_5cm_300dpi_RGB.jpg","width":591,"height":236,"caption":"ESO Education Group"},"image":{"@id":"https:\/\/www.euroakademie.de\/magazin\/#\/schema\/logo\/image\/"}},{"@type":"Person","@id":"https:\/\/www.euroakademie.de\/magazin\/#\/schema\/person\/60fedb6ea7279f88d9086938e970d05e","name":"Anna R\u00fcppel","description":"Anna R\u00fcppel ist mit 1,78 m die Gr\u00f6\u00dfte, wenn es um Ausbildung und Beruf geht. Als Kind war sie kleiner. Von April 2019 bis November 2022 schrieb sie kleinere und gr\u00f6\u00dfere Artikel f\u00fcr das Euro Akademie Magazin.","url":"https:\/\/www.euroakademie.de\/magazin\/author\/rueppela\/"}]}},"_links":{"self":[{"href":"https:\/\/www.euroakademie.de\/magazin\/wp-json\/wp\/v2\/posts\/11683","targetHints":{"allow":["GET"]}}],"collection":[{"href":"https:\/\/www.euroakademie.de\/magazin\/wp-json\/wp\/v2\/posts"}],"about":[{"href":"https:\/\/www.euroakademie.de\/magazin\/wp-json\/wp\/v2\/types\/post"}],"author":[{"embeddable":true,"href":"https:\/\/www.euroakademie.de\/magazin\/wp-json\/wp\/v2\/users\/76"}],"replies":[{"embeddable":true,"href":"https:\/\/www.euroakademie.de\/magazin\/wp-json\/wp\/v2\/comments?post=11683"}],"version-history":[{"count":2,"href":"https:\/\/www.euroakademie.de\/magazin\/wp-json\/wp\/v2\/posts\/11683\/revisions"}],"predecessor-version":[{"id":26121,"href":"https:\/\/www.euroakademie.de\/magazin\/wp-json\/wp\/v2\/posts\/11683\/revisions\/26121"}],"wp:featuredmedia":[{"embeddable":true,"href":"https:\/\/www.euroakademie.de\/magazin\/wp-json\/wp\/v2\/media\/11686"}],"wp:attachment":[{"href":"https:\/\/www.euroakademie.de\/magazin\/wp-json\/wp\/v2\/media?parent=11683"}],"wp:term":[{"taxonomy":"category","embeddable":true,"href":"https:\/\/www.euroakademie.de\/magazin\/wp-json\/wp\/v2\/categories?post=11683"},{"taxonomy":"post_tag","embeddable":true,"href":"https:\/\/www.euroakademie.de\/magazin\/wp-json\/wp\/v2\/tags?post=11683"}],"curies":[{"name":"wp","href":"https:\/\/api.w.org\/{rel}","templated":true}]}}