{"id":11744,"date":"2019-10-10T11:14:47","date_gmt":"2019-10-10T09:14:47","guid":{"rendered":"https:\/\/www.euroakademie.de\/magazin\/?p=11744"},"modified":"2024-12-05T11:58:26","modified_gmt":"2024-12-05T10:58:26","slug":"siezen-oder-duzen-wie-halten-sies-unter-kolleginnen","status":"publish","type":"post","link":"https:\/\/www.euroakademie.de\/magazin\/siezen-oder-duzen-wie-halten-sies-unter-kolleginnen\/","title":{"rendered":"Siezen oder duzen \u2013 wie halten Sie\u2019s unter Kolleg*innen?"},"content":{"rendered":"<p><![CDATA[\n<\/p>\n\n\n<p><strong>Fr\u00e4ulein Schnuck ist Fremdsprachenkorrespondentin in einem gro\u00dfen internationalen Unternehmen. Wenn sie mit ihren englischsprachigen Kunden kommuniziert, ist es ihr egal, dass diese sie mit einem neutralen \u201eyou\u201c ansprechen \u2013 auch, weil sie wei\u00df, dass dieses kumpelhaft klingende Personalpronomen eigentlich die H\u00f6flichkeitsform ist, denn das \u201eDu\u201c (also \u201ethou\u201c) im Englischen verschwand erst im 17. Jahrhundert aus dem allgemeinen Sprachgebrauch und wurde durch das \u201eSie\u201c (also \u201eyou\u201c) ersetzt. In ihrer Muttersprache hingegen mag es Fr\u00e4ulein Schnuck, von ihren Kolleginnen und Kollegen gesiezt zu werden. Allerdings geh\u00f6rt Fr\u00e4ulein Schnuck mit ihrer Vorliebe zu einer Minderheit. Nur 3,8 Prozent der Deutschen ist mit den Kolleg*innen per Sie, fand das <a rel=\"noreferrer noopener\" aria-label=\"Jobportal Indeed (\u00f6ffnet in neuem Tab)\" href=\"https:\/\/www.presseportal.de\/pm\/110144\/3313253\" target=\"_blank\">Jobportal Indeed<\/a> 2016 heraus. 70,4 Prozent duzen sich im Job.<\/strong><\/p>\n\n\n\n<p>Schwei\u00dft das Duzen ein Team zusammen oder gibt es Respekt f\u00fcr den Chef oder die Chefin nur durchs Siezen? Mal wieder sind wir uns in der Redaktion nicht ganz einig.[su_spacer]<\/p>\n\n\n\n<div class=\"wp-block-media-text alignwide\" style=\"grid-template-columns:24% auto\"><figure class=\"wp-block-media-text__media\"><img decoding=\"async\" width=\"142\" height=\"146\" src=\"https:\/\/relaunch.euroakademie.de\/magazin\/wp-content\/uploads\/2019\/08\/nadine_rund.png\" alt=\"\" class=\"wp-image-11426 size-full\"\/><\/figure><div class=\"wp-block-media-text__content\">\n<h2 class=\"wp-block-heading\"><strong>Nadine Elbert ist in dieser Hinsicht ein bisschen altmodisch: Sagen Sie \u201eSie\u201c zu mir, bitte!<\/strong><\/h2>\n\n\n\n<p>Komisch war das schon irgendwie, als uns unsere Deutschlehrerin Frau  Schauer-Englert, die uns schon seit der Unterstufe begleitete, in der  zehnten Klasse pl\u00f6tzlich das \u201eSie\u201c anbot. Normalerweise l\u00e4uft das ja umgekehrt ab: Man siezt sich lange unter Kolleg*innen, bis man nach  einigen gemeinsam geschlagenen Schlachten irgendwann \u2013 vielleicht auf  der Weihnachtsfeier \u2013 zum \u201eDu\u201c \u00fcbergeht. <\/p>\n<\/div><\/div>\n\n\n\n<p>Dennoch nahmen wir damals, Mitte der Neunziger, das Angebot von Frau Schauer-Englert dankend an. Denn wir f\u00fchlten uns endlich erwachsen, angekommen im privilegierten Kreis derer, die nicht mehr als Kinder galten. Wir waren fast vollj\u00e4hrig, die beste Zeit unseres Lebens stand uns bevor. Wir w\u00fcrden bald <a rel=\"noreferrer noopener\" aria-label=\"eine Ausbildung machen (\u00f6ffnet in neuem Tab)\" href=\"https:\/\/www.euroakademie.de\/magazin\/ausbildung-heute-5-gute-gruende-nummer-1\/\" target=\"_blank\">eine Ausbildung machen<\/a>, unser erstes eigenes Geld verdienen und damit tun k\u00f6nnen, was wir wollen. Duzen klang f\u00fcr uns nach Kindergarten, Sandburgen bauen und dem Gegen\u00fcber mit der Schaufel auf den Kopf hauen, wenn er uns mal wieder unsere F\u00f6rmchen geklaut hatte. Solche Rituale geh\u00f6rten ab jetzt der Vergangenheit an. Meinungsverschiedenheiten wurden ab sofort zivilisiert mithilfe von Argumenten ausgetragen.<\/p>\n\n\n\n<h2 class=\"wp-block-heading\">H\u00f6fliche Distanz f\u00fcr professionellen Umgang<\/h2>\n\n\n\n<p>Auch im Job hilft die h\u00f6fliche Ansprache, eine gewisse Distanz zu wahren, welche den professionellen Umgang miteinander erleichtert. Hand aufs Herz: Bei engeren Bekannten wird man eher mal unwirsch als gegen\u00fcber Menschen, die einem nicht so nahestehen, nicht wahr? Mein Kollege muss nicht mein bester Freund sein, mit dem ich mich nach der Arbeit noch auf ein Bier in der Stammkneipe treffe und Privates bespreche. W\u00e4hrend der Arbeitszeit fokussiere ich mich gerne auf die Jobthemen und will Projekte vorantreiben. Ich pers\u00f6nlich mag es einfach, Arbeit und Privatleben zu trennen. Das Siezen hilft mir dabei.<\/p>\n\n\n\n<h2 class=\"wp-block-heading\">Hierarchien sorgen f\u00fcr Ordnung im Unternehmen<\/h2>\n\n\n\n<p>Gerade gegen\u00fcber meinem*r Vorgesetzten finde ich es angebracht, mit dem \u201eSie\u201c einen gewissen Respekt zu zeigen. Ich bin ein Freund von Hierarchien, in denen sich dennoch jeder mit seinem Wissen und F\u00e4higkeiten einbringen kann. Ein Unternehmen verstehe ich als Uhrwerk, in dem jedes R\u00e4dchen mit den anderen ineinandergreift, um reibungslos zu funktionieren. Dabei gibt es nun einmal kleine und gro\u00dfe R\u00e4dchen.<\/p>\n\n\n\n<h2 class=\"wp-block-heading\">Ein Kompromiss: das &#8222;Hamburger Sie&#8220;<\/h2>\n\n\n\n<p>Ein guter Kompromiss, falls Sie das \u201eSie\u201c verbunden mit dem Nachnamen etwas zu gestelzt empfinden, ist das sogenannte <a href=\"https:\/\/blog.zeit.de\/hamburg\/hamburger-sie\/\" target=\"_blank\" rel=\"noreferrer noopener\" aria-label=\"\u201eHamburger Sie\u201c (\u00f6ffnet in neuem Tab)\">\u201eHamburger Sie\u201c<\/a>. Dazu bleibt man bei der f\u00f6rmlichen Anrede \u201eSie\u201c, kombiniert diesen aber mit dem Vornamen des*r Angesprochenen, \u00e0 la \u201eNadine, k\u00f6nnten Sie mir bitte das Wasser reichen?\u201c. Damit k\u00f6nnte sogar ich mich anfreunden.<\/p>\n\n\n\n<p>Obwohl ich zum Siezen-Duzen-Konflikt im Berufsleben eine klare Meinung habe, gibt es einen Augenblick, in dem ich mir nichts sehnlicher w\u00fcnsche, als mit einem \u201eDu\u201c angesprochen zu werden: Wenn mich Kinder in \u00f6ffentlichen Verkehrsmitteln duzen, h\u00fcpft mein Herz \u2013 und ich f\u00fchle mich gleich zehn Jahre j\u00fcnger.[su_spacer]<\/p>\n\n\n\n<div class=\"wp-block-media-text alignwide has-media-on-the-right\" style=\"grid-template-columns:auto 25%\"><div class=\"wp-block-media-text__content\">\n<h2 class=\"wp-block-heading\">Tanja H\u00f6fling ist froh, weder Eltern noch Kolleg*innen siezen zu m\u00fcssen <\/h2>\n\n\n\n<p> Ich finde, das \u201eDu\u201c ist das \u201eSie\u201c unserer Zeit. Ebenso wie im Englischen  das \u201ethou\u201c zum \u201eyou\u201c wurde. \u201eDas ist ja mal kein Argument, nur weil die  Leute in englischsprachigen L\u00e4ndern vor Jahrhunderten vom Sie zum Du  \u00fcbergangen sind, m\u00fcssen wir das nicht auch tun\u201c,  werden Sie jetzt  vielleicht denken. Darauf antworte ich: Wie f\u00e4nden Sie es, wenn Sie Ihre Eltern siezen m\u00fcssten? Genau, ziemlich komisch. <\/p>\n<\/div><figure class=\"wp-block-media-text__media\"><img decoding=\"async\" width=\"98\" height=\"103\" src=\"https:\/\/relaunch.euroakademie.de\/magazin\/wp-content\/uploads\/2019\/10\/tanja_rund-e1603783461562.png\" alt=\"Tanja H\u00f6fling\" class=\"wp-image-11756 size-full\"\/><\/figure><\/div>\n\n\n\n<p>Das war aber sogar noch zu Beginn des 20. Jahrhunderts ganz normal \u2013 ein \u201eDu\u201c gegen\u00fcber Vater und Mutter w\u00e4re damals undenkbar gewesen. Bis ins 20. Jahrhundert hinein siezten die Spr\u00f6sslinge ihre Eltern ganz selbstverst\u00e4ndlich. Liebe und Verst\u00e4ndnis standen in der Erziehung von Kindern kaum auf dem Programm, stattdessen Gehorsam und Anpassung an die Erwachsenenwelt. Die Hierarchie  wurde eben auch durch das f\u00f6rmliche und distanzierte \u201eSie\u201c von Kindern zu ihren Eltern gepflegt. Aber nun ein Sprung ins Hier und Jetzt.   <\/p>\n\n\n\n<h2 class=\"wp-block-heading\">Begegnung auf Augenh\u00f6he <\/h2>\n\n\n\n<p>In einer ganz normalen Arbeitswoche verbringe ich mehr Zeit mit meinen <a href=\"https:\/\/www.euroakademie.de\/magazin\/der-business-knigge\/\" target=\"_blank\" rel=\"noreferrer noopener\" aria-label=\"Kolleg*innen (\u00f6ffnet in neuem Tab)\">Kolleg*innen<\/a> als mit meiner Familie und Freunden. Klar, manche der Mitstreiter im Job stehen einem n\u00e4her als andere \u2013 trotzdem teile ich fast den ganzen Tag mit den Kolleg*innen. In erster Linie sehe ich in meinem Kollegen oder meiner Kollegin den Menschen und nicht die Funktion, die er oder sie im Unternehmen hat. Und wenn man sich menschlich, in flachen Hierarchien und auf Augenh\u00f6he begegnet, st\u00f6rt mich die k\u00fcnstlich angelegte Stufe eines distanziert wirkenden \u201eSie\u201c. <\/p>\n\n\n\n<h2 class=\"wp-block-heading\">Respekt entsteht nicht durch ein \u201eSie\u201c <\/h2>\n\n\n\n<p>Das vielgefeierte Argument der Siez-Freunde, man h\u00e4tte durch das kleine W\u00f6rtchen mehr Respekt voreinander, halte ich f\u00fcr rundweg falsch. Achtung vor jemandem hat man oder hat man nicht, ob man ihn siezt oder duzt ist da v\u00f6llig egal. Aber wenn der Respekt tats\u00e4chlich mit dem \u201eDu\u201c einfach wegschmilzt wie das Eis in der Sonne, bin ich ab sofort daf\u00fcr, dass wir uns alle, wirklich alle siezen. Denn sonst w\u00fcrde das ja bedeuten, ich habe weniger Achtung vor meiner Mutter, die ich duze, als vor Kolleg*innen, die ich sieze.<\/p>\n\n\n\n<h2 class=\"wp-block-heading\">Es gibt auch Anl\u00e4sse zum \u201eSiezen\u201c<\/h2>\n\n\n\n<p>Eines m\u00f6chte ich an dieser Stelle noch klarstellen: Ich finde es durchaus angenehm, von fremden Menschen gesiezt zu werden. Und auch Stellenanzeigen, die ihre potenziellen <a href=\"https:\/\/www.euroakademie.de\/magazin\/die-perfekte-bewerbung-aktuelle-trends-im-ueberblick\/\" target=\"_blank\" rel=\"noreferrer noopener\" aria-label=\"Bewerber*innen (\u00f6ffnet in neuem Tab)\">Bewerber*innen<\/a> mit \u201eDu\u201c ansprechen, finde ich maximal f\u00fcr Arbeitssuchende bis Mitte 20 ansprechend. <\/p>\n\n\n\n<p>Menschen, mit denen ich jeden Tag zu tun habe, m\u00f6chte ich aber mit einem flapsigen, lockeren \u201eDu\u201c ansprechen d\u00fcrfen. \u00dcbrigens: Mit einem \u201eSie\u201c auf den Lippen haben sich die 15 Prozent derjenigen, die ihren Partner am Arbeitsplatz kennengelernt haben, sicher nicht auf einen Drink nach Feierabend verabredet. <\/p>\n","protected":false},"excerpt":{"rendered":"<p>\t\t\t\t<![CDATA[Du oder Sie am Arbeitsplatz? Wir haben ganz klare - und v\u00f6llig unterschiedliche - Meinungen dazu. ]]>\t\t<\/p>\n","protected":false},"author":7,"featured_media":11750,"comment_status":"closed","ping_status":"closed","sticky":false,"template":"","format":"standard","meta":{"footnotes":""},"categories":[118,127],"tags":[2197,2227,3991,4666,6979,8509],"class_list":{"0":"post-11744","1":"post","2":"type-post","3":"status-publish","4":"format-standard","5":"has-post-thumbnail","7":"category-im-fokus","8":"category-karriere","9":"tag-du-oder-sie","10":"tag-duzen","11":"tag-hoeflichkeit","12":"tag-kollegen","13":"tag-respekt","14":"tag-umgang"},"yoast_head":"<!-- This site is optimized with the Yoast SEO plugin v23.5 - https:\/\/yoast.com\/wordpress\/plugins\/seo\/ -->\n<title>Siezen oder duzen \u2013 wie halten Sie\u2019s unter Kolleg*innen?<\/title>\n<meta name=\"description\" content=\"Schwei\u00dft das Duzen ein Team zusammen oder gibt es Respekt f\u00fcr den Chef nur durchs Siezen? Mal wieder sind wir uns in der Redaktion nicht ganz einig.\" \/>\n<meta name=\"robots\" content=\"index, follow, max-snippet:-1, max-image-preview:large, max-video-preview:-1\" \/>\n<link rel=\"canonical\" href=\"https:\/\/www.euroakademie.de\/magazin\/siezen-oder-duzen-wie-halten-sies-unter-kolleginnen\/\" \/>\n<meta property=\"og:locale\" content=\"de_DE\" \/>\n<meta property=\"og:type\" content=\"article\" \/>\n<meta property=\"og:title\" content=\"Siezen oder duzen \u2013 wie halten Sie\u2019s unter Kolleg*innen?\" \/>\n<meta property=\"og:description\" content=\"Schwei\u00dft das Duzen ein Team zusammen oder gibt es Respekt f\u00fcr den Chef nur durchs Siezen? Mal wieder sind wir uns in der Redaktion nicht ganz einig.\" \/>\n<meta property=\"og:url\" content=\"https:\/\/www.euroakademie.de\/magazin\/siezen-oder-duzen-wie-halten-sies-unter-kolleginnen\/\" \/>\n<meta property=\"og:site_name\" content=\"Das Euro Akademie Magazin\" \/>\n<meta property=\"article:published_time\" content=\"2019-10-10T09:14:47+00:00\" \/>\n<meta property=\"article:modified_time\" content=\"2024-12-05T10:58:26+00:00\" \/>\n<meta property=\"og:image\" content=\"https:\/\/www.euroakademie.de\/magazin\/wp-content\/uploads\/2019\/10\/shutterstock_1032426319-702x336-web.jpg\" \/>\n\t<meta property=\"og:image:width\" content=\"702\" \/>\n\t<meta property=\"og:image:height\" content=\"336\" \/>\n\t<meta property=\"og:image:type\" content=\"image\/jpeg\" \/>\n<meta name=\"author\" content=\"Redaktion\" \/>\n<meta name=\"twitter:card\" content=\"summary_large_image\" \/>\n<meta name=\"twitter:label1\" content=\"Verfasst von\" \/>\n\t<meta name=\"twitter:data1\" content=\"Redaktion\" \/>\n\t<meta name=\"twitter:label2\" content=\"Gesch\u00e4tzte Lesezeit\" \/>\n\t<meta name=\"twitter:data2\" content=\"1\u00a0Minute\" \/>\n<script type=\"application\/ld+json\" class=\"yoast-schema-graph\">{\"@context\":\"https:\/\/schema.org\",\"@graph\":[{\"@type\":\"Article\",\"@id\":\"https:\/\/www.euroakademie.de\/magazin\/siezen-oder-duzen-wie-halten-sies-unter-kolleginnen\/#article\",\"isPartOf\":{\"@id\":\"https:\/\/www.euroakademie.de\/magazin\/siezen-oder-duzen-wie-halten-sies-unter-kolleginnen\/\"},\"author\":{\"name\":\"Redaktion\",\"@id\":\"https:\/\/www.euroakademie.de\/magazin\/#\/schema\/person\/6c9b7b6db765ee31640d80c936be3686\"},\"headline\":\"Siezen oder duzen \u2013 wie halten Sie\u2019s unter Kolleg*innen?\",\"datePublished\":\"2019-10-10T09:14:47+00:00\",\"dateModified\":\"2024-12-05T10:58:26+00:00\",\"mainEntityOfPage\":{\"@id\":\"https:\/\/www.euroakademie.de\/magazin\/siezen-oder-duzen-wie-halten-sies-unter-kolleginnen\/\"},\"wordCount\":1095,\"publisher\":{\"@id\":\"https:\/\/www.euroakademie.de\/magazin\/#organization\"},\"image\":{\"@id\":\"https:\/\/www.euroakademie.de\/magazin\/siezen-oder-duzen-wie-halten-sies-unter-kolleginnen\/#primaryimage\"},\"thumbnailUrl\":\"https:\/\/www.euroakademie.de\/magazin\/wp-content\/uploads\/2019\/10\/shutterstock_1032426319-702x336-web.jpg\",\"keywords\":[\"Du oder Sie\",\"Duzen\",\"H\u00f6flichkeit\",\"Kollegen\",\"Respekt\",\"Umgang\"],\"articleSection\":[\"Im Fokus\",\"Karriere\"],\"inLanguage\":\"de\"},{\"@type\":\"WebPage\",\"@id\":\"https:\/\/www.euroakademie.de\/magazin\/siezen-oder-duzen-wie-halten-sies-unter-kolleginnen\/\",\"url\":\"https:\/\/www.euroakademie.de\/magazin\/siezen-oder-duzen-wie-halten-sies-unter-kolleginnen\/\",\"name\":\"Siezen oder duzen \u2013 wie halten Sie\u2019s unter Kolleg*innen?\",\"isPartOf\":{\"@id\":\"https:\/\/www.euroakademie.de\/magazin\/#website\"},\"primaryImageOfPage\":{\"@id\":\"https:\/\/www.euroakademie.de\/magazin\/siezen-oder-duzen-wie-halten-sies-unter-kolleginnen\/#primaryimage\"},\"image\":{\"@id\":\"https:\/\/www.euroakademie.de\/magazin\/siezen-oder-duzen-wie-halten-sies-unter-kolleginnen\/#primaryimage\"},\"thumbnailUrl\":\"https:\/\/www.euroakademie.de\/magazin\/wp-content\/uploads\/2019\/10\/shutterstock_1032426319-702x336-web.jpg\",\"datePublished\":\"2019-10-10T09:14:47+00:00\",\"dateModified\":\"2024-12-05T10:58:26+00:00\",\"description\":\"Schwei\u00dft das Duzen ein Team zusammen oder gibt es Respekt f\u00fcr den Chef nur durchs Siezen? Mal wieder sind wir uns in der Redaktion nicht ganz einig.\",\"breadcrumb\":{\"@id\":\"https:\/\/www.euroakademie.de\/magazin\/siezen-oder-duzen-wie-halten-sies-unter-kolleginnen\/#breadcrumb\"},\"inLanguage\":\"de\",\"potentialAction\":[{\"@type\":\"ReadAction\",\"target\":[\"https:\/\/www.euroakademie.de\/magazin\/siezen-oder-duzen-wie-halten-sies-unter-kolleginnen\/\"]}]},{\"@type\":\"ImageObject\",\"inLanguage\":\"de\",\"@id\":\"https:\/\/www.euroakademie.de\/magazin\/siezen-oder-duzen-wie-halten-sies-unter-kolleginnen\/#primaryimage\",\"url\":\"https:\/\/www.euroakademie.de\/magazin\/wp-content\/uploads\/2019\/10\/shutterstock_1032426319-702x336-web.jpg\",\"contentUrl\":\"https:\/\/www.euroakademie.de\/magazin\/wp-content\/uploads\/2019\/10\/shutterstock_1032426319-702x336-web.jpg\",\"width\":702,\"height\":336,\"caption\":\"\"},{\"@type\":\"BreadcrumbList\",\"@id\":\"https:\/\/www.euroakademie.de\/magazin\/siezen-oder-duzen-wie-halten-sies-unter-kolleginnen\/#breadcrumb\",\"itemListElement\":[{\"@type\":\"ListItem\",\"position\":1,\"name\":\"Startseite\",\"item\":\"https:\/\/www.euroakademie.de\/magazin\/\"},{\"@type\":\"ListItem\",\"position\":2,\"name\":\"Siezen oder duzen \u2013 wie halten Sie\u2019s unter Kolleg*innen?\"}]},{\"@type\":\"WebSite\",\"@id\":\"https:\/\/www.euroakademie.de\/magazin\/#website\",\"url\":\"https:\/\/www.euroakademie.de\/magazin\/\",\"name\":\"Das Euro Akademie Magazin\",\"description\":\"Gut informiert durch Ausbildung und Studium\",\"publisher\":{\"@id\":\"https:\/\/www.euroakademie.de\/magazin\/#organization\"},\"potentialAction\":[{\"@type\":\"SearchAction\",\"target\":{\"@type\":\"EntryPoint\",\"urlTemplate\":\"https:\/\/www.euroakademie.de\/magazin\/?s={search_term_string}\"},\"query-input\":{\"@type\":\"PropertyValueSpecification\",\"valueRequired\":true,\"valueName\":\"search_term_string\"}}],\"inLanguage\":\"de\"},{\"@type\":\"Organization\",\"@id\":\"https:\/\/www.euroakademie.de\/magazin\/#organization\",\"name\":\"ESO Education Group\",\"url\":\"https:\/\/www.euroakademie.de\/magazin\/\",\"logo\":{\"@type\":\"ImageObject\",\"inLanguage\":\"de\",\"@id\":\"https:\/\/www.euroakademie.de\/magazin\/#\/schema\/logo\/image\/\",\"url\":\"https:\/\/relaunch.euroakademie.de\/magazin\/wp-content\/uploads\/2024\/11\/Logo_EA_negativ_Rahmen_5cm_300dpi_RGB.jpg\",\"contentUrl\":\"https:\/\/relaunch.euroakademie.de\/magazin\/wp-content\/uploads\/2024\/11\/Logo_EA_negativ_Rahmen_5cm_300dpi_RGB.jpg\",\"width\":591,\"height\":236,\"caption\":\"ESO Education Group\"},\"image\":{\"@id\":\"https:\/\/www.euroakademie.de\/magazin\/#\/schema\/logo\/image\/\"}},{\"@type\":\"Person\",\"@id\":\"https:\/\/www.euroakademie.de\/magazin\/#\/schema\/person\/6c9b7b6db765ee31640d80c936be3686\",\"name\":\"Redaktion\",\"description\":\"Die Redaktion des Euro Akademie Magazins h\u00e4lt Sie regelm\u00e4\u00dfig mit hintergr\u00fcndigen Artikeln auf dem Laufenden. Auf Basis einer fundierten Recherche und mit Spa\u00df am Schreiben erstellen die Redakteur*innen informative und unterhaltsame Inhalte f\u00fcr Sie.\",\"url\":\"https:\/\/www.euroakademie.de\/magazin\/author\/redaktion\/\"}]}<\/script>\n<!-- \/ Yoast SEO plugin. -->","yoast_head_json":{"title":"Siezen oder duzen \u2013 wie halten Sie\u2019s unter Kolleg*innen?","description":"Schwei\u00dft das Duzen ein Team zusammen oder gibt es Respekt f\u00fcr den Chef nur durchs Siezen? Mal wieder sind wir uns in der Redaktion nicht ganz einig.","robots":{"index":"index","follow":"follow","max-snippet":"max-snippet:-1","max-image-preview":"max-image-preview:large","max-video-preview":"max-video-preview:-1"},"canonical":"https:\/\/www.euroakademie.de\/magazin\/siezen-oder-duzen-wie-halten-sies-unter-kolleginnen\/","og_locale":"de_DE","og_type":"article","og_title":"Siezen oder duzen \u2013 wie halten Sie\u2019s unter Kolleg*innen?","og_description":"Schwei\u00dft das Duzen ein Team zusammen oder gibt es Respekt f\u00fcr den Chef nur durchs Siezen? Mal wieder sind wir uns in der Redaktion nicht ganz einig.","og_url":"https:\/\/www.euroakademie.de\/magazin\/siezen-oder-duzen-wie-halten-sies-unter-kolleginnen\/","og_site_name":"Das Euro Akademie Magazin","article_published_time":"2019-10-10T09:14:47+00:00","article_modified_time":"2024-12-05T10:58:26+00:00","og_image":[{"width":702,"height":336,"url":"https:\/\/www.euroakademie.de\/magazin\/wp-content\/uploads\/2019\/10\/shutterstock_1032426319-702x336-web.jpg","type":"image\/jpeg"}],"author":"Redaktion","twitter_card":"summary_large_image","twitter_misc":{"Verfasst von":"Redaktion","Gesch\u00e4tzte Lesezeit":"1\u00a0Minute"},"schema":{"@context":"https:\/\/schema.org","@graph":[{"@type":"Article","@id":"https:\/\/www.euroakademie.de\/magazin\/siezen-oder-duzen-wie-halten-sies-unter-kolleginnen\/#article","isPartOf":{"@id":"https:\/\/www.euroakademie.de\/magazin\/siezen-oder-duzen-wie-halten-sies-unter-kolleginnen\/"},"author":{"name":"Redaktion","@id":"https:\/\/www.euroakademie.de\/magazin\/#\/schema\/person\/6c9b7b6db765ee31640d80c936be3686"},"headline":"Siezen oder duzen \u2013 wie halten Sie\u2019s unter Kolleg*innen?","datePublished":"2019-10-10T09:14:47+00:00","dateModified":"2024-12-05T10:58:26+00:00","mainEntityOfPage":{"@id":"https:\/\/www.euroakademie.de\/magazin\/siezen-oder-duzen-wie-halten-sies-unter-kolleginnen\/"},"wordCount":1095,"publisher":{"@id":"https:\/\/www.euroakademie.de\/magazin\/#organization"},"image":{"@id":"https:\/\/www.euroakademie.de\/magazin\/siezen-oder-duzen-wie-halten-sies-unter-kolleginnen\/#primaryimage"},"thumbnailUrl":"https:\/\/www.euroakademie.de\/magazin\/wp-content\/uploads\/2019\/10\/shutterstock_1032426319-702x336-web.jpg","keywords":["Du oder Sie","Duzen","H\u00f6flichkeit","Kollegen","Respekt","Umgang"],"articleSection":["Im Fokus","Karriere"],"inLanguage":"de"},{"@type":"WebPage","@id":"https:\/\/www.euroakademie.de\/magazin\/siezen-oder-duzen-wie-halten-sies-unter-kolleginnen\/","url":"https:\/\/www.euroakademie.de\/magazin\/siezen-oder-duzen-wie-halten-sies-unter-kolleginnen\/","name":"Siezen oder duzen \u2013 wie halten Sie\u2019s unter Kolleg*innen?","isPartOf":{"@id":"https:\/\/www.euroakademie.de\/magazin\/#website"},"primaryImageOfPage":{"@id":"https:\/\/www.euroakademie.de\/magazin\/siezen-oder-duzen-wie-halten-sies-unter-kolleginnen\/#primaryimage"},"image":{"@id":"https:\/\/www.euroakademie.de\/magazin\/siezen-oder-duzen-wie-halten-sies-unter-kolleginnen\/#primaryimage"},"thumbnailUrl":"https:\/\/www.euroakademie.de\/magazin\/wp-content\/uploads\/2019\/10\/shutterstock_1032426319-702x336-web.jpg","datePublished":"2019-10-10T09:14:47+00:00","dateModified":"2024-12-05T10:58:26+00:00","description":"Schwei\u00dft das Duzen ein Team zusammen oder gibt es Respekt f\u00fcr den Chef nur durchs Siezen? Mal wieder sind wir uns in der Redaktion nicht ganz einig.","breadcrumb":{"@id":"https:\/\/www.euroakademie.de\/magazin\/siezen-oder-duzen-wie-halten-sies-unter-kolleginnen\/#breadcrumb"},"inLanguage":"de","potentialAction":[{"@type":"ReadAction","target":["https:\/\/www.euroakademie.de\/magazin\/siezen-oder-duzen-wie-halten-sies-unter-kolleginnen\/"]}]},{"@type":"ImageObject","inLanguage":"de","@id":"https:\/\/www.euroakademie.de\/magazin\/siezen-oder-duzen-wie-halten-sies-unter-kolleginnen\/#primaryimage","url":"https:\/\/www.euroakademie.de\/magazin\/wp-content\/uploads\/2019\/10\/shutterstock_1032426319-702x336-web.jpg","contentUrl":"https:\/\/www.euroakademie.de\/magazin\/wp-content\/uploads\/2019\/10\/shutterstock_1032426319-702x336-web.jpg","width":702,"height":336,"caption":""},{"@type":"BreadcrumbList","@id":"https:\/\/www.euroakademie.de\/magazin\/siezen-oder-duzen-wie-halten-sies-unter-kolleginnen\/#breadcrumb","itemListElement":[{"@type":"ListItem","position":1,"name":"Startseite","item":"https:\/\/www.euroakademie.de\/magazin\/"},{"@type":"ListItem","position":2,"name":"Siezen oder duzen \u2013 wie halten Sie\u2019s unter Kolleg*innen?"}]},{"@type":"WebSite","@id":"https:\/\/www.euroakademie.de\/magazin\/#website","url":"https:\/\/www.euroakademie.de\/magazin\/","name":"Das Euro Akademie Magazin","description":"Gut informiert durch Ausbildung und Studium","publisher":{"@id":"https:\/\/www.euroakademie.de\/magazin\/#organization"},"potentialAction":[{"@type":"SearchAction","target":{"@type":"EntryPoint","urlTemplate":"https:\/\/www.euroakademie.de\/magazin\/?s={search_term_string}"},"query-input":{"@type":"PropertyValueSpecification","valueRequired":true,"valueName":"search_term_string"}}],"inLanguage":"de"},{"@type":"Organization","@id":"https:\/\/www.euroakademie.de\/magazin\/#organization","name":"ESO Education Group","url":"https:\/\/www.euroakademie.de\/magazin\/","logo":{"@type":"ImageObject","inLanguage":"de","@id":"https:\/\/www.euroakademie.de\/magazin\/#\/schema\/logo\/image\/","url":"https:\/\/relaunch.euroakademie.de\/magazin\/wp-content\/uploads\/2024\/11\/Logo_EA_negativ_Rahmen_5cm_300dpi_RGB.jpg","contentUrl":"https:\/\/relaunch.euroakademie.de\/magazin\/wp-content\/uploads\/2024\/11\/Logo_EA_negativ_Rahmen_5cm_300dpi_RGB.jpg","width":591,"height":236,"caption":"ESO Education Group"},"image":{"@id":"https:\/\/www.euroakademie.de\/magazin\/#\/schema\/logo\/image\/"}},{"@type":"Person","@id":"https:\/\/www.euroakademie.de\/magazin\/#\/schema\/person\/6c9b7b6db765ee31640d80c936be3686","name":"Redaktion","description":"Die Redaktion des Euro Akademie Magazins h\u00e4lt Sie regelm\u00e4\u00dfig mit hintergr\u00fcndigen Artikeln auf dem Laufenden. Auf Basis einer fundierten Recherche und mit Spa\u00df am Schreiben erstellen die Redakteur*innen informative und unterhaltsame Inhalte f\u00fcr Sie.","url":"https:\/\/www.euroakademie.de\/magazin\/author\/redaktion\/"}]}},"_links":{"self":[{"href":"https:\/\/www.euroakademie.de\/magazin\/wp-json\/wp\/v2\/posts\/11744","targetHints":{"allow":["GET"]}}],"collection":[{"href":"https:\/\/www.euroakademie.de\/magazin\/wp-json\/wp\/v2\/posts"}],"about":[{"href":"https:\/\/www.euroakademie.de\/magazin\/wp-json\/wp\/v2\/types\/post"}],"author":[{"embeddable":true,"href":"https:\/\/www.euroakademie.de\/magazin\/wp-json\/wp\/v2\/users\/7"}],"replies":[{"embeddable":true,"href":"https:\/\/www.euroakademie.de\/magazin\/wp-json\/wp\/v2\/comments?post=11744"}],"version-history":[{"count":1,"href":"https:\/\/www.euroakademie.de\/magazin\/wp-json\/wp\/v2\/posts\/11744\/revisions"}],"predecessor-version":[{"id":26112,"href":"https:\/\/www.euroakademie.de\/magazin\/wp-json\/wp\/v2\/posts\/11744\/revisions\/26112"}],"wp:featuredmedia":[{"embeddable":true,"href":"https:\/\/www.euroakademie.de\/magazin\/wp-json\/wp\/v2\/media\/11750"}],"wp:attachment":[{"href":"https:\/\/www.euroakademie.de\/magazin\/wp-json\/wp\/v2\/media?parent=11744"}],"wp:term":[{"taxonomy":"category","embeddable":true,"href":"https:\/\/www.euroakademie.de\/magazin\/wp-json\/wp\/v2\/categories?post=11744"},{"taxonomy":"post_tag","embeddable":true,"href":"https:\/\/www.euroakademie.de\/magazin\/wp-json\/wp\/v2\/tags?post=11744"}],"curies":[{"name":"wp","href":"https:\/\/api.w.org\/{rel}","templated":true}]}}