{"id":12043,"date":"2019-11-21T09:35:45","date_gmt":"2019-11-21T08:35:45","guid":{"rendered":"https:\/\/www.euroakademie.de\/magazin\/?p=12043"},"modified":"2024-12-05T10:55:11","modified_gmt":"2024-12-05T09:55:11","slug":"generationen-mythos","status":"publish","type":"post","link":"https:\/\/www.euroakademie.de\/magazin\/generationen-mythos\/","title":{"rendered":"Boomer, Millenial oder GenZ \u2013 Warum Generationen ein Mythos sind"},"content":{"rendered":"<p><![CDATA[\n<\/p>\n\n\n<p><strong>Sind Sie X, Y, Z, oder gar ein Babyboomer? Solche Generationenlabels sind ubiquit\u00e4r, der Kampf zwischen Jung und Alt immer ein beliebtes Thema in den Medien. Durch die aktuelle Debatte \u00fcber das \u201eOk, Boomer\u201c-Meme wird dieser Konflikt weiter angeheizt. Dabei ist die klare Abgrenzung der Generationen in der Soziologie ein umstrittenes Konzept. Viele Forscher*innen gehen davon aus, dass diese Labels ein popul\u00e4rwissenschaftliches Ph\u00e4nomen, sozialwissenschaftlich betrachtet aber Unsinn sind. Doch warum h\u00e4lt sich der Mythos von den Unterschieden zwischen den Generationen weiterhin hartn\u00e4ckig?<\/strong><\/p>\n\n\n\n<p>Ich bin ja ein Millenial. Den ganzen Tag mache ich Selfies, esse Avocados, bin faul, verzogen und unpolitisch. Sollte ich zumindest, wenn man den aktuellen Generationstheorien Glauben schenkt. In Wirklichkeit bin ich aber \u2013 meiner Meinung nach \u2013 ganz anders. Und ich kenne auch niemanden, der dem klassischen Generationenklischee entspricht. Doch woher stammen diese Klischees \u00fcberhaupt?<\/p>\n\n\n\n<h2 class=\"wp-block-heading\"><strong>X, Y, Z, Juchhe!<\/strong><\/h2>\n\n\n\n<p>Eine neue Generation entsteht ungef\u00e4hr alle 15 Jahre. Da w\u00e4ren zuerst die Traditionals oder die stille Generation: Menschen, die vor 1950 geboren wurden, legen Wert auf Familie, Heimat, Sicherheit und harte Arbeit. Danach folgen die Babyboomer (geboren 1950-1965). Sie sind ehrgeizig und leistungsorientiert \u2013 der Job ist das Wichtigste in ihrem Leben. Ganz anders die Generation X (geboren 1966-1980). F\u00fcr sie ist Freizeit und Lebensqualit\u00e4t wichtiger als Arbeit. Die Work-Life-Balance, Selbstverwirklichung und Freiheit spielt auch f\u00fcr die Generation Y (auch Millenials genannt, geboren 1981-1995) eine gro\u00dfe Rolle. Alle nach 1995 Geborenen geh\u00f6ren zur Generation Z. Die Mitglieder*innen der j\u00fcngsten Generation suchen Sinn und Erf\u00fcllung im Privatleben \u2013 und sie wollen gemeinsam <a rel=\"noreferrer noopener\" aria-label=\"die Welt ver\u00e4ndern (\u00f6ffnet in neuem Tab)\" href=\"https:\/\/www.euroakademie.de\/magazin\/jugendliche-gegen-den-klimawandel\/\" target=\"_blank\">die Welt ver\u00e4ndern<\/a> und verbessern.<\/p>\n\n\n\n<figure class=\"wp-block-image is-resized\"><a href=\"https:\/\/relaunch.euroakademie.de\/magazin\/wp-content\/uploads\/2019\/11\/Blue-Timeline-Cycle-Presentation-e1574325264369.jpg\"><img fetchpriority=\"high\" decoding=\"async\" width=\"1024\" height=\"230\" src=\"https:\/\/relaunch.euroakademie.de\/magazin\/wp-content\/uploads\/2019\/11\/Blue-Timeline-Cycle-Presentation-e1574325264369-1024x230.jpg\" alt=\"Generationen \u00dcbersicht\" class=\"wp-image-12045\" style=\"width:692px;height:155px\" srcset=\"https:\/\/www.euroakademie.de\/magazin\/wp-content\/uploads\/2019\/11\/Blue-Timeline-Cycle-Presentation-e1574325264369-1024x230.jpg 1024w, https:\/\/www.euroakademie.de\/magazin\/wp-content\/uploads\/2019\/11\/Blue-Timeline-Cycle-Presentation-e1574325264369-300x67.jpg 300w, https:\/\/www.euroakademie.de\/magazin\/wp-content\/uploads\/2019\/11\/Blue-Timeline-Cycle-Presentation-e1574325264369-768x173.jpg 768w, https:\/\/www.euroakademie.de\/magazin\/wp-content\/uploads\/2019\/11\/Blue-Timeline-Cycle-Presentation-e1574325264369-1536x345.jpg 1536w, https:\/\/www.euroakademie.de\/magazin\/wp-content\/uploads\/2019\/11\/Blue-Timeline-Cycle-Presentation-e1574325264369-150x34.jpg 150w, https:\/\/www.euroakademie.de\/magazin\/wp-content\/uploads\/2019\/11\/Blue-Timeline-Cycle-Presentation-e1574325264369-450x101.jpg 450w, https:\/\/www.euroakademie.de\/magazin\/wp-content\/uploads\/2019\/11\/Blue-Timeline-Cycle-Presentation-e1574325264369-1200x270.jpg 1200w, https:\/\/www.euroakademie.de\/magazin\/wp-content\/uploads\/2019\/11\/Blue-Timeline-Cycle-Presentation-e1574325264369.jpg 1775w\" sizes=\"(max-width: 1024px) 100vw, 1024px\" \/><\/a><figcaption class=\"wp-element-caption\">Na, wann sind Sie geboren? Keine Angst, wir verraten es keinem \ud83d\ude09 <\/figcaption><\/figure>\n\n\n\n<p>Haben Sie sich wiedererkannt? Es ist ein bisschen wie bei einem Horoskop: Solange die Aussagen m\u00f6glichst allgemeing\u00fcltig und vage sind, empfinden wir sie als zutreffend. Barnum-Effekt nennt man dieses Ph\u00e4nomen. Oft werden die angeblich so unterschiedlichen Eigenschaften der Generationen n\u00e4mlich mit verw\u00e4sserten Gemeinpl\u00e4tzen beschrieben: Generation Y soll sich zum Beispiel nach emotionaler Bindung sehnen \u2013 die anderen Generationen also nicht? <\/p>\n\n\n\n<h2 class=\"wp-block-heading\"><strong>Ungenaue Methoden<\/strong><\/h2>\n\n\n\n<p>Der Soziologe Prof. Dr. Martin Schr\u00f6der hat 2018 in seiner Studie \u201e<a rel=\"noreferrer noopener\" aria-label=\" (\u00f6ffnet in neuem Tab)\" href=\"https:\/\/www.uni-marburg.de\/de\/aktuelles\/news\/2018\/generationsunterschiede-bilden-wir-uns-ein\" target=\"_blank\">Der Generationenmythos\u201c<\/a> gezeigt, dass es die Einstellungsunterschiede der Generationen nicht gibt. Er nennt drei wesentliche Kritikpunkte an den Methoden der Generationenforscher*innen: Zum einen sind die Eigenschaften, die den Generationen zugeschrieben werden, oft sehr allgemein und teilweise sogar gegens\u00e4tzlich. Au\u00dferdem mangelt es an Langzeitstudien. Wenn die Generation Z anders denkt als die Babyboomer, liegt das dann an der Generation oder einfach nur am Alter? Vielleicht hatten die Babyboomer in ihrer Jugend die gleichen Ansichten wie die Generation Z heute. Hierzu gibt es selten valide Daten. Als letzten Punkt f\u00fchrt Schr\u00f6der den Wandel einer Gesellschaft im Allgemeinen an. Auch dieser muss kontrolliert werden, um die Generationen klar voneinander abzugrenzen. Wenn sich die Werte und Einstellungen in einer Gesellschaft insgesamt ver\u00e4ndern, erkl\u00e4rt das nat\u00fcrlich auch, warum Jugendliche heute andere Ansichten haben als fr\u00fcher. <\/p>\n\n\n\n<h2 class=\"wp-block-heading\"><strong>Mit Generationen Geld verdienen<\/strong><\/h2>\n\n\n\n<p>Wenn die Generationsunterschiede wissenschaftlich nicht belegt werden k\u00f6nnen, wieso sind sie dann trotzdem so popul\u00e4r? Arbeitspsychologe Hannes Zacher hat darauf eine klare Antwort: \u201eDas ist Gesch\u00e4ftemacherei. Es gibt eine gro\u00dfe Generationen-Industrie: Mit dem Thema Generationen und Generationenunterschiede lassen sich sehr gut B\u00fccher verkaufen, Workshops verkaufen und auch ganze Beratungsunternehmen f\u00fchren\u201c, so der Professor im MDR-Beitrag \u201eLeipziger Psychologe: Generationsunterschiede sind nur Vorurteile\u201c von Kristin Kielon. Und so wird der Mythos von den klar abgegrenzten Generationen wohl auch in den n\u00e4chsten Jahrzehnten bestehen bleiben \u2013 es w\u00e4re doch schade, wenn man Menschen nicht sch\u00f6n praktisch in Schubladen stecken k\u00f6nnte. Au\u00dfer, ja au\u00dfer eine Generation steht auf, wehrt sich gegen diese d\u00e4mlichen Klischees und Vorurteile und schafft es, als Mensch wahrgenommen zu werden und nicht als Geburtsjahr. Ich tippe auf die Generation Z \u2013 die ist nicht so unpolitisch wie wir Millenials. <\/p>\n","protected":false},"excerpt":{"rendered":"<p>\t\t\t\t<![CDATA[Die klare Abgrenzung der Generationen ist in der Soziologie ein umstrittenes Konzept. Warum h\u00e4lt sich der Mythos von den Unterschieden trotzdem so hartn\u00e4ckig?]]>\t\t<\/p>\n","protected":false},"author":76,"featured_media":12050,"comment_status":"closed","ping_status":"closed","sticky":false,"template":"","format":"standard","meta":{"footnotes":""},"categories":[118],"tags":[436,3478,4369,5902,9244],"class_list":{"0":"post-12043","1":"post","2":"type-post","3":"status-publish","4":"format-standard","5":"has-post-thumbnail","7":"category-im-fokus","8":"tag-alter","9":"tag-generation","10":"tag-jugendstudie","11":"tag-mythos","12":"tag-wissenschaft"},"yoast_head":"<!-- This site is optimized with the Yoast SEO plugin v23.5 - https:\/\/yoast.com\/wordpress\/plugins\/seo\/ -->\n<title>Boomer, Millenial oder GenZ \u2013 Warum Generationen ein Mythos sind<\/title>\n<meta name=\"description\" content=\"Die klare Abgrenzung der Generationen ist in der Soziologie ein umstrittenes Konzept. Warum h\u00e4lt sich der Mythos von den Unterschieden trotzdem hartn\u00e4ckig?\" \/>\n<meta name=\"robots\" content=\"index, follow, max-snippet:-1, max-image-preview:large, max-video-preview:-1\" \/>\n<link rel=\"canonical\" href=\"https:\/\/www.euroakademie.de\/magazin\/generationen-mythos\/\" \/>\n<meta property=\"og:locale\" content=\"de_DE\" \/>\n<meta property=\"og:type\" content=\"article\" \/>\n<meta property=\"og:title\" content=\"Boomer, Millenial oder GenZ \u2013 Warum Generationen ein Mythos sind\" \/>\n<meta property=\"og:description\" content=\"Die klare Abgrenzung der Generationen ist in der Soziologie ein umstrittenes Konzept. Warum h\u00e4lt sich der Mythos von den Unterschieden trotzdem hartn\u00e4ckig?\" \/>\n<meta property=\"og:url\" content=\"https:\/\/www.euroakademie.de\/magazin\/generationen-mythos\/\" \/>\n<meta property=\"og:site_name\" content=\"Das Euro Akademie Magazin\" \/>\n<meta property=\"article:published_time\" content=\"2019-11-21T08:35:45+00:00\" \/>\n<meta property=\"article:modified_time\" content=\"2024-12-05T09:55:11+00:00\" \/>\n<meta property=\"og:image\" content=\"https:\/\/www.euroakademie.de\/magazin\/wp-content\/uploads\/2019\/11\/generationen.jpg\" \/>\n\t<meta property=\"og:image:width\" content=\"702\" \/>\n\t<meta property=\"og:image:height\" content=\"336\" \/>\n\t<meta property=\"og:image:type\" content=\"image\/jpeg\" \/>\n<meta name=\"author\" content=\"Anna R\u00fcppel\" \/>\n<meta name=\"twitter:card\" content=\"summary_large_image\" \/>\n<meta name=\"twitter:label1\" content=\"Verfasst von\" \/>\n\t<meta name=\"twitter:data1\" content=\"Anna R\u00fcppel\" \/>\n\t<meta name=\"twitter:label2\" content=\"Gesch\u00e4tzte Lesezeit\" \/>\n\t<meta name=\"twitter:data2\" content=\"1\u00a0Minute\" \/>\n<script type=\"application\/ld+json\" class=\"yoast-schema-graph\">{\"@context\":\"https:\/\/schema.org\",\"@graph\":[{\"@type\":\"Article\",\"@id\":\"https:\/\/www.euroakademie.de\/magazin\/generationen-mythos\/#article\",\"isPartOf\":{\"@id\":\"https:\/\/www.euroakademie.de\/magazin\/generationen-mythos\/\"},\"author\":{\"name\":\"Anna R\u00fcppel\",\"@id\":\"https:\/\/www.euroakademie.de\/magazin\/#\/schema\/person\/60fedb6ea7279f88d9086938e970d05e\"},\"headline\":\"Boomer, Millenial oder GenZ \u2013 Warum Generationen ein Mythos sind\",\"datePublished\":\"2019-11-21T08:35:45+00:00\",\"dateModified\":\"2024-12-05T09:55:11+00:00\",\"mainEntityOfPage\":{\"@id\":\"https:\/\/www.euroakademie.de\/magazin\/generationen-mythos\/\"},\"wordCount\":660,\"publisher\":{\"@id\":\"https:\/\/www.euroakademie.de\/magazin\/#organization\"},\"image\":{\"@id\":\"https:\/\/www.euroakademie.de\/magazin\/generationen-mythos\/#primaryimage\"},\"thumbnailUrl\":\"https:\/\/www.euroakademie.de\/magazin\/wp-content\/uploads\/2019\/11\/generationen.jpg\",\"keywords\":[\"Alter\",\"Generation\",\"Jugendstudie\",\"Mythos\",\"Wissenschaft\"],\"articleSection\":[\"Im Fokus\"],\"inLanguage\":\"de\"},{\"@type\":\"WebPage\",\"@id\":\"https:\/\/www.euroakademie.de\/magazin\/generationen-mythos\/\",\"url\":\"https:\/\/www.euroakademie.de\/magazin\/generationen-mythos\/\",\"name\":\"Boomer, Millenial oder GenZ \u2013 Warum Generationen ein Mythos sind\",\"isPartOf\":{\"@id\":\"https:\/\/www.euroakademie.de\/magazin\/#website\"},\"primaryImageOfPage\":{\"@id\":\"https:\/\/www.euroakademie.de\/magazin\/generationen-mythos\/#primaryimage\"},\"image\":{\"@id\":\"https:\/\/www.euroakademie.de\/magazin\/generationen-mythos\/#primaryimage\"},\"thumbnailUrl\":\"https:\/\/www.euroakademie.de\/magazin\/wp-content\/uploads\/2019\/11\/generationen.jpg\",\"datePublished\":\"2019-11-21T08:35:45+00:00\",\"dateModified\":\"2024-12-05T09:55:11+00:00\",\"description\":\"Die klare Abgrenzung der Generationen ist in der Soziologie ein umstrittenes Konzept. Warum h\u00e4lt sich der Mythos von den Unterschieden trotzdem hartn\u00e4ckig?\",\"breadcrumb\":{\"@id\":\"https:\/\/www.euroakademie.de\/magazin\/generationen-mythos\/#breadcrumb\"},\"inLanguage\":\"de\",\"potentialAction\":[{\"@type\":\"ReadAction\",\"target\":[\"https:\/\/www.euroakademie.de\/magazin\/generationen-mythos\/\"]}]},{\"@type\":\"ImageObject\",\"inLanguage\":\"de\",\"@id\":\"https:\/\/www.euroakademie.de\/magazin\/generationen-mythos\/#primaryimage\",\"url\":\"https:\/\/www.euroakademie.de\/magazin\/wp-content\/uploads\/2019\/11\/generationen.jpg\",\"contentUrl\":\"https:\/\/www.euroakademie.de\/magazin\/wp-content\/uploads\/2019\/11\/generationen.jpg\",\"width\":702,\"height\":336,\"caption\":\"\"},{\"@type\":\"BreadcrumbList\",\"@id\":\"https:\/\/www.euroakademie.de\/magazin\/generationen-mythos\/#breadcrumb\",\"itemListElement\":[{\"@type\":\"ListItem\",\"position\":1,\"name\":\"Startseite\",\"item\":\"https:\/\/www.euroakademie.de\/magazin\/\"},{\"@type\":\"ListItem\",\"position\":2,\"name\":\"Boomer, Millenial oder GenZ \u2013 Warum Generationen ein Mythos sind\"}]},{\"@type\":\"WebSite\",\"@id\":\"https:\/\/www.euroakademie.de\/magazin\/#website\",\"url\":\"https:\/\/www.euroakademie.de\/magazin\/\",\"name\":\"Das Euro Akademie Magazin\",\"description\":\"Gut informiert durch Ausbildung und Studium\",\"publisher\":{\"@id\":\"https:\/\/www.euroakademie.de\/magazin\/#organization\"},\"potentialAction\":[{\"@type\":\"SearchAction\",\"target\":{\"@type\":\"EntryPoint\",\"urlTemplate\":\"https:\/\/www.euroakademie.de\/magazin\/?s={search_term_string}\"},\"query-input\":{\"@type\":\"PropertyValueSpecification\",\"valueRequired\":true,\"valueName\":\"search_term_string\"}}],\"inLanguage\":\"de\"},{\"@type\":\"Organization\",\"@id\":\"https:\/\/www.euroakademie.de\/magazin\/#organization\",\"name\":\"ESO Education Group\",\"url\":\"https:\/\/www.euroakademie.de\/magazin\/\",\"logo\":{\"@type\":\"ImageObject\",\"inLanguage\":\"de\",\"@id\":\"https:\/\/www.euroakademie.de\/magazin\/#\/schema\/logo\/image\/\",\"url\":\"https:\/\/relaunch.euroakademie.de\/magazin\/wp-content\/uploads\/2024\/11\/Logo_EA_negativ_Rahmen_5cm_300dpi_RGB.jpg\",\"contentUrl\":\"https:\/\/relaunch.euroakademie.de\/magazin\/wp-content\/uploads\/2024\/11\/Logo_EA_negativ_Rahmen_5cm_300dpi_RGB.jpg\",\"width\":591,\"height\":236,\"caption\":\"ESO Education Group\"},\"image\":{\"@id\":\"https:\/\/www.euroakademie.de\/magazin\/#\/schema\/logo\/image\/\"}},{\"@type\":\"Person\",\"@id\":\"https:\/\/www.euroakademie.de\/magazin\/#\/schema\/person\/60fedb6ea7279f88d9086938e970d05e\",\"name\":\"Anna R\u00fcppel\",\"description\":\"Anna R\u00fcppel ist mit 1,78 m die Gr\u00f6\u00dfte, wenn es um Ausbildung und Beruf geht. Als Kind war sie kleiner. Von April 2019 bis November 2022 schrieb sie kleinere und gr\u00f6\u00dfere Artikel f\u00fcr das Euro Akademie Magazin.\",\"url\":\"https:\/\/www.euroakademie.de\/magazin\/author\/rueppela\/\"}]}<\/script>\n<!-- \/ Yoast SEO plugin. -->","yoast_head_json":{"title":"Boomer, Millenial oder GenZ \u2013 Warum Generationen ein Mythos sind","description":"Die klare Abgrenzung der Generationen ist in der Soziologie ein umstrittenes Konzept. Warum h\u00e4lt sich der Mythos von den Unterschieden trotzdem hartn\u00e4ckig?","robots":{"index":"index","follow":"follow","max-snippet":"max-snippet:-1","max-image-preview":"max-image-preview:large","max-video-preview":"max-video-preview:-1"},"canonical":"https:\/\/www.euroakademie.de\/magazin\/generationen-mythos\/","og_locale":"de_DE","og_type":"article","og_title":"Boomer, Millenial oder GenZ \u2013 Warum Generationen ein Mythos sind","og_description":"Die klare Abgrenzung der Generationen ist in der Soziologie ein umstrittenes Konzept. Warum h\u00e4lt sich der Mythos von den Unterschieden trotzdem hartn\u00e4ckig?","og_url":"https:\/\/www.euroakademie.de\/magazin\/generationen-mythos\/","og_site_name":"Das Euro Akademie Magazin","article_published_time":"2019-11-21T08:35:45+00:00","article_modified_time":"2024-12-05T09:55:11+00:00","og_image":[{"width":702,"height":336,"url":"https:\/\/www.euroakademie.de\/magazin\/wp-content\/uploads\/2019\/11\/generationen.jpg","type":"image\/jpeg"}],"author":"Anna R\u00fcppel","twitter_card":"summary_large_image","twitter_misc":{"Verfasst von":"Anna R\u00fcppel","Gesch\u00e4tzte Lesezeit":"1\u00a0Minute"},"schema":{"@context":"https:\/\/schema.org","@graph":[{"@type":"Article","@id":"https:\/\/www.euroakademie.de\/magazin\/generationen-mythos\/#article","isPartOf":{"@id":"https:\/\/www.euroakademie.de\/magazin\/generationen-mythos\/"},"author":{"name":"Anna R\u00fcppel","@id":"https:\/\/www.euroakademie.de\/magazin\/#\/schema\/person\/60fedb6ea7279f88d9086938e970d05e"},"headline":"Boomer, Millenial oder GenZ \u2013 Warum Generationen ein Mythos sind","datePublished":"2019-11-21T08:35:45+00:00","dateModified":"2024-12-05T09:55:11+00:00","mainEntityOfPage":{"@id":"https:\/\/www.euroakademie.de\/magazin\/generationen-mythos\/"},"wordCount":660,"publisher":{"@id":"https:\/\/www.euroakademie.de\/magazin\/#organization"},"image":{"@id":"https:\/\/www.euroakademie.de\/magazin\/generationen-mythos\/#primaryimage"},"thumbnailUrl":"https:\/\/www.euroakademie.de\/magazin\/wp-content\/uploads\/2019\/11\/generationen.jpg","keywords":["Alter","Generation","Jugendstudie","Mythos","Wissenschaft"],"articleSection":["Im Fokus"],"inLanguage":"de"},{"@type":"WebPage","@id":"https:\/\/www.euroakademie.de\/magazin\/generationen-mythos\/","url":"https:\/\/www.euroakademie.de\/magazin\/generationen-mythos\/","name":"Boomer, Millenial oder GenZ \u2013 Warum Generationen ein Mythos sind","isPartOf":{"@id":"https:\/\/www.euroakademie.de\/magazin\/#website"},"primaryImageOfPage":{"@id":"https:\/\/www.euroakademie.de\/magazin\/generationen-mythos\/#primaryimage"},"image":{"@id":"https:\/\/www.euroakademie.de\/magazin\/generationen-mythos\/#primaryimage"},"thumbnailUrl":"https:\/\/www.euroakademie.de\/magazin\/wp-content\/uploads\/2019\/11\/generationen.jpg","datePublished":"2019-11-21T08:35:45+00:00","dateModified":"2024-12-05T09:55:11+00:00","description":"Die klare Abgrenzung der Generationen ist in der Soziologie ein umstrittenes Konzept. Warum h\u00e4lt sich der Mythos von den Unterschieden trotzdem hartn\u00e4ckig?","breadcrumb":{"@id":"https:\/\/www.euroakademie.de\/magazin\/generationen-mythos\/#breadcrumb"},"inLanguage":"de","potentialAction":[{"@type":"ReadAction","target":["https:\/\/www.euroakademie.de\/magazin\/generationen-mythos\/"]}]},{"@type":"ImageObject","inLanguage":"de","@id":"https:\/\/www.euroakademie.de\/magazin\/generationen-mythos\/#primaryimage","url":"https:\/\/www.euroakademie.de\/magazin\/wp-content\/uploads\/2019\/11\/generationen.jpg","contentUrl":"https:\/\/www.euroakademie.de\/magazin\/wp-content\/uploads\/2019\/11\/generationen.jpg","width":702,"height":336,"caption":""},{"@type":"BreadcrumbList","@id":"https:\/\/www.euroakademie.de\/magazin\/generationen-mythos\/#breadcrumb","itemListElement":[{"@type":"ListItem","position":1,"name":"Startseite","item":"https:\/\/www.euroakademie.de\/magazin\/"},{"@type":"ListItem","position":2,"name":"Boomer, Millenial oder GenZ \u2013 Warum Generationen ein Mythos sind"}]},{"@type":"WebSite","@id":"https:\/\/www.euroakademie.de\/magazin\/#website","url":"https:\/\/www.euroakademie.de\/magazin\/","name":"Das Euro Akademie Magazin","description":"Gut informiert durch Ausbildung und Studium","publisher":{"@id":"https:\/\/www.euroakademie.de\/magazin\/#organization"},"potentialAction":[{"@type":"SearchAction","target":{"@type":"EntryPoint","urlTemplate":"https:\/\/www.euroakademie.de\/magazin\/?s={search_term_string}"},"query-input":{"@type":"PropertyValueSpecification","valueRequired":true,"valueName":"search_term_string"}}],"inLanguage":"de"},{"@type":"Organization","@id":"https:\/\/www.euroakademie.de\/magazin\/#organization","name":"ESO Education Group","url":"https:\/\/www.euroakademie.de\/magazin\/","logo":{"@type":"ImageObject","inLanguage":"de","@id":"https:\/\/www.euroakademie.de\/magazin\/#\/schema\/logo\/image\/","url":"https:\/\/relaunch.euroakademie.de\/magazin\/wp-content\/uploads\/2024\/11\/Logo_EA_negativ_Rahmen_5cm_300dpi_RGB.jpg","contentUrl":"https:\/\/relaunch.euroakademie.de\/magazin\/wp-content\/uploads\/2024\/11\/Logo_EA_negativ_Rahmen_5cm_300dpi_RGB.jpg","width":591,"height":236,"caption":"ESO Education Group"},"image":{"@id":"https:\/\/www.euroakademie.de\/magazin\/#\/schema\/logo\/image\/"}},{"@type":"Person","@id":"https:\/\/www.euroakademie.de\/magazin\/#\/schema\/person\/60fedb6ea7279f88d9086938e970d05e","name":"Anna R\u00fcppel","description":"Anna R\u00fcppel ist mit 1,78 m die Gr\u00f6\u00dfte, wenn es um Ausbildung und Beruf geht. Als Kind war sie kleiner. Von April 2019 bis November 2022 schrieb sie kleinere und gr\u00f6\u00dfere Artikel f\u00fcr das Euro Akademie Magazin.","url":"https:\/\/www.euroakademie.de\/magazin\/author\/rueppela\/"}]}},"_links":{"self":[{"href":"https:\/\/www.euroakademie.de\/magazin\/wp-json\/wp\/v2\/posts\/12043","targetHints":{"allow":["GET"]}}],"collection":[{"href":"https:\/\/www.euroakademie.de\/magazin\/wp-json\/wp\/v2\/posts"}],"about":[{"href":"https:\/\/www.euroakademie.de\/magazin\/wp-json\/wp\/v2\/types\/post"}],"author":[{"embeddable":true,"href":"https:\/\/www.euroakademie.de\/magazin\/wp-json\/wp\/v2\/users\/76"}],"replies":[{"embeddable":true,"href":"https:\/\/www.euroakademie.de\/magazin\/wp-json\/wp\/v2\/comments?post=12043"}],"version-history":[{"count":2,"href":"https:\/\/www.euroakademie.de\/magazin\/wp-json\/wp\/v2\/posts\/12043\/revisions"}],"predecessor-version":[{"id":26025,"href":"https:\/\/www.euroakademie.de\/magazin\/wp-json\/wp\/v2\/posts\/12043\/revisions\/26025"}],"wp:featuredmedia":[{"embeddable":true,"href":"https:\/\/www.euroakademie.de\/magazin\/wp-json\/wp\/v2\/media\/12050"}],"wp:attachment":[{"href":"https:\/\/www.euroakademie.de\/magazin\/wp-json\/wp\/v2\/media?parent=12043"}],"wp:term":[{"taxonomy":"category","embeddable":true,"href":"https:\/\/www.euroakademie.de\/magazin\/wp-json\/wp\/v2\/categories?post=12043"},{"taxonomy":"post_tag","embeddable":true,"href":"https:\/\/www.euroakademie.de\/magazin\/wp-json\/wp\/v2\/tags?post=12043"}],"curies":[{"name":"wp","href":"https:\/\/api.w.org\/{rel}","templated":true}]}}