{"id":12342,"date":"2020-01-07T15:50:08","date_gmt":"2020-01-07T14:50:08","guid":{"rendered":"https:\/\/www.euroakademie.de\/magazin\/?p=12342"},"modified":"2024-12-09T09:19:53","modified_gmt":"2024-12-09T08:19:53","slug":"generalistische-pflegeausbildung","status":"publish","type":"post","link":"https:\/\/www.euroakademie.de\/magazin\/generalistische-pflegeausbildung\/","title":{"rendered":"Generalistische Pflegeausbildung: Was \u00e4ndert sich 2020 f\u00fcr Azubis?"},"content":{"rendered":"<p><![CDATA[\n<\/p>\n\n\n<p><strong>Am 1. Januar 2020 startete offiziell die neue generalistische Pflegeausbildung mit dem Abschluss Pflegefachmann*Pflegefachfrau. Was bedeutet das f\u00fcr Absolvent*innen, die eine Ausbildung in der Pflege beginnen wollen? Welche \u00c4nderungen gibt es? Wir haben die wichtigsten Fragen f\u00fcr Sie beantwortet. <\/strong><\/p>\n\n\n\n<h2 class=\"wp-block-heading\"><strong>Was ist die generalistische Pflegeausbildung? <\/strong><\/h2>\n\n\n\n<p><a href=\"https:\/\/www.euroakademie.de\/magazin\/berufe-im-wandel-zukunftsberuf-altenpflegerin\/\" target=\"_blank\" rel=\"noreferrer noopener\" label=\"Altenpflege (\u00f6ffnet in neuem Tab)\">Altenpflege<\/a>, Krankenpflege oder Kinderkrankenpflege? Bisher musste man sich vor der Ausbildung f\u00fcr ein Fachgebiet entscheiden. Das \u00e4ndert sich mit der generalistischen Pflegeausbildung: Ab sofort werden diese Ausbildungsg\u00e4nge verbunden. Alle Auszubildenden werden gemeinsam unterrichtet und zu kompetenten Pflegefachfrauen und Pflegefachm\u00e4nnern von Menschen aller Altersstufen in allen Versorgungsbereichen, also im Krankenhaus, im Pflegeheim oder ambulant in der eigenen Wohnung, ausgebildet. Der generalistische Berufsabschluss gilt automatisch auch in den anderen Mitgliedsstaaten der EU. <\/p>\n\n\n\n<h2 class=\"wp-block-heading\"><strong>Warum war die Reform notwendig?<\/strong><\/h2>\n\n\n\n<p>Wir werden immer \u00e4lter \u2013 und demnach auch immer h\u00e4ufiger pflegebed\u00fcrftig. Gleichzeitig haben sich die Strukturen in der Pflege ver\u00e4ndert. Die Behandlungen sind komplexer geworden, die Pflegebereiche sind enger vernetzt. Warum also an den starren Grenzen festhalten? Das neue <a href=\"https:\/\/www.euroakademie.de\/magazin\/reform-der-pflegeausbildung-verabschiedet\/\" target=\"_blank\" rel=\"noreferrer noopener\" aria-label=\"Pflegeberufegesetz (\u00f6ffnet in neuem Tab)\">Pflegeberufegesetz<\/a> soll die Pflegekr\u00e4fte auf die dynamische Berufswelt vorbereiten und ihnen mehr Chancen bieten, in andere Bereiche zu wechseln. Au\u00dferdem soll die Pflegeausbildung insgesamt attraktiver werden \u2013 durch eine Modernisierung der Ausbildungsinhalte, bessere Ausstattung der Pflegeschulen und mehr Praxisanleitung im Betrieb. Als zus\u00e4tzlicher Anreiz ist die Ausbildung schulgeldfrei, verg\u00fctet und EU-weit anerkannt. &nbsp;<\/p>\n\n\n\n<h2 class=\"wp-block-heading\"><strong>Wie l\u00e4uft die Ausbildung ab?<\/strong><\/h2>\n\n\n\n<p>Die generalistische Pflegeausbildung dauert in Vollzeit drei\nJahre und besteht aus theoretischem und praktischem Unterricht (mindestens\n2.100 Stunden) und einer praktischen Ausbildung (mindestens 2.500 Stunden) im\nWechsel. Der Unterricht konzentriert sich auf f\u00fcnf Themenbereiche:<\/p>\n\n\n\n<ul class=\"wp-block-list\">\n<li>Pflegeprozesse und<br>Pflegediagnostik in akuten und dauerhaften Pflegesituationen verantwortlich<br>planen, organisieren, gestalten, durchf\u00fchren, steuern und evaluieren.<\/li>\n\n\n\n<li>Kommunikation und<br>Beratung personen- und situationsbezogen gestalten.<\/li>\n\n\n\n<li>Intra- und<br>interprofessionelles Handeln in unterschiedlichen systemischen Kontexten<br>verantwortlich gestalten und mitgestalten.<\/li>\n\n\n\n<li>Das eigene Handeln auf<br>der Grundlage von Gesetzen, Verordnungen und ethischen Leitlinien reflektieren<br>und begr\u00fcnden.<\/li>\n\n\n\n<li>Das eigene Handeln auf<br>der Grundlage von wissenschaftlichen Erkenntnissen und berufsethischen<br>Werthaltungen und Einstellungen reflektieren und begr\u00fcnden.<\/li>\n<\/ul>\n\n\n\n<p>Auch im praktischen Teil lernen die Auszubildenden verschiedene Bereiche\nder Pflege kennen. Deshalb findet die praktische Ausbildung nicht nur in der\nEinrichtung des Tr\u00e4gers statt, sondern auch in anderen Einrichtungen, zum\nBeispiel im Krankenhaus, in einer psychiatrischen Klinik, im Pflegeheim und in\nder ambulanten Pflege.<\/p>\n\n\n\n<p>Nach zwei Dritteln der Ausbildungszeit findet eine Zwischenpr\u00fcfung statt, um die Kompetenzen und den Wissensstand zu \u00fcberpr\u00fcfen. Danach beginnt die Vertiefungsphase: Schon im Ausbildungsvertrag entscheidet man, in welchem Bereich der Vertiefungseinsatz erfolgen soll. Wer den Schwerpunkt auf die Pflege von Menschen aller Altersstufen legt, setzt die Ausbildung generalistisch fort und kann danach in allen Bereichen der Pflege arbeiten. Nun wird es aber kompliziert: Entscheidet man sich f\u00fcr die Vertiefungen P\u00e4diatrie oder Langzeitpflege, erh\u00e4lt man ein Wahlrecht. Man kann als Berufsabschluss entweder Pflegefachmann*frau mit der jeweiligen Vertiefung w\u00e4hlen, oder man entscheidet sich f\u00fcr die \u201ealten\u201c Berufsabschl\u00fcsse und wird Altenpfleger*in bzw. Gesundheits- und Kinderkrankenpfleger*in. Klingt verwirrend? Kein Problem, <a href=\"https:\/\/public.euroakademie.de\/action?layout=EAC&amp;ActionHandler=ContactLogon2&amp;simpleContact&amp;marke=EA&amp;Language=DE&amp;groupByCity&amp;locations=IX----OA1---C--;4R----451---C--;SA----CS--9-C--;HX----K32---C--;KO1---QA1---C--;GP----6A1---C--;ET2---AP2---C--;53----8Z2---C--;NP----6A1---C--;UP----6A1---C--;O32---NR3---C--;UJ----OA1---C--;ZJ----OA1---C--;U3----IB3---C--;55----P92---C--;7R----451---C--;W3----551---C--;991---4U1---C--;6E----1B3---C--;19----WF8-R-C--;IK----OA1---C--;SK----OA1---C--;H-----Q51---C--;4O2---AP2---C--;AT----OA1---C--;8R----451---C--;XK----OA1---C--;2L----OA1---C--;7C----UO3---C--;NX----K32---C--;75----551---C--;FB----Q212Q1C--;8E2---CG2---C--;NW2---AP2---C--;CT1---2S3-C1C--;3U2---AP2---C--;CL----OA1---C--;L1----QA1---C--&amp;ort=gesamt&amp;typ=14\" target=\"_blank\" rel=\"noreferrer noopener\" aria-label=\" (\u00f6ffnet in neuem Tab)\">unsere Mitarbeiter*innen vor Ort beraten Sie gerne!<\/a><\/p>\n\n\n\n<h2 class=\"wp-block-heading\"><strong>Was \u00e4ndert sich f\u00fcr die Altenpfleger*innen?<\/strong><\/h2>\n\n\n\n<p>Die Berufsabschl\u00fcsse von Altenpfleger*innen, Kinderkrankenpfleger*innen und Krankenpfleger*innen sind nat\u00fcrlich auch weiterhin g\u00fcltig. Auch Auszubildende setzen ihre Ausbildung ganz normal fort. Eine \u00c4nderung gibt es aber doch: Auch diese Berufsgruppen d\u00fcrfen die Vorbehaltsaufgaben aus\u00fcben, die im Pflegeberufegesetz definiert wurden. Das sind Aufgaben, die nur von Pflegefachkr\u00e4ften durchgef\u00fchrt werden d\u00fcrfen, zum Beispiel die Feststellung des Pflegebedarfs, die Organisation des Pflegeprozesses und die Sicherung der Qualit\u00e4t der Pflege. <\/p>\n\n\n\n<h2 class=\"wp-block-heading\"><strong>Wie finde ich einen Ausbildungsplatz als Pflegefachfrau oder Pflegefachmann?<\/strong><\/h2>\n\n\n\n<p><a rel=\"noreferrer noopener\" label=\" (\u00f6ffnet in neuem Tab)\" href=\"https:\/\/www.euroakademie.de\/bildungsangebote\/gesundheit-pflege\" target=\"_blank\">Die Euro Akademie bietet die generalistische Pflegeausbildung an 12 verschiedenen Standorten an.<\/a> Durch die enge Zusammenarbeit mit den Tr\u00e4gern und beteiligten Einrichtungen sichern wir unseren Auszubildenden einen reibungslosen Ablauf der Ausbildung und koordinieren und organisieren die Praxiseins\u00e4tze. Wir beraten, begleiten und betreuen Sie, um Ihnen eine hochwertige Ausbildung zu garantieren. <\/p>\n","protected":false},"excerpt":{"rendered":"<p>\t\t\t\t<![CDATA[2020 startete die neue generalistische Pflegeausbildung. Was \u00e4ndert sich f\u00fcr Absolvent*innen, die eine Ausbildung in der Pflege beginnen wollen? Wir haben die wichtigsten Fragen f\u00fcr Sie beantwortet. ]]>\t\t<\/p>\n","protected":false},"author":76,"featured_media":12347,"comment_status":"closed","ping_status":"closed","sticky":false,"template":"","format":"standard","meta":{"footnotes":""},"categories":[67,16,118],"tags":[418,430,3475,4519,4831,6364,6400,6403,6409],"class_list":{"0":"post-12342","1":"post","2":"type-post","3":"status-publish","4":"format-standard","5":"has-post-thumbnail","7":"category-ausbildung-des-monats","8":"category-gesundheit-pflege","9":"category-im-fokus","10":"tag-altenpflege","11":"tag-altenpfleger","12":"tag-generalistische-pflegeausbildung","13":"tag-kinderkrankenpflege","14":"tag-krankenpflege","15":"tag-pflege","16":"tag-pflegefachfrau","17":"tag-pflegefachkraft","18":"tag-pflegefachmann"},"yoast_head":"<!-- This site is optimized with the Yoast SEO plugin v23.5 - https:\/\/yoast.com\/wordpress\/plugins\/seo\/ -->\n<title>Generalistische Pflegeausbildung: Was \u00e4ndert sich 2020 f\u00fcr Azubis?<\/title>\n<meta name=\"description\" content=\"2020 startete die neue generalistische Pflegeausbildung. Was \u00e4ndert sich f\u00fcr Absolvent*innen, die eine Ausbildung in der Pflege beginnen wollen?\" \/>\n<meta name=\"robots\" content=\"index, follow, max-snippet:-1, max-image-preview:large, max-video-preview:-1\" \/>\n<link rel=\"canonical\" href=\"https:\/\/www.euroakademie.de\/magazin\/generalistische-pflegeausbildung\/\" \/>\n<meta property=\"og:locale\" content=\"de_DE\" \/>\n<meta property=\"og:type\" content=\"article\" \/>\n<meta property=\"og:title\" content=\"Generalistische Pflegeausbildung: Was \u00e4ndert sich 2020 f\u00fcr Azubis?\" \/>\n<meta property=\"og:description\" content=\"2020 startete die neue generalistische Pflegeausbildung. Was \u00e4ndert sich f\u00fcr Absolvent*innen, die eine Ausbildung in der Pflege beginnen wollen?\" \/>\n<meta property=\"og:url\" content=\"https:\/\/www.euroakademie.de\/magazin\/generalistische-pflegeausbildung\/\" \/>\n<meta property=\"og:site_name\" content=\"Das Euro Akademie Magazin\" \/>\n<meta property=\"article:published_time\" content=\"2020-01-07T14:50:08+00:00\" \/>\n<meta property=\"article:modified_time\" content=\"2024-12-09T08:19:53+00:00\" \/>\n<meta property=\"og:image\" content=\"https:\/\/www.euroakademie.de\/magazin\/wp-content\/uploads\/2020\/01\/Pflegefachmann.jpg\" \/>\n\t<meta property=\"og:image:width\" content=\"702\" \/>\n\t<meta property=\"og:image:height\" content=\"336\" \/>\n\t<meta property=\"og:image:type\" content=\"image\/jpeg\" \/>\n<meta name=\"author\" content=\"Anna R\u00fcppel\" \/>\n<meta name=\"twitter:card\" content=\"summary_large_image\" \/>\n<meta name=\"twitter:label1\" content=\"Verfasst von\" \/>\n\t<meta name=\"twitter:data1\" content=\"Anna R\u00fcppel\" \/>\n\t<meta name=\"twitter:label2\" content=\"Gesch\u00e4tzte Lesezeit\" \/>\n\t<meta name=\"twitter:data2\" content=\"1\u00a0Minute\" \/>\n<script type=\"application\/ld+json\" class=\"yoast-schema-graph\">{\"@context\":\"https:\/\/schema.org\",\"@graph\":[{\"@type\":\"Article\",\"@id\":\"https:\/\/www.euroakademie.de\/magazin\/generalistische-pflegeausbildung\/#article\",\"isPartOf\":{\"@id\":\"https:\/\/www.euroakademie.de\/magazin\/generalistische-pflegeausbildung\/\"},\"author\":{\"name\":\"Anna R\u00fcppel\",\"@id\":\"https:\/\/www.euroakademie.de\/magazin\/#\/schema\/person\/60fedb6ea7279f88d9086938e970d05e\"},\"headline\":\"Generalistische Pflegeausbildung: Was \u00e4ndert sich 2020 f\u00fcr Azubis?\",\"datePublished\":\"2020-01-07T14:50:08+00:00\",\"dateModified\":\"2024-12-09T08:19:53+00:00\",\"mainEntityOfPage\":{\"@id\":\"https:\/\/www.euroakademie.de\/magazin\/generalistische-pflegeausbildung\/\"},\"wordCount\":645,\"publisher\":{\"@id\":\"https:\/\/www.euroakademie.de\/magazin\/#organization\"},\"image\":{\"@id\":\"https:\/\/www.euroakademie.de\/magazin\/generalistische-pflegeausbildung\/#primaryimage\"},\"thumbnailUrl\":\"https:\/\/www.euroakademie.de\/magazin\/wp-content\/uploads\/2020\/01\/Pflegefachmann.jpg\",\"keywords\":[\"Altenpflege\",\"Altenpfleger\",\"generalistische Pflegeausbildung\",\"Kinderkrankenpflege\",\"Krankenpflege\",\"Pflege\",\"Pflegefachfrau\",\"Pflegefachkraft\",\"Pflegefachmann\"],\"articleSection\":[\"Ausbildungen im Portrait\",\"Gesundheit &amp; Pflege\",\"Im Fokus\"],\"inLanguage\":\"de\"},{\"@type\":\"WebPage\",\"@id\":\"https:\/\/www.euroakademie.de\/magazin\/generalistische-pflegeausbildung\/\",\"url\":\"https:\/\/www.euroakademie.de\/magazin\/generalistische-pflegeausbildung\/\",\"name\":\"Generalistische Pflegeausbildung: Was \u00e4ndert sich 2020 f\u00fcr Azubis?\",\"isPartOf\":{\"@id\":\"https:\/\/www.euroakademie.de\/magazin\/#website\"},\"primaryImageOfPage\":{\"@id\":\"https:\/\/www.euroakademie.de\/magazin\/generalistische-pflegeausbildung\/#primaryimage\"},\"image\":{\"@id\":\"https:\/\/www.euroakademie.de\/magazin\/generalistische-pflegeausbildung\/#primaryimage\"},\"thumbnailUrl\":\"https:\/\/www.euroakademie.de\/magazin\/wp-content\/uploads\/2020\/01\/Pflegefachmann.jpg\",\"datePublished\":\"2020-01-07T14:50:08+00:00\",\"dateModified\":\"2024-12-09T08:19:53+00:00\",\"description\":\"2020 startete die neue generalistische Pflegeausbildung. Was \u00e4ndert sich f\u00fcr Absolvent*innen, die eine Ausbildung in der Pflege beginnen wollen?\",\"breadcrumb\":{\"@id\":\"https:\/\/www.euroakademie.de\/magazin\/generalistische-pflegeausbildung\/#breadcrumb\"},\"inLanguage\":\"de\",\"potentialAction\":[{\"@type\":\"ReadAction\",\"target\":[\"https:\/\/www.euroakademie.de\/magazin\/generalistische-pflegeausbildung\/\"]}]},{\"@type\":\"ImageObject\",\"inLanguage\":\"de\",\"@id\":\"https:\/\/www.euroakademie.de\/magazin\/generalistische-pflegeausbildung\/#primaryimage\",\"url\":\"https:\/\/www.euroakademie.de\/magazin\/wp-content\/uploads\/2020\/01\/Pflegefachmann.jpg\",\"contentUrl\":\"https:\/\/www.euroakademie.de\/magazin\/wp-content\/uploads\/2020\/01\/Pflegefachmann.jpg\",\"width\":702,\"height\":336,\"caption\":\"\"},{\"@type\":\"BreadcrumbList\",\"@id\":\"https:\/\/www.euroakademie.de\/magazin\/generalistische-pflegeausbildung\/#breadcrumb\",\"itemListElement\":[{\"@type\":\"ListItem\",\"position\":1,\"name\":\"Startseite\",\"item\":\"https:\/\/www.euroakademie.de\/magazin\/\"},{\"@type\":\"ListItem\",\"position\":2,\"name\":\"Generalistische Pflegeausbildung: Was \u00e4ndert sich 2020 f\u00fcr Azubis?\"}]},{\"@type\":\"WebSite\",\"@id\":\"https:\/\/www.euroakademie.de\/magazin\/#website\",\"url\":\"https:\/\/www.euroakademie.de\/magazin\/\",\"name\":\"Das Euro Akademie Magazin\",\"description\":\"Gut informiert durch Ausbildung und Studium\",\"publisher\":{\"@id\":\"https:\/\/www.euroakademie.de\/magazin\/#organization\"},\"potentialAction\":[{\"@type\":\"SearchAction\",\"target\":{\"@type\":\"EntryPoint\",\"urlTemplate\":\"https:\/\/www.euroakademie.de\/magazin\/?s={search_term_string}\"},\"query-input\":{\"@type\":\"PropertyValueSpecification\",\"valueRequired\":true,\"valueName\":\"search_term_string\"}}],\"inLanguage\":\"de\"},{\"@type\":\"Organization\",\"@id\":\"https:\/\/www.euroakademie.de\/magazin\/#organization\",\"name\":\"ESO Education Group\",\"url\":\"https:\/\/www.euroakademie.de\/magazin\/\",\"logo\":{\"@type\":\"ImageObject\",\"inLanguage\":\"de\",\"@id\":\"https:\/\/www.euroakademie.de\/magazin\/#\/schema\/logo\/image\/\",\"url\":\"https:\/\/relaunch.euroakademie.de\/magazin\/wp-content\/uploads\/2024\/11\/Logo_EA_negativ_Rahmen_5cm_300dpi_RGB.jpg\",\"contentUrl\":\"https:\/\/relaunch.euroakademie.de\/magazin\/wp-content\/uploads\/2024\/11\/Logo_EA_negativ_Rahmen_5cm_300dpi_RGB.jpg\",\"width\":591,\"height\":236,\"caption\":\"ESO Education Group\"},\"image\":{\"@id\":\"https:\/\/www.euroakademie.de\/magazin\/#\/schema\/logo\/image\/\"}},{\"@type\":\"Person\",\"@id\":\"https:\/\/www.euroakademie.de\/magazin\/#\/schema\/person\/60fedb6ea7279f88d9086938e970d05e\",\"name\":\"Anna R\u00fcppel\",\"description\":\"Anna R\u00fcppel ist mit 1,78 m die Gr\u00f6\u00dfte, wenn es um Ausbildung und Beruf geht. Als Kind war sie kleiner. Von April 2019 bis November 2022 schrieb sie kleinere und gr\u00f6\u00dfere Artikel f\u00fcr das Euro Akademie Magazin.\",\"url\":\"https:\/\/www.euroakademie.de\/magazin\/author\/rueppela\/\"}]}<\/script>\n<!-- \/ Yoast SEO plugin. -->","yoast_head_json":{"title":"Generalistische Pflegeausbildung: Was \u00e4ndert sich 2020 f\u00fcr Azubis?","description":"2020 startete die neue generalistische Pflegeausbildung. Was \u00e4ndert sich f\u00fcr Absolvent*innen, die eine Ausbildung in der Pflege beginnen wollen?","robots":{"index":"index","follow":"follow","max-snippet":"max-snippet:-1","max-image-preview":"max-image-preview:large","max-video-preview":"max-video-preview:-1"},"canonical":"https:\/\/www.euroakademie.de\/magazin\/generalistische-pflegeausbildung\/","og_locale":"de_DE","og_type":"article","og_title":"Generalistische Pflegeausbildung: Was \u00e4ndert sich 2020 f\u00fcr Azubis?","og_description":"2020 startete die neue generalistische Pflegeausbildung. Was \u00e4ndert sich f\u00fcr Absolvent*innen, die eine Ausbildung in der Pflege beginnen wollen?","og_url":"https:\/\/www.euroakademie.de\/magazin\/generalistische-pflegeausbildung\/","og_site_name":"Das Euro Akademie Magazin","article_published_time":"2020-01-07T14:50:08+00:00","article_modified_time":"2024-12-09T08:19:53+00:00","og_image":[{"width":702,"height":336,"url":"https:\/\/www.euroakademie.de\/magazin\/wp-content\/uploads\/2020\/01\/Pflegefachmann.jpg","type":"image\/jpeg"}],"author":"Anna R\u00fcppel","twitter_card":"summary_large_image","twitter_misc":{"Verfasst von":"Anna R\u00fcppel","Gesch\u00e4tzte Lesezeit":"1\u00a0Minute"},"schema":{"@context":"https:\/\/schema.org","@graph":[{"@type":"Article","@id":"https:\/\/www.euroakademie.de\/magazin\/generalistische-pflegeausbildung\/#article","isPartOf":{"@id":"https:\/\/www.euroakademie.de\/magazin\/generalistische-pflegeausbildung\/"},"author":{"name":"Anna R\u00fcppel","@id":"https:\/\/www.euroakademie.de\/magazin\/#\/schema\/person\/60fedb6ea7279f88d9086938e970d05e"},"headline":"Generalistische Pflegeausbildung: Was \u00e4ndert sich 2020 f\u00fcr Azubis?","datePublished":"2020-01-07T14:50:08+00:00","dateModified":"2024-12-09T08:19:53+00:00","mainEntityOfPage":{"@id":"https:\/\/www.euroakademie.de\/magazin\/generalistische-pflegeausbildung\/"},"wordCount":645,"publisher":{"@id":"https:\/\/www.euroakademie.de\/magazin\/#organization"},"image":{"@id":"https:\/\/www.euroakademie.de\/magazin\/generalistische-pflegeausbildung\/#primaryimage"},"thumbnailUrl":"https:\/\/www.euroakademie.de\/magazin\/wp-content\/uploads\/2020\/01\/Pflegefachmann.jpg","keywords":["Altenpflege","Altenpfleger","generalistische Pflegeausbildung","Kinderkrankenpflege","Krankenpflege","Pflege","Pflegefachfrau","Pflegefachkraft","Pflegefachmann"],"articleSection":["Ausbildungen im Portrait","Gesundheit &amp; Pflege","Im Fokus"],"inLanguage":"de"},{"@type":"WebPage","@id":"https:\/\/www.euroakademie.de\/magazin\/generalistische-pflegeausbildung\/","url":"https:\/\/www.euroakademie.de\/magazin\/generalistische-pflegeausbildung\/","name":"Generalistische Pflegeausbildung: Was \u00e4ndert sich 2020 f\u00fcr Azubis?","isPartOf":{"@id":"https:\/\/www.euroakademie.de\/magazin\/#website"},"primaryImageOfPage":{"@id":"https:\/\/www.euroakademie.de\/magazin\/generalistische-pflegeausbildung\/#primaryimage"},"image":{"@id":"https:\/\/www.euroakademie.de\/magazin\/generalistische-pflegeausbildung\/#primaryimage"},"thumbnailUrl":"https:\/\/www.euroakademie.de\/magazin\/wp-content\/uploads\/2020\/01\/Pflegefachmann.jpg","datePublished":"2020-01-07T14:50:08+00:00","dateModified":"2024-12-09T08:19:53+00:00","description":"2020 startete die neue generalistische Pflegeausbildung. Was \u00e4ndert sich f\u00fcr Absolvent*innen, die eine Ausbildung in der Pflege beginnen wollen?","breadcrumb":{"@id":"https:\/\/www.euroakademie.de\/magazin\/generalistische-pflegeausbildung\/#breadcrumb"},"inLanguage":"de","potentialAction":[{"@type":"ReadAction","target":["https:\/\/www.euroakademie.de\/magazin\/generalistische-pflegeausbildung\/"]}]},{"@type":"ImageObject","inLanguage":"de","@id":"https:\/\/www.euroakademie.de\/magazin\/generalistische-pflegeausbildung\/#primaryimage","url":"https:\/\/www.euroakademie.de\/magazin\/wp-content\/uploads\/2020\/01\/Pflegefachmann.jpg","contentUrl":"https:\/\/www.euroakademie.de\/magazin\/wp-content\/uploads\/2020\/01\/Pflegefachmann.jpg","width":702,"height":336,"caption":""},{"@type":"BreadcrumbList","@id":"https:\/\/www.euroakademie.de\/magazin\/generalistische-pflegeausbildung\/#breadcrumb","itemListElement":[{"@type":"ListItem","position":1,"name":"Startseite","item":"https:\/\/www.euroakademie.de\/magazin\/"},{"@type":"ListItem","position":2,"name":"Generalistische Pflegeausbildung: Was \u00e4ndert sich 2020 f\u00fcr Azubis?"}]},{"@type":"WebSite","@id":"https:\/\/www.euroakademie.de\/magazin\/#website","url":"https:\/\/www.euroakademie.de\/magazin\/","name":"Das Euro Akademie Magazin","description":"Gut informiert durch Ausbildung und Studium","publisher":{"@id":"https:\/\/www.euroakademie.de\/magazin\/#organization"},"potentialAction":[{"@type":"SearchAction","target":{"@type":"EntryPoint","urlTemplate":"https:\/\/www.euroakademie.de\/magazin\/?s={search_term_string}"},"query-input":{"@type":"PropertyValueSpecification","valueRequired":true,"valueName":"search_term_string"}}],"inLanguage":"de"},{"@type":"Organization","@id":"https:\/\/www.euroakademie.de\/magazin\/#organization","name":"ESO Education Group","url":"https:\/\/www.euroakademie.de\/magazin\/","logo":{"@type":"ImageObject","inLanguage":"de","@id":"https:\/\/www.euroakademie.de\/magazin\/#\/schema\/logo\/image\/","url":"https:\/\/relaunch.euroakademie.de\/magazin\/wp-content\/uploads\/2024\/11\/Logo_EA_negativ_Rahmen_5cm_300dpi_RGB.jpg","contentUrl":"https:\/\/relaunch.euroakademie.de\/magazin\/wp-content\/uploads\/2024\/11\/Logo_EA_negativ_Rahmen_5cm_300dpi_RGB.jpg","width":591,"height":236,"caption":"ESO Education Group"},"image":{"@id":"https:\/\/www.euroakademie.de\/magazin\/#\/schema\/logo\/image\/"}},{"@type":"Person","@id":"https:\/\/www.euroakademie.de\/magazin\/#\/schema\/person\/60fedb6ea7279f88d9086938e970d05e","name":"Anna R\u00fcppel","description":"Anna R\u00fcppel ist mit 1,78 m die Gr\u00f6\u00dfte, wenn es um Ausbildung und Beruf geht. Als Kind war sie kleiner. Von April 2019 bis November 2022 schrieb sie kleinere und gr\u00f6\u00dfere Artikel f\u00fcr das Euro Akademie Magazin.","url":"https:\/\/www.euroakademie.de\/magazin\/author\/rueppela\/"}]}},"_links":{"self":[{"href":"https:\/\/www.euroakademie.de\/magazin\/wp-json\/wp\/v2\/posts\/12342","targetHints":{"allow":["GET"]}}],"collection":[{"href":"https:\/\/www.euroakademie.de\/magazin\/wp-json\/wp\/v2\/posts"}],"about":[{"href":"https:\/\/www.euroakademie.de\/magazin\/wp-json\/wp\/v2\/types\/post"}],"author":[{"embeddable":true,"href":"https:\/\/www.euroakademie.de\/magazin\/wp-json\/wp\/v2\/users\/76"}],"replies":[{"embeddable":true,"href":"https:\/\/www.euroakademie.de\/magazin\/wp-json\/wp\/v2\/comments?post=12342"}],"version-history":[{"count":3,"href":"https:\/\/www.euroakademie.de\/magazin\/wp-json\/wp\/v2\/posts\/12342\/revisions"}],"predecessor-version":[{"id":26295,"href":"https:\/\/www.euroakademie.de\/magazin\/wp-json\/wp\/v2\/posts\/12342\/revisions\/26295"}],"wp:featuredmedia":[{"embeddable":true,"href":"https:\/\/www.euroakademie.de\/magazin\/wp-json\/wp\/v2\/media\/12347"}],"wp:attachment":[{"href":"https:\/\/www.euroakademie.de\/magazin\/wp-json\/wp\/v2\/media?parent=12342"}],"wp:term":[{"taxonomy":"category","embeddable":true,"href":"https:\/\/www.euroakademie.de\/magazin\/wp-json\/wp\/v2\/categories?post=12342"},{"taxonomy":"post_tag","embeddable":true,"href":"https:\/\/www.euroakademie.de\/magazin\/wp-json\/wp\/v2\/tags?post=12342"}],"curies":[{"name":"wp","href":"https:\/\/api.w.org\/{rel}","templated":true}]}}