{"id":12356,"date":"2020-01-08T13:39:44","date_gmt":"2020-01-08T12:39:44","guid":{"rendered":"https:\/\/www.euroakademie.de\/magazin\/?p=12356"},"modified":"2024-12-05T10:42:42","modified_gmt":"2024-12-05T09:42:42","slug":"nach-der-ausbildung-zumr-erzieherin-auch-ohne-abi-studieren","status":"publish","type":"post","link":"https:\/\/www.euroakademie.de\/magazin\/nach-der-ausbildung-zumr-erzieherin-auch-ohne-abi-studieren\/","title":{"rendered":"Nach der Ausbildung zum*r Erzieher*in auch ohne Abi studieren"},"content":{"rendered":"<p><![CDATA[\n<\/p>\n\n\n<p><strong>Eine Ausbildung ist Gold wert. Sie erm\u00f6glicht einen praktischen Einstieg ins Berufsleben und l\u00e4sst die Pers\u00f6nlichkeit reifen. Aber nicht nur das: In bestimmten F\u00e4llen erm\u00f6glicht sie sogar den Zugang zur Hochschule. Was viele nicht wissen: Erzieher*innen, Techniker*innen und Meister*innen k\u00f6nnen auch ohne Abitur ein Studium an einer Hochschule oder Universit\u00e4t beginnen.  <\/strong><\/p>\n\n\n\n<p>Die Entscheidung, nach der Mittleren Reife eine Ausbildung zur Erzieherin zu absolvieren, war bei Emma S. schon in der 8. Klasse, nach dem ersten Sch\u00fclerpraktikum, gefallen. Die schriftliche Bewerbung reine Formsache, denn ihre Begeisterung f\u00fcr die Arbeit mit Kindern war den Erzieher*innen im Kindergarten Kunterbunt gleich positiv aufgefallen. \u201eDie Ausbildung zur Erzieherin ist eine tolle Mischung aus Theorie und Praxis\u201c, so Emma S. \u201eTheoretische Grundlagen waren immer die Basis f\u00fcr unsere Praxiseins\u00e4tze in den Betreuungseinrichtungen. Und auch der Unterricht wurde m\u00f6glichst praxisnah gestaltet und blieb nicht in abstrakten theoretischen Gebilden h\u00e4ngen\u201c, berichtet die ausgebildete Erzieherin. Nach wie vor findet sie, dass dieser Beruf einer der am meisten erf\u00fcllenden T\u00e4tigkeiten ist. <\/p>\n\n\n\n<h2 class=\"wp-block-heading\">Lust aufs Lernen \u2013 akademische Karriere f\u00fcr Erzieher*innen offen<em>  <\/em><\/h2>\n\n\n\n<p>Schon w\u00e4hrend ihrer Ausbildung zur Erzieherin nahm sie die Chance wahr, \u00fcber das <a href=\"https:\/\/www.euroakademie.de\/magazin\/die-erfolgsgeschichte-geht-weiter-aus-erasmus-wird-erasmus\/\">EU-Programm Erasmus+<\/a> ein <a aria-label=\"Praktikum im Ausland (\u00f6ffnet in neuem Tab)\" href=\"\/\/www.euroakademie.de\/magazin\/eine-tolle-chance-erzieherinnen-mit-erasmus-in-barcelona\/\" target=\"_blank\" rel=\"noreferrer noopener\">Praktikum im Ausland<\/a> zu absolvieren, um ihre Sprachkenntnisse zu verbessern und andere p\u00e4dagogische Arbeitsweisen kennenzulernen. Nach einer Weiterbildung zum Thema Inklusion in Kindertageseinrichtungen, merkt sie, wie gro\u00df ihr Wunsch ist, weiterzulernen.<\/p>\n\n\n\n<p>Ein Studium kommt ja wohl leider nicht in Frage, da sie weder die allgemeine Hochschulreife noch das Fachabitur hat. Bis sie eines Feierabends auf das Online-Portal <a rel=\"noreferrer noopener\" aria-label=\"\u201eStudieren ohne Abitur\u201c  (\u00f6ffnet in neuem Tab)\" href=\"http:\/\/www.studieren-ohne-abitur.de\/web\/\" target=\"_blank\">\u201eStudieren ohne Abitur\u201c <\/a>st\u00f6\u00dft. Betreiber des nicht kommerziellen Portals ist das CHE \u2013 gemeinn\u00fctziges Centrum f\u00fcr Hochschulentwicklung. Dort erf\u00e4hrt sie, dass sie als Erzieherin auch ohne Abitur oder Fachabitur an Hochschulen und Universit\u00e4ten studieren kann. In der Regel haben beruflich Qualifizierte (so nennt man Hochschulzugangsberechtigte ohne Abitur), bevor sie sich offiziell bewerben k\u00f6nnen, ein Beratungsgespr\u00e4ch an der gew\u00e4hlten Hochschule. In diesem Gespr\u00e4ch geht es vor allem darum, was im Studium so alles auf die Studierenden zukommt und welche Kompetenzen man braucht, um seine akademische Ausbildung erfolgreich zu absolvieren. An manchen Hochschulen gibt es eine Eignungspr\u00fcfung oder ein Probestudium.  <\/p>\n\n\n\n<h2 class=\"wp-block-heading\">Immer mehr Studierende ohne Abitur in ganz Deutschland <\/h2>\n\n\n\n<p>Im Jahr 1997 starteten <a href=\"http:\/\/www.studieren-ohne-abitur.de\/web\/information\/daten-monitoring\/quantitative-entwicklung-in-deutschland-insgesamt\/\">laut Online-Portal \u201eStudieren ohne Abitur\u201c<\/a> nur rund 1550 Wissensdurstige ohne Abi in ein Studium. Zwei Jahrzehnte sp\u00e4ter, 2017, waren es immerhin schon fast 15.000 Studierende ohne schulische Hochschulzugangsberechtigung. Heute kommen knapp 3 Prozent der Studentinnen und Studenten \u00fcber den Beruf an Uni und Hochschule.    <\/p>\n\n\n\n<p>Ein wichtiger Schritt in Richtung \u00d6ffnung akademischer Bildungschancen wurde bereits 2009 durch den Beschluss der Kultusministerkonferenz getan. Seitdem ist es in allen Bundesl\u00e4ndern m\u00f6glich, ein Studium ohne Abitur zu starten.   <\/p>\n\n\n\n<p>F\u00fcr Studieninteressierte, die eine entsprechende Ausbildung haben und schon mit beiden Beinen im Berufsleben standen, gibt es \u00fcbrigens auch <a href=\"https:\/\/www.sbb-stipendien.de\/aufstiegsstipendium\/\">Stipendien<\/a>, die das Problem der Finanzierung weitgehend l\u00f6sen.  <\/p>\n\n\n\n<p>Die <a href=\"https:\/\/www.euroakademie.de\/de\/ausbildung\/paedagogik-soziales\/erzieher.html\">Ausbildung zum*r Erzieher*in<\/a> bietet die Euro Akademie an 17 Standorten in ganz Deutschland an. Danach stehen Ihnen alle T\u00fcren offen \u2013 ob in der Kita oder an der Hochschule, bleibt ganz und gar Ihnen \u00fcberlassen. Die <a href=\"https:\/\/public.euroakademie.de\/action?layout=EAC&amp;ActionHandler=ContactLogon2&amp;simpleContact&amp;marke=EA&amp;Language=DE&amp;groupByCity&amp;locations=IX----OA1---C--;4R----451---C--;SA----CS--9-C--;HX----K32---C--;KO1---QA1---C--;GP----6A1---C--;ET2---AP2---C--;53----8Z2---C--;NP----6A1---C--;UP----6A1---C--;O32---NR3---C--;UJ----OA1---C--;ZJ----OA1---C--;U3----IB3---C--;55----P92---C--;7R----451---C--;W3----551---C--;991---4U1---C--;6E----1B3---C--;19----WF8-R-C--;IK----OA1---C--;SK----OA1---C--;H-----Q51---C--;4O2---AP2---C--;AT----OA1---C--;8R----451---C--;XK----OA1---C--;2L----OA1---C--;7C----UO3---C--;NX----K32---C--;75----551---C--;FB----Q212Q1C--;8E2---CG2---C--;NW2---AP2---C--;CT1---2S3-C1C--;3U2---AP2---C--;CL----OA1---C--;L1----QA1---C--&amp;ort=gesamt&amp;typ=10\">Mitarbeiter an den Standorten beraten Sie<\/a> gerne.<\/p>\n\n\n\n<p>Emma S. hat sich \u00fcbrigens f\u00fcr das Studium der Psychologie entschieden und arbeitet heute als Kinder- und Jugendpsychotherapeutin in eigener Praxis. <\/p>\n","protected":false},"excerpt":{"rendered":"<p>\t\t\t\t<![CDATA[Wussten Sie, dass Erzieher*innen, Techniker*innen und Meister*innen auch ohne Abitur ein Studium an einer Hochschule oder Universit\u00e4t starten k\u00f6nnen? Erfahren Sie hier alle wichtigen Fakten zum Studium ohne Abi! ]]>\t\t<\/p>\n","protected":false},"author":58,"featured_media":12358,"comment_status":"closed","ping_status":"closed","sticky":false,"template":"","format":"standard","meta":{"footnotes":""},"categories":[127,19],"tags":[2599,3976,7999],"class_list":{"0":"post-12356","1":"post","2":"type-post","3":"status-publish","4":"format-standard","5":"has-post-thumbnail","7":"category-karriere","8":"category-paedagogik-soziales","9":"tag-erzieherin","10":"tag-hochschule","11":"tag-studieren-ohne-abitur"},"yoast_head":"<!-- This site is optimized with the Yoast SEO plugin v23.5 - https:\/\/yoast.com\/wordpress\/plugins\/seo\/ -->\n<title>Ausbildung zum*r Erzieher*in - Studium ohne Abi \/Euro Akademie Magazin<\/title>\n<meta name=\"description\" content=\"Viele wissen nicht, dass Erzieher*innen, Techniker*innen und Meister*innen auch ohne Abitur ein Studium an einer Hochschule oder Universit\u00e4t starten k\u00f6nnen.\" \/>\n<meta name=\"robots\" content=\"index, follow, max-snippet:-1, max-image-preview:large, max-video-preview:-1\" \/>\n<link rel=\"canonical\" href=\"https:\/\/www.euroakademie.de\/magazin\/nach-der-ausbildung-zumr-erzieherin-auch-ohne-abi-studieren\/\" \/>\n<meta property=\"og:locale\" content=\"de_DE\" \/>\n<meta property=\"og:type\" content=\"article\" \/>\n<meta property=\"og:title\" content=\"Ausbildung zum*r Erzieher*in - Studium ohne Abi \/Euro Akademie Magazin\" \/>\n<meta property=\"og:description\" content=\"Viele wissen nicht, dass Erzieher*innen, Techniker*innen und Meister*innen auch ohne Abitur ein Studium an einer Hochschule oder Universit\u00e4t starten k\u00f6nnen.\" \/>\n<meta property=\"og:url\" content=\"https:\/\/www.euroakademie.de\/magazin\/nach-der-ausbildung-zumr-erzieherin-auch-ohne-abi-studieren\/\" \/>\n<meta property=\"og:site_name\" content=\"Das Euro Akademie Magazin\" \/>\n<meta property=\"article:published_time\" content=\"2020-01-08T12:39:44+00:00\" \/>\n<meta property=\"article:modified_time\" content=\"2024-12-05T09:42:42+00:00\" \/>\n<meta property=\"og:image\" content=\"https:\/\/www.euroakademie.de\/magazin\/wp-content\/uploads\/2020\/01\/shutterstock_686836261_702x336_web.jpg\" \/>\n\t<meta property=\"og:image:width\" content=\"702\" \/>\n\t<meta property=\"og:image:height\" content=\"336\" \/>\n\t<meta property=\"og:image:type\" content=\"image\/jpeg\" \/>\n<meta name=\"author\" content=\"Tanja H\u00f6fling\" \/>\n<meta name=\"twitter:card\" content=\"summary_large_image\" \/>\n<meta name=\"twitter:label1\" content=\"Verfasst von\" \/>\n\t<meta name=\"twitter:data1\" content=\"Tanja H\u00f6fling\" \/>\n\t<meta name=\"twitter:label2\" content=\"Gesch\u00e4tzte Lesezeit\" \/>\n\t<meta name=\"twitter:data2\" content=\"1\u00a0Minute\" \/>\n<script type=\"application\/ld+json\" class=\"yoast-schema-graph\">{\"@context\":\"https:\/\/schema.org\",\"@graph\":[{\"@type\":\"Article\",\"@id\":\"https:\/\/www.euroakademie.de\/magazin\/nach-der-ausbildung-zumr-erzieherin-auch-ohne-abi-studieren\/#article\",\"isPartOf\":{\"@id\":\"https:\/\/www.euroakademie.de\/magazin\/nach-der-ausbildung-zumr-erzieherin-auch-ohne-abi-studieren\/\"},\"author\":{\"name\":\"Tanja H\u00f6fling\",\"@id\":\"https:\/\/www.euroakademie.de\/magazin\/#\/schema\/person\/2c0d3896d19e86373c87f4ac022d4919\"},\"headline\":\"Nach der Ausbildung zum*r Erzieher*in auch ohne Abi studieren\",\"datePublished\":\"2020-01-08T12:39:44+00:00\",\"dateModified\":\"2024-12-05T09:42:42+00:00\",\"mainEntityOfPage\":{\"@id\":\"https:\/\/www.euroakademie.de\/magazin\/nach-der-ausbildung-zumr-erzieherin-auch-ohne-abi-studieren\/\"},\"wordCount\":561,\"publisher\":{\"@id\":\"https:\/\/www.euroakademie.de\/magazin\/#organization\"},\"image\":{\"@id\":\"https:\/\/www.euroakademie.de\/magazin\/nach-der-ausbildung-zumr-erzieherin-auch-ohne-abi-studieren\/#primaryimage\"},\"thumbnailUrl\":\"https:\/\/www.euroakademie.de\/magazin\/wp-content\/uploads\/2020\/01\/shutterstock_686836261_702x336_web.jpg\",\"keywords\":[\"Erzieherin\",\"Hochschule\",\"Studieren ohne Abitur\"],\"articleSection\":[\"Karriere\",\"P\u00e4dagogik &amp; Soziales\"],\"inLanguage\":\"de\"},{\"@type\":\"WebPage\",\"@id\":\"https:\/\/www.euroakademie.de\/magazin\/nach-der-ausbildung-zumr-erzieherin-auch-ohne-abi-studieren\/\",\"url\":\"https:\/\/www.euroakademie.de\/magazin\/nach-der-ausbildung-zumr-erzieherin-auch-ohne-abi-studieren\/\",\"name\":\"Ausbildung zum*r Erzieher*in - Studium ohne Abi \/Euro Akademie Magazin\",\"isPartOf\":{\"@id\":\"https:\/\/www.euroakademie.de\/magazin\/#website\"},\"primaryImageOfPage\":{\"@id\":\"https:\/\/www.euroakademie.de\/magazin\/nach-der-ausbildung-zumr-erzieherin-auch-ohne-abi-studieren\/#primaryimage\"},\"image\":{\"@id\":\"https:\/\/www.euroakademie.de\/magazin\/nach-der-ausbildung-zumr-erzieherin-auch-ohne-abi-studieren\/#primaryimage\"},\"thumbnailUrl\":\"https:\/\/www.euroakademie.de\/magazin\/wp-content\/uploads\/2020\/01\/shutterstock_686836261_702x336_web.jpg\",\"datePublished\":\"2020-01-08T12:39:44+00:00\",\"dateModified\":\"2024-12-05T09:42:42+00:00\",\"description\":\"Viele wissen nicht, dass Erzieher*innen, Techniker*innen und Meister*innen auch ohne Abitur ein Studium an einer Hochschule oder Universit\u00e4t starten k\u00f6nnen.\",\"breadcrumb\":{\"@id\":\"https:\/\/www.euroakademie.de\/magazin\/nach-der-ausbildung-zumr-erzieherin-auch-ohne-abi-studieren\/#breadcrumb\"},\"inLanguage\":\"de\",\"potentialAction\":[{\"@type\":\"ReadAction\",\"target\":[\"https:\/\/www.euroakademie.de\/magazin\/nach-der-ausbildung-zumr-erzieherin-auch-ohne-abi-studieren\/\"]}]},{\"@type\":\"ImageObject\",\"inLanguage\":\"de\",\"@id\":\"https:\/\/www.euroakademie.de\/magazin\/nach-der-ausbildung-zumr-erzieherin-auch-ohne-abi-studieren\/#primaryimage\",\"url\":\"https:\/\/www.euroakademie.de\/magazin\/wp-content\/uploads\/2020\/01\/shutterstock_686836261_702x336_web.jpg\",\"contentUrl\":\"https:\/\/www.euroakademie.de\/magazin\/wp-content\/uploads\/2020\/01\/shutterstock_686836261_702x336_web.jpg\",\"width\":702,\"height\":336,\"caption\":\"\"},{\"@type\":\"BreadcrumbList\",\"@id\":\"https:\/\/www.euroakademie.de\/magazin\/nach-der-ausbildung-zumr-erzieherin-auch-ohne-abi-studieren\/#breadcrumb\",\"itemListElement\":[{\"@type\":\"ListItem\",\"position\":1,\"name\":\"Startseite\",\"item\":\"https:\/\/www.euroakademie.de\/magazin\/\"},{\"@type\":\"ListItem\",\"position\":2,\"name\":\"Nach der Ausbildung zum*r Erzieher*in auch ohne Abi studieren\"}]},{\"@type\":\"WebSite\",\"@id\":\"https:\/\/www.euroakademie.de\/magazin\/#website\",\"url\":\"https:\/\/www.euroakademie.de\/magazin\/\",\"name\":\"Das Euro Akademie Magazin\",\"description\":\"Gut informiert durch Ausbildung und Studium\",\"publisher\":{\"@id\":\"https:\/\/www.euroakademie.de\/magazin\/#organization\"},\"potentialAction\":[{\"@type\":\"SearchAction\",\"target\":{\"@type\":\"EntryPoint\",\"urlTemplate\":\"https:\/\/www.euroakademie.de\/magazin\/?s={search_term_string}\"},\"query-input\":{\"@type\":\"PropertyValueSpecification\",\"valueRequired\":true,\"valueName\":\"search_term_string\"}}],\"inLanguage\":\"de\"},{\"@type\":\"Organization\",\"@id\":\"https:\/\/www.euroakademie.de\/magazin\/#organization\",\"name\":\"ESO Education Group\",\"url\":\"https:\/\/www.euroakademie.de\/magazin\/\",\"logo\":{\"@type\":\"ImageObject\",\"inLanguage\":\"de\",\"@id\":\"https:\/\/www.euroakademie.de\/magazin\/#\/schema\/logo\/image\/\",\"url\":\"https:\/\/relaunch.euroakademie.de\/magazin\/wp-content\/uploads\/2024\/11\/Logo_EA_negativ_Rahmen_5cm_300dpi_RGB.jpg\",\"contentUrl\":\"https:\/\/relaunch.euroakademie.de\/magazin\/wp-content\/uploads\/2024\/11\/Logo_EA_negativ_Rahmen_5cm_300dpi_RGB.jpg\",\"width\":591,\"height\":236,\"caption\":\"ESO Education Group\"},\"image\":{\"@id\":\"https:\/\/www.euroakademie.de\/magazin\/#\/schema\/logo\/image\/\"}},{\"@type\":\"Person\",\"@id\":\"https:\/\/www.euroakademie.de\/magazin\/#\/schema\/person\/2c0d3896d19e86373c87f4ac022d4919\",\"name\":\"Tanja H\u00f6fling\",\"description\":\"Von Juli 2017 bis Juli 2022 informierte die ehemalige Online-Redakteurin des Euro Akademie Magazins regelm\u00e4\u00dfig \u00fcber Aktuelles und Wissenswertes zu den Themen Ausbildung, Studium und Beruf.\",\"url\":\"https:\/\/www.euroakademie.de\/magazin\/author\/hoeflingt\/\"}]}<\/script>\n<!-- \/ Yoast SEO plugin. -->","yoast_head_json":{"title":"Ausbildung zum*r Erzieher*in - Studium ohne Abi \/Euro Akademie Magazin","description":"Viele wissen nicht, dass Erzieher*innen, Techniker*innen und Meister*innen auch ohne Abitur ein Studium an einer Hochschule oder Universit\u00e4t starten k\u00f6nnen.","robots":{"index":"index","follow":"follow","max-snippet":"max-snippet:-1","max-image-preview":"max-image-preview:large","max-video-preview":"max-video-preview:-1"},"canonical":"https:\/\/www.euroakademie.de\/magazin\/nach-der-ausbildung-zumr-erzieherin-auch-ohne-abi-studieren\/","og_locale":"de_DE","og_type":"article","og_title":"Ausbildung zum*r Erzieher*in - Studium ohne Abi \/Euro Akademie Magazin","og_description":"Viele wissen nicht, dass Erzieher*innen, Techniker*innen und Meister*innen auch ohne Abitur ein Studium an einer Hochschule oder Universit\u00e4t starten k\u00f6nnen.","og_url":"https:\/\/www.euroakademie.de\/magazin\/nach-der-ausbildung-zumr-erzieherin-auch-ohne-abi-studieren\/","og_site_name":"Das Euro Akademie Magazin","article_published_time":"2020-01-08T12:39:44+00:00","article_modified_time":"2024-12-05T09:42:42+00:00","og_image":[{"width":702,"height":336,"url":"https:\/\/www.euroakademie.de\/magazin\/wp-content\/uploads\/2020\/01\/shutterstock_686836261_702x336_web.jpg","type":"image\/jpeg"}],"author":"Tanja H\u00f6fling","twitter_card":"summary_large_image","twitter_misc":{"Verfasst von":"Tanja H\u00f6fling","Gesch\u00e4tzte Lesezeit":"1\u00a0Minute"},"schema":{"@context":"https:\/\/schema.org","@graph":[{"@type":"Article","@id":"https:\/\/www.euroakademie.de\/magazin\/nach-der-ausbildung-zumr-erzieherin-auch-ohne-abi-studieren\/#article","isPartOf":{"@id":"https:\/\/www.euroakademie.de\/magazin\/nach-der-ausbildung-zumr-erzieherin-auch-ohne-abi-studieren\/"},"author":{"name":"Tanja H\u00f6fling","@id":"https:\/\/www.euroakademie.de\/magazin\/#\/schema\/person\/2c0d3896d19e86373c87f4ac022d4919"},"headline":"Nach der Ausbildung zum*r Erzieher*in auch ohne Abi studieren","datePublished":"2020-01-08T12:39:44+00:00","dateModified":"2024-12-05T09:42:42+00:00","mainEntityOfPage":{"@id":"https:\/\/www.euroakademie.de\/magazin\/nach-der-ausbildung-zumr-erzieherin-auch-ohne-abi-studieren\/"},"wordCount":561,"publisher":{"@id":"https:\/\/www.euroakademie.de\/magazin\/#organization"},"image":{"@id":"https:\/\/www.euroakademie.de\/magazin\/nach-der-ausbildung-zumr-erzieherin-auch-ohne-abi-studieren\/#primaryimage"},"thumbnailUrl":"https:\/\/www.euroakademie.de\/magazin\/wp-content\/uploads\/2020\/01\/shutterstock_686836261_702x336_web.jpg","keywords":["Erzieherin","Hochschule","Studieren ohne Abitur"],"articleSection":["Karriere","P\u00e4dagogik &amp; Soziales"],"inLanguage":"de"},{"@type":"WebPage","@id":"https:\/\/www.euroakademie.de\/magazin\/nach-der-ausbildung-zumr-erzieherin-auch-ohne-abi-studieren\/","url":"https:\/\/www.euroakademie.de\/magazin\/nach-der-ausbildung-zumr-erzieherin-auch-ohne-abi-studieren\/","name":"Ausbildung zum*r Erzieher*in - Studium ohne Abi \/Euro Akademie Magazin","isPartOf":{"@id":"https:\/\/www.euroakademie.de\/magazin\/#website"},"primaryImageOfPage":{"@id":"https:\/\/www.euroakademie.de\/magazin\/nach-der-ausbildung-zumr-erzieherin-auch-ohne-abi-studieren\/#primaryimage"},"image":{"@id":"https:\/\/www.euroakademie.de\/magazin\/nach-der-ausbildung-zumr-erzieherin-auch-ohne-abi-studieren\/#primaryimage"},"thumbnailUrl":"https:\/\/www.euroakademie.de\/magazin\/wp-content\/uploads\/2020\/01\/shutterstock_686836261_702x336_web.jpg","datePublished":"2020-01-08T12:39:44+00:00","dateModified":"2024-12-05T09:42:42+00:00","description":"Viele wissen nicht, dass Erzieher*innen, Techniker*innen und Meister*innen auch ohne Abitur ein Studium an einer Hochschule oder Universit\u00e4t starten k\u00f6nnen.","breadcrumb":{"@id":"https:\/\/www.euroakademie.de\/magazin\/nach-der-ausbildung-zumr-erzieherin-auch-ohne-abi-studieren\/#breadcrumb"},"inLanguage":"de","potentialAction":[{"@type":"ReadAction","target":["https:\/\/www.euroakademie.de\/magazin\/nach-der-ausbildung-zumr-erzieherin-auch-ohne-abi-studieren\/"]}]},{"@type":"ImageObject","inLanguage":"de","@id":"https:\/\/www.euroakademie.de\/magazin\/nach-der-ausbildung-zumr-erzieherin-auch-ohne-abi-studieren\/#primaryimage","url":"https:\/\/www.euroakademie.de\/magazin\/wp-content\/uploads\/2020\/01\/shutterstock_686836261_702x336_web.jpg","contentUrl":"https:\/\/www.euroakademie.de\/magazin\/wp-content\/uploads\/2020\/01\/shutterstock_686836261_702x336_web.jpg","width":702,"height":336,"caption":""},{"@type":"BreadcrumbList","@id":"https:\/\/www.euroakademie.de\/magazin\/nach-der-ausbildung-zumr-erzieherin-auch-ohne-abi-studieren\/#breadcrumb","itemListElement":[{"@type":"ListItem","position":1,"name":"Startseite","item":"https:\/\/www.euroakademie.de\/magazin\/"},{"@type":"ListItem","position":2,"name":"Nach der Ausbildung zum*r Erzieher*in auch ohne Abi studieren"}]},{"@type":"WebSite","@id":"https:\/\/www.euroakademie.de\/magazin\/#website","url":"https:\/\/www.euroakademie.de\/magazin\/","name":"Das Euro Akademie Magazin","description":"Gut informiert durch Ausbildung und Studium","publisher":{"@id":"https:\/\/www.euroakademie.de\/magazin\/#organization"},"potentialAction":[{"@type":"SearchAction","target":{"@type":"EntryPoint","urlTemplate":"https:\/\/www.euroakademie.de\/magazin\/?s={search_term_string}"},"query-input":{"@type":"PropertyValueSpecification","valueRequired":true,"valueName":"search_term_string"}}],"inLanguage":"de"},{"@type":"Organization","@id":"https:\/\/www.euroakademie.de\/magazin\/#organization","name":"ESO Education Group","url":"https:\/\/www.euroakademie.de\/magazin\/","logo":{"@type":"ImageObject","inLanguage":"de","@id":"https:\/\/www.euroakademie.de\/magazin\/#\/schema\/logo\/image\/","url":"https:\/\/relaunch.euroakademie.de\/magazin\/wp-content\/uploads\/2024\/11\/Logo_EA_negativ_Rahmen_5cm_300dpi_RGB.jpg","contentUrl":"https:\/\/relaunch.euroakademie.de\/magazin\/wp-content\/uploads\/2024\/11\/Logo_EA_negativ_Rahmen_5cm_300dpi_RGB.jpg","width":591,"height":236,"caption":"ESO Education Group"},"image":{"@id":"https:\/\/www.euroakademie.de\/magazin\/#\/schema\/logo\/image\/"}},{"@type":"Person","@id":"https:\/\/www.euroakademie.de\/magazin\/#\/schema\/person\/2c0d3896d19e86373c87f4ac022d4919","name":"Tanja H\u00f6fling","description":"Von Juli 2017 bis Juli 2022 informierte die ehemalige Online-Redakteurin des Euro Akademie Magazins regelm\u00e4\u00dfig \u00fcber Aktuelles und Wissenswertes zu den Themen Ausbildung, Studium und Beruf.","url":"https:\/\/www.euroakademie.de\/magazin\/author\/hoeflingt\/"}]}},"_links":{"self":[{"href":"https:\/\/www.euroakademie.de\/magazin\/wp-json\/wp\/v2\/posts\/12356","targetHints":{"allow":["GET"]}}],"collection":[{"href":"https:\/\/www.euroakademie.de\/magazin\/wp-json\/wp\/v2\/posts"}],"about":[{"href":"https:\/\/www.euroakademie.de\/magazin\/wp-json\/wp\/v2\/types\/post"}],"author":[{"embeddable":true,"href":"https:\/\/www.euroakademie.de\/magazin\/wp-json\/wp\/v2\/users\/58"}],"replies":[{"embeddable":true,"href":"https:\/\/www.euroakademie.de\/magazin\/wp-json\/wp\/v2\/comments?post=12356"}],"version-history":[{"count":2,"href":"https:\/\/www.euroakademie.de\/magazin\/wp-json\/wp\/v2\/posts\/12356\/revisions"}],"predecessor-version":[{"id":25953,"href":"https:\/\/www.euroakademie.de\/magazin\/wp-json\/wp\/v2\/posts\/12356\/revisions\/25953"}],"wp:featuredmedia":[{"embeddable":true,"href":"https:\/\/www.euroakademie.de\/magazin\/wp-json\/wp\/v2\/media\/12358"}],"wp:attachment":[{"href":"https:\/\/www.euroakademie.de\/magazin\/wp-json\/wp\/v2\/media?parent=12356"}],"wp:term":[{"taxonomy":"category","embeddable":true,"href":"https:\/\/www.euroakademie.de\/magazin\/wp-json\/wp\/v2\/categories?post=12356"},{"taxonomy":"post_tag","embeddable":true,"href":"https:\/\/www.euroakademie.de\/magazin\/wp-json\/wp\/v2\/tags?post=12356"}],"curies":[{"name":"wp","href":"https:\/\/api.w.org\/{rel}","templated":true}]}}