{"id":12417,"date":"2020-01-20T09:00:29","date_gmt":"2020-01-20T08:00:29","guid":{"rendered":"https:\/\/www.euroakademie.de\/magazin\/?p=12417"},"modified":"2024-12-05T10:30:17","modified_gmt":"2024-12-05T09:30:17","slug":"neue-erzieherausbildung","status":"publish","type":"post","link":"https:\/\/www.euroakademie.de\/magazin\/neue-erzieherausbildung\/","title":{"rendered":"Neue Erzieherausbildung? Warum Tr\u00e4ger und Gewerkschaften dagegen sind."},"content":{"rendered":"<p><![CDATA[\n<\/p>\n\n\n<p><strong>Fachkr\u00e4ftemangel. Das Schlagwort geistert schon seit Jahren durch die Medien und ist auch im p\u00e4dagogischen Bereich ein gro\u00dfes Thema. Es gibt einfach zu <a rel=\"noreferrer noopener\" aria-label=\"wenige Erzieher*innen (\u00f6ffnet in neuem Tab)\" href=\"https:\/\/www.euroakademie.de\/magazin\/erziehermangel-neue-kraefte-braucht-das-land\/\" target=\"_blank\">wenige Erzieher*innen<\/a>. Durch das <a rel=\"noreferrer noopener\" label=\"Gute-Kita-Gesetz (\u00f6ffnet in neuem Tab)\" href=\"https:\/\/www.bmfsfj.de\/bmfsfj\/themen\/familie\/kinderbetreuung\/fuer-gute-kinderbetreuung-bundesweit-das-kita-qualitaetsgesetz-209046\" target=\"_blank\">Gute-Kita-Gesetz<\/a> und die Fachkr\u00e4fteoffensive \u201eErzieherinnen und Erzieher&#8220; soll die Situation verbessert werden. Die Kultusministerkonferenz (KMK) hat noch eine andere Idee: Warum nicht einfach eine neue Ausbildung f\u00fcr die fr\u00fchkindliche Bildung einf\u00fchren? Eine Idee, die in Fachkreisen \u2013 vorsichtig ausgedr\u00fcckt \u2013 nicht besonders gut ankommt. <\/strong><\/p>\n\n\n\n<h2 class=\"wp-block-heading\"><strong>In nur drei Jahren zum Abschluss<\/strong><\/h2>\n\n\n\n<p>Nat\u00fcrlich soll diese Berufsausbildung auch einen eigenen Namen bekommen: Der Abschluss staatlich gepr\u00fcfte*r Fachassistent*in f\u00fcr fr\u00fche Bildung und Erziehung soll \u201ezu einer T\u00e4tigkeit als Fachkraft in Kindertageseinrichtungen&#8220; bef\u00e4higen und parallel zu den bestehenden Modellen angeboten werden. Was ist also der Unterschied zur Erzieherausbildung? In erster Linie die Ausbildungsdauer: W\u00e4hrend Erzieher*innen \u2013 je nach Bundesland und Praxiserfahrung \u2013 nach vier Jahren fertig ausgebildet sind, w\u00e4ren die Fachassistent*innen schon nach drei Jahren voll einsatzf\u00e4hig. <\/p>\n\n\n\n<h2 class=\"wp-block-heading\"><strong>Protest von Gewerkschaften und Tr\u00e4gern<\/strong><\/h2>\n\n\n\n<p>All das hat eine Ad-hoc-Arbeitsgruppe der KMK innerhalb des letzten Jahres diskutiert und ausgehandelt. Allerdings ohne die Tr\u00e4gervertreter*innen, Fachschulverb\u00e4nde oder Gewerkschaften zu Rate zu ziehen. Diese \u00e4u\u00dfern jetzt viel Kritik am geplanten Konzept. So schreibt zum Beispiel die Gewerkschaft ver.di in <a href=\"https:\/\/sozialearbeit.verdi.de\/++file++5dc972f316c542085fe3970f\/download\/20191104_%20StN_neue%20Assistenzausbildung_Diakonie_verdi_final.pdf\" target=\"_blank\" rel=\"noreferrer noopener\" aria-label=\" (\u00f6ffnet in neuem Tab)\">einer gemeinsamen Erkl\u00e4rung mit verschiedenen Verb\u00e4nden<\/a> zur neuen Assistenzausbildung: \u201eSie verhilft weder zu einer Steigerung der Attraktivit\u00e4t des Berufes, noch der Attraktivit\u00e4t des Arbeitsfeldes der Bildung, Erziehung und Betreuung von Kindern. Bildung muss den h\u00f6chsten Stellenwert in unserer Gesellschaft haben. [\u2026] Wenn Investitionen in Bildung Chancengerechtigkeit verwirklichen sollen und Investitionen in Bildung als Standortvorteil Deutschlands betrachtet werden, dann ist es nicht zielf\u00fchrend, die Ausbildungsqualit\u00e4t des Personals in der Kinder- und Jugendhilfe zu verringern und damit eine Absenkung der Bildungs-, Erziehungs- und Betreuungsarbeit zu bef\u00f6rdern.\u201c Auch zahlreiche andere Berufsverb\u00e4nde und Tr\u00e4ger kritisierten im Rahmen von Positionspapieren und Appellen die geplante Ausbildung. <\/p>\n\n\n\n<h2 class=\"wp-block-heading\"><strong>Zu kurz, zu schlecht, zu g\u00fcnstig<\/strong><\/h2>\n\n\n\n<p>Einer der Kritikpunkte an der geplanten Ausbildung ist die geringere Qualifikation: Kinderbetreuung ist ein anspruchsvoller Beruf, der hochqualifizierte Fachkr\u00e4fte erfordert. Einen \u201eSparabschluss\u201c zu generieren, der junge Menschen schneller in die Praxis bringt, kann nicht die L\u00f6sung f\u00fcr den Personalmangel sein. Viel wichtiger w\u00e4re es, die aktuellen Ausbildungsberufe zu st\u00e4rken, attraktiver zu machen und Weiterbildungsm\u00f6glichkeiten zu gew\u00e4hrleisten. Ein Erzieherabschluss liegt nach dem <a rel=\"noreferrer noopener\" aria-label=\" (\u00f6ffnet in neuem Tab)\" href=\"https:\/\/www.dqr.de\/\" target=\"_blank\">Deutschen Qualifikationsrahmen<\/a> (DQR) auf Level 6 \u2013 das entspricht dem Qualifikationsniveau des Hochschulbachelors. Deshalb k\u00f6nnen ausgebildete Erzieher*innen in Deutschland auch <a rel=\"noreferrer noopener\" aria-label=\" (\u00f6ffnet in neuem Tab)\" href=\"https:\/\/www.euroakademie.de\/magazin\/nach-der-ausbildung-zumr-erzieherin-auch-ohne-abi-studieren\/\" target=\"_blank\">ohne Abitur an einer Hochschule oder Universit\u00e4t studieren<\/a>. Die geplante Fachassistentenausbildung f\u00fcr fr\u00fche Bildung und Erziehung entspr\u00e4che dagegen dem DQR-Niveau 4. Damit st\u00e4nde den Absolvent*innen auch ein geringeres Gehalt zu. Viele Berufsverb\u00e4nde sehen deshalb die Gefahr, dass die \u201eg\u00fcnstigen\u201c Fachassistent*innen die \u201eteuren\u201c Erzieher*innen abl\u00f6sen \u2013 auf Kosten der Qualit\u00e4t in der fr\u00fchkindlichen P\u00e4dagogik.<\/p>\n\n\n\n<p>Au\u00dferdem gibt es bereits Assistenzberufe im p\u00e4dagogischen Bereich, zum Beispiel <a rel=\"noreferrer noopener\" aria-label=\" (\u00f6ffnet in neuem Tab)\" href=\"https:\/\/www.euroakademie.de\/ausbildung\/paedagogik-soziales\/kinderpfleger.html\" target=\"_blank\">Kinderpfleger*in<\/a>, <a rel=\"noreferrer noopener\" aria-label=\" (\u00f6ffnet in neuem Tab)\" href=\"https:\/\/www.euroakademie.de\/ausbildung\/paedagogik-soziales\/sozialassistent.html\" target=\"_blank\">Sozialassistent*in<\/a> und <a rel=\"noreferrer noopener\" aria-label=\" (\u00f6ffnet in neuem Tab)\" href=\"https:\/\/www.euroakademie.de\/ausbildung\/paedagogik-soziales\/sozialpaedagogischer-assistent.html\" target=\"_blank\">Sozialp\u00e4dagogische*r Assistent*in<\/a>. Anstatt diese Ausbildungsberufe zu st\u00e4rken und die Verkn\u00fcpfung mit der Erzieherausbildung zu verbessern, soll jetzt also eine neue Ausbildung hinzugef\u00fcgt werden \u2013 ob das sinnvoll ist, wird sich zeigen.&nbsp; <\/p>\n\n\n\n<h2 class=\"wp-block-heading\"><strong>Was passiert als N\u00e4chstes?<\/strong><\/h2>\n\n\n\n<p>Eigentlich sollte der Beschluss schon im November 2019 diskutiert werden.Die Proteste hatten aber Erfolg: Der Entwurf wird \u00fcberarbeitet und im Mai 2020 erneut vorgestellt. Bis dahin bleibt zu hoffen, dass die Debatte \u00fcber die Zukunft der Erzieherausbildung eine breite \u00d6ffentlichkeit erreicht. Denn die Erziehung, Bildung und Betreuung von Kindern betrifft nicht nur Politiker, Kita-Tr\u00e4ger und Fachschulen. Es ist ein Thema, das die Zukunft unserer Gesellschaft betrifft und uns daher alle etwas angeht!<\/p>\n\n\n\n<div class=\"wp-block-buttons is-layout-flex wp-block-buttons-is-layout-flex\">\n<div class=\"wp-block-button\"><a class=\"wp-block-button__link has-background wp-element-button\" href=\"https:\/\/www.euroakademie.de\/bildungsangebote\/paedagogik-soziales\" style=\"background-color:#f39200;padding-top:var(--wp--preset--spacing--40);padding-right:var(--wp--preset--spacing--30);padding-bottom:var(--wp--preset--spacing--40);padding-left:var(--wp--preset--spacing--30)\">Egal wie sich die KMK entscheidet \u2013 eine p\u00e4dagogische Ausbildung ist immer eine gute Wahl! Hier findest du unsere Ausbildungen im Bereich P\u00e4dagogik &amp; Soziales<\/a><\/div>\n<\/div>\n\n\n\n<p><i>Bildquelle Beitragsbild: \u00a9 <\/i><em>Rawpixel.com<\/em><i><em>\/<\/em>shutterstock.com<\/i><\/p>\n","protected":false},"excerpt":{"rendered":"<p>\t\t\t\t<![CDATA[Kommt eine neue Ausbildung, die zur Arbeit in der Kita bef\u00e4higt? Ja, wenn es nach der Kultusministerkonferenz geht. Aber Tr\u00e4ger und Berufsverb\u00e4nde protestieren.]]>\t\t<\/p>\n","protected":false},"author":76,"featured_media":12418,"comment_status":"closed","ping_status":"closed","sticky":false,"template":"","format":"standard","meta":{"footnotes":""},"categories":[82,19],"tags":[2587,2599,6217],"class_list":{"0":"post-12417","1":"post","2":"type-post","3":"status-publish","4":"format-standard","5":"has-post-thumbnail","7":"category-branchennews","8":"category-paedagogik-soziales","9":"tag-erzieher","10":"tag-erzieherin","11":"tag-paedagogik"},"yoast_head":"<!-- This site is optimized with the Yoast SEO plugin v23.5 - https:\/\/yoast.com\/wordpress\/plugins\/seo\/ -->\n<title>Neue Erzieherausbildung? Warum Berufsverb\u00e4nde dagegen sind.<\/title>\n<meta name=\"description\" content=\"Kommt eine neue Ausbildung, die zur Arbeit in der Kita bef\u00e4higt \u2013 eine neue Erzieherausbildung? Ja, wenn es nach der KMK geht. Aber die Tr\u00e4ger protestieren.\" \/>\n<meta name=\"robots\" content=\"index, follow, max-snippet:-1, max-image-preview:large, max-video-preview:-1\" \/>\n<link rel=\"canonical\" href=\"https:\/\/www.euroakademie.de\/magazin\/neue-erzieherausbildung\/\" \/>\n<meta property=\"og:locale\" content=\"de_DE\" \/>\n<meta property=\"og:type\" content=\"article\" \/>\n<meta property=\"og:title\" content=\"Neue Erzieherausbildung? Warum Berufsverb\u00e4nde dagegen sind.\" \/>\n<meta property=\"og:description\" content=\"Kommt eine neue Ausbildung, die zur Arbeit in der Kita bef\u00e4higt \u2013 eine neue Erzieherausbildung? Ja, wenn es nach der KMK geht. Aber die Tr\u00e4ger protestieren.\" \/>\n<meta property=\"og:url\" content=\"https:\/\/www.euroakademie.de\/magazin\/neue-erzieherausbildung\/\" \/>\n<meta property=\"og:site_name\" content=\"Das Euro Akademie Magazin\" \/>\n<meta property=\"article:published_time\" content=\"2020-01-20T08:00:29+00:00\" \/>\n<meta property=\"article:modified_time\" content=\"2024-12-05T09:30:17+00:00\" \/>\n<meta property=\"og:image\" content=\"https:\/\/www.euroakademie.de\/magazin\/wp-content\/uploads\/2020\/01\/Neue_Ausbildung.jpg\" \/>\n\t<meta property=\"og:image:width\" content=\"702\" \/>\n\t<meta property=\"og:image:height\" content=\"353\" \/>\n\t<meta property=\"og:image:type\" content=\"image\/jpeg\" \/>\n<meta name=\"author\" content=\"Anna R\u00fcppel\" \/>\n<meta name=\"twitter:card\" content=\"summary_large_image\" \/>\n<meta name=\"twitter:label1\" content=\"Verfasst von\" \/>\n\t<meta name=\"twitter:data1\" content=\"Anna R\u00fcppel\" \/>\n\t<meta name=\"twitter:label2\" content=\"Gesch\u00e4tzte Lesezeit\" \/>\n\t<meta name=\"twitter:data2\" content=\"1\u00a0Minute\" \/>\n<script type=\"application\/ld+json\" class=\"yoast-schema-graph\">{\"@context\":\"https:\/\/schema.org\",\"@graph\":[{\"@type\":\"Article\",\"@id\":\"https:\/\/www.euroakademie.de\/magazin\/neue-erzieherausbildung\/#article\",\"isPartOf\":{\"@id\":\"https:\/\/www.euroakademie.de\/magazin\/neue-erzieherausbildung\/\"},\"author\":{\"name\":\"Anna R\u00fcppel\",\"@id\":\"https:\/\/www.euroakademie.de\/magazin\/#\/schema\/person\/60fedb6ea7279f88d9086938e970d05e\"},\"headline\":\"Neue Erzieherausbildung? Warum Tr\u00e4ger und Gewerkschaften dagegen sind.\",\"datePublished\":\"2020-01-20T08:00:29+00:00\",\"dateModified\":\"2024-12-05T09:30:17+00:00\",\"mainEntityOfPage\":{\"@id\":\"https:\/\/www.euroakademie.de\/magazin\/neue-erzieherausbildung\/\"},\"wordCount\":660,\"publisher\":{\"@id\":\"https:\/\/www.euroakademie.de\/magazin\/#organization\"},\"image\":{\"@id\":\"https:\/\/www.euroakademie.de\/magazin\/neue-erzieherausbildung\/#primaryimage\"},\"thumbnailUrl\":\"https:\/\/www.euroakademie.de\/magazin\/wp-content\/uploads\/2020\/01\/Neue_Ausbildung.jpg\",\"keywords\":[\"Erzieher\",\"Erzieherin\",\"P\u00e4dagogik\"],\"articleSection\":[\"Branchennews\",\"P\u00e4dagogik &amp; Soziales\"],\"inLanguage\":\"de\"},{\"@type\":\"WebPage\",\"@id\":\"https:\/\/www.euroakademie.de\/magazin\/neue-erzieherausbildung\/\",\"url\":\"https:\/\/www.euroakademie.de\/magazin\/neue-erzieherausbildung\/\",\"name\":\"Neue Erzieherausbildung? Warum Berufsverb\u00e4nde dagegen sind.\",\"isPartOf\":{\"@id\":\"https:\/\/www.euroakademie.de\/magazin\/#website\"},\"primaryImageOfPage\":{\"@id\":\"https:\/\/www.euroakademie.de\/magazin\/neue-erzieherausbildung\/#primaryimage\"},\"image\":{\"@id\":\"https:\/\/www.euroakademie.de\/magazin\/neue-erzieherausbildung\/#primaryimage\"},\"thumbnailUrl\":\"https:\/\/www.euroakademie.de\/magazin\/wp-content\/uploads\/2020\/01\/Neue_Ausbildung.jpg\",\"datePublished\":\"2020-01-20T08:00:29+00:00\",\"dateModified\":\"2024-12-05T09:30:17+00:00\",\"description\":\"Kommt eine neue Ausbildung, die zur Arbeit in der Kita bef\u00e4higt \u2013 eine neue Erzieherausbildung? Ja, wenn es nach der KMK geht. Aber die Tr\u00e4ger protestieren.\",\"breadcrumb\":{\"@id\":\"https:\/\/www.euroakademie.de\/magazin\/neue-erzieherausbildung\/#breadcrumb\"},\"inLanguage\":\"de\",\"potentialAction\":[{\"@type\":\"ReadAction\",\"target\":[\"https:\/\/www.euroakademie.de\/magazin\/neue-erzieherausbildung\/\"]}]},{\"@type\":\"ImageObject\",\"inLanguage\":\"de\",\"@id\":\"https:\/\/www.euroakademie.de\/magazin\/neue-erzieherausbildung\/#primaryimage\",\"url\":\"https:\/\/www.euroakademie.de\/magazin\/wp-content\/uploads\/2020\/01\/Neue_Ausbildung.jpg\",\"contentUrl\":\"https:\/\/www.euroakademie.de\/magazin\/wp-content\/uploads\/2020\/01\/Neue_Ausbildung.jpg\",\"width\":702,\"height\":353,\"caption\":\"\"},{\"@type\":\"BreadcrumbList\",\"@id\":\"https:\/\/www.euroakademie.de\/magazin\/neue-erzieherausbildung\/#breadcrumb\",\"itemListElement\":[{\"@type\":\"ListItem\",\"position\":1,\"name\":\"Startseite\",\"item\":\"https:\/\/www.euroakademie.de\/magazin\/\"},{\"@type\":\"ListItem\",\"position\":2,\"name\":\"Neue Erzieherausbildung? Warum Tr\u00e4ger und Gewerkschaften dagegen sind.\"}]},{\"@type\":\"WebSite\",\"@id\":\"https:\/\/www.euroakademie.de\/magazin\/#website\",\"url\":\"https:\/\/www.euroakademie.de\/magazin\/\",\"name\":\"Das Euro Akademie Magazin\",\"description\":\"Gut informiert durch Ausbildung und Studium\",\"publisher\":{\"@id\":\"https:\/\/www.euroakademie.de\/magazin\/#organization\"},\"potentialAction\":[{\"@type\":\"SearchAction\",\"target\":{\"@type\":\"EntryPoint\",\"urlTemplate\":\"https:\/\/www.euroakademie.de\/magazin\/?s={search_term_string}\"},\"query-input\":{\"@type\":\"PropertyValueSpecification\",\"valueRequired\":true,\"valueName\":\"search_term_string\"}}],\"inLanguage\":\"de\"},{\"@type\":\"Organization\",\"@id\":\"https:\/\/www.euroakademie.de\/magazin\/#organization\",\"name\":\"ESO Education Group\",\"url\":\"https:\/\/www.euroakademie.de\/magazin\/\",\"logo\":{\"@type\":\"ImageObject\",\"inLanguage\":\"de\",\"@id\":\"https:\/\/www.euroakademie.de\/magazin\/#\/schema\/logo\/image\/\",\"url\":\"https:\/\/relaunch.euroakademie.de\/magazin\/wp-content\/uploads\/2024\/11\/Logo_EA_negativ_Rahmen_5cm_300dpi_RGB.jpg\",\"contentUrl\":\"https:\/\/relaunch.euroakademie.de\/magazin\/wp-content\/uploads\/2024\/11\/Logo_EA_negativ_Rahmen_5cm_300dpi_RGB.jpg\",\"width\":591,\"height\":236,\"caption\":\"ESO Education Group\"},\"image\":{\"@id\":\"https:\/\/www.euroakademie.de\/magazin\/#\/schema\/logo\/image\/\"}},{\"@type\":\"Person\",\"@id\":\"https:\/\/www.euroakademie.de\/magazin\/#\/schema\/person\/60fedb6ea7279f88d9086938e970d05e\",\"name\":\"Anna R\u00fcppel\",\"description\":\"Anna R\u00fcppel ist mit 1,78 m die Gr\u00f6\u00dfte, wenn es um Ausbildung und Beruf geht. Als Kind war sie kleiner. Von April 2019 bis November 2022 schrieb sie kleinere und gr\u00f6\u00dfere Artikel f\u00fcr das Euro Akademie Magazin.\",\"url\":\"https:\/\/www.euroakademie.de\/magazin\/author\/rueppela\/\"}]}<\/script>\n<!-- \/ Yoast SEO plugin. -->","yoast_head_json":{"title":"Neue Erzieherausbildung? Warum Berufsverb\u00e4nde dagegen sind.","description":"Kommt eine neue Ausbildung, die zur Arbeit in der Kita bef\u00e4higt \u2013 eine neue Erzieherausbildung? Ja, wenn es nach der KMK geht. Aber die Tr\u00e4ger protestieren.","robots":{"index":"index","follow":"follow","max-snippet":"max-snippet:-1","max-image-preview":"max-image-preview:large","max-video-preview":"max-video-preview:-1"},"canonical":"https:\/\/www.euroakademie.de\/magazin\/neue-erzieherausbildung\/","og_locale":"de_DE","og_type":"article","og_title":"Neue Erzieherausbildung? Warum Berufsverb\u00e4nde dagegen sind.","og_description":"Kommt eine neue Ausbildung, die zur Arbeit in der Kita bef\u00e4higt \u2013 eine neue Erzieherausbildung? Ja, wenn es nach der KMK geht. Aber die Tr\u00e4ger protestieren.","og_url":"https:\/\/www.euroakademie.de\/magazin\/neue-erzieherausbildung\/","og_site_name":"Das Euro Akademie Magazin","article_published_time":"2020-01-20T08:00:29+00:00","article_modified_time":"2024-12-05T09:30:17+00:00","og_image":[{"width":702,"height":353,"url":"https:\/\/www.euroakademie.de\/magazin\/wp-content\/uploads\/2020\/01\/Neue_Ausbildung.jpg","type":"image\/jpeg"}],"author":"Anna R\u00fcppel","twitter_card":"summary_large_image","twitter_misc":{"Verfasst von":"Anna R\u00fcppel","Gesch\u00e4tzte Lesezeit":"1\u00a0Minute"},"schema":{"@context":"https:\/\/schema.org","@graph":[{"@type":"Article","@id":"https:\/\/www.euroakademie.de\/magazin\/neue-erzieherausbildung\/#article","isPartOf":{"@id":"https:\/\/www.euroakademie.de\/magazin\/neue-erzieherausbildung\/"},"author":{"name":"Anna R\u00fcppel","@id":"https:\/\/www.euroakademie.de\/magazin\/#\/schema\/person\/60fedb6ea7279f88d9086938e970d05e"},"headline":"Neue Erzieherausbildung? Warum Tr\u00e4ger und Gewerkschaften dagegen sind.","datePublished":"2020-01-20T08:00:29+00:00","dateModified":"2024-12-05T09:30:17+00:00","mainEntityOfPage":{"@id":"https:\/\/www.euroakademie.de\/magazin\/neue-erzieherausbildung\/"},"wordCount":660,"publisher":{"@id":"https:\/\/www.euroakademie.de\/magazin\/#organization"},"image":{"@id":"https:\/\/www.euroakademie.de\/magazin\/neue-erzieherausbildung\/#primaryimage"},"thumbnailUrl":"https:\/\/www.euroakademie.de\/magazin\/wp-content\/uploads\/2020\/01\/Neue_Ausbildung.jpg","keywords":["Erzieher","Erzieherin","P\u00e4dagogik"],"articleSection":["Branchennews","P\u00e4dagogik &amp; Soziales"],"inLanguage":"de"},{"@type":"WebPage","@id":"https:\/\/www.euroakademie.de\/magazin\/neue-erzieherausbildung\/","url":"https:\/\/www.euroakademie.de\/magazin\/neue-erzieherausbildung\/","name":"Neue Erzieherausbildung? Warum Berufsverb\u00e4nde dagegen sind.","isPartOf":{"@id":"https:\/\/www.euroakademie.de\/magazin\/#website"},"primaryImageOfPage":{"@id":"https:\/\/www.euroakademie.de\/magazin\/neue-erzieherausbildung\/#primaryimage"},"image":{"@id":"https:\/\/www.euroakademie.de\/magazin\/neue-erzieherausbildung\/#primaryimage"},"thumbnailUrl":"https:\/\/www.euroakademie.de\/magazin\/wp-content\/uploads\/2020\/01\/Neue_Ausbildung.jpg","datePublished":"2020-01-20T08:00:29+00:00","dateModified":"2024-12-05T09:30:17+00:00","description":"Kommt eine neue Ausbildung, die zur Arbeit in der Kita bef\u00e4higt \u2013 eine neue Erzieherausbildung? Ja, wenn es nach der KMK geht. Aber die Tr\u00e4ger protestieren.","breadcrumb":{"@id":"https:\/\/www.euroakademie.de\/magazin\/neue-erzieherausbildung\/#breadcrumb"},"inLanguage":"de","potentialAction":[{"@type":"ReadAction","target":["https:\/\/www.euroakademie.de\/magazin\/neue-erzieherausbildung\/"]}]},{"@type":"ImageObject","inLanguage":"de","@id":"https:\/\/www.euroakademie.de\/magazin\/neue-erzieherausbildung\/#primaryimage","url":"https:\/\/www.euroakademie.de\/magazin\/wp-content\/uploads\/2020\/01\/Neue_Ausbildung.jpg","contentUrl":"https:\/\/www.euroakademie.de\/magazin\/wp-content\/uploads\/2020\/01\/Neue_Ausbildung.jpg","width":702,"height":353,"caption":""},{"@type":"BreadcrumbList","@id":"https:\/\/www.euroakademie.de\/magazin\/neue-erzieherausbildung\/#breadcrumb","itemListElement":[{"@type":"ListItem","position":1,"name":"Startseite","item":"https:\/\/www.euroakademie.de\/magazin\/"},{"@type":"ListItem","position":2,"name":"Neue Erzieherausbildung? Warum Tr\u00e4ger und Gewerkschaften dagegen sind."}]},{"@type":"WebSite","@id":"https:\/\/www.euroakademie.de\/magazin\/#website","url":"https:\/\/www.euroakademie.de\/magazin\/","name":"Das Euro Akademie Magazin","description":"Gut informiert durch Ausbildung und Studium","publisher":{"@id":"https:\/\/www.euroakademie.de\/magazin\/#organization"},"potentialAction":[{"@type":"SearchAction","target":{"@type":"EntryPoint","urlTemplate":"https:\/\/www.euroakademie.de\/magazin\/?s={search_term_string}"},"query-input":{"@type":"PropertyValueSpecification","valueRequired":true,"valueName":"search_term_string"}}],"inLanguage":"de"},{"@type":"Organization","@id":"https:\/\/www.euroakademie.de\/magazin\/#organization","name":"ESO Education Group","url":"https:\/\/www.euroakademie.de\/magazin\/","logo":{"@type":"ImageObject","inLanguage":"de","@id":"https:\/\/www.euroakademie.de\/magazin\/#\/schema\/logo\/image\/","url":"https:\/\/relaunch.euroakademie.de\/magazin\/wp-content\/uploads\/2024\/11\/Logo_EA_negativ_Rahmen_5cm_300dpi_RGB.jpg","contentUrl":"https:\/\/relaunch.euroakademie.de\/magazin\/wp-content\/uploads\/2024\/11\/Logo_EA_negativ_Rahmen_5cm_300dpi_RGB.jpg","width":591,"height":236,"caption":"ESO Education Group"},"image":{"@id":"https:\/\/www.euroakademie.de\/magazin\/#\/schema\/logo\/image\/"}},{"@type":"Person","@id":"https:\/\/www.euroakademie.de\/magazin\/#\/schema\/person\/60fedb6ea7279f88d9086938e970d05e","name":"Anna R\u00fcppel","description":"Anna R\u00fcppel ist mit 1,78 m die Gr\u00f6\u00dfte, wenn es um Ausbildung und Beruf geht. Als Kind war sie kleiner. Von April 2019 bis November 2022 schrieb sie kleinere und gr\u00f6\u00dfere Artikel f\u00fcr das Euro Akademie Magazin.","url":"https:\/\/www.euroakademie.de\/magazin\/author\/rueppela\/"}]}},"_links":{"self":[{"href":"https:\/\/www.euroakademie.de\/magazin\/wp-json\/wp\/v2\/posts\/12417","targetHints":{"allow":["GET"]}}],"collection":[{"href":"https:\/\/www.euroakademie.de\/magazin\/wp-json\/wp\/v2\/posts"}],"about":[{"href":"https:\/\/www.euroakademie.de\/magazin\/wp-json\/wp\/v2\/types\/post"}],"author":[{"embeddable":true,"href":"https:\/\/www.euroakademie.de\/magazin\/wp-json\/wp\/v2\/users\/76"}],"replies":[{"embeddable":true,"href":"https:\/\/www.euroakademie.de\/magazin\/wp-json\/wp\/v2\/comments?post=12417"}],"version-history":[{"count":2,"href":"https:\/\/www.euroakademie.de\/magazin\/wp-json\/wp\/v2\/posts\/12417\/revisions"}],"predecessor-version":[{"id":25926,"href":"https:\/\/www.euroakademie.de\/magazin\/wp-json\/wp\/v2\/posts\/12417\/revisions\/25926"}],"wp:featuredmedia":[{"embeddable":true,"href":"https:\/\/www.euroakademie.de\/magazin\/wp-json\/wp\/v2\/media\/12418"}],"wp:attachment":[{"href":"https:\/\/www.euroakademie.de\/magazin\/wp-json\/wp\/v2\/media?parent=12417"}],"wp:term":[{"taxonomy":"category","embeddable":true,"href":"https:\/\/www.euroakademie.de\/magazin\/wp-json\/wp\/v2\/categories?post=12417"},{"taxonomy":"post_tag","embeddable":true,"href":"https:\/\/www.euroakademie.de\/magazin\/wp-json\/wp\/v2\/tags?post=12417"}],"curies":[{"name":"wp","href":"https:\/\/api.w.org\/{rel}","templated":true}]}}