{"id":12566,"date":"2020-02-19T08:34:20","date_gmt":"2020-02-19T07:34:20","guid":{"rendered":"https:\/\/www.euroakademie.de\/magazin\/?p=12566"},"modified":"2024-12-05T10:21:06","modified_gmt":"2024-12-05T09:21:06","slug":"irgendwas-mit-kindern","status":"publish","type":"post","link":"https:\/\/www.euroakademie.de\/magazin\/irgendwas-mit-kindern\/","title":{"rendered":"\ufeffIrgendwas mit\u2026 Kindern"},"content":{"rendered":"<p><![CDATA[\n<\/p>\n\n\n<\/p>\n\n\n<p><strong>Als Kind hatten wir alle noch eine sehr konkrete Vorstellung davon, welchen Beruf wir als<br>Erwachsene*r mal aus\u00fcben w\u00fcrden: Polizist, G\u00e4rtnerin, Feuerwehrfrau oder<br>einfach Prinz. Dann kam uns irgendwas dazwischen \u2013 vielleicht die Pubert\u00e4t \u2013<br>und die Berufsw\u00fcnsche wurden schwammiger: Irgendwas mit Kindern, irgendwas mit<br>Medizin, irgendwas mit Sprachen oder doch lieber irgendwas mit Sport. Wenn Sie<br>auch kurz vor dem Schulabschluss stehen und nur so ungef\u00e4hr wissen, womit Sie<br>k\u00fcnftig Ihr Geld verdienen und \u2013 noch wichtiger \u2013 den Gro\u00dfteil Ihrer Zeit<br>verbringen wollen, kommt unsere neue Serie gerade richtig. In den kommenden<br>vier Wochen nehmen wir die genannten Bereiche unter die Lupe und stellen Ihnen<br>spannende Berufsbilder daraus vor.<\/strong><\/p>\n\n\n\n<p>Sie haben sich schon fr\u00fcher liebevoll um Ihre Puppenfamilie\ngek\u00fcmmert? Und auch, wenn das Wickeln Ihrer j\u00fcngeren Geschwister anstand, haben\nSie nie die Nase ger\u00fcmpft? Ihre Cousine, die im Rollstuhl sitzt, war Ihre\nliebste Spielkameradin und Sie unterst\u00fctzen sie noch heute bei Beh\u00f6rdeng\u00e4ngen? Kinderl\u00e4rm\nist Gesang in Ihren Ohren? Wenn Sie jetzt mindestens einmal innerlich \u201eJa\u201c geschrien\nhaben, dann ist \u201eirgendwas mit Kindern\u201c genau das Richtige f\u00fcr Sie. Denn Sie\nhaben nicht nur eine soziale Ader, sondern auch p\u00e4dagogisches Geschick. Diese\nTalente k\u00f6nnen Sie in ganz verschiedenen Berufen gut gebrauchen.<\/p>\n\n\n\n<h2 class=\"wp-block-heading\">Erzieher*innen pr\u00e4gen unsere Gesellschaft<\/h2>\n\n\n\n<p><a rel=\"noreferrer noopener\" aria-label=\"Erzieher*innen (\u00f6ffnet in neuem Tab)\" href=\"https:\/\/www.euroakademie.de\/ausbildung\/paedagogik-soziales\/erzieher.html\" target=\"_blank\">Erzieher*innen<\/a> betreuen unsere Kleinsten. Sie \u00fcbernehmen Verantwortung f\u00fcr die n\u00e4chste Generation, pr\u00e4gen diese bewusst, indem sie \u201eerziehen\u201c und unbewusst, indem sie als Vorbild agieren. Deshalb ist es wichtig, dass Sie als Erzieher*in selbst eine stabile Pers\u00f6nlichkeit vorweisen und den Kindern F\u00fchrung und Halt geben k\u00f6nnen. Au\u00dferdem sollten Sie musische F\u00e4higkeiten besitzen, am besten sogar ein Instrument beherrschen oder zumindest ein bisschen kreativ sein. Doch Erzieher*innen machen mehr als mit den Kleinen zu basteln. Wenn Sie auf der Suche nach einer abwechslungsreichen Ausbildung sind, die Ihnen nach erfolgreichem Abschluss den Zugang zu einer facettenreichen Berufswelt er\u00f6ffnet, m\u00fcssen Sie vielleicht gar nicht mehr weitersuchen. Denn Erzieher*innen werden nicht nur in Kinderg\u00e4rten und Kitas, sondern sowohl in der vorschulischen Bildung oder der Ganztagsbetreuung als auch in der Jugendarbeit oder Heimerziehung eingesetzt \u2013 die Arbeitsfelder sind vielf\u00e4ltig. Weitere Arbeitsbereiche k\u00f6nnen au\u00dferdem Familien- oder Suchtberatungsstellen sein. Sie sind sich nicht sicher, ob Erzieher*in der richtige Beruf f\u00fcr Sie ist? An der Euro Akademie Altenburg gibt es einen <a href=\"https:\/\/www.euroakademie.de\/standorte\/altenburg\/termine\/termin-detail.html?tx_cal_controller[view]=event&amp;tx_cal_controller[type]=tx_cal_phpicalendar&amp;tx_cal_controller[uid]=1776&amp;tx_cal_controller[year]=2020&amp;tx_cal_controller[month]=02&amp;tx_cal_controller[day]=27&amp;cHash=c751c78419155ae1159f9d7945bc74ef\" target=\"_blank\" rel=\"noreferrer noopener\" aria-label=\"Eignungstest (\u00f6ffnet in neuem Tab)\">Eignungstest<\/a>, der Ihnen Ihre Unsicherheit nimmt. <\/p>\n\n\n\n<h2 class=\"wp-block-heading\">Heilerziehungspfleger*innen entdecken Talente<\/h2>\n\n\n\n<p>Insbesondere im Beruf des*der <a rel=\"noreferrer noopener\" aria-label=\"Heilerziehungspfleger*in (\u00f6ffnet in neuem Tab)\" href=\"https:\/\/www.euroakademie.de\/de\/ausbildung\/paedagogik-soziales\/heilerziehungspfleger.html\" target=\"_blank\">Heilerziehungspfleger*in<\/a> sind musische und soziale F\u00e4higkeiten gefragt. Heilerziehungspfleger*innen k\u00fcmmern sich um Menschen mit Behinderungen und besonderen Anforderungen. Dabei steht nicht nur die Pflege im Mittelpunkt. Wie alle anderen Menschen auch haben Menschen mit Behinderungen Talente und Interessen, die gef\u00f6rdert werden wollen. Die einen lieben es zu tanzen, die anderen m\u00f6gen Holzarbeiten oder t\u00f6pfern gerne. Deshalb ist es wichtig, dass auch ihre Betreuungskr\u00e4fte Hobbies haben, die sie in den Alltag im Wohnheim einbringen k\u00f6nnen. Wer selbst mit Hingabe Gitarre spielt, kann andere begeistern, mitrei\u00dfen und sie in diesem Fach unterrichten. M\u00f6gliche Einsatzorte f\u00fcr staatlich anerkannte Fachkr\u00e4fte sind Tagesst\u00e4tten, Wohn- oder Pflegeheime, Kliniken, ambulanten Dienste, F\u00f6rderschulen oder Kinderg\u00e4rten. Dort ist oft Schichtarbeit n\u00f6tig, die manchmal schlauchen kann. Aber die meisten <a href=\"https:\/\/www.euroakademie.de\/magazin\/heilerziehungspfleger-kreativer-beruf-der-freude-macht\/\" target=\"_blank\" rel=\"noreferrer noopener\" aria-label=\"Heilerziehungspfleger*innen lieben ihren Beruf (\u00f6ffnet in neuem Tab)\">Heilerziehungspfleger*innen lieben ihren Beruf<\/a>, weil die Arbeit mit besonderen Menschen ihnen besonders viel zur\u00fcckgibt.<\/p>\n\n\n\n<h2 class=\"wp-block-heading\">Kinderpfleger*innen tragen Verantwortung<\/h2>\n\n\n\n<p><a rel=\"noreferrer noopener\" aria-label=\"Kinderpfleger*in (\u00f6ffnet in neuem Tab)\" href=\"https:\/\/www.euroakademie.de\/ausbildung\/paedagogik-soziales\/kinderpfleger.html\" target=\"_blank\">Kinderpfleger*in<\/a> ist kein Job f\u00fcr Kindsk\u00f6pfe. Zwar geh\u00f6rt auch Quatsch machen, Rumalbern und Spa\u00df haben mit den Kleinen dazu, um diese bei Laune zu halten, aber es kommen auch anspruchsvolle und verantwortungsvolle Aufgaben auf die Auszubildenden im Beruf des*r Kinderpfleger*in zu. Ihnen werden sowohl S\u00e4uglinge als auch Jugendliche anvertraut. Das zeigt bereits, wie unterschiedlich die Einsatzfelder in diesem Beruf sein k\u00f6nnen. Obwohl die Berufsbezeichnung das \u201ePflegen\u201c in sich tr\u00e4gt, stehen Kinderpfleger*innen auch Erzieher*innen unterst\u00fctzend zur Seite, um Kinder und Jugendliche in ihrer Entwicklung zu begleiten und zu selbstbewussten, charakterstarken und gl\u00fccklichen Individuen zu machen. In vielen Bundesl\u00e4ndern kann durch die praktische Erfahrung eine anschlie\u00dfende Ausbildung zum*r Erzieher*in verk\u00fcrzt werden. Kinderpfleger*innen arbeiten sowohl elternerg\u00e4nzend als auch elternersetzend. Das Arbeitsumfeld von Kinderpfleger*innen ist \u00e4hnlich dem von Erzieher*innen und Heilerziehungspfleger*innen: Kinderg\u00e4rten und Kita, Kinder- und Jugendheime sowie Wohnheime f\u00fcr Menschen mit Behinderung. In vielen sozialp\u00e4dagogischen Berufen geh\u00f6ren au\u00dferdem auch Privathaushalte zu den m\u00f6glichen Einsatzgebieten. Als Kinderpfleger*in ist es beispielsweise auch m\u00f6glich, innerhalb einer Familie als Betreuer*in zu arbeiten. \u00dcbrigens geh\u00f6rt der Beruf Kinderpfleger*in zu den <a href=\"https:\/\/www.euroakademie.de\/magazin\/in-diesen-sozialen-berufen-starten-sie-auch-mit-hauptschulabschluss-durch\/\" target=\"_blank\" rel=\"noreferrer noopener\" aria-label=\"Ausbildungsberufen, die Sie auch mit einem Hauptschulabschluss beginnen k\u00f6nnen (\u00f6ffnet in neuem Tab)\">Ausbildungsberufen, die Sie auch mit einem Hauptschulabschluss beginnen k\u00f6nnen<\/a>.<\/p>\n\n\n\n<h2 class=\"wp-block-heading\">Auch Assistieren will gelernt sein<\/h2>\n\n\n\n<p>Weitere spannende Berufsbilder mit niedrigschwelligem Zugang im Bereich P\u00e4dagogik und Soziales sind die des*r Sozialassistent*in und des*r Sozialp\u00e4dagogischen Assistent*in. <a rel=\"noreferrer noopener\" aria-label=\"Sozialassistent*innen (\u00f6ffnet in neuem Tab)\" href=\"https:\/\/www.euroakademie.de\/ausbildung\/paedagogik-soziales\/sozialassistent.html\" target=\"_blank\">Sozialassistent*innen<\/a> erlangen w\u00e4hrend ihrer Ausbildung Grundkenntnisse in den Arbeitsfeldern Kinder- und Jugendhilfe, Behindertenhilfe und Pflege und unterst\u00fctzen Eltern, Erzieher*innen und Sozialp\u00e4dagog*innen bei der Erziehung und Betreuung von Kindern und Jugendlichen. Sie gestalten mit ihnen gemeinsam den Alltag, entwickeln unter Begleitung der Fachkraft p\u00e4dagogische Angebote f\u00fcr Kinder und Jugendliche und \u00fcbernehmen hauswirtschaftliche Aufgaben. Als Sozialassistent*in kann man sich jedoch auch im Bereich Kranken- und Altenpflege spezialisieren. Anders ist es beim*bei der <a href=\"https:\/\/www.euroakademie.de\/ausbildung\/paedagogik-soziales\/sozialpaedagogischer-assistent.html\" target=\"_blank\" rel=\"noreferrer noopener\" aria-label=\"Sozialp\u00e4dagogischen Assistent*in (\u00f6ffnet in neuem Tab)\">Sozialp\u00e4dagogischen Assistent*in<\/a> \u2013 eine Ausbildung, die aktuell nur an der Euro Akademie Hamburg angeboten wird. Hier steht das Kind im Mittelpunkt. Zusammen mit p\u00e4dagogischen Fachkr\u00e4ften \u00fcbernehmen die Assistent*innen Aufgaben der Betreuung, Bildung und Erziehung, sei es in Kinderg\u00e4rten und Kitas oder in Einrichtung der offenen Kinder- und Jugendarbeit.<\/p>\n\n\n\n<h2 class=\"wp-block-heading\">Pflegefachm\u00e4nner*frauen versorgen kranke Kinder<\/h2>\n\n\n\n<p>Aber nicht nur im p\u00e4dagogischen Bereich k\u00f6nnen Sie mit Kindern arbeiten. Auch der Bereich Gesundheit und Pflege bietet sich f\u00fcr kinderliebe Menschen an. Man k\u00f6nnte vermuten, dass die generalistische Ausbildung zum*r <a rel=\"noreferrer noopener\" label=\"Pflegefachmann*frau (\u00f6ffnet in neuem Tab)\" href=\"https:\/\/www.euroakademie.de\/bildungsangebote\/gesundheit-pflege\" target=\"_blank\">Pflegefachmann*frau<\/a> eine Spezialisierung auf den p\u00e4diatrischen Bereich unm\u00f6glich gemacht hat. <a rel=\"noreferrer noopener\" aria-label=\"Das ist aber keineswegs der Fall (\u00f6ffnet in neuem Tab)\" href=\"https:\/\/www.euroakademie.de\/magazin\/generalistische-pflegeausbildung\/\" target=\"_blank\">Das ist aber keineswegs der Fall<\/a>. Angehende Auszubildende, die ihre Freude am Umgang mit Kindern mit medizinischem Knowhow verkn\u00fcpfen m\u00f6chten, sind in der zun\u00e4chst allgemein angelegten Ausbildung goldrichtig. Nach der Zwischenpr\u00fcfung, die am Ende des zweiten Ausbildungsjahres stattfindet, kann man sich entscheiden: Alle, die nicht die allgemeine Ausbildung fortf\u00fchren wollen, k\u00f6nnen eine einj\u00e4hrige Vertiefungsphase w\u00e4hlen \u2013 entweder zum*r Altenpfleger*in oder zum*r Gesundheits- und Kinderkrankenpfleger*in. Die Ausbildung zum*r Pflegefachmann*frau k\u00f6nnen Sie deutschlandweit an zw\u00f6lf Standorten absolvieren und damit sp\u00e4ter problemlos auch im Ausland arbeiten. Denn der vereinheitlichte Berufsabschluss ist EU-weit anerkannt.<\/p>\n\n\n\n<p>Sie haben Gefallen an einer Ausbildung mit medizinischem Hintergrund gefunden, aber der*die Pflegefachmann*frau ist es einfach nicht? Noch ist ihre Vorstellung ziemlich schwammig? Dann schauen Sie n\u00e4chste Woche wieder rein, wenn es hei\u00dft: <strong><a rel=\"noreferrer noopener\" aria-label=\" (\u00f6ffnet in neuem Tab)\" href=\"https:\/\/www.euroakademie.de\/magazin\/irgendwas-mit-medizin\/\" target=\"_blank\">Irgendwas\u2026 mit Medizin<\/a><\/strong>.<\/p>\n\n\n\n<div class=\"wp-block-buttons is-layout-flex wp-block-buttons-is-layout-flex\">\n<div class=\"wp-block-button\"><a class=\"wp-block-button__link wp-element-button\" href=\"https:\/\/www.euroakademie.de\/bildungsangebote\" style=\"padding-top:var(--wp--preset--spacing--40);padding-right:var(--wp--preset--spacing--30);padding-bottom:var(--wp--preset--spacing--40);padding-left:var(--wp--preset--spacing--30)\">Sieh dir unser komplettes Ausbildungsangebot an<\/a><\/div>\n<\/div>\n\n\n\n<p><em>Bildquelle Beitragsbild: \u00a9 Fh Photo\/shutterstock.com<\/em><\/p>\n","protected":false},"excerpt":{"rendered":"<p>\t\t\t\t<![CDATA[An den kommenden Mittwochen machen wir aus Ihren schwammigen Ideen konkrete Berufsw\u00fcnsche. Sie wollen \"irgendwas mit Kindern\" machen? Lesen Sie weiter!]]>\t\t<\/p>\n","protected":false},"author":79,"featured_media":12568,"comment_status":"closed","ping_status":"closed","sticky":false,"template":"","format":"standard","meta":{"footnotes":""},"categories":[67],"tags":[703,2587,3586,3895,4489,4531,6409,7657],"class_list":{"0":"post-12566","1":"post","2":"type-post","3":"status-publish","4":"format-standard","5":"has-post-thumbnail","7":"category-ausbildung-des-monats","8":"tag-assistent","9":"tag-erzieher","10":"tag-gesundheit","11":"tag-heilerziehungspfleger","12":"tag-kinder","13":"tag-kinderpfleger","14":"tag-pflegefachmann","15":"tag-soziales"},"yoast_head":"<!-- This site is optimized with the Yoast SEO plugin v23.5 - https:\/\/yoast.com\/wordpress\/plugins\/seo\/ -->\n<title>\ufeffIrgendwas mit\u2026 Kindern - Das Euro Akademie Magazin<\/title>\n<meta name=\"description\" content=\"An den kommenden Mittwochen machen wir aus Ihren schwammigen Ideen konkrete Berufsw\u00fcnsche. Sie wollen &quot;irgendwas mit Kindern&quot; machen? Lesen Sie weiter!\" \/>\n<meta name=\"robots\" content=\"index, follow, max-snippet:-1, max-image-preview:large, max-video-preview:-1\" \/>\n<link rel=\"canonical\" href=\"https:\/\/www.euroakademie.de\/magazin\/irgendwas-mit-kindern\/\" \/>\n<meta property=\"og:locale\" content=\"de_DE\" \/>\n<meta property=\"og:type\" content=\"article\" \/>\n<meta property=\"og:title\" content=\"\ufeffIrgendwas mit\u2026 Kindern - Das Euro Akademie Magazin\" \/>\n<meta property=\"og:description\" content=\"An den kommenden Mittwochen machen wir aus Ihren schwammigen Ideen konkrete Berufsw\u00fcnsche. Sie wollen &quot;irgendwas mit Kindern&quot; machen? Lesen Sie weiter!\" \/>\n<meta property=\"og:url\" content=\"https:\/\/www.euroakademie.de\/magazin\/irgendwas-mit-kindern\/\" \/>\n<meta property=\"og:site_name\" content=\"Das Euro Akademie Magazin\" \/>\n<meta property=\"article:published_time\" content=\"2020-02-19T07:34:20+00:00\" \/>\n<meta property=\"article:modified_time\" content=\"2024-12-05T09:21:06+00:00\" \/>\n<meta property=\"og:image\" content=\"https:\/\/www.euroakademie.de\/magazin\/wp-content\/uploads\/2020\/02\/shutterstock_1138264499_702x336-web.jpg\" \/>\n\t<meta property=\"og:image:width\" content=\"702\" \/>\n\t<meta property=\"og:image:height\" content=\"336\" \/>\n\t<meta property=\"og:image:type\" content=\"image\/jpeg\" \/>\n<meta name=\"author\" content=\"Nadine Elbert\" \/>\n<meta name=\"twitter:card\" content=\"summary_large_image\" \/>\n<meta name=\"twitter:label1\" content=\"Verfasst von\" \/>\n\t<meta name=\"twitter:data1\" content=\"Nadine Elbert\" \/>\n\t<meta name=\"twitter:label2\" content=\"Gesch\u00e4tzte Lesezeit\" \/>\n\t<meta name=\"twitter:data2\" content=\"1\u00a0Minute\" \/>\n<script type=\"application\/ld+json\" class=\"yoast-schema-graph\">{\"@context\":\"https:\/\/schema.org\",\"@graph\":[{\"@type\":\"Article\",\"@id\":\"https:\/\/www.euroakademie.de\/magazin\/irgendwas-mit-kindern\/#article\",\"isPartOf\":{\"@id\":\"https:\/\/www.euroakademie.de\/magazin\/irgendwas-mit-kindern\/\"},\"author\":{\"name\":\"Nadine Elbert\",\"@id\":\"https:\/\/www.euroakademie.de\/magazin\/#\/schema\/person\/6927904de5cedfa8765d9b35681ccb28\"},\"headline\":\"\ufeffIrgendwas mit\u2026 Kindern\",\"datePublished\":\"2020-02-19T07:34:20+00:00\",\"dateModified\":\"2024-12-05T09:21:06+00:00\",\"mainEntityOfPage\":{\"@id\":\"https:\/\/www.euroakademie.de\/magazin\/irgendwas-mit-kindern\/\"},\"wordCount\":1161,\"publisher\":{\"@id\":\"https:\/\/www.euroakademie.de\/magazin\/#organization\"},\"image\":{\"@id\":\"https:\/\/www.euroakademie.de\/magazin\/irgendwas-mit-kindern\/#primaryimage\"},\"thumbnailUrl\":\"https:\/\/www.euroakademie.de\/magazin\/wp-content\/uploads\/2020\/02\/shutterstock_1138264499_702x336-web.jpg\",\"keywords\":[\"Assistent\",\"Erzieher\",\"Gesundheit\",\"Heilerziehungspfleger\",\"Kinder\",\"Kinderpfleger\",\"Pflegefachmann\",\"Soziales\"],\"articleSection\":[\"Ausbildungen im Portrait\"],\"inLanguage\":\"de\"},{\"@type\":\"WebPage\",\"@id\":\"https:\/\/www.euroakademie.de\/magazin\/irgendwas-mit-kindern\/\",\"url\":\"https:\/\/www.euroakademie.de\/magazin\/irgendwas-mit-kindern\/\",\"name\":\"\ufeffIrgendwas mit\u2026 Kindern - Das Euro Akademie Magazin\",\"isPartOf\":{\"@id\":\"https:\/\/www.euroakademie.de\/magazin\/#website\"},\"primaryImageOfPage\":{\"@id\":\"https:\/\/www.euroakademie.de\/magazin\/irgendwas-mit-kindern\/#primaryimage\"},\"image\":{\"@id\":\"https:\/\/www.euroakademie.de\/magazin\/irgendwas-mit-kindern\/#primaryimage\"},\"thumbnailUrl\":\"https:\/\/www.euroakademie.de\/magazin\/wp-content\/uploads\/2020\/02\/shutterstock_1138264499_702x336-web.jpg\",\"datePublished\":\"2020-02-19T07:34:20+00:00\",\"dateModified\":\"2024-12-05T09:21:06+00:00\",\"description\":\"An den kommenden Mittwochen machen wir aus Ihren schwammigen Ideen konkrete Berufsw\u00fcnsche. Sie wollen \\\"irgendwas mit Kindern\\\" machen? Lesen Sie weiter!\",\"breadcrumb\":{\"@id\":\"https:\/\/www.euroakademie.de\/magazin\/irgendwas-mit-kindern\/#breadcrumb\"},\"inLanguage\":\"de\",\"potentialAction\":[{\"@type\":\"ReadAction\",\"target\":[\"https:\/\/www.euroakademie.de\/magazin\/irgendwas-mit-kindern\/\"]}]},{\"@type\":\"ImageObject\",\"inLanguage\":\"de\",\"@id\":\"https:\/\/www.euroakademie.de\/magazin\/irgendwas-mit-kindern\/#primaryimage\",\"url\":\"https:\/\/www.euroakademie.de\/magazin\/wp-content\/uploads\/2020\/02\/shutterstock_1138264499_702x336-web.jpg\",\"contentUrl\":\"https:\/\/www.euroakademie.de\/magazin\/wp-content\/uploads\/2020\/02\/shutterstock_1138264499_702x336-web.jpg\",\"width\":702,\"height\":336,\"caption\":\"\"},{\"@type\":\"BreadcrumbList\",\"@id\":\"https:\/\/www.euroakademie.de\/magazin\/irgendwas-mit-kindern\/#breadcrumb\",\"itemListElement\":[{\"@type\":\"ListItem\",\"position\":1,\"name\":\"Startseite\",\"item\":\"https:\/\/www.euroakademie.de\/magazin\/\"},{\"@type\":\"ListItem\",\"position\":2,\"name\":\"\ufeffIrgendwas mit\u2026 Kindern\"}]},{\"@type\":\"WebSite\",\"@id\":\"https:\/\/www.euroakademie.de\/magazin\/#website\",\"url\":\"https:\/\/www.euroakademie.de\/magazin\/\",\"name\":\"Das Euro Akademie Magazin\",\"description\":\"Gut informiert durch Ausbildung und Studium\",\"publisher\":{\"@id\":\"https:\/\/www.euroakademie.de\/magazin\/#organization\"},\"potentialAction\":[{\"@type\":\"SearchAction\",\"target\":{\"@type\":\"EntryPoint\",\"urlTemplate\":\"https:\/\/www.euroakademie.de\/magazin\/?s={search_term_string}\"},\"query-input\":{\"@type\":\"PropertyValueSpecification\",\"valueRequired\":true,\"valueName\":\"search_term_string\"}}],\"inLanguage\":\"de\"},{\"@type\":\"Organization\",\"@id\":\"https:\/\/www.euroakademie.de\/magazin\/#organization\",\"name\":\"ESO Education Group\",\"url\":\"https:\/\/www.euroakademie.de\/magazin\/\",\"logo\":{\"@type\":\"ImageObject\",\"inLanguage\":\"de\",\"@id\":\"https:\/\/www.euroakademie.de\/magazin\/#\/schema\/logo\/image\/\",\"url\":\"https:\/\/relaunch.euroakademie.de\/magazin\/wp-content\/uploads\/2024\/11\/Logo_EA_negativ_Rahmen_5cm_300dpi_RGB.jpg\",\"contentUrl\":\"https:\/\/relaunch.euroakademie.de\/magazin\/wp-content\/uploads\/2024\/11\/Logo_EA_negativ_Rahmen_5cm_300dpi_RGB.jpg\",\"width\":591,\"height\":236,\"caption\":\"ESO Education Group\"},\"image\":{\"@id\":\"https:\/\/www.euroakademie.de\/magazin\/#\/schema\/logo\/image\/\"}},{\"@type\":\"Person\",\"@id\":\"https:\/\/www.euroakademie.de\/magazin\/#\/schema\/person\/6927904de5cedfa8765d9b35681ccb28\",\"name\":\"Nadine Elbert\",\"description\":\"Von Sommer 2019 bis Herbst 2025 schrieb Nadine Elbert hier im Wechsel \u00fcber Themen aus den Bereichen Ausbildung, Studium und Beruf \u2013 und sch\u00f6pfte dabei auch aus ihrem reichhaltigen pers\u00f6nlichen Erfahrungsschatz.\",\"url\":\"https:\/\/www.euroakademie.de\/magazin\/author\/nadine-elbert\/\"}]}<\/script>\n<!-- \/ Yoast SEO plugin. -->","yoast_head_json":{"title":"\ufeffIrgendwas mit\u2026 Kindern - Das Euro Akademie Magazin","description":"An den kommenden Mittwochen machen wir aus Ihren schwammigen Ideen konkrete Berufsw\u00fcnsche. Sie wollen \"irgendwas mit Kindern\" machen? Lesen Sie weiter!","robots":{"index":"index","follow":"follow","max-snippet":"max-snippet:-1","max-image-preview":"max-image-preview:large","max-video-preview":"max-video-preview:-1"},"canonical":"https:\/\/www.euroakademie.de\/magazin\/irgendwas-mit-kindern\/","og_locale":"de_DE","og_type":"article","og_title":"\ufeffIrgendwas mit\u2026 Kindern - Das Euro Akademie Magazin","og_description":"An den kommenden Mittwochen machen wir aus Ihren schwammigen Ideen konkrete Berufsw\u00fcnsche. Sie wollen \"irgendwas mit Kindern\" machen? Lesen Sie weiter!","og_url":"https:\/\/www.euroakademie.de\/magazin\/irgendwas-mit-kindern\/","og_site_name":"Das Euro Akademie Magazin","article_published_time":"2020-02-19T07:34:20+00:00","article_modified_time":"2024-12-05T09:21:06+00:00","og_image":[{"width":702,"height":336,"url":"https:\/\/www.euroakademie.de\/magazin\/wp-content\/uploads\/2020\/02\/shutterstock_1138264499_702x336-web.jpg","type":"image\/jpeg"}],"author":"Nadine Elbert","twitter_card":"summary_large_image","twitter_misc":{"Verfasst von":"Nadine Elbert","Gesch\u00e4tzte Lesezeit":"1\u00a0Minute"},"schema":{"@context":"https:\/\/schema.org","@graph":[{"@type":"Article","@id":"https:\/\/www.euroakademie.de\/magazin\/irgendwas-mit-kindern\/#article","isPartOf":{"@id":"https:\/\/www.euroakademie.de\/magazin\/irgendwas-mit-kindern\/"},"author":{"name":"Nadine Elbert","@id":"https:\/\/www.euroakademie.de\/magazin\/#\/schema\/person\/6927904de5cedfa8765d9b35681ccb28"},"headline":"\ufeffIrgendwas mit\u2026 Kindern","datePublished":"2020-02-19T07:34:20+00:00","dateModified":"2024-12-05T09:21:06+00:00","mainEntityOfPage":{"@id":"https:\/\/www.euroakademie.de\/magazin\/irgendwas-mit-kindern\/"},"wordCount":1161,"publisher":{"@id":"https:\/\/www.euroakademie.de\/magazin\/#organization"},"image":{"@id":"https:\/\/www.euroakademie.de\/magazin\/irgendwas-mit-kindern\/#primaryimage"},"thumbnailUrl":"https:\/\/www.euroakademie.de\/magazin\/wp-content\/uploads\/2020\/02\/shutterstock_1138264499_702x336-web.jpg","keywords":["Assistent","Erzieher","Gesundheit","Heilerziehungspfleger","Kinder","Kinderpfleger","Pflegefachmann","Soziales"],"articleSection":["Ausbildungen im Portrait"],"inLanguage":"de"},{"@type":"WebPage","@id":"https:\/\/www.euroakademie.de\/magazin\/irgendwas-mit-kindern\/","url":"https:\/\/www.euroakademie.de\/magazin\/irgendwas-mit-kindern\/","name":"\ufeffIrgendwas mit\u2026 Kindern - Das Euro Akademie Magazin","isPartOf":{"@id":"https:\/\/www.euroakademie.de\/magazin\/#website"},"primaryImageOfPage":{"@id":"https:\/\/www.euroakademie.de\/magazin\/irgendwas-mit-kindern\/#primaryimage"},"image":{"@id":"https:\/\/www.euroakademie.de\/magazin\/irgendwas-mit-kindern\/#primaryimage"},"thumbnailUrl":"https:\/\/www.euroakademie.de\/magazin\/wp-content\/uploads\/2020\/02\/shutterstock_1138264499_702x336-web.jpg","datePublished":"2020-02-19T07:34:20+00:00","dateModified":"2024-12-05T09:21:06+00:00","description":"An den kommenden Mittwochen machen wir aus Ihren schwammigen Ideen konkrete Berufsw\u00fcnsche. Sie wollen \"irgendwas mit Kindern\" machen? Lesen Sie weiter!","breadcrumb":{"@id":"https:\/\/www.euroakademie.de\/magazin\/irgendwas-mit-kindern\/#breadcrumb"},"inLanguage":"de","potentialAction":[{"@type":"ReadAction","target":["https:\/\/www.euroakademie.de\/magazin\/irgendwas-mit-kindern\/"]}]},{"@type":"ImageObject","inLanguage":"de","@id":"https:\/\/www.euroakademie.de\/magazin\/irgendwas-mit-kindern\/#primaryimage","url":"https:\/\/www.euroakademie.de\/magazin\/wp-content\/uploads\/2020\/02\/shutterstock_1138264499_702x336-web.jpg","contentUrl":"https:\/\/www.euroakademie.de\/magazin\/wp-content\/uploads\/2020\/02\/shutterstock_1138264499_702x336-web.jpg","width":702,"height":336,"caption":""},{"@type":"BreadcrumbList","@id":"https:\/\/www.euroakademie.de\/magazin\/irgendwas-mit-kindern\/#breadcrumb","itemListElement":[{"@type":"ListItem","position":1,"name":"Startseite","item":"https:\/\/www.euroakademie.de\/magazin\/"},{"@type":"ListItem","position":2,"name":"\ufeffIrgendwas mit\u2026 Kindern"}]},{"@type":"WebSite","@id":"https:\/\/www.euroakademie.de\/magazin\/#website","url":"https:\/\/www.euroakademie.de\/magazin\/","name":"Das Euro Akademie Magazin","description":"Gut informiert durch Ausbildung und Studium","publisher":{"@id":"https:\/\/www.euroakademie.de\/magazin\/#organization"},"potentialAction":[{"@type":"SearchAction","target":{"@type":"EntryPoint","urlTemplate":"https:\/\/www.euroakademie.de\/magazin\/?s={search_term_string}"},"query-input":{"@type":"PropertyValueSpecification","valueRequired":true,"valueName":"search_term_string"}}],"inLanguage":"de"},{"@type":"Organization","@id":"https:\/\/www.euroakademie.de\/magazin\/#organization","name":"ESO Education Group","url":"https:\/\/www.euroakademie.de\/magazin\/","logo":{"@type":"ImageObject","inLanguage":"de","@id":"https:\/\/www.euroakademie.de\/magazin\/#\/schema\/logo\/image\/","url":"https:\/\/relaunch.euroakademie.de\/magazin\/wp-content\/uploads\/2024\/11\/Logo_EA_negativ_Rahmen_5cm_300dpi_RGB.jpg","contentUrl":"https:\/\/relaunch.euroakademie.de\/magazin\/wp-content\/uploads\/2024\/11\/Logo_EA_negativ_Rahmen_5cm_300dpi_RGB.jpg","width":591,"height":236,"caption":"ESO Education Group"},"image":{"@id":"https:\/\/www.euroakademie.de\/magazin\/#\/schema\/logo\/image\/"}},{"@type":"Person","@id":"https:\/\/www.euroakademie.de\/magazin\/#\/schema\/person\/6927904de5cedfa8765d9b35681ccb28","name":"Nadine Elbert","description":"Von Sommer 2019 bis Herbst 2025 schrieb Nadine Elbert hier im Wechsel \u00fcber Themen aus den Bereichen Ausbildung, Studium und Beruf \u2013 und sch\u00f6pfte dabei auch aus ihrem reichhaltigen pers\u00f6nlichen Erfahrungsschatz.","url":"https:\/\/www.euroakademie.de\/magazin\/author\/nadine-elbert\/"}]}},"_links":{"self":[{"href":"https:\/\/www.euroakademie.de\/magazin\/wp-json\/wp\/v2\/posts\/12566","targetHints":{"allow":["GET"]}}],"collection":[{"href":"https:\/\/www.euroakademie.de\/magazin\/wp-json\/wp\/v2\/posts"}],"about":[{"href":"https:\/\/www.euroakademie.de\/magazin\/wp-json\/wp\/v2\/types\/post"}],"author":[{"embeddable":true,"href":"https:\/\/www.euroakademie.de\/magazin\/wp-json\/wp\/v2\/users\/79"}],"replies":[{"embeddable":true,"href":"https:\/\/www.euroakademie.de\/magazin\/wp-json\/wp\/v2\/comments?post=12566"}],"version-history":[{"count":3,"href":"https:\/\/www.euroakademie.de\/magazin\/wp-json\/wp\/v2\/posts\/12566\/revisions"}],"predecessor-version":[{"id":25887,"href":"https:\/\/www.euroakademie.de\/magazin\/wp-json\/wp\/v2\/posts\/12566\/revisions\/25887"}],"wp:featuredmedia":[{"embeddable":true,"href":"https:\/\/www.euroakademie.de\/magazin\/wp-json\/wp\/v2\/media\/12568"}],"wp:attachment":[{"href":"https:\/\/www.euroakademie.de\/magazin\/wp-json\/wp\/v2\/media?parent=12566"}],"wp:term":[{"taxonomy":"category","embeddable":true,"href":"https:\/\/www.euroakademie.de\/magazin\/wp-json\/wp\/v2\/categories?post=12566"},{"taxonomy":"post_tag","embeddable":true,"href":"https:\/\/www.euroakademie.de\/magazin\/wp-json\/wp\/v2\/tags?post=12566"}],"curies":[{"name":"wp","href":"https:\/\/api.w.org\/{rel}","templated":true}]}}