{"id":12670,"date":"2020-03-09T08:00:03","date_gmt":"2020-03-09T07:00:03","guid":{"rendered":"https:\/\/www.euroakademie.de\/magazin\/?p=12670"},"modified":"2024-12-05T10:12:09","modified_gmt":"2024-12-05T09:12:09","slug":"woher-kommt-der-rassismus","status":"publish","type":"post","link":"https:\/\/www.euroakademie.de\/magazin\/woher-kommt-der-rassismus\/","title":{"rendered":"Woher kommt der Rassismus?"},"content":{"rendered":"<p><![CDATA[\n<\/p>\n\n\n<\/p>\n\n\n<p><strong>Sind Sie Rassist*in? Diese Frage werden die meisten wahrscheinlich verneinen. Schlie\u00dflich stammt Ihre beste Freundin doch aus Kenia, Sie unterhalten sich ja jeden Tag nett mit dem Syrer aus der Wohnung gegen\u00fcber und Sie essen gerne D\u00f6ner. Aber haben Sie eine Person anderer Hautfarbe schon einmal gefragt, wo sie denn herkommt (und nicht mit der Antwort \u201eNa, aus Bielefeld\u201c gerechnet)? Haben Sie sich insgeheim \u00fcber die vielen Ausl\u00e4nder*innen in der U-Bahn gewundert? Bestehen Sie auf Ihren Mohrenkopf und Ihr Zigeunerschnitzel (\u201eDas wird man ja wohl noch sagen d\u00fcrfen!\u201c)? Haben Sie schon einmal die Stra\u00dfenseite gewechselt, als Ihnen eine Gruppe junger Migranten entgegenkam? H\u00e4tten Sie das auch bei wei\u00dfen M\u00e4nnern getan? <\/strong><\/p>\n\n\n\n<p>Es soll hier nicht um rechten Terror gehen, um Menschen, die ihre Mitb\u00fcrger*innen ermorden, nur weil diese anders aussehen. Aber wir leben in einem Land, in dem mehr als 12 Prozent eine Partei w\u00e4hlen, die sich \u201eMehr Kinder statt Masseneinwanderung\u201c, \u201eDeutsche Leitkultur statt Multikulturalismus\u201c und \u201eDer Islam geh\u00f6rt nicht zu Deutschland\u201c ins Grundsatzprogramm geschrieben hat. Allein das sollte uns Anlass geben, die eigenen Motive und Werte zu hinterfragen. Habe ich Vorurteile \u2013 bewusst oder unbewusst? <\/p>\n\n\n\n<h2 class=\"wp-block-heading\"><strong>Der Alltagsrassismus &nbsp;&nbsp;<\/strong><\/h2>\n\n\n\n<p>Eigentlich sollte dieser Artikel nicht zu politisch werden \u2013 trotzdem muss ich hier unsere Bundeskanzlerin Angela Merkel erw\u00e4hnen, die nach dem Integrationsgipfel im M\u00e4rz 2020 den <a href=\"https:\/\/twitter.com\/RegSprecher\/status\/1234521286958821377?s=20\" target=\"_blank\" rel=\"noreferrer noopener\" aria-label=\" (\u00f6ffnet in neuem Tab)\">allt\u00e4glichen Rassismus in den Deutschland beschrieb<\/a>: \u201eMuss jemand in Deutschland, der schwarz ist, immer beweisen, dass er integriert ist? Oder ist er per se nicht integriert, weil er zu einer Minderheit geh\u00f6rt in der Hautfarbe? [\u2026] Und immer ist die erste Frage: Wo kommst&#8217;n du eigentlich her?\u201c Sie selbst habe in der vierten Generation einen Migrationshintergrund. Trotzdem frage sie keiner, ob sie denn integriert sei \u2013 aufgrund ihrer wei\u00dfen Hautfarbe. <\/p>\n\n\n\n<p>Tats\u00e4chlich sind People of Color in ihrem Alltag in Deutschland oft mit Rassismus konfrontiert. Das kann die Frage nach der \u201erichtigen\u201c Heimat sein, selbst, wenn die Familie schon seit Generationen in Deutschland lebt. Sicher steckt dahinter oft ernsthaftes Interesse, aber die Frage impliziert auch, dass Menschen anderer Hautfarbe nie wirklich nach Deutschland geh\u00f6ren \u2013 ihre Heimat muss woanders sein. Es sind auch die vermeintlichen Komplimente \u00e0 la \u201eDu sprichst aber gut Deutsch\u201c, die abwertenden Blicke in der U-Bahn oder rassistische Darstellungen in den Medien, die People of Color in ihrem t\u00e4glichen Leben belasten. Und es sind ganz konkrete Probleme: Diskriminierung bei der Suche nach einer Wohnung, einem Job oder einem Ausbildungsplatz zum Beispiel. All das mag den T\u00e4ter*innen gar nicht bewusst sein \u2013 die Betroffenen aber leiden trotzdem darunter.<\/p>\n\n\n\n<h2 class=\"wp-block-heading\"><strong>In jedem steckt ein*e Rassist*in<\/strong><\/h2>\n\n\n\n<p>Es ist also wichtig, das eigene Handeln kritisch zu hinterfragen. Denn jeder von uns hat irgendwelche Vorurteile. Wir tendieren ganz automatisch dazu, die Menschen in verschiedene Gruppen einzuteilen und uns dabei selbst aufzuwerten. Das stiftet Identit\u00e4t und ein Gef\u00fchl von Zusammengeh\u00f6rigkeit. Verst\u00e4rkt werden diese Ressentiments durch unsere Sprache: Fl\u00fcchtlingskrise, Fremdenfeindlichkeit oder Ausl\u00e4nder \u2013 alles W\u00f6rter, die die gef\u00fchlte Spaltung nur verst\u00e4rken. Und auch die Medien tragen ihren Teil bei. Kriminelle Einwanderer*innen sind eben eher eine Meldung wert als friedliche, gut integrierte Migrant*innen, die hier ein ganz normales Leben f\u00fchren. Solche Bilder setzen sich im Kopf fest und pr\u00e4gen unser Weltbild.<\/p>\n\n\n\n<p>Die meisten von uns \u2013 ich z\u00e4hle mich dazu \u2013 entwickeln so unbewusste Vorurteile. Diese lassen sich sogar messen. Der Implizite Assoziationstest (IAT) untersucht die St\u00e4rke der Assoziation zwischen verschiedenen Elementen, zum Beispiel zwischen wei\u00dfer und schwarzer Hautfarbe und positiven und negativen Begriffen. Den Test k\u00f6nnen Sie an der Harvard Universit\u00e4t <a rel=\"noreferrer noopener\" aria-label=\" (\u00f6ffnet in neuem Tab)\" href=\"https:\/\/implicit.harvard.edu\/implicit\/germany\/\" target=\"_blank\">selbst online durchf\u00fchren<\/a>. <\/p>\n\n\n\n<h2 class=\"wp-block-heading\"><strong>Rassismus in der Kita<\/strong><\/h2>\n\n\n\n<p>Wir werden nicht mit diskriminierenden Vorurteilen geboren \u2013\naber wir lernen sehr fr\u00fch, unsere Umwelt in Kategorien einzuteilen. Mann oder\nFrau? Hund oder Katze? Hei\u00df oder kalt? Wir kategorisieren ununterbrochen, ohne\ngro\u00df dar\u00fcber nachzudenken. Doch diese Kategorisierung muss nicht unbedingt\nfunktional und richtig sein. Im Falle von einer Einteilung nach Hautfarbe und\nHerkunft kann sie zu Vorurteilen, Diskriminierung und Hass f\u00fchren. <\/p>\n\n\n\n<p>Vor allem im Vorschulalter entwickeln Kinder ethnische Vorurteile. Deshalb ist es wichtig, dass Eltern und Erzieher*innen in dieser pr\u00e4genden Phase ansetzen und diese <a rel=\"noreferrer noopener\" aria-label=\"Kategorien aufbrechen (\u00f6ffnet in neuem Tab)\" href=\"https:\/\/www.euroakademie.de\/magazin\/toleranz-ist-keine-einbahnstrasse\/\" target=\"_blank\">Kategorien aufbrechen<\/a>, ohne das Kind dabei zu bewerten oder zu verurteilen. Zum Beispiel mit B\u00fcchern und Geschichten, in denen Kinder unterschiedlicher Herkunft ganz selbstverst\u00e4ndlich miteinander Abenteuer erleben. Und ein Mittel wirkt sicher gegen Vorurteile im Kindesalter: Freund*innen. Beim Spielen mit Kindern anderer Hautfarbe verschwinden die Unterschiede im Nu. <\/p>\n\n\n\n<p><em>Bildquelle Beitragsbild: \u00a9 Motortion Films\/shutterstock.com<\/em><\/p>\n","protected":false},"excerpt":{"rendered":"<p>\t\t\t\t<![CDATA[\"Ich bin ja kein Rassist, aber...\" Alltagsrassismus ist in Deutschland allgegenw\u00e4rtig. Wo kommt er her und was k\u00f6nnen wir dagegen tun?]]>\t\t<\/p>\n","protected":false},"author":76,"featured_media":12673,"comment_status":"closed","ping_status":"closed","sticky":false,"template":"","format":"standard","meta":{"footnotes":""},"categories":[118],"tags":[394,6844,8341],"class_list":{"0":"post-12670","1":"post","2":"type-post","3":"status-publish","4":"format-standard","5":"has-post-thumbnail","7":"category-im-fokus","8":"tag-alltagsrassismus","9":"tag-rassismus","10":"tag-toleranz"},"yoast_head":"<!-- This site is optimized with the Yoast SEO plugin v23.5 - https:\/\/yoast.com\/wordpress\/plugins\/seo\/ -->\n<title>Woher kommt der Rassismus? - Das Euro Akademie Magazin<\/title>\n<meta name=\"description\" content=\"&quot;Ich bin ja kein Rassist, aber...&quot; Rassismus im Alltag ist in Deutschland allgegenw\u00e4rtig. Wo kommt er her und was k\u00f6nnen wir dagegen tun?\" \/>\n<meta name=\"robots\" content=\"index, follow, max-snippet:-1, max-image-preview:large, max-video-preview:-1\" \/>\n<link rel=\"canonical\" href=\"https:\/\/www.euroakademie.de\/magazin\/woher-kommt-der-rassismus\/\" \/>\n<meta property=\"og:locale\" content=\"de_DE\" \/>\n<meta property=\"og:type\" content=\"article\" \/>\n<meta property=\"og:title\" content=\"Woher kommt der Rassismus? - Das Euro Akademie Magazin\" \/>\n<meta property=\"og:description\" content=\"&quot;Ich bin ja kein Rassist, aber...&quot; Rassismus im Alltag ist in Deutschland allgegenw\u00e4rtig. Wo kommt er her und was k\u00f6nnen wir dagegen tun?\" \/>\n<meta property=\"og:url\" content=\"https:\/\/www.euroakademie.de\/magazin\/woher-kommt-der-rassismus\/\" \/>\n<meta property=\"og:site_name\" content=\"Das Euro Akademie Magazin\" \/>\n<meta property=\"article:published_time\" content=\"2020-03-09T07:00:03+00:00\" \/>\n<meta property=\"article:modified_time\" content=\"2024-12-05T09:12:09+00:00\" \/>\n<meta property=\"og:image\" content=\"https:\/\/www.euroakademie.de\/magazin\/wp-content\/uploads\/2020\/03\/rassismus.jpg\" \/>\n\t<meta property=\"og:image:width\" content=\"702\" \/>\n\t<meta property=\"og:image:height\" content=\"336\" \/>\n\t<meta property=\"og:image:type\" content=\"image\/jpeg\" \/>\n<meta name=\"author\" content=\"Anna R\u00fcppel\" \/>\n<meta name=\"twitter:card\" content=\"summary_large_image\" \/>\n<meta name=\"twitter:label1\" content=\"Verfasst von\" \/>\n\t<meta name=\"twitter:data1\" content=\"Anna R\u00fcppel\" \/>\n\t<meta name=\"twitter:label2\" content=\"Gesch\u00e4tzte Lesezeit\" \/>\n\t<meta name=\"twitter:data2\" content=\"1\u00a0Minute\" \/>\n<script type=\"application\/ld+json\" class=\"yoast-schema-graph\">{\"@context\":\"https:\/\/schema.org\",\"@graph\":[{\"@type\":\"Article\",\"@id\":\"https:\/\/www.euroakademie.de\/magazin\/woher-kommt-der-rassismus\/#article\",\"isPartOf\":{\"@id\":\"https:\/\/www.euroakademie.de\/magazin\/woher-kommt-der-rassismus\/\"},\"author\":{\"name\":\"Anna R\u00fcppel\",\"@id\":\"https:\/\/www.euroakademie.de\/magazin\/#\/schema\/person\/60fedb6ea7279f88d9086938e970d05e\"},\"headline\":\"Woher kommt der Rassismus?\",\"datePublished\":\"2020-03-09T07:00:03+00:00\",\"dateModified\":\"2024-12-05T09:12:09+00:00\",\"mainEntityOfPage\":{\"@id\":\"https:\/\/www.euroakademie.de\/magazin\/woher-kommt-der-rassismus\/\"},\"wordCount\":761,\"publisher\":{\"@id\":\"https:\/\/www.euroakademie.de\/magazin\/#organization\"},\"image\":{\"@id\":\"https:\/\/www.euroakademie.de\/magazin\/woher-kommt-der-rassismus\/#primaryimage\"},\"thumbnailUrl\":\"https:\/\/www.euroakademie.de\/magazin\/wp-content\/uploads\/2020\/03\/rassismus.jpg\",\"keywords\":[\"Alltagsrassismus\",\"Rassismus\",\"Toleranz\"],\"articleSection\":[\"Im Fokus\"],\"inLanguage\":\"de\"},{\"@type\":\"WebPage\",\"@id\":\"https:\/\/www.euroakademie.de\/magazin\/woher-kommt-der-rassismus\/\",\"url\":\"https:\/\/www.euroakademie.de\/magazin\/woher-kommt-der-rassismus\/\",\"name\":\"Woher kommt der Rassismus? - Das Euro Akademie Magazin\",\"isPartOf\":{\"@id\":\"https:\/\/www.euroakademie.de\/magazin\/#website\"},\"primaryImageOfPage\":{\"@id\":\"https:\/\/www.euroakademie.de\/magazin\/woher-kommt-der-rassismus\/#primaryimage\"},\"image\":{\"@id\":\"https:\/\/www.euroakademie.de\/magazin\/woher-kommt-der-rassismus\/#primaryimage\"},\"thumbnailUrl\":\"https:\/\/www.euroakademie.de\/magazin\/wp-content\/uploads\/2020\/03\/rassismus.jpg\",\"datePublished\":\"2020-03-09T07:00:03+00:00\",\"dateModified\":\"2024-12-05T09:12:09+00:00\",\"description\":\"\\\"Ich bin ja kein Rassist, aber...\\\" Rassismus im Alltag ist in Deutschland allgegenw\u00e4rtig. Wo kommt er her und was k\u00f6nnen wir dagegen tun?\",\"breadcrumb\":{\"@id\":\"https:\/\/www.euroakademie.de\/magazin\/woher-kommt-der-rassismus\/#breadcrumb\"},\"inLanguage\":\"de\",\"potentialAction\":[{\"@type\":\"ReadAction\",\"target\":[\"https:\/\/www.euroakademie.de\/magazin\/woher-kommt-der-rassismus\/\"]}]},{\"@type\":\"ImageObject\",\"inLanguage\":\"de\",\"@id\":\"https:\/\/www.euroakademie.de\/magazin\/woher-kommt-der-rassismus\/#primaryimage\",\"url\":\"https:\/\/www.euroakademie.de\/magazin\/wp-content\/uploads\/2020\/03\/rassismus.jpg\",\"contentUrl\":\"https:\/\/www.euroakademie.de\/magazin\/wp-content\/uploads\/2020\/03\/rassismus.jpg\",\"width\":702,\"height\":336,\"caption\":\"\"},{\"@type\":\"BreadcrumbList\",\"@id\":\"https:\/\/www.euroakademie.de\/magazin\/woher-kommt-der-rassismus\/#breadcrumb\",\"itemListElement\":[{\"@type\":\"ListItem\",\"position\":1,\"name\":\"Startseite\",\"item\":\"https:\/\/www.euroakademie.de\/magazin\/\"},{\"@type\":\"ListItem\",\"position\":2,\"name\":\"Woher kommt der Rassismus?\"}]},{\"@type\":\"WebSite\",\"@id\":\"https:\/\/www.euroakademie.de\/magazin\/#website\",\"url\":\"https:\/\/www.euroakademie.de\/magazin\/\",\"name\":\"Das Euro Akademie Magazin\",\"description\":\"Gut informiert durch Ausbildung und Studium\",\"publisher\":{\"@id\":\"https:\/\/www.euroakademie.de\/magazin\/#organization\"},\"potentialAction\":[{\"@type\":\"SearchAction\",\"target\":{\"@type\":\"EntryPoint\",\"urlTemplate\":\"https:\/\/www.euroakademie.de\/magazin\/?s={search_term_string}\"},\"query-input\":{\"@type\":\"PropertyValueSpecification\",\"valueRequired\":true,\"valueName\":\"search_term_string\"}}],\"inLanguage\":\"de\"},{\"@type\":\"Organization\",\"@id\":\"https:\/\/www.euroakademie.de\/magazin\/#organization\",\"name\":\"ESO Education Group\",\"url\":\"https:\/\/www.euroakademie.de\/magazin\/\",\"logo\":{\"@type\":\"ImageObject\",\"inLanguage\":\"de\",\"@id\":\"https:\/\/www.euroakademie.de\/magazin\/#\/schema\/logo\/image\/\",\"url\":\"https:\/\/relaunch.euroakademie.de\/magazin\/wp-content\/uploads\/2024\/11\/Logo_EA_negativ_Rahmen_5cm_300dpi_RGB.jpg\",\"contentUrl\":\"https:\/\/relaunch.euroakademie.de\/magazin\/wp-content\/uploads\/2024\/11\/Logo_EA_negativ_Rahmen_5cm_300dpi_RGB.jpg\",\"width\":591,\"height\":236,\"caption\":\"ESO Education Group\"},\"image\":{\"@id\":\"https:\/\/www.euroakademie.de\/magazin\/#\/schema\/logo\/image\/\"}},{\"@type\":\"Person\",\"@id\":\"https:\/\/www.euroakademie.de\/magazin\/#\/schema\/person\/60fedb6ea7279f88d9086938e970d05e\",\"name\":\"Anna R\u00fcppel\",\"description\":\"Anna R\u00fcppel ist mit 1,78 m die Gr\u00f6\u00dfte, wenn es um Ausbildung und Beruf geht. Als Kind war sie kleiner. Von April 2019 bis November 2022 schrieb sie kleinere und gr\u00f6\u00dfere Artikel f\u00fcr das Euro Akademie Magazin.\",\"url\":\"https:\/\/www.euroakademie.de\/magazin\/author\/rueppela\/\"}]}<\/script>\n<!-- \/ Yoast SEO plugin. -->","yoast_head_json":{"title":"Woher kommt der Rassismus? - Das Euro Akademie Magazin","description":"\"Ich bin ja kein Rassist, aber...\" Rassismus im Alltag ist in Deutschland allgegenw\u00e4rtig. Wo kommt er her und was k\u00f6nnen wir dagegen tun?","robots":{"index":"index","follow":"follow","max-snippet":"max-snippet:-1","max-image-preview":"max-image-preview:large","max-video-preview":"max-video-preview:-1"},"canonical":"https:\/\/www.euroakademie.de\/magazin\/woher-kommt-der-rassismus\/","og_locale":"de_DE","og_type":"article","og_title":"Woher kommt der Rassismus? - Das Euro Akademie Magazin","og_description":"\"Ich bin ja kein Rassist, aber...\" Rassismus im Alltag ist in Deutschland allgegenw\u00e4rtig. Wo kommt er her und was k\u00f6nnen wir dagegen tun?","og_url":"https:\/\/www.euroakademie.de\/magazin\/woher-kommt-der-rassismus\/","og_site_name":"Das Euro Akademie Magazin","article_published_time":"2020-03-09T07:00:03+00:00","article_modified_time":"2024-12-05T09:12:09+00:00","og_image":[{"width":702,"height":336,"url":"https:\/\/www.euroakademie.de\/magazin\/wp-content\/uploads\/2020\/03\/rassismus.jpg","type":"image\/jpeg"}],"author":"Anna R\u00fcppel","twitter_card":"summary_large_image","twitter_misc":{"Verfasst von":"Anna R\u00fcppel","Gesch\u00e4tzte Lesezeit":"1\u00a0Minute"},"schema":{"@context":"https:\/\/schema.org","@graph":[{"@type":"Article","@id":"https:\/\/www.euroakademie.de\/magazin\/woher-kommt-der-rassismus\/#article","isPartOf":{"@id":"https:\/\/www.euroakademie.de\/magazin\/woher-kommt-der-rassismus\/"},"author":{"name":"Anna R\u00fcppel","@id":"https:\/\/www.euroakademie.de\/magazin\/#\/schema\/person\/60fedb6ea7279f88d9086938e970d05e"},"headline":"Woher kommt der Rassismus?","datePublished":"2020-03-09T07:00:03+00:00","dateModified":"2024-12-05T09:12:09+00:00","mainEntityOfPage":{"@id":"https:\/\/www.euroakademie.de\/magazin\/woher-kommt-der-rassismus\/"},"wordCount":761,"publisher":{"@id":"https:\/\/www.euroakademie.de\/magazin\/#organization"},"image":{"@id":"https:\/\/www.euroakademie.de\/magazin\/woher-kommt-der-rassismus\/#primaryimage"},"thumbnailUrl":"https:\/\/www.euroakademie.de\/magazin\/wp-content\/uploads\/2020\/03\/rassismus.jpg","keywords":["Alltagsrassismus","Rassismus","Toleranz"],"articleSection":["Im Fokus"],"inLanguage":"de"},{"@type":"WebPage","@id":"https:\/\/www.euroakademie.de\/magazin\/woher-kommt-der-rassismus\/","url":"https:\/\/www.euroakademie.de\/magazin\/woher-kommt-der-rassismus\/","name":"Woher kommt der Rassismus? - Das Euro Akademie Magazin","isPartOf":{"@id":"https:\/\/www.euroakademie.de\/magazin\/#website"},"primaryImageOfPage":{"@id":"https:\/\/www.euroakademie.de\/magazin\/woher-kommt-der-rassismus\/#primaryimage"},"image":{"@id":"https:\/\/www.euroakademie.de\/magazin\/woher-kommt-der-rassismus\/#primaryimage"},"thumbnailUrl":"https:\/\/www.euroakademie.de\/magazin\/wp-content\/uploads\/2020\/03\/rassismus.jpg","datePublished":"2020-03-09T07:00:03+00:00","dateModified":"2024-12-05T09:12:09+00:00","description":"\"Ich bin ja kein Rassist, aber...\" Rassismus im Alltag ist in Deutschland allgegenw\u00e4rtig. Wo kommt er her und was k\u00f6nnen wir dagegen tun?","breadcrumb":{"@id":"https:\/\/www.euroakademie.de\/magazin\/woher-kommt-der-rassismus\/#breadcrumb"},"inLanguage":"de","potentialAction":[{"@type":"ReadAction","target":["https:\/\/www.euroakademie.de\/magazin\/woher-kommt-der-rassismus\/"]}]},{"@type":"ImageObject","inLanguage":"de","@id":"https:\/\/www.euroakademie.de\/magazin\/woher-kommt-der-rassismus\/#primaryimage","url":"https:\/\/www.euroakademie.de\/magazin\/wp-content\/uploads\/2020\/03\/rassismus.jpg","contentUrl":"https:\/\/www.euroakademie.de\/magazin\/wp-content\/uploads\/2020\/03\/rassismus.jpg","width":702,"height":336,"caption":""},{"@type":"BreadcrumbList","@id":"https:\/\/www.euroakademie.de\/magazin\/woher-kommt-der-rassismus\/#breadcrumb","itemListElement":[{"@type":"ListItem","position":1,"name":"Startseite","item":"https:\/\/www.euroakademie.de\/magazin\/"},{"@type":"ListItem","position":2,"name":"Woher kommt der Rassismus?"}]},{"@type":"WebSite","@id":"https:\/\/www.euroakademie.de\/magazin\/#website","url":"https:\/\/www.euroakademie.de\/magazin\/","name":"Das Euro Akademie Magazin","description":"Gut informiert durch Ausbildung und Studium","publisher":{"@id":"https:\/\/www.euroakademie.de\/magazin\/#organization"},"potentialAction":[{"@type":"SearchAction","target":{"@type":"EntryPoint","urlTemplate":"https:\/\/www.euroakademie.de\/magazin\/?s={search_term_string}"},"query-input":{"@type":"PropertyValueSpecification","valueRequired":true,"valueName":"search_term_string"}}],"inLanguage":"de"},{"@type":"Organization","@id":"https:\/\/www.euroakademie.de\/magazin\/#organization","name":"ESO Education Group","url":"https:\/\/www.euroakademie.de\/magazin\/","logo":{"@type":"ImageObject","inLanguage":"de","@id":"https:\/\/www.euroakademie.de\/magazin\/#\/schema\/logo\/image\/","url":"https:\/\/relaunch.euroakademie.de\/magazin\/wp-content\/uploads\/2024\/11\/Logo_EA_negativ_Rahmen_5cm_300dpi_RGB.jpg","contentUrl":"https:\/\/relaunch.euroakademie.de\/magazin\/wp-content\/uploads\/2024\/11\/Logo_EA_negativ_Rahmen_5cm_300dpi_RGB.jpg","width":591,"height":236,"caption":"ESO Education Group"},"image":{"@id":"https:\/\/www.euroakademie.de\/magazin\/#\/schema\/logo\/image\/"}},{"@type":"Person","@id":"https:\/\/www.euroakademie.de\/magazin\/#\/schema\/person\/60fedb6ea7279f88d9086938e970d05e","name":"Anna R\u00fcppel","description":"Anna R\u00fcppel ist mit 1,78 m die Gr\u00f6\u00dfte, wenn es um Ausbildung und Beruf geht. Als Kind war sie kleiner. Von April 2019 bis November 2022 schrieb sie kleinere und gr\u00f6\u00dfere Artikel f\u00fcr das Euro Akademie Magazin.","url":"https:\/\/www.euroakademie.de\/magazin\/author\/rueppela\/"}]}},"_links":{"self":[{"href":"https:\/\/www.euroakademie.de\/magazin\/wp-json\/wp\/v2\/posts\/12670","targetHints":{"allow":["GET"]}}],"collection":[{"href":"https:\/\/www.euroakademie.de\/magazin\/wp-json\/wp\/v2\/posts"}],"about":[{"href":"https:\/\/www.euroakademie.de\/magazin\/wp-json\/wp\/v2\/types\/post"}],"author":[{"embeddable":true,"href":"https:\/\/www.euroakademie.de\/magazin\/wp-json\/wp\/v2\/users\/76"}],"replies":[{"embeddable":true,"href":"https:\/\/www.euroakademie.de\/magazin\/wp-json\/wp\/v2\/comments?post=12670"}],"version-history":[{"count":2,"href":"https:\/\/www.euroakademie.de\/magazin\/wp-json\/wp\/v2\/posts\/12670\/revisions"}],"predecessor-version":[{"id":25836,"href":"https:\/\/www.euroakademie.de\/magazin\/wp-json\/wp\/v2\/posts\/12670\/revisions\/25836"}],"wp:featuredmedia":[{"embeddable":true,"href":"https:\/\/www.euroakademie.de\/magazin\/wp-json\/wp\/v2\/media\/12673"}],"wp:attachment":[{"href":"https:\/\/www.euroakademie.de\/magazin\/wp-json\/wp\/v2\/media?parent=12670"}],"wp:term":[{"taxonomy":"category","embeddable":true,"href":"https:\/\/www.euroakademie.de\/magazin\/wp-json\/wp\/v2\/categories?post=12670"},{"taxonomy":"post_tag","embeddable":true,"href":"https:\/\/www.euroakademie.de\/magazin\/wp-json\/wp\/v2\/tags?post=12670"}],"curies":[{"name":"wp","href":"https:\/\/api.w.org\/{rel}","templated":true}]}}