{"id":12744,"date":"2020-03-31T13:06:21","date_gmt":"2020-03-31T11:06:21","guid":{"rendered":"https:\/\/www.euroakademie.de\/magazin\/?p=12744"},"modified":"2024-11-18T15:57:18","modified_gmt":"2024-11-18T14:57:18","slug":"die-vorteile-des-social-media-fastens","status":"publish","type":"post","link":"https:\/\/www.euroakademie.de\/magazin\/die-vorteile-des-social-media-fastens\/","title":{"rendered":"Die Vorteile des Social-Media-Fastens"},"content":{"rendered":"<p><![CDATA[\n<\/p>\n\n\n<p><strong>Wir sind gerade noch mitten in der Fastenzeit, die in diesem Jahr eine besondere Bedeutung bekommt, weil wir alle zum Verzicht gezwungen sind. Denn die Kontaktbeschr\u00e4nkungen in Corona-Zeiten bedeuten ein v\u00f6llig anderes Leben, beschr\u00e4nkt auf sich selbst und den engsten Familienkreis. Als wir den Beitrag geplant haben,konnten wir nicht ahnen, wie viel Verzicht auf uns zukommen w\u00fcrde. <\/strong><\/p>\n\n\n\n<p>Gerade jetzt kommunizieren wir  \u2013 im Homeoffice oder privat \u2013 oft mit mehreren Menschen gleichzeitig auf unterschiedlichen Kan\u00e4len. Denn WhatsApp, Instagram und Co. sind momentan unsere Fenster zur Au\u00dfenwelt. Und wer wei\u00df, vielleicht ist die Sehnsucht nach dem echten sozialen Leben nach dem Real-Life-Fasten so gro\u00df, dass wir f\u00fcr eine gewisse Zeit gerne auf virtuelle Welten verzichten und mit Social-Media-Fasten gemeinsam mit Freunden in Kneipen, Parks und Berge fl\u00fcchten.<\/p>\n\n\n\n<h2 class=\"wp-block-heading\">Was genau bedeutet Social-Media-Fasten eigentlich?<\/h2>\n\n\n\n<p>Social-Media-Fasten, oder auch <a href=\"https:\/\/www.euroakademie.de\/magazin\/digital-detox-so-befreien-sie-sich-von-der-smartphone-sucht\/\" target=\"_blank\" rel=\"noreferrer noopener\" aria-label=\"Digital Detox (\u00f6ffnet in neuem Tab)\">Digital Detox<\/a>, bedeutet, sich f\u00fcr eine gewisse Zeit von Instagram, Snapchat, Twitter, Facebook und Co. zu verabschieden oder \u2013 f\u00fcr wen das zu krass klingt \u2013 die damit verbrachte Zeit drastisch zu reduzieren. \u201eAuf Social Media verzichten!\u201c Diese Worte l\u00f6sen heutzutage mit Sicherheit in den meisten Menschen Nervosit\u00e4t und entsetzte Aufschreie aus, wie beispielsweise: \u201eDas w\u00fcrde ich nie schaffen!\u201c oder \u201eDann verliere ich doch meine Follower!\u201c. Vielleicht erkennen Sie sich ja wieder.<\/p>\n\n\n\n<h2 class=\"wp-block-heading\">Doch Social-Media-Fasten hat tats\u00e4chlich viele Vorteile:<\/h2>\n\n\n\n<h3 class=\"wp-block-heading\">Mehr Zeit f\u00fcr Familie und Freunde <\/h3>\n\n\n\n<p>Und damit meine ich nicht die unz\u00e4hligen Freunde auf Facebook. Ich meine damit die, die Sie vielleicht schon seit Grundschulzeiten kennen. Die Zeit, die Sie mit Ihrer Familie und Ihren Freunden verbringen, ist sehr wertvoll. Und seien wir doch mal ehrlich: Es f\u00fchlt sich doch tausendmal besser an, wenn man auf den Tag zur\u00fcckblickt und wei\u00df, dass man Zeit mit den Liebsten verbracht hat und nicht anstatt dessen auf Social-Media-Kan\u00e4len nach weiteren vermeintlichen Freundschaften gesucht hat, die oft nur oberfl\u00e4chlich sind.<\/p>\n\n\n\n<h3 class=\"wp-block-heading\">Die eigene Fantasie f\u00f6rdern<\/h3>\n\n\n\n<p>Sp\u00e4testens, wenn Sie mal ein Buch in die Hand genommen haben, bevor Sie den Film dazu angeschaut haben (was ich sowieso empfehle), haben Sie bestimmt schon bemerkt, dass im Film alles ganz anders ist, als Sie es sich beim Lesen vorgestellt haben. Das kann man nat\u00fcrlich auch auf Social Media beziehen. Wenn Sie zum Beispiel nach neuen Ideen f\u00fcr die Gestaltung Ihres Wohnzimmers suchen, z\u00fccken Sie h\u00f6chstwahrscheinlich Ihr Smartphone, um sich auf Tumblr oder <a aria-label=\"Instagram (\u00f6ffnet in neuem Tab)\" href=\"https:\/\/www.euroakademie.de\/magazin\/bewerbung-social-media\/\" target=\"_blank\" rel=\"noreferrer noopener\">Instagram<\/a> inspirieren zu lassen. Doch irgendwann werden Sie vielleicht bemerken, dass es Ihnen schwerf\u00e4llt, selbstst\u00e4ndig auf Ideen zu kommen oder Sie lassen sich einfach zu sehr von den Einrichtungsstilen anderer beeinflussen.<\/p>\n\n\n\n<h3 class=\"wp-block-heading\">Zeit f\u00fcr Ihre pers\u00f6nlichen Hobbys<\/h3>\n\n\n\n<p>Wenn man vor allem junge Leute heutzutage nach ihren Hobbys fragt, haben diese teilweise erstmal keine wirkliche Antwort parat. Das hei\u00dft nat\u00fcrlich nicht gleich, dass diese gar kein Interesse an irgendetwas haben oder \u00fcberhaupt nicht kreativ. Viele Menschen gehen ihren Hobbys nur oftmals zu wenig nach oder nehmen sich nicht gen\u00fcgend Zeit daf\u00fcr, eine neue Leidenschaft f\u00fcr etwas zu entdecken. Das Handy h\u00e4lt einen meist davon ab, denn es scheint so, als seien YouTube und Co. spannender als das Leben jenseits der virtuellen R\u00e4ume. Doch wenn man erst einmal mit etwas Neuem besch\u00e4ftigt ist und merkt, dass man auch ein paar Stunden ohne Social Media klargekommen ist, wird es vielleicht zu echten Hobby.<\/p>\n\n\n\n<h3 class=\"wp-block-heading\">Leuten nicht beim Leben zuschauen, sondern selbst leben<\/h3>\n\n\n\n<p>Es mag ja sehr unterhaltsam sein, anderen Leuten dabei zuzuschauen, wie sie im Disneyland strahlend in einer Achterbahn sitzen oder einen Heiratsantrag in Paris vor dem Eifelturm bekommen. Doch warum sich das ganze anschauen, wenn man auch selbst etwas unternehmen kann. Gut, es muss ja nicht gleich Paris sein. Aber anstatt neidisch zu sein, schnappen Sie sich doch mal ein paar gute Freunde und machen ein sch\u00f6nes Picknick. Vorausgesetzt, die Sonne scheint und es gibt kein Virus, das Sie daran hindert. <\/p>\n\n\n\n<h3 class=\"wp-block-heading\">Immer mit der Ruhe<\/h3>\n\n\n\n<p>Das ganze \u201eBing-Bing\u201c und Aufpoppen von Nachrichten stresst einen aber auch echt, nicht wahr? Haben Sie auch dauernd  das Gef\u00fchl, Sie m\u00fcssten erreichbar sein oder <a href=\"https:\/\/www.euroakademie.de\/magazin\/fomo\/\" target=\"_blank\" rel=\"noreferrer noopener\" aria-label=\"Sie verpassen etwas (\u00f6ffnet in neuem Tab)\">Sie verpassen etwas<\/a>, wenn Sie nicht gleich zum Smartphone greifen, sobald es eine neue Nachricht gibt. Hier w\u00fcrde ich vorschlagen, einfach die Kontakte auf die Leute zu reduzieren, die wirklich eine wichtige Rolle im eigenen Leben spielen. Sind das immer noch sehr viele, dann sagen Sie diesen doch, dass Sie jetzt f\u00fcr eine gewisse Zeit nicht erreichbar sind (oder nicht erreichbar sein wollen) und sie doch bitte nur in dringenden Notf\u00e4llen anrufen sollen. Und sei es nur f\u00fcr ein paar Stunden.<\/p>\n\n\n\n<h3 class=\"wp-block-heading\">Likes und Follower sind nicht alles<\/h3>\n\n\n\n<p>Klar tut es gut, wenn man Best\u00e4tigung bekommt \u2013 Likes und Follower machen s\u00fcchtig danach. Jedoch ist es nicht gerade von Vorteil f\u00fcr das eigene <a href=\"https:\/\/www.euroakademie.de\/magazin\/bewusst-selbstbewusst-sein-selbstsicherheit-kann-man-trainieren\/\" target=\"_blank\" rel=\"noreferrer noopener\" aria-label=\"Selbstwertgef\u00fchl (\u00f6ffnet in neuem Tab)\">Selbstwertgef\u00fchl<\/a>, wenn man sich gleich schlecht f\u00fchlt, nur weil ein Bild mal nicht so gut ankommt wie das vorherige. Wichtig ist, dass man selbst mit sich zufrieden ist und nicht immer auf die Best\u00e4tigung anderer wartet. Das lernt man auch, indem man eine Social-Media-Pause macht.<\/p>\n\n\n\n<p>Wie man sieht, gibt es, sp\u00e4testens nach Corona, viele Gr\u00fcnde, zeitweise Abstand von sozialen Medien zu nehmen. Vielleicht versuchen Sie es selbst einmal?<\/p>\n","protected":false},"excerpt":{"rendered":"<p>\t\t\t\t<![CDATA[In Corona-Zeiten kommunizieren wir fast ausschlie\u00dflich virtuell. Am besten gleichzeitig auf unterschiedlichen Kan\u00e4len. Und wer wei\u00df, vielleicht verzichten wir nach dem Real-Life-Fasten erstmal gerne auf Smartphone und Co.]]>\t\t<\/p>\n","protected":false},"author":82,"featured_media":12749,"comment_status":"closed","ping_status":"closed","sticky":false,"template":"","format":"standard","meta":{"footnotes":""},"categories":[118,172],"tags":[2053,3055,3220,3973,4183,7564,8878],"class_list":{"0":"post-12744","1":"post","2":"type-post","3":"status-publish","4":"format-standard","5":"has-post-thumbnail","7":"category-im-fokus","8":"category-100-tipps-tricks","9":"tag-digital-detox","10":"tag-follower","11":"tag-freundschaften","12":"tag-hobbys","13":"tag-instagram","14":"tag-social-media-fasten","15":"tag-virtuelle-realitaet"},"yoast_head":"<!-- This site is optimized with the Yoast SEO plugin v23.5 - https:\/\/yoast.com\/wordpress\/plugins\/seo\/ -->\n<title>Die Vorteile des Social-Media-Fastens \/ Euro Akademie Magazin<\/title>\n<meta name=\"description\" content=\"In Corona-Zeiten kommunizieren wir fast ausschlie\u00dflich virtuell. Vielleicht verzichten wir nach dem Real-Life-Fasten erstmal gerne auf Smartphone und Co.\" \/>\n<meta name=\"robots\" content=\"index, follow, max-snippet:-1, max-image-preview:large, max-video-preview:-1\" \/>\n<link rel=\"canonical\" href=\"https:\/\/www.euroakademie.de\/magazin\/die-vorteile-des-social-media-fastens\/\" \/>\n<meta property=\"og:locale\" content=\"de_DE\" \/>\n<meta property=\"og:type\" content=\"article\" \/>\n<meta property=\"og:title\" content=\"Die Vorteile des Social-Media-Fastens \/ Euro Akademie Magazin\" \/>\n<meta property=\"og:description\" content=\"In Corona-Zeiten kommunizieren wir fast ausschlie\u00dflich virtuell. Vielleicht verzichten wir nach dem Real-Life-Fasten erstmal gerne auf Smartphone und Co.\" \/>\n<meta property=\"og:url\" content=\"https:\/\/www.euroakademie.de\/magazin\/die-vorteile-des-social-media-fastens\/\" \/>\n<meta property=\"og:site_name\" content=\"Das Euro Akademie Magazin\" \/>\n<meta property=\"article:published_time\" content=\"2020-03-31T11:06:21+00:00\" \/>\n<meta property=\"article:modified_time\" content=\"2024-11-18T14:57:18+00:00\" \/>\n<meta property=\"og:image\" content=\"https:\/\/www.euroakademie.de\/magazin\/wp-content\/uploads\/2020\/03\/shutterstock_1603198063_702x336_web.jpg\" \/>\n\t<meta property=\"og:image:width\" content=\"702\" \/>\n\t<meta property=\"og:image:height\" content=\"336\" \/>\n\t<meta property=\"og:image:type\" content=\"image\/jpeg\" \/>\n<meta name=\"author\" content=\"Vivien Elaine Englert\" \/>\n<meta name=\"twitter:card\" content=\"summary_large_image\" \/>\n<meta name=\"twitter:label1\" content=\"Verfasst von\" \/>\n\t<meta name=\"twitter:data1\" content=\"Vivien Elaine Englert\" \/>\n\t<meta name=\"twitter:label2\" content=\"Gesch\u00e4tzte Lesezeit\" \/>\n\t<meta name=\"twitter:data2\" content=\"1\u00a0Minute\" \/>\n<script type=\"application\/ld+json\" class=\"yoast-schema-graph\">{\"@context\":\"https:\/\/schema.org\",\"@graph\":[{\"@type\":\"Article\",\"@id\":\"https:\/\/www.euroakademie.de\/magazin\/die-vorteile-des-social-media-fastens\/#article\",\"isPartOf\":{\"@id\":\"https:\/\/www.euroakademie.de\/magazin\/die-vorteile-des-social-media-fastens\/\"},\"author\":{\"name\":\"Vivien Elaine Englert\",\"@id\":\"https:\/\/www.euroakademie.de\/magazin\/#\/schema\/person\/cc26a198fcb985ec2559d2eb6242f66f\"},\"headline\":\"Die Vorteile des Social-Media-Fastens\",\"datePublished\":\"2020-03-31T11:06:21+00:00\",\"dateModified\":\"2024-11-18T14:57:18+00:00\",\"mainEntityOfPage\":{\"@id\":\"https:\/\/www.euroakademie.de\/magazin\/die-vorteile-des-social-media-fastens\/\"},\"wordCount\":877,\"publisher\":{\"@id\":\"https:\/\/www.euroakademie.de\/magazin\/#organization\"},\"image\":{\"@id\":\"https:\/\/www.euroakademie.de\/magazin\/die-vorteile-des-social-media-fastens\/#primaryimage\"},\"thumbnailUrl\":\"https:\/\/www.euroakademie.de\/magazin\/wp-content\/uploads\/2020\/03\/shutterstock_1603198063_702x336_web.jpg\",\"keywords\":[\"Digital Detox\",\"Follower\",\"Freundschaften\",\"Hobbys\",\"Instagram\",\"Social-Media-Fasten\",\"Virtuelle Realit\u00e4t\"],\"articleSection\":[\"Im Fokus\",\"Tipps &amp; Tricks\"],\"inLanguage\":\"de\"},{\"@type\":\"WebPage\",\"@id\":\"https:\/\/www.euroakademie.de\/magazin\/die-vorteile-des-social-media-fastens\/\",\"url\":\"https:\/\/www.euroakademie.de\/magazin\/die-vorteile-des-social-media-fastens\/\",\"name\":\"Die Vorteile des Social-Media-Fastens \/ Euro Akademie Magazin\",\"isPartOf\":{\"@id\":\"https:\/\/www.euroakademie.de\/magazin\/#website\"},\"primaryImageOfPage\":{\"@id\":\"https:\/\/www.euroakademie.de\/magazin\/die-vorteile-des-social-media-fastens\/#primaryimage\"},\"image\":{\"@id\":\"https:\/\/www.euroakademie.de\/magazin\/die-vorteile-des-social-media-fastens\/#primaryimage\"},\"thumbnailUrl\":\"https:\/\/www.euroakademie.de\/magazin\/wp-content\/uploads\/2020\/03\/shutterstock_1603198063_702x336_web.jpg\",\"datePublished\":\"2020-03-31T11:06:21+00:00\",\"dateModified\":\"2024-11-18T14:57:18+00:00\",\"description\":\"In Corona-Zeiten kommunizieren wir fast ausschlie\u00dflich virtuell. Vielleicht verzichten wir nach dem Real-Life-Fasten erstmal gerne auf Smartphone und Co.\",\"breadcrumb\":{\"@id\":\"https:\/\/www.euroakademie.de\/magazin\/die-vorteile-des-social-media-fastens\/#breadcrumb\"},\"inLanguage\":\"de\",\"potentialAction\":[{\"@type\":\"ReadAction\",\"target\":[\"https:\/\/www.euroakademie.de\/magazin\/die-vorteile-des-social-media-fastens\/\"]}]},{\"@type\":\"ImageObject\",\"inLanguage\":\"de\",\"@id\":\"https:\/\/www.euroakademie.de\/magazin\/die-vorteile-des-social-media-fastens\/#primaryimage\",\"url\":\"https:\/\/www.euroakademie.de\/magazin\/wp-content\/uploads\/2020\/03\/shutterstock_1603198063_702x336_web.jpg\",\"contentUrl\":\"https:\/\/www.euroakademie.de\/magazin\/wp-content\/uploads\/2020\/03\/shutterstock_1603198063_702x336_web.jpg\",\"width\":702,\"height\":336,\"caption\":\"\"},{\"@type\":\"BreadcrumbList\",\"@id\":\"https:\/\/www.euroakademie.de\/magazin\/die-vorteile-des-social-media-fastens\/#breadcrumb\",\"itemListElement\":[{\"@type\":\"ListItem\",\"position\":1,\"name\":\"Startseite\",\"item\":\"https:\/\/www.euroakademie.de\/magazin\/\"},{\"@type\":\"ListItem\",\"position\":2,\"name\":\"Die Vorteile des Social-Media-Fastens\"}]},{\"@type\":\"WebSite\",\"@id\":\"https:\/\/www.euroakademie.de\/magazin\/#website\",\"url\":\"https:\/\/www.euroakademie.de\/magazin\/\",\"name\":\"Das Euro Akademie Magazin\",\"description\":\"Gut informiert durch Ausbildung und Studium\",\"publisher\":{\"@id\":\"https:\/\/www.euroakademie.de\/magazin\/#organization\"},\"potentialAction\":[{\"@type\":\"SearchAction\",\"target\":{\"@type\":\"EntryPoint\",\"urlTemplate\":\"https:\/\/www.euroakademie.de\/magazin\/?s={search_term_string}\"},\"query-input\":{\"@type\":\"PropertyValueSpecification\",\"valueRequired\":true,\"valueName\":\"search_term_string\"}}],\"inLanguage\":\"de\"},{\"@type\":\"Organization\",\"@id\":\"https:\/\/www.euroakademie.de\/magazin\/#organization\",\"name\":\"ESO Education Group\",\"url\":\"https:\/\/www.euroakademie.de\/magazin\/\",\"logo\":{\"@type\":\"ImageObject\",\"inLanguage\":\"de\",\"@id\":\"https:\/\/www.euroakademie.de\/magazin\/#\/schema\/logo\/image\/\",\"url\":\"https:\/\/relaunch.euroakademie.de\/magazin\/wp-content\/uploads\/2024\/11\/Logo_EA_negativ_Rahmen_5cm_300dpi_RGB.jpg\",\"contentUrl\":\"https:\/\/relaunch.euroakademie.de\/magazin\/wp-content\/uploads\/2024\/11\/Logo_EA_negativ_Rahmen_5cm_300dpi_RGB.jpg\",\"width\":591,\"height\":236,\"caption\":\"ESO Education Group\"},\"image\":{\"@id\":\"https:\/\/www.euroakademie.de\/magazin\/#\/schema\/logo\/image\/\"}},{\"@type\":\"Person\",\"@id\":\"https:\/\/www.euroakademie.de\/magazin\/#\/schema\/person\/cc26a198fcb985ec2559d2eb6242f66f\",\"name\":\"Vivien Elaine Englert\",\"description\":\"Vivien Elaine Englert hat an der Euro Akademie eine Ausbildung zur Fremdsprachenkorrespondentin absolviert. Da sie eine gro\u00dfe Leidenschaft f\u00fcrs Schreiben hegt, hat sie zwischen 2019 und 2020 einige spannende Artikel f\u00fcr das Euro Akademie Magazin verfasst.\",\"url\":\"https:\/\/www.euroakademie.de\/magazin\/author\/vivien-elaine-englert\/\"}]}<\/script>\n<!-- \/ Yoast SEO plugin. -->","yoast_head_json":{"title":"Die Vorteile des Social-Media-Fastens \/ Euro Akademie Magazin","description":"In Corona-Zeiten kommunizieren wir fast ausschlie\u00dflich virtuell. Vielleicht verzichten wir nach dem Real-Life-Fasten erstmal gerne auf Smartphone und Co.","robots":{"index":"index","follow":"follow","max-snippet":"max-snippet:-1","max-image-preview":"max-image-preview:large","max-video-preview":"max-video-preview:-1"},"canonical":"https:\/\/www.euroakademie.de\/magazin\/die-vorteile-des-social-media-fastens\/","og_locale":"de_DE","og_type":"article","og_title":"Die Vorteile des Social-Media-Fastens \/ Euro Akademie Magazin","og_description":"In Corona-Zeiten kommunizieren wir fast ausschlie\u00dflich virtuell. Vielleicht verzichten wir nach dem Real-Life-Fasten erstmal gerne auf Smartphone und Co.","og_url":"https:\/\/www.euroakademie.de\/magazin\/die-vorteile-des-social-media-fastens\/","og_site_name":"Das Euro Akademie Magazin","article_published_time":"2020-03-31T11:06:21+00:00","article_modified_time":"2024-11-18T14:57:18+00:00","og_image":[{"width":702,"height":336,"url":"https:\/\/www.euroakademie.de\/magazin\/wp-content\/uploads\/2020\/03\/shutterstock_1603198063_702x336_web.jpg","type":"image\/jpeg"}],"author":"Vivien Elaine Englert","twitter_card":"summary_large_image","twitter_misc":{"Verfasst von":"Vivien Elaine Englert","Gesch\u00e4tzte Lesezeit":"1\u00a0Minute"},"schema":{"@context":"https:\/\/schema.org","@graph":[{"@type":"Article","@id":"https:\/\/www.euroakademie.de\/magazin\/die-vorteile-des-social-media-fastens\/#article","isPartOf":{"@id":"https:\/\/www.euroakademie.de\/magazin\/die-vorteile-des-social-media-fastens\/"},"author":{"name":"Vivien Elaine Englert","@id":"https:\/\/www.euroakademie.de\/magazin\/#\/schema\/person\/cc26a198fcb985ec2559d2eb6242f66f"},"headline":"Die Vorteile des Social-Media-Fastens","datePublished":"2020-03-31T11:06:21+00:00","dateModified":"2024-11-18T14:57:18+00:00","mainEntityOfPage":{"@id":"https:\/\/www.euroakademie.de\/magazin\/die-vorteile-des-social-media-fastens\/"},"wordCount":877,"publisher":{"@id":"https:\/\/www.euroakademie.de\/magazin\/#organization"},"image":{"@id":"https:\/\/www.euroakademie.de\/magazin\/die-vorteile-des-social-media-fastens\/#primaryimage"},"thumbnailUrl":"https:\/\/www.euroakademie.de\/magazin\/wp-content\/uploads\/2020\/03\/shutterstock_1603198063_702x336_web.jpg","keywords":["Digital Detox","Follower","Freundschaften","Hobbys","Instagram","Social-Media-Fasten","Virtuelle Realit\u00e4t"],"articleSection":["Im Fokus","Tipps &amp; Tricks"],"inLanguage":"de"},{"@type":"WebPage","@id":"https:\/\/www.euroakademie.de\/magazin\/die-vorteile-des-social-media-fastens\/","url":"https:\/\/www.euroakademie.de\/magazin\/die-vorteile-des-social-media-fastens\/","name":"Die Vorteile des Social-Media-Fastens \/ Euro Akademie Magazin","isPartOf":{"@id":"https:\/\/www.euroakademie.de\/magazin\/#website"},"primaryImageOfPage":{"@id":"https:\/\/www.euroakademie.de\/magazin\/die-vorteile-des-social-media-fastens\/#primaryimage"},"image":{"@id":"https:\/\/www.euroakademie.de\/magazin\/die-vorteile-des-social-media-fastens\/#primaryimage"},"thumbnailUrl":"https:\/\/www.euroakademie.de\/magazin\/wp-content\/uploads\/2020\/03\/shutterstock_1603198063_702x336_web.jpg","datePublished":"2020-03-31T11:06:21+00:00","dateModified":"2024-11-18T14:57:18+00:00","description":"In Corona-Zeiten kommunizieren wir fast ausschlie\u00dflich virtuell. Vielleicht verzichten wir nach dem Real-Life-Fasten erstmal gerne auf Smartphone und Co.","breadcrumb":{"@id":"https:\/\/www.euroakademie.de\/magazin\/die-vorteile-des-social-media-fastens\/#breadcrumb"},"inLanguage":"de","potentialAction":[{"@type":"ReadAction","target":["https:\/\/www.euroakademie.de\/magazin\/die-vorteile-des-social-media-fastens\/"]}]},{"@type":"ImageObject","inLanguage":"de","@id":"https:\/\/www.euroakademie.de\/magazin\/die-vorteile-des-social-media-fastens\/#primaryimage","url":"https:\/\/www.euroakademie.de\/magazin\/wp-content\/uploads\/2020\/03\/shutterstock_1603198063_702x336_web.jpg","contentUrl":"https:\/\/www.euroakademie.de\/magazin\/wp-content\/uploads\/2020\/03\/shutterstock_1603198063_702x336_web.jpg","width":702,"height":336,"caption":""},{"@type":"BreadcrumbList","@id":"https:\/\/www.euroakademie.de\/magazin\/die-vorteile-des-social-media-fastens\/#breadcrumb","itemListElement":[{"@type":"ListItem","position":1,"name":"Startseite","item":"https:\/\/www.euroakademie.de\/magazin\/"},{"@type":"ListItem","position":2,"name":"Die Vorteile des Social-Media-Fastens"}]},{"@type":"WebSite","@id":"https:\/\/www.euroakademie.de\/magazin\/#website","url":"https:\/\/www.euroakademie.de\/magazin\/","name":"Das Euro Akademie Magazin","description":"Gut informiert durch Ausbildung und Studium","publisher":{"@id":"https:\/\/www.euroakademie.de\/magazin\/#organization"},"potentialAction":[{"@type":"SearchAction","target":{"@type":"EntryPoint","urlTemplate":"https:\/\/www.euroakademie.de\/magazin\/?s={search_term_string}"},"query-input":{"@type":"PropertyValueSpecification","valueRequired":true,"valueName":"search_term_string"}}],"inLanguage":"de"},{"@type":"Organization","@id":"https:\/\/www.euroakademie.de\/magazin\/#organization","name":"ESO Education Group","url":"https:\/\/www.euroakademie.de\/magazin\/","logo":{"@type":"ImageObject","inLanguage":"de","@id":"https:\/\/www.euroakademie.de\/magazin\/#\/schema\/logo\/image\/","url":"https:\/\/relaunch.euroakademie.de\/magazin\/wp-content\/uploads\/2024\/11\/Logo_EA_negativ_Rahmen_5cm_300dpi_RGB.jpg","contentUrl":"https:\/\/relaunch.euroakademie.de\/magazin\/wp-content\/uploads\/2024\/11\/Logo_EA_negativ_Rahmen_5cm_300dpi_RGB.jpg","width":591,"height":236,"caption":"ESO Education Group"},"image":{"@id":"https:\/\/www.euroakademie.de\/magazin\/#\/schema\/logo\/image\/"}},{"@type":"Person","@id":"https:\/\/www.euroakademie.de\/magazin\/#\/schema\/person\/cc26a198fcb985ec2559d2eb6242f66f","name":"Vivien Elaine Englert","description":"Vivien Elaine Englert hat an der Euro Akademie eine Ausbildung zur Fremdsprachenkorrespondentin absolviert. Da sie eine gro\u00dfe Leidenschaft f\u00fcrs Schreiben hegt, hat sie zwischen 2019 und 2020 einige spannende Artikel f\u00fcr das Euro Akademie Magazin verfasst.","url":"https:\/\/www.euroakademie.de\/magazin\/author\/vivien-elaine-englert\/"}]}},"_links":{"self":[{"href":"https:\/\/www.euroakademie.de\/magazin\/wp-json\/wp\/v2\/posts\/12744","targetHints":{"allow":["GET"]}}],"collection":[{"href":"https:\/\/www.euroakademie.de\/magazin\/wp-json\/wp\/v2\/posts"}],"about":[{"href":"https:\/\/www.euroakademie.de\/magazin\/wp-json\/wp\/v2\/types\/post"}],"author":[{"embeddable":true,"href":"https:\/\/www.euroakademie.de\/magazin\/wp-json\/wp\/v2\/users\/82"}],"replies":[{"embeddable":true,"href":"https:\/\/www.euroakademie.de\/magazin\/wp-json\/wp\/v2\/comments?post=12744"}],"version-history":[{"count":2,"href":"https:\/\/www.euroakademie.de\/magazin\/wp-json\/wp\/v2\/posts\/12744\/revisions"}],"predecessor-version":[{"id":22947,"href":"https:\/\/www.euroakademie.de\/magazin\/wp-json\/wp\/v2\/posts\/12744\/revisions\/22947"}],"wp:featuredmedia":[{"embeddable":true,"href":"https:\/\/www.euroakademie.de\/magazin\/wp-json\/wp\/v2\/media\/12749"}],"wp:attachment":[{"href":"https:\/\/www.euroakademie.de\/magazin\/wp-json\/wp\/v2\/media?parent=12744"}],"wp:term":[{"taxonomy":"category","embeddable":true,"href":"https:\/\/www.euroakademie.de\/magazin\/wp-json\/wp\/v2\/categories?post=12744"},{"taxonomy":"post_tag","embeddable":true,"href":"https:\/\/www.euroakademie.de\/magazin\/wp-json\/wp\/v2\/tags?post=12744"}],"curies":[{"name":"wp","href":"https:\/\/api.w.org\/{rel}","templated":true}]}}