{"id":12794,"date":"2020-04-23T15:41:53","date_gmt":"2020-04-23T13:41:53","guid":{"rendered":"https:\/\/www.euroakademie.de\/magazin\/?p=12794"},"modified":"2024-11-18T15:54:14","modified_gmt":"2024-11-18T14:54:14","slug":"ganz-sicher-ausbildungen-an-der-euro-akademie-starten-wie-gewohnt-bewerben-sie-sich-jetzt","status":"publish","type":"post","link":"https:\/\/www.euroakademie.de\/magazin\/ganz-sicher-ausbildungen-an-der-euro-akademie-starten-wie-gewohnt-bewerben-sie-sich-jetzt\/","title":{"rendered":"Ganz sicher! Ausbildungen an der Euro Akademie starten wie gewohnt \u2013 bewerben Sie sich jetzt."},"content":{"rendered":"<p><![CDATA[\n<\/p>\n\n\n<p><strong>Sp\u00e4testens im Sommer sind die Abschlusspr\u00fcfungen der Schulabg\u00e4nger*innen 2020 geschafft. Dann beginnt ein neues Kapitel voller spannender Herausforderungen und Erfahrungen. Doch so sorglos wie sonst ist die Suche nach Ausbildungspl\u00e4tzen in diesem Jahr nicht. Viele Unternehmen m\u00fcssen durch die Corona-Krise leider mit gro\u00dfen wirtschaftlichen Einbu\u00dfen rechnen, nicht alle k\u00f6nnen wie gewohnt ausbilden. Eine Alternative zu den dualen Ausbildungsstellen bieten die Berufsfachschulen, Fachschulen und Fachakademien wie die Euro Akademie. Diese startet ihre schulischen Ausbildungen auch 2020 wie gewohnt \u2013 Bewerbungen sind jederzeit m\u00f6glich.  <\/strong><\/p>\n\n\n\n<p>Keiner wei\u00df derzeit, wie sich die Lage der mittelst\u00e4ndischen Unternehmen, die etwa 60 Prozent der Arbeitspl\u00e4tze in Deutschland stellen, entwickeln wird. Rund 650.000 Betriebe mussten aufgrund der Corona-Krise bereits Kurzarbeit anmelden. Eines ist klar: So viele betriebliche Ausbildungspl\u00e4tze wie vor der Krise wird es in diesem Jahr nicht geben. Daher sind Alternativen noch st\u00e4rker gefragt als sonst. <\/p>\n\n\n\n<h2 class=\"wp-block-heading\">Starten Sie Ihre Ausbildung 2020 an der Euro Akademie <\/h2>\n\n\n\n<p>Die Euro Akademie bietet auch zum Ausbildungsstart 2020 bundesweit schulische Ausbildungen in den Bereichen Wirtschaft &amp; Management, Fremdsprachen &amp; Internationales, P\u00e4dagogik &amp; Soziales sowie Gesundheit &amp; Pflege an. In vielen Ausbildungen kann zus\u00e4tzlich die Fachhochschulreife erlangt werden. Gut zu wissen: Nicht f\u00fcr alle Ausbildungsg\u00e4nge f\u00e4llt Schulgeld an. In der Regel sind die Ausbildungen durch Sch\u00fcler-BAf\u00f6G f\u00f6rderf\u00e4hig, das nicht zur\u00fcckgezahlt werden muss.  <\/p>\n\n\n\n<h2 class=\"wp-block-heading\">Akademischer Abschluss in Sicht<\/h2>\n\n\n\n<p>Auch f\u00fcr jene Schulabg\u00e4nger*innen, die einen akademischen Abschluss anstreben, ist die Ausbildung an der Euro Akademie interessant. So k\u00f6nnen Sie beispielsweise mit einer abgeschlossenen <a aria-label=\"Erzieherausbildung (\u00f6ffnet in neuem Tab)\" href=\"https:\/\/www.euroakademie.de\/ausbildung\/paedagogik-soziales\/erzieher.html\" target=\"_blank\" rel=\"noreferrer noopener\">Erzieherausbildung<\/a> sich an einer Hochschule oder Universit\u00e4t bewerben, um ein Studium zu absolvieren. Auch unser Angebot, den Bachelor als Top-up direkt im Anschluss an eine Ausbildung an der Euro Akademie zu erwerben, ist eine tolle Sache f\u00fcr Ihre berufliche Zukunft. Durch unsere vielen Hochschulpartnerschaften im Ausland schnuppern Sie gleichzeitig in andere Kulturen hinein und bilden sich nicht nur fachlich, sondern auch pers\u00f6nlich weiter<\/p>\n\n\n\n<h2 class=\"wp-block-heading\">Online-Unterricht an der Euro Akademie &#8211; kreative L\u00f6sungen und Konzepte<\/h2>\n\n\n\n<p>Trotz Ausfalls des Pr\u00e4senzunterrichts kann die Ausbildung an der Euro Akademie fortgesetzt werden. Schnell haben sich die Standorte auf die aktuellen Ma\u00dfnahmen eingestellt, kreativ darauf reagiert und Online-Angebote f\u00fcr Sch\u00fcler und Sch\u00fcler*innen konzipiert.  <\/p>\n\n\n\n<h2 class=\"wp-block-heading\">Neues Lernen beim Homeschooling in Hamburg<\/h2>\n\n\n\n<p>Mia Pulmer, die an der Euro Akademie Hamburg ihre Ausbildung zur International Administration Managerin ESA absolviert, berichtet von ihrem so ganz anderen Alltag mit digitalen Unterrichtsangeboten zu Hause. Und auch wenn es durchaus positive Effekte des zu Hause Lernens gibt \u2013 wie beispielsweise der Umgang mit neuer Software \u2013 freut sie sich schon jetzt auf ein Wiedersehen mit Mitsch\u00fcler*innen und Dozent*innen.<\/p>\n\n\n\n<h2 class=\"wp-block-heading\">Unterst\u00fctzung von der Fachschule f\u00fcr Sozialp\u00e4dagogik in Berlin<\/h2>\n\n\n\n<p>Unterst\u00fctzung f\u00fcr Eltern in Zeiten von Corona stellte die Fachschule f\u00fcr Sozialp\u00e4dagogik an der Euro Akademie Berlin in Kooperation mit der KITA Waldr\u00e4uber und der KITA Adlerk\u00fcken schnell und kreativ auf die Beine. Am 23. April 2020 gibt es das zweite Online-World Caf\u00e9, in dem Eltern, P\u00e4dagog*innen und Lehrkr\u00e4fte sich austauschen und gemeinsam nach neuen Wegen des Zusammenlebens und \u2013arbeitens in dieser au\u00dfergew\u00f6hnlichen Situation suchen.  <\/p>\n\n\n\n<h2 class=\"wp-block-heading\">Video-Chats, digitale Aufgaben und kreatives Schreiben in Hannover<\/h2>\n\n\n\n<p>Die Euro Akademie Hannover hat sich gleich mehrere Angebote f\u00fcr ihre Sch\u00fcler*innen einfallen lassen \u2013 sowohl f\u00fcr den Unterricht als auch, um sich einfach mal \u00fcber die neue Situation auszutauschen und zu h\u00f6ren, wie es jedem so geht. Die Sch\u00fcler*innen des zweiten Ausbildungsjahres nutzen beispielsweise nutzen die Zeit zur Vorbereitung auf die Abschlusspr\u00fcfungen im Sommer und wiederholen unter anderem die englische Grammatik mit zus\u00e4tzlich erstellten Online-Aufgaben. Lehrkr\u00e4fte und Sch\u00fcler*innen verabredeten sich  im Video-Chat, um sich \u00fcber pers\u00f6nliche Neuentdeckungen und Herausforderungen der Corona-Krise auszutauschen. Ein besonderes Zusatzangebot ist das kreative Schreiben f\u00fcr das Euro Akademie Magazin. Freuen Sie sich mit uns auf die spannenden Beitr\u00e4ge der Sch\u00fcler*innen. <em> <\/em><\/p>\n\n\n\n<h2 class=\"wp-block-heading\">Virtueller Ausflug und Workshop in Mainz<\/h2>\n\n\n\n<p>Auch beim digitalen Osterangebot der Euro Akademie Mainz waren viele Sch\u00fcler*innen gemeinsam aktiv. Mit ihrem Dozenten f\u00fcr Wirtschaft machten die Sch\u00fcler*innen digital einen Ausflug durch die besten B\u00fcros Deutschlands und im Workshop mit der Biologiedozentin lernten sie energiereiche M\u00fcsliriegel herzustellen.  <\/p>\n\n\n\n<h2 class=\"wp-block-heading\">Dance Session in den Ferien in Aschaffenburg<\/h2>\n\n\n\n<p>Damit auch Spa\u00df und Fitness nicht auf der Strecke bleiben, hat die Euro Akademie Aschaffenburg in den Osterferien mit einer Dance Session per Video-Chat gute Laune und Fitness in die Wohnzimmer von Sch\u00fcler*innen und Lehrkr\u00e4ften geholt. Gemeinsam studierten sie sogar eine kleine Choreografie ein. <\/p>\n\n\n\n<p>Die Corona-Zeit ist vor allem auch eine Zeit des Umdenkens. Lehrkr\u00e4fte, P\u00e4dagog*innen und Sch\u00fcler*innen an der Euro Akademie sind gemeinsam aktiv und kreativ geworden, um die Situation bestm\u00f6glich zu meistern.<\/p>\n\n\n\n<p>Wir freuen uns alle auf ein Wiedersehen \u2013 und nat\u00fcrlich auf Ihre Bewerbung. <\/p>\n\n\n\n<p>Bildquelle Beitragsbild: \u00a9 Akira Kaelyn\/shutterstock.com<\/p>\n","protected":false},"excerpt":{"rendered":"<p>\t\t\t\t<![CDATA[Wegen der Corona-Krise k\u00f6nnen viele Betriebe nicht ausbilden wie gewohnt. Eine Alternative zu den dualen Ausbildungen bietet die Euro Akademie. Bewerbungen sind jederzeit m\u00f6glich.  ]]>\t\t<\/p>\n","protected":false},"author":58,"featured_media":12799,"comment_status":"closed","ping_status":"closed","sticky":false,"template":"","format":"standard","meta":{"footnotes":""},"categories":[118,127],"tags":[802,1873,2080,6133],"class_list":{"0":"post-12794","1":"post","2":"type-post","3":"status-publish","4":"format-standard","5":"has-post-thumbnail","7":"category-im-fokus","8":"category-karriere","9":"tag-ausbildung-2020","10":"tag-corona","11":"tag-digitales-klassenzimmer","12":"tag-online-unterricht"},"yoast_head":"<!-- This site is optimized with the Yoast SEO plugin v23.5 - https:\/\/yoast.com\/wordpress\/plugins\/seo\/ -->\n<title>Ausbildungen an der Euro Akademie starten \/ Euro Akademie Magazin<\/title>\n<meta name=\"description\" content=\"Wegen der Corona-Krise k\u00f6nnen viele Betriebe nicht ausbilden wie gewohnt. Die Euro Akademie hat freie Ausbildungspl\u00e4tze. Bewerbungen sind jederzeit m\u00f6glich.\" \/>\n<meta name=\"robots\" content=\"index, follow, max-snippet:-1, max-image-preview:large, max-video-preview:-1\" \/>\n<link rel=\"canonical\" href=\"https:\/\/www.euroakademie.de\/magazin\/ganz-sicher-ausbildungen-an-der-euro-akademie-starten-wie-gewohnt-bewerben-sie-sich-jetzt\/\" \/>\n<meta property=\"og:locale\" content=\"de_DE\" \/>\n<meta property=\"og:type\" content=\"article\" \/>\n<meta property=\"og:title\" content=\"Ausbildungen an der Euro Akademie starten \/ Euro Akademie Magazin\" \/>\n<meta property=\"og:description\" content=\"Wegen der Corona-Krise k\u00f6nnen viele Betriebe nicht ausbilden wie gewohnt. Die Euro Akademie hat freie Ausbildungspl\u00e4tze. Bewerbungen sind jederzeit m\u00f6glich.\" \/>\n<meta property=\"og:url\" content=\"https:\/\/www.euroakademie.de\/magazin\/ganz-sicher-ausbildungen-an-der-euro-akademie-starten-wie-gewohnt-bewerben-sie-sich-jetzt\/\" \/>\n<meta property=\"og:site_name\" content=\"Das Euro Akademie Magazin\" \/>\n<meta property=\"article:published_time\" content=\"2020-04-23T13:41:53+00:00\" \/>\n<meta property=\"article:modified_time\" content=\"2024-11-18T14:54:14+00:00\" \/>\n<meta property=\"og:image\" content=\"https:\/\/www.euroakademie.de\/magazin\/wp-content\/uploads\/2020\/04\/shutterstock_1378106966-1_702x336_web.jpg\" \/>\n\t<meta property=\"og:image:width\" content=\"702\" \/>\n\t<meta property=\"og:image:height\" content=\"336\" \/>\n\t<meta property=\"og:image:type\" content=\"image\/jpeg\" \/>\n<meta name=\"author\" content=\"Tanja H\u00f6fling\" \/>\n<meta name=\"twitter:card\" content=\"summary_large_image\" \/>\n<meta name=\"twitter:label1\" content=\"Verfasst von\" \/>\n\t<meta name=\"twitter:data1\" content=\"Tanja H\u00f6fling\" \/>\n\t<meta name=\"twitter:label2\" content=\"Gesch\u00e4tzte Lesezeit\" \/>\n\t<meta name=\"twitter:data2\" content=\"1\u00a0Minute\" \/>\n<script type=\"application\/ld+json\" class=\"yoast-schema-graph\">{\"@context\":\"https:\/\/schema.org\",\"@graph\":[{\"@type\":\"Article\",\"@id\":\"https:\/\/www.euroakademie.de\/magazin\/ganz-sicher-ausbildungen-an-der-euro-akademie-starten-wie-gewohnt-bewerben-sie-sich-jetzt\/#article\",\"isPartOf\":{\"@id\":\"https:\/\/www.euroakademie.de\/magazin\/ganz-sicher-ausbildungen-an-der-euro-akademie-starten-wie-gewohnt-bewerben-sie-sich-jetzt\/\"},\"author\":{\"name\":\"Tanja H\u00f6fling\",\"@id\":\"https:\/\/www.euroakademie.de\/magazin\/#\/schema\/person\/2c0d3896d19e86373c87f4ac022d4919\"},\"headline\":\"Ganz sicher! Ausbildungen an der Euro Akademie starten wie gewohnt \u2013 bewerben Sie sich jetzt.\",\"datePublished\":\"2020-04-23T13:41:53+00:00\",\"dateModified\":\"2024-11-18T14:54:14+00:00\",\"mainEntityOfPage\":{\"@id\":\"https:\/\/www.euroakademie.de\/magazin\/ganz-sicher-ausbildungen-an-der-euro-akademie-starten-wie-gewohnt-bewerben-sie-sich-jetzt\/\"},\"wordCount\":833,\"publisher\":{\"@id\":\"https:\/\/www.euroakademie.de\/magazin\/#organization\"},\"image\":{\"@id\":\"https:\/\/www.euroakademie.de\/magazin\/ganz-sicher-ausbildungen-an-der-euro-akademie-starten-wie-gewohnt-bewerben-sie-sich-jetzt\/#primaryimage\"},\"thumbnailUrl\":\"https:\/\/www.euroakademie.de\/magazin\/wp-content\/uploads\/2020\/04\/shutterstock_1378106966-1_702x336_web.jpg\",\"keywords\":[\"Ausbildung 2020\",\"Corona\",\"digitales Klassenzimmer\",\"Online-Unterricht\"],\"articleSection\":[\"Im Fokus\",\"Karriere\"],\"inLanguage\":\"de\"},{\"@type\":\"WebPage\",\"@id\":\"https:\/\/www.euroakademie.de\/magazin\/ganz-sicher-ausbildungen-an-der-euro-akademie-starten-wie-gewohnt-bewerben-sie-sich-jetzt\/\",\"url\":\"https:\/\/www.euroakademie.de\/magazin\/ganz-sicher-ausbildungen-an-der-euro-akademie-starten-wie-gewohnt-bewerben-sie-sich-jetzt\/\",\"name\":\"Ausbildungen an der Euro Akademie starten \/ Euro Akademie Magazin\",\"isPartOf\":{\"@id\":\"https:\/\/www.euroakademie.de\/magazin\/#website\"},\"primaryImageOfPage\":{\"@id\":\"https:\/\/www.euroakademie.de\/magazin\/ganz-sicher-ausbildungen-an-der-euro-akademie-starten-wie-gewohnt-bewerben-sie-sich-jetzt\/#primaryimage\"},\"image\":{\"@id\":\"https:\/\/www.euroakademie.de\/magazin\/ganz-sicher-ausbildungen-an-der-euro-akademie-starten-wie-gewohnt-bewerben-sie-sich-jetzt\/#primaryimage\"},\"thumbnailUrl\":\"https:\/\/www.euroakademie.de\/magazin\/wp-content\/uploads\/2020\/04\/shutterstock_1378106966-1_702x336_web.jpg\",\"datePublished\":\"2020-04-23T13:41:53+00:00\",\"dateModified\":\"2024-11-18T14:54:14+00:00\",\"description\":\"Wegen der Corona-Krise k\u00f6nnen viele Betriebe nicht ausbilden wie gewohnt. Die Euro Akademie hat freie Ausbildungspl\u00e4tze. Bewerbungen sind jederzeit m\u00f6glich.\",\"breadcrumb\":{\"@id\":\"https:\/\/www.euroakademie.de\/magazin\/ganz-sicher-ausbildungen-an-der-euro-akademie-starten-wie-gewohnt-bewerben-sie-sich-jetzt\/#breadcrumb\"},\"inLanguage\":\"de\",\"potentialAction\":[{\"@type\":\"ReadAction\",\"target\":[\"https:\/\/www.euroakademie.de\/magazin\/ganz-sicher-ausbildungen-an-der-euro-akademie-starten-wie-gewohnt-bewerben-sie-sich-jetzt\/\"]}]},{\"@type\":\"ImageObject\",\"inLanguage\":\"de\",\"@id\":\"https:\/\/www.euroakademie.de\/magazin\/ganz-sicher-ausbildungen-an-der-euro-akademie-starten-wie-gewohnt-bewerben-sie-sich-jetzt\/#primaryimage\",\"url\":\"https:\/\/www.euroakademie.de\/magazin\/wp-content\/uploads\/2020\/04\/shutterstock_1378106966-1_702x336_web.jpg\",\"contentUrl\":\"https:\/\/www.euroakademie.de\/magazin\/wp-content\/uploads\/2020\/04\/shutterstock_1378106966-1_702x336_web.jpg\",\"width\":702,\"height\":336,\"caption\":\"\"},{\"@type\":\"BreadcrumbList\",\"@id\":\"https:\/\/www.euroakademie.de\/magazin\/ganz-sicher-ausbildungen-an-der-euro-akademie-starten-wie-gewohnt-bewerben-sie-sich-jetzt\/#breadcrumb\",\"itemListElement\":[{\"@type\":\"ListItem\",\"position\":1,\"name\":\"Startseite\",\"item\":\"https:\/\/www.euroakademie.de\/magazin\/\"},{\"@type\":\"ListItem\",\"position\":2,\"name\":\"Ganz sicher! Ausbildungen an der Euro Akademie starten wie gewohnt \u2013 bewerben Sie sich jetzt.\"}]},{\"@type\":\"WebSite\",\"@id\":\"https:\/\/www.euroakademie.de\/magazin\/#website\",\"url\":\"https:\/\/www.euroakademie.de\/magazin\/\",\"name\":\"Das Euro Akademie Magazin\",\"description\":\"Gut informiert durch Ausbildung und Studium\",\"publisher\":{\"@id\":\"https:\/\/www.euroakademie.de\/magazin\/#organization\"},\"potentialAction\":[{\"@type\":\"SearchAction\",\"target\":{\"@type\":\"EntryPoint\",\"urlTemplate\":\"https:\/\/www.euroakademie.de\/magazin\/?s={search_term_string}\"},\"query-input\":{\"@type\":\"PropertyValueSpecification\",\"valueRequired\":true,\"valueName\":\"search_term_string\"}}],\"inLanguage\":\"de\"},{\"@type\":\"Organization\",\"@id\":\"https:\/\/www.euroakademie.de\/magazin\/#organization\",\"name\":\"ESO Education Group\",\"url\":\"https:\/\/www.euroakademie.de\/magazin\/\",\"logo\":{\"@type\":\"ImageObject\",\"inLanguage\":\"de\",\"@id\":\"https:\/\/www.euroakademie.de\/magazin\/#\/schema\/logo\/image\/\",\"url\":\"https:\/\/relaunch.euroakademie.de\/magazin\/wp-content\/uploads\/2024\/11\/Logo_EA_negativ_Rahmen_5cm_300dpi_RGB.jpg\",\"contentUrl\":\"https:\/\/relaunch.euroakademie.de\/magazin\/wp-content\/uploads\/2024\/11\/Logo_EA_negativ_Rahmen_5cm_300dpi_RGB.jpg\",\"width\":591,\"height\":236,\"caption\":\"ESO Education Group\"},\"image\":{\"@id\":\"https:\/\/www.euroakademie.de\/magazin\/#\/schema\/logo\/image\/\"}},{\"@type\":\"Person\",\"@id\":\"https:\/\/www.euroakademie.de\/magazin\/#\/schema\/person\/2c0d3896d19e86373c87f4ac022d4919\",\"name\":\"Tanja H\u00f6fling\",\"description\":\"Von Juli 2017 bis Juli 2022 informierte die ehemalige Online-Redakteurin des Euro Akademie Magazins regelm\u00e4\u00dfig \u00fcber Aktuelles und Wissenswertes zu den Themen Ausbildung, Studium und Beruf.\",\"url\":\"https:\/\/www.euroakademie.de\/magazin\/author\/hoeflingt\/\"}]}<\/script>\n<!-- \/ Yoast SEO plugin. -->","yoast_head_json":{"title":"Ausbildungen an der Euro Akademie starten \/ Euro Akademie Magazin","description":"Wegen der Corona-Krise k\u00f6nnen viele Betriebe nicht ausbilden wie gewohnt. Die Euro Akademie hat freie Ausbildungspl\u00e4tze. Bewerbungen sind jederzeit m\u00f6glich.","robots":{"index":"index","follow":"follow","max-snippet":"max-snippet:-1","max-image-preview":"max-image-preview:large","max-video-preview":"max-video-preview:-1"},"canonical":"https:\/\/www.euroakademie.de\/magazin\/ganz-sicher-ausbildungen-an-der-euro-akademie-starten-wie-gewohnt-bewerben-sie-sich-jetzt\/","og_locale":"de_DE","og_type":"article","og_title":"Ausbildungen an der Euro Akademie starten \/ Euro Akademie Magazin","og_description":"Wegen der Corona-Krise k\u00f6nnen viele Betriebe nicht ausbilden wie gewohnt. Die Euro Akademie hat freie Ausbildungspl\u00e4tze. Bewerbungen sind jederzeit m\u00f6glich.","og_url":"https:\/\/www.euroakademie.de\/magazin\/ganz-sicher-ausbildungen-an-der-euro-akademie-starten-wie-gewohnt-bewerben-sie-sich-jetzt\/","og_site_name":"Das Euro Akademie Magazin","article_published_time":"2020-04-23T13:41:53+00:00","article_modified_time":"2024-11-18T14:54:14+00:00","og_image":[{"width":702,"height":336,"url":"https:\/\/www.euroakademie.de\/magazin\/wp-content\/uploads\/2020\/04\/shutterstock_1378106966-1_702x336_web.jpg","type":"image\/jpeg"}],"author":"Tanja H\u00f6fling","twitter_card":"summary_large_image","twitter_misc":{"Verfasst von":"Tanja H\u00f6fling","Gesch\u00e4tzte Lesezeit":"1\u00a0Minute"},"schema":{"@context":"https:\/\/schema.org","@graph":[{"@type":"Article","@id":"https:\/\/www.euroakademie.de\/magazin\/ganz-sicher-ausbildungen-an-der-euro-akademie-starten-wie-gewohnt-bewerben-sie-sich-jetzt\/#article","isPartOf":{"@id":"https:\/\/www.euroakademie.de\/magazin\/ganz-sicher-ausbildungen-an-der-euro-akademie-starten-wie-gewohnt-bewerben-sie-sich-jetzt\/"},"author":{"name":"Tanja H\u00f6fling","@id":"https:\/\/www.euroakademie.de\/magazin\/#\/schema\/person\/2c0d3896d19e86373c87f4ac022d4919"},"headline":"Ganz sicher! Ausbildungen an der Euro Akademie starten wie gewohnt \u2013 bewerben Sie sich jetzt.","datePublished":"2020-04-23T13:41:53+00:00","dateModified":"2024-11-18T14:54:14+00:00","mainEntityOfPage":{"@id":"https:\/\/www.euroakademie.de\/magazin\/ganz-sicher-ausbildungen-an-der-euro-akademie-starten-wie-gewohnt-bewerben-sie-sich-jetzt\/"},"wordCount":833,"publisher":{"@id":"https:\/\/www.euroakademie.de\/magazin\/#organization"},"image":{"@id":"https:\/\/www.euroakademie.de\/magazin\/ganz-sicher-ausbildungen-an-der-euro-akademie-starten-wie-gewohnt-bewerben-sie-sich-jetzt\/#primaryimage"},"thumbnailUrl":"https:\/\/www.euroakademie.de\/magazin\/wp-content\/uploads\/2020\/04\/shutterstock_1378106966-1_702x336_web.jpg","keywords":["Ausbildung 2020","Corona","digitales Klassenzimmer","Online-Unterricht"],"articleSection":["Im Fokus","Karriere"],"inLanguage":"de"},{"@type":"WebPage","@id":"https:\/\/www.euroakademie.de\/magazin\/ganz-sicher-ausbildungen-an-der-euro-akademie-starten-wie-gewohnt-bewerben-sie-sich-jetzt\/","url":"https:\/\/www.euroakademie.de\/magazin\/ganz-sicher-ausbildungen-an-der-euro-akademie-starten-wie-gewohnt-bewerben-sie-sich-jetzt\/","name":"Ausbildungen an der Euro Akademie starten \/ Euro Akademie Magazin","isPartOf":{"@id":"https:\/\/www.euroakademie.de\/magazin\/#website"},"primaryImageOfPage":{"@id":"https:\/\/www.euroakademie.de\/magazin\/ganz-sicher-ausbildungen-an-der-euro-akademie-starten-wie-gewohnt-bewerben-sie-sich-jetzt\/#primaryimage"},"image":{"@id":"https:\/\/www.euroakademie.de\/magazin\/ganz-sicher-ausbildungen-an-der-euro-akademie-starten-wie-gewohnt-bewerben-sie-sich-jetzt\/#primaryimage"},"thumbnailUrl":"https:\/\/www.euroakademie.de\/magazin\/wp-content\/uploads\/2020\/04\/shutterstock_1378106966-1_702x336_web.jpg","datePublished":"2020-04-23T13:41:53+00:00","dateModified":"2024-11-18T14:54:14+00:00","description":"Wegen der Corona-Krise k\u00f6nnen viele Betriebe nicht ausbilden wie gewohnt. Die Euro Akademie hat freie Ausbildungspl\u00e4tze. Bewerbungen sind jederzeit m\u00f6glich.","breadcrumb":{"@id":"https:\/\/www.euroakademie.de\/magazin\/ganz-sicher-ausbildungen-an-der-euro-akademie-starten-wie-gewohnt-bewerben-sie-sich-jetzt\/#breadcrumb"},"inLanguage":"de","potentialAction":[{"@type":"ReadAction","target":["https:\/\/www.euroakademie.de\/magazin\/ganz-sicher-ausbildungen-an-der-euro-akademie-starten-wie-gewohnt-bewerben-sie-sich-jetzt\/"]}]},{"@type":"ImageObject","inLanguage":"de","@id":"https:\/\/www.euroakademie.de\/magazin\/ganz-sicher-ausbildungen-an-der-euro-akademie-starten-wie-gewohnt-bewerben-sie-sich-jetzt\/#primaryimage","url":"https:\/\/www.euroakademie.de\/magazin\/wp-content\/uploads\/2020\/04\/shutterstock_1378106966-1_702x336_web.jpg","contentUrl":"https:\/\/www.euroakademie.de\/magazin\/wp-content\/uploads\/2020\/04\/shutterstock_1378106966-1_702x336_web.jpg","width":702,"height":336,"caption":""},{"@type":"BreadcrumbList","@id":"https:\/\/www.euroakademie.de\/magazin\/ganz-sicher-ausbildungen-an-der-euro-akademie-starten-wie-gewohnt-bewerben-sie-sich-jetzt\/#breadcrumb","itemListElement":[{"@type":"ListItem","position":1,"name":"Startseite","item":"https:\/\/www.euroakademie.de\/magazin\/"},{"@type":"ListItem","position":2,"name":"Ganz sicher! Ausbildungen an der Euro Akademie starten wie gewohnt \u2013 bewerben Sie sich jetzt."}]},{"@type":"WebSite","@id":"https:\/\/www.euroakademie.de\/magazin\/#website","url":"https:\/\/www.euroakademie.de\/magazin\/","name":"Das Euro Akademie Magazin","description":"Gut informiert durch Ausbildung und Studium","publisher":{"@id":"https:\/\/www.euroakademie.de\/magazin\/#organization"},"potentialAction":[{"@type":"SearchAction","target":{"@type":"EntryPoint","urlTemplate":"https:\/\/www.euroakademie.de\/magazin\/?s={search_term_string}"},"query-input":{"@type":"PropertyValueSpecification","valueRequired":true,"valueName":"search_term_string"}}],"inLanguage":"de"},{"@type":"Organization","@id":"https:\/\/www.euroakademie.de\/magazin\/#organization","name":"ESO Education Group","url":"https:\/\/www.euroakademie.de\/magazin\/","logo":{"@type":"ImageObject","inLanguage":"de","@id":"https:\/\/www.euroakademie.de\/magazin\/#\/schema\/logo\/image\/","url":"https:\/\/relaunch.euroakademie.de\/magazin\/wp-content\/uploads\/2024\/11\/Logo_EA_negativ_Rahmen_5cm_300dpi_RGB.jpg","contentUrl":"https:\/\/relaunch.euroakademie.de\/magazin\/wp-content\/uploads\/2024\/11\/Logo_EA_negativ_Rahmen_5cm_300dpi_RGB.jpg","width":591,"height":236,"caption":"ESO Education Group"},"image":{"@id":"https:\/\/www.euroakademie.de\/magazin\/#\/schema\/logo\/image\/"}},{"@type":"Person","@id":"https:\/\/www.euroakademie.de\/magazin\/#\/schema\/person\/2c0d3896d19e86373c87f4ac022d4919","name":"Tanja H\u00f6fling","description":"Von Juli 2017 bis Juli 2022 informierte die ehemalige Online-Redakteurin des Euro Akademie Magazins regelm\u00e4\u00dfig \u00fcber Aktuelles und Wissenswertes zu den Themen Ausbildung, Studium und Beruf.","url":"https:\/\/www.euroakademie.de\/magazin\/author\/hoeflingt\/"}]}},"_links":{"self":[{"href":"https:\/\/www.euroakademie.de\/magazin\/wp-json\/wp\/v2\/posts\/12794","targetHints":{"allow":["GET"]}}],"collection":[{"href":"https:\/\/www.euroakademie.de\/magazin\/wp-json\/wp\/v2\/posts"}],"about":[{"href":"https:\/\/www.euroakademie.de\/magazin\/wp-json\/wp\/v2\/types\/post"}],"author":[{"embeddable":true,"href":"https:\/\/www.euroakademie.de\/magazin\/wp-json\/wp\/v2\/users\/58"}],"replies":[{"embeddable":true,"href":"https:\/\/www.euroakademie.de\/magazin\/wp-json\/wp\/v2\/comments?post=12794"}],"version-history":[{"count":1,"href":"https:\/\/www.euroakademie.de\/magazin\/wp-json\/wp\/v2\/posts\/12794\/revisions"}],"predecessor-version":[{"id":22929,"href":"https:\/\/www.euroakademie.de\/magazin\/wp-json\/wp\/v2\/posts\/12794\/revisions\/22929"}],"wp:featuredmedia":[{"embeddable":true,"href":"https:\/\/www.euroakademie.de\/magazin\/wp-json\/wp\/v2\/media\/12799"}],"wp:attachment":[{"href":"https:\/\/www.euroakademie.de\/magazin\/wp-json\/wp\/v2\/media?parent=12794"}],"wp:term":[{"taxonomy":"category","embeddable":true,"href":"https:\/\/www.euroakademie.de\/magazin\/wp-json\/wp\/v2\/categories?post=12794"},{"taxonomy":"post_tag","embeddable":true,"href":"https:\/\/www.euroakademie.de\/magazin\/wp-json\/wp\/v2\/tags?post=12794"}],"curies":[{"name":"wp","href":"https:\/\/api.w.org\/{rel}","templated":true}]}}