{"id":12857,"date":"2020-05-12T07:50:18","date_gmt":"2020-05-12T05:50:18","guid":{"rendered":"https:\/\/www.euroakademie.de\/magazin\/?p=12857"},"modified":"2026-02-10T16:30:18","modified_gmt":"2026-02-10T15:30:18","slug":"geschichte-der-altenpflege","status":"publish","type":"post","link":"https:\/\/www.euroakademie.de\/magazin\/geschichte-der-altenpflege\/","title":{"rendered":"Tag der Pflegenden: die Geschichte der Altenpflege"},"content":{"rendered":"<p><![CDATA[\n<\/p>\n\n\n<p><strong>Am 12. Mai 2020 gibt es gleich doppelten Grund zum Feiern: zum einen gedenken wir an diesem Internationalen Tag der Pflegenden allen Menschen in Pflegeberufen, dieses Jahr unter dem Motto \u201eDie Welt GESUND pflegen\u201c. Da sich an diesem Tag der Geburtstag der Pionierin der Krankenpflege, Florence Nightingale, zum 200. Mal j\u00e4hrt, hat die Weltgesundheitsorganisation auch das ganze Jahr 2020 zum weltweiten Jahr der professionell Pflegenden und Hebammen erkl\u00e4rt. Und wer konnte ahnen, wie sehr die Pflegekr\u00e4fte durch das Coronavirus dieses Jahr im Mittelpunkt stehen? <\/strong><\/p>\n\n\n\n<p>Einen Blick in die <a href=\"https:\/\/www.euroakademie.de\/magazin\/berufe-im-wandel-zukunftsberuf-altenpflegerin\/\" target=\"_blank\" rel=\"noreferrer noopener\" label=\"Zukunft der Altenpflege (\u00f6ffnet in neuem Tab)\">Zukunft der Altenpflege<\/a> haben wir schon gewagt, nun m\u00f6chten wir in die Vergangenheit blicken: Seit wann gibt es dieses Berufsbild \u00fcberhaupt und wie ist es entstanden? <\/p>\n\n\n\n<h2 class=\"wp-block-heading\">Altenpflege war lange Zeit Familiensache<\/h2>\n\n\n\n<p>Bis in die 1950er-Jahre hinein war die Pflege \u00e4lterer Angeh\u00f6riger haupts\u00e4chlich Aufgabe der Familie. Oft lebten mehrere Generationen gemeinsam in einem Haus. W\u00e4hrend die Gro\u00dfeltern bei der Kinderbetreuung halfen, k\u00fcmmerten sich die j\u00fcngeren um die pflegebed\u00fcrftigen \u00e4lteren Familienmitglieder. Die Generationen waren also stark voneinander abh\u00e4ngig. Wer keine Familie hatte, musste in einem Alten- oder Siechenheim unterkommen. Doch hier waren die Zust\u00e4nde oft katastrophal: Die Pfleger*innen hatten selten eine fachliche Ausbildung und als in Folge des Zweiten Weltkriegs die Zahl der Pflegebed\u00fcrftigen zunahm, reichten die Kapazit\u00e4ten bald nicht mehr aus. Die Heime suchten dringend neue Mitarbeiterinnen \u2013 und ich schreibe hier bewusst Mitarbeiterinnen, denn die Pflegearbeit war damals ein reiner Frauenberuf. Schlie\u00dflich waren \u2013 nach damaliger Ansicht \u2013 Frauen durch ihre \u201eweiblichen Eigenschaften\u201c pr\u00e4destiniert daf\u00fcr, auch ohne Ausbildung alte Menschen zu pflegen. <\/p>\n\n\n\n<p>Erst Ende der 1950er-Jahre begannen erste Einrichtungen, die Altenpflegerinnen in internen Schulungen fortzubilden. Da die Zahl der Heime immer weiter zunahm, wurde diese Idee aufgegriffen und die ersten Ausbildungsst\u00e4tten entstanden. Eine offizielle, klar geregelte Ausbildung zum*r Altenpfleger*in gab es aber noch nicht. Diese entstand erst Ende der 1960er-Jahre. Am 10. Juli 1969 trat die bundesweit erste staatliche Ausbildungsordnung in der Altenpflege in Kraft und definierte damit erstmalig Dauer, Inhalte und Ziele der Ausbildung. Schon bald gab es diese Ausbildung in allen Bundesl\u00e4ndern und der erste deutsche Berufsverband der Altenpfleger*innen (DBVA) entstand. Der Ausbildungsgang entwickelte sich schnell weiter und wurde mehrmals inhaltlich erweitert und zeitlich verl\u00e4ngert \u2013 in den 1980ern zun\u00e4chst auf zwei, Mitte der 1990er dann auf drei Jahre. <\/p>\n\n\n\n<h2 class=\"wp-block-heading\">Aus Altenpfleger*in wird Pflegefachmann*frau <\/h2>\n\n\n\n<p>Nicht nur das Ausbildungskonzept ver\u00e4nderte sich, auch der Beruf des*der Altenpfleger*in wurde immer wichtiger \u2013 und dadurch auch flexibler und moderner. Gepflegt wird heute nicht mehr nur in Altenheimen, sondern auch in Pflegeheimen, Tagesst\u00e4tten oder ambulant zu Hause. Altenpflegekr\u00e4fte sind auch nicht mehr blo\u00df Pfleger*innen: sie pflegen, betreuen, aktivieren und f\u00f6rdern, sind verantwortlich f\u00fcr die Planung und Dokumentation der individuellen Pflege und die medizinische Grundversorgung der Senior*innen. <br>Um den verantwortungsvollen Berufen in der Pflege gerecht zu werden, gab es eine gro\u00dfe \u00c4nderung in der Ausbildung der Pflegekr\u00e4fte, auch in der Altenpflege: <a aria-label=\"die generalistische Pflegeausbildung (\u00f6ffnet in neuem Tab)\" href=\"https:\/\/www.euroakademie.de\/magazin\/generalistische-pflegeausbildung\/\" target=\"_blank\" rel=\"noreferrer noopener\">die generalistische Pflegeausbildung<\/a>. Ab sofort werden die bisherigen drei Ausbildungen Altenpflege, Krankenpflege und Kinderkrankenpflege zu einem Beruf mit dem Abschluss Pflegefachfrau oder Pflegefachmann zusammengefasst. Eine neue, moderne und flexible Ausbildung \u2013 die sie auch <a label=\"an vielen Standorten der Euro Akademie (\u00f6ffnet in neuem Tab)\" href=\"https:\/\/www.euroakademie.de\/details\/DJZ5__6OO2Q18S_1\/PflegefachmannPflegefachfrau\" target=\"_blank\" rel=\"noreferrer noopener\">an vielen Standorten der Euro Akademie<\/a> absolvieren k\u00f6nnen.<\/p>\n\n\n\n<p><\/p>\n\n\n\n<p><em> Bildquelle Beitragsbild: \u00a9  wk1003mike\/shutterstock.com   <\/em> <br><\/p>\n\n\n\n<div class=\"wp-block-buttons is-layout-flex wp-block-buttons-is-layout-flex\">\n<div class=\"wp-block-button\"><a class=\"wp-block-button__link has-background wp-element-button\" href=\"https:\/\/www.euroakademie.de\/bildungsangebote\/gesundheit-pflege\" style=\"background-color:#95c11f;padding-top:var(--wp--preset--spacing--40);padding-right:var(--wp--preset--spacing--30);padding-bottom:var(--wp--preset--spacing--40);padding-left:var(--wp--preset--spacing--30)\">Werde an der euro Akademie zum Pflegeprofi!<\/a><\/div>\n<\/div>\n","protected":false},"excerpt":{"rendered":"<p>\t\t\t\t<![CDATA[Von der Familienaufgabe zum modernen Beruf: Zum Tag der Pflegenden geben wir einen Einblick in die Geschichte der Altenpflege.]]>\t\t<\/p>\n","protected":false},"author":76,"featured_media":12863,"comment_status":"closed","ping_status":"closed","sticky":false,"template":"","format":"standard","meta":{"footnotes":""},"categories":[16],"tags":[415,418,424,430,6400,8065,8068,8083],"class_list":{"0":"post-12857","1":"post","2":"type-post","3":"status-publish","4":"format-standard","5":"has-post-thumbnail","7":"category-gesundheit-pflege","8":"tag-altenheim","9":"tag-altenpflege","10":"tag-altenpflegehelferin","11":"tag-altenpfleger","12":"tag-pflegefachfrau","13":"tag-tag-der-pflege","14":"tag-tag-der-pflegedenden","15":"tag-tagderpflegenden"},"yoast_head":"<!-- This site is optimized with the Yoast SEO plugin v23.5 - https:\/\/yoast.com\/wordpress\/plugins\/seo\/ -->\n<title>Tag der Pflegenden: die Geschichte der Altenpflege<\/title>\n<meta name=\"description\" content=\"Von der Familienaufgabe zum modernen Beruf: Zum Tag der Pflegenden geben wir einen Einblick in die Geschichte der Altenpflege.\" \/>\n<meta name=\"robots\" content=\"index, follow, max-snippet:-1, max-image-preview:large, max-video-preview:-1\" \/>\n<link rel=\"canonical\" href=\"https:\/\/www.euroakademie.de\/magazin\/geschichte-der-altenpflege\/\" \/>\n<meta property=\"og:locale\" content=\"de_DE\" \/>\n<meta property=\"og:type\" content=\"article\" \/>\n<meta property=\"og:title\" content=\"Tag der Pflegenden: die Geschichte der Altenpflege\" \/>\n<meta property=\"og:description\" content=\"Von der Familienaufgabe zum modernen Beruf: Zum Tag der Pflegenden geben wir einen Einblick in die Geschichte der Altenpflege.\" \/>\n<meta property=\"og:url\" content=\"https:\/\/www.euroakademie.de\/magazin\/geschichte-der-altenpflege\/\" \/>\n<meta property=\"og:site_name\" content=\"Das Euro Akademie Magazin\" \/>\n<meta property=\"article:published_time\" content=\"2020-05-12T05:50:18+00:00\" \/>\n<meta property=\"article:modified_time\" content=\"2026-02-10T15:30:18+00:00\" \/>\n<meta property=\"og:image\" content=\"https:\/\/www.euroakademie.de\/magazin\/wp-content\/uploads\/2020\/05\/shutterstock_276458135.jpg\" \/>\n\t<meta property=\"og:image:width\" content=\"702\" \/>\n\t<meta property=\"og:image:height\" content=\"336\" \/>\n\t<meta property=\"og:image:type\" content=\"image\/jpeg\" \/>\n<meta name=\"author\" content=\"Anna R\u00fcppel\" \/>\n<meta name=\"twitter:card\" content=\"summary_large_image\" \/>\n<meta name=\"twitter:label1\" content=\"Verfasst von\" \/>\n\t<meta name=\"twitter:data1\" content=\"Anna R\u00fcppel\" \/>\n\t<meta name=\"twitter:label2\" content=\"Gesch\u00e4tzte Lesezeit\" \/>\n\t<meta name=\"twitter:data2\" content=\"1\u00a0Minute\" \/>\n<script type=\"application\/ld+json\" class=\"yoast-schema-graph\">{\"@context\":\"https:\/\/schema.org\",\"@graph\":[{\"@type\":\"Article\",\"@id\":\"https:\/\/www.euroakademie.de\/magazin\/geschichte-der-altenpflege\/#article\",\"isPartOf\":{\"@id\":\"https:\/\/www.euroakademie.de\/magazin\/geschichte-der-altenpflege\/\"},\"author\":{\"name\":\"Anna R\u00fcppel\",\"@id\":\"https:\/\/www.euroakademie.de\/magazin\/#\/schema\/person\/60fedb6ea7279f88d9086938e970d05e\"},\"headline\":\"Tag der Pflegenden: die Geschichte der Altenpflege\",\"datePublished\":\"2020-05-12T05:50:18+00:00\",\"dateModified\":\"2026-02-10T15:30:18+00:00\",\"mainEntityOfPage\":{\"@id\":\"https:\/\/www.euroakademie.de\/magazin\/geschichte-der-altenpflege\/\"},\"wordCount\":554,\"publisher\":{\"@id\":\"https:\/\/www.euroakademie.de\/magazin\/#organization\"},\"image\":{\"@id\":\"https:\/\/www.euroakademie.de\/magazin\/geschichte-der-altenpflege\/#primaryimage\"},\"thumbnailUrl\":\"https:\/\/www.euroakademie.de\/magazin\/wp-content\/uploads\/2020\/05\/shutterstock_276458135.jpg\",\"keywords\":[\"Altenheim\",\"Altenpflege\",\"Altenpflegehelferin\",\"Altenpfleger\",\"Pflegefachfrau\",\"Tag der Pflege\",\"Tag der Pflegedenden\",\"TagderPflegenden\"],\"articleSection\":[\"Gesundheit &amp; Pflege\"],\"inLanguage\":\"de\"},{\"@type\":\"WebPage\",\"@id\":\"https:\/\/www.euroakademie.de\/magazin\/geschichte-der-altenpflege\/\",\"url\":\"https:\/\/www.euroakademie.de\/magazin\/geschichte-der-altenpflege\/\",\"name\":\"Tag der Pflegenden: die Geschichte der Altenpflege\",\"isPartOf\":{\"@id\":\"https:\/\/www.euroakademie.de\/magazin\/#website\"},\"primaryImageOfPage\":{\"@id\":\"https:\/\/www.euroakademie.de\/magazin\/geschichte-der-altenpflege\/#primaryimage\"},\"image\":{\"@id\":\"https:\/\/www.euroakademie.de\/magazin\/geschichte-der-altenpflege\/#primaryimage\"},\"thumbnailUrl\":\"https:\/\/www.euroakademie.de\/magazin\/wp-content\/uploads\/2020\/05\/shutterstock_276458135.jpg\",\"datePublished\":\"2020-05-12T05:50:18+00:00\",\"dateModified\":\"2026-02-10T15:30:18+00:00\",\"description\":\"Von der Familienaufgabe zum modernen Beruf: Zum Tag der Pflegenden geben wir einen Einblick in die Geschichte der Altenpflege.\",\"breadcrumb\":{\"@id\":\"https:\/\/www.euroakademie.de\/magazin\/geschichte-der-altenpflege\/#breadcrumb\"},\"inLanguage\":\"de\",\"potentialAction\":[{\"@type\":\"ReadAction\",\"target\":[\"https:\/\/www.euroakademie.de\/magazin\/geschichte-der-altenpflege\/\"]}]},{\"@type\":\"ImageObject\",\"inLanguage\":\"de\",\"@id\":\"https:\/\/www.euroakademie.de\/magazin\/geschichte-der-altenpflege\/#primaryimage\",\"url\":\"https:\/\/www.euroakademie.de\/magazin\/wp-content\/uploads\/2020\/05\/shutterstock_276458135.jpg\",\"contentUrl\":\"https:\/\/www.euroakademie.de\/magazin\/wp-content\/uploads\/2020\/05\/shutterstock_276458135.jpg\",\"width\":702,\"height\":336,\"caption\":\"\"},{\"@type\":\"BreadcrumbList\",\"@id\":\"https:\/\/www.euroakademie.de\/magazin\/geschichte-der-altenpflege\/#breadcrumb\",\"itemListElement\":[{\"@type\":\"ListItem\",\"position\":1,\"name\":\"Startseite\",\"item\":\"https:\/\/www.euroakademie.de\/magazin\/\"},{\"@type\":\"ListItem\",\"position\":2,\"name\":\"Tag der Pflegenden: die Geschichte der Altenpflege\"}]},{\"@type\":\"WebSite\",\"@id\":\"https:\/\/www.euroakademie.de\/magazin\/#website\",\"url\":\"https:\/\/www.euroakademie.de\/magazin\/\",\"name\":\"Das Euro Akademie Magazin\",\"description\":\"Gut informiert durch Ausbildung und Studium\",\"publisher\":{\"@id\":\"https:\/\/www.euroakademie.de\/magazin\/#organization\"},\"potentialAction\":[{\"@type\":\"SearchAction\",\"target\":{\"@type\":\"EntryPoint\",\"urlTemplate\":\"https:\/\/www.euroakademie.de\/magazin\/?s={search_term_string}\"},\"query-input\":{\"@type\":\"PropertyValueSpecification\",\"valueRequired\":true,\"valueName\":\"search_term_string\"}}],\"inLanguage\":\"de\"},{\"@type\":\"Organization\",\"@id\":\"https:\/\/www.euroakademie.de\/magazin\/#organization\",\"name\":\"ESO Education Group\",\"url\":\"https:\/\/www.euroakademie.de\/magazin\/\",\"logo\":{\"@type\":\"ImageObject\",\"inLanguage\":\"de\",\"@id\":\"https:\/\/www.euroakademie.de\/magazin\/#\/schema\/logo\/image\/\",\"url\":\"https:\/\/relaunch.euroakademie.de\/magazin\/wp-content\/uploads\/2024\/11\/Logo_EA_negativ_Rahmen_5cm_300dpi_RGB.jpg\",\"contentUrl\":\"https:\/\/relaunch.euroakademie.de\/magazin\/wp-content\/uploads\/2024\/11\/Logo_EA_negativ_Rahmen_5cm_300dpi_RGB.jpg\",\"width\":591,\"height\":236,\"caption\":\"ESO Education Group\"},\"image\":{\"@id\":\"https:\/\/www.euroakademie.de\/magazin\/#\/schema\/logo\/image\/\"}},{\"@type\":\"Person\",\"@id\":\"https:\/\/www.euroakademie.de\/magazin\/#\/schema\/person\/60fedb6ea7279f88d9086938e970d05e\",\"name\":\"Anna R\u00fcppel\",\"description\":\"Anna R\u00fcppel ist mit 1,78 m die Gr\u00f6\u00dfte, wenn es um Ausbildung und Beruf geht. Als Kind war sie kleiner. Von April 2019 bis November 2022 schrieb sie kleinere und gr\u00f6\u00dfere Artikel f\u00fcr das Euro Akademie Magazin.\",\"url\":\"https:\/\/www.euroakademie.de\/magazin\/author\/rueppela\/\"}]}<\/script>\n<!-- \/ Yoast SEO plugin. -->","yoast_head_json":{"title":"Tag der Pflegenden: die Geschichte der Altenpflege","description":"Von der Familienaufgabe zum modernen Beruf: Zum Tag der Pflegenden geben wir einen Einblick in die Geschichte der Altenpflege.","robots":{"index":"index","follow":"follow","max-snippet":"max-snippet:-1","max-image-preview":"max-image-preview:large","max-video-preview":"max-video-preview:-1"},"canonical":"https:\/\/www.euroakademie.de\/magazin\/geschichte-der-altenpflege\/","og_locale":"de_DE","og_type":"article","og_title":"Tag der Pflegenden: die Geschichte der Altenpflege","og_description":"Von der Familienaufgabe zum modernen Beruf: Zum Tag der Pflegenden geben wir einen Einblick in die Geschichte der Altenpflege.","og_url":"https:\/\/www.euroakademie.de\/magazin\/geschichte-der-altenpflege\/","og_site_name":"Das Euro Akademie Magazin","article_published_time":"2020-05-12T05:50:18+00:00","article_modified_time":"2026-02-10T15:30:18+00:00","og_image":[{"width":702,"height":336,"url":"https:\/\/www.euroakademie.de\/magazin\/wp-content\/uploads\/2020\/05\/shutterstock_276458135.jpg","type":"image\/jpeg"}],"author":"Anna R\u00fcppel","twitter_card":"summary_large_image","twitter_misc":{"Verfasst von":"Anna R\u00fcppel","Gesch\u00e4tzte Lesezeit":"1\u00a0Minute"},"schema":{"@context":"https:\/\/schema.org","@graph":[{"@type":"Article","@id":"https:\/\/www.euroakademie.de\/magazin\/geschichte-der-altenpflege\/#article","isPartOf":{"@id":"https:\/\/www.euroakademie.de\/magazin\/geschichte-der-altenpflege\/"},"author":{"name":"Anna R\u00fcppel","@id":"https:\/\/www.euroakademie.de\/magazin\/#\/schema\/person\/60fedb6ea7279f88d9086938e970d05e"},"headline":"Tag der Pflegenden: die Geschichte der Altenpflege","datePublished":"2020-05-12T05:50:18+00:00","dateModified":"2026-02-10T15:30:18+00:00","mainEntityOfPage":{"@id":"https:\/\/www.euroakademie.de\/magazin\/geschichte-der-altenpflege\/"},"wordCount":554,"publisher":{"@id":"https:\/\/www.euroakademie.de\/magazin\/#organization"},"image":{"@id":"https:\/\/www.euroakademie.de\/magazin\/geschichte-der-altenpflege\/#primaryimage"},"thumbnailUrl":"https:\/\/www.euroakademie.de\/magazin\/wp-content\/uploads\/2020\/05\/shutterstock_276458135.jpg","keywords":["Altenheim","Altenpflege","Altenpflegehelferin","Altenpfleger","Pflegefachfrau","Tag der Pflege","Tag der Pflegedenden","TagderPflegenden"],"articleSection":["Gesundheit &amp; Pflege"],"inLanguage":"de"},{"@type":"WebPage","@id":"https:\/\/www.euroakademie.de\/magazin\/geschichte-der-altenpflege\/","url":"https:\/\/www.euroakademie.de\/magazin\/geschichte-der-altenpflege\/","name":"Tag der Pflegenden: die Geschichte der Altenpflege","isPartOf":{"@id":"https:\/\/www.euroakademie.de\/magazin\/#website"},"primaryImageOfPage":{"@id":"https:\/\/www.euroakademie.de\/magazin\/geschichte-der-altenpflege\/#primaryimage"},"image":{"@id":"https:\/\/www.euroakademie.de\/magazin\/geschichte-der-altenpflege\/#primaryimage"},"thumbnailUrl":"https:\/\/www.euroakademie.de\/magazin\/wp-content\/uploads\/2020\/05\/shutterstock_276458135.jpg","datePublished":"2020-05-12T05:50:18+00:00","dateModified":"2026-02-10T15:30:18+00:00","description":"Von der Familienaufgabe zum modernen Beruf: Zum Tag der Pflegenden geben wir einen Einblick in die Geschichte der Altenpflege.","breadcrumb":{"@id":"https:\/\/www.euroakademie.de\/magazin\/geschichte-der-altenpflege\/#breadcrumb"},"inLanguage":"de","potentialAction":[{"@type":"ReadAction","target":["https:\/\/www.euroakademie.de\/magazin\/geschichte-der-altenpflege\/"]}]},{"@type":"ImageObject","inLanguage":"de","@id":"https:\/\/www.euroakademie.de\/magazin\/geschichte-der-altenpflege\/#primaryimage","url":"https:\/\/www.euroakademie.de\/magazin\/wp-content\/uploads\/2020\/05\/shutterstock_276458135.jpg","contentUrl":"https:\/\/www.euroakademie.de\/magazin\/wp-content\/uploads\/2020\/05\/shutterstock_276458135.jpg","width":702,"height":336,"caption":""},{"@type":"BreadcrumbList","@id":"https:\/\/www.euroakademie.de\/magazin\/geschichte-der-altenpflege\/#breadcrumb","itemListElement":[{"@type":"ListItem","position":1,"name":"Startseite","item":"https:\/\/www.euroakademie.de\/magazin\/"},{"@type":"ListItem","position":2,"name":"Tag der Pflegenden: die Geschichte der Altenpflege"}]},{"@type":"WebSite","@id":"https:\/\/www.euroakademie.de\/magazin\/#website","url":"https:\/\/www.euroakademie.de\/magazin\/","name":"Das Euro Akademie Magazin","description":"Gut informiert durch Ausbildung und Studium","publisher":{"@id":"https:\/\/www.euroakademie.de\/magazin\/#organization"},"potentialAction":[{"@type":"SearchAction","target":{"@type":"EntryPoint","urlTemplate":"https:\/\/www.euroakademie.de\/magazin\/?s={search_term_string}"},"query-input":{"@type":"PropertyValueSpecification","valueRequired":true,"valueName":"search_term_string"}}],"inLanguage":"de"},{"@type":"Organization","@id":"https:\/\/www.euroakademie.de\/magazin\/#organization","name":"ESO Education Group","url":"https:\/\/www.euroakademie.de\/magazin\/","logo":{"@type":"ImageObject","inLanguage":"de","@id":"https:\/\/www.euroakademie.de\/magazin\/#\/schema\/logo\/image\/","url":"https:\/\/relaunch.euroakademie.de\/magazin\/wp-content\/uploads\/2024\/11\/Logo_EA_negativ_Rahmen_5cm_300dpi_RGB.jpg","contentUrl":"https:\/\/relaunch.euroakademie.de\/magazin\/wp-content\/uploads\/2024\/11\/Logo_EA_negativ_Rahmen_5cm_300dpi_RGB.jpg","width":591,"height":236,"caption":"ESO Education Group"},"image":{"@id":"https:\/\/www.euroakademie.de\/magazin\/#\/schema\/logo\/image\/"}},{"@type":"Person","@id":"https:\/\/www.euroakademie.de\/magazin\/#\/schema\/person\/60fedb6ea7279f88d9086938e970d05e","name":"Anna R\u00fcppel","description":"Anna R\u00fcppel ist mit 1,78 m die Gr\u00f6\u00dfte, wenn es um Ausbildung und Beruf geht. Als Kind war sie kleiner. Von April 2019 bis November 2022 schrieb sie kleinere und gr\u00f6\u00dfere Artikel f\u00fcr das Euro Akademie Magazin.","url":"https:\/\/www.euroakademie.de\/magazin\/author\/rueppela\/"}]}},"_links":{"self":[{"href":"https:\/\/www.euroakademie.de\/magazin\/wp-json\/wp\/v2\/posts\/12857","targetHints":{"allow":["GET"]}}],"collection":[{"href":"https:\/\/www.euroakademie.de\/magazin\/wp-json\/wp\/v2\/posts"}],"about":[{"href":"https:\/\/www.euroakademie.de\/magazin\/wp-json\/wp\/v2\/types\/post"}],"author":[{"embeddable":true,"href":"https:\/\/www.euroakademie.de\/magazin\/wp-json\/wp\/v2\/users\/76"}],"replies":[{"embeddable":true,"href":"https:\/\/www.euroakademie.de\/magazin\/wp-json\/wp\/v2\/comments?post=12857"}],"version-history":[{"count":5,"href":"https:\/\/www.euroakademie.de\/magazin\/wp-json\/wp\/v2\/posts\/12857\/revisions"}],"predecessor-version":[{"id":29616,"href":"https:\/\/www.euroakademie.de\/magazin\/wp-json\/wp\/v2\/posts\/12857\/revisions\/29616"}],"wp:featuredmedia":[{"embeddable":true,"href":"https:\/\/www.euroakademie.de\/magazin\/wp-json\/wp\/v2\/media\/12863"}],"wp:attachment":[{"href":"https:\/\/www.euroakademie.de\/magazin\/wp-json\/wp\/v2\/media?parent=12857"}],"wp:term":[{"taxonomy":"category","embeddable":true,"href":"https:\/\/www.euroakademie.de\/magazin\/wp-json\/wp\/v2\/categories?post=12857"},{"taxonomy":"post_tag","embeddable":true,"href":"https:\/\/www.euroakademie.de\/magazin\/wp-json\/wp\/v2\/tags?post=12857"}],"curies":[{"name":"wp","href":"https:\/\/api.w.org\/{rel}","templated":true}]}}