{"id":13198,"date":"2020-07-23T10:44:10","date_gmt":"2020-07-23T08:44:10","guid":{"rendered":"https:\/\/www.euroakademie.de\/magazin\/?p=13198"},"modified":"2024-11-18T13:37:15","modified_gmt":"2024-11-18T12:37:15","slug":"auszubildende-der-euro-akademie-aschaffenburg-im-interview","status":"publish","type":"post","link":"https:\/\/www.euroakademie.de\/magazin\/auszubildende-der-euro-akademie-aschaffenburg-im-interview\/","title":{"rendered":"Famili\u00e4r, individuell und besonders \u2013 Auszubildende der Euro Akademie Aschaffenburg im Interview"},"content":{"rendered":"<p><![CDATA[\n<\/p>\n\n\n<p><strong>Die Ausbildungen zum*r <a rel=\"noreferrer noopener\" aria-label=\"Fremdsprachenkorrespondent*in (\u00f6ffnet in neuem Tab)\" href=\"https:\/\/www.euroakademie.de\/ausbildung\/fremdsprachen-internationales\/fremdsprachenkorrespondent.html\" target=\"_blank\">Fremdsprachenkorrespondent*in<\/a> und zum*r <a rel=\"noreferrer noopener\" aria-label=\"Euro-Management-Assistent*in (\u00f6ffnet in neuem Tab)\" href=\"https:\/\/www.euroakademie.de\/ausbildung\/wirtschaft-management\/euro-management-assistent.html\" target=\"_blank\">Euro-Management-Assistent*in<\/a> haben wir Ihnen schon ausf\u00fchrlich vorgestellt. Heute kommen aber die Auszubildenden zu Wort. Im Interview erz\u00e4hlen sie von ihrer Ausbildung an der Euro Akademie Aschaffenburg und ihren Pl\u00e4nen f\u00fcr die Zukunft.<\/strong><\/p>\n\n\n<div class=\"wp-block-image\">\n<figure class=\"aligncenter\"><img fetchpriority=\"high\" decoding=\"async\" width=\"500\" height=\"375\" src=\"https:\/\/relaunch.euroakademie.de\/magazin\/wp-content\/uploads\/2020\/07\/IMG_8104-1.jpeg\" alt=\"\" class=\"wp-image-13215\" srcset=\"https:\/\/www.euroakademie.de\/magazin\/wp-content\/uploads\/2020\/07\/IMG_8104-1.jpeg 500w, https:\/\/www.euroakademie.de\/magazin\/wp-content\/uploads\/2020\/07\/IMG_8104-1-300x225.jpeg 300w, https:\/\/www.euroakademie.de\/magazin\/wp-content\/uploads\/2020\/07\/IMG_8104-1-150x113.jpeg 150w, https:\/\/www.euroakademie.de\/magazin\/wp-content\/uploads\/2020\/07\/IMG_8104-1-450x338.jpeg 450w\" sizes=\"(max-width: 500px) 100vw, 500px\" \/><\/figure>\n<\/div>\n\n\n<p>Wir w\u00fcnschen Ihnen viel Spa\u00df beim Lesen! Zu den Interviewteilnehmer*innen: Mark ist 18 Jahre, Janina 21 Jahre, Kaan 20 Jahre und Dilara 19 Jahre alt. Die Vier wohnen in der Umgebung von Aschaffenburg.  Mark, Janina und Kaan machen eine Ausbildung zum*r Fremdsprachenkorrespondent*in, Dilara hingegen ist angehende Euro-Management-Assistentin. <\/p>\n\n\n\n<h3 class=\"wp-block-heading\">Was macht die Euro Akademie in deinen Augen so besonders?<\/h3>\n\n\n\n<p><strong>Mark<\/strong>: Die Lehrerinnen und Lehrer gehen auf jeden individuell ein. Dadurch f\u00fchlt man sich nicht so, als w\u00e4re man ein Sch\u00fcler von 1000 anderen. Die Atmosph\u00e4re ist hier wirklich famili\u00e4r. <\/p>\n\n\n\n<p><strong>Janina<\/strong>: Die Art der Ausbildung ist sehr besonders. Staatliche Ausbildungen bieten weniger M\u00f6glichkeiten. Deshalb bin ich sehr froh, dass ich an der Euro Akademie eine derartige Ausbildung mit diesen spezifischen F\u00e4chern absolvieren kann.<\/p>\n\n\n\n<p><strong>Dilara<\/strong>: Ich finde sehr gut, dass es hier kleine Klassen gibt. Dadurch ist ein sehr individueller Unterricht m\u00f6glich. Unsere Klassenlehrer kommen uns sehr entgegen, auch in Zeiten von Corona, und setzen sich f\u00fcr uns ein.&nbsp; Die M\u00f6glichkeit, dass wir nach der Ausbildung innerhalb eines Jahres einen Bachelor machen k\u00f6nnen, finde ich ebenfalls super, da man so noch zus\u00e4tzliche berufliche sowie schulische Perspektiven hat. <\/p>\n\n\n\n<h3 class=\"wp-block-heading\">Warum habt ihr euch f\u00fcr die Euro Akademie entschieden?<\/h3>\n\n\n\n<p><strong>Janina<\/strong>: Es war damals eine sehr spontane Entscheidung. Das positive f\u00fcr mich war, dass eine sehr kurzfristige Bewerbung m\u00f6glich war. Au\u00dferdem finde ich die M\u00f6glichkeit, ein Auslandspraktikum zu absolvieren, sehr besonders. Ich hoffe, dass ich das Auslandspraktikum trotz Corona im n\u00e4chsten Jahr machen kann.<\/p>\n\n\n\n<p><strong>Kaan<\/strong>: Ich finde gut, dass es eine kleine Schule ist. Der Unterricht unterscheidet sich sehr zu gew\u00f6hnlichen staatlichen Schulen. Es wird mehr auf uns eingegangen. Der Fokus liegt hier auf Sprachen \u2013 das ist meine St\u00e4rke. Ich finde auch sehr gut, dass es intensive \u00dcbungen, schriftlich und m\u00fcndlich, gibt, um die Sprachkenntnisse auszubauen. Es werden viele M\u00f6glichkeiten geboten, sich pers\u00f6nlich zu entfalten. Die Lehrerinnen und Lehrer befassen sich au\u00dferdem sehr intensiv mit den Auszubildenden. Dadurch entsteht eine positive Sch\u00fcler\/Lehrer-Bindung. Die Wahl des&nbsp; Standorts war mir auch wichtig, da die Ausbildungsst\u00e4tte in meiner N\u00e4he sein sollte. Die Aussicht hier von der Euro Akademie ist ebenfalls super, da man vom Turm aus, in dem sich die Klassenr\u00e4ume befinden, auf ganz Aschaffenburg schauen kann. <\/p>\n\n\n\n<h3 class=\"wp-block-heading\">Welche\nAusbildung absolviert ihr und warum?&nbsp;  <\/h3>\n\n\n\n<p><strong>Mark<\/strong>: Ich absolviere eine Ausbildung als Fremdsprachenkorrespondent, da mir Sprachen Spa\u00df machen. Zus\u00e4tzlich wollte ich mich schulisch weiterentwickeln.<\/p>\n\n\n\n<p><strong>Janina<\/strong>: Ich mache eine Ausbildung zur Fremdsprachenkorrespondentin, da ich unbedingt weiter Franz\u00f6sisch lernen wollte, was ich bereits in der Schule hatte. Sp\u00e4ter als \u00dcbersetzerin zu arbeiten kann ich mir auch sehr gut vorstellen. Au\u00dferdem bieten andere Ausbildungen nicht so viele Fremdsprachen an, welche ich vermissen w\u00fcrde. Mir ist es sehr wichtig, eine Ausbildung mit Themen zu machen, welche mir Spa\u00df machen.<\/p>\n\n\n\n<p><strong>Dilara<\/strong>: Ich mache eine Ausbildung zur Euro-Management-Assistentin. F\u00fcr mich war die Kombination von Business und Sprachen sehr vorteilhaft, weil ich in meinem sp\u00e4teren Berufsleben nicht ausschlie\u00dflich \u00fcbersetzen will.<\/p>\n\n\n\n<h3 class=\"wp-block-heading\">Was ist euer Traumjob?<\/h3>\n\n\n\n<p><strong>Janina<\/strong>: Ich f\u00e4nde es super sp\u00e4ter als Fremdsprachenkorrespondentin zu arbeiten. Auch auf Messen und Auslandsreisen eingesetzt zu werden, f\u00e4nde ich klasse!<\/p>\n\n\n\n<p><strong>Kaan<\/strong>: Vor mehreren Jahren,merkte ich schon, dass ich irgendetwas mit Sprachen machen wollte. Der <a href=\"https:\/\/www.euroakademie.de\/magazin\/berufe-im-wandel-uebersetzer\/\" target=\"_blank\" rel=\"noreferrer noopener\" aria-label=\"Beruf des Dolmetschers (\u00f6ffnet in neuem Tab)\">Beruf des Dolmetschers<\/a> w\u00e4re f\u00fcr mich ein Traumberuf.<\/p>\n\n\n\n<p><strong>Dilara<\/strong>: Ich m\u00f6chte sp\u00e4ter in einem gro\u00dfen internationalen Unternehmen arbeiten, welches viele Kontakte ins Ausland hat und in einem Beruf, bei dem ich viel verreisen kann.<\/p>\n\n\n\n<h3 class=\"wp-block-heading\">Wie habt ihr das Management an der Euro Akademie w\u00e4hrend der Corona-Pandemie empfunden? <\/h3>\n\n\n\n<p><strong>Mark<\/strong>: Das Corona-Management wurde sehr gut umgesetzt. Der Unterricht hat immer und zu jeder Zeit stattgefunden. Trotz der bl\u00f6den Situation lief alles ohne Probleme weiter.<\/p>\n\n\n\n<p><strong>Janina<\/strong>: Ich war sehr froh, dass alles von der Euro Akademie sehr schnell gel\u00f6st wurde. Microsoft Teams wurde direkt f\u00fcr uns eingerichtet. Dadurch konnten wir gl\u00fccklicherweise direkt von zuhause aus am Unterricht teilnehmen und haben dadurch nichts verpasst. Online-Unterricht empfand ich pers\u00f6nlich als anstrengender als Pr\u00e4senzunterricht. Von morgens bis abends sa\u00df man teilweise an den Hausaufgaben und vor dem PC. Trotzdem war ich dankbar, dass direkt eine L\u00f6sung pr\u00e4sentiert wurde. Dementsprechend finde ich, dass die Euro Akademie ein sehr gutes Krisenmanagement betrieben hat. Au\u00dferdem haben sich die Lehrer f\u00fcr uns sehr eingesetzt und unsere Fragen beantwortet.<\/p>\n\n\n\n<p><strong>Kaan<\/strong>: Frau Alders, die Leiterin der Euro Akademie in Aschaffenburg, hat uns immer auf dem Laufenden gehalten. Dadurch wurde eine permanente Kommunikation erm\u00f6glicht. Ich finde wirklich, dass ein sehr gutes Krisenmanagement aufgestellt wurde und alle Ma\u00dfnahmen sehr schnell&nbsp; etabliert wurden. Der Stoff wurde trotzdem ohne L\u00fccken vermittelt. Ich war auf jeden Fall zufrieden.<\/p>\n\n\n\n<p><strong>Dilara<\/strong>:  Wir haben direkt \u00fcber Microsoft Teams weitergearbeitet. Trotzdem kann Online-Unterricht nur schwer die Pr\u00e4senzlehre ersetzen. Die Motivation hat uns manchmal gefehlt, da man seine Freunde nicht sehen konnte. Man konnte sich dadurch nicht so gut auf das Lernen konzentrieren. Ich freue mich daher auf den Pr\u00e4senzunterricht.<\/p>\n\n\n\n<h3 class=\"wp-block-heading\"><strong>Fazit: Die Auszubildenden sind zufrieden<\/strong><\/h3>\n\n\n\n<p>Es freut uns sehr, dass die Sch\u00fcler*innen so zufrieden mit Ihrer Ausbildung bei uns an der Euro Akademie Aschaffenburg sind und dass trotz der Corona-Pandemie der Unterricht direkt weitergef\u00fchrt werden konnte. Wie Sie dem Interview entnehmen konnten, bieten die beiden Ausbildungen sp\u00e4ter vielf\u00e4ltige berufliche Perspektiven! <\/p>\n\n\n\n<p>Ein gro\u00dfes Dankesch\u00f6n geht auch nochmal an alle interviewten Teilnehmer*innen!<\/p>\n\n\n\n<div class=\"wp-block-buttons is-layout-flex wp-block-buttons-is-layout-flex\">\n<div class=\"wp-block-button\"><a class=\"wp-block-button__link has-background wp-element-button\" href=\"https:\/\/www.euroakademie.de\/aschaffenburg\" style=\"background-color:#e83278;padding-top:var(--wp--preset--spacing--40);padding-right:var(--wp--preset--spacing--20);padding-bottom:var(--wp--preset--spacing--40);padding-left:var(--wp--preset--spacing--20)\">Wenn du auch ein Fan von Fremdsprachen bist, dann besuche unsere Website und schau dich gerne um!<\/a><\/div>\n<\/div>\n","protected":false},"excerpt":{"rendered":"<p>\t\t\t\t<![CDATA[Heute kommen  die Auszubildenden zu Wort. Im Interview erz\u00e4hlen Mark, Janina, Kaan und Dilara von ihrer Ausbildung an der Euro Akademie Aschaffenburg und ihren Pl\u00e4nen f\u00fcr die Zukunft.]]>\t\t<\/p>\n","protected":false},"author":88,"featured_media":13212,"comment_status":"closed","ping_status":"closed","sticky":false,"template":"","format":"standard","meta":{"footnotes":""},"categories":[64,121],"tags":[2659,2686,3196,4249],"class_list":{"0":"post-13198","1":"post","2":"type-post","3":"status-publish","4":"format-standard","5":"has-post-thumbnail","7":"category-aschaffenburg","8":"category-im-gespraech","9":"tag-euro-akademie-aschaffenburg","10":"tag-euro-management-assistent","11":"tag-fremdsprachenkorrespondent","12":"tag-interview"},"yoast_head":"<!-- This site is optimized with the Yoast SEO plugin v23.5 - https:\/\/yoast.com\/wordpress\/plugins\/seo\/ -->\n<title>Auszubildende der Euro Akademie Aschaffenburg im Interview<\/title>\n<meta name=\"description\" content=\"Heute kommen die Auszubildenden zu Wort. Im Interview erz\u00e4hlen sie von ihrer Ausbildung an der Euro Akademie Aschaffenburg und ihren Pl\u00e4nen f\u00fcr die Zukunft.\" \/>\n<meta name=\"robots\" content=\"index, follow, max-snippet:-1, max-image-preview:large, max-video-preview:-1\" \/>\n<link rel=\"canonical\" href=\"https:\/\/www.euroakademie.de\/magazin\/auszubildende-der-euro-akademie-aschaffenburg-im-interview\/\" \/>\n<meta property=\"og:locale\" content=\"de_DE\" \/>\n<meta property=\"og:type\" content=\"article\" \/>\n<meta property=\"og:title\" content=\"Auszubildende der Euro Akademie Aschaffenburg im Interview\" \/>\n<meta property=\"og:description\" content=\"Heute kommen die Auszubildenden zu Wort. Im Interview erz\u00e4hlen sie von ihrer Ausbildung an der Euro Akademie Aschaffenburg und ihren Pl\u00e4nen f\u00fcr die Zukunft.\" \/>\n<meta property=\"og:url\" content=\"https:\/\/www.euroakademie.de\/magazin\/auszubildende-der-euro-akademie-aschaffenburg-im-interview\/\" \/>\n<meta property=\"og:site_name\" content=\"Das Euro Akademie Magazin\" \/>\n<meta property=\"article:published_time\" content=\"2020-07-23T08:44:10+00:00\" \/>\n<meta property=\"article:modified_time\" content=\"2024-11-18T12:37:15+00:00\" \/>\n<meta property=\"og:image\" content=\"https:\/\/www.euroakademie.de\/magazin\/wp-content\/uploads\/2020\/07\/2Z7A9207.jpg\" \/>\n\t<meta property=\"og:image:width\" content=\"702\" \/>\n\t<meta property=\"og:image:height\" content=\"343\" \/>\n\t<meta property=\"og:image:type\" content=\"image\/jpeg\" \/>\n<meta name=\"author\" content=\"Jill Jeanne Semidei\" \/>\n<meta name=\"twitter:card\" content=\"summary_large_image\" \/>\n<meta name=\"twitter:label1\" content=\"Verfasst von\" \/>\n\t<meta name=\"twitter:data1\" content=\"Jill Jeanne Semidei\" \/>\n\t<meta name=\"twitter:label2\" content=\"Gesch\u00e4tzte Lesezeit\" \/>\n\t<meta name=\"twitter:data2\" content=\"1\u00a0Minute\" \/>\n<script type=\"application\/ld+json\" class=\"yoast-schema-graph\">{\"@context\":\"https:\/\/schema.org\",\"@graph\":[{\"@type\":\"Article\",\"@id\":\"https:\/\/www.euroakademie.de\/magazin\/auszubildende-der-euro-akademie-aschaffenburg-im-interview\/#article\",\"isPartOf\":{\"@id\":\"https:\/\/www.euroakademie.de\/magazin\/auszubildende-der-euro-akademie-aschaffenburg-im-interview\/\"},\"author\":{\"name\":\"Jill Jeanne Semidei\",\"@id\":\"https:\/\/www.euroakademie.de\/magazin\/#\/schema\/person\/de0b1cf2547ce9bfd7441a41f6e8e890\"},\"headline\":\"Famili\u00e4r, individuell und besonders \u2013 Auszubildende der Euro Akademie Aschaffenburg im Interview\",\"datePublished\":\"2020-07-23T08:44:10+00:00\",\"dateModified\":\"2024-11-18T12:37:15+00:00\",\"mainEntityOfPage\":{\"@id\":\"https:\/\/www.euroakademie.de\/magazin\/auszubildende-der-euro-akademie-aschaffenburg-im-interview\/\"},\"wordCount\":984,\"publisher\":{\"@id\":\"https:\/\/www.euroakademie.de\/magazin\/#organization\"},\"image\":{\"@id\":\"https:\/\/www.euroakademie.de\/magazin\/auszubildende-der-euro-akademie-aschaffenburg-im-interview\/#primaryimage\"},\"thumbnailUrl\":\"https:\/\/www.euroakademie.de\/magazin\/wp-content\/uploads\/2020\/07\/2Z7A9207.jpg\",\"keywords\":[\"Euro Akademie Aschaffenburg\",\"Euro-Management-Assistent\",\"Fremdsprachenkorrespondent\",\"Interview\"],\"articleSection\":[\"Aschaffenburg\",\"Im Gespr\u00e4ch\"],\"inLanguage\":\"de\"},{\"@type\":\"WebPage\",\"@id\":\"https:\/\/www.euroakademie.de\/magazin\/auszubildende-der-euro-akademie-aschaffenburg-im-interview\/\",\"url\":\"https:\/\/www.euroakademie.de\/magazin\/auszubildende-der-euro-akademie-aschaffenburg-im-interview\/\",\"name\":\"Auszubildende der Euro Akademie Aschaffenburg im Interview\",\"isPartOf\":{\"@id\":\"https:\/\/www.euroakademie.de\/magazin\/#website\"},\"primaryImageOfPage\":{\"@id\":\"https:\/\/www.euroakademie.de\/magazin\/auszubildende-der-euro-akademie-aschaffenburg-im-interview\/#primaryimage\"},\"image\":{\"@id\":\"https:\/\/www.euroakademie.de\/magazin\/auszubildende-der-euro-akademie-aschaffenburg-im-interview\/#primaryimage\"},\"thumbnailUrl\":\"https:\/\/www.euroakademie.de\/magazin\/wp-content\/uploads\/2020\/07\/2Z7A9207.jpg\",\"datePublished\":\"2020-07-23T08:44:10+00:00\",\"dateModified\":\"2024-11-18T12:37:15+00:00\",\"description\":\"Heute kommen die Auszubildenden zu Wort. Im Interview erz\u00e4hlen sie von ihrer Ausbildung an der Euro Akademie Aschaffenburg und ihren Pl\u00e4nen f\u00fcr die Zukunft.\",\"breadcrumb\":{\"@id\":\"https:\/\/www.euroakademie.de\/magazin\/auszubildende-der-euro-akademie-aschaffenburg-im-interview\/#breadcrumb\"},\"inLanguage\":\"de\",\"potentialAction\":[{\"@type\":\"ReadAction\",\"target\":[\"https:\/\/www.euroakademie.de\/magazin\/auszubildende-der-euro-akademie-aschaffenburg-im-interview\/\"]}]},{\"@type\":\"ImageObject\",\"inLanguage\":\"de\",\"@id\":\"https:\/\/www.euroakademie.de\/magazin\/auszubildende-der-euro-akademie-aschaffenburg-im-interview\/#primaryimage\",\"url\":\"https:\/\/www.euroakademie.de\/magazin\/wp-content\/uploads\/2020\/07\/2Z7A9207.jpg\",\"contentUrl\":\"https:\/\/www.euroakademie.de\/magazin\/wp-content\/uploads\/2020\/07\/2Z7A9207.jpg\",\"width\":702,\"height\":343,\"caption\":\"\"},{\"@type\":\"BreadcrumbList\",\"@id\":\"https:\/\/www.euroakademie.de\/magazin\/auszubildende-der-euro-akademie-aschaffenburg-im-interview\/#breadcrumb\",\"itemListElement\":[{\"@type\":\"ListItem\",\"position\":1,\"name\":\"Startseite\",\"item\":\"https:\/\/www.euroakademie.de\/magazin\/\"},{\"@type\":\"ListItem\",\"position\":2,\"name\":\"Famili\u00e4r, individuell und besonders \u2013 Auszubildende der Euro Akademie Aschaffenburg im Interview\"}]},{\"@type\":\"WebSite\",\"@id\":\"https:\/\/www.euroakademie.de\/magazin\/#website\",\"url\":\"https:\/\/www.euroakademie.de\/magazin\/\",\"name\":\"Das Euro Akademie Magazin\",\"description\":\"Gut informiert durch Ausbildung und Studium\",\"publisher\":{\"@id\":\"https:\/\/www.euroakademie.de\/magazin\/#organization\"},\"potentialAction\":[{\"@type\":\"SearchAction\",\"target\":{\"@type\":\"EntryPoint\",\"urlTemplate\":\"https:\/\/www.euroakademie.de\/magazin\/?s={search_term_string}\"},\"query-input\":{\"@type\":\"PropertyValueSpecification\",\"valueRequired\":true,\"valueName\":\"search_term_string\"}}],\"inLanguage\":\"de\"},{\"@type\":\"Organization\",\"@id\":\"https:\/\/www.euroakademie.de\/magazin\/#organization\",\"name\":\"ESO Education Group\",\"url\":\"https:\/\/www.euroakademie.de\/magazin\/\",\"logo\":{\"@type\":\"ImageObject\",\"inLanguage\":\"de\",\"@id\":\"https:\/\/www.euroakademie.de\/magazin\/#\/schema\/logo\/image\/\",\"url\":\"https:\/\/relaunch.euroakademie.de\/magazin\/wp-content\/uploads\/2024\/11\/Logo_EA_negativ_Rahmen_5cm_300dpi_RGB.jpg\",\"contentUrl\":\"https:\/\/relaunch.euroakademie.de\/magazin\/wp-content\/uploads\/2024\/11\/Logo_EA_negativ_Rahmen_5cm_300dpi_RGB.jpg\",\"width\":591,\"height\":236,\"caption\":\"ESO Education Group\"},\"image\":{\"@id\":\"https:\/\/www.euroakademie.de\/magazin\/#\/schema\/logo\/image\/\"}},{\"@type\":\"Person\",\"@id\":\"https:\/\/www.euroakademie.de\/magazin\/#\/schema\/person\/de0b1cf2547ce9bfd7441a41f6e8e890\",\"name\":\"Jill Jeanne Semidei\",\"description\":\"\u201eWandel und Wechsel liebt, wer lebt!\u201c (Richard Wagner) Ganz in diesem Sinne ist es mir eine Freude, auch in diesem Magazin f\u00fcr Abwechslung zu sorgen, spannende Themen zu recherchieren und unsere Leser*innen seit 2025 immer wieder mit neuen Artikeln zu begeistern.\",\"url\":\"https:\/\/www.euroakademie.de\/magazin\/author\/jill-jeanne-semidei\/\"}]}<\/script>\n<!-- \/ Yoast SEO plugin. -->","yoast_head_json":{"title":"Auszubildende der Euro Akademie Aschaffenburg im Interview","description":"Heute kommen die Auszubildenden zu Wort. Im Interview erz\u00e4hlen sie von ihrer Ausbildung an der Euro Akademie Aschaffenburg und ihren Pl\u00e4nen f\u00fcr die Zukunft.","robots":{"index":"index","follow":"follow","max-snippet":"max-snippet:-1","max-image-preview":"max-image-preview:large","max-video-preview":"max-video-preview:-1"},"canonical":"https:\/\/www.euroakademie.de\/magazin\/auszubildende-der-euro-akademie-aschaffenburg-im-interview\/","og_locale":"de_DE","og_type":"article","og_title":"Auszubildende der Euro Akademie Aschaffenburg im Interview","og_description":"Heute kommen die Auszubildenden zu Wort. Im Interview erz\u00e4hlen sie von ihrer Ausbildung an der Euro Akademie Aschaffenburg und ihren Pl\u00e4nen f\u00fcr die Zukunft.","og_url":"https:\/\/www.euroakademie.de\/magazin\/auszubildende-der-euro-akademie-aschaffenburg-im-interview\/","og_site_name":"Das Euro Akademie Magazin","article_published_time":"2020-07-23T08:44:10+00:00","article_modified_time":"2024-11-18T12:37:15+00:00","og_image":[{"width":702,"height":343,"url":"https:\/\/www.euroakademie.de\/magazin\/wp-content\/uploads\/2020\/07\/2Z7A9207.jpg","type":"image\/jpeg"}],"author":"Jill Jeanne Semidei","twitter_card":"summary_large_image","twitter_misc":{"Verfasst von":"Jill Jeanne Semidei","Gesch\u00e4tzte Lesezeit":"1\u00a0Minute"},"schema":{"@context":"https:\/\/schema.org","@graph":[{"@type":"Article","@id":"https:\/\/www.euroakademie.de\/magazin\/auszubildende-der-euro-akademie-aschaffenburg-im-interview\/#article","isPartOf":{"@id":"https:\/\/www.euroakademie.de\/magazin\/auszubildende-der-euro-akademie-aschaffenburg-im-interview\/"},"author":{"name":"Jill Jeanne Semidei","@id":"https:\/\/www.euroakademie.de\/magazin\/#\/schema\/person\/de0b1cf2547ce9bfd7441a41f6e8e890"},"headline":"Famili\u00e4r, individuell und besonders \u2013 Auszubildende der Euro Akademie Aschaffenburg im Interview","datePublished":"2020-07-23T08:44:10+00:00","dateModified":"2024-11-18T12:37:15+00:00","mainEntityOfPage":{"@id":"https:\/\/www.euroakademie.de\/magazin\/auszubildende-der-euro-akademie-aschaffenburg-im-interview\/"},"wordCount":984,"publisher":{"@id":"https:\/\/www.euroakademie.de\/magazin\/#organization"},"image":{"@id":"https:\/\/www.euroakademie.de\/magazin\/auszubildende-der-euro-akademie-aschaffenburg-im-interview\/#primaryimage"},"thumbnailUrl":"https:\/\/www.euroakademie.de\/magazin\/wp-content\/uploads\/2020\/07\/2Z7A9207.jpg","keywords":["Euro Akademie Aschaffenburg","Euro-Management-Assistent","Fremdsprachenkorrespondent","Interview"],"articleSection":["Aschaffenburg","Im Gespr\u00e4ch"],"inLanguage":"de"},{"@type":"WebPage","@id":"https:\/\/www.euroakademie.de\/magazin\/auszubildende-der-euro-akademie-aschaffenburg-im-interview\/","url":"https:\/\/www.euroakademie.de\/magazin\/auszubildende-der-euro-akademie-aschaffenburg-im-interview\/","name":"Auszubildende der Euro Akademie Aschaffenburg im Interview","isPartOf":{"@id":"https:\/\/www.euroakademie.de\/magazin\/#website"},"primaryImageOfPage":{"@id":"https:\/\/www.euroakademie.de\/magazin\/auszubildende-der-euro-akademie-aschaffenburg-im-interview\/#primaryimage"},"image":{"@id":"https:\/\/www.euroakademie.de\/magazin\/auszubildende-der-euro-akademie-aschaffenburg-im-interview\/#primaryimage"},"thumbnailUrl":"https:\/\/www.euroakademie.de\/magazin\/wp-content\/uploads\/2020\/07\/2Z7A9207.jpg","datePublished":"2020-07-23T08:44:10+00:00","dateModified":"2024-11-18T12:37:15+00:00","description":"Heute kommen die Auszubildenden zu Wort. Im Interview erz\u00e4hlen sie von ihrer Ausbildung an der Euro Akademie Aschaffenburg und ihren Pl\u00e4nen f\u00fcr die Zukunft.","breadcrumb":{"@id":"https:\/\/www.euroakademie.de\/magazin\/auszubildende-der-euro-akademie-aschaffenburg-im-interview\/#breadcrumb"},"inLanguage":"de","potentialAction":[{"@type":"ReadAction","target":["https:\/\/www.euroakademie.de\/magazin\/auszubildende-der-euro-akademie-aschaffenburg-im-interview\/"]}]},{"@type":"ImageObject","inLanguage":"de","@id":"https:\/\/www.euroakademie.de\/magazin\/auszubildende-der-euro-akademie-aschaffenburg-im-interview\/#primaryimage","url":"https:\/\/www.euroakademie.de\/magazin\/wp-content\/uploads\/2020\/07\/2Z7A9207.jpg","contentUrl":"https:\/\/www.euroakademie.de\/magazin\/wp-content\/uploads\/2020\/07\/2Z7A9207.jpg","width":702,"height":343,"caption":""},{"@type":"BreadcrumbList","@id":"https:\/\/www.euroakademie.de\/magazin\/auszubildende-der-euro-akademie-aschaffenburg-im-interview\/#breadcrumb","itemListElement":[{"@type":"ListItem","position":1,"name":"Startseite","item":"https:\/\/www.euroakademie.de\/magazin\/"},{"@type":"ListItem","position":2,"name":"Famili\u00e4r, individuell und besonders \u2013 Auszubildende der Euro Akademie Aschaffenburg im Interview"}]},{"@type":"WebSite","@id":"https:\/\/www.euroakademie.de\/magazin\/#website","url":"https:\/\/www.euroakademie.de\/magazin\/","name":"Das Euro Akademie Magazin","description":"Gut informiert durch Ausbildung und Studium","publisher":{"@id":"https:\/\/www.euroakademie.de\/magazin\/#organization"},"potentialAction":[{"@type":"SearchAction","target":{"@type":"EntryPoint","urlTemplate":"https:\/\/www.euroakademie.de\/magazin\/?s={search_term_string}"},"query-input":{"@type":"PropertyValueSpecification","valueRequired":true,"valueName":"search_term_string"}}],"inLanguage":"de"},{"@type":"Organization","@id":"https:\/\/www.euroakademie.de\/magazin\/#organization","name":"ESO Education Group","url":"https:\/\/www.euroakademie.de\/magazin\/","logo":{"@type":"ImageObject","inLanguage":"de","@id":"https:\/\/www.euroakademie.de\/magazin\/#\/schema\/logo\/image\/","url":"https:\/\/relaunch.euroakademie.de\/magazin\/wp-content\/uploads\/2024\/11\/Logo_EA_negativ_Rahmen_5cm_300dpi_RGB.jpg","contentUrl":"https:\/\/relaunch.euroakademie.de\/magazin\/wp-content\/uploads\/2024\/11\/Logo_EA_negativ_Rahmen_5cm_300dpi_RGB.jpg","width":591,"height":236,"caption":"ESO Education Group"},"image":{"@id":"https:\/\/www.euroakademie.de\/magazin\/#\/schema\/logo\/image\/"}},{"@type":"Person","@id":"https:\/\/www.euroakademie.de\/magazin\/#\/schema\/person\/de0b1cf2547ce9bfd7441a41f6e8e890","name":"Jill Jeanne Semidei","description":"\u201eWandel und Wechsel liebt, wer lebt!\u201c (Richard Wagner) Ganz in diesem Sinne ist es mir eine Freude, auch in diesem Magazin f\u00fcr Abwechslung zu sorgen, spannende Themen zu recherchieren und unsere Leser*innen seit 2025 immer wieder mit neuen Artikeln zu begeistern.","url":"https:\/\/www.euroakademie.de\/magazin\/author\/jill-jeanne-semidei\/"}]}},"_links":{"self":[{"href":"https:\/\/www.euroakademie.de\/magazin\/wp-json\/wp\/v2\/posts\/13198","targetHints":{"allow":["GET"]}}],"collection":[{"href":"https:\/\/www.euroakademie.de\/magazin\/wp-json\/wp\/v2\/posts"}],"about":[{"href":"https:\/\/www.euroakademie.de\/magazin\/wp-json\/wp\/v2\/types\/post"}],"author":[{"embeddable":true,"href":"https:\/\/www.euroakademie.de\/magazin\/wp-json\/wp\/v2\/users\/88"}],"replies":[{"embeddable":true,"href":"https:\/\/www.euroakademie.de\/magazin\/wp-json\/wp\/v2\/comments?post=13198"}],"version-history":[{"count":1,"href":"https:\/\/www.euroakademie.de\/magazin\/wp-json\/wp\/v2\/posts\/13198\/revisions"}],"predecessor-version":[{"id":22761,"href":"https:\/\/www.euroakademie.de\/magazin\/wp-json\/wp\/v2\/posts\/13198\/revisions\/22761"}],"wp:featuredmedia":[{"embeddable":true,"href":"https:\/\/www.euroakademie.de\/magazin\/wp-json\/wp\/v2\/media\/13212"}],"wp:attachment":[{"href":"https:\/\/www.euroakademie.de\/magazin\/wp-json\/wp\/v2\/media?parent=13198"}],"wp:term":[{"taxonomy":"category","embeddable":true,"href":"https:\/\/www.euroakademie.de\/magazin\/wp-json\/wp\/v2\/categories?post=13198"},{"taxonomy":"post_tag","embeddable":true,"href":"https:\/\/www.euroakademie.de\/magazin\/wp-json\/wp\/v2\/tags?post=13198"}],"curies":[{"name":"wp","href":"https:\/\/api.w.org\/{rel}","templated":true}]}}