{"id":13357,"date":"2020-08-19T12:00:12","date_gmt":"2020-08-19T10:00:12","guid":{"rendered":"https:\/\/www.euroakademie.de\/magazin\/?p=13357"},"modified":"2024-11-18T13:11:23","modified_gmt":"2024-11-18T12:11:23","slug":"mein-praktikum-in-irland","status":"publish","type":"post","link":"https:\/\/www.euroakademie.de\/magazin\/mein-praktikum-in-irland\/","title":{"rendered":"Mein Praktikum in Irland \u2013 zwischen Hektik an der Bar und idyllischer Natur"},"content":{"rendered":"<p><![CDATA[\n<\/p>\n\n\n<h2 class=\"wp-block-heading\">Sonne, Feierabend und Kekse mit Biergeschmack<\/h2>\n\n\n\n<p>Es ist Juli, die Sonne scheint \u2013 ja, das gibt es tats\u00e4chlich auch im oft wechselhaften Irland. Ein entspannter Nachmittag nach einem langen Arbeitstag unter lauten Hotelg\u00e4sten und mit Hektik an der Bar. Eine Woche bin ich nun schon hier, um die irische Kultur durch ein Praktikum im Hotel im Rahmen von Erasmus+ n\u00e4her kennenzulernen und um w\u00e4hrend meiner <a rel=\"noreferrer noopener\" aria-label=\"Ausbildung zur Fremdsprachenkorrespondentin (\u00f6ffnet in neuem Tab)\" href=\"https:\/\/www.euroakademie.de\/ausbildung\/fremdsprachen-internationales\/fremdsprachenkorrespondent.html\" target=\"_blank\">Ausbildung zur Fremdsprachenkorrespondentin<\/a> an der Euro Akademie auch einige Praxiserfahrungen zu sammeln. Da hier in Irland eigentlich immer der Wind \u00fcber die Insel weht, ist es auch heute wieder angenehm, wie ich hier so an der Bushaltestelle in Waterford stehe. Zwei Klassenkameraden begleiten mich auf den heutigen Tagesausflug, die Kekse mit Biergeschmack aus dem Guinness Storehouse (Museum \u00fcber das bekannte Guinness Bier) im Gep\u00e4ck und einem breiten L\u00e4cheln im Gesicht. <\/p>\n\n\n\n<p>Die Vorfreude auf den irischen Strand steigt. Ein gr\u00fcner Bus f\u00e4hrt vor und \u00f6ffnet seine T\u00fcren. Der Busfahrer gr\u00fc\u00dft uns freundlich und m\u00f6chte von jedem einzelnen h\u00f6ren, wie es ihm geht, was ich als Deutsche ehrlich gesagt nicht unbedingt von Fahrern \u00f6ffentlicher Verkehrsmittel gewohnt bin. Wir nehmen Platz und lehnen uns entspannt zur\u00fcck \u2013 ganz hinten in der letzten Reihe, da ist es am gem\u00fctlichsten. Das kleine Abenteuer kann beginnen.<\/p>\n\n\n\n<h2 class=\"wp-block-heading\"><strong>Sightseeing im Bus<\/strong><\/h2>\n\n\n\n<p>Wir fahren die kurvige Landstra\u00dfe entlang, zwischen Alleen hindurch, an einem Museum vorbei. Dass der Busfahrer uns nicht alle ins Ungl\u00fcck st\u00fcrzen will, nur weil er hier auf der linken Stra\u00dfenseite f\u00e4hrt, daran muss man sich erstmal gew\u00f6hnen. Ich werde aus meinen Tagtr\u00e4umen gerissen, als es links von mir raschelt und meine Kollegin ihr Lachsbr\u00f6tchen aus der Alufolie auspackt, das sie noch vorhin in einem Coffee-Shop gekauft hat. Ich beobachte die Leute, die ein- und aussteigen. Nach etwa 30 Minuten entspannter Fahrt \u2013 ich wundere mich, warum im Wald kein einziger Kobold zu entdecken ist (die Iren glauben daran, dass man drei W\u00fcnsche frei hat, wenn man einen Kobold f\u00e4ngt und ihn im Gegenzug wieder freil\u00e4sst) &#8211; sehen wir auch schon ein Schild mit der Aufschrift \u201eTramore\u201c \u2013 die Stadt im S\u00fcdosten Irlands, direkt am Meer.<\/p>\n\n\n\n<h2 class=\"wp-block-heading\"><strong>Kein weicher Sand in\nSicht<\/strong><\/h2>\n\n\n\n<p>Der Bus bleibt stehen und beim Aussteigen kommt uns direkt die frische, salzige Meeresbrise entgegen. Von weitem sehen wir schon die Sandh\u00fcgel mit ihren gr\u00fcnen, hohen Gr\u00e4sern. Wir machen uns auf den Weg, laufen \u00fcber den geschl\u00e4ngelten Weg, der mit Sand bedeckt ist, in Richtung Strand. Wir treffen einen einheimischen alten Mann mit einem kleinen Hund, der auch schon einige Jahre auf dem Buckel hat und deshalb seinen Spaziergang etwas langsamer angeht. So langsam k\u00f6nnen wir auch das blaue Wasser sehen, die Wellen, die am Ufer auslaufen und Familien, die, anstatt in Pubs zu sitzen, ihren Nachmittag \u00e4hnlich wie wir drei verbringen.<\/p>\n\n\n\n<p> Am Ende des Weges gelangen wir auf einen gro\u00dfen Parkplatz, auf dem ein Hund aufgeregt mit einem St\u00f6ckchen im Mund auf und ab rennt, der es wahrscheinlich kaum erwarten kann, endlich ins kalte Wasser springen zu d\u00fcrfen. Wir laufen \u00fcber eine Art D\u00fcne zum Steinstrand. Die Schuhe ausgezogen, sp\u00fcren wir die Steine und Muscheln unter unseren F\u00fc\u00dfen. Wir suchen uns ein sch\u00f6nes Pl\u00e4tzchen auf dem doch eher harten Untergrund, futtern unsere Kekse und lassen unsere Blicke \u00fcber das weite, blaue Meer schweifen. \u201eWie sch\u00f6n w\u00e4re es doch, hier zu leben\u201c, denke ich mir. Die M\u00f6wen kreischen, das Meer rauscht beruhigend und ich\u2026 ich d\u00f6se langsam mit meinem Rucksack unterm Kopf ein.<\/p>\n\n\n<div class=\"wp-block-image\">\n<figure class=\"aligncenter\"><img fetchpriority=\"high\" decoding=\"async\" width=\"285\" height=\"379\" src=\"https:\/\/relaunch.euroakademie.de\/magazin\/wp-content\/uploads\/2020\/08\/Bild-Strand-Zaun.png\" alt=\"\" class=\"wp-image-13383\" srcset=\"https:\/\/www.euroakademie.de\/magazin\/wp-content\/uploads\/2020\/08\/Bild-Strand-Zaun.png 285w, https:\/\/www.euroakademie.de\/magazin\/wp-content\/uploads\/2020\/08\/Bild-Strand-Zaun-226x300.png 226w, https:\/\/www.euroakademie.de\/magazin\/wp-content\/uploads\/2020\/08\/Bild-Strand-Zaun-150x199.png 150w\" sizes=\"(max-width: 285px) 100vw, 285px\" \/><\/figure>\n<\/div>\n\n\n<p>Wie man sieht, gibt es auch in Irland einige sonnige Stunden und die Insel hat viel Natur f\u00fcr jedermann zu bieten. Ein Praktikum im Ausland empfehle ich w\u00e4rmstens, da man vor allem lernt, Probleme eigenst\u00e4ndig zu l\u00f6sen und ein gro\u00dfes St\u00fcck selbstst\u00e4ndiger zu werden.<\/p>\n\n\n\n<p><em>Bildquelle: Vivien Elaine Englert<\/em><\/p>\n\n\n\n<p><\/p>\n","protected":false},"excerpt":{"rendered":"<p>\t\t\t\t<![CDATA[Tr\u00e4umen Sie von tiefen Klippen, gr\u00fcnen Wiesen und irischem Guinness Bier? Das k\u00f6nnen Sie mit einem Praktikum verbinden. Hier finden Sie einen kleinen Einblick in die irische Welt.]]>\t\t<\/p>\n","protected":false},"author":82,"featured_media":13378,"comment_status":"closed","ping_status":"closed","sticky":false,"template":"","format":"standard","meta":{"footnotes":""},"categories":[64,13,22,37],"tags":[937,2647,2656,4270,6601],"class_list":{"0":"post-13357","1":"post","2":"type-post","3":"status-publish","4":"format-standard","5":"has-post-thumbnail","7":"category-aschaffenburg","8":"category-fremdsprachen-internationales","9":"category-standortnews","10":"category-von-schuelern-fuer-schueler","11":"tag-auslandspraktikum","12":"tag-eu-programm-erasmus","13":"tag-euro-akademie","14":"tag-irland","15":"tag-praktikum"},"yoast_head":"<!-- This site is optimized with the Yoast SEO plugin v23.5 - https:\/\/yoast.com\/wordpress\/plugins\/seo\/ -->\n<title>Mein Praktikum in Irland \/ Euro Akademie Magazin<\/title>\n<meta name=\"description\" content=\"Tr\u00e4umen Sie von tiefen Klippen, gr\u00fcnen Wiesen und irischem Guinness Bier? Das k\u00f6nnen Sie mit einem Praktikum verbinden. Hier finden Sie einen kleinen Einblick in die irische Welt.\" \/>\n<meta name=\"robots\" content=\"index, follow, max-snippet:-1, max-image-preview:large, max-video-preview:-1\" \/>\n<link rel=\"canonical\" href=\"https:\/\/www.euroakademie.de\/magazin\/mein-praktikum-in-irland\/\" \/>\n<meta property=\"og:locale\" content=\"de_DE\" \/>\n<meta property=\"og:type\" content=\"article\" \/>\n<meta property=\"og:title\" content=\"Mein Praktikum in Irland \/ Euro Akademie Magazin\" \/>\n<meta property=\"og:description\" content=\"Tr\u00e4umen Sie von tiefen Klippen, gr\u00fcnen Wiesen und irischem Guinness Bier? Das k\u00f6nnen Sie mit einem Praktikum verbinden. Hier finden Sie einen kleinen Einblick in die irische Welt.\" \/>\n<meta property=\"og:url\" content=\"https:\/\/www.euroakademie.de\/magazin\/mein-praktikum-in-irland\/\" \/>\n<meta property=\"og:site_name\" content=\"Das Euro Akademie Magazin\" \/>\n<meta property=\"article:published_time\" content=\"2020-08-19T10:00:12+00:00\" \/>\n<meta property=\"article:modified_time\" content=\"2024-11-18T12:11:23+00:00\" \/>\n<meta property=\"og:image\" content=\"https:\/\/www.euroakademie.de\/magazin\/wp-content\/uploads\/2020\/08\/Irland-Strandbild-Final.jpg\" \/>\n\t<meta property=\"og:image:width\" content=\"702\" \/>\n\t<meta property=\"og:image:height\" content=\"336\" \/>\n\t<meta property=\"og:image:type\" content=\"image\/jpeg\" \/>\n<meta name=\"author\" content=\"Vivien Elaine Englert\" \/>\n<meta name=\"twitter:card\" content=\"summary_large_image\" \/>\n<meta name=\"twitter:label1\" content=\"Verfasst von\" \/>\n\t<meta name=\"twitter:data1\" content=\"Vivien Elaine Englert\" \/>\n\t<meta name=\"twitter:label2\" content=\"Gesch\u00e4tzte Lesezeit\" \/>\n\t<meta name=\"twitter:data2\" content=\"1\u00a0Minute\" \/>\n<script type=\"application\/ld+json\" class=\"yoast-schema-graph\">{\"@context\":\"https:\/\/schema.org\",\"@graph\":[{\"@type\":\"Article\",\"@id\":\"https:\/\/www.euroakademie.de\/magazin\/mein-praktikum-in-irland\/#article\",\"isPartOf\":{\"@id\":\"https:\/\/www.euroakademie.de\/magazin\/mein-praktikum-in-irland\/\"},\"author\":{\"name\":\"Vivien Elaine Englert\",\"@id\":\"https:\/\/www.euroakademie.de\/magazin\/#\/schema\/person\/cc26a198fcb985ec2559d2eb6242f66f\"},\"headline\":\"Mein Praktikum in Irland \u2013 zwischen Hektik an der Bar und idyllischer Natur\",\"datePublished\":\"2020-08-19T10:00:12+00:00\",\"dateModified\":\"2024-11-18T12:11:23+00:00\",\"mainEntityOfPage\":{\"@id\":\"https:\/\/www.euroakademie.de\/magazin\/mein-praktikum-in-irland\/\"},\"wordCount\":667,\"publisher\":{\"@id\":\"https:\/\/www.euroakademie.de\/magazin\/#organization\"},\"image\":{\"@id\":\"https:\/\/www.euroakademie.de\/magazin\/mein-praktikum-in-irland\/#primaryimage\"},\"thumbnailUrl\":\"https:\/\/www.euroakademie.de\/magazin\/wp-content\/uploads\/2020\/08\/Irland-Strandbild-Final.jpg\",\"keywords\":[\"Auslandspraktikum\",\"EU-PRogramm Erasmus+\",\"Euro Akademie\",\"Irland\",\"Praktikum\"],\"articleSection\":[\"Aschaffenburg\",\"Fremdsprachen &amp; Internationales\",\"Standortnews\",\"Von Sch\u00fclern f\u00fcr Sch\u00fcler\"],\"inLanguage\":\"de\"},{\"@type\":\"WebPage\",\"@id\":\"https:\/\/www.euroakademie.de\/magazin\/mein-praktikum-in-irland\/\",\"url\":\"https:\/\/www.euroakademie.de\/magazin\/mein-praktikum-in-irland\/\",\"name\":\"Mein Praktikum in Irland \/ Euro Akademie Magazin\",\"isPartOf\":{\"@id\":\"https:\/\/www.euroakademie.de\/magazin\/#website\"},\"primaryImageOfPage\":{\"@id\":\"https:\/\/www.euroakademie.de\/magazin\/mein-praktikum-in-irland\/#primaryimage\"},\"image\":{\"@id\":\"https:\/\/www.euroakademie.de\/magazin\/mein-praktikum-in-irland\/#primaryimage\"},\"thumbnailUrl\":\"https:\/\/www.euroakademie.de\/magazin\/wp-content\/uploads\/2020\/08\/Irland-Strandbild-Final.jpg\",\"datePublished\":\"2020-08-19T10:00:12+00:00\",\"dateModified\":\"2024-11-18T12:11:23+00:00\",\"description\":\"Tr\u00e4umen Sie von tiefen Klippen, gr\u00fcnen Wiesen und irischem Guinness Bier? Das k\u00f6nnen Sie mit einem Praktikum verbinden. Hier finden Sie einen kleinen Einblick in die irische Welt.\",\"breadcrumb\":{\"@id\":\"https:\/\/www.euroakademie.de\/magazin\/mein-praktikum-in-irland\/#breadcrumb\"},\"inLanguage\":\"de\",\"potentialAction\":[{\"@type\":\"ReadAction\",\"target\":[\"https:\/\/www.euroakademie.de\/magazin\/mein-praktikum-in-irland\/\"]}]},{\"@type\":\"ImageObject\",\"inLanguage\":\"de\",\"@id\":\"https:\/\/www.euroakademie.de\/magazin\/mein-praktikum-in-irland\/#primaryimage\",\"url\":\"https:\/\/www.euroakademie.de\/magazin\/wp-content\/uploads\/2020\/08\/Irland-Strandbild-Final.jpg\",\"contentUrl\":\"https:\/\/www.euroakademie.de\/magazin\/wp-content\/uploads\/2020\/08\/Irland-Strandbild-Final.jpg\",\"width\":702,\"height\":336,\"caption\":\"\"},{\"@type\":\"BreadcrumbList\",\"@id\":\"https:\/\/www.euroakademie.de\/magazin\/mein-praktikum-in-irland\/#breadcrumb\",\"itemListElement\":[{\"@type\":\"ListItem\",\"position\":1,\"name\":\"Startseite\",\"item\":\"https:\/\/www.euroakademie.de\/magazin\/\"},{\"@type\":\"ListItem\",\"position\":2,\"name\":\"Mein Praktikum in Irland \u2013 zwischen Hektik an der Bar und idyllischer Natur\"}]},{\"@type\":\"WebSite\",\"@id\":\"https:\/\/www.euroakademie.de\/magazin\/#website\",\"url\":\"https:\/\/www.euroakademie.de\/magazin\/\",\"name\":\"Das Euro Akademie Magazin\",\"description\":\"Gut informiert durch Ausbildung und Studium\",\"publisher\":{\"@id\":\"https:\/\/www.euroakademie.de\/magazin\/#organization\"},\"potentialAction\":[{\"@type\":\"SearchAction\",\"target\":{\"@type\":\"EntryPoint\",\"urlTemplate\":\"https:\/\/www.euroakademie.de\/magazin\/?s={search_term_string}\"},\"query-input\":{\"@type\":\"PropertyValueSpecification\",\"valueRequired\":true,\"valueName\":\"search_term_string\"}}],\"inLanguage\":\"de\"},{\"@type\":\"Organization\",\"@id\":\"https:\/\/www.euroakademie.de\/magazin\/#organization\",\"name\":\"ESO Education Group\",\"url\":\"https:\/\/www.euroakademie.de\/magazin\/\",\"logo\":{\"@type\":\"ImageObject\",\"inLanguage\":\"de\",\"@id\":\"https:\/\/www.euroakademie.de\/magazin\/#\/schema\/logo\/image\/\",\"url\":\"https:\/\/relaunch.euroakademie.de\/magazin\/wp-content\/uploads\/2024\/11\/Logo_EA_negativ_Rahmen_5cm_300dpi_RGB.jpg\",\"contentUrl\":\"https:\/\/relaunch.euroakademie.de\/magazin\/wp-content\/uploads\/2024\/11\/Logo_EA_negativ_Rahmen_5cm_300dpi_RGB.jpg\",\"width\":591,\"height\":236,\"caption\":\"ESO Education Group\"},\"image\":{\"@id\":\"https:\/\/www.euroakademie.de\/magazin\/#\/schema\/logo\/image\/\"}},{\"@type\":\"Person\",\"@id\":\"https:\/\/www.euroakademie.de\/magazin\/#\/schema\/person\/cc26a198fcb985ec2559d2eb6242f66f\",\"name\":\"Vivien Elaine Englert\",\"description\":\"Vivien Elaine Englert hat an der Euro Akademie eine Ausbildung zur Fremdsprachenkorrespondentin absolviert. Da sie eine gro\u00dfe Leidenschaft f\u00fcrs Schreiben hegt, hat sie zwischen 2019 und 2020 einige spannende Artikel f\u00fcr das Euro Akademie Magazin verfasst.\",\"url\":\"https:\/\/www.euroakademie.de\/magazin\/author\/vivien-elaine-englert\/\"}]}<\/script>\n<!-- \/ Yoast SEO plugin. -->","yoast_head_json":{"title":"Mein Praktikum in Irland \/ Euro Akademie Magazin","description":"Tr\u00e4umen Sie von tiefen Klippen, gr\u00fcnen Wiesen und irischem Guinness Bier? Das k\u00f6nnen Sie mit einem Praktikum verbinden. Hier finden Sie einen kleinen Einblick in die irische Welt.","robots":{"index":"index","follow":"follow","max-snippet":"max-snippet:-1","max-image-preview":"max-image-preview:large","max-video-preview":"max-video-preview:-1"},"canonical":"https:\/\/www.euroakademie.de\/magazin\/mein-praktikum-in-irland\/","og_locale":"de_DE","og_type":"article","og_title":"Mein Praktikum in Irland \/ Euro Akademie Magazin","og_description":"Tr\u00e4umen Sie von tiefen Klippen, gr\u00fcnen Wiesen und irischem Guinness Bier? Das k\u00f6nnen Sie mit einem Praktikum verbinden. Hier finden Sie einen kleinen Einblick in die irische Welt.","og_url":"https:\/\/www.euroakademie.de\/magazin\/mein-praktikum-in-irland\/","og_site_name":"Das Euro Akademie Magazin","article_published_time":"2020-08-19T10:00:12+00:00","article_modified_time":"2024-11-18T12:11:23+00:00","og_image":[{"width":702,"height":336,"url":"https:\/\/www.euroakademie.de\/magazin\/wp-content\/uploads\/2020\/08\/Irland-Strandbild-Final.jpg","type":"image\/jpeg"}],"author":"Vivien Elaine Englert","twitter_card":"summary_large_image","twitter_misc":{"Verfasst von":"Vivien Elaine Englert","Gesch\u00e4tzte Lesezeit":"1\u00a0Minute"},"schema":{"@context":"https:\/\/schema.org","@graph":[{"@type":"Article","@id":"https:\/\/www.euroakademie.de\/magazin\/mein-praktikum-in-irland\/#article","isPartOf":{"@id":"https:\/\/www.euroakademie.de\/magazin\/mein-praktikum-in-irland\/"},"author":{"name":"Vivien Elaine Englert","@id":"https:\/\/www.euroakademie.de\/magazin\/#\/schema\/person\/cc26a198fcb985ec2559d2eb6242f66f"},"headline":"Mein Praktikum in Irland \u2013 zwischen Hektik an der Bar und idyllischer Natur","datePublished":"2020-08-19T10:00:12+00:00","dateModified":"2024-11-18T12:11:23+00:00","mainEntityOfPage":{"@id":"https:\/\/www.euroakademie.de\/magazin\/mein-praktikum-in-irland\/"},"wordCount":667,"publisher":{"@id":"https:\/\/www.euroakademie.de\/magazin\/#organization"},"image":{"@id":"https:\/\/www.euroakademie.de\/magazin\/mein-praktikum-in-irland\/#primaryimage"},"thumbnailUrl":"https:\/\/www.euroakademie.de\/magazin\/wp-content\/uploads\/2020\/08\/Irland-Strandbild-Final.jpg","keywords":["Auslandspraktikum","EU-PRogramm Erasmus+","Euro Akademie","Irland","Praktikum"],"articleSection":["Aschaffenburg","Fremdsprachen &amp; Internationales","Standortnews","Von Sch\u00fclern f\u00fcr Sch\u00fcler"],"inLanguage":"de"},{"@type":"WebPage","@id":"https:\/\/www.euroakademie.de\/magazin\/mein-praktikum-in-irland\/","url":"https:\/\/www.euroakademie.de\/magazin\/mein-praktikum-in-irland\/","name":"Mein Praktikum in Irland \/ Euro Akademie Magazin","isPartOf":{"@id":"https:\/\/www.euroakademie.de\/magazin\/#website"},"primaryImageOfPage":{"@id":"https:\/\/www.euroakademie.de\/magazin\/mein-praktikum-in-irland\/#primaryimage"},"image":{"@id":"https:\/\/www.euroakademie.de\/magazin\/mein-praktikum-in-irland\/#primaryimage"},"thumbnailUrl":"https:\/\/www.euroakademie.de\/magazin\/wp-content\/uploads\/2020\/08\/Irland-Strandbild-Final.jpg","datePublished":"2020-08-19T10:00:12+00:00","dateModified":"2024-11-18T12:11:23+00:00","description":"Tr\u00e4umen Sie von tiefen Klippen, gr\u00fcnen Wiesen und irischem Guinness Bier? Das k\u00f6nnen Sie mit einem Praktikum verbinden. Hier finden Sie einen kleinen Einblick in die irische Welt.","breadcrumb":{"@id":"https:\/\/www.euroakademie.de\/magazin\/mein-praktikum-in-irland\/#breadcrumb"},"inLanguage":"de","potentialAction":[{"@type":"ReadAction","target":["https:\/\/www.euroakademie.de\/magazin\/mein-praktikum-in-irland\/"]}]},{"@type":"ImageObject","inLanguage":"de","@id":"https:\/\/www.euroakademie.de\/magazin\/mein-praktikum-in-irland\/#primaryimage","url":"https:\/\/www.euroakademie.de\/magazin\/wp-content\/uploads\/2020\/08\/Irland-Strandbild-Final.jpg","contentUrl":"https:\/\/www.euroakademie.de\/magazin\/wp-content\/uploads\/2020\/08\/Irland-Strandbild-Final.jpg","width":702,"height":336,"caption":""},{"@type":"BreadcrumbList","@id":"https:\/\/www.euroakademie.de\/magazin\/mein-praktikum-in-irland\/#breadcrumb","itemListElement":[{"@type":"ListItem","position":1,"name":"Startseite","item":"https:\/\/www.euroakademie.de\/magazin\/"},{"@type":"ListItem","position":2,"name":"Mein Praktikum in Irland \u2013 zwischen Hektik an der Bar und idyllischer Natur"}]},{"@type":"WebSite","@id":"https:\/\/www.euroakademie.de\/magazin\/#website","url":"https:\/\/www.euroakademie.de\/magazin\/","name":"Das Euro Akademie Magazin","description":"Gut informiert durch Ausbildung und Studium","publisher":{"@id":"https:\/\/www.euroakademie.de\/magazin\/#organization"},"potentialAction":[{"@type":"SearchAction","target":{"@type":"EntryPoint","urlTemplate":"https:\/\/www.euroakademie.de\/magazin\/?s={search_term_string}"},"query-input":{"@type":"PropertyValueSpecification","valueRequired":true,"valueName":"search_term_string"}}],"inLanguage":"de"},{"@type":"Organization","@id":"https:\/\/www.euroakademie.de\/magazin\/#organization","name":"ESO Education Group","url":"https:\/\/www.euroakademie.de\/magazin\/","logo":{"@type":"ImageObject","inLanguage":"de","@id":"https:\/\/www.euroakademie.de\/magazin\/#\/schema\/logo\/image\/","url":"https:\/\/relaunch.euroakademie.de\/magazin\/wp-content\/uploads\/2024\/11\/Logo_EA_negativ_Rahmen_5cm_300dpi_RGB.jpg","contentUrl":"https:\/\/relaunch.euroakademie.de\/magazin\/wp-content\/uploads\/2024\/11\/Logo_EA_negativ_Rahmen_5cm_300dpi_RGB.jpg","width":591,"height":236,"caption":"ESO Education Group"},"image":{"@id":"https:\/\/www.euroakademie.de\/magazin\/#\/schema\/logo\/image\/"}},{"@type":"Person","@id":"https:\/\/www.euroakademie.de\/magazin\/#\/schema\/person\/cc26a198fcb985ec2559d2eb6242f66f","name":"Vivien Elaine Englert","description":"Vivien Elaine Englert hat an der Euro Akademie eine Ausbildung zur Fremdsprachenkorrespondentin absolviert. Da sie eine gro\u00dfe Leidenschaft f\u00fcrs Schreiben hegt, hat sie zwischen 2019 und 2020 einige spannende Artikel f\u00fcr das Euro Akademie Magazin verfasst.","url":"https:\/\/www.euroakademie.de\/magazin\/author\/vivien-elaine-englert\/"}]}},"_links":{"self":[{"href":"https:\/\/www.euroakademie.de\/magazin\/wp-json\/wp\/v2\/posts\/13357","targetHints":{"allow":["GET"]}}],"collection":[{"href":"https:\/\/www.euroakademie.de\/magazin\/wp-json\/wp\/v2\/posts"}],"about":[{"href":"https:\/\/www.euroakademie.de\/magazin\/wp-json\/wp\/v2\/types\/post"}],"author":[{"embeddable":true,"href":"https:\/\/www.euroakademie.de\/magazin\/wp-json\/wp\/v2\/users\/82"}],"replies":[{"embeddable":true,"href":"https:\/\/www.euroakademie.de\/magazin\/wp-json\/wp\/v2\/comments?post=13357"}],"version-history":[{"count":1,"href":"https:\/\/www.euroakademie.de\/magazin\/wp-json\/wp\/v2\/posts\/13357\/revisions"}],"predecessor-version":[{"id":22713,"href":"https:\/\/www.euroakademie.de\/magazin\/wp-json\/wp\/v2\/posts\/13357\/revisions\/22713"}],"wp:featuredmedia":[{"embeddable":true,"href":"https:\/\/www.euroakademie.de\/magazin\/wp-json\/wp\/v2\/media\/13378"}],"wp:attachment":[{"href":"https:\/\/www.euroakademie.de\/magazin\/wp-json\/wp\/v2\/media?parent=13357"}],"wp:term":[{"taxonomy":"category","embeddable":true,"href":"https:\/\/www.euroakademie.de\/magazin\/wp-json\/wp\/v2\/categories?post=13357"},{"taxonomy":"post_tag","embeddable":true,"href":"https:\/\/www.euroakademie.de\/magazin\/wp-json\/wp\/v2\/tags?post=13357"}],"curies":[{"name":"wp","href":"https:\/\/api.w.org\/{rel}","templated":true}]}}