{"id":13745,"date":"2020-10-13T13:01:03","date_gmt":"2020-10-13T11:01:03","guid":{"rendered":"https:\/\/www.euroakademie.de\/magazin\/?p=13745"},"modified":"2024-11-19T13:30:44","modified_gmt":"2024-11-19T12:30:44","slug":"miniserie-ehrenpflegas","status":"publish","type":"post","link":"https:\/\/www.euroakademie.de\/magazin\/miniserie-ehrenpflegas\/","title":{"rendered":"Miniserie Ehrenpflegas: \u201eUnd jetzt hat sogar der letzte Honk verstanden, dass es systemrelevant ist.\u201c"},"content":{"rendered":"\n<p><strong>Das&nbsp;Bundesministerium f\u00fcr Familie, Senioren, Frauen und Jugend (BMFSFJ) hat sich etwas Neues ausgedacht, um&nbsp;die Generation Z&nbsp;f\u00fcr die&nbsp;<a href=\"https:\/\/www.euroakademie.de\/magazin\/20-gruende-fuer-eine-pflegeausbildung\/\" target=\"_blank\" rel=\"noreferrer noopener\" aria-label=\" (\u00f6ffnet in neuem Tab)\">generalistische&nbsp;Pflegeausbildung<\/a> zu begeistern: die YouTube-Miniserie \u201eEhrenpflegas\u201c. Klingt erstmal nach Fremdscham und peinlichen \u201eYo Kids, Pflege ist genauso knorke wie dieses Tok-Tok\u201c-Momenten. Tats\u00e4chlich ist die Serie aber unterhaltsam, hochwertig produziert und prominent besetzt \u2013 und manchmal auch richtig ber\u00fchrend. <\/strong>&nbsp;<\/p>\n\n\n\n<p>Boris (Danilo&nbsp;Kamperidis),&nbsp;Miray&nbsp;(Lisa&nbsp;Vicari)&nbsp;und&nbsp;Harry Potter&nbsp;alias&nbsp;Katrin (Lena Klenke) gehen&nbsp;gemeinsam&nbsp;in die erste Klasse der Pflegeschule.&nbsp;Dabei arbeiten die drei&nbsp;in&nbsp;verschiedenen Bereichen: Altenpflege, Kinderpflege und Krankenpflege \u2013 echt&nbsp;general[istisch] eben.&nbsp;&nbsp;<\/p>\n\n\n\n<p>Zwischen Freundschaft, Liebe und WG-Leben finden sie sich in der Welt der Pflegeberufe zurecht, haben ihre ersten Praxiseins\u00e4tze und kommen auch mit traurigen Themen wie Demenz und Tod in Kontakt. Das ist manchmal hart und anstrengend, aber immer sehr menschlich \u2013 \u201ees ist halt einfach so das echte Leben\u201c,  wie Miray feststellt.<\/p>\n\n\n\n<p>Die Miniserie ist Teil der Ausbildungsoffensive \u201eMach Karriere als Mensch!\u201c. Mit dieser Kampagne m\u00f6chte das BMFSFJ die neue <a href=\"https:\/\/www.euroakademie.de\/bildungsangebote\/gesundheit-pflege\" target=\"_blank\" rel=\"noreferrer noopener\" label=\"Ausbildung zur Pflegefachfrau (\u00f6ffnet in neuem Tab)\">Ausbildung zur Pflegefachfrau<\/a> beziehungsweise zum Pflegefachmann bekannter machen und junge Menschen f\u00fcr die Pflegeberufe gewinnen. Denn ein Job in der Pflege ist nicht nur zukunftssicher, sondern auch erf\u00fcllend \u2013 und gerade hier <a rel=\"noreferrer noopener\" aria-label=\"werden Fachkr\u00e4fte dringend gebraucht (\u00f6ffnet in neuem Tab)\" href=\"https:\/\/www.euroakademie.de\/magazin\/fachkraeftemangel-in-der-altenpflege-wir-werden-weniger-aelter-und-bunter\/\" target=\"_blank\">werden Fachkr\u00e4fte dringend gebraucht<\/a>. \u201eMit der Miniserie \u2018Ehrenpflegas\u2019 wollen wir die Jugendlichen in ihrer Lebenswelt abholen und genau dort erreichen, wo sie sich Informationen holen: in den sozialen Netzwerken\u201c, erkl\u00e4rt Bundesfamilienministerin Dr. Franziska Giffey. \u201eAnsprechen wollen wir aber genauso Menschen mit dem Wunsch nach beruflicher Neuorientierung.\u201c&nbsp; <\/p>\n\n\n\n<h2 class=\"wp-block-heading\"><strong>Kritik auf Twitter<\/strong><\/h2>\n\n\n\n<p>Produziert wurde Ehrenpflegas von Constantin Entertainment, eines der gr\u00f6\u00dften deutschen TV-Produktionsunternehmen. Kein Wunder also, dass die Aufmachung lustig und oft auch ziemlich \u00fcberzogen ist. Doch das gef\u00e4llt nicht jedem: Auf Twitter hagelte es negative Kommentare. \u201eEhrenpflegas zu attestieren, f\u00fcr Pflege zu werben ist, als w\u00fcrde man Fack ju G\u00f6hte als Werbefilm f\u00fcrs Lehramt bezeichnen&#8220;, meint zum Beispiel Ludwig Montag<a rel=\"noreferrer noopener\" href=\"https:\/\/twitter.com\/Krankenpflegel\" target=\"_blank\">(@Krankenpflegel<\/a>).&nbsp;&nbsp;Und Franka&nbsp;<a rel=\"noreferrer noopener\" href=\"https:\/\/twitter.com\/xviewbot209\" target=\"_blank\">(@xviewbot209<\/a>) schreibt: \u201cIch bin f\u00fcr meine Patienten weder \u2018alter\u2019 noch \u2018bruder\u2019, \u2018SCHWESTEER\u2019 und meistens nicht mal \u2018du\u2019. F\u00fcr die n\u00f6tige Distanz. Das ist wichtig f\u00fcr mich und den Patienten. Nur #Ehrenpflegas machen das eben anders, alter.\u201c&nbsp; <\/p>\n\n\n\n<p>Was meinen Sie? Holt&nbsp;Ehrenpflegas&nbsp;die Jugendlichen mit Humor ab oder&nbsp;macht&nbsp;sich&nbsp;die&nbsp;Miniserie&nbsp;\u00fcber&nbsp;Pflegeberufe&nbsp;lustig?&nbsp;<a rel=\"noreferrer noopener\" href=\"https:\/\/www.youtube.com\/playlist?list=PLVvNcE1KWVn8Vu9F2UPbRwJoXIUommQcd\" target=\"_blank\">Hier k\u00f6nnen Sie die Serie anschauen.<\/a>&nbsp;<\/p>\n\n\n\n<p><em>Korrekturhinweis: In einer fr\u00fcheren Version des Beitrags hie\u00df es, die Macher*innen des Films &#8222;Fack ju G\u00f6the&#8220; h\u00e4tten &#8222;Ehrenpflega&#8220;s produziert. Das ist so nicht korrekt. Die Produktionsfirma von &#8222;Ehrenpflegas&#8220;, Constantin Entertainment, ist eine Tochterfirma der Produktionsfirma von &#8222;Fack ju G\u00f6the&#8220;, der Constantin Film AG.<\/em><\/p>\n\n\n\n<div class=\"wp-block-buttons is-layout-flex wp-block-buttons-is-layout-flex\">\n<div class=\"wp-block-button\"><a class=\"wp-block-button__link has-background wp-element-button\" href=\"https:\/\/www.euroakademie.de\/bildungsangebote\/gesundheit-pflege\" style=\"background-color:#95c11f;padding-top:var(--wp--preset--spacing--40);padding-right:var(--wp--preset--spacing--20);padding-bottom:var(--wp--preset--spacing--40);padding-left:var(--wp--preset--spacing--20)\">Jo, ihr Swaggernauten! Eine Pflegeausbildung ist unl\u00fcgbar bombe AF. Gleich hier mailden!<\/a><\/div>\n<\/div>\n","protected":false},"excerpt":{"rendered":"<p>\t\t\t\t<![CDATA[Das Bundesministerium f\u00fcr Familie, Senioren, Frauen und Jugend (BMFSFJ) hat sich etwas Neues ausgedacht, um die Generation Z f\u00fcr die generalistische Pflegeausbildung zu begeistern: die YouTube-Miniserie \u201eEhrenpflegas\u201c. ]]>\t\t<\/p>\n","protected":false},"author":76,"featured_media":13759,"comment_status":"closed","ping_status":"closed","sticky":false,"template":"","format":"standard","meta":{"footnotes":""},"categories":[82,16],"tags":[2278,3475,6385,6400,6403,6409,9364],"class_list":{"0":"post-13745","1":"post","2":"type-post","3":"status-publish","4":"format-standard","5":"has-post-thumbnail","7":"category-branchennews","8":"category-gesundheit-pflege","9":"tag-eherenpflegas","10":"tag-generalistische-pflegeausbildung","11":"tag-pflegeberufe","12":"tag-pflegefachfrau","13":"tag-pflegefachkraft","14":"tag-pflegefachmann","15":"tag-youtube"},"yoast_head":"<!-- This site is optimized with the Yoast SEO plugin v23.5 - https:\/\/yoast.com\/wordpress\/plugins\/seo\/ -->\n<title>Miniserie Ehrenpflegas: \u201eGeneralistisch. Geil.\u201c \/ Gesundheit &amp; Pflege<\/title>\n<meta name=\"description\" content=\"Das BMFSFJ hat sich etwas Neues ausgedacht, um die Generation Z f\u00fcr die generalistische Pflegeausbildung zu begeistern: die Miniserie \u201eEhrenpflegas\u201c.\" \/>\n<meta name=\"robots\" content=\"index, follow, max-snippet:-1, max-image-preview:large, max-video-preview:-1\" \/>\n<link rel=\"canonical\" href=\"https:\/\/www.euroakademie.de\/magazin\/miniserie-ehrenpflegas\/\" \/>\n<meta property=\"og:locale\" content=\"de_DE\" \/>\n<meta property=\"og:type\" content=\"article\" \/>\n<meta property=\"og:title\" content=\"Miniserie Ehrenpflegas: \u201eGeneralistisch. Geil.\u201c \/ Gesundheit &amp; Pflege\" \/>\n<meta property=\"og:description\" content=\"Das BMFSFJ hat sich etwas Neues ausgedacht, um die Generation Z f\u00fcr die generalistische Pflegeausbildung zu begeistern: die Miniserie \u201eEhrenpflegas\u201c.\" \/>\n<meta property=\"og:url\" content=\"https:\/\/www.euroakademie.de\/magazin\/miniserie-ehrenpflegas\/\" \/>\n<meta property=\"og:site_name\" content=\"Das Euro Akademie Magazin\" \/>\n<meta property=\"article:published_time\" content=\"2020-10-13T11:01:03+00:00\" \/>\n<meta property=\"article:modified_time\" content=\"2024-11-19T12:30:44+00:00\" \/>\n<meta property=\"og:image\" content=\"https:\/\/www.euroakademie.de\/magazin\/wp-content\/uploads\/2020\/10\/ehrenpflegas_sharepic.jpg\" \/>\n\t<meta property=\"og:image:width\" content=\"702\" \/>\n\t<meta property=\"og:image:height\" content=\"351\" \/>\n\t<meta property=\"og:image:type\" content=\"image\/jpeg\" \/>\n<meta name=\"author\" content=\"Anna R\u00fcppel\" \/>\n<meta name=\"twitter:card\" content=\"summary_large_image\" \/>\n<meta name=\"twitter:label1\" content=\"Verfasst von\" \/>\n\t<meta name=\"twitter:data1\" content=\"Anna R\u00fcppel\" \/>\n\t<meta name=\"twitter:label2\" content=\"Gesch\u00e4tzte Lesezeit\" \/>\n\t<meta name=\"twitter:data2\" content=\"3\u00a0Minuten\" \/>\n<script type=\"application\/ld+json\" class=\"yoast-schema-graph\">{\"@context\":\"https:\/\/schema.org\",\"@graph\":[{\"@type\":\"Article\",\"@id\":\"https:\/\/www.euroakademie.de\/magazin\/miniserie-ehrenpflegas\/#article\",\"isPartOf\":{\"@id\":\"https:\/\/www.euroakademie.de\/magazin\/miniserie-ehrenpflegas\/\"},\"author\":{\"name\":\"Anna R\u00fcppel\",\"@id\":\"https:\/\/www.euroakademie.de\/magazin\/#\/schema\/person\/60fedb6ea7279f88d9086938e970d05e\"},\"headline\":\"Miniserie Ehrenpflegas: \u201eUnd jetzt hat sogar der letzte Honk verstanden, dass es systemrelevant ist.\u201c\",\"datePublished\":\"2020-10-13T11:01:03+00:00\",\"dateModified\":\"2024-11-19T12:30:44+00:00\",\"mainEntityOfPage\":{\"@id\":\"https:\/\/www.euroakademie.de\/magazin\/miniserie-ehrenpflegas\/\"},\"wordCount\":501,\"publisher\":{\"@id\":\"https:\/\/www.euroakademie.de\/magazin\/#organization\"},\"image\":{\"@id\":\"https:\/\/www.euroakademie.de\/magazin\/miniserie-ehrenpflegas\/#primaryimage\"},\"thumbnailUrl\":\"https:\/\/www.euroakademie.de\/magazin\/wp-content\/uploads\/2020\/10\/ehrenpflegas_sharepic.jpg\",\"keywords\":[\"Eherenpflegas\",\"generalistische Pflegeausbildung\",\"Pflegeberufe\",\"Pflegefachfrau\",\"Pflegefachkraft\",\"Pflegefachmann\",\"YouTube\"],\"articleSection\":[\"Branchennews\",\"Gesundheit &amp; Pflege\"],\"inLanguage\":\"de\"},{\"@type\":\"WebPage\",\"@id\":\"https:\/\/www.euroakademie.de\/magazin\/miniserie-ehrenpflegas\/\",\"url\":\"https:\/\/www.euroakademie.de\/magazin\/miniserie-ehrenpflegas\/\",\"name\":\"Miniserie Ehrenpflegas: \u201eGeneralistisch. Geil.\u201c \/ Gesundheit & Pflege\",\"isPartOf\":{\"@id\":\"https:\/\/www.euroakademie.de\/magazin\/#website\"},\"primaryImageOfPage\":{\"@id\":\"https:\/\/www.euroakademie.de\/magazin\/miniserie-ehrenpflegas\/#primaryimage\"},\"image\":{\"@id\":\"https:\/\/www.euroakademie.de\/magazin\/miniserie-ehrenpflegas\/#primaryimage\"},\"thumbnailUrl\":\"https:\/\/www.euroakademie.de\/magazin\/wp-content\/uploads\/2020\/10\/ehrenpflegas_sharepic.jpg\",\"datePublished\":\"2020-10-13T11:01:03+00:00\",\"dateModified\":\"2024-11-19T12:30:44+00:00\",\"description\":\"Das BMFSFJ hat sich etwas Neues ausgedacht, um die Generation Z f\u00fcr die generalistische Pflegeausbildung zu begeistern: die Miniserie \u201eEhrenpflegas\u201c.\",\"breadcrumb\":{\"@id\":\"https:\/\/www.euroakademie.de\/magazin\/miniserie-ehrenpflegas\/#breadcrumb\"},\"inLanguage\":\"de\",\"potentialAction\":[{\"@type\":\"ReadAction\",\"target\":[\"https:\/\/www.euroakademie.de\/magazin\/miniserie-ehrenpflegas\/\"]}]},{\"@type\":\"ImageObject\",\"inLanguage\":\"de\",\"@id\":\"https:\/\/www.euroakademie.de\/magazin\/miniserie-ehrenpflegas\/#primaryimage\",\"url\":\"https:\/\/www.euroakademie.de\/magazin\/wp-content\/uploads\/2020\/10\/ehrenpflegas_sharepic.jpg\",\"contentUrl\":\"https:\/\/www.euroakademie.de\/magazin\/wp-content\/uploads\/2020\/10\/ehrenpflegas_sharepic.jpg\",\"width\":702,\"height\":351,\"caption\":\"\"},{\"@type\":\"BreadcrumbList\",\"@id\":\"https:\/\/www.euroakademie.de\/magazin\/miniserie-ehrenpflegas\/#breadcrumb\",\"itemListElement\":[{\"@type\":\"ListItem\",\"position\":1,\"name\":\"Startseite\",\"item\":\"https:\/\/www.euroakademie.de\/magazin\/\"},{\"@type\":\"ListItem\",\"position\":2,\"name\":\"Miniserie Ehrenpflegas: \u201eUnd jetzt hat sogar der letzte Honk verstanden, dass es systemrelevant ist.\u201c\"}]},{\"@type\":\"WebSite\",\"@id\":\"https:\/\/www.euroakademie.de\/magazin\/#website\",\"url\":\"https:\/\/www.euroakademie.de\/magazin\/\",\"name\":\"Das Euro Akademie Magazin\",\"description\":\"Gut informiert durch Ausbildung und Studium\",\"publisher\":{\"@id\":\"https:\/\/www.euroakademie.de\/magazin\/#organization\"},\"potentialAction\":[{\"@type\":\"SearchAction\",\"target\":{\"@type\":\"EntryPoint\",\"urlTemplate\":\"https:\/\/www.euroakademie.de\/magazin\/?s={search_term_string}\"},\"query-input\":{\"@type\":\"PropertyValueSpecification\",\"valueRequired\":true,\"valueName\":\"search_term_string\"}}],\"inLanguage\":\"de\"},{\"@type\":\"Organization\",\"@id\":\"https:\/\/www.euroakademie.de\/magazin\/#organization\",\"name\":\"ESO Education Group\",\"url\":\"https:\/\/www.euroakademie.de\/magazin\/\",\"logo\":{\"@type\":\"ImageObject\",\"inLanguage\":\"de\",\"@id\":\"https:\/\/www.euroakademie.de\/magazin\/#\/schema\/logo\/image\/\",\"url\":\"https:\/\/relaunch.euroakademie.de\/magazin\/wp-content\/uploads\/2024\/11\/Logo_EA_negativ_Rahmen_5cm_300dpi_RGB.jpg\",\"contentUrl\":\"https:\/\/relaunch.euroakademie.de\/magazin\/wp-content\/uploads\/2024\/11\/Logo_EA_negativ_Rahmen_5cm_300dpi_RGB.jpg\",\"width\":591,\"height\":236,\"caption\":\"ESO Education Group\"},\"image\":{\"@id\":\"https:\/\/www.euroakademie.de\/magazin\/#\/schema\/logo\/image\/\"}},{\"@type\":\"Person\",\"@id\":\"https:\/\/www.euroakademie.de\/magazin\/#\/schema\/person\/60fedb6ea7279f88d9086938e970d05e\",\"name\":\"Anna R\u00fcppel\",\"description\":\"Anna R\u00fcppel ist mit 1,78 m die Gr\u00f6\u00dfte, wenn es um Ausbildung und Beruf geht. Als Kind war sie kleiner. Von April 2019 bis November 2022 schrieb sie kleinere und gr\u00f6\u00dfere Artikel f\u00fcr das Euro Akademie Magazin.\",\"url\":\"https:\/\/www.euroakademie.de\/magazin\/author\/rueppela\/\"}]}<\/script>\n<!-- \/ Yoast SEO plugin. -->","yoast_head_json":{"title":"Miniserie Ehrenpflegas: \u201eGeneralistisch. Geil.\u201c \/ Gesundheit & Pflege","description":"Das BMFSFJ hat sich etwas Neues ausgedacht, um die Generation Z f\u00fcr die generalistische Pflegeausbildung zu begeistern: die Miniserie \u201eEhrenpflegas\u201c.","robots":{"index":"index","follow":"follow","max-snippet":"max-snippet:-1","max-image-preview":"max-image-preview:large","max-video-preview":"max-video-preview:-1"},"canonical":"https:\/\/www.euroakademie.de\/magazin\/miniserie-ehrenpflegas\/","og_locale":"de_DE","og_type":"article","og_title":"Miniserie Ehrenpflegas: \u201eGeneralistisch. Geil.\u201c \/ Gesundheit & Pflege","og_description":"Das BMFSFJ hat sich etwas Neues ausgedacht, um die Generation Z f\u00fcr die generalistische Pflegeausbildung zu begeistern: die Miniserie \u201eEhrenpflegas\u201c.","og_url":"https:\/\/www.euroakademie.de\/magazin\/miniserie-ehrenpflegas\/","og_site_name":"Das Euro Akademie Magazin","article_published_time":"2020-10-13T11:01:03+00:00","article_modified_time":"2024-11-19T12:30:44+00:00","og_image":[{"width":702,"height":351,"url":"https:\/\/www.euroakademie.de\/magazin\/wp-content\/uploads\/2020\/10\/ehrenpflegas_sharepic.jpg","type":"image\/jpeg"}],"author":"Anna R\u00fcppel","twitter_card":"summary_large_image","twitter_misc":{"Verfasst von":"Anna R\u00fcppel","Gesch\u00e4tzte Lesezeit":"3\u00a0Minuten"},"schema":{"@context":"https:\/\/schema.org","@graph":[{"@type":"Article","@id":"https:\/\/www.euroakademie.de\/magazin\/miniserie-ehrenpflegas\/#article","isPartOf":{"@id":"https:\/\/www.euroakademie.de\/magazin\/miniserie-ehrenpflegas\/"},"author":{"name":"Anna R\u00fcppel","@id":"https:\/\/www.euroakademie.de\/magazin\/#\/schema\/person\/60fedb6ea7279f88d9086938e970d05e"},"headline":"Miniserie Ehrenpflegas: \u201eUnd jetzt hat sogar der letzte Honk verstanden, dass es systemrelevant ist.\u201c","datePublished":"2020-10-13T11:01:03+00:00","dateModified":"2024-11-19T12:30:44+00:00","mainEntityOfPage":{"@id":"https:\/\/www.euroakademie.de\/magazin\/miniserie-ehrenpflegas\/"},"wordCount":501,"publisher":{"@id":"https:\/\/www.euroakademie.de\/magazin\/#organization"},"image":{"@id":"https:\/\/www.euroakademie.de\/magazin\/miniserie-ehrenpflegas\/#primaryimage"},"thumbnailUrl":"https:\/\/www.euroakademie.de\/magazin\/wp-content\/uploads\/2020\/10\/ehrenpflegas_sharepic.jpg","keywords":["Eherenpflegas","generalistische Pflegeausbildung","Pflegeberufe","Pflegefachfrau","Pflegefachkraft","Pflegefachmann","YouTube"],"articleSection":["Branchennews","Gesundheit &amp; Pflege"],"inLanguage":"de"},{"@type":"WebPage","@id":"https:\/\/www.euroakademie.de\/magazin\/miniserie-ehrenpflegas\/","url":"https:\/\/www.euroakademie.de\/magazin\/miniserie-ehrenpflegas\/","name":"Miniserie Ehrenpflegas: \u201eGeneralistisch. Geil.\u201c \/ Gesundheit & Pflege","isPartOf":{"@id":"https:\/\/www.euroakademie.de\/magazin\/#website"},"primaryImageOfPage":{"@id":"https:\/\/www.euroakademie.de\/magazin\/miniserie-ehrenpflegas\/#primaryimage"},"image":{"@id":"https:\/\/www.euroakademie.de\/magazin\/miniserie-ehrenpflegas\/#primaryimage"},"thumbnailUrl":"https:\/\/www.euroakademie.de\/magazin\/wp-content\/uploads\/2020\/10\/ehrenpflegas_sharepic.jpg","datePublished":"2020-10-13T11:01:03+00:00","dateModified":"2024-11-19T12:30:44+00:00","description":"Das BMFSFJ hat sich etwas Neues ausgedacht, um die Generation Z f\u00fcr die generalistische Pflegeausbildung zu begeistern: die Miniserie \u201eEhrenpflegas\u201c.","breadcrumb":{"@id":"https:\/\/www.euroakademie.de\/magazin\/miniserie-ehrenpflegas\/#breadcrumb"},"inLanguage":"de","potentialAction":[{"@type":"ReadAction","target":["https:\/\/www.euroakademie.de\/magazin\/miniserie-ehrenpflegas\/"]}]},{"@type":"ImageObject","inLanguage":"de","@id":"https:\/\/www.euroakademie.de\/magazin\/miniserie-ehrenpflegas\/#primaryimage","url":"https:\/\/www.euroakademie.de\/magazin\/wp-content\/uploads\/2020\/10\/ehrenpflegas_sharepic.jpg","contentUrl":"https:\/\/www.euroakademie.de\/magazin\/wp-content\/uploads\/2020\/10\/ehrenpflegas_sharepic.jpg","width":702,"height":351,"caption":""},{"@type":"BreadcrumbList","@id":"https:\/\/www.euroakademie.de\/magazin\/miniserie-ehrenpflegas\/#breadcrumb","itemListElement":[{"@type":"ListItem","position":1,"name":"Startseite","item":"https:\/\/www.euroakademie.de\/magazin\/"},{"@type":"ListItem","position":2,"name":"Miniserie Ehrenpflegas: \u201eUnd jetzt hat sogar der letzte Honk verstanden, dass es systemrelevant ist.\u201c"}]},{"@type":"WebSite","@id":"https:\/\/www.euroakademie.de\/magazin\/#website","url":"https:\/\/www.euroakademie.de\/magazin\/","name":"Das Euro Akademie Magazin","description":"Gut informiert durch Ausbildung und Studium","publisher":{"@id":"https:\/\/www.euroakademie.de\/magazin\/#organization"},"potentialAction":[{"@type":"SearchAction","target":{"@type":"EntryPoint","urlTemplate":"https:\/\/www.euroakademie.de\/magazin\/?s={search_term_string}"},"query-input":{"@type":"PropertyValueSpecification","valueRequired":true,"valueName":"search_term_string"}}],"inLanguage":"de"},{"@type":"Organization","@id":"https:\/\/www.euroakademie.de\/magazin\/#organization","name":"ESO Education Group","url":"https:\/\/www.euroakademie.de\/magazin\/","logo":{"@type":"ImageObject","inLanguage":"de","@id":"https:\/\/www.euroakademie.de\/magazin\/#\/schema\/logo\/image\/","url":"https:\/\/relaunch.euroakademie.de\/magazin\/wp-content\/uploads\/2024\/11\/Logo_EA_negativ_Rahmen_5cm_300dpi_RGB.jpg","contentUrl":"https:\/\/relaunch.euroakademie.de\/magazin\/wp-content\/uploads\/2024\/11\/Logo_EA_negativ_Rahmen_5cm_300dpi_RGB.jpg","width":591,"height":236,"caption":"ESO Education Group"},"image":{"@id":"https:\/\/www.euroakademie.de\/magazin\/#\/schema\/logo\/image\/"}},{"@type":"Person","@id":"https:\/\/www.euroakademie.de\/magazin\/#\/schema\/person\/60fedb6ea7279f88d9086938e970d05e","name":"Anna R\u00fcppel","description":"Anna R\u00fcppel ist mit 1,78 m die Gr\u00f6\u00dfte, wenn es um Ausbildung und Beruf geht. Als Kind war sie kleiner. Von April 2019 bis November 2022 schrieb sie kleinere und gr\u00f6\u00dfere Artikel f\u00fcr das Euro Akademie Magazin.","url":"https:\/\/www.euroakademie.de\/magazin\/author\/rueppela\/"}]}},"_links":{"self":[{"href":"https:\/\/www.euroakademie.de\/magazin\/wp-json\/wp\/v2\/posts\/13745","targetHints":{"allow":["GET"]}}],"collection":[{"href":"https:\/\/www.euroakademie.de\/magazin\/wp-json\/wp\/v2\/posts"}],"about":[{"href":"https:\/\/www.euroakademie.de\/magazin\/wp-json\/wp\/v2\/types\/post"}],"author":[{"embeddable":true,"href":"https:\/\/www.euroakademie.de\/magazin\/wp-json\/wp\/v2\/users\/76"}],"replies":[{"embeddable":true,"href":"https:\/\/www.euroakademie.de\/magazin\/wp-json\/wp\/v2\/comments?post=13745"}],"version-history":[{"count":2,"href":"https:\/\/www.euroakademie.de\/magazin\/wp-json\/wp\/v2\/posts\/13745\/revisions"}],"predecessor-version":[{"id":23526,"href":"https:\/\/www.euroakademie.de\/magazin\/wp-json\/wp\/v2\/posts\/13745\/revisions\/23526"}],"wp:featuredmedia":[{"embeddable":true,"href":"https:\/\/www.euroakademie.de\/magazin\/wp-json\/wp\/v2\/media\/13759"}],"wp:attachment":[{"href":"https:\/\/www.euroakademie.de\/magazin\/wp-json\/wp\/v2\/media?parent=13745"}],"wp:term":[{"taxonomy":"category","embeddable":true,"href":"https:\/\/www.euroakademie.de\/magazin\/wp-json\/wp\/v2\/categories?post=13745"},{"taxonomy":"post_tag","embeddable":true,"href":"https:\/\/www.euroakademie.de\/magazin\/wp-json\/wp\/v2\/tags?post=13745"}],"curies":[{"name":"wp","href":"https:\/\/api.w.org\/{rel}","templated":true}]}}