{"id":13856,"date":"2020-10-29T15:31:21","date_gmt":"2020-10-29T14:31:21","guid":{"rendered":"https:\/\/www.euroakademie.de\/magazin\/?p=13856"},"modified":"2025-12-09T15:36:56","modified_gmt":"2025-12-09T14:36:56","slug":"corona-und-depression","status":"publish","type":"post","link":"https:\/\/www.euroakademie.de\/magazin\/corona-und-depression\/","title":{"rendered":"Corona und Depression: psychisch gesund trotz Krise"},"content":{"rendered":"\n<p><strong>Seit mehr als einem halben Jahr ist Corona unsere st\u00e4ndige Begleiterin. F\u00fcr die meisten ist nicht nur die Angst vor der Krankheit eine Belastung \u00ad\u2013 durch Kontaktbeschr\u00e4nkungen, Homeschooling, Kurzarbeit oder sogar Jobverlust hat sich unser Alltag komplett ver\u00e4ndert. Und noch ist kein Ende der Krise in Sicht. Steigende Fallzahlen, kalt-tr\u00fcbe Tage und die Aussicht, auch im Herbst und Winter auf vieles verzichten zu m\u00fcssen, machen uns Angst. Diesem Druck standzuhalten und zus\u00e4tzlich noch in Schule, Arbeit und Haushalt zu funktionieren, f\u00e4llt oft nicht leicht. Deshalb ist es gerade jetzt essenziell, auch auf die psychische Gesundheit zu achten, Belastungen ernst zu nehmen und sich Hilfe zu suchen. Und, wichtiger denn je, auch auf unsere Lieben achtzugeben, sie zu unterst\u00fctzen und manchmal f\u00fcreinander da zu sein \u2013 selbst, wenn es nur virtuell ist.<\/strong><\/p>\n\n\n\n<p>Die psychische Belastung w\u00e4hrend der Corona-Pandemie ist enorm: Angst, Stress und Einsamkeit bestimmen unseren Alltag. Besonders im Fr\u00fchjahr 2020, als die Einschr\u00e4nkungen am gr\u00f6\u00dften waren, stieg auch die Zahl der psychischen Krankheiten stark an. Die <a rel=\"noreferrer noopener\" aria-label=\" (\u00f6ffnet in neuem Tab)\" href=\"https:\/\/nako.de\/\" target=\"_blank\">NAKO Gesundheitsstudie<\/a> kam zu dem Ergebnis, dass es gerade in Regionen mit vielen Corona-F\u00e4llen h\u00e4ufiger Depressionen gab, vorwiegend in der Gruppe der 20- 50-J\u00e4hrigen. \u201eDie psychische Belastung bei jungen bis mittelalten Menschen, zwischen 20 und Ende 40, war besonders gro\u00df\u201c, so Studienleiter Professor Klaus Berger <a rel=\"noreferrer noopener\" aria-label=\" (\u00f6ffnet in neuem Tab)\" href=\"https:\/\/www.faz.net\/aktuell\/gesellschaft\/gesundheit\/coronavirus\/wie-es-um-die-psychische-gesundheit-der-deutschen-steht-17017842.html\" target=\"_blank\">im Interview mit der FAZ<\/a>. Am st\u00e4rksten seien demnach junge Frauen bis Ende 30 von der Verschlechterung betroffen: \u201eDazu d\u00fcrfte die Belastung durch Homeoffice, Pflege und Betreuung sowie Haushalt beigetragen haben\u201c, erkl\u00e4rt Berger. <\/p>\n\n\n\n<h2 class=\"wp-block-heading\"><strong>Offensive Psychische Gesundheit<\/strong><\/h2>\n\n\n\n<p>Der Schutz der psychischen Gesundheit ist in der Politik inzwischen ein wichtiges Thema. &nbsp;Bundesfamilienministerin Franziska Giffey, Bundesarbeitsminister Hubertus Heil und Bundesgesundheitsminister Jens Spahn starteten am 5. Oktober 2020 gemeinsam mit einem breiten B\u00fcndnis von \u00fcber f\u00fcnfzig Institutionen aus dem Bereich der Pr\u00e4vention die \u201e<a href=\"https:\/\/inqa.de\/DE\/vernetzen\/offensive-psychische-gesundheit\/uebersicht.html\" target=\"_blank\" rel=\"noreferrer noopener\" aria-label=\" (\u00f6ffnet in neuem Tab)\">Offensive Psychische Gesundheit<\/a>\u201c, damit der gesellschaftliche Umgang mit psychischen Belastungen offener wird. Ziel der Offensive ist es, die Wahrnehmung f\u00fcr die eigenen psychischen Belastungen und Grenzen zu sch\u00e4rfen und Betroffenen einen offeneren Umgang damit zu erm\u00f6glichen. Dar\u00fcber hinaus m\u00f6chte die Offensive die Vielzahl der Pr\u00e4ventionsanbieter in &nbsp;Deutschland besser vernetzen.<\/p>\n\n\n\n<p>Ein notwendiger Schritt, da psychische Krankheiten immer noch oft ein Tabu sind und Betroffene nicht die notwendige Hilfe bekommen. Die Corona-Krise macht die Sensibilisierung f\u00fcr Belastungen und Erkrankungen nochmal wichtiger. \u201eNicht nur eine Infektion selbst kann krank machen, sondern auch die Sorge davor\u201c, <a aria-label=\" (\u00f6ffnet in neuem Tab)\" href=\"https:\/\/www.bundesgesundheitsministerium.de\/presse\/pressemitteilungen\/2020\/4-quartal\/offensive-psychische-gesundheit.html\" target=\"_blank\" rel=\"noreferrer noopener\">warnt Jens Spahn<\/a>. \u201eDie Corona-Pandemie bedeutet f\u00fcr viele auch eine enorme psychische Belastung, die bei manchen sogar behandlungsbed\u00fcrftig werden kann. Gerade in dieser Zeit ist es deshalb wichtig, mit Aufkl\u00e4rungsarbeit und Unterst\u00fctzungsangeboten f\u00fcr psychische Gesundheit zu sensibilisieren und einen fr\u00fchen Zugang zu Hilfe zu erleichtern.\u201c<\/p>\n\n\n\n<h2 class=\"wp-block-heading\"><strong>Corona und Du<\/strong><\/h2>\n\n\n\n<p>Auch f\u00fcr <a href=\"https:\/\/www.euroakademie.de\/magazin\/depressionen\/\" target=\"_blank\" rel=\"noreferrer noopener\" aria-label=\"Kinder und Jugendliche (\u00f6ffnet in neuem Tab)\">Kinder und Jugendliche<\/a> hat sich das Leben durch Corona von heute auf morgen ver\u00e4ndert \u2013 Normalit\u00e4t gibt es pl\u00f6tzlich nicht mehr. Die <a rel=\"noreferrer noopener\" label=\" (\u00f6ffnet in neuem Tab)\" href=\"https:\/\/www.kinderschutzbund-freiburg.de\/wp-content\/uploads\/2021\/03\/2020_03-Kinderschutzbund_Newsletter.pdf\" target=\"_blank\">Studie JuCo<\/a> der Universit\u00e4ten Hildesheim und Frankfurt zeigt, wie Kinder und Jugendliche unter der Verunsicherung und \u00dcberforderung leiden. In der Befragung berichten sie von Einsamkeit, psychischer Belastung und einem Gef\u00fchl der Ohnmacht.<\/p>\n\n\n\n<p>Um junge Menschen in diesen schwierigen Zeiten zu unterst\u00fctzen, hat die Kinder- und Jugendpsychiatrie des LMU Klinikums M\u00fcnchen gemeinsam mit der Beisheim Stiftung das Infoportal Corona und Du ins Leben gerufen. Hier gibt es \u00dcbungen, um die eigene psychische Gesundheit zu st\u00e4rken, konkrete Handlungstipps zum Umgang mit den Herausforderungen der Corona-Krise und eine Sammlung der wichtigsten Anlaufstellen und Seelsorge-Angebote. <\/p>\n\n\n\n<p>Prof. Dr. med. Gerd Schulte-K\u00f6rne ist Direktor der Klinik und hat mit seinem Team die Inhalte f\u00fcr das Portal erarbeitet. <a rel=\"noreferrer noopener\" aria-label=\" (\u00f6ffnet in neuem Tab)\" href=\"https:\/\/www.kjp.med.uni-muenchen.de\/download\/Corona_und_Du_Interview2.pdf\" target=\"_blank\">Im Interview<\/a> beschreibt er die Beweggr\u00fcnde des Projekts: \u201eKinder und Jugendliche leiden aufgrund der Corona-Pandemie. Wir m\u00f6chten mit unserem Portal psychisch belasteten Kindern und Jugendlichen eine Plattform bieten, um sich Hilfe und Tipps f\u00fcr ein Leben mit Corona einzuholen. [\u2026] Besonders junge Menschen sind \u00fcberfordert und k\u00f6nnen sich nicht so helfen wie Erwachsene. \u00c4hnlich wie die Unterst\u00fctzung vom Staat f\u00fcr Unternehmen w\u00fcnsche ich mir eine Hilfe f\u00fcr unsere Kinder und Jugendlichen. Denn sie sind schlie\u00dflich die Zukunft unseres Landes!\u201c<\/p>\n\n\n\n<h2 class=\"wp-block-heading\"><strong>Tipps f\u00fcr die seelische Gesundheit<\/strong><\/h2>\n\n\n\n<p>Die Krise ist f\u00fcr uns alle eine massive Belastung, deshalb m\u00fcssen wir alle darauf achten, unser seelisches Gleichgewicht nicht zu verlieren. Die Deutsche Gesellschaft f\u00fcr Psychiatrie und Psychotherapie, Psychosomatik und Nervenheilkunde hat <a href=\"https:\/\/www.dgppn.de\/presse\/pressemitteilungen\/pressemitteilungen-2020\/corona-psyche.html\">f\u00fcnf Empfehlungen zusammengestellt<\/a>, die uns in dieser Ausnahmesituation helfen k\u00f6nnen:<\/p>\n\n\n\n<h3 class=\"wp-block-heading\">1. Bewusst informieren<\/h3>\n\n\n\n<p>St\u00e4ndig gibt es neue Zahlen, Push-Nachrichten, Updates im Liveticker oder Spezialsendungen im Fernsehen. Das setzt uns unter Dauerstress. Nat\u00fcrlich ist es wichtig, informiert zu bleiben \u2013 aber bewusst und in Ma\u00dfen. Und es ist v\u00f6llig in Ordnung, das Handy, den Fernseher und das Radio einfach mal abzuschalten.<\/p>\n\n\n\n<h3 class=\"wp-block-heading\">2.  Den Alltag nicht verlieren <\/h3>\n\n\n\n<p>Feste Schlafens- und Essenszeiten helfen, die innere Stabilit\u00e4t zu bewahren. Auch wenn Sie zu Hause lernen oder arbeiten, sollten Sie <a href=\"https:\/\/www.euroakademie.de\/magazin\/abschalten-nach-dem-homeoffice\/\" target=\"_blank\" rel=\"noreferrer noopener\" aria-label=\"feste Zeiten einhalten (\u00f6ffnet in neuem Tab)\">feste Zeiten einhalten<\/a>. In Ihrer Freizeit konzentrieren Sie sich auf Aktivit\u00e4ten, die Ihnen guttun und zum seelischen und k\u00f6rperlichen Wohlbefinden beitragen: zum Beispiel ein leckeres und gesundes Essen, ein entspannendes Bad oder Bewegung an der frischen Luft.<\/p>\n\n\n\n<h3 class=\"wp-block-heading\">3. Austausch und Hilfe<\/h3>\n\n\n\n<p>Trotz Beschr\u00e4nkungen gibt es viele M\u00f6glichkeiten, in Kontakt zu bleiben. Der Austausch \u00fcber Sorgen und Gef\u00fchle kann unheimlich entlastend sein, besonders f\u00fcr Menschen, die sich gerade einsam f\u00fchlen. Ein Anruf bei Oma, eine WhatsApp-Nachricht an den Nachbarn oder ein Brief an Tante Inge k\u00f6nnen viel bewirken und senden die Botschaft \u201edu bist nicht allein\u201c.<\/p>\n\n\n\n<h3 class=\"wp-block-heading\">4. Positive Gef\u00fchle st\u00e4rken<\/h3>\n\n\n\n<p>Es ist total okay, gerade genervt, w\u00fctend, verzweifelt oder traurig zu sein. Diese Gef\u00fchle d\u00fcrfen Sie anerkennen, konzentrieren sollten Sie sich aber auf das Positive. Nehmen Sie sich aktiv vor, sich nicht in die negativen Gef\u00fchle hineinzusteigern. Achten Sie auf alle Gedanken, Erlebnisse und Aktivit\u00e4ten, die positive Gef\u00fchle in Ihnen ausl\u00f6sen \u2013 der Herbstspaziergang im Park, das Lieblingslied im Radio oder die Tasse Tee auf der Couch. <\/p>\n\n\n\n<h3 class=\"wp-block-heading\">5. Professionelle Hilfe<\/h3>\n\n\n\n<p>Wenn Sie merken, dass Sie die Belastung nicht allein bew\u00e4ltigen k\u00f6nnen, suchen Sie sich unbedingt Hilfe! Erste*r Ansprechpartner*in ist Ihre Haus\u00e4rztin oder Ihr Hausarzt. Auch durch den Anruf der psychologischen Beratungsstelle in Ihrer Stadt oder <a rel=\"noreferrer noopener\" aria-label=\" (\u00f6ffnet in neuem Tab)\" href=\"https:\/\/www.telefonseelsorge.de\/\" target=\"_blank\">bei der Telefonseelsorge<\/a> bekommen Sie schnell professionelle Hilfe. <\/p>\n\n\n\n<p><strong>Suchst du Hilfe oder einfach jemandem zum Reden? Bei der Telefonseelsorge unter der Nummer 0800 1110-111 oder 0800 1110-222 kannst du jederzeit anrufen \u2013 anonym und kostenfrei. Auch <\/strong><a href=\"https:\/\/online.telefonseelsorge.de\/chatseelsorge\" target=\"_blank\" rel=\"noreferrer noopener\"><strong>per Chat<\/strong><\/a><strong>\u00a0und\u00a0<\/strong><a href=\"https:\/\/online.telefonseelsorge.de\/\" target=\"_blank\" rel=\"noreferrer noopener\"><strong>per E-Mail<\/strong><\/a><strong>\u00a0bekommst du kostenlos Hilfe und Beratung.\u00a0<\/strong><\/p>\n\n\n\n<p><em>Bildquelle Beitragsbild: \u00a9 Mary Long\/shutterstock.com<\/em> <\/p>\n\n\n\n<p><\/p>\n","protected":false},"excerpt":{"rendered":"<p>\t\t\t\t<![CDATA[Die Zahl der psychischen Krankheiten nimmt w\u00e4hrend der Corona-Pandemie zu. Was dagegen unternommen wird und was jeder f\u00fcr sein seelisches Wohlbefinden tun kann.]]>\t\t<\/p>\n","protected":false},"author":76,"featured_media":13860,"comment_status":"closed","ping_status":"closed","sticky":false,"template":"","format":"standard","meta":{"footnotes":""},"categories":[118],"tags":[6775],"class_list":{"0":"post-13856","1":"post","2":"type-post","3":"status-publish","4":"format-standard","5":"has-post-thumbnail","7":"category-im-fokus","8":"tag-psyche"},"yoast_head":"<!-- This site is optimized with the Yoast SEO plugin v23.5 - https:\/\/yoast.com\/wordpress\/plugins\/seo\/ -->\n<title>Corona und Depression: psychisch gesund trotz Krise<\/title>\n<meta name=\"description\" content=\"Die Zahl der psychischen Krankheiten nimmt w\u00e4hrend der Corona-Pandemie zu. Was jeder f\u00fcr sein seelisches Wohlbefinden tun kann.\" \/>\n<meta name=\"robots\" content=\"index, follow, max-snippet:-1, max-image-preview:large, max-video-preview:-1\" \/>\n<link rel=\"canonical\" href=\"https:\/\/www.euroakademie.de\/magazin\/corona-und-depression\/\" \/>\n<meta property=\"og:locale\" content=\"de_DE\" \/>\n<meta property=\"og:type\" content=\"article\" \/>\n<meta property=\"og:title\" content=\"Corona und Depression: psychisch gesund trotz Krise\" \/>\n<meta property=\"og:description\" content=\"Die Zahl der psychischen Krankheiten nimmt w\u00e4hrend der Corona-Pandemie zu. Was jeder f\u00fcr sein seelisches Wohlbefinden tun kann.\" \/>\n<meta property=\"og:url\" content=\"https:\/\/www.euroakademie.de\/magazin\/corona-und-depression\/\" \/>\n<meta property=\"og:site_name\" content=\"Das Euro Akademie Magazin\" \/>\n<meta property=\"article:published_time\" content=\"2020-10-29T14:31:21+00:00\" \/>\n<meta property=\"article:modified_time\" content=\"2025-12-09T14:36:56+00:00\" \/>\n<meta property=\"og:image\" content=\"https:\/\/www.euroakademie.de\/magazin\/wp-content\/uploads\/2020\/10\/Depressionen_Corona.jpg\" \/>\n\t<meta property=\"og:image:width\" content=\"702\" \/>\n\t<meta property=\"og:image:height\" content=\"336\" \/>\n\t<meta property=\"og:image:type\" content=\"image\/jpeg\" \/>\n<meta name=\"author\" content=\"Anna R\u00fcppel\" \/>\n<meta name=\"twitter:card\" content=\"summary_large_image\" \/>\n<meta name=\"twitter:label1\" content=\"Verfasst von\" \/>\n\t<meta name=\"twitter:data1\" content=\"Anna R\u00fcppel\" \/>\n\t<meta name=\"twitter:label2\" content=\"Gesch\u00e4tzte Lesezeit\" \/>\n\t<meta name=\"twitter:data2\" content=\"6\u00a0Minuten\" \/>\n<script type=\"application\/ld+json\" class=\"yoast-schema-graph\">{\"@context\":\"https:\/\/schema.org\",\"@graph\":[{\"@type\":\"Article\",\"@id\":\"https:\/\/www.euroakademie.de\/magazin\/corona-und-depression\/#article\",\"isPartOf\":{\"@id\":\"https:\/\/www.euroakademie.de\/magazin\/corona-und-depression\/\"},\"author\":{\"name\":\"Anna R\u00fcppel\",\"@id\":\"https:\/\/www.euroakademie.de\/magazin\/#\/schema\/person\/60fedb6ea7279f88d9086938e970d05e\"},\"headline\":\"Corona und Depression: psychisch gesund trotz Krise\",\"datePublished\":\"2020-10-29T14:31:21+00:00\",\"dateModified\":\"2025-12-09T14:36:56+00:00\",\"mainEntityOfPage\":{\"@id\":\"https:\/\/www.euroakademie.de\/magazin\/corona-und-depression\/\"},\"wordCount\":1101,\"publisher\":{\"@id\":\"https:\/\/www.euroakademie.de\/magazin\/#organization\"},\"image\":{\"@id\":\"https:\/\/www.euroakademie.de\/magazin\/corona-und-depression\/#primaryimage\"},\"thumbnailUrl\":\"https:\/\/www.euroakademie.de\/magazin\/wp-content\/uploads\/2020\/10\/Depressionen_Corona.jpg\",\"keywords\":[\"Psyche\"],\"articleSection\":[\"Im Fokus\"],\"inLanguage\":\"de\"},{\"@type\":\"WebPage\",\"@id\":\"https:\/\/www.euroakademie.de\/magazin\/corona-und-depression\/\",\"url\":\"https:\/\/www.euroakademie.de\/magazin\/corona-und-depression\/\",\"name\":\"Corona und Depression: psychisch gesund trotz Krise\",\"isPartOf\":{\"@id\":\"https:\/\/www.euroakademie.de\/magazin\/#website\"},\"primaryImageOfPage\":{\"@id\":\"https:\/\/www.euroakademie.de\/magazin\/corona-und-depression\/#primaryimage\"},\"image\":{\"@id\":\"https:\/\/www.euroakademie.de\/magazin\/corona-und-depression\/#primaryimage\"},\"thumbnailUrl\":\"https:\/\/www.euroakademie.de\/magazin\/wp-content\/uploads\/2020\/10\/Depressionen_Corona.jpg\",\"datePublished\":\"2020-10-29T14:31:21+00:00\",\"dateModified\":\"2025-12-09T14:36:56+00:00\",\"description\":\"Die Zahl der psychischen Krankheiten nimmt w\u00e4hrend der Corona-Pandemie zu. Was jeder f\u00fcr sein seelisches Wohlbefinden tun kann.\",\"breadcrumb\":{\"@id\":\"https:\/\/www.euroakademie.de\/magazin\/corona-und-depression\/#breadcrumb\"},\"inLanguage\":\"de\",\"potentialAction\":[{\"@type\":\"ReadAction\",\"target\":[\"https:\/\/www.euroakademie.de\/magazin\/corona-und-depression\/\"]}]},{\"@type\":\"ImageObject\",\"inLanguage\":\"de\",\"@id\":\"https:\/\/www.euroakademie.de\/magazin\/corona-und-depression\/#primaryimage\",\"url\":\"https:\/\/www.euroakademie.de\/magazin\/wp-content\/uploads\/2020\/10\/Depressionen_Corona.jpg\",\"contentUrl\":\"https:\/\/www.euroakademie.de\/magazin\/wp-content\/uploads\/2020\/10\/Depressionen_Corona.jpg\",\"width\":702,\"height\":336,\"caption\":\"\"},{\"@type\":\"BreadcrumbList\",\"@id\":\"https:\/\/www.euroakademie.de\/magazin\/corona-und-depression\/#breadcrumb\",\"itemListElement\":[{\"@type\":\"ListItem\",\"position\":1,\"name\":\"Startseite\",\"item\":\"https:\/\/www.euroakademie.de\/magazin\/\"},{\"@type\":\"ListItem\",\"position\":2,\"name\":\"Corona und Depression: psychisch gesund trotz Krise\"}]},{\"@type\":\"WebSite\",\"@id\":\"https:\/\/www.euroakademie.de\/magazin\/#website\",\"url\":\"https:\/\/www.euroakademie.de\/magazin\/\",\"name\":\"Das Euro Akademie Magazin\",\"description\":\"Gut informiert durch Ausbildung und Studium\",\"publisher\":{\"@id\":\"https:\/\/www.euroakademie.de\/magazin\/#organization\"},\"potentialAction\":[{\"@type\":\"SearchAction\",\"target\":{\"@type\":\"EntryPoint\",\"urlTemplate\":\"https:\/\/www.euroakademie.de\/magazin\/?s={search_term_string}\"},\"query-input\":{\"@type\":\"PropertyValueSpecification\",\"valueRequired\":true,\"valueName\":\"search_term_string\"}}],\"inLanguage\":\"de\"},{\"@type\":\"Organization\",\"@id\":\"https:\/\/www.euroakademie.de\/magazin\/#organization\",\"name\":\"ESO Education Group\",\"url\":\"https:\/\/www.euroakademie.de\/magazin\/\",\"logo\":{\"@type\":\"ImageObject\",\"inLanguage\":\"de\",\"@id\":\"https:\/\/www.euroakademie.de\/magazin\/#\/schema\/logo\/image\/\",\"url\":\"https:\/\/relaunch.euroakademie.de\/magazin\/wp-content\/uploads\/2024\/11\/Logo_EA_negativ_Rahmen_5cm_300dpi_RGB.jpg\",\"contentUrl\":\"https:\/\/relaunch.euroakademie.de\/magazin\/wp-content\/uploads\/2024\/11\/Logo_EA_negativ_Rahmen_5cm_300dpi_RGB.jpg\",\"width\":591,\"height\":236,\"caption\":\"ESO Education Group\"},\"image\":{\"@id\":\"https:\/\/www.euroakademie.de\/magazin\/#\/schema\/logo\/image\/\"}},{\"@type\":\"Person\",\"@id\":\"https:\/\/www.euroakademie.de\/magazin\/#\/schema\/person\/60fedb6ea7279f88d9086938e970d05e\",\"name\":\"Anna R\u00fcppel\",\"description\":\"Anna R\u00fcppel ist mit 1,78 m die Gr\u00f6\u00dfte, wenn es um Ausbildung und Beruf geht. Als Kind war sie kleiner. Von April 2019 bis November 2022 schrieb sie kleinere und gr\u00f6\u00dfere Artikel f\u00fcr das Euro Akademie Magazin.\",\"url\":\"https:\/\/www.euroakademie.de\/magazin\/author\/rueppela\/\"}]}<\/script>\n<!-- \/ Yoast SEO plugin. -->","yoast_head_json":{"title":"Corona und Depression: psychisch gesund trotz Krise","description":"Die Zahl der psychischen Krankheiten nimmt w\u00e4hrend der Corona-Pandemie zu. Was jeder f\u00fcr sein seelisches Wohlbefinden tun kann.","robots":{"index":"index","follow":"follow","max-snippet":"max-snippet:-1","max-image-preview":"max-image-preview:large","max-video-preview":"max-video-preview:-1"},"canonical":"https:\/\/www.euroakademie.de\/magazin\/corona-und-depression\/","og_locale":"de_DE","og_type":"article","og_title":"Corona und Depression: psychisch gesund trotz Krise","og_description":"Die Zahl der psychischen Krankheiten nimmt w\u00e4hrend der Corona-Pandemie zu. Was jeder f\u00fcr sein seelisches Wohlbefinden tun kann.","og_url":"https:\/\/www.euroakademie.de\/magazin\/corona-und-depression\/","og_site_name":"Das Euro Akademie Magazin","article_published_time":"2020-10-29T14:31:21+00:00","article_modified_time":"2025-12-09T14:36:56+00:00","og_image":[{"width":702,"height":336,"url":"https:\/\/www.euroakademie.de\/magazin\/wp-content\/uploads\/2020\/10\/Depressionen_Corona.jpg","type":"image\/jpeg"}],"author":"Anna R\u00fcppel","twitter_card":"summary_large_image","twitter_misc":{"Verfasst von":"Anna R\u00fcppel","Gesch\u00e4tzte Lesezeit":"6\u00a0Minuten"},"schema":{"@context":"https:\/\/schema.org","@graph":[{"@type":"Article","@id":"https:\/\/www.euroakademie.de\/magazin\/corona-und-depression\/#article","isPartOf":{"@id":"https:\/\/www.euroakademie.de\/magazin\/corona-und-depression\/"},"author":{"name":"Anna R\u00fcppel","@id":"https:\/\/www.euroakademie.de\/magazin\/#\/schema\/person\/60fedb6ea7279f88d9086938e970d05e"},"headline":"Corona und Depression: psychisch gesund trotz Krise","datePublished":"2020-10-29T14:31:21+00:00","dateModified":"2025-12-09T14:36:56+00:00","mainEntityOfPage":{"@id":"https:\/\/www.euroakademie.de\/magazin\/corona-und-depression\/"},"wordCount":1101,"publisher":{"@id":"https:\/\/www.euroakademie.de\/magazin\/#organization"},"image":{"@id":"https:\/\/www.euroakademie.de\/magazin\/corona-und-depression\/#primaryimage"},"thumbnailUrl":"https:\/\/www.euroakademie.de\/magazin\/wp-content\/uploads\/2020\/10\/Depressionen_Corona.jpg","keywords":["Psyche"],"articleSection":["Im Fokus"],"inLanguage":"de"},{"@type":"WebPage","@id":"https:\/\/www.euroakademie.de\/magazin\/corona-und-depression\/","url":"https:\/\/www.euroakademie.de\/magazin\/corona-und-depression\/","name":"Corona und Depression: psychisch gesund trotz Krise","isPartOf":{"@id":"https:\/\/www.euroakademie.de\/magazin\/#website"},"primaryImageOfPage":{"@id":"https:\/\/www.euroakademie.de\/magazin\/corona-und-depression\/#primaryimage"},"image":{"@id":"https:\/\/www.euroakademie.de\/magazin\/corona-und-depression\/#primaryimage"},"thumbnailUrl":"https:\/\/www.euroakademie.de\/magazin\/wp-content\/uploads\/2020\/10\/Depressionen_Corona.jpg","datePublished":"2020-10-29T14:31:21+00:00","dateModified":"2025-12-09T14:36:56+00:00","description":"Die Zahl der psychischen Krankheiten nimmt w\u00e4hrend der Corona-Pandemie zu. Was jeder f\u00fcr sein seelisches Wohlbefinden tun kann.","breadcrumb":{"@id":"https:\/\/www.euroakademie.de\/magazin\/corona-und-depression\/#breadcrumb"},"inLanguage":"de","potentialAction":[{"@type":"ReadAction","target":["https:\/\/www.euroakademie.de\/magazin\/corona-und-depression\/"]}]},{"@type":"ImageObject","inLanguage":"de","@id":"https:\/\/www.euroakademie.de\/magazin\/corona-und-depression\/#primaryimage","url":"https:\/\/www.euroakademie.de\/magazin\/wp-content\/uploads\/2020\/10\/Depressionen_Corona.jpg","contentUrl":"https:\/\/www.euroakademie.de\/magazin\/wp-content\/uploads\/2020\/10\/Depressionen_Corona.jpg","width":702,"height":336,"caption":""},{"@type":"BreadcrumbList","@id":"https:\/\/www.euroakademie.de\/magazin\/corona-und-depression\/#breadcrumb","itemListElement":[{"@type":"ListItem","position":1,"name":"Startseite","item":"https:\/\/www.euroakademie.de\/magazin\/"},{"@type":"ListItem","position":2,"name":"Corona und Depression: psychisch gesund trotz Krise"}]},{"@type":"WebSite","@id":"https:\/\/www.euroakademie.de\/magazin\/#website","url":"https:\/\/www.euroakademie.de\/magazin\/","name":"Das Euro Akademie Magazin","description":"Gut informiert durch Ausbildung und Studium","publisher":{"@id":"https:\/\/www.euroakademie.de\/magazin\/#organization"},"potentialAction":[{"@type":"SearchAction","target":{"@type":"EntryPoint","urlTemplate":"https:\/\/www.euroakademie.de\/magazin\/?s={search_term_string}"},"query-input":{"@type":"PropertyValueSpecification","valueRequired":true,"valueName":"search_term_string"}}],"inLanguage":"de"},{"@type":"Organization","@id":"https:\/\/www.euroakademie.de\/magazin\/#organization","name":"ESO Education Group","url":"https:\/\/www.euroakademie.de\/magazin\/","logo":{"@type":"ImageObject","inLanguage":"de","@id":"https:\/\/www.euroakademie.de\/magazin\/#\/schema\/logo\/image\/","url":"https:\/\/relaunch.euroakademie.de\/magazin\/wp-content\/uploads\/2024\/11\/Logo_EA_negativ_Rahmen_5cm_300dpi_RGB.jpg","contentUrl":"https:\/\/relaunch.euroakademie.de\/magazin\/wp-content\/uploads\/2024\/11\/Logo_EA_negativ_Rahmen_5cm_300dpi_RGB.jpg","width":591,"height":236,"caption":"ESO Education Group"},"image":{"@id":"https:\/\/www.euroakademie.de\/magazin\/#\/schema\/logo\/image\/"}},{"@type":"Person","@id":"https:\/\/www.euroakademie.de\/magazin\/#\/schema\/person\/60fedb6ea7279f88d9086938e970d05e","name":"Anna R\u00fcppel","description":"Anna R\u00fcppel ist mit 1,78 m die Gr\u00f6\u00dfte, wenn es um Ausbildung und Beruf geht. Als Kind war sie kleiner. Von April 2019 bis November 2022 schrieb sie kleinere und gr\u00f6\u00dfere Artikel f\u00fcr das Euro Akademie Magazin.","url":"https:\/\/www.euroakademie.de\/magazin\/author\/rueppela\/"}]}},"_links":{"self":[{"href":"https:\/\/www.euroakademie.de\/magazin\/wp-json\/wp\/v2\/posts\/13856","targetHints":{"allow":["GET"]}}],"collection":[{"href":"https:\/\/www.euroakademie.de\/magazin\/wp-json\/wp\/v2\/posts"}],"about":[{"href":"https:\/\/www.euroakademie.de\/magazin\/wp-json\/wp\/v2\/types\/post"}],"author":[{"embeddable":true,"href":"https:\/\/www.euroakademie.de\/magazin\/wp-json\/wp\/v2\/users\/76"}],"replies":[{"embeddable":true,"href":"https:\/\/www.euroakademie.de\/magazin\/wp-json\/wp\/v2\/comments?post=13856"}],"version-history":[{"count":5,"href":"https:\/\/www.euroakademie.de\/magazin\/wp-json\/wp\/v2\/posts\/13856\/revisions"}],"predecessor-version":[{"id":29025,"href":"https:\/\/www.euroakademie.de\/magazin\/wp-json\/wp\/v2\/posts\/13856\/revisions\/29025"}],"wp:featuredmedia":[{"embeddable":true,"href":"https:\/\/www.euroakademie.de\/magazin\/wp-json\/wp\/v2\/media\/13860"}],"wp:attachment":[{"href":"https:\/\/www.euroakademie.de\/magazin\/wp-json\/wp\/v2\/media?parent=13856"}],"wp:term":[{"taxonomy":"category","embeddable":true,"href":"https:\/\/www.euroakademie.de\/magazin\/wp-json\/wp\/v2\/categories?post=13856"},{"taxonomy":"post_tag","embeddable":true,"href":"https:\/\/www.euroakademie.de\/magazin\/wp-json\/wp\/v2\/tags?post=13856"}],"curies":[{"name":"wp","href":"https:\/\/api.w.org\/{rel}","templated":true}]}}