{"id":13882,"date":"2020-11-11T14:06:49","date_gmt":"2020-11-11T13:06:49","guid":{"rendered":"https:\/\/www.euroakademie.de\/magazin\/?p=13882"},"modified":"2024-11-05T10:24:07","modified_gmt":"2024-11-05T09:24:07","slug":"herzenssprache-tuerkisch","status":"publish","type":"post","link":"https:\/\/www.euroakademie.de\/magazin\/herzenssprache-tuerkisch\/","title":{"rendered":"Merhaba! Herzenssprache T\u00fcrkisch"},"content":{"rendered":"\n<p><strong>Hannover ist eine multikulturelle Stadt. Gut die H\u00e4lfte vor allem der jungen Menschen hat einen Migrationshintergrund, zu den eigentlichen Muttersprachen geh\u00f6ren zum Beispiel T\u00fcrkisch, Polnisch und Arabisch. Seyda ist Sch\u00fclerin in der <a href=\"https:\/\/www.euroakademie.de\/standorte\/hannover\/studium\/international-business-communication.html\" target=\"_blank\" rel=\"noreferrer noopener\" aria-label=\"Abiturientenausbildung International Business Communication (\u00f6ffnet in neuem Tab)\">Abiturientenausbildung International Business Communication<\/a> und ein gutes Beispiel f\u00fcr Hannovers kulturelle und sprachliche Vielfalt. Sie spricht Deutsch, T\u00fcrkisch, Englisch, Spanisch und Franz\u00f6sisch. Ihre Muttersprache T\u00fcrkisch ist eine sehr ausdrucksstarke Sprache und hat Weltliteratur hervorgebracht, die es verdient wiederentdeckt zu werden. Mit ihren Mitsch\u00fclern*innen hat Seyda sich zu den Besonderheiten der t\u00fcrkischen Sprache ausgetauscht, die von 70 Millionen Menschen als Muttersprache und weiteren 20 Millionen als Zweitsprache gesprochen wird.<\/strong><\/p>\n\n\n\n<p><strong>In welcher Sprache denkst du?<\/strong><\/p>\n\n\n\n<p>Seyda: Meistens in mehreren Sprachen gleichzeitig: Deutsch, T\u00fcrkisch oder Englisch. Es h\u00e4ngt von den Freunden und dem Umfeld ab. Verschiedene Menschen rufen verschiedene Sprachen in mir ab. Beim Vater ist das eher T\u00fcrkisch, bei meiner Mutter Deutsch. Ich sehe mich als T\u00fcrkin, das ist die Kultur, mit der ich aufgewachsen bin. Aber ich bin eine moderne junge Frau, meine Eltern sind typische Europ\u00e4er und leben seit Jahrzehnten in Deutschland.<\/p>\n\n\n\n<p><strong>Welche \u00dcbersetzungsrichtung f\u00e4llt dir leichter?<\/strong><\/p>\n\n\n\n<p>Seyda: Bei politischen Themen eher vom T\u00fcrkischen ins Deutsche, bei allgemeinen Themen ist das egal. Ich kann beide Sprachen gleich gut.<\/p>\n\n\n\n<p><strong>Ist T\u00fcrkisch eine schwierige Sprache? Gibt es viele\nDialekte?<\/strong><\/p>\n\n\n\n<p>Seyda: T\u00fcrkisch ist keine einfache Sprache und hat zum Beispiel keine Artikel. Die Aussprache ist kompliziert, bestimmte Buchstaben gibt es im lateinischen Alphabet nicht. Die Sprache folgt einem anderen System. In der Grundschule gab es eine T\u00fcrkisch-AG, aber keinen systematischen Unterricht. Es w\u00e4re toll, wenn sich das \u00e4ndert. Und es gibt viele Dialekte, mit gro\u00dfen Unterschieden in Aussprache oder Wortwahl. Vergleichbar ist das mit <a href=\"https:\/\/www.euroakademie.de\/magazin\/dialekt\/\" target=\"_blank\" rel=\"noreferrer noopener\" aria-label=\"Hochdeutsch und Bayrisch (\u00f6ffnet in neuem Tab)\">Hochdeutsch und Bayrisch<\/a>.<\/p>\n\n\n\n<h2 class=\"wp-block-heading\">Zwischen zwei Kulturen<\/h2>\n\n\n\n<p><strong>Wie f\u00f6rmlich ist die t\u00fcrkische Sprache?<\/strong><\/p>\n\n\n\n<p>Seyda: Es gibt verschiedene Titel, zum Beispiel f\u00fcr \u00e4ltere Schwestern. Aus Respekt spricht man \u00e4ltere Personen mit Titeln an. Man k\u00fcsst zur Begr\u00fc\u00dfung die Hand, legt diese dann an die Stirn und spricht die Person mit \u201eGro\u00dfmutter\u201c an. Trotzdem ist die Begr\u00fc\u00dfung nicht f\u00f6rmlich, sondern pers\u00f6nlich und herzlich. Es gibt au\u00dferdem zwei Begriffe f\u00fcr Tante und Onkel, je nachdem ob v\u00e4terlicher- oder m\u00fctterlicherseits.<\/p>\n\n\n\n<p><strong>Wieso haben die T\u00fcrkinnen und T\u00fcrken eigentlich eine so enge Verbindung zu ihrer Herkunftsstadt?<\/strong><\/p>\n\n\n\n<p>Seyda:  Jede Stadt hat eine Zahl. In Deutschland gibt es ja Buchstaben. <\/p>\n\n\n\n<p><strong>Gibt es irgendetwas an der t\u00fcrkischen Kultur, was du\nnicht magst?<\/strong><\/p>\n\n\n\n<p>Seyda: Eigentlich nicht. Aber es gibt viele Fleischgerichte, und ich bin Vegetariern. Das w\u00fcrde ich \u00e4ndern, wenn ich k\u00f6nnte. Einige Regionen haben den Brauch, auf Hochzeiten oder anderen Feiern Sch\u00fcsse abzugeben, wobei es durchaus zu Unf\u00e4llen kommen kann. Das w\u00fcrde ich abschaffen.<\/p>\n\n\n\n<p><strong>Was nervt dich an der deutschen Kultur so richtig?<\/strong><\/p>\n\n\n\n<p>Seyda: Viele Menschen verstehen zu wenig Spa\u00df, manches wird schnell pers\u00f6nlich genommen. In der deutschen Kultur ist man sehr distanziert, zum Beispiel auch zwischen Eltern und Kind.<\/p>\n\n\n\n<p><strong>Was ist gut an der deutschen Kultur?<\/strong><\/p>\n\n\n\n<p>Seyda: P\u00fcnktlichkeit. Ich liebe das. Manchmal finde ich auch die distanzierte Art wiederum ganz gut. Es gibt sinnvolle Regeln, die generell auch ernsthaft befolgt werden. <\/p>\n\n\n\n<p><strong>Wo m\u00f6chtest du einmal leben?<\/strong><\/p>\n\n\n\n<p>Seyda: Ich w\u00fcrde schon gern sp\u00e4ter mal in der T\u00fcrkei leben. Was viele nicht wissen: Lebensmittel, Hausger\u00e4te, Dinge des t\u00e4glichen Bedarfs sind in der T\u00fcrkei viel teurer. Wegen des Klimas gibt es viele Aktivit\u00e4ten erst ab 22 Uhr, also ein tolles Nachtleben. Mein Hauptproblem: In der T\u00fcrkei bin ich Deutsche, hier T\u00fcrkin. Ich bin immer die Ausl\u00e4nderin.<\/p>\n\n\n\n<p><strong>Wenn du daran etwas \u00e4ndern k\u00f6nntest, was w\u00e4re das?<\/strong><\/p>\n\n\n\n<p>Seyda: Die doppelte Staatsb\u00fcrgerschaft w\u00e4re toll!<\/p>\n\n\n\n<p><em>Bildquelle Beitragsbild: \u00a9 NINA IMAGES\/shutterstock.com<\/em><\/p>\n","protected":false},"excerpt":{"rendered":"<p>\t\t\t\t<![CDATA[Seyda ist Sch\u00fclerin in der Abiturientenausbildung International Business Communication und spricht 5 Sprachen. Hier berichtet sie von ihrer Mutter- und Herzenssprache T\u00fcrkisch.]]>\t\t<\/p>\n","protected":false},"author":25,"featured_media":13890,"comment_status":"closed","ping_status":"closed","sticky":false,"template":"","format":"standard","meta":{"footnotes":""},"categories":[13,112],"tags":[2668,7768],"class_list":{"0":"post-13882","1":"post","2":"type-post","3":"status-publish","4":"format-standard","5":"has-post-thumbnail","7":"category-fremdsprachen-internationales","8":"category-hannover","9":"tag-euro-akademie-hannover","10":"tag-sprachen"},"yoast_head":"<!-- This site is optimized with the Yoast SEO plugin v23.5 - https:\/\/yoast.com\/wordpress\/plugins\/seo\/ -->\n<title>Merhaba! Herzenssprache T\u00fcrkisch - Das Euro Akademie Magazin<\/title>\n<meta name=\"description\" content=\"Seyda ist Sch\u00fclerin in der Ausbildung International Business Communication und spricht 5 Sprachen. Hier berichtet sie von ihrer Muttersprache T\u00fcrkisch.\" \/>\n<meta name=\"robots\" content=\"index, follow, max-snippet:-1, max-image-preview:large, max-video-preview:-1\" \/>\n<link rel=\"canonical\" href=\"https:\/\/www.euroakademie.de\/magazin\/herzenssprache-tuerkisch\/\" \/>\n<meta property=\"og:locale\" content=\"de_DE\" \/>\n<meta property=\"og:type\" content=\"article\" \/>\n<meta property=\"og:title\" content=\"Merhaba! Herzenssprache T\u00fcrkisch - Das Euro Akademie Magazin\" \/>\n<meta property=\"og:description\" content=\"Seyda ist Sch\u00fclerin in der Ausbildung International Business Communication und spricht 5 Sprachen. Hier berichtet sie von ihrer Muttersprache T\u00fcrkisch.\" \/>\n<meta property=\"og:url\" content=\"https:\/\/www.euroakademie.de\/magazin\/herzenssprache-tuerkisch\/\" \/>\n<meta property=\"og:site_name\" content=\"Das Euro Akademie Magazin\" \/>\n<meta property=\"article:published_time\" content=\"2020-11-11T13:06:49+00:00\" \/>\n<meta property=\"article:modified_time\" content=\"2024-11-05T09:24:07+00:00\" \/>\n<meta property=\"og:image\" content=\"https:\/\/www.euroakademie.de\/magazin\/wp-content\/uploads\/2020\/11\/tuerkischdeutsch.jpg\" \/>\n\t<meta property=\"og:image:width\" content=\"702\" \/>\n\t<meta property=\"og:image:height\" content=\"336\" \/>\n\t<meta property=\"og:image:type\" content=\"image\/jpeg\" \/>\n<meta name=\"author\" content=\"Sch\u00fcler*innen der Euro Akademie\" \/>\n<meta name=\"twitter:card\" content=\"summary_large_image\" \/>\n<meta name=\"twitter:label1\" content=\"Verfasst von\" \/>\n\t<meta name=\"twitter:data1\" content=\"Sch\u00fcler*innen der Euro Akademie\" \/>\n\t<meta name=\"twitter:label2\" content=\"Gesch\u00e4tzte Lesezeit\" \/>\n\t<meta name=\"twitter:data2\" content=\"4\u00a0Minuten\" \/>\n<script type=\"application\/ld+json\" class=\"yoast-schema-graph\">{\"@context\":\"https:\/\/schema.org\",\"@graph\":[{\"@type\":\"Article\",\"@id\":\"https:\/\/www.euroakademie.de\/magazin\/herzenssprache-tuerkisch\/#article\",\"isPartOf\":{\"@id\":\"https:\/\/www.euroakademie.de\/magazin\/herzenssprache-tuerkisch\/\"},\"author\":{\"name\":\"Sch\u00fcler*innen der Euro Akademie\",\"@id\":\"https:\/\/www.euroakademie.de\/magazin\/#\/schema\/person\/88061163260e860aeebdcfa336a1a0d7\"},\"headline\":\"Merhaba! Herzenssprache T\u00fcrkisch\",\"datePublished\":\"2020-11-11T13:06:49+00:00\",\"dateModified\":\"2024-11-05T09:24:07+00:00\",\"mainEntityOfPage\":{\"@id\":\"https:\/\/www.euroakademie.de\/magazin\/herzenssprache-tuerkisch\/\"},\"wordCount\":640,\"publisher\":{\"@id\":\"https:\/\/www.euroakademie.de\/magazin\/#organization\"},\"image\":{\"@id\":\"https:\/\/www.euroakademie.de\/magazin\/herzenssprache-tuerkisch\/#primaryimage\"},\"thumbnailUrl\":\"https:\/\/www.euroakademie.de\/magazin\/wp-content\/uploads\/2020\/11\/tuerkischdeutsch.jpg\",\"keywords\":[\"Euro Akademie Hannover\",\"Sprachen\"],\"articleSection\":[\"Fremdsprachen &amp; Internationales\",\"Hannover\"],\"inLanguage\":\"de\"},{\"@type\":\"WebPage\",\"@id\":\"https:\/\/www.euroakademie.de\/magazin\/herzenssprache-tuerkisch\/\",\"url\":\"https:\/\/www.euroakademie.de\/magazin\/herzenssprache-tuerkisch\/\",\"name\":\"Merhaba! Herzenssprache T\u00fcrkisch - Das Euro Akademie Magazin\",\"isPartOf\":{\"@id\":\"https:\/\/www.euroakademie.de\/magazin\/#website\"},\"primaryImageOfPage\":{\"@id\":\"https:\/\/www.euroakademie.de\/magazin\/herzenssprache-tuerkisch\/#primaryimage\"},\"image\":{\"@id\":\"https:\/\/www.euroakademie.de\/magazin\/herzenssprache-tuerkisch\/#primaryimage\"},\"thumbnailUrl\":\"https:\/\/www.euroakademie.de\/magazin\/wp-content\/uploads\/2020\/11\/tuerkischdeutsch.jpg\",\"datePublished\":\"2020-11-11T13:06:49+00:00\",\"dateModified\":\"2024-11-05T09:24:07+00:00\",\"description\":\"Seyda ist Sch\u00fclerin in der Ausbildung International Business Communication und spricht 5 Sprachen. Hier berichtet sie von ihrer Muttersprache T\u00fcrkisch.\",\"breadcrumb\":{\"@id\":\"https:\/\/www.euroakademie.de\/magazin\/herzenssprache-tuerkisch\/#breadcrumb\"},\"inLanguage\":\"de\",\"potentialAction\":[{\"@type\":\"ReadAction\",\"target\":[\"https:\/\/www.euroakademie.de\/magazin\/herzenssprache-tuerkisch\/\"]}]},{\"@type\":\"ImageObject\",\"inLanguage\":\"de\",\"@id\":\"https:\/\/www.euroakademie.de\/magazin\/herzenssprache-tuerkisch\/#primaryimage\",\"url\":\"https:\/\/www.euroakademie.de\/magazin\/wp-content\/uploads\/2020\/11\/tuerkischdeutsch.jpg\",\"contentUrl\":\"https:\/\/www.euroakademie.de\/magazin\/wp-content\/uploads\/2020\/11\/tuerkischdeutsch.jpg\",\"width\":702,\"height\":336,\"caption\":\"\"},{\"@type\":\"BreadcrumbList\",\"@id\":\"https:\/\/www.euroakademie.de\/magazin\/herzenssprache-tuerkisch\/#breadcrumb\",\"itemListElement\":[{\"@type\":\"ListItem\",\"position\":1,\"name\":\"Startseite\",\"item\":\"https:\/\/www.euroakademie.de\/magazin\/\"},{\"@type\":\"ListItem\",\"position\":2,\"name\":\"Merhaba! Herzenssprache T\u00fcrkisch\"}]},{\"@type\":\"WebSite\",\"@id\":\"https:\/\/www.euroakademie.de\/magazin\/#website\",\"url\":\"https:\/\/www.euroakademie.de\/magazin\/\",\"name\":\"Das Euro Akademie Magazin\",\"description\":\"Gut informiert durch Ausbildung und Studium\",\"publisher\":{\"@id\":\"https:\/\/www.euroakademie.de\/magazin\/#organization\"},\"potentialAction\":[{\"@type\":\"SearchAction\",\"target\":{\"@type\":\"EntryPoint\",\"urlTemplate\":\"https:\/\/www.euroakademie.de\/magazin\/?s={search_term_string}\"},\"query-input\":{\"@type\":\"PropertyValueSpecification\",\"valueRequired\":true,\"valueName\":\"search_term_string\"}}],\"inLanguage\":\"de\"},{\"@type\":\"Organization\",\"@id\":\"https:\/\/www.euroakademie.de\/magazin\/#organization\",\"name\":\"ESO Education Group\",\"url\":\"https:\/\/www.euroakademie.de\/magazin\/\",\"logo\":{\"@type\":\"ImageObject\",\"inLanguage\":\"de\",\"@id\":\"https:\/\/www.euroakademie.de\/magazin\/#\/schema\/logo\/image\/\",\"url\":\"https:\/\/relaunch.euroakademie.de\/magazin\/wp-content\/uploads\/2024\/11\/Logo_EA_negativ_Rahmen_5cm_300dpi_RGB.jpg\",\"contentUrl\":\"https:\/\/relaunch.euroakademie.de\/magazin\/wp-content\/uploads\/2024\/11\/Logo_EA_negativ_Rahmen_5cm_300dpi_RGB.jpg\",\"width\":591,\"height\":236,\"caption\":\"ESO Education Group\"},\"image\":{\"@id\":\"https:\/\/www.euroakademie.de\/magazin\/#\/schema\/logo\/image\/\"}},{\"@type\":\"Person\",\"@id\":\"https:\/\/www.euroakademie.de\/magazin\/#\/schema\/person\/88061163260e860aeebdcfa336a1a0d7\",\"name\":\"Sch\u00fcler*innen der Euro Akademie\",\"description\":\"Unter diesem Autorennamen schildern Sch\u00fcler*innen der Euro Akademien ihre pers\u00f6nlichen Erfahrungen zum Thema Ausbildung, berichten \u00fcber Projekte, Praktika oder Veranstaltungen und geben anderen Lernenden wertvolle Tipps. Sie gehen dabei auf Fragen ein, auf die sie vor und in ihrer Ausbildungszeit selbst gern Antworten gehabt h\u00e4tten.\",\"url\":\"https:\/\/www.euroakademie.de\/magazin\/author\/schueler\/\"}]}<\/script>\n<!-- \/ Yoast SEO plugin. -->","yoast_head_json":{"title":"Merhaba! Herzenssprache T\u00fcrkisch - Das Euro Akademie Magazin","description":"Seyda ist Sch\u00fclerin in der Ausbildung International Business Communication und spricht 5 Sprachen. Hier berichtet sie von ihrer Muttersprache T\u00fcrkisch.","robots":{"index":"index","follow":"follow","max-snippet":"max-snippet:-1","max-image-preview":"max-image-preview:large","max-video-preview":"max-video-preview:-1"},"canonical":"https:\/\/www.euroakademie.de\/magazin\/herzenssprache-tuerkisch\/","og_locale":"de_DE","og_type":"article","og_title":"Merhaba! Herzenssprache T\u00fcrkisch - Das Euro Akademie Magazin","og_description":"Seyda ist Sch\u00fclerin in der Ausbildung International Business Communication und spricht 5 Sprachen. Hier berichtet sie von ihrer Muttersprache T\u00fcrkisch.","og_url":"https:\/\/www.euroakademie.de\/magazin\/herzenssprache-tuerkisch\/","og_site_name":"Das Euro Akademie Magazin","article_published_time":"2020-11-11T13:06:49+00:00","article_modified_time":"2024-11-05T09:24:07+00:00","og_image":[{"width":702,"height":336,"url":"https:\/\/www.euroakademie.de\/magazin\/wp-content\/uploads\/2020\/11\/tuerkischdeutsch.jpg","type":"image\/jpeg"}],"author":"Sch\u00fcler*innen der Euro Akademie","twitter_card":"summary_large_image","twitter_misc":{"Verfasst von":"Sch\u00fcler*innen der Euro Akademie","Gesch\u00e4tzte Lesezeit":"4\u00a0Minuten"},"schema":{"@context":"https:\/\/schema.org","@graph":[{"@type":"Article","@id":"https:\/\/www.euroakademie.de\/magazin\/herzenssprache-tuerkisch\/#article","isPartOf":{"@id":"https:\/\/www.euroakademie.de\/magazin\/herzenssprache-tuerkisch\/"},"author":{"name":"Sch\u00fcler*innen der Euro Akademie","@id":"https:\/\/www.euroakademie.de\/magazin\/#\/schema\/person\/88061163260e860aeebdcfa336a1a0d7"},"headline":"Merhaba! Herzenssprache T\u00fcrkisch","datePublished":"2020-11-11T13:06:49+00:00","dateModified":"2024-11-05T09:24:07+00:00","mainEntityOfPage":{"@id":"https:\/\/www.euroakademie.de\/magazin\/herzenssprache-tuerkisch\/"},"wordCount":640,"publisher":{"@id":"https:\/\/www.euroakademie.de\/magazin\/#organization"},"image":{"@id":"https:\/\/www.euroakademie.de\/magazin\/herzenssprache-tuerkisch\/#primaryimage"},"thumbnailUrl":"https:\/\/www.euroakademie.de\/magazin\/wp-content\/uploads\/2020\/11\/tuerkischdeutsch.jpg","keywords":["Euro Akademie Hannover","Sprachen"],"articleSection":["Fremdsprachen &amp; Internationales","Hannover"],"inLanguage":"de"},{"@type":"WebPage","@id":"https:\/\/www.euroakademie.de\/magazin\/herzenssprache-tuerkisch\/","url":"https:\/\/www.euroakademie.de\/magazin\/herzenssprache-tuerkisch\/","name":"Merhaba! Herzenssprache T\u00fcrkisch - Das Euro Akademie Magazin","isPartOf":{"@id":"https:\/\/www.euroakademie.de\/magazin\/#website"},"primaryImageOfPage":{"@id":"https:\/\/www.euroakademie.de\/magazin\/herzenssprache-tuerkisch\/#primaryimage"},"image":{"@id":"https:\/\/www.euroakademie.de\/magazin\/herzenssprache-tuerkisch\/#primaryimage"},"thumbnailUrl":"https:\/\/www.euroakademie.de\/magazin\/wp-content\/uploads\/2020\/11\/tuerkischdeutsch.jpg","datePublished":"2020-11-11T13:06:49+00:00","dateModified":"2024-11-05T09:24:07+00:00","description":"Seyda ist Sch\u00fclerin in der Ausbildung International Business Communication und spricht 5 Sprachen. Hier berichtet sie von ihrer Muttersprache T\u00fcrkisch.","breadcrumb":{"@id":"https:\/\/www.euroakademie.de\/magazin\/herzenssprache-tuerkisch\/#breadcrumb"},"inLanguage":"de","potentialAction":[{"@type":"ReadAction","target":["https:\/\/www.euroakademie.de\/magazin\/herzenssprache-tuerkisch\/"]}]},{"@type":"ImageObject","inLanguage":"de","@id":"https:\/\/www.euroakademie.de\/magazin\/herzenssprache-tuerkisch\/#primaryimage","url":"https:\/\/www.euroakademie.de\/magazin\/wp-content\/uploads\/2020\/11\/tuerkischdeutsch.jpg","contentUrl":"https:\/\/www.euroakademie.de\/magazin\/wp-content\/uploads\/2020\/11\/tuerkischdeutsch.jpg","width":702,"height":336,"caption":""},{"@type":"BreadcrumbList","@id":"https:\/\/www.euroakademie.de\/magazin\/herzenssprache-tuerkisch\/#breadcrumb","itemListElement":[{"@type":"ListItem","position":1,"name":"Startseite","item":"https:\/\/www.euroakademie.de\/magazin\/"},{"@type":"ListItem","position":2,"name":"Merhaba! Herzenssprache T\u00fcrkisch"}]},{"@type":"WebSite","@id":"https:\/\/www.euroakademie.de\/magazin\/#website","url":"https:\/\/www.euroakademie.de\/magazin\/","name":"Das Euro Akademie Magazin","description":"Gut informiert durch Ausbildung und Studium","publisher":{"@id":"https:\/\/www.euroakademie.de\/magazin\/#organization"},"potentialAction":[{"@type":"SearchAction","target":{"@type":"EntryPoint","urlTemplate":"https:\/\/www.euroakademie.de\/magazin\/?s={search_term_string}"},"query-input":{"@type":"PropertyValueSpecification","valueRequired":true,"valueName":"search_term_string"}}],"inLanguage":"de"},{"@type":"Organization","@id":"https:\/\/www.euroakademie.de\/magazin\/#organization","name":"ESO Education Group","url":"https:\/\/www.euroakademie.de\/magazin\/","logo":{"@type":"ImageObject","inLanguage":"de","@id":"https:\/\/www.euroakademie.de\/magazin\/#\/schema\/logo\/image\/","url":"https:\/\/relaunch.euroakademie.de\/magazin\/wp-content\/uploads\/2024\/11\/Logo_EA_negativ_Rahmen_5cm_300dpi_RGB.jpg","contentUrl":"https:\/\/relaunch.euroakademie.de\/magazin\/wp-content\/uploads\/2024\/11\/Logo_EA_negativ_Rahmen_5cm_300dpi_RGB.jpg","width":591,"height":236,"caption":"ESO Education Group"},"image":{"@id":"https:\/\/www.euroakademie.de\/magazin\/#\/schema\/logo\/image\/"}},{"@type":"Person","@id":"https:\/\/www.euroakademie.de\/magazin\/#\/schema\/person\/88061163260e860aeebdcfa336a1a0d7","name":"Sch\u00fcler*innen der Euro Akademie","description":"Unter diesem Autorennamen schildern Sch\u00fcler*innen der Euro Akademien ihre pers\u00f6nlichen Erfahrungen zum Thema Ausbildung, berichten \u00fcber Projekte, Praktika oder Veranstaltungen und geben anderen Lernenden wertvolle Tipps. Sie gehen dabei auf Fragen ein, auf die sie vor und in ihrer Ausbildungszeit selbst gern Antworten gehabt h\u00e4tten.","url":"https:\/\/www.euroakademie.de\/magazin\/author\/schueler\/"}]}},"_links":{"self":[{"href":"https:\/\/www.euroakademie.de\/magazin\/wp-json\/wp\/v2\/posts\/13882","targetHints":{"allow":["GET"]}}],"collection":[{"href":"https:\/\/www.euroakademie.de\/magazin\/wp-json\/wp\/v2\/posts"}],"about":[{"href":"https:\/\/www.euroakademie.de\/magazin\/wp-json\/wp\/v2\/types\/post"}],"author":[{"embeddable":true,"href":"https:\/\/www.euroakademie.de\/magazin\/wp-json\/wp\/v2\/users\/25"}],"replies":[{"embeddable":true,"href":"https:\/\/www.euroakademie.de\/magazin\/wp-json\/wp\/v2\/comments?post=13882"}],"version-history":[{"count":1,"href":"https:\/\/www.euroakademie.de\/magazin\/wp-json\/wp\/v2\/posts\/13882\/revisions"}],"predecessor-version":[{"id":21882,"href":"https:\/\/www.euroakademie.de\/magazin\/wp-json\/wp\/v2\/posts\/13882\/revisions\/21882"}],"wp:featuredmedia":[{"embeddable":true,"href":"https:\/\/www.euroakademie.de\/magazin\/wp-json\/wp\/v2\/media\/13890"}],"wp:attachment":[{"href":"https:\/\/www.euroakademie.de\/magazin\/wp-json\/wp\/v2\/media?parent=13882"}],"wp:term":[{"taxonomy":"category","embeddable":true,"href":"https:\/\/www.euroakademie.de\/magazin\/wp-json\/wp\/v2\/categories?post=13882"},{"taxonomy":"post_tag","embeddable":true,"href":"https:\/\/www.euroakademie.de\/magazin\/wp-json\/wp\/v2\/tags?post=13882"}],"curies":[{"name":"wp","href":"https:\/\/api.w.org\/{rel}","templated":true}]}}