{"id":14001,"date":"2020-12-02T08:29:49","date_gmt":"2020-12-02T07:29:49","guid":{"rendered":"https:\/\/www.euroakademie.de\/magazin\/?p=14001"},"modified":"2024-11-14T10:49:15","modified_gmt":"2024-11-14T09:49:15","slug":"weihnachten-und-corona","status":"publish","type":"post","link":"https:\/\/www.euroakademie.de\/magazin\/weihnachten-und-corona\/","title":{"rendered":"Weihnachten und Corona: \u201eUnd, wie feiert ihr dieses Jahr?\u201c"},"content":{"rendered":"\n<blockquote class=\"wp-block-quote is-layout-flow wp-block-quote-is-layout-flow\">\n<p><em>Ich dachte, dass 2020 das Jahr wird, in dem ich bekomme, was ich m\u00f6chte. Jetzt wei\u00df ich, dass 2020 das Jahr ist, in dem ich das sch\u00e4tze, was ich habe.<\/em><\/p>\n<\/blockquote>\n\n\n\n<p><strong>Durchs Fenster schaue ich in den verschneiten Garten und nasche die Schokolade aus dem zweiten Adventskalender-T\u00fcrchen, w\u00e4hrend Paul McCartney aus dem Radio eine \u201eWonderful Christmastime\u201c w\u00fcnscht. Es k\u00f6nnte der perfekte Vorweihnachtsmoment sein \u2013 und doch ist dieses Jahr alles anders. Corona bleibt als leise Stimme im Hinterkopf immer pr\u00e4sent und erinnert mich daran, dass in dieser Adventszeit so viel fehlen wird: Der Gl\u00fchwein mit Freundinnen auf dem Weihnachtsmarkt, <a href=\"https:\/\/www.euroakademie.de\/magazin\/plaetzchen-rezepte\/\" target=\"_blank\" rel=\"noreferrer noopener\" aria-label=\"das Pl\u00e4tzchenessen bei Oma (\u00f6ffnet in neuem Tab)\">das Pl\u00e4tzchenessen bei Oma<\/a> und das Klassentreffen am Tag vor Weihnachten, wenn es alle zur\u00fcck in die Heimat treibt. Und auch das Fest selbst wird anders sein \u2013 ohne gemeinsames Essen und Singen, daf\u00fcr aber mit Abstand und Maske. <\/strong><\/p>\n\n\n\n<p>F\u00fcr mich ist Weihnachten das wichtigste und sch\u00f6nste Fest des Jahres und ich verstehe jede*n, der sich um diesen Familientag betrogen f\u00fchlt. Wir waren schon das ganze Jahr so stark und haben uns alle eine paar Tage der Unbeschwertheit verdient. Trotzdem m\u00fcssen wir das Beste aus diesem anderen Weihnachtsfest machen, uns auf die wichtigen Dinge besinnen, kreative L\u00f6sungen finden und vor allem: Uns gegenseitig unterst\u00fctzen, wo wir nur k\u00f6nnen.<\/p>\n\n\n\n<h2 class=\"wp-block-heading\"><strong>Digitale Unternehmungen<\/strong><\/h2>\n\n\n\n<p>Der Weihnachtsmarktbesuch muss dieses Jahr leider ausfallen. Zum Gl\u00fcck gibt es tolle vorweihnachtliche Erlebnisse, die man auch digital unternehmen kann \u2013 ganz ohne kalte H\u00e4nde und rote Nasen. R\u00e4tselfreund*innen k\u00f6nnen in <a href=\"https:\/\/www.escaperoom-rosenheim.de\/raeume\/\">virtuellen Escape Rooms <\/a>&nbsp;gemeinsam das Weihnachtsfest retten. Daf\u00fcr braucht man nur einen Computer, Stift und Papier und ungef\u00e4hr zwei Stunden Zeit. Auch andere Aktivit\u00e4ten lassen sich problemlos ins Internet verlagern. Wie w\u00e4re es zum Beispiel mit einem digitalen Spieleabend <a href=\"https:\/\/skribbl.io\/\">\u00fcber Skribbl.io<\/a>? Ein*e Spieler*in zeichnet einen Begriff und die anderen m\u00fcssen ihn so schnell wie m\u00f6glich erraten. &nbsp;Auch die wunderbar kitschigen Weihnachtsfilme k\u00f6nnen sie mit Ihren Lieben schauen: Mit einer Watch Partys k\u00f6nnen Sie einfach synchron streamen, w\u00e4hrend sie sich im Videochat zusammenschalten.<\/p>\n\n\n\n<h2 class=\"wp-block-heading\"><strong>Nach drau\u00dfen gehen<\/strong><\/h2>\n\n\n\n<p>Dieses Jahr m\u00fcssen wir uns besonders warm einpacken, denn\nviele Aktivit\u00e4ten kann man auch im Winter nach drau\u00dfen verlagern. Klar, das\nTreffen mit dem ganzen Freundeskreis ist trotzdem nicht drin. Warum aber nicht\nmal die Mama schnappen und mit einer Thermoskanne hei\u00dfem Tee bewaffnet durch\nden Winterwunderwald stapfen? Masken haben n\u00e4mlich auch einen ultimativen\nVorteil: Die Nase wird nicht kalt! <\/p>\n\n\n\n<p>Viele Familien \u00fcberlegen auch, das Weihnachtsfest selbst an der frischen Luft zu feiern. Da ist nat\u00fcrlich Kreativit\u00e4t gefragt, damit niemand friert. Mit einem w\u00e4rmenden Feuer, hei\u00dfen Getr\u00e4nken und einer Ladung Kuscheldecken werden auch die Outdoor-Weihnachten zu einem besinnlichen Fest. Und vielleicht bilden sich so ja sogar neue Weihnachtsrituale.<\/p>\n\n\n\n<h2 class=\"wp-block-heading\"><strong>Etwas zur\u00fcckgeben<\/strong><\/h2>\n\n\n\n<p>Ich will mich gar nicht gro\u00df aufspielen mit Dankbarkeit, uns geht\u2019s doch gut, zumindest sind wir gesund und dem ganzen K\u00e4se. Corona nervt gewaltig und es ist okay, deshalb traurig und w\u00fctend zu sein. Aber zur Weihnachtszeit besinnt man sich ja doch darauf, wie man anderen helfen kann. Und gerade dieses Jahr, wo sich so viele Menschen einsam f\u00fchlen, ist das einfacher denn je. Das kann schon ein Anruf bei Oma sein, ein Einkauf f\u00fcr den Nachbarn, eine Weihnachtskarte an Tante Inge oder eine T\u00fcte Pl\u00e4tzchen f\u00fcr den netten Herren an der Supermarktkasse. <\/p>\n\n\n\n<p>Wir k\u00f6nnen uns die Corona-Pandemie an Weihnachten leider nicht wegw\u00fcnschen, egal, wie viele Wunschzettel wir an das Christkind schreiben. Wir k\u00f6nnen aber alle dazu beitragen, dass die Adventszeit trotz allem besinnlich und sch\u00f6n wird und dass wir &nbsp;\u2013 &nbsp;zumindest im engsten Kreis \u2013 gemeinsam gesund Weihnachten feiern k\u00f6nnen. <\/p>\n\n\n\n<p><em>Bildquelle Beitragsbild: \u00a9<\/em> <em>Yuganov Konstantin<\/em> \u00a0<em>\/shutterstock.com<\/em> <\/p>\n","protected":false},"excerpt":{"rendered":"<p>\t\t\t\t<![CDATA[Ich dachte, dass 2020 das Jahr wird, in dem ich bekomme, was ich m\u00f6chte. Jetzt wei\u00df ich, dass 2020 das Jahr ist, in dem ich das sch\u00e4tze, was ich habe.\ufeff]]>\t\t<\/p>\n","protected":false},"author":76,"featured_media":14004,"comment_status":"closed","ping_status":"closed","sticky":false,"template":"","format":"standard","meta":{"footnotes":""},"categories":[118],"tags":[1873,9061],"class_list":{"0":"post-14001","1":"post","2":"type-post","3":"status-publish","4":"format-standard","5":"has-post-thumbnail","7":"category-im-fokus","8":"tag-corona","9":"tag-weihnachten"},"yoast_head":"<!-- This site is optimized with the Yoast SEO plugin v23.5 - https:\/\/yoast.com\/wordpress\/plugins\/seo\/ -->\n<title>Weihnachten und Corona: \u201eUnd, wie feiert ihr dieses Jahr?\u201c<\/title>\n<meta name=\"description\" content=\"Ich dachte, dass 2020 das Jahr wird, in dem ich bekomme, was ich m\u00f6chte. Jetzt wei\u00df ich, dass 2020 das Jahr ist, in dem ich das sch\u00e4tze, was ich habe.\ufeff\" \/>\n<meta name=\"robots\" content=\"index, follow, max-snippet:-1, max-image-preview:large, max-video-preview:-1\" \/>\n<link rel=\"canonical\" href=\"https:\/\/www.euroakademie.de\/magazin\/weihnachten-und-corona\/\" \/>\n<meta property=\"og:locale\" content=\"de_DE\" \/>\n<meta property=\"og:type\" content=\"article\" \/>\n<meta property=\"og:title\" content=\"Weihnachten und Corona: \u201eUnd, wie feiert ihr dieses Jahr?\u201c\" \/>\n<meta property=\"og:description\" content=\"Ich dachte, dass 2020 das Jahr wird, in dem ich bekomme, was ich m\u00f6chte. Jetzt wei\u00df ich, dass 2020 das Jahr ist, in dem ich das sch\u00e4tze, was ich habe.\ufeff\" \/>\n<meta property=\"og:url\" content=\"https:\/\/www.euroakademie.de\/magazin\/weihnachten-und-corona\/\" \/>\n<meta property=\"og:site_name\" content=\"Das Euro Akademie Magazin\" \/>\n<meta property=\"article:published_time\" content=\"2020-12-02T07:29:49+00:00\" \/>\n<meta property=\"article:modified_time\" content=\"2024-11-14T09:49:15+00:00\" \/>\n<meta property=\"og:image\" content=\"https:\/\/www.euroakademie.de\/magazin\/wp-content\/uploads\/2020\/12\/weihnachten_corona.jpg\" \/>\n\t<meta property=\"og:image:width\" content=\"702\" \/>\n\t<meta property=\"og:image:height\" content=\"336\" \/>\n\t<meta property=\"og:image:type\" content=\"image\/jpeg\" \/>\n<meta name=\"author\" content=\"Anna R\u00fcppel\" \/>\n<meta name=\"twitter:card\" content=\"summary_large_image\" \/>\n<meta name=\"twitter:label1\" content=\"Verfasst von\" \/>\n\t<meta name=\"twitter:data1\" content=\"Anna R\u00fcppel\" \/>\n\t<meta name=\"twitter:label2\" content=\"Gesch\u00e4tzte Lesezeit\" \/>\n\t<meta name=\"twitter:data2\" content=\"4\u00a0Minuten\" \/>\n<script type=\"application\/ld+json\" class=\"yoast-schema-graph\">{\"@context\":\"https:\/\/schema.org\",\"@graph\":[{\"@type\":\"Article\",\"@id\":\"https:\/\/www.euroakademie.de\/magazin\/weihnachten-und-corona\/#article\",\"isPartOf\":{\"@id\":\"https:\/\/www.euroakademie.de\/magazin\/weihnachten-und-corona\/\"},\"author\":{\"name\":\"Anna R\u00fcppel\",\"@id\":\"https:\/\/www.euroakademie.de\/magazin\/#\/schema\/person\/60fedb6ea7279f88d9086938e970d05e\"},\"headline\":\"Weihnachten und Corona: \u201eUnd, wie feiert ihr dieses Jahr?\u201c\",\"datePublished\":\"2020-12-02T07:29:49+00:00\",\"dateModified\":\"2024-11-14T09:49:15+00:00\",\"mainEntityOfPage\":{\"@id\":\"https:\/\/www.euroakademie.de\/magazin\/weihnachten-und-corona\/\"},\"wordCount\":648,\"publisher\":{\"@id\":\"https:\/\/www.euroakademie.de\/magazin\/#organization\"},\"image\":{\"@id\":\"https:\/\/www.euroakademie.de\/magazin\/weihnachten-und-corona\/#primaryimage\"},\"thumbnailUrl\":\"https:\/\/www.euroakademie.de\/magazin\/wp-content\/uploads\/2020\/12\/weihnachten_corona.jpg\",\"keywords\":[\"Corona\",\"Weihnachten\"],\"articleSection\":[\"Im Fokus\"],\"inLanguage\":\"de\"},{\"@type\":\"WebPage\",\"@id\":\"https:\/\/www.euroakademie.de\/magazin\/weihnachten-und-corona\/\",\"url\":\"https:\/\/www.euroakademie.de\/magazin\/weihnachten-und-corona\/\",\"name\":\"Weihnachten und Corona: \u201eUnd, wie feiert ihr dieses Jahr?\u201c\",\"isPartOf\":{\"@id\":\"https:\/\/www.euroakademie.de\/magazin\/#website\"},\"primaryImageOfPage\":{\"@id\":\"https:\/\/www.euroakademie.de\/magazin\/weihnachten-und-corona\/#primaryimage\"},\"image\":{\"@id\":\"https:\/\/www.euroakademie.de\/magazin\/weihnachten-und-corona\/#primaryimage\"},\"thumbnailUrl\":\"https:\/\/www.euroakademie.de\/magazin\/wp-content\/uploads\/2020\/12\/weihnachten_corona.jpg\",\"datePublished\":\"2020-12-02T07:29:49+00:00\",\"dateModified\":\"2024-11-14T09:49:15+00:00\",\"description\":\"Ich dachte, dass 2020 das Jahr wird, in dem ich bekomme, was ich m\u00f6chte. Jetzt wei\u00df ich, dass 2020 das Jahr ist, in dem ich das sch\u00e4tze, was ich habe.\ufeff\",\"breadcrumb\":{\"@id\":\"https:\/\/www.euroakademie.de\/magazin\/weihnachten-und-corona\/#breadcrumb\"},\"inLanguage\":\"de\",\"potentialAction\":[{\"@type\":\"ReadAction\",\"target\":[\"https:\/\/www.euroakademie.de\/magazin\/weihnachten-und-corona\/\"]}]},{\"@type\":\"ImageObject\",\"inLanguage\":\"de\",\"@id\":\"https:\/\/www.euroakademie.de\/magazin\/weihnachten-und-corona\/#primaryimage\",\"url\":\"https:\/\/www.euroakademie.de\/magazin\/wp-content\/uploads\/2020\/12\/weihnachten_corona.jpg\",\"contentUrl\":\"https:\/\/www.euroakademie.de\/magazin\/wp-content\/uploads\/2020\/12\/weihnachten_corona.jpg\",\"width\":702,\"height\":336,\"caption\":\"\"},{\"@type\":\"BreadcrumbList\",\"@id\":\"https:\/\/www.euroakademie.de\/magazin\/weihnachten-und-corona\/#breadcrumb\",\"itemListElement\":[{\"@type\":\"ListItem\",\"position\":1,\"name\":\"Startseite\",\"item\":\"https:\/\/www.euroakademie.de\/magazin\/\"},{\"@type\":\"ListItem\",\"position\":2,\"name\":\"Weihnachten und Corona: \u201eUnd, wie feiert ihr dieses Jahr?\u201c\"}]},{\"@type\":\"WebSite\",\"@id\":\"https:\/\/www.euroakademie.de\/magazin\/#website\",\"url\":\"https:\/\/www.euroakademie.de\/magazin\/\",\"name\":\"Das Euro Akademie Magazin\",\"description\":\"Gut informiert durch Ausbildung und Studium\",\"publisher\":{\"@id\":\"https:\/\/www.euroakademie.de\/magazin\/#organization\"},\"potentialAction\":[{\"@type\":\"SearchAction\",\"target\":{\"@type\":\"EntryPoint\",\"urlTemplate\":\"https:\/\/www.euroakademie.de\/magazin\/?s={search_term_string}\"},\"query-input\":{\"@type\":\"PropertyValueSpecification\",\"valueRequired\":true,\"valueName\":\"search_term_string\"}}],\"inLanguage\":\"de\"},{\"@type\":\"Organization\",\"@id\":\"https:\/\/www.euroakademie.de\/magazin\/#organization\",\"name\":\"ESO Education Group\",\"url\":\"https:\/\/www.euroakademie.de\/magazin\/\",\"logo\":{\"@type\":\"ImageObject\",\"inLanguage\":\"de\",\"@id\":\"https:\/\/www.euroakademie.de\/magazin\/#\/schema\/logo\/image\/\",\"url\":\"https:\/\/relaunch.euroakademie.de\/magazin\/wp-content\/uploads\/2024\/11\/Logo_EA_negativ_Rahmen_5cm_300dpi_RGB.jpg\",\"contentUrl\":\"https:\/\/relaunch.euroakademie.de\/magazin\/wp-content\/uploads\/2024\/11\/Logo_EA_negativ_Rahmen_5cm_300dpi_RGB.jpg\",\"width\":591,\"height\":236,\"caption\":\"ESO Education Group\"},\"image\":{\"@id\":\"https:\/\/www.euroakademie.de\/magazin\/#\/schema\/logo\/image\/\"}},{\"@type\":\"Person\",\"@id\":\"https:\/\/www.euroakademie.de\/magazin\/#\/schema\/person\/60fedb6ea7279f88d9086938e970d05e\",\"name\":\"Anna R\u00fcppel\",\"description\":\"Anna R\u00fcppel ist mit 1,78 m die Gr\u00f6\u00dfte, wenn es um Ausbildung und Beruf geht. Als Kind war sie kleiner. Von April 2019 bis November 2022 schrieb sie kleinere und gr\u00f6\u00dfere Artikel f\u00fcr das Euro Akademie Magazin.\",\"url\":\"https:\/\/www.euroakademie.de\/magazin\/author\/rueppela\/\"}]}<\/script>\n<!-- \/ Yoast SEO plugin. -->","yoast_head_json":{"title":"Weihnachten und Corona: \u201eUnd, wie feiert ihr dieses Jahr?\u201c","description":"Ich dachte, dass 2020 das Jahr wird, in dem ich bekomme, was ich m\u00f6chte. Jetzt wei\u00df ich, dass 2020 das Jahr ist, in dem ich das sch\u00e4tze, was ich habe.\ufeff","robots":{"index":"index","follow":"follow","max-snippet":"max-snippet:-1","max-image-preview":"max-image-preview:large","max-video-preview":"max-video-preview:-1"},"canonical":"https:\/\/www.euroakademie.de\/magazin\/weihnachten-und-corona\/","og_locale":"de_DE","og_type":"article","og_title":"Weihnachten und Corona: \u201eUnd, wie feiert ihr dieses Jahr?\u201c","og_description":"Ich dachte, dass 2020 das Jahr wird, in dem ich bekomme, was ich m\u00f6chte. Jetzt wei\u00df ich, dass 2020 das Jahr ist, in dem ich das sch\u00e4tze, was ich habe.\ufeff","og_url":"https:\/\/www.euroakademie.de\/magazin\/weihnachten-und-corona\/","og_site_name":"Das Euro Akademie Magazin","article_published_time":"2020-12-02T07:29:49+00:00","article_modified_time":"2024-11-14T09:49:15+00:00","og_image":[{"width":702,"height":336,"url":"https:\/\/www.euroakademie.de\/magazin\/wp-content\/uploads\/2020\/12\/weihnachten_corona.jpg","type":"image\/jpeg"}],"author":"Anna R\u00fcppel","twitter_card":"summary_large_image","twitter_misc":{"Verfasst von":"Anna R\u00fcppel","Gesch\u00e4tzte Lesezeit":"4\u00a0Minuten"},"schema":{"@context":"https:\/\/schema.org","@graph":[{"@type":"Article","@id":"https:\/\/www.euroakademie.de\/magazin\/weihnachten-und-corona\/#article","isPartOf":{"@id":"https:\/\/www.euroakademie.de\/magazin\/weihnachten-und-corona\/"},"author":{"name":"Anna R\u00fcppel","@id":"https:\/\/www.euroakademie.de\/magazin\/#\/schema\/person\/60fedb6ea7279f88d9086938e970d05e"},"headline":"Weihnachten und Corona: \u201eUnd, wie feiert ihr dieses Jahr?\u201c","datePublished":"2020-12-02T07:29:49+00:00","dateModified":"2024-11-14T09:49:15+00:00","mainEntityOfPage":{"@id":"https:\/\/www.euroakademie.de\/magazin\/weihnachten-und-corona\/"},"wordCount":648,"publisher":{"@id":"https:\/\/www.euroakademie.de\/magazin\/#organization"},"image":{"@id":"https:\/\/www.euroakademie.de\/magazin\/weihnachten-und-corona\/#primaryimage"},"thumbnailUrl":"https:\/\/www.euroakademie.de\/magazin\/wp-content\/uploads\/2020\/12\/weihnachten_corona.jpg","keywords":["Corona","Weihnachten"],"articleSection":["Im Fokus"],"inLanguage":"de"},{"@type":"WebPage","@id":"https:\/\/www.euroakademie.de\/magazin\/weihnachten-und-corona\/","url":"https:\/\/www.euroakademie.de\/magazin\/weihnachten-und-corona\/","name":"Weihnachten und Corona: \u201eUnd, wie feiert ihr dieses Jahr?\u201c","isPartOf":{"@id":"https:\/\/www.euroakademie.de\/magazin\/#website"},"primaryImageOfPage":{"@id":"https:\/\/www.euroakademie.de\/magazin\/weihnachten-und-corona\/#primaryimage"},"image":{"@id":"https:\/\/www.euroakademie.de\/magazin\/weihnachten-und-corona\/#primaryimage"},"thumbnailUrl":"https:\/\/www.euroakademie.de\/magazin\/wp-content\/uploads\/2020\/12\/weihnachten_corona.jpg","datePublished":"2020-12-02T07:29:49+00:00","dateModified":"2024-11-14T09:49:15+00:00","description":"Ich dachte, dass 2020 das Jahr wird, in dem ich bekomme, was ich m\u00f6chte. Jetzt wei\u00df ich, dass 2020 das Jahr ist, in dem ich das sch\u00e4tze, was ich habe.\ufeff","breadcrumb":{"@id":"https:\/\/www.euroakademie.de\/magazin\/weihnachten-und-corona\/#breadcrumb"},"inLanguage":"de","potentialAction":[{"@type":"ReadAction","target":["https:\/\/www.euroakademie.de\/magazin\/weihnachten-und-corona\/"]}]},{"@type":"ImageObject","inLanguage":"de","@id":"https:\/\/www.euroakademie.de\/magazin\/weihnachten-und-corona\/#primaryimage","url":"https:\/\/www.euroakademie.de\/magazin\/wp-content\/uploads\/2020\/12\/weihnachten_corona.jpg","contentUrl":"https:\/\/www.euroakademie.de\/magazin\/wp-content\/uploads\/2020\/12\/weihnachten_corona.jpg","width":702,"height":336,"caption":""},{"@type":"BreadcrumbList","@id":"https:\/\/www.euroakademie.de\/magazin\/weihnachten-und-corona\/#breadcrumb","itemListElement":[{"@type":"ListItem","position":1,"name":"Startseite","item":"https:\/\/www.euroakademie.de\/magazin\/"},{"@type":"ListItem","position":2,"name":"Weihnachten und Corona: \u201eUnd, wie feiert ihr dieses Jahr?\u201c"}]},{"@type":"WebSite","@id":"https:\/\/www.euroakademie.de\/magazin\/#website","url":"https:\/\/www.euroakademie.de\/magazin\/","name":"Das Euro Akademie Magazin","description":"Gut informiert durch Ausbildung und Studium","publisher":{"@id":"https:\/\/www.euroakademie.de\/magazin\/#organization"},"potentialAction":[{"@type":"SearchAction","target":{"@type":"EntryPoint","urlTemplate":"https:\/\/www.euroakademie.de\/magazin\/?s={search_term_string}"},"query-input":{"@type":"PropertyValueSpecification","valueRequired":true,"valueName":"search_term_string"}}],"inLanguage":"de"},{"@type":"Organization","@id":"https:\/\/www.euroakademie.de\/magazin\/#organization","name":"ESO Education Group","url":"https:\/\/www.euroakademie.de\/magazin\/","logo":{"@type":"ImageObject","inLanguage":"de","@id":"https:\/\/www.euroakademie.de\/magazin\/#\/schema\/logo\/image\/","url":"https:\/\/relaunch.euroakademie.de\/magazin\/wp-content\/uploads\/2024\/11\/Logo_EA_negativ_Rahmen_5cm_300dpi_RGB.jpg","contentUrl":"https:\/\/relaunch.euroakademie.de\/magazin\/wp-content\/uploads\/2024\/11\/Logo_EA_negativ_Rahmen_5cm_300dpi_RGB.jpg","width":591,"height":236,"caption":"ESO Education Group"},"image":{"@id":"https:\/\/www.euroakademie.de\/magazin\/#\/schema\/logo\/image\/"}},{"@type":"Person","@id":"https:\/\/www.euroakademie.de\/magazin\/#\/schema\/person\/60fedb6ea7279f88d9086938e970d05e","name":"Anna R\u00fcppel","description":"Anna R\u00fcppel ist mit 1,78 m die Gr\u00f6\u00dfte, wenn es um Ausbildung und Beruf geht. Als Kind war sie kleiner. Von April 2019 bis November 2022 schrieb sie kleinere und gr\u00f6\u00dfere Artikel f\u00fcr das Euro Akademie Magazin.","url":"https:\/\/www.euroakademie.de\/magazin\/author\/rueppela\/"}]}},"_links":{"self":[{"href":"https:\/\/www.euroakademie.de\/magazin\/wp-json\/wp\/v2\/posts\/14001","targetHints":{"allow":["GET"]}}],"collection":[{"href":"https:\/\/www.euroakademie.de\/magazin\/wp-json\/wp\/v2\/posts"}],"about":[{"href":"https:\/\/www.euroakademie.de\/magazin\/wp-json\/wp\/v2\/types\/post"}],"author":[{"embeddable":true,"href":"https:\/\/www.euroakademie.de\/magazin\/wp-json\/wp\/v2\/users\/76"}],"replies":[{"embeddable":true,"href":"https:\/\/www.euroakademie.de\/magazin\/wp-json\/wp\/v2\/comments?post=14001"}],"version-history":[{"count":2,"href":"https:\/\/www.euroakademie.de\/magazin\/wp-json\/wp\/v2\/posts\/14001\/revisions"}],"predecessor-version":[{"id":22431,"href":"https:\/\/www.euroakademie.de\/magazin\/wp-json\/wp\/v2\/posts\/14001\/revisions\/22431"}],"wp:featuredmedia":[{"embeddable":true,"href":"https:\/\/www.euroakademie.de\/magazin\/wp-json\/wp\/v2\/media\/14004"}],"wp:attachment":[{"href":"https:\/\/www.euroakademie.de\/magazin\/wp-json\/wp\/v2\/media?parent=14001"}],"wp:term":[{"taxonomy":"category","embeddable":true,"href":"https:\/\/www.euroakademie.de\/magazin\/wp-json\/wp\/v2\/categories?post=14001"},{"taxonomy":"post_tag","embeddable":true,"href":"https:\/\/www.euroakademie.de\/magazin\/wp-json\/wp\/v2\/tags?post=14001"}],"curies":[{"name":"wp","href":"https:\/\/api.w.org\/{rel}","templated":true}]}}