{"id":14011,"date":"2020-12-03T15:50:04","date_gmt":"2020-12-03T14:50:04","guid":{"rendered":"https:\/\/www.euroakademie.de\/magazin\/?p=14011"},"modified":"2024-11-18T16:40:08","modified_gmt":"2024-11-18T15:40:08","slug":"machen-sie-mit-bei-briefe-gegen-die-einsamkeit","status":"publish","type":"post","link":"https:\/\/www.euroakademie.de\/magazin\/machen-sie-mit-bei-briefe-gegen-die-einsamkeit\/","title":{"rendered":"Machen Sie mit bei \u201eBriefe gegen die Einsamkeit\u201c \u2013 eine Aktion von &quot;youngcaritas&quot;"},"content":{"rendered":"\n<p><strong>Viele Senioren*innen leiden schon das ganze Jahr unter eingeschr\u00e4nkten Besuchsregelungen in Seniorenheimen und Pflegeeinrichtungen. Die Folge: Viele f\u00fchlen sich alleingelassen, vielleicht sogar vergessen. Aber gerade jetzt, in der Weihnachtszeit, sehnen wir uns nach Familie, Freund*innen und einem Gef\u00fchl der Zugeh\u00f6rigkeit. Eine liebevolle Umarmung, ein freundlicher Blick und herzliche Worte helfen, diese Zeit mit positiven Momenten zu f\u00fcllen. Auch Sie k\u00f6nnen etwas tun: Nehmen Sie einfach einen Stift in die Hand und schreiben einen Brief, wie Sie ihn gerne bekommen w\u00fcrden, wenn Sie sich einsam f\u00fchlten. <\/strong><br><\/p>\n\n\n\n<p>Die Aktion der \u201eyoungcaritas\u201c mit der Initiative \u201eBriefe gegen die Einsamkeit\u201c ist im Fr\u00fchjahr 2020 entstanden, als in Senioren- und Pflegeheimen \u00fcber Wochen hinweg ein Besuchsverbot bestand. Nat\u00fcrlich war es absolut notwendig, die \u00e4lteren Menschen, die zur Risikogruppe geh\u00f6ren, vor dem Coronavirus zu sch\u00fctzen. Nur fielen mit dem Schutz auch wichtige Momente der Freude weg. Und damit auch ein wesentlicher Teil der Lebensqualit\u00e4t. Das Bundesgesundheitsministerium ruft angesichts der weiterhin hohen Infektionszahlen immer noch dazu auf, sich zu fragen <a href=\"https:\/\/www.youngcaritas.de\/briefe\" target=\"_blank\" rel=\"noreferrer noopener\" label=\"\u201eIst mein Besuch wirklich n\u00f6tig?\u201c (\u00f6ffnet in neuem Tab)\">\u201eIst mein Besuch wirklich n\u00f6tig?\u201c<\/a>. <\/p>\n\n\n\n<p>Der Infektionsschutz ist das Eine, die psychischen Folgen einer Isolation das Andere. Mit dem Anspruch auf <a href=\"https:\/\/www.euroakademie.de\/magazin\/schnelltests-in-pflegeheimen-schutz-fuer-bewohnerinnen-und-pflegekraefte\/\" target=\"_blank\" rel=\"noreferrer noopener\" aria-label=\"Schnelltests (\u00f6ffnet in neuem Tab)\">Schnelltests<\/a>, pro Bewohner*in sind es immerhin 20 pro Monat, f\u00fcr  Senior*innen, Besucher*innen und Personal, hat sich die Situation verbessert. Auch die Handlungsempfehlungen des Robert-Koch-Institutes wurden inzwischen angepasst: \u201eNeben der Absch\u00e4tzung der Risiken sollten auch die m\u00f6glichen Auswirkungen auf das Wohlergehen der Bewohner\/Betreuten, der Angeh\u00f6rigen sowie des Personals der Einrichtung in die \u00dcberlegungen miteinbezogen werden.\u201c <\/p>\n\n\n\n<h2 class=\"wp-block-heading\">Schreiben Sie einen Brief gegen die Einsamkeit<\/h2>\n\n\n\n<p>Trotz der Lockerungen durch Antigen-Schnelltests sind Besuche nicht immer m\u00f6glich. F\u00fcr diese Menschen ist die Aktion \u201eBriefe gegen die Einsamkeit\u201c von \u201eyoungcaritas\u201c eine willkommene Abwechslung und ein Trost. Seit M\u00e4rz 2020 teilten \u00fcber 100 Schreiber*innen ihre Gedanken mit den Senior*innen und lie\u00dfen ihnen gute W\u00fcnsche zukommen. An die &#8222;youngcaritas&#8220; kann jeder, der Schreiben oder Basteln kann, seine Briefe schicken. Wissen Sie noch, wie sch\u00f6n das damals war, einen Umschlag Ihrer Brieffreundin im Briefkasten zu finden? Briefe sind einfach etwas Wunderbares, eine Botschaft, dass jemand an einen gedacht hat. Selbst wenn sie, wie in der Aktion der Caritas, nicht pers\u00f6nlich an jemanden gerichtet sind, ist die Freude der Empf\u00e4nger*innen gro\u00df. In dem <a aria-label=\" (\u00f6ffnet in neuem Tab)\" href=\"https:\/\/www.youtube.com\/watch?v=wlfP47nmrI8&amp;feature=youtu.be\" target=\"_blank\" rel=\"noreferrer noopener\">Video &#8222;Digitale Brieftaube&#8220;<\/a> der &#8222;youngcaritas&#8220; auf YouTube sagen Senior*innen ihre Meinung zu dem sozialen Projekt. Kein Briefpapier zur Hand? Macht nichts, Sie k\u00f6nnen die Briefe nat\u00fcrlich auch in digitaler Version schicken.<\/p>\n\n\n\n<p>Adressen und weitere Informationen \u00fcber die Aktion \u201eBriefe gegen die Einsamkeit\u201c finden Sie<strong><a href=\"https:\/\/www.youngcaritas.de\/briefe\" target=\"_blank\" rel=\"noreferrer noopener\" label=\" hier (\u00f6ffnet in neuem Tab)\"> hier<\/a><\/strong>.  <\/p>\n\n\n\n<div class=\"wp-block-buttons is-layout-flex wp-block-buttons-is-layout-flex\">\n<div class=\"wp-block-button\"><a class=\"wp-block-button__link has-background wp-element-button\" href=\"https:\/\/www.euroakademie.de\/bildungsangebote\/gesundheit-pflege\" style=\"background-color:#95c11f;padding-top:var(--wp--preset--spacing--40);padding-right:var(--wp--preset--spacing--20);padding-bottom:var(--wp--preset--spacing--40);padding-left:var(--wp--preset--spacing--20)\">Sie lieben Geschichten von fr\u00fcher, interessieren sich f\u00fcr Medizin und m\u00f6chten einen sicheren Arbeitsplatz? Dann w\u00e4re eine Ausbildung im Bereich Gesundheit und Pflege bestimmt genau das Richtige f\u00fcr Sie!<\/a><\/div>\n<\/div>\n\n\n\n<p><em>Quelle Beitragsbild: Shutterstock<\/em><\/p>\n","protected":false},"excerpt":{"rendered":"<p>\t\t\t\t<![CDATA[Viele Senior*innen f\u00fchlen sich in diesem Jahr besonders alleine. Aber gerade in der Weihnachtszeit sehnen wir uns nach Familie, Freund*innen und einem Gef\u00fchl der Zugeh\u00f6rigkeit.  Mit einem Brief k\u00f6nnen Sie helfen.  ]]>\t\t<\/p>\n","protected":false},"author":58,"featured_media":14017,"comment_status":"closed","ping_status":"closed","sticky":false,"template":"","format":"standard","meta":{"footnotes":""},"categories":[16],"tags":[1597,1873],"class_list":{"0":"post-14011","1":"post","2":"type-post","3":"status-publish","4":"format-standard","5":"has-post-thumbnail","7":"category-gesundheit-pflege","8":"tag-briefe","9":"tag-corona"},"yoast_head":"<!-- This site is optimized with the Yoast SEO plugin v23.5 - https:\/\/yoast.com\/wordpress\/plugins\/seo\/ -->\n<title>Machen Sie mit bei &quot;Briefe gegen die Einsamkeit&quot;\/Euro Akademie Magazin<\/title>\n<meta name=\"description\" content=\"Viele Senior*innen f\u00fchlen sich einsam - gerade in der Coronazeit. Sie k\u00f6nnen helfen: Schreiben Sie &quot;Briefe gegen die Einsamkeit&quot; an youngcaritas!\" \/>\n<meta name=\"robots\" content=\"index, follow, max-snippet:-1, max-image-preview:large, max-video-preview:-1\" \/>\n<link rel=\"canonical\" href=\"https:\/\/www.euroakademie.de\/magazin\/machen-sie-mit-bei-briefe-gegen-die-einsamkeit\/\" \/>\n<meta property=\"og:locale\" content=\"de_DE\" \/>\n<meta property=\"og:type\" content=\"article\" \/>\n<meta property=\"og:title\" content=\"Machen Sie mit bei &quot;Briefe gegen die Einsamkeit&quot;\/Euro Akademie Magazin\" \/>\n<meta property=\"og:description\" content=\"Viele Senior*innen f\u00fchlen sich einsam - gerade in der Coronazeit. Sie k\u00f6nnen helfen: Schreiben Sie &quot;Briefe gegen die Einsamkeit&quot; an youngcaritas!\" \/>\n<meta property=\"og:url\" content=\"https:\/\/www.euroakademie.de\/magazin\/machen-sie-mit-bei-briefe-gegen-die-einsamkeit\/\" \/>\n<meta property=\"og:site_name\" content=\"Das Euro Akademie Magazin\" \/>\n<meta property=\"article:published_time\" content=\"2020-12-03T14:50:04+00:00\" \/>\n<meta property=\"article:modified_time\" content=\"2024-11-18T15:40:08+00:00\" \/>\n<meta property=\"og:image\" content=\"https:\/\/www.euroakademie.de\/magazin\/wp-content\/uploads\/2020\/12\/shutterstock_435712021_702x336.jpg\" \/>\n\t<meta property=\"og:image:width\" content=\"702\" \/>\n\t<meta property=\"og:image:height\" content=\"336\" \/>\n\t<meta property=\"og:image:type\" content=\"image\/jpeg\" \/>\n<meta name=\"author\" content=\"Tanja H\u00f6fling\" \/>\n<meta name=\"twitter:card\" content=\"summary_large_image\" \/>\n<meta name=\"twitter:label1\" content=\"Verfasst von\" \/>\n\t<meta name=\"twitter:data1\" content=\"Tanja H\u00f6fling\" \/>\n\t<meta name=\"twitter:label2\" content=\"Gesch\u00e4tzte Lesezeit\" \/>\n\t<meta name=\"twitter:data2\" content=\"3\u00a0Minuten\" \/>\n<script type=\"application\/ld+json\" class=\"yoast-schema-graph\">{\"@context\":\"https:\/\/schema.org\",\"@graph\":[{\"@type\":\"Article\",\"@id\":\"https:\/\/www.euroakademie.de\/magazin\/machen-sie-mit-bei-briefe-gegen-die-einsamkeit\/#article\",\"isPartOf\":{\"@id\":\"https:\/\/www.euroakademie.de\/magazin\/machen-sie-mit-bei-briefe-gegen-die-einsamkeit\/\"},\"author\":{\"name\":\"Tanja H\u00f6fling\",\"@id\":\"https:\/\/www.euroakademie.de\/magazin\/#\/schema\/person\/2c0d3896d19e86373c87f4ac022d4919\"},\"headline\":\"Machen Sie mit bei \u201eBriefe gegen die Einsamkeit\u201c \u2013 eine Aktion von &quot;youngcaritas&quot;\",\"datePublished\":\"2020-12-03T14:50:04+00:00\",\"dateModified\":\"2024-11-18T15:40:08+00:00\",\"mainEntityOfPage\":{\"@id\":\"https:\/\/www.euroakademie.de\/magazin\/machen-sie-mit-bei-briefe-gegen-die-einsamkeit\/\"},\"wordCount\":486,\"publisher\":{\"@id\":\"https:\/\/www.euroakademie.de\/magazin\/#organization\"},\"image\":{\"@id\":\"https:\/\/www.euroakademie.de\/magazin\/machen-sie-mit-bei-briefe-gegen-die-einsamkeit\/#primaryimage\"},\"thumbnailUrl\":\"https:\/\/www.euroakademie.de\/magazin\/wp-content\/uploads\/2020\/12\/shutterstock_435712021_702x336.jpg\",\"keywords\":[\"Briefe\",\"Corona\"],\"articleSection\":[\"Gesundheit &amp; Pflege\"],\"inLanguage\":\"de\"},{\"@type\":\"WebPage\",\"@id\":\"https:\/\/www.euroakademie.de\/magazin\/machen-sie-mit-bei-briefe-gegen-die-einsamkeit\/\",\"url\":\"https:\/\/www.euroakademie.de\/magazin\/machen-sie-mit-bei-briefe-gegen-die-einsamkeit\/\",\"name\":\"Machen Sie mit bei \\\"Briefe gegen die Einsamkeit\\\"\/Euro Akademie Magazin\",\"isPartOf\":{\"@id\":\"https:\/\/www.euroakademie.de\/magazin\/#website\"},\"primaryImageOfPage\":{\"@id\":\"https:\/\/www.euroakademie.de\/magazin\/machen-sie-mit-bei-briefe-gegen-die-einsamkeit\/#primaryimage\"},\"image\":{\"@id\":\"https:\/\/www.euroakademie.de\/magazin\/machen-sie-mit-bei-briefe-gegen-die-einsamkeit\/#primaryimage\"},\"thumbnailUrl\":\"https:\/\/www.euroakademie.de\/magazin\/wp-content\/uploads\/2020\/12\/shutterstock_435712021_702x336.jpg\",\"datePublished\":\"2020-12-03T14:50:04+00:00\",\"dateModified\":\"2024-11-18T15:40:08+00:00\",\"description\":\"Viele Senior*innen f\u00fchlen sich einsam - gerade in der Coronazeit. Sie k\u00f6nnen helfen: Schreiben Sie \\\"Briefe gegen die Einsamkeit\\\" an youngcaritas!\",\"breadcrumb\":{\"@id\":\"https:\/\/www.euroakademie.de\/magazin\/machen-sie-mit-bei-briefe-gegen-die-einsamkeit\/#breadcrumb\"},\"inLanguage\":\"de\",\"potentialAction\":[{\"@type\":\"ReadAction\",\"target\":[\"https:\/\/www.euroakademie.de\/magazin\/machen-sie-mit-bei-briefe-gegen-die-einsamkeit\/\"]}]},{\"@type\":\"ImageObject\",\"inLanguage\":\"de\",\"@id\":\"https:\/\/www.euroakademie.de\/magazin\/machen-sie-mit-bei-briefe-gegen-die-einsamkeit\/#primaryimage\",\"url\":\"https:\/\/www.euroakademie.de\/magazin\/wp-content\/uploads\/2020\/12\/shutterstock_435712021_702x336.jpg\",\"contentUrl\":\"https:\/\/www.euroakademie.de\/magazin\/wp-content\/uploads\/2020\/12\/shutterstock_435712021_702x336.jpg\",\"width\":702,\"height\":336,\"caption\":\"\"},{\"@type\":\"BreadcrumbList\",\"@id\":\"https:\/\/www.euroakademie.de\/magazin\/machen-sie-mit-bei-briefe-gegen-die-einsamkeit\/#breadcrumb\",\"itemListElement\":[{\"@type\":\"ListItem\",\"position\":1,\"name\":\"Startseite\",\"item\":\"https:\/\/www.euroakademie.de\/magazin\/\"},{\"@type\":\"ListItem\",\"position\":2,\"name\":\"Machen Sie mit bei \u201eBriefe gegen die Einsamkeit\u201c \u2013 eine Aktion von &quot;youngcaritas&quot;\"}]},{\"@type\":\"WebSite\",\"@id\":\"https:\/\/www.euroakademie.de\/magazin\/#website\",\"url\":\"https:\/\/www.euroakademie.de\/magazin\/\",\"name\":\"Das Euro Akademie Magazin\",\"description\":\"Gut informiert durch Ausbildung und Studium\",\"publisher\":{\"@id\":\"https:\/\/www.euroakademie.de\/magazin\/#organization\"},\"potentialAction\":[{\"@type\":\"SearchAction\",\"target\":{\"@type\":\"EntryPoint\",\"urlTemplate\":\"https:\/\/www.euroakademie.de\/magazin\/?s={search_term_string}\"},\"query-input\":{\"@type\":\"PropertyValueSpecification\",\"valueRequired\":true,\"valueName\":\"search_term_string\"}}],\"inLanguage\":\"de\"},{\"@type\":\"Organization\",\"@id\":\"https:\/\/www.euroakademie.de\/magazin\/#organization\",\"name\":\"ESO Education Group\",\"url\":\"https:\/\/www.euroakademie.de\/magazin\/\",\"logo\":{\"@type\":\"ImageObject\",\"inLanguage\":\"de\",\"@id\":\"https:\/\/www.euroakademie.de\/magazin\/#\/schema\/logo\/image\/\",\"url\":\"https:\/\/relaunch.euroakademie.de\/magazin\/wp-content\/uploads\/2024\/11\/Logo_EA_negativ_Rahmen_5cm_300dpi_RGB.jpg\",\"contentUrl\":\"https:\/\/relaunch.euroakademie.de\/magazin\/wp-content\/uploads\/2024\/11\/Logo_EA_negativ_Rahmen_5cm_300dpi_RGB.jpg\",\"width\":591,\"height\":236,\"caption\":\"ESO Education Group\"},\"image\":{\"@id\":\"https:\/\/www.euroakademie.de\/magazin\/#\/schema\/logo\/image\/\"}},{\"@type\":\"Person\",\"@id\":\"https:\/\/www.euroakademie.de\/magazin\/#\/schema\/person\/2c0d3896d19e86373c87f4ac022d4919\",\"name\":\"Tanja H\u00f6fling\",\"description\":\"Von Juli 2017 bis Juli 2022 informierte die ehemalige Online-Redakteurin des Euro Akademie Magazins regelm\u00e4\u00dfig \u00fcber Aktuelles und Wissenswertes zu den Themen Ausbildung, Studium und Beruf.\",\"url\":\"https:\/\/www.euroakademie.de\/magazin\/author\/hoeflingt\/\"}]}<\/script>\n<!-- \/ Yoast SEO plugin. -->","yoast_head_json":{"title":"Machen Sie mit bei \"Briefe gegen die Einsamkeit\"\/Euro Akademie Magazin","description":"Viele Senior*innen f\u00fchlen sich einsam - gerade in der Coronazeit. Sie k\u00f6nnen helfen: Schreiben Sie \"Briefe gegen die Einsamkeit\" an youngcaritas!","robots":{"index":"index","follow":"follow","max-snippet":"max-snippet:-1","max-image-preview":"max-image-preview:large","max-video-preview":"max-video-preview:-1"},"canonical":"https:\/\/www.euroakademie.de\/magazin\/machen-sie-mit-bei-briefe-gegen-die-einsamkeit\/","og_locale":"de_DE","og_type":"article","og_title":"Machen Sie mit bei \"Briefe gegen die Einsamkeit\"\/Euro Akademie Magazin","og_description":"Viele Senior*innen f\u00fchlen sich einsam - gerade in der Coronazeit. Sie k\u00f6nnen helfen: Schreiben Sie \"Briefe gegen die Einsamkeit\" an youngcaritas!","og_url":"https:\/\/www.euroakademie.de\/magazin\/machen-sie-mit-bei-briefe-gegen-die-einsamkeit\/","og_site_name":"Das Euro Akademie Magazin","article_published_time":"2020-12-03T14:50:04+00:00","article_modified_time":"2024-11-18T15:40:08+00:00","og_image":[{"width":702,"height":336,"url":"https:\/\/www.euroakademie.de\/magazin\/wp-content\/uploads\/2020\/12\/shutterstock_435712021_702x336.jpg","type":"image\/jpeg"}],"author":"Tanja H\u00f6fling","twitter_card":"summary_large_image","twitter_misc":{"Verfasst von":"Tanja H\u00f6fling","Gesch\u00e4tzte Lesezeit":"3\u00a0Minuten"},"schema":{"@context":"https:\/\/schema.org","@graph":[{"@type":"Article","@id":"https:\/\/www.euroakademie.de\/magazin\/machen-sie-mit-bei-briefe-gegen-die-einsamkeit\/#article","isPartOf":{"@id":"https:\/\/www.euroakademie.de\/magazin\/machen-sie-mit-bei-briefe-gegen-die-einsamkeit\/"},"author":{"name":"Tanja H\u00f6fling","@id":"https:\/\/www.euroakademie.de\/magazin\/#\/schema\/person\/2c0d3896d19e86373c87f4ac022d4919"},"headline":"Machen Sie mit bei \u201eBriefe gegen die Einsamkeit\u201c \u2013 eine Aktion von &quot;youngcaritas&quot;","datePublished":"2020-12-03T14:50:04+00:00","dateModified":"2024-11-18T15:40:08+00:00","mainEntityOfPage":{"@id":"https:\/\/www.euroakademie.de\/magazin\/machen-sie-mit-bei-briefe-gegen-die-einsamkeit\/"},"wordCount":486,"publisher":{"@id":"https:\/\/www.euroakademie.de\/magazin\/#organization"},"image":{"@id":"https:\/\/www.euroakademie.de\/magazin\/machen-sie-mit-bei-briefe-gegen-die-einsamkeit\/#primaryimage"},"thumbnailUrl":"https:\/\/www.euroakademie.de\/magazin\/wp-content\/uploads\/2020\/12\/shutterstock_435712021_702x336.jpg","keywords":["Briefe","Corona"],"articleSection":["Gesundheit &amp; Pflege"],"inLanguage":"de"},{"@type":"WebPage","@id":"https:\/\/www.euroakademie.de\/magazin\/machen-sie-mit-bei-briefe-gegen-die-einsamkeit\/","url":"https:\/\/www.euroakademie.de\/magazin\/machen-sie-mit-bei-briefe-gegen-die-einsamkeit\/","name":"Machen Sie mit bei \"Briefe gegen die Einsamkeit\"\/Euro Akademie Magazin","isPartOf":{"@id":"https:\/\/www.euroakademie.de\/magazin\/#website"},"primaryImageOfPage":{"@id":"https:\/\/www.euroakademie.de\/magazin\/machen-sie-mit-bei-briefe-gegen-die-einsamkeit\/#primaryimage"},"image":{"@id":"https:\/\/www.euroakademie.de\/magazin\/machen-sie-mit-bei-briefe-gegen-die-einsamkeit\/#primaryimage"},"thumbnailUrl":"https:\/\/www.euroakademie.de\/magazin\/wp-content\/uploads\/2020\/12\/shutterstock_435712021_702x336.jpg","datePublished":"2020-12-03T14:50:04+00:00","dateModified":"2024-11-18T15:40:08+00:00","description":"Viele Senior*innen f\u00fchlen sich einsam - gerade in der Coronazeit. Sie k\u00f6nnen helfen: Schreiben Sie \"Briefe gegen die Einsamkeit\" an youngcaritas!","breadcrumb":{"@id":"https:\/\/www.euroakademie.de\/magazin\/machen-sie-mit-bei-briefe-gegen-die-einsamkeit\/#breadcrumb"},"inLanguage":"de","potentialAction":[{"@type":"ReadAction","target":["https:\/\/www.euroakademie.de\/magazin\/machen-sie-mit-bei-briefe-gegen-die-einsamkeit\/"]}]},{"@type":"ImageObject","inLanguage":"de","@id":"https:\/\/www.euroakademie.de\/magazin\/machen-sie-mit-bei-briefe-gegen-die-einsamkeit\/#primaryimage","url":"https:\/\/www.euroakademie.de\/magazin\/wp-content\/uploads\/2020\/12\/shutterstock_435712021_702x336.jpg","contentUrl":"https:\/\/www.euroakademie.de\/magazin\/wp-content\/uploads\/2020\/12\/shutterstock_435712021_702x336.jpg","width":702,"height":336,"caption":""},{"@type":"BreadcrumbList","@id":"https:\/\/www.euroakademie.de\/magazin\/machen-sie-mit-bei-briefe-gegen-die-einsamkeit\/#breadcrumb","itemListElement":[{"@type":"ListItem","position":1,"name":"Startseite","item":"https:\/\/www.euroakademie.de\/magazin\/"},{"@type":"ListItem","position":2,"name":"Machen Sie mit bei \u201eBriefe gegen die Einsamkeit\u201c \u2013 eine Aktion von &quot;youngcaritas&quot;"}]},{"@type":"WebSite","@id":"https:\/\/www.euroakademie.de\/magazin\/#website","url":"https:\/\/www.euroakademie.de\/magazin\/","name":"Das Euro Akademie Magazin","description":"Gut informiert durch Ausbildung und Studium","publisher":{"@id":"https:\/\/www.euroakademie.de\/magazin\/#organization"},"potentialAction":[{"@type":"SearchAction","target":{"@type":"EntryPoint","urlTemplate":"https:\/\/www.euroakademie.de\/magazin\/?s={search_term_string}"},"query-input":{"@type":"PropertyValueSpecification","valueRequired":true,"valueName":"search_term_string"}}],"inLanguage":"de"},{"@type":"Organization","@id":"https:\/\/www.euroakademie.de\/magazin\/#organization","name":"ESO Education Group","url":"https:\/\/www.euroakademie.de\/magazin\/","logo":{"@type":"ImageObject","inLanguage":"de","@id":"https:\/\/www.euroakademie.de\/magazin\/#\/schema\/logo\/image\/","url":"https:\/\/relaunch.euroakademie.de\/magazin\/wp-content\/uploads\/2024\/11\/Logo_EA_negativ_Rahmen_5cm_300dpi_RGB.jpg","contentUrl":"https:\/\/relaunch.euroakademie.de\/magazin\/wp-content\/uploads\/2024\/11\/Logo_EA_negativ_Rahmen_5cm_300dpi_RGB.jpg","width":591,"height":236,"caption":"ESO Education Group"},"image":{"@id":"https:\/\/www.euroakademie.de\/magazin\/#\/schema\/logo\/image\/"}},{"@type":"Person","@id":"https:\/\/www.euroakademie.de\/magazin\/#\/schema\/person\/2c0d3896d19e86373c87f4ac022d4919","name":"Tanja H\u00f6fling","description":"Von Juli 2017 bis Juli 2022 informierte die ehemalige Online-Redakteurin des Euro Akademie Magazins regelm\u00e4\u00dfig \u00fcber Aktuelles und Wissenswertes zu den Themen Ausbildung, Studium und Beruf.","url":"https:\/\/www.euroakademie.de\/magazin\/author\/hoeflingt\/"}]}},"_links":{"self":[{"href":"https:\/\/www.euroakademie.de\/magazin\/wp-json\/wp\/v2\/posts\/14011","targetHints":{"allow":["GET"]}}],"collection":[{"href":"https:\/\/www.euroakademie.de\/magazin\/wp-json\/wp\/v2\/posts"}],"about":[{"href":"https:\/\/www.euroakademie.de\/magazin\/wp-json\/wp\/v2\/types\/post"}],"author":[{"embeddable":true,"href":"https:\/\/www.euroakademie.de\/magazin\/wp-json\/wp\/v2\/users\/58"}],"replies":[{"embeddable":true,"href":"https:\/\/www.euroakademie.de\/magazin\/wp-json\/wp\/v2\/comments?post=14011"}],"version-history":[{"count":4,"href":"https:\/\/www.euroakademie.de\/magazin\/wp-json\/wp\/v2\/posts\/14011\/revisions"}],"predecessor-version":[{"id":23097,"href":"https:\/\/www.euroakademie.de\/magazin\/wp-json\/wp\/v2\/posts\/14011\/revisions\/23097"}],"wp:featuredmedia":[{"embeddable":true,"href":"https:\/\/www.euroakademie.de\/magazin\/wp-json\/wp\/v2\/media\/14017"}],"wp:attachment":[{"href":"https:\/\/www.euroakademie.de\/magazin\/wp-json\/wp\/v2\/media?parent=14011"}],"wp:term":[{"taxonomy":"category","embeddable":true,"href":"https:\/\/www.euroakademie.de\/magazin\/wp-json\/wp\/v2\/categories?post=14011"},{"taxonomy":"post_tag","embeddable":true,"href":"https:\/\/www.euroakademie.de\/magazin\/wp-json\/wp\/v2\/tags?post=14011"}],"curies":[{"name":"wp","href":"https:\/\/api.w.org\/{rel}","templated":true}]}}