{"id":14049,"date":"2020-12-10T06:49:04","date_gmt":"2020-12-10T05:49:04","guid":{"rendered":"https:\/\/www.euroakademie.de\/magazin\/?p=14049"},"modified":"2024-12-09T09:51:57","modified_gmt":"2024-12-09T08:51:57","slug":"pflegestudie","status":"publish","type":"post","link":"https:\/\/www.euroakademie.de\/magazin\/pflegestudie\/","title":{"rendered":"Covid-19-Pflegestudie: Kaum noch Personal in der Altenpflege"},"content":{"rendered":"\n<p><strong>Am 2. Dezember ver\u00f6ffentlichte die Diakonie Deutschland eine Studie zur Arbeitssituation in der Altenhilfe und -pflege sowie in den Hospizen. Laut den Antworten der Teilnehmer*innen hat sich der Personalmangel durch Corona weiter versch\u00e4rft.  <\/strong><\/p>\n\n\n\n<p>Schon vor Verbreitung des Covid-19-Virus war der Bereich Pflege personell nicht gut aufgestellt. Doch die Zahlen in der Studie machen erst sichtbar, wie dramatisch die Situation mit der ersten Welle wurde. Ein gro\u00dfes Problem war die Mehrbelastung der vorhandenen Kr\u00e4fte aufgrund des Ausfalls von Teilen des Personals sowie des Wegfalls zus\u00e4tzlicher Hilfen von au\u00dfen.  <\/p>\n\n\n\n<p>Bei 71 % der Befragten mussten Mitarbeiter*innen in Quarant\u00e4ne, wobei 48 % zudem von Kolleg*innen berichten, die bedingt durch das Virus freigestellt wurden. <\/p>\n\n\n\n<p>Zus\u00e4tzlich schlugen laut der Pflegestudie die Besuchsbeschr\u00e4nkungen w\u00e4hrend des Lockdowns zu Buche, denn sowohl der Einsatz externer Pflegedienstleister sowie die Unterst\u00fctzung ehrenamtlicher Helfer*innen war nicht mehr gestattet. Dadurch entstand eine zus\u00e4tzliche Mehrbelastung bei den Pflegenden. <\/p>\n\n\n\n<h2 class=\"wp-block-heading\">Sind Sie die Rettung, auf die alle warten? <\/h2>\n\n\n\n<p>Personal im Pflegebereich wird also dringender gesucht denn je. F\u00fchlen Sie sich auch berufen, anderen Menschen zu helfen \u2013 gerade in dieser sehr schwierigen Zeit, in der Heimbewohner*innen oft wegen der Besuchsverbote und -einschr\u00e4nkungen einsam sind? M\u00f6chten Sie zu den tragenden S\u00e4ulen der Pandemie geh\u00f6ren? Dann ist jetzt der Zeitpunkt, Engagement zu zeigen.  <\/p>\n\n\n\n<p>Informieren Sie sich unverbindlich \u00fcber eine <a rel=\"noreferrer noopener\" label=\"Ausbildung zum*r Pflegefachmann*frau (\u00f6ffnet in neuem Tab)\" href=\"https:\/\/www.euroakademie.de\/bildungsangebote\/gesundheit-pflege\" target=\"_blank\">Ausbildung zum*r Pflegefachmann*frau<\/a> bei einer <a href=\"https:\/\/www.euroakademie.de\/standorte\/uebersichtskarte\">Euro Akademie in Ihrer N\u00e4he<\/a>. Mit dieser Ausbildung k\u00f6nnen Sie alle Chancen im umfassenden Bereich der Pflege nutzen: egal ob Altenpflege, Kinderpflege oder Krankenpflege.  <\/p>\n\n\n\n<h2 class=\"wp-block-heading\">\u00dcber die Pflegestudie<\/h2>\n\n\n\n<p>In Auftrag gegeben wurde die Studie von der Evangelischen Arbeitsstelle midi zusammen mit dem Zentrum Gesundheit, Rehabilitation und Pflege sowie dem Zentrum Kommunikation der Diakonie Deutschland. Der Evangelische Wohlfahrtsverband ist einer der gr\u00f6\u00dften Arbeitgeber in der Pflege und z\u00e4hlt rund 136.200 Besch\u00e4ftigte. <\/p>\n\n\n\n<p>Vom 2. Bis zum 30. Oktober 2020 wurden 1552 Mitarbeitende aller 16 Landesverb\u00e4nde der Diakonie befragt. Davon sind 60 Prozent im station\u00e4ren Bereich der Altenhilfe, 28 Prozent in ambulanten Diensten, sieben Prozent im teilstation\u00e4ren Bereich und f\u00fcnf Prozent in den Hospizen t\u00e4tig. <\/p>\n\n\n\n<div class=\"wp-block-buttons is-content-justification-center is-layout-flex wp-container-core-buttons-is-layout-16018d1d wp-block-buttons-is-layout-flex\">\n<div class=\"wp-block-button has-custom-font-size has-regular-font-size\"><a class=\"wp-block-button__link has-white-color has-text-color has-background has-link-color wp-element-button\" href=\"https:\/\/www.euroakademie.de\/pflegefachmann-3\" style=\"background-color:#95c11f;padding-top:var(--wp--preset--spacing--40);padding-right:var(--wp--preset--spacing--20);padding-bottom:var(--wp--preset--spacing--40);padding-left:var(--wp--preset--spacing--20)\">Sie wollen sich gewinnbringend f\u00fcr die Gesellschaft einbringen? Informieren Sie sich jetzt \u00fcber den Beruf desr Pflegefachmannsfrau!<\/a><\/div>\n<\/div>\n\n\n\n<p><em>Beitragsbild: shutterstock.com \/ MIA Studio<\/em><\/p>\n","protected":false},"excerpt":{"rendered":"<p>\t\t\t\t<![CDATA[Am 2. Dezember ver\u00f6ffentlichte die Diakonie Deutschland eine Studie zur Arbeitssituation in der Altenhilfe und -pflege sowie in den Hospizen.]]>\t\t<\/p>\n","protected":false},"author":37,"featured_media":14052,"comment_status":"closed","ping_status":"closed","sticky":false,"template":"","format":"standard","meta":{"footnotes":""},"categories":[82,16],"tags":[418,6322,7975],"class_list":{"0":"post-14049","1":"post","2":"type-post","3":"status-publish","4":"format-standard","5":"has-post-thumbnail","7":"category-branchennews","8":"category-gesundheit-pflege","9":"tag-altenpflege","10":"tag-personalmangel","11":"tag-studie"},"yoast_head":"<!-- This site is optimized with the Yoast SEO plugin v23.5 - https:\/\/yoast.com\/wordpress\/plugins\/seo\/ -->\n<title>Pflegestudie - Kaum Personal in der Altenpflege - Euro Akademie Magazin<\/title>\n<meta name=\"description\" content=\"Am 2.12.2020 ver\u00f6ffentlichte die Diakonie Deutschland ihre Covid-19-Pflegestudie. Demnach hat sich der Personalmangel drastisch versch\u00e4rft.\" \/>\n<meta name=\"robots\" content=\"index, follow, max-snippet:-1, max-image-preview:large, max-video-preview:-1\" \/>\n<link rel=\"canonical\" href=\"https:\/\/www.euroakademie.de\/magazin\/pflegestudie\/\" \/>\n<meta property=\"og:locale\" content=\"de_DE\" \/>\n<meta property=\"og:type\" content=\"article\" \/>\n<meta property=\"og:title\" content=\"Pflegestudie - Kaum Personal in der Altenpflege - Euro Akademie Magazin\" \/>\n<meta property=\"og:description\" content=\"Am 2.12.2020 ver\u00f6ffentlichte die Diakonie Deutschland ihre Covid-19-Pflegestudie. Demnach hat sich der Personalmangel drastisch versch\u00e4rft.\" \/>\n<meta property=\"og:url\" content=\"https:\/\/www.euroakademie.de\/magazin\/pflegestudie\/\" \/>\n<meta property=\"og:site_name\" content=\"Das Euro Akademie Magazin\" \/>\n<meta property=\"article:published_time\" content=\"2020-12-10T05:49:04+00:00\" \/>\n<meta property=\"article:modified_time\" content=\"2024-12-09T08:51:57+00:00\" \/>\n<meta property=\"og:image\" content=\"https:\/\/www.euroakademie.de\/magazin\/wp-content\/uploads\/2020\/12\/Pflegestudie-Personalmangel-1777731806-702x336-web.jpg\" \/>\n\t<meta property=\"og:image:width\" content=\"702\" \/>\n\t<meta property=\"og:image:height\" content=\"336\" \/>\n\t<meta property=\"og:image:type\" content=\"image\/jpeg\" \/>\n<meta name=\"author\" content=\"Katharina Boyens\" \/>\n<meta name=\"twitter:card\" content=\"summary_large_image\" \/>\n<meta name=\"twitter:label1\" content=\"Verfasst von\" \/>\n\t<meta name=\"twitter:data1\" content=\"Katharina Boyens\" \/>\n\t<meta name=\"twitter:label2\" content=\"Gesch\u00e4tzte Lesezeit\" \/>\n\t<meta name=\"twitter:data2\" content=\"3\u00a0Minuten\" \/>\n<script type=\"application\/ld+json\" class=\"yoast-schema-graph\">{\"@context\":\"https:\/\/schema.org\",\"@graph\":[{\"@type\":\"Article\",\"@id\":\"https:\/\/www.euroakademie.de\/magazin\/pflegestudie\/#article\",\"isPartOf\":{\"@id\":\"https:\/\/www.euroakademie.de\/magazin\/pflegestudie\/\"},\"author\":{\"name\":\"Katharina Boyens\",\"@id\":\"https:\/\/www.euroakademie.de\/magazin\/#\/schema\/person\/bc82ae73082e3ac93c406d0d76cb0cff\"},\"headline\":\"Covid-19-Pflegestudie: Kaum noch Personal in der Altenpflege\",\"datePublished\":\"2020-12-10T05:49:04+00:00\",\"dateModified\":\"2024-12-09T08:51:57+00:00\",\"mainEntityOfPage\":{\"@id\":\"https:\/\/www.euroakademie.de\/magazin\/pflegestudie\/\"},\"wordCount\":380,\"publisher\":{\"@id\":\"https:\/\/www.euroakademie.de\/magazin\/#organization\"},\"image\":{\"@id\":\"https:\/\/www.euroakademie.de\/magazin\/pflegestudie\/#primaryimage\"},\"thumbnailUrl\":\"https:\/\/www.euroakademie.de\/magazin\/wp-content\/uploads\/2020\/12\/Pflegestudie-Personalmangel-1777731806-702x336-web.jpg\",\"keywords\":[\"Altenpflege\",\"Personalmangel\",\"Studie\"],\"articleSection\":[\"Branchennews\",\"Gesundheit &amp; Pflege\"],\"inLanguage\":\"de\"},{\"@type\":\"WebPage\",\"@id\":\"https:\/\/www.euroakademie.de\/magazin\/pflegestudie\/\",\"url\":\"https:\/\/www.euroakademie.de\/magazin\/pflegestudie\/\",\"name\":\"Pflegestudie - Kaum Personal in der Altenpflege - Euro Akademie Magazin\",\"isPartOf\":{\"@id\":\"https:\/\/www.euroakademie.de\/magazin\/#website\"},\"primaryImageOfPage\":{\"@id\":\"https:\/\/www.euroakademie.de\/magazin\/pflegestudie\/#primaryimage\"},\"image\":{\"@id\":\"https:\/\/www.euroakademie.de\/magazin\/pflegestudie\/#primaryimage\"},\"thumbnailUrl\":\"https:\/\/www.euroakademie.de\/magazin\/wp-content\/uploads\/2020\/12\/Pflegestudie-Personalmangel-1777731806-702x336-web.jpg\",\"datePublished\":\"2020-12-10T05:49:04+00:00\",\"dateModified\":\"2024-12-09T08:51:57+00:00\",\"description\":\"Am 2.12.2020 ver\u00f6ffentlichte die Diakonie Deutschland ihre Covid-19-Pflegestudie. Demnach hat sich der Personalmangel drastisch versch\u00e4rft.\",\"breadcrumb\":{\"@id\":\"https:\/\/www.euroakademie.de\/magazin\/pflegestudie\/#breadcrumb\"},\"inLanguage\":\"de\",\"potentialAction\":[{\"@type\":\"ReadAction\",\"target\":[\"https:\/\/www.euroakademie.de\/magazin\/pflegestudie\/\"]}]},{\"@type\":\"ImageObject\",\"inLanguage\":\"de\",\"@id\":\"https:\/\/www.euroakademie.de\/magazin\/pflegestudie\/#primaryimage\",\"url\":\"https:\/\/www.euroakademie.de\/magazin\/wp-content\/uploads\/2020\/12\/Pflegestudie-Personalmangel-1777731806-702x336-web.jpg\",\"contentUrl\":\"https:\/\/www.euroakademie.de\/magazin\/wp-content\/uploads\/2020\/12\/Pflegestudie-Personalmangel-1777731806-702x336-web.jpg\",\"width\":702,\"height\":336,\"caption\":\"\"},{\"@type\":\"BreadcrumbList\",\"@id\":\"https:\/\/www.euroakademie.de\/magazin\/pflegestudie\/#breadcrumb\",\"itemListElement\":[{\"@type\":\"ListItem\",\"position\":1,\"name\":\"Startseite\",\"item\":\"https:\/\/www.euroakademie.de\/magazin\/\"},{\"@type\":\"ListItem\",\"position\":2,\"name\":\"Covid-19-Pflegestudie: Kaum noch Personal in der Altenpflege\"}]},{\"@type\":\"WebSite\",\"@id\":\"https:\/\/www.euroakademie.de\/magazin\/#website\",\"url\":\"https:\/\/www.euroakademie.de\/magazin\/\",\"name\":\"Das Euro Akademie Magazin\",\"description\":\"Gut informiert durch Ausbildung und Studium\",\"publisher\":{\"@id\":\"https:\/\/www.euroakademie.de\/magazin\/#organization\"},\"potentialAction\":[{\"@type\":\"SearchAction\",\"target\":{\"@type\":\"EntryPoint\",\"urlTemplate\":\"https:\/\/www.euroakademie.de\/magazin\/?s={search_term_string}\"},\"query-input\":{\"@type\":\"PropertyValueSpecification\",\"valueRequired\":true,\"valueName\":\"search_term_string\"}}],\"inLanguage\":\"de\"},{\"@type\":\"Organization\",\"@id\":\"https:\/\/www.euroakademie.de\/magazin\/#organization\",\"name\":\"ESO Education Group\",\"url\":\"https:\/\/www.euroakademie.de\/magazin\/\",\"logo\":{\"@type\":\"ImageObject\",\"inLanguage\":\"de\",\"@id\":\"https:\/\/www.euroakademie.de\/magazin\/#\/schema\/logo\/image\/\",\"url\":\"https:\/\/relaunch.euroakademie.de\/magazin\/wp-content\/uploads\/2024\/11\/Logo_EA_negativ_Rahmen_5cm_300dpi_RGB.jpg\",\"contentUrl\":\"https:\/\/relaunch.euroakademie.de\/magazin\/wp-content\/uploads\/2024\/11\/Logo_EA_negativ_Rahmen_5cm_300dpi_RGB.jpg\",\"width\":591,\"height\":236,\"caption\":\"ESO Education Group\"},\"image\":{\"@id\":\"https:\/\/www.euroakademie.de\/magazin\/#\/schema\/logo\/image\/\"}},{\"@type\":\"Person\",\"@id\":\"https:\/\/www.euroakademie.de\/magazin\/#\/schema\/person\/bc82ae73082e3ac93c406d0d76cb0cff\",\"name\":\"Katharina Boyens\",\"description\":\"Katharina Boyens ist Germanistin und Anglistin mit einem Faible f\u00fcrs Schreiben. Von M\u00e4rz 2016 bis Januar 2021 bereicherte sie das Euro Akademie Magazin mit lesenswerten Beitr\u00e4gen in verschiedenen Rubriken.\",\"url\":\"https:\/\/www.euroakademie.de\/magazin\/author\/pfaffk\/\"}]}<\/script>\n<!-- \/ Yoast SEO plugin. -->","yoast_head_json":{"title":"Pflegestudie - Kaum Personal in der Altenpflege - Euro Akademie Magazin","description":"Am 2.12.2020 ver\u00f6ffentlichte die Diakonie Deutschland ihre Covid-19-Pflegestudie. Demnach hat sich der Personalmangel drastisch versch\u00e4rft.","robots":{"index":"index","follow":"follow","max-snippet":"max-snippet:-1","max-image-preview":"max-image-preview:large","max-video-preview":"max-video-preview:-1"},"canonical":"https:\/\/www.euroakademie.de\/magazin\/pflegestudie\/","og_locale":"de_DE","og_type":"article","og_title":"Pflegestudie - Kaum Personal in der Altenpflege - Euro Akademie Magazin","og_description":"Am 2.12.2020 ver\u00f6ffentlichte die Diakonie Deutschland ihre Covid-19-Pflegestudie. Demnach hat sich der Personalmangel drastisch versch\u00e4rft.","og_url":"https:\/\/www.euroakademie.de\/magazin\/pflegestudie\/","og_site_name":"Das Euro Akademie Magazin","article_published_time":"2020-12-10T05:49:04+00:00","article_modified_time":"2024-12-09T08:51:57+00:00","og_image":[{"width":702,"height":336,"url":"https:\/\/www.euroakademie.de\/magazin\/wp-content\/uploads\/2020\/12\/Pflegestudie-Personalmangel-1777731806-702x336-web.jpg","type":"image\/jpeg"}],"author":"Katharina Boyens","twitter_card":"summary_large_image","twitter_misc":{"Verfasst von":"Katharina Boyens","Gesch\u00e4tzte Lesezeit":"3\u00a0Minuten"},"schema":{"@context":"https:\/\/schema.org","@graph":[{"@type":"Article","@id":"https:\/\/www.euroakademie.de\/magazin\/pflegestudie\/#article","isPartOf":{"@id":"https:\/\/www.euroakademie.de\/magazin\/pflegestudie\/"},"author":{"name":"Katharina Boyens","@id":"https:\/\/www.euroakademie.de\/magazin\/#\/schema\/person\/bc82ae73082e3ac93c406d0d76cb0cff"},"headline":"Covid-19-Pflegestudie: Kaum noch Personal in der Altenpflege","datePublished":"2020-12-10T05:49:04+00:00","dateModified":"2024-12-09T08:51:57+00:00","mainEntityOfPage":{"@id":"https:\/\/www.euroakademie.de\/magazin\/pflegestudie\/"},"wordCount":380,"publisher":{"@id":"https:\/\/www.euroakademie.de\/magazin\/#organization"},"image":{"@id":"https:\/\/www.euroakademie.de\/magazin\/pflegestudie\/#primaryimage"},"thumbnailUrl":"https:\/\/www.euroakademie.de\/magazin\/wp-content\/uploads\/2020\/12\/Pflegestudie-Personalmangel-1777731806-702x336-web.jpg","keywords":["Altenpflege","Personalmangel","Studie"],"articleSection":["Branchennews","Gesundheit &amp; Pflege"],"inLanguage":"de"},{"@type":"WebPage","@id":"https:\/\/www.euroakademie.de\/magazin\/pflegestudie\/","url":"https:\/\/www.euroakademie.de\/magazin\/pflegestudie\/","name":"Pflegestudie - Kaum Personal in der Altenpflege - Euro Akademie Magazin","isPartOf":{"@id":"https:\/\/www.euroakademie.de\/magazin\/#website"},"primaryImageOfPage":{"@id":"https:\/\/www.euroakademie.de\/magazin\/pflegestudie\/#primaryimage"},"image":{"@id":"https:\/\/www.euroakademie.de\/magazin\/pflegestudie\/#primaryimage"},"thumbnailUrl":"https:\/\/www.euroakademie.de\/magazin\/wp-content\/uploads\/2020\/12\/Pflegestudie-Personalmangel-1777731806-702x336-web.jpg","datePublished":"2020-12-10T05:49:04+00:00","dateModified":"2024-12-09T08:51:57+00:00","description":"Am 2.12.2020 ver\u00f6ffentlichte die Diakonie Deutschland ihre Covid-19-Pflegestudie. Demnach hat sich der Personalmangel drastisch versch\u00e4rft.","breadcrumb":{"@id":"https:\/\/www.euroakademie.de\/magazin\/pflegestudie\/#breadcrumb"},"inLanguage":"de","potentialAction":[{"@type":"ReadAction","target":["https:\/\/www.euroakademie.de\/magazin\/pflegestudie\/"]}]},{"@type":"ImageObject","inLanguage":"de","@id":"https:\/\/www.euroakademie.de\/magazin\/pflegestudie\/#primaryimage","url":"https:\/\/www.euroakademie.de\/magazin\/wp-content\/uploads\/2020\/12\/Pflegestudie-Personalmangel-1777731806-702x336-web.jpg","contentUrl":"https:\/\/www.euroakademie.de\/magazin\/wp-content\/uploads\/2020\/12\/Pflegestudie-Personalmangel-1777731806-702x336-web.jpg","width":702,"height":336,"caption":""},{"@type":"BreadcrumbList","@id":"https:\/\/www.euroakademie.de\/magazin\/pflegestudie\/#breadcrumb","itemListElement":[{"@type":"ListItem","position":1,"name":"Startseite","item":"https:\/\/www.euroakademie.de\/magazin\/"},{"@type":"ListItem","position":2,"name":"Covid-19-Pflegestudie: Kaum noch Personal in der Altenpflege"}]},{"@type":"WebSite","@id":"https:\/\/www.euroakademie.de\/magazin\/#website","url":"https:\/\/www.euroakademie.de\/magazin\/","name":"Das Euro Akademie Magazin","description":"Gut informiert durch Ausbildung und Studium","publisher":{"@id":"https:\/\/www.euroakademie.de\/magazin\/#organization"},"potentialAction":[{"@type":"SearchAction","target":{"@type":"EntryPoint","urlTemplate":"https:\/\/www.euroakademie.de\/magazin\/?s={search_term_string}"},"query-input":{"@type":"PropertyValueSpecification","valueRequired":true,"valueName":"search_term_string"}}],"inLanguage":"de"},{"@type":"Organization","@id":"https:\/\/www.euroakademie.de\/magazin\/#organization","name":"ESO Education Group","url":"https:\/\/www.euroakademie.de\/magazin\/","logo":{"@type":"ImageObject","inLanguage":"de","@id":"https:\/\/www.euroakademie.de\/magazin\/#\/schema\/logo\/image\/","url":"https:\/\/relaunch.euroakademie.de\/magazin\/wp-content\/uploads\/2024\/11\/Logo_EA_negativ_Rahmen_5cm_300dpi_RGB.jpg","contentUrl":"https:\/\/relaunch.euroakademie.de\/magazin\/wp-content\/uploads\/2024\/11\/Logo_EA_negativ_Rahmen_5cm_300dpi_RGB.jpg","width":591,"height":236,"caption":"ESO Education Group"},"image":{"@id":"https:\/\/www.euroakademie.de\/magazin\/#\/schema\/logo\/image\/"}},{"@type":"Person","@id":"https:\/\/www.euroakademie.de\/magazin\/#\/schema\/person\/bc82ae73082e3ac93c406d0d76cb0cff","name":"Katharina Boyens","description":"Katharina Boyens ist Germanistin und Anglistin mit einem Faible f\u00fcrs Schreiben. Von M\u00e4rz 2016 bis Januar 2021 bereicherte sie das Euro Akademie Magazin mit lesenswerten Beitr\u00e4gen in verschiedenen Rubriken.","url":"https:\/\/www.euroakademie.de\/magazin\/author\/pfaffk\/"}]}},"_links":{"self":[{"href":"https:\/\/www.euroakademie.de\/magazin\/wp-json\/wp\/v2\/posts\/14049","targetHints":{"allow":["GET"]}}],"collection":[{"href":"https:\/\/www.euroakademie.de\/magazin\/wp-json\/wp\/v2\/posts"}],"about":[{"href":"https:\/\/www.euroakademie.de\/magazin\/wp-json\/wp\/v2\/types\/post"}],"author":[{"embeddable":true,"href":"https:\/\/www.euroakademie.de\/magazin\/wp-json\/wp\/v2\/users\/37"}],"replies":[{"embeddable":true,"href":"https:\/\/www.euroakademie.de\/magazin\/wp-json\/wp\/v2\/comments?post=14049"}],"version-history":[{"count":5,"href":"https:\/\/www.euroakademie.de\/magazin\/wp-json\/wp\/v2\/posts\/14049\/revisions"}],"predecessor-version":[{"id":26391,"href":"https:\/\/www.euroakademie.de\/magazin\/wp-json\/wp\/v2\/posts\/14049\/revisions\/26391"}],"wp:featuredmedia":[{"embeddable":true,"href":"https:\/\/www.euroakademie.de\/magazin\/wp-json\/wp\/v2\/media\/14052"}],"wp:attachment":[{"href":"https:\/\/www.euroakademie.de\/magazin\/wp-json\/wp\/v2\/media?parent=14049"}],"wp:term":[{"taxonomy":"category","embeddable":true,"href":"https:\/\/www.euroakademie.de\/magazin\/wp-json\/wp\/v2\/categories?post=14049"},{"taxonomy":"post_tag","embeddable":true,"href":"https:\/\/www.euroakademie.de\/magazin\/wp-json\/wp\/v2\/tags?post=14049"}],"curies":[{"name":"wp","href":"https:\/\/api.w.org\/{rel}","templated":true}]}}