{"id":14078,"date":"2020-12-23T00:28:09","date_gmt":"2020-12-22T23:28:09","guid":{"rendered":"https:\/\/www.euroakademie.de\/magazin\/?p=14078"},"modified":"2020-12-23T00:28:09","modified_gmt":"2020-12-22T23:28:09","slug":"weihnachten-internationa-teilii","status":"publish","type":"post","link":"https:\/\/www.euroakademie.de\/magazin\/weihnachten-internationa-teilii\/","title":{"rendered":"Weihnachten international \u2013 Teil II"},"content":{"rendered":"\n\t\t\t\t<![CDATA[\n<p><strong>Schnuppern Sie in das Weihnachten international hinein: Wann wird \u00fcberhaupt gefeiert? Gibt es \u00fcberall einen Christbaum? Und was geschieht \u00fcber die Feiertage in L\u00e4ndern, die gar nicht gr\u00f6\u00dftenteils christlich sind? <\/strong><\/p>\n\n\n\n<p>Bereits vergangene Woche haben wir Ihre interkulturelle Kompetenz mit <a rel=\"noreferrer noopener\" aria-label=\"Weihnachtsbr\u00e4uchen rund um den Globus (\u00f6ffnet in neuem Tab)\" href=\"https:\/\/www.euroakademie.de\/magazin\/weihnachten-international\/\" target=\"_blank\">Weihnachtsbr\u00e4uchen rund um den Globus<\/a> geschult. Erneut waren daraufhin Teilnehmer*innen an unterschiedlichen Standorten der <a rel=\"noreferrer noopener\" aria-label=\" Euro-Schulen (\u00f6ffnet in neuem Tab)\" href=\"https:\/\/www.eso.de\/marken\/unsere-weiterbildungszentren\/euro-schulen\/\" target=\"_blank\">Euro-Schulen<\/a> eifrig am Schreiben. Mit dem, was sie in den Deutsch- und Integrationskursen gelernt haben, vermitteln sie Ihnen die typischen Br\u00e4uche in ihrem Heimatland. Tauchen Sie also ein letztes Mal vor den Feiertagen in v\u00f6llig anders geartete Weihnachtsfeste ein! <\/p>\n\n\n\n<h2 class=\"wp-block-heading\">Von Lernenden an den Euro-Schulen D\u00fcsseldorf <\/h2>\n\n\n\n<h3 class=\"wp-block-heading\">Zaineb aus dem Irak <\/h3>\n\n\n\n<p>\u201e95 Prozent der irakischen Bev\u00f6lkerung sind Muslime. Die wenigen Christen im Land entz\u00fcnden am Heiligabend Freudenfeuer vor ihren H\u00e4usern. Brennt das Feuer vollst\u00e4ndig nieder, verhei\u00dft das f\u00fcr die Familie Gl\u00fcck. Die Kinder lesen biblische Geschichten, w\u00e4hrend die anderen Kerzen halten und die Szene beleuchten.  <\/p>\n\n\n\n<p>In der Kirche tr\u00e4gt der Geistliche ein rotes Kissen mit einer Figur des Christkindes. Danach segnet er einen der Gl\u00e4ubigen durch eine kurze Ber\u00fchrung. Die Ber\u00fchrung wird nun unter den Gl\u00e4ubigen weitergegeben, so lange bis jeder in den Genuss des Segens gekommen ist.\u201c <\/p>\n\n\n\n<h3 class=\"wp-block-heading\">Daniela aus Rum\u00e4nien <\/h3>\n\n\n\n<p>\u201eWeihnachten ist in Rum\u00e4nien ein Fest mit zahlreichen Br\u00e4uchen. Auf Rum\u00e4nisch hei\u00dft Weihnachten \u201aCr\u0103ciunul\u2018 und es ist das wichtigste Fest des Jahres. Weihnachten in Rum\u00e4nien ist ein Familienfest und alle kommen zusammen und feiern. Das Weihnachtsfest beginnt an Heiligabend &#8211; \u201aAjunul Cr\u0103ciunului\u2018 &#8211; wenn der Tannenbaum dekoriert wird. Aber die Geschenke werden meistens erst am Morgen des 25. Dezember ausgepackt. <\/p>\n\n\n\n<p>Ein wichtiger Punkt der rum\u00e4nischen Weihnacht sind die \u201aColind\u0103tori\u2018, singende Kinder, welche schon Tage vor Weihnachten von Haus zu Haus ziehen und traditionelle rum\u00e4nische Lieder singen und alles Gute f\u00fcr Weihnachten und das neue Jahr w\u00fcnschen. Daf\u00fcr werden die S\u00e4nger und S\u00e4ngerinnen mit S\u00fc\u00dfigkeiten, Brezeln, Obst und manchmal auch mit Geld belohnt. <\/p>\n\n\n\n<p>In Maramure\u0219, einer Region in Rum\u00e4nien, tragen die Kinder auch traditionelle Kleidung. <\/p>\n\n\n\n<p>Au\u00dferdem ist es \u00fcblich, dass eine Person als Ziege mit einer bunten Maske verkleidet ist. Diese Ziege ist bekannt als \u201aCapra\u2018, h\u00fcpft herum und stellt Unfug an. <\/p>\n\n\n\n<p>Das Essen ist ein gro\u00dfer Bestandteil jedes rum\u00e4nischen Feiertags, aber besonders wichtig ist es an Weihnachten. Als Vorspeise werden \u201aSarmale\u2018 (Kohlrouladen) mit \u201aM\u0103m\u0103ligut\u0103\u2018 (Polenta) gegessen. Danach gibt es auch Schweinefleisch oder Pute und den sogenannten \u201aSalata b\u0153uf\u2018. Zum Nachtisch gibt es zahlreiche Geb\u00e4cke, Kuchen und Torten. Der rum\u00e4nische Weihnachtskuchen \u201aCozanac\u2018 (ein Sandkuchen mit N\u00fcssen oder Mohn) und \u201aGog\u0219i\u2018 (rum\u00e4nischen Donuts) d\u00fcrfen nicht fehlen.\u201c <\/p>\n\n\n\n<h3 class=\"wp-block-heading\">Unbekannt aus Syrien <\/h3>\n\n\n\n<p>\u201eNormalerweise feiern die meisten Familien in Syrien an Weihnachten. Zum Beispiel haben wir zu jeder Weihnacht unser Haus dekoriert. Ungef\u00e4hr einen Monat vor Beginn des neuen Jahres gehen wir jeden Tag nachts zum Markt und zu den alten Stra\u00dfen, um die wundervolle Aussicht zu genie\u00dfen. Wie ich erw\u00e4hnen m\u00f6chte, schm\u00fccken Organisationen jedes Jahr zu Weihnachten einen gro\u00dfen Baum mitten auf dem Stadtmarkt. Es ist der gr\u00f6\u00dfte Weihnachtsbaum im Nahen Osten. <\/p>\n\n\n\n<p>Als wir noch dort waren, haben wir mit der ganzen Verwandtschaft gefeiert. Jede Familie brachte eine Mahlzeit oder S\u00fc\u00dfigkeiten und etwas anderes mit. An diesem Tag blieben wir bis zum Morgen wach, sprachen miteinander, hatten Spa\u00df und lachten zusammen. <\/p>\n\n\n\n<p>Das Sch\u00f6nste war, als wir auch mit drei Familien aus der christlichen Gemeinde gefeiert haben und zusammen Feuerwerk gemacht haben. Danach sind wir mitten auf den Markt spazieren gegangen, der voll mit den sch\u00f6nsten Lichtern war. <\/p>\n\n\n\n<p>Es gibt in Syrien einen gro\u00dfen Berg, der hei\u00dft Quasiyon Berg. Von der Spitze des Gipfels, z\u00fcnden Menschen wunderbare Feuerwerke \u2013 es ist ein sehr wunderbarer Anblick. Au\u00dferdem gibt es viele Wettbewerbe, bei denen sich Menschen Belohnungen verdienen k\u00f6nnen. Es gibt auch eine Lotterie, bei der man gewinnen kann. <\/p>\n\n\n\n<p>Dies sind unsere Kultur und dies ist meine wundervolle Stadt, von der ich hoffe, dass sie so wie sie war zur\u00fcckkehren wird.\u201c <\/p>\n\n\n\n<h2 class=\"wp-block-heading\">Von Lernenden an den Euro-Schulen Gransee <\/h2>\n\n\n\n<h3 class=\"wp-block-heading\">Malvina aus Bulgarien <\/h3>\n\n\n\n<p>\u201eIn meinem Land bringt Weihnachten eine magische Atmosph\u00e4re mit sich. Es bringt viele Familien zusammen, die die Harmonie genie\u00dfen und auf bessere Tage in der Zukunft hoffen. Ein Baum ist genauso typisch wie verschiedene Geschenke zu machen. Am 6. Dezember freuen sich die Kinder auf die Ankunft des Nikolaus.  <\/p>\n\n\n\n<p>Die Zubereitung eines besonderen Abendessens ist in meinem Land Tradition. Menschen kochen und dienen Freunden und Verwandten. In vielen Gesch\u00e4ften gibt es spezielle S\u00fc\u00dfigkeiten f\u00fcr die Weihnachtszeit. Die Leute gehen am 24. in die Kirche.  <\/p>\n\n\n\n<p>Frohe Weihnachten an alle.\u201c <\/p>\n\n\n\n<h3 class=\"wp-block-heading\">David aus Armenien <\/h3>\n\n\n\n<p>\u201eIn Armenien wird Weihnachten seit sehr langer Zeit gefeiert. Armenien f\u00fchrte als erstes Land der Welt im Jahr 301 das Christentum als Staatsreligion ein. In Armenien wird Weihnachten am 6. Januar gefeiert.  <\/p>\n\n\n\n<p>Am Abend des 5. Januar gehen die Menschen in die Kirche zum Gottesdienst. In der Kirche z\u00fcnden sie Kerzen an und tragen sie nach Hause. Diese Kerzen symbolisieren den Stern von Bethlehem, der den Zauberern half, den neugeborenen Jesus zu finden. <\/p>\n\n\n\n<p>Die Armenier setzen sich um 24 Uhr am 5. Januar an den Festtisch und beginnen zu feiern. Auf dem Festtisch muss unbedingt ein Fisch sein.\u201c <\/p>\n\n\n\n<h3 class=\"wp-block-heading\">Vanessa aus S\u00fcdafrika <\/h3>\n\n\n\n<p>\u201eMeine Weihnachtswoche beginnt normalerweise am 16. Dezember in S\u00fcdafrika. Wir bereiten unser Zuhause mit einem Weihnachtsbaum und Dekorationen vor. <\/p>\n\n\n\n<p>Am 24. Dezember haben wir ein Familienessen zusammen. Danach bereiten wir uns darauf vor, eine Mitternachtsmesse zu besuchen.  <\/p>\n\n\n\n<p>Normalerweise bin ich verantwortlich daf\u00fcr, alles f\u00fcr unsere Mitternachtsmesse in unserer Kirche vorzubereiten. Ich war der Hauptsakristan und zust\u00e4ndig f\u00fcr alle Dinge vor allen gro\u00dfen Kirchenfesten.  <\/p>\n\n\n\n<p>Danach gehen wir nach Hause und geben unseren Familienmitgliedern Geschenke. Es gibt Essen und hei\u00dfe Getr\u00e4nke. Den n\u00e4chsten Tag verbringen wir mit der Familie und Freunden.\u201c <\/p>\n\n\n\n<h3 class=\"wp-block-heading\">Fateme aus Afghanistan <\/h3>\n\n\n\n<p>\u201eWir feiern Weihnachten nicht in Afghanistan. Aber jetzt bin ich in Deutschland und feiere dieses Fest jedes Jahr mit meiner Familie. Meine Tochter und ich machen leckeren Kuchen und schm\u00fccken unser Haus.  <\/p>\n\n\n\n<p>Ich liebe diese Feier sehr.\u201c <\/p>\n\n\n\n<h3 class=\"wp-block-heading\">Josphine aus Kenia <\/h3>\n\n\n\n<p>\u201eSo machen wir es in der Weihnachtszeit: Wir holen Luftballons in das Haus. Wir schm\u00fccken das Haus, bevor wir in die Kirche gehen, um zu feiern, dass Jesus geboren wurde.  <\/p>\n\n\n\n<p>Wir machen ein Feuerwerk und kochen.  <\/p>\n\n\n\n<p>Au\u00dferdem haben wir Krippen geschm\u00fcckt, um uns daran zu erinnern, wo Jesus geboren wurde. Und w\u00e4hrend dieser Weihnachtszeit wurden so viele Menschen wiedergeboren.\u201c <\/p>\n\n\n\n<h3 class=\"wp-block-heading\">Yvonne aus Kenia <\/h3>\n\n\n\n<p>\u201eWir machen die Feier am 24. Dezember mit der Familie, Freunden und Nachbarn. Wir essen und trinken. In der Nacht m\u00fcssen wir in die Kirche gehen und wenn es 0 Uhr ist, machen wir ein Feuerwerk. <\/p>\n\n\n\n<p>Am 25. Dezember m\u00fcssen viel Essen kochen und wir essen zusammen zu Mittag. Am Mittag gehen wir raus \u2013 vielleicht ins Kino, an den Strand, in den Park oder auch in den Club. Der 26. hei\u00dft \u2018Boxing day\u2019. Wir machen und gegenseitig Geschenke und warten auf Silvester.\u201c <\/p>\n\n\n\n<h3 class=\"wp-block-heading\">Elsie aus Kenia <\/h3>\n\n\n\n<p>\u201eJedes Jahr am 20.12. fahren wir mit der ganzen Familie ins Dorf. Wir sind bei unserem Cousin eingeladen. Am 23. ist das Weihnachtsfest f\u00fcr Kinder. Wir bringen f\u00fcr sie sogar ein Planschbecken mit.  <\/p>\n\n\n\n<p>Am 25. morgens helfen sich die \u00c4lteren gegenseitig beim Kochen verschiedener Gerichte. Danach essen wir zusammen, h\u00f6ren Musik und am Abend beginnt die Party: Wir trinken Wein und anderen Alkohol und unterhalten uns. Am 31. Dezember gehen wir in die Kirche und gehen erst sp\u00e4t nach Hause.\u201c <\/p>\n\n\n\n<h3 class=\"wp-block-heading\">John aus Nigeria <\/h3>\n\n\n\n<p>\u201eIn Nigeria feiern wir Weihnachten zusammen als eine Familie und essen gemeinsam. Weihnachten in Nigeria ist wie eine gro\u00dfe Party, f\u00fcr die man eine Kuh t\u00f6tet. Die Familie isst davon.\u201c <\/p>\n\n\n\n<h3 class=\"wp-block-heading\">Joanna aus Polen <\/h3>\n\n\n\n<p>\u201eEine Woche vor Weihnachten wir ein Weihnachtsbaum gekauft. Der 24. Dezember ist Heiligabend. Mit der ganzen Familie sitzen wir am Tisch, wenn der erste Stern leuchtet (17- 18 Uhr). Es m\u00fcssen zw\u00f6lf Gerichte auf dem Tisch liegen. Zum Beispiel Pierogi mit Kohl und Pilzen, Karpfen, Hering, viele Fische und kein Fleisch.  <\/p>\n\n\n\n<p>Geschenke werden nach dem Abendessen \u00fcberreicht. Dann werden Weihnachtslieder gesungen. Um Mitternacht gibt es eine Mitternachtsmesse in der Kirche. \u00dcber die n\u00e4chsten zwei Tage besucht man die Familie, sitzt zuhause und entspannt sich.\u201c <\/p>\n\n\n\n<h3 class=\"wp-block-heading\">Anna aus Moldawien <\/h3>\n\n\n\n<p>\u201eWir feiern Weihnachten am 25. Dezember. Aber manche feiern auch am 7. Januar. Am selben Tag erhalten die Kinder Geschenke. Bis heute schm\u00fccken die Menschen ihre H\u00e4user und treffen sich, um zu feiern. Menschen gehen zum Tempel und zu ihrer Kirche und verehren Gott. Wir m\u00f6gen diesen Tag wirklich. Er ist etwas Besonderes f\u00fcr uns.\u201c <\/p>\n\n\n\n<p><em>Beitragsbild: esthermm \/ shutterstock.com<\/em><\/p>\n\n\n<p>[su_spacer]<\/p>\n]]>\t\t","protected":false},"excerpt":{"rendered":"<p>\t\t\t\t<![CDATA[]]>\t\t<\/p>\n","protected":false},"author":37,"featured_media":14082,"comment_status":"closed","ping_status":"closed","sticky":false,"template":"","format":"standard","meta":{"footnotes":""},"categories":[13,118],"tags":[2941,3679,4216],"class_list":{"0":"post-14078","1":"post","2":"type-post","3":"status-publish","4":"format-standard","5":"has-post-thumbnail","7":"category-fremdsprachen-internationales","8":"category-im-fokus","9":"tag-fest","10":"tag-global","11":"tag-international"},"yoast_head":"<!-- This site is optimized with the Yoast SEO plugin v23.5 - https:\/\/yoast.com\/wordpress\/plugins\/seo\/ -->\n<title>Weihnachten international \u2013 Teil II - Das Euro Akademie Magazin<\/title>\n<meta name=\"description\" content=\"Schnuppern Sie in das Weihnachten international hinein: Wann wird gefeiert? Gibt es einen Christbaum? Was geschieht in L\u00e4ndern, die nicht christlich sind?\" \/>\n<meta name=\"robots\" content=\"index, follow, max-snippet:-1, max-image-preview:large, max-video-preview:-1\" \/>\n<link rel=\"canonical\" href=\"https:\/\/www.euroakademie.de\/magazin\/weihnachten-internationa-teilii\/\" \/>\n<meta property=\"og:locale\" content=\"de_DE\" \/>\n<meta property=\"og:type\" content=\"article\" \/>\n<meta property=\"og:title\" content=\"Weihnachten international \u2013 Teil II - Das Euro Akademie Magazin\" \/>\n<meta property=\"og:description\" content=\"Schnuppern Sie in das Weihnachten international hinein: Wann wird gefeiert? Gibt es einen Christbaum? Was geschieht in L\u00e4ndern, die nicht christlich sind?\" \/>\n<meta property=\"og:url\" content=\"https:\/\/www.euroakademie.de\/magazin\/weihnachten-internationa-teilii\/\" \/>\n<meta property=\"og:site_name\" content=\"Das Euro Akademie Magazin\" \/>\n<meta property=\"article:published_time\" content=\"2020-12-22T23:28:09+00:00\" \/>\n<meta property=\"og:image\" content=\"https:\/\/www.euroakademie.de\/magazin\/wp-content\/uploads\/2020\/12\/Weihnachten-international_1845960985-702x336-web.jpg\" \/>\n\t<meta property=\"og:image:width\" content=\"702\" \/>\n\t<meta property=\"og:image:height\" content=\"336\" \/>\n\t<meta property=\"og:image:type\" content=\"image\/jpeg\" \/>\n<meta name=\"author\" content=\"Katharina Boyens\" \/>\n<meta name=\"twitter:card\" content=\"summary_large_image\" \/>\n<meta name=\"twitter:label1\" content=\"Verfasst von\" \/>\n\t<meta name=\"twitter:data1\" content=\"Katharina Boyens\" \/>\n\t<meta name=\"twitter:label2\" content=\"Gesch\u00e4tzte Lesezeit\" \/>\n\t<meta name=\"twitter:data2\" content=\"7\u00a0Minuten\" \/>\n<script type=\"application\/ld+json\" class=\"yoast-schema-graph\">{\"@context\":\"https:\/\/schema.org\",\"@graph\":[{\"@type\":\"Article\",\"@id\":\"https:\/\/www.euroakademie.de\/magazin\/weihnachten-internationa-teilii\/#article\",\"isPartOf\":{\"@id\":\"https:\/\/www.euroakademie.de\/magazin\/weihnachten-internationa-teilii\/\"},\"author\":{\"name\":\"Katharina Boyens\",\"@id\":\"https:\/\/www.euroakademie.de\/magazin\/#\/schema\/person\/bc82ae73082e3ac93c406d0d76cb0cff\"},\"headline\":\"Weihnachten international \u2013 Teil II\",\"datePublished\":\"2020-12-22T23:28:09+00:00\",\"dateModified\":\"2020-12-22T23:28:09+00:00\",\"mainEntityOfPage\":{\"@id\":\"https:\/\/www.euroakademie.de\/magazin\/weihnachten-internationa-teilii\/\"},\"wordCount\":1456,\"publisher\":{\"@id\":\"https:\/\/www.euroakademie.de\/magazin\/#organization\"},\"image\":{\"@id\":\"https:\/\/www.euroakademie.de\/magazin\/weihnachten-internationa-teilii\/#primaryimage\"},\"thumbnailUrl\":\"https:\/\/www.euroakademie.de\/magazin\/wp-content\/uploads\/2020\/12\/Weihnachten-international_1845960985-702x336-web.jpg\",\"keywords\":[\"Fest\",\"global\",\"international\"],\"articleSection\":[\"Fremdsprachen &amp; Internationales\",\"Im Fokus\"],\"inLanguage\":\"de\"},{\"@type\":\"WebPage\",\"@id\":\"https:\/\/www.euroakademie.de\/magazin\/weihnachten-internationa-teilii\/\",\"url\":\"https:\/\/www.euroakademie.de\/magazin\/weihnachten-internationa-teilii\/\",\"name\":\"Weihnachten international \u2013 Teil II - Das Euro Akademie Magazin\",\"isPartOf\":{\"@id\":\"https:\/\/www.euroakademie.de\/magazin\/#website\"},\"primaryImageOfPage\":{\"@id\":\"https:\/\/www.euroakademie.de\/magazin\/weihnachten-internationa-teilii\/#primaryimage\"},\"image\":{\"@id\":\"https:\/\/www.euroakademie.de\/magazin\/weihnachten-internationa-teilii\/#primaryimage\"},\"thumbnailUrl\":\"https:\/\/www.euroakademie.de\/magazin\/wp-content\/uploads\/2020\/12\/Weihnachten-international_1845960985-702x336-web.jpg\",\"datePublished\":\"2020-12-22T23:28:09+00:00\",\"dateModified\":\"2020-12-22T23:28:09+00:00\",\"description\":\"Schnuppern Sie in das Weihnachten international hinein: Wann wird gefeiert? Gibt es einen Christbaum? Was geschieht in L\u00e4ndern, die nicht christlich sind?\",\"breadcrumb\":{\"@id\":\"https:\/\/www.euroakademie.de\/magazin\/weihnachten-internationa-teilii\/#breadcrumb\"},\"inLanguage\":\"de\",\"potentialAction\":[{\"@type\":\"ReadAction\",\"target\":[\"https:\/\/www.euroakademie.de\/magazin\/weihnachten-internationa-teilii\/\"]}]},{\"@type\":\"ImageObject\",\"inLanguage\":\"de\",\"@id\":\"https:\/\/www.euroakademie.de\/magazin\/weihnachten-internationa-teilii\/#primaryimage\",\"url\":\"https:\/\/www.euroakademie.de\/magazin\/wp-content\/uploads\/2020\/12\/Weihnachten-international_1845960985-702x336-web.jpg\",\"contentUrl\":\"https:\/\/www.euroakademie.de\/magazin\/wp-content\/uploads\/2020\/12\/Weihnachten-international_1845960985-702x336-web.jpg\",\"width\":702,\"height\":336,\"caption\":\"\"},{\"@type\":\"BreadcrumbList\",\"@id\":\"https:\/\/www.euroakademie.de\/magazin\/weihnachten-internationa-teilii\/#breadcrumb\",\"itemListElement\":[{\"@type\":\"ListItem\",\"position\":1,\"name\":\"Startseite\",\"item\":\"https:\/\/www.euroakademie.de\/magazin\/\"},{\"@type\":\"ListItem\",\"position\":2,\"name\":\"Weihnachten international \u2013 Teil II\"}]},{\"@type\":\"WebSite\",\"@id\":\"https:\/\/www.euroakademie.de\/magazin\/#website\",\"url\":\"https:\/\/www.euroakademie.de\/magazin\/\",\"name\":\"Das Euro Akademie Magazin\",\"description\":\"Gut informiert durch Ausbildung und Studium\",\"publisher\":{\"@id\":\"https:\/\/www.euroakademie.de\/magazin\/#organization\"},\"potentialAction\":[{\"@type\":\"SearchAction\",\"target\":{\"@type\":\"EntryPoint\",\"urlTemplate\":\"https:\/\/www.euroakademie.de\/magazin\/?s={search_term_string}\"},\"query-input\":{\"@type\":\"PropertyValueSpecification\",\"valueRequired\":true,\"valueName\":\"search_term_string\"}}],\"inLanguage\":\"de\"},{\"@type\":\"Organization\",\"@id\":\"https:\/\/www.euroakademie.de\/magazin\/#organization\",\"name\":\"ESO Education Group\",\"url\":\"https:\/\/www.euroakademie.de\/magazin\/\",\"logo\":{\"@type\":\"ImageObject\",\"inLanguage\":\"de\",\"@id\":\"https:\/\/www.euroakademie.de\/magazin\/#\/schema\/logo\/image\/\",\"url\":\"https:\/\/relaunch.euroakademie.de\/magazin\/wp-content\/uploads\/2024\/11\/Logo_EA_negativ_Rahmen_5cm_300dpi_RGB.jpg\",\"contentUrl\":\"https:\/\/relaunch.euroakademie.de\/magazin\/wp-content\/uploads\/2024\/11\/Logo_EA_negativ_Rahmen_5cm_300dpi_RGB.jpg\",\"width\":591,\"height\":236,\"caption\":\"ESO Education Group\"},\"image\":{\"@id\":\"https:\/\/www.euroakademie.de\/magazin\/#\/schema\/logo\/image\/\"}},{\"@type\":\"Person\",\"@id\":\"https:\/\/www.euroakademie.de\/magazin\/#\/schema\/person\/bc82ae73082e3ac93c406d0d76cb0cff\",\"name\":\"Katharina Boyens\",\"description\":\"Katharina Boyens ist Germanistin und Anglistin mit einem Faible f\u00fcrs Schreiben. Von M\u00e4rz 2016 bis Januar 2021 bereicherte sie das Euro Akademie Magazin mit lesenswerten Beitr\u00e4gen in verschiedenen Rubriken.\",\"url\":\"https:\/\/www.euroakademie.de\/magazin\/author\/pfaffk\/\"}]}<\/script>\n<!-- \/ Yoast SEO plugin. -->","yoast_head_json":{"title":"Weihnachten international \u2013 Teil II - Das Euro Akademie Magazin","description":"Schnuppern Sie in das Weihnachten international hinein: Wann wird gefeiert? Gibt es einen Christbaum? Was geschieht in L\u00e4ndern, die nicht christlich sind?","robots":{"index":"index","follow":"follow","max-snippet":"max-snippet:-1","max-image-preview":"max-image-preview:large","max-video-preview":"max-video-preview:-1"},"canonical":"https:\/\/www.euroakademie.de\/magazin\/weihnachten-internationa-teilii\/","og_locale":"de_DE","og_type":"article","og_title":"Weihnachten international \u2013 Teil II - Das Euro Akademie Magazin","og_description":"Schnuppern Sie in das Weihnachten international hinein: Wann wird gefeiert? Gibt es einen Christbaum? Was geschieht in L\u00e4ndern, die nicht christlich sind?","og_url":"https:\/\/www.euroakademie.de\/magazin\/weihnachten-internationa-teilii\/","og_site_name":"Das Euro Akademie Magazin","article_published_time":"2020-12-22T23:28:09+00:00","og_image":[{"width":702,"height":336,"url":"https:\/\/www.euroakademie.de\/magazin\/wp-content\/uploads\/2020\/12\/Weihnachten-international_1845960985-702x336-web.jpg","type":"image\/jpeg"}],"author":"Katharina Boyens","twitter_card":"summary_large_image","twitter_misc":{"Verfasst von":"Katharina Boyens","Gesch\u00e4tzte Lesezeit":"7\u00a0Minuten"},"schema":{"@context":"https:\/\/schema.org","@graph":[{"@type":"Article","@id":"https:\/\/www.euroakademie.de\/magazin\/weihnachten-internationa-teilii\/#article","isPartOf":{"@id":"https:\/\/www.euroakademie.de\/magazin\/weihnachten-internationa-teilii\/"},"author":{"name":"Katharina Boyens","@id":"https:\/\/www.euroakademie.de\/magazin\/#\/schema\/person\/bc82ae73082e3ac93c406d0d76cb0cff"},"headline":"Weihnachten international \u2013 Teil II","datePublished":"2020-12-22T23:28:09+00:00","dateModified":"2020-12-22T23:28:09+00:00","mainEntityOfPage":{"@id":"https:\/\/www.euroakademie.de\/magazin\/weihnachten-internationa-teilii\/"},"wordCount":1456,"publisher":{"@id":"https:\/\/www.euroakademie.de\/magazin\/#organization"},"image":{"@id":"https:\/\/www.euroakademie.de\/magazin\/weihnachten-internationa-teilii\/#primaryimage"},"thumbnailUrl":"https:\/\/www.euroakademie.de\/magazin\/wp-content\/uploads\/2020\/12\/Weihnachten-international_1845960985-702x336-web.jpg","keywords":["Fest","global","international"],"articleSection":["Fremdsprachen &amp; Internationales","Im Fokus"],"inLanguage":"de"},{"@type":"WebPage","@id":"https:\/\/www.euroakademie.de\/magazin\/weihnachten-internationa-teilii\/","url":"https:\/\/www.euroakademie.de\/magazin\/weihnachten-internationa-teilii\/","name":"Weihnachten international \u2013 Teil II - Das Euro Akademie Magazin","isPartOf":{"@id":"https:\/\/www.euroakademie.de\/magazin\/#website"},"primaryImageOfPage":{"@id":"https:\/\/www.euroakademie.de\/magazin\/weihnachten-internationa-teilii\/#primaryimage"},"image":{"@id":"https:\/\/www.euroakademie.de\/magazin\/weihnachten-internationa-teilii\/#primaryimage"},"thumbnailUrl":"https:\/\/www.euroakademie.de\/magazin\/wp-content\/uploads\/2020\/12\/Weihnachten-international_1845960985-702x336-web.jpg","datePublished":"2020-12-22T23:28:09+00:00","dateModified":"2020-12-22T23:28:09+00:00","description":"Schnuppern Sie in das Weihnachten international hinein: Wann wird gefeiert? Gibt es einen Christbaum? Was geschieht in L\u00e4ndern, die nicht christlich sind?","breadcrumb":{"@id":"https:\/\/www.euroakademie.de\/magazin\/weihnachten-internationa-teilii\/#breadcrumb"},"inLanguage":"de","potentialAction":[{"@type":"ReadAction","target":["https:\/\/www.euroakademie.de\/magazin\/weihnachten-internationa-teilii\/"]}]},{"@type":"ImageObject","inLanguage":"de","@id":"https:\/\/www.euroakademie.de\/magazin\/weihnachten-internationa-teilii\/#primaryimage","url":"https:\/\/www.euroakademie.de\/magazin\/wp-content\/uploads\/2020\/12\/Weihnachten-international_1845960985-702x336-web.jpg","contentUrl":"https:\/\/www.euroakademie.de\/magazin\/wp-content\/uploads\/2020\/12\/Weihnachten-international_1845960985-702x336-web.jpg","width":702,"height":336,"caption":""},{"@type":"BreadcrumbList","@id":"https:\/\/www.euroakademie.de\/magazin\/weihnachten-internationa-teilii\/#breadcrumb","itemListElement":[{"@type":"ListItem","position":1,"name":"Startseite","item":"https:\/\/www.euroakademie.de\/magazin\/"},{"@type":"ListItem","position":2,"name":"Weihnachten international \u2013 Teil II"}]},{"@type":"WebSite","@id":"https:\/\/www.euroakademie.de\/magazin\/#website","url":"https:\/\/www.euroakademie.de\/magazin\/","name":"Das Euro Akademie Magazin","description":"Gut informiert durch Ausbildung und Studium","publisher":{"@id":"https:\/\/www.euroakademie.de\/magazin\/#organization"},"potentialAction":[{"@type":"SearchAction","target":{"@type":"EntryPoint","urlTemplate":"https:\/\/www.euroakademie.de\/magazin\/?s={search_term_string}"},"query-input":{"@type":"PropertyValueSpecification","valueRequired":true,"valueName":"search_term_string"}}],"inLanguage":"de"},{"@type":"Organization","@id":"https:\/\/www.euroakademie.de\/magazin\/#organization","name":"ESO Education Group","url":"https:\/\/www.euroakademie.de\/magazin\/","logo":{"@type":"ImageObject","inLanguage":"de","@id":"https:\/\/www.euroakademie.de\/magazin\/#\/schema\/logo\/image\/","url":"https:\/\/relaunch.euroakademie.de\/magazin\/wp-content\/uploads\/2024\/11\/Logo_EA_negativ_Rahmen_5cm_300dpi_RGB.jpg","contentUrl":"https:\/\/relaunch.euroakademie.de\/magazin\/wp-content\/uploads\/2024\/11\/Logo_EA_negativ_Rahmen_5cm_300dpi_RGB.jpg","width":591,"height":236,"caption":"ESO Education Group"},"image":{"@id":"https:\/\/www.euroakademie.de\/magazin\/#\/schema\/logo\/image\/"}},{"@type":"Person","@id":"https:\/\/www.euroakademie.de\/magazin\/#\/schema\/person\/bc82ae73082e3ac93c406d0d76cb0cff","name":"Katharina Boyens","description":"Katharina Boyens ist Germanistin und Anglistin mit einem Faible f\u00fcrs Schreiben. Von M\u00e4rz 2016 bis Januar 2021 bereicherte sie das Euro Akademie Magazin mit lesenswerten Beitr\u00e4gen in verschiedenen Rubriken.","url":"https:\/\/www.euroakademie.de\/magazin\/author\/pfaffk\/"}]}},"_links":{"self":[{"href":"https:\/\/www.euroakademie.de\/magazin\/wp-json\/wp\/v2\/posts\/14078","targetHints":{"allow":["GET"]}}],"collection":[{"href":"https:\/\/www.euroakademie.de\/magazin\/wp-json\/wp\/v2\/posts"}],"about":[{"href":"https:\/\/www.euroakademie.de\/magazin\/wp-json\/wp\/v2\/types\/post"}],"author":[{"embeddable":true,"href":"https:\/\/www.euroakademie.de\/magazin\/wp-json\/wp\/v2\/users\/37"}],"replies":[{"embeddable":true,"href":"https:\/\/www.euroakademie.de\/magazin\/wp-json\/wp\/v2\/comments?post=14078"}],"version-history":[{"count":0,"href":"https:\/\/www.euroakademie.de\/magazin\/wp-json\/wp\/v2\/posts\/14078\/revisions"}],"wp:featuredmedia":[{"embeddable":true,"href":"https:\/\/www.euroakademie.de\/magazin\/wp-json\/wp\/v2\/media\/14082"}],"wp:attachment":[{"href":"https:\/\/www.euroakademie.de\/magazin\/wp-json\/wp\/v2\/media?parent=14078"}],"wp:term":[{"taxonomy":"category","embeddable":true,"href":"https:\/\/www.euroakademie.de\/magazin\/wp-json\/wp\/v2\/categories?post=14078"},{"taxonomy":"post_tag","embeddable":true,"href":"https:\/\/www.euroakademie.de\/magazin\/wp-json\/wp\/v2\/tags?post=14078"}],"curies":[{"name":"wp","href":"https:\/\/api.w.org\/{rel}","templated":true}]}}