{"id":14171,"date":"2021-01-29T10:23:29","date_gmt":"2021-01-29T09:23:29","guid":{"rendered":"https:\/\/www.euroakademie.de\/magazin\/?p=14171"},"modified":"2024-12-09T09:01:36","modified_gmt":"2024-12-09T08:01:36","slug":"dialogp-schuelerinnen-der-euro-akademie-wiesbaden-mit-landtagsabgeordneten-im-gespraech","status":"publish","type":"post","link":"https:\/\/www.euroakademie.de\/magazin\/dialogp-schuelerinnen-der-euro-akademie-wiesbaden-mit-landtagsabgeordneten-im-gespraech\/","title":{"rendered":"dialogP: Sch\u00fclerinnen der Euro Akademie Wiesbaden mit Landtagsabgeordneten im Gespr\u00e4ch"},"content":{"rendered":"\n\t\t\t\t<![CDATA[\n<p><strong>Was macht denn eigentlich der Landtag und was ist bitte sch\u00f6n eine Gewaltenteilung? Dass der Landtag nicht ein Tag auf dem Land ist und es bei Gewaltenteilung nicht ums Raufen geht, ist jedem klar. Was wirklich hinter den Begriffen steckt, und dass Politik eine ziemlich lebendige Sache sein kann, muss man erstmal erleben. Gesagt, getan. Die Euro Akademie Wiesbaden bewarb sich f\u00fcr das Projekt \u201edialogP\u201c bei dem sich Politikerinnen mit Sch\u00fclerinnen auf Augenh\u00f6he austauschen. Am 18. Januar 2021 war es dann soweit: Landtagsabgeordnete aus verschiedenen Fraktionen stellten sich den Themen und Fragen der Jugendlichen. Zwei Sch\u00fclerinnen aus Wiesbaden berichten \u00fcber das spannende Projekt. <\/strong><em><strong> <\/strong><\/em><\/p>\n\n\n\n<p>Doch bevor es so richtig losgehen konnte mit den kritischen Fragen und dem pers\u00f6nlichen Kennenlernen, durften sich die Sch\u00fcler und Sch\u00fclerinnen unter anderem dar\u00fcber<a href=\"https:\/\/hessischer-landtag.de\/landtag\" target=\"_blank\" rel=\"noreferrer noopener\" label=\" informieren, was im Landtag so alles passiert und welche Aufgaben ein Landtagsabgeordneter hat (\u00f6ffnet in neuem Tab)\"> informieren, was im Landtag so alles passiert und welche Aufgaben ein Landtagsabgeordneter hat<\/a>. Denn nur wer gut informiert ist, kann die richtigen Fragen stellen und ein Gespr\u00e4ch auf Augenh\u00f6he f\u00fchren. Das ist n\u00e4mlich ein klar definiertes Ziel von dialogP: Politik zum Verstehen und Mitmachen.<em>  <\/em><\/p>\n\n\n\n<h2 class=\"wp-block-heading\">Sch\u00fclerinnen berichten \u00fcber das Projekt<\/h2>\n\n\n\n<div class=\"wp-block-image\"><figure class=\"alignleft\"><img fetchpriority=\"high\" decoding=\"async\" width=\"225\" height=\"300\" src=\"https:\/\/relaunch.euroakademie.de\/magazin\/wp-content\/uploads\/2021\/02\/Antonia-Sesterhenn_web-225x300.jpg\" alt=\"\" class=\"wp-image-14192\" srcset=\"https:\/\/www.euroakademie.de\/magazin\/wp-content\/uploads\/2021\/02\/Antonia-Sesterhenn_web-225x300.jpg 225w, https:\/\/www.euroakademie.de\/magazin\/wp-content\/uploads\/2021\/02\/Antonia-Sesterhenn_web-150x200.jpg 150w, https:\/\/www.euroakademie.de\/magazin\/wp-content\/uploads\/2021\/02\/Antonia-Sesterhenn_web.jpg 300w\" sizes=\"(max-width: 225px) 100vw, 225px\" \/><figcaption>Antonia Sesterhenn bereitet sich an den Euro-Schulen auf den mittleren Bildungsabschluss vor<\/figcaption><\/figure><\/div>\n\n\n\n<p>Die Themen, die wir mit den Abgeordneten besprechen wollten, wurden vorher im Politikunterricht festgelegt. Die Sch\u00fcler waren entsprechend der Themen in Gruppen eingeteilt. <\/p>\n\n\n\n<p>F\u00fcr die Veranstaltung besuchten uns auch zwei Mitarbeiterinnen des Hessischen Landtages in der Schule. Mit den Vertreter*innen von f\u00fcnf der sechs im Landtag vertretenen Fraktionen wurden mehrere Themen diskutiert. <\/p>\n\n\n\n<p><\/p>\n\n\n\n<p>So ging es etwa darum, ob eine generelle Maskenpflicht an Schulen gelten oder der \u00d6PNV f\u00fcr alle Sch\u00fcler*innen und Azubis kostenlos sein soll. <\/p>\n\n\n\n<p>Vor Beginn der Diskussionsrunden wurden alle Teilnehmer und Teilnehmerinnen im Hauptraum durch die Moderatorin, Amita Sarup von Kumulus e.V., welche die Veranstaltung organisiert hatte, begr\u00fc\u00dft und es wurde besprochen, in welche virtuellen Themenr\u00e4ume sich die einzelnen Gruppen einloggen mussten. Dann stellten sich uns die Abgeordneten pers\u00f6nlich vor.<\/p>\n\n\n\n\n\n<p>Auch wenn es zu Beginn kleinere technische Schwierigkeiten gab, waren wir dennoch begeistert, was an unserer Schule im Bereich digitales Lernen bereits m\u00f6glich ist. F\u00fcr jedes Diskussionsthema gab es eine Gruppe von Sch\u00fcler*innen. <\/p>\n\n\n\n<p>Diese hatten jetzt die M\u00f6glichkeit, per Video-Chat den Abgeordneten die Themen vorzustellen. Dann konnten sie ihre Anliegen mit den Abgeordneten, welche die Themenr\u00e4ume wechselten, jeweils f\u00fcr 12 Minuten er\u00f6rtern.<br \/><\/p>\n\n\n\n<h2 class=\"wp-block-heading\">Mit Politiker*innen auf Augenh\u00f6he<\/h2>\n\n\n\n<p>Es war f\u00fcr uns eine sehr spannende Erfahrung, die verschiedenen Meinungen und Vorstellungen der einzelnen Abgeordneten zu den Themen zu h\u00f6ren. Wir f\u00fchlten uns ernst genommen und hatten den Eindruck mit den Abgeordneten auf Augenh\u00f6he zu sein.<\/p>\n\n\n\n<p>Nachdem die Abgeordneten in jedem Themenraum mit den Sch\u00fclerinnen und Sch\u00fclern das jeweilige Thema er\u00f6rtert hatten, konnte man am Schluss online dar\u00fcber abstimmen, ob man ein Vorhaben bef\u00fcrwortete oder ablehnte.<\/p>\n\n\n\n<p>[su_custom_gallery source=&#8220;media: 14186,14180&#8243; width=&#8220;280&#8243; height=&#8220;170&#8243;]<\/p>\n\n\n\n<p>Obwohl die Politiker aufgrund der Corona-Pandemie nicht pers\u00f6nlich vor Ort sein konnten, haben wir gemerkt, dass sie mit viel Engagement und Interesse an \u201edialog P digital\u201c teilgenommen haben. <\/p>\n\n\n\n<p>Deshalb m\u00f6chten wir uns alle, die an dem Online-Projekt teilgenommen haben, bei jedem einzelnen Abgeordneten f\u00fcr das Interesse an unseren Themen und die Zeit, die sie sich zur Diskussion genommen haben, nochmals herzlich bedanken.<\/p>\n\n\n\n<h2 class=\"wp-block-heading\">Und wer steckt hinter dem Projekt?<\/h2>\n\n\n\n<div class=\"wp-block-image\"><figure class=\"alignleft\"><img decoding=\"async\" width=\"300\" height=\"200\" src=\"https:\/\/relaunch.euroakademie.de\/magazin\/wp-content\/uploads\/2021\/02\/DialogP_18.01.21_HLT2_web-300x200.jpg\" alt=\"\" class=\"wp-image-14195\" srcset=\"https:\/\/www.euroakademie.de\/magazin\/wp-content\/uploads\/2021\/02\/DialogP_18.01.21_HLT2_web-300x200.jpg 300w, https:\/\/www.euroakademie.de\/magazin\/wp-content\/uploads\/2021\/02\/DialogP_18.01.21_HLT2_web-150x100.jpg 150w, https:\/\/www.euroakademie.de\/magazin\/wp-content\/uploads\/2021\/02\/DialogP_18.01.21_HLT2_web-450x300.jpg 450w, https:\/\/www.euroakademie.de\/magazin\/wp-content\/uploads\/2021\/02\/DialogP_18.01.21_HLT2_web.jpg 500w\" sizes=\"(max-width: 300px) 100vw, 300px\" \/><figcaption>Meinung bilden, Politik mitbestimmen<\/figcaption><\/figure><\/div>\n\n\n\n<p>Ins Leben gerufen hat das Projekt der gemeinn\u00fctzige und \u00fcberparteiliche Berliner Verein \u201eKumulus e. V.\u201c, der urspr\u00fcnglich mal von Sch\u00fcler*innen einer Schulklasse gegr\u00fcndet wurde und auch Juniorwahlen im gro\u00dfen Stil durchf\u00fchrt. \u201e<a rel=\"noreferrer noopener\" aria-label=\"Kumulus e.V. (\u00f6ffnet in neuem Tab)\" href=\"https:\/\/www.dialog-p.de\/wer.html\" target=\"_blank\">Kumulus e.V.<\/a> engagiert sich seit seiner Gr\u00fcndung 1999 f\u00fcr eine verantwortungsbereite Bu\u0308rgergesellschaft, im Bereich der Kultur- und Demokratief\u00f6rderung sowie der politischen Bildung an Schulen\u201c, ist auf der Website zu lesen. Das Motto des Vereins lautet: \u201eNicht meckern, sondern handeln\u201c. <\/p>\n\n\n\n<p>Fotos mit freundlicher Genehmigung des Hessischen Landtags<\/p>\n\n\n\n<p>Portraits Antonia Sesterhenn und Angelina Moussa[su_spacer]<\/p>\n\n\n\n<p><br \/><\/p>\n]]>\t\t","protected":false},"excerpt":{"rendered":"<p>\t\t\t\t<![CDATA[Politik zum Mitmachen, das ist dialogP. Auszubildende der Euro Akademie und Sch\u00fcler*innen der Euro-Schulen mit Landtagsabgeordneten im Gespr\u00e4ch.]]>\t\t<\/p>\n","protected":false},"author":25,"featured_media":14190,"comment_status":"closed","ping_status":"closed","sticky":false,"template":"","format":"standard","meta":{"footnotes":""},"categories":[118,22,43],"tags":[2044,4378,6547,9199],"class_list":{"0":"post-14171","1":"post","2":"type-post","3":"status-publish","4":"format-standard","5":"has-post-thumbnail","7":"category-im-fokus","8":"category-standortnews","9":"category-wiesbaden","10":"tag-dialogp","11":"tag-juniorwahlen","12":"tag-politikunterricht","13":"tag-wiesbaden"},"yoast_head":"<!-- This site is optimized with the Yoast SEO plugin v23.5 - https:\/\/yoast.com\/wordpress\/plugins\/seo\/ -->\n<title>dialogP - Azubis und Sch\u00fcler mit Landtagsabgeordneten im Gespr\u00e4ch<\/title>\n<meta name=\"description\" content=\"Politik zum Mitmachen, das ist dialogP. Auszubildende der Euro Akademie und Sch\u00fcler*innen der Euro-Schulen waren mit Landtagsabgeordneten im Gespr\u00e4ch.\" \/>\n<meta name=\"robots\" content=\"index, follow, max-snippet:-1, max-image-preview:large, max-video-preview:-1\" \/>\n<link rel=\"canonical\" href=\"https:\/\/www.euroakademie.de\/magazin\/dialogp-schuelerinnen-der-euro-akademie-wiesbaden-mit-landtagsabgeordneten-im-gespraech\/\" \/>\n<meta property=\"og:locale\" content=\"de_DE\" \/>\n<meta property=\"og:type\" content=\"article\" \/>\n<meta property=\"og:title\" content=\"dialogP - Azubis und Sch\u00fcler mit Landtagsabgeordneten im Gespr\u00e4ch\" \/>\n<meta property=\"og:description\" content=\"Politik zum Mitmachen, das ist dialogP. Auszubildende der Euro Akademie und Sch\u00fcler*innen der Euro-Schulen waren mit Landtagsabgeordneten im Gespr\u00e4ch.\" \/>\n<meta property=\"og:url\" content=\"https:\/\/www.euroakademie.de\/magazin\/dialogp-schuelerinnen-der-euro-akademie-wiesbaden-mit-landtagsabgeordneten-im-gespraech\/\" \/>\n<meta property=\"og:site_name\" content=\"Das Euro Akademie Magazin\" \/>\n<meta property=\"article:published_time\" content=\"2021-01-29T09:23:29+00:00\" \/>\n<meta property=\"article:modified_time\" content=\"2024-12-09T08:01:36+00:00\" \/>\n<meta property=\"og:image\" content=\"https:\/\/www.euroakademie.de\/magazin\/wp-content\/uploads\/2021\/01\/DialogP_18.1.21_HLT4_702x336.jpg\" \/>\n\t<meta property=\"og:image:width\" content=\"702\" \/>\n\t<meta property=\"og:image:height\" content=\"336\" \/>\n\t<meta property=\"og:image:type\" content=\"image\/jpeg\" \/>\n<meta name=\"author\" content=\"Sch\u00fcler*innen der Euro Akademie\" \/>\n<meta name=\"twitter:card\" content=\"summary_large_image\" \/>\n<meta name=\"twitter:label1\" content=\"Verfasst von\" \/>\n\t<meta name=\"twitter:data1\" content=\"Sch\u00fcler*innen der Euro Akademie\" \/>\n\t<meta name=\"twitter:label2\" content=\"Gesch\u00e4tzte Lesezeit\" \/>\n\t<meta name=\"twitter:data2\" content=\"3\u00a0Minuten\" \/>\n<script type=\"application\/ld+json\" class=\"yoast-schema-graph\">{\"@context\":\"https:\/\/schema.org\",\"@graph\":[{\"@type\":\"Article\",\"@id\":\"https:\/\/www.euroakademie.de\/magazin\/dialogp-schuelerinnen-der-euro-akademie-wiesbaden-mit-landtagsabgeordneten-im-gespraech\/#article\",\"isPartOf\":{\"@id\":\"https:\/\/www.euroakademie.de\/magazin\/dialogp-schuelerinnen-der-euro-akademie-wiesbaden-mit-landtagsabgeordneten-im-gespraech\/\"},\"author\":{\"name\":\"Sch\u00fcler*innen der Euro Akademie\",\"@id\":\"https:\/\/www.euroakademie.de\/magazin\/#\/schema\/person\/88061163260e860aeebdcfa336a1a0d7\"},\"headline\":\"dialogP: Sch\u00fclerinnen der Euro Akademie Wiesbaden mit Landtagsabgeordneten im Gespr\u00e4ch\",\"datePublished\":\"2021-01-29T09:23:29+00:00\",\"dateModified\":\"2024-12-09T08:01:36+00:00\",\"mainEntityOfPage\":{\"@id\":\"https:\/\/www.euroakademie.de\/magazin\/dialogp-schuelerinnen-der-euro-akademie-wiesbaden-mit-landtagsabgeordneten-im-gespraech\/\"},\"wordCount\":681,\"publisher\":{\"@id\":\"https:\/\/www.euroakademie.de\/magazin\/#organization\"},\"image\":{\"@id\":\"https:\/\/www.euroakademie.de\/magazin\/dialogp-schuelerinnen-der-euro-akademie-wiesbaden-mit-landtagsabgeordneten-im-gespraech\/#primaryimage\"},\"thumbnailUrl\":\"https:\/\/www.euroakademie.de\/magazin\/wp-content\/uploads\/2021\/01\/DialogP_18.1.21_HLT4_702x336.jpg\",\"keywords\":[\"dialogP\",\"Juniorwahlen\",\"Politikunterricht\",\"Wiesbaden\"],\"articleSection\":[\"Im Fokus\",\"Standortnews\",\"Wiesbaden\"],\"inLanguage\":\"de\"},{\"@type\":\"WebPage\",\"@id\":\"https:\/\/www.euroakademie.de\/magazin\/dialogp-schuelerinnen-der-euro-akademie-wiesbaden-mit-landtagsabgeordneten-im-gespraech\/\",\"url\":\"https:\/\/www.euroakademie.de\/magazin\/dialogp-schuelerinnen-der-euro-akademie-wiesbaden-mit-landtagsabgeordneten-im-gespraech\/\",\"name\":\"dialogP - Azubis und Sch\u00fcler mit Landtagsabgeordneten im Gespr\u00e4ch\",\"isPartOf\":{\"@id\":\"https:\/\/www.euroakademie.de\/magazin\/#website\"},\"primaryImageOfPage\":{\"@id\":\"https:\/\/www.euroakademie.de\/magazin\/dialogp-schuelerinnen-der-euro-akademie-wiesbaden-mit-landtagsabgeordneten-im-gespraech\/#primaryimage\"},\"image\":{\"@id\":\"https:\/\/www.euroakademie.de\/magazin\/dialogp-schuelerinnen-der-euro-akademie-wiesbaden-mit-landtagsabgeordneten-im-gespraech\/#primaryimage\"},\"thumbnailUrl\":\"https:\/\/www.euroakademie.de\/magazin\/wp-content\/uploads\/2021\/01\/DialogP_18.1.21_HLT4_702x336.jpg\",\"datePublished\":\"2021-01-29T09:23:29+00:00\",\"dateModified\":\"2024-12-09T08:01:36+00:00\",\"description\":\"Politik zum Mitmachen, das ist dialogP. Auszubildende der Euro Akademie und Sch\u00fcler*innen der Euro-Schulen waren mit Landtagsabgeordneten im Gespr\u00e4ch.\",\"breadcrumb\":{\"@id\":\"https:\/\/www.euroakademie.de\/magazin\/dialogp-schuelerinnen-der-euro-akademie-wiesbaden-mit-landtagsabgeordneten-im-gespraech\/#breadcrumb\"},\"inLanguage\":\"de\",\"potentialAction\":[{\"@type\":\"ReadAction\",\"target\":[\"https:\/\/www.euroakademie.de\/magazin\/dialogp-schuelerinnen-der-euro-akademie-wiesbaden-mit-landtagsabgeordneten-im-gespraech\/\"]}]},{\"@type\":\"ImageObject\",\"inLanguage\":\"de\",\"@id\":\"https:\/\/www.euroakademie.de\/magazin\/dialogp-schuelerinnen-der-euro-akademie-wiesbaden-mit-landtagsabgeordneten-im-gespraech\/#primaryimage\",\"url\":\"https:\/\/www.euroakademie.de\/magazin\/wp-content\/uploads\/2021\/01\/DialogP_18.1.21_HLT4_702x336.jpg\",\"contentUrl\":\"https:\/\/www.euroakademie.de\/magazin\/wp-content\/uploads\/2021\/01\/DialogP_18.1.21_HLT4_702x336.jpg\",\"width\":702,\"height\":336,\"caption\":\"\"},{\"@type\":\"BreadcrumbList\",\"@id\":\"https:\/\/www.euroakademie.de\/magazin\/dialogp-schuelerinnen-der-euro-akademie-wiesbaden-mit-landtagsabgeordneten-im-gespraech\/#breadcrumb\",\"itemListElement\":[{\"@type\":\"ListItem\",\"position\":1,\"name\":\"Startseite\",\"item\":\"https:\/\/www.euroakademie.de\/magazin\/\"},{\"@type\":\"ListItem\",\"position\":2,\"name\":\"dialogP: Sch\u00fclerinnen der Euro Akademie Wiesbaden mit Landtagsabgeordneten im Gespr\u00e4ch\"}]},{\"@type\":\"WebSite\",\"@id\":\"https:\/\/www.euroakademie.de\/magazin\/#website\",\"url\":\"https:\/\/www.euroakademie.de\/magazin\/\",\"name\":\"Das Euro Akademie Magazin\",\"description\":\"Gut informiert durch Ausbildung und Studium\",\"publisher\":{\"@id\":\"https:\/\/www.euroakademie.de\/magazin\/#organization\"},\"potentialAction\":[{\"@type\":\"SearchAction\",\"target\":{\"@type\":\"EntryPoint\",\"urlTemplate\":\"https:\/\/www.euroakademie.de\/magazin\/?s={search_term_string}\"},\"query-input\":{\"@type\":\"PropertyValueSpecification\",\"valueRequired\":true,\"valueName\":\"search_term_string\"}}],\"inLanguage\":\"de\"},{\"@type\":\"Organization\",\"@id\":\"https:\/\/www.euroakademie.de\/magazin\/#organization\",\"name\":\"ESO Education Group\",\"url\":\"https:\/\/www.euroakademie.de\/magazin\/\",\"logo\":{\"@type\":\"ImageObject\",\"inLanguage\":\"de\",\"@id\":\"https:\/\/www.euroakademie.de\/magazin\/#\/schema\/logo\/image\/\",\"url\":\"https:\/\/relaunch.euroakademie.de\/magazin\/wp-content\/uploads\/2024\/11\/Logo_EA_negativ_Rahmen_5cm_300dpi_RGB.jpg\",\"contentUrl\":\"https:\/\/relaunch.euroakademie.de\/magazin\/wp-content\/uploads\/2024\/11\/Logo_EA_negativ_Rahmen_5cm_300dpi_RGB.jpg\",\"width\":591,\"height\":236,\"caption\":\"ESO Education Group\"},\"image\":{\"@id\":\"https:\/\/www.euroakademie.de\/magazin\/#\/schema\/logo\/image\/\"}},{\"@type\":\"Person\",\"@id\":\"https:\/\/www.euroakademie.de\/magazin\/#\/schema\/person\/88061163260e860aeebdcfa336a1a0d7\",\"name\":\"Sch\u00fcler*innen der Euro Akademie\",\"description\":\"Unter diesem Autorennamen schildern Sch\u00fcler*innen der Euro Akademien ihre pers\u00f6nlichen Erfahrungen zum Thema Ausbildung, berichten \u00fcber Projekte, Praktika oder Veranstaltungen und geben anderen Lernenden wertvolle Tipps. Sie gehen dabei auf Fragen ein, auf die sie vor und in ihrer Ausbildungszeit selbst gern Antworten gehabt h\u00e4tten.\",\"url\":\"https:\/\/www.euroakademie.de\/magazin\/author\/schueler\/\"}]}<\/script>\n<!-- \/ Yoast SEO plugin. -->","yoast_head_json":{"title":"dialogP - Azubis und Sch\u00fcler mit Landtagsabgeordneten im Gespr\u00e4ch","description":"Politik zum Mitmachen, das ist dialogP. Auszubildende der Euro Akademie und Sch\u00fcler*innen der Euro-Schulen waren mit Landtagsabgeordneten im Gespr\u00e4ch.","robots":{"index":"index","follow":"follow","max-snippet":"max-snippet:-1","max-image-preview":"max-image-preview:large","max-video-preview":"max-video-preview:-1"},"canonical":"https:\/\/www.euroakademie.de\/magazin\/dialogp-schuelerinnen-der-euro-akademie-wiesbaden-mit-landtagsabgeordneten-im-gespraech\/","og_locale":"de_DE","og_type":"article","og_title":"dialogP - Azubis und Sch\u00fcler mit Landtagsabgeordneten im Gespr\u00e4ch","og_description":"Politik zum Mitmachen, das ist dialogP. Auszubildende der Euro Akademie und Sch\u00fcler*innen der Euro-Schulen waren mit Landtagsabgeordneten im Gespr\u00e4ch.","og_url":"https:\/\/www.euroakademie.de\/magazin\/dialogp-schuelerinnen-der-euro-akademie-wiesbaden-mit-landtagsabgeordneten-im-gespraech\/","og_site_name":"Das Euro Akademie Magazin","article_published_time":"2021-01-29T09:23:29+00:00","article_modified_time":"2024-12-09T08:01:36+00:00","og_image":[{"width":702,"height":336,"url":"https:\/\/www.euroakademie.de\/magazin\/wp-content\/uploads\/2021\/01\/DialogP_18.1.21_HLT4_702x336.jpg","type":"image\/jpeg"}],"author":"Sch\u00fcler*innen der Euro Akademie","twitter_card":"summary_large_image","twitter_misc":{"Verfasst von":"Sch\u00fcler*innen der Euro Akademie","Gesch\u00e4tzte Lesezeit":"3\u00a0Minuten"},"schema":{"@context":"https:\/\/schema.org","@graph":[{"@type":"Article","@id":"https:\/\/www.euroakademie.de\/magazin\/dialogp-schuelerinnen-der-euro-akademie-wiesbaden-mit-landtagsabgeordneten-im-gespraech\/#article","isPartOf":{"@id":"https:\/\/www.euroakademie.de\/magazin\/dialogp-schuelerinnen-der-euro-akademie-wiesbaden-mit-landtagsabgeordneten-im-gespraech\/"},"author":{"name":"Sch\u00fcler*innen der Euro Akademie","@id":"https:\/\/www.euroakademie.de\/magazin\/#\/schema\/person\/88061163260e860aeebdcfa336a1a0d7"},"headline":"dialogP: Sch\u00fclerinnen der Euro Akademie Wiesbaden mit Landtagsabgeordneten im Gespr\u00e4ch","datePublished":"2021-01-29T09:23:29+00:00","dateModified":"2024-12-09T08:01:36+00:00","mainEntityOfPage":{"@id":"https:\/\/www.euroakademie.de\/magazin\/dialogp-schuelerinnen-der-euro-akademie-wiesbaden-mit-landtagsabgeordneten-im-gespraech\/"},"wordCount":681,"publisher":{"@id":"https:\/\/www.euroakademie.de\/magazin\/#organization"},"image":{"@id":"https:\/\/www.euroakademie.de\/magazin\/dialogp-schuelerinnen-der-euro-akademie-wiesbaden-mit-landtagsabgeordneten-im-gespraech\/#primaryimage"},"thumbnailUrl":"https:\/\/www.euroakademie.de\/magazin\/wp-content\/uploads\/2021\/01\/DialogP_18.1.21_HLT4_702x336.jpg","keywords":["dialogP","Juniorwahlen","Politikunterricht","Wiesbaden"],"articleSection":["Im Fokus","Standortnews","Wiesbaden"],"inLanguage":"de"},{"@type":"WebPage","@id":"https:\/\/www.euroakademie.de\/magazin\/dialogp-schuelerinnen-der-euro-akademie-wiesbaden-mit-landtagsabgeordneten-im-gespraech\/","url":"https:\/\/www.euroakademie.de\/magazin\/dialogp-schuelerinnen-der-euro-akademie-wiesbaden-mit-landtagsabgeordneten-im-gespraech\/","name":"dialogP - Azubis und Sch\u00fcler mit Landtagsabgeordneten im Gespr\u00e4ch","isPartOf":{"@id":"https:\/\/www.euroakademie.de\/magazin\/#website"},"primaryImageOfPage":{"@id":"https:\/\/www.euroakademie.de\/magazin\/dialogp-schuelerinnen-der-euro-akademie-wiesbaden-mit-landtagsabgeordneten-im-gespraech\/#primaryimage"},"image":{"@id":"https:\/\/www.euroakademie.de\/magazin\/dialogp-schuelerinnen-der-euro-akademie-wiesbaden-mit-landtagsabgeordneten-im-gespraech\/#primaryimage"},"thumbnailUrl":"https:\/\/www.euroakademie.de\/magazin\/wp-content\/uploads\/2021\/01\/DialogP_18.1.21_HLT4_702x336.jpg","datePublished":"2021-01-29T09:23:29+00:00","dateModified":"2024-12-09T08:01:36+00:00","description":"Politik zum Mitmachen, das ist dialogP. Auszubildende der Euro Akademie und Sch\u00fcler*innen der Euro-Schulen waren mit Landtagsabgeordneten im Gespr\u00e4ch.","breadcrumb":{"@id":"https:\/\/www.euroakademie.de\/magazin\/dialogp-schuelerinnen-der-euro-akademie-wiesbaden-mit-landtagsabgeordneten-im-gespraech\/#breadcrumb"},"inLanguage":"de","potentialAction":[{"@type":"ReadAction","target":["https:\/\/www.euroakademie.de\/magazin\/dialogp-schuelerinnen-der-euro-akademie-wiesbaden-mit-landtagsabgeordneten-im-gespraech\/"]}]},{"@type":"ImageObject","inLanguage":"de","@id":"https:\/\/www.euroakademie.de\/magazin\/dialogp-schuelerinnen-der-euro-akademie-wiesbaden-mit-landtagsabgeordneten-im-gespraech\/#primaryimage","url":"https:\/\/www.euroakademie.de\/magazin\/wp-content\/uploads\/2021\/01\/DialogP_18.1.21_HLT4_702x336.jpg","contentUrl":"https:\/\/www.euroakademie.de\/magazin\/wp-content\/uploads\/2021\/01\/DialogP_18.1.21_HLT4_702x336.jpg","width":702,"height":336,"caption":""},{"@type":"BreadcrumbList","@id":"https:\/\/www.euroakademie.de\/magazin\/dialogp-schuelerinnen-der-euro-akademie-wiesbaden-mit-landtagsabgeordneten-im-gespraech\/#breadcrumb","itemListElement":[{"@type":"ListItem","position":1,"name":"Startseite","item":"https:\/\/www.euroakademie.de\/magazin\/"},{"@type":"ListItem","position":2,"name":"dialogP: Sch\u00fclerinnen der Euro Akademie Wiesbaden mit Landtagsabgeordneten im Gespr\u00e4ch"}]},{"@type":"WebSite","@id":"https:\/\/www.euroakademie.de\/magazin\/#website","url":"https:\/\/www.euroakademie.de\/magazin\/","name":"Das Euro Akademie Magazin","description":"Gut informiert durch Ausbildung und Studium","publisher":{"@id":"https:\/\/www.euroakademie.de\/magazin\/#organization"},"potentialAction":[{"@type":"SearchAction","target":{"@type":"EntryPoint","urlTemplate":"https:\/\/www.euroakademie.de\/magazin\/?s={search_term_string}"},"query-input":{"@type":"PropertyValueSpecification","valueRequired":true,"valueName":"search_term_string"}}],"inLanguage":"de"},{"@type":"Organization","@id":"https:\/\/www.euroakademie.de\/magazin\/#organization","name":"ESO Education Group","url":"https:\/\/www.euroakademie.de\/magazin\/","logo":{"@type":"ImageObject","inLanguage":"de","@id":"https:\/\/www.euroakademie.de\/magazin\/#\/schema\/logo\/image\/","url":"https:\/\/relaunch.euroakademie.de\/magazin\/wp-content\/uploads\/2024\/11\/Logo_EA_negativ_Rahmen_5cm_300dpi_RGB.jpg","contentUrl":"https:\/\/relaunch.euroakademie.de\/magazin\/wp-content\/uploads\/2024\/11\/Logo_EA_negativ_Rahmen_5cm_300dpi_RGB.jpg","width":591,"height":236,"caption":"ESO Education Group"},"image":{"@id":"https:\/\/www.euroakademie.de\/magazin\/#\/schema\/logo\/image\/"}},{"@type":"Person","@id":"https:\/\/www.euroakademie.de\/magazin\/#\/schema\/person\/88061163260e860aeebdcfa336a1a0d7","name":"Sch\u00fcler*innen der Euro Akademie","description":"Unter diesem Autorennamen schildern Sch\u00fcler*innen der Euro Akademien ihre pers\u00f6nlichen Erfahrungen zum Thema Ausbildung, berichten \u00fcber Projekte, Praktika oder Veranstaltungen und geben anderen Lernenden wertvolle Tipps. Sie gehen dabei auf Fragen ein, auf die sie vor und in ihrer Ausbildungszeit selbst gern Antworten gehabt h\u00e4tten.","url":"https:\/\/www.euroakademie.de\/magazin\/author\/schueler\/"}]}},"_links":{"self":[{"href":"https:\/\/www.euroakademie.de\/magazin\/wp-json\/wp\/v2\/posts\/14171","targetHints":{"allow":["GET"]}}],"collection":[{"href":"https:\/\/www.euroakademie.de\/magazin\/wp-json\/wp\/v2\/posts"}],"about":[{"href":"https:\/\/www.euroakademie.de\/magazin\/wp-json\/wp\/v2\/types\/post"}],"author":[{"embeddable":true,"href":"https:\/\/www.euroakademie.de\/magazin\/wp-json\/wp\/v2\/users\/25"}],"replies":[{"embeddable":true,"href":"https:\/\/www.euroakademie.de\/magazin\/wp-json\/wp\/v2\/comments?post=14171"}],"version-history":[{"count":3,"href":"https:\/\/www.euroakademie.de\/magazin\/wp-json\/wp\/v2\/posts\/14171\/revisions"}],"predecessor-version":[{"id":26187,"href":"https:\/\/www.euroakademie.de\/magazin\/wp-json\/wp\/v2\/posts\/14171\/revisions\/26187"}],"wp:featuredmedia":[{"embeddable":true,"href":"https:\/\/www.euroakademie.de\/magazin\/wp-json\/wp\/v2\/media\/14190"}],"wp:attachment":[{"href":"https:\/\/www.euroakademie.de\/magazin\/wp-json\/wp\/v2\/media?parent=14171"}],"wp:term":[{"taxonomy":"category","embeddable":true,"href":"https:\/\/www.euroakademie.de\/magazin\/wp-json\/wp\/v2\/categories?post=14171"},{"taxonomy":"post_tag","embeddable":true,"href":"https:\/\/www.euroakademie.de\/magazin\/wp-json\/wp\/v2\/tags?post=14171"}],"curies":[{"name":"wp","href":"https:\/\/api.w.org\/{rel}","templated":true}]}}