{"id":14290,"date":"2021-02-19T10:37:03","date_gmt":"2021-02-19T09:37:03","guid":{"rendered":"https:\/\/www.euroakademie.de\/magazin\/?p=14290"},"modified":"2021-02-19T10:37:03","modified_gmt":"2021-02-19T09:37:03","slug":"was-bewegt-uns-heute-10-fragen-an-thea-15-jahre-schuelerin","status":"publish","type":"post","link":"https:\/\/www.euroakademie.de\/magazin\/was-bewegt-uns-heute-10-fragen-an-thea-15-jahre-schuelerin\/","title":{"rendered":"Was bewegt uns heute? 10 Fragen an Thea, 15 Jahre, Sch\u00fclerin."},"content":{"rendered":"\n\t\t\t\t<![CDATA[\n<p><strong>Wir leben in einer wirklich ungew\u00f6hnlichen Zeit.  Einer Zeit, die unser Leben auf den Kopf stellt, die uns zur\u00fcckwirft auf uns selbst. Die den Blick nach innen fordert, wenn im Au\u00dfen nix geht. Wir haben uns gefragt: Was bewegt junge, betagte, freiheitsliebende, kreative und viele andere Menschen gerade? Was macht sie gl\u00fccklich, wovor haben sie Angst, wof\u00fcr sind sie dankbar? Wir haben 10 Menschen ausgew\u00e4hlt, ihnen dieselben Fragen gestellt \u2013 und ganz unterschiedliche Antworten bekommen. Die n\u00e4chsten Freitage des Euro Akademie Magazins geh\u00f6ren \u201e10 Fragen an \u2026\u201c. <\/strong><\/p>\n\n\n\n<p><strong>Was macht dich gerade gl\u00fccklich? <\/strong><\/p>\n\n\n\n<div class=\"wp-block-image\"><figure class=\"alignright is-resized\"><img fetchpriority=\"high\" decoding=\"async\" src=\"https:\/\/relaunch.euroakademie.de\/magazin\/wp-content\/uploads\/2021\/02\/20210116_1519181_web.jpg\" alt=\"\" class=\"wp-image-14293\" width=\"225\" height=\"300\" srcset=\"https:\/\/www.euroakademie.de\/magazin\/wp-content\/uploads\/2021\/02\/20210116_1519181_web.jpg 300w, https:\/\/www.euroakademie.de\/magazin\/wp-content\/uploads\/2021\/02\/20210116_1519181_web-225x300.jpg 225w, https:\/\/www.euroakademie.de\/magazin\/wp-content\/uploads\/2021\/02\/20210116_1519181_web-150x200.jpg 150w\" sizes=\"(max-width: 225px) 100vw, 225px\" \/><figcaption>Thea tr\u00e4umt von der gro\u00dfen Rolle<\/figcaption><\/figure><\/div>\n\n\n\n<p>Wenn ich eine meiner Freundinnen treffen kann. Und auch nicht jeden Tag zur Schule zu m\u00fcssen finde ich gut. Ich arbeite gerne f\u00fcr mich oder mit Freunden \u00fcber Teams zusammen. Allerdings ist es schon manchmal schwierig, sich selbst immer wieder zu motivieren.  <\/p>\n\n\n\n<p><strong>Wie alt w\u00e4rst du gerne oder welches Lebensalter h\u00e4ttest du gerne f\u00fcr immer und warum? <\/strong><\/p>\n\n\n\n<p>Ich w\u00e4re gerne Anfang 20. Dann h\u00e4tte ich die Schule hinter mir und stehe mitten im Leben. Vielleicht gehe ich dann auf eine Schauspielschule, wohne in einer WG und unternehme ganz viel mit Freunden<\/p>\n\n\n\n<p><strong>Das sagen meine Freunde \u00fcber mich <\/strong><\/p>\n\n\n\n<p>Hm, was sagen meine Freunde \u00fcber mich? (Ein paar Nachrichten sp\u00e4ter wei\u00df Thea Bescheid) \u201eThea ist ein aufgeschlossener, loyaler Mensch mit einem eigenen Kopf. Dabei denkt sie auch oft daran, wie es anderen geht. Sie hat immer einen Rat f\u00fcr alle m\u00f6glichen Lebenslagen parat. Und lustig ist es auch mit ihr. Ein bisschen schusselig ist Thea schon, aber das passt zu ihrer kreativen Art.\u201c <\/p>\n\n\n\n<p><strong>Wof\u00fcr w\u00fcrdest du alles tun? <\/strong><\/p>\n\n\n\n<p>F\u00fcr ein spannendes Rollenangebot in einem Film w\u00fcrde ich fast alles tun. <\/p>\n\n\n\n<p><strong>Hast du ein Vorbild? <\/strong><\/p>\n\n\n\n<p>Barbara Sch\u00f6neberger. Die hat eine unglaublich echte Ausstrahlung. Bei ihr hat man das Gef\u00fchl, die ist auf der B\u00fchne genauso wie privat. <\/p>\n\n\n\n<p><strong>Wovor hast du Angst?  <\/strong><\/p>\n\n\n\n<p>Ich habe Angst davor, dass ich meinen Traum, als Schauspielerin zu arbeiten, nicht verwirklichen kann. Au\u00dferdem habe ich auch H\u00f6henangst und Spinnen mag ich gar nicht. <\/p>\n\n\n\n<p><strong>Woran denkst Du morgens zuerst? <\/strong><\/p>\n\n\n\n<p>An ein leckeres Fr\u00fchst\u00fcck \u2013 und dann wieder ans n\u00e4chste Essen. <\/p>\n\n\n\n<p><strong>Wof\u00fcr bist du dankbar? <\/strong><\/p>\n\n\n\n<p>Erstmal bin ich dankbar daf\u00fcr, dass ich leben darf. Und dass ich Freunde habe und alle gerade gesund sind.<\/p>\n\n\n\n<p><strong>Was hilft dir in Situationen, die schwierig sind?<\/strong><\/p>\n\n\n\n<p>Das ist unterschiedlich, ich habe kein festes Ritual oder einen bestimmten Gl\u00fccksbringer. Manchmal helfen mir meine Freunde weiter in schwierigen Situationen oder ich h\u00f6re Musik \u2013 die bringt mich auf andere Gedanken.<\/p>\n\n\n\n<p><strong>Zusatzfrage: Welche Frage haben wir vergessen? <\/strong><\/p>\n\n\n\n<p>Ich w\u00fcrde Menschen nach ihrem Lebensmotto fragen, weil jeder eine andere Sicht auf das Leben hat und das ziemlich viel \u00fcber den Menschen aussagt. <\/p>\n\n\n\n<p><em>Bildquelle Beitragsbild: \u00a9 pathdoc \/shutterstock.com<\/em>[su_spacer]<\/p>\n]]>\t\t","protected":false},"excerpt":{"rendered":"<p>\t\t\t\t<![CDATA[Wir leben in einer ungew\u00f6hnlichen Zeit, die den Blick nach innen fordert, wenn im Au\u00dfen nix geht. Wir haben uns gefragt: Was bewegt junge, betagte, freiheitsliebende, kreative und viele andere Menschen gerade? ]]>\t\t<\/p>\n","protected":false},"author":7,"featured_media":14291,"comment_status":"closed","ping_status":"closed","sticky":false,"template":"","format":"standard","meta":{"footnotes":""},"categories":[118],"tags":[499,3109,3556,9472],"class_list":{"0":"post-14290","1":"post","2":"type-post","3":"status-publish","4":"format-standard","5":"has-post-thumbnail","7":"category-im-fokus","8":"tag-angst","9":"tag-fragen","10":"tag-gespraech","11":"tag-zufriedenheit"},"yoast_head":"<!-- This site is optimized with the Yoast SEO plugin v23.5 - https:\/\/yoast.com\/wordpress\/plugins\/seo\/ -->\n<title>Was bewegt und heute? 10 Fragen an .. \/ Euro Akademie Magazin<\/title>\n<meta name=\"description\" content=\"Wir haben uns gefragt: Was bewegt junge, betagte, freiheitsliebende, kreative und andere Menschen gerade? Was macht sie gl\u00fccklich, wovor haben sie Angst?\" \/>\n<meta name=\"robots\" content=\"index, follow, max-snippet:-1, max-image-preview:large, max-video-preview:-1\" \/>\n<link rel=\"canonical\" href=\"https:\/\/www.euroakademie.de\/magazin\/was-bewegt-uns-heute-10-fragen-an-thea-15-jahre-schuelerin\/\" \/>\n<meta property=\"og:locale\" content=\"de_DE\" \/>\n<meta property=\"og:type\" content=\"article\" \/>\n<meta property=\"og:title\" content=\"Was bewegt und heute? 10 Fragen an .. \/ Euro Akademie Magazin\" \/>\n<meta property=\"og:description\" content=\"Wir haben uns gefragt: Was bewegt junge, betagte, freiheitsliebende, kreative und andere Menschen gerade? Was macht sie gl\u00fccklich, wovor haben sie Angst?\" \/>\n<meta property=\"og:url\" content=\"https:\/\/www.euroakademie.de\/magazin\/was-bewegt-uns-heute-10-fragen-an-thea-15-jahre-schuelerin\/\" \/>\n<meta property=\"og:site_name\" content=\"Das Euro Akademie Magazin\" \/>\n<meta property=\"article:published_time\" content=\"2021-02-19T09:37:03+00:00\" \/>\n<meta property=\"og:image\" content=\"https:\/\/www.euroakademie.de\/magazin\/wp-content\/uploads\/2021\/02\/shutterstock_637520197_702x336.jpg\" \/>\n\t<meta property=\"og:image:width\" content=\"700\" \/>\n\t<meta property=\"og:image:height\" content=\"335\" \/>\n\t<meta property=\"og:image:type\" content=\"image\/jpeg\" \/>\n<meta name=\"author\" content=\"Redaktion\" \/>\n<meta name=\"twitter:card\" content=\"summary_large_image\" \/>\n<meta name=\"twitter:label1\" content=\"Verfasst von\" \/>\n\t<meta name=\"twitter:data1\" content=\"Redaktion\" \/>\n\t<meta name=\"twitter:label2\" content=\"Gesch\u00e4tzte Lesezeit\" \/>\n\t<meta name=\"twitter:data2\" content=\"2\u00a0Minuten\" \/>\n<script type=\"application\/ld+json\" class=\"yoast-schema-graph\">{\"@context\":\"https:\/\/schema.org\",\"@graph\":[{\"@type\":\"Article\",\"@id\":\"https:\/\/www.euroakademie.de\/magazin\/was-bewegt-uns-heute-10-fragen-an-thea-15-jahre-schuelerin\/#article\",\"isPartOf\":{\"@id\":\"https:\/\/www.euroakademie.de\/magazin\/was-bewegt-uns-heute-10-fragen-an-thea-15-jahre-schuelerin\/\"},\"author\":{\"name\":\"Redaktion\",\"@id\":\"https:\/\/www.euroakademie.de\/magazin\/#\/schema\/person\/6c9b7b6db765ee31640d80c936be3686\"},\"headline\":\"Was bewegt uns heute? 10 Fragen an Thea, 15 Jahre, Sch\u00fclerin.\",\"datePublished\":\"2021-02-19T09:37:03+00:00\",\"dateModified\":\"2021-02-19T09:37:03+00:00\",\"mainEntityOfPage\":{\"@id\":\"https:\/\/www.euroakademie.de\/magazin\/was-bewegt-uns-heute-10-fragen-an-thea-15-jahre-schuelerin\/\"},\"wordCount\":489,\"publisher\":{\"@id\":\"https:\/\/www.euroakademie.de\/magazin\/#organization\"},\"image\":{\"@id\":\"https:\/\/www.euroakademie.de\/magazin\/was-bewegt-uns-heute-10-fragen-an-thea-15-jahre-schuelerin\/#primaryimage\"},\"thumbnailUrl\":\"https:\/\/www.euroakademie.de\/magazin\/wp-content\/uploads\/2021\/02\/shutterstock_637520197_702x336.jpg\",\"keywords\":[\"Angst\",\"Fragen\",\"Gespr\u00e4ch\",\"Zufriedenheit\"],\"articleSection\":[\"Im Fokus\"],\"inLanguage\":\"de\"},{\"@type\":\"WebPage\",\"@id\":\"https:\/\/www.euroakademie.de\/magazin\/was-bewegt-uns-heute-10-fragen-an-thea-15-jahre-schuelerin\/\",\"url\":\"https:\/\/www.euroakademie.de\/magazin\/was-bewegt-uns-heute-10-fragen-an-thea-15-jahre-schuelerin\/\",\"name\":\"Was bewegt und heute? 10 Fragen an .. \/ Euro Akademie Magazin\",\"isPartOf\":{\"@id\":\"https:\/\/www.euroakademie.de\/magazin\/#website\"},\"primaryImageOfPage\":{\"@id\":\"https:\/\/www.euroakademie.de\/magazin\/was-bewegt-uns-heute-10-fragen-an-thea-15-jahre-schuelerin\/#primaryimage\"},\"image\":{\"@id\":\"https:\/\/www.euroakademie.de\/magazin\/was-bewegt-uns-heute-10-fragen-an-thea-15-jahre-schuelerin\/#primaryimage\"},\"thumbnailUrl\":\"https:\/\/www.euroakademie.de\/magazin\/wp-content\/uploads\/2021\/02\/shutterstock_637520197_702x336.jpg\",\"datePublished\":\"2021-02-19T09:37:03+00:00\",\"dateModified\":\"2021-02-19T09:37:03+00:00\",\"description\":\"Wir haben uns gefragt: Was bewegt junge, betagte, freiheitsliebende, kreative und andere Menschen gerade? Was macht sie gl\u00fccklich, wovor haben sie Angst?\",\"breadcrumb\":{\"@id\":\"https:\/\/www.euroakademie.de\/magazin\/was-bewegt-uns-heute-10-fragen-an-thea-15-jahre-schuelerin\/#breadcrumb\"},\"inLanguage\":\"de\",\"potentialAction\":[{\"@type\":\"ReadAction\",\"target\":[\"https:\/\/www.euroakademie.de\/magazin\/was-bewegt-uns-heute-10-fragen-an-thea-15-jahre-schuelerin\/\"]}]},{\"@type\":\"ImageObject\",\"inLanguage\":\"de\",\"@id\":\"https:\/\/www.euroakademie.de\/magazin\/was-bewegt-uns-heute-10-fragen-an-thea-15-jahre-schuelerin\/#primaryimage\",\"url\":\"https:\/\/www.euroakademie.de\/magazin\/wp-content\/uploads\/2021\/02\/shutterstock_637520197_702x336.jpg\",\"contentUrl\":\"https:\/\/www.euroakademie.de\/magazin\/wp-content\/uploads\/2021\/02\/shutterstock_637520197_702x336.jpg\",\"width\":700,\"height\":335,\"caption\":\"\"},{\"@type\":\"BreadcrumbList\",\"@id\":\"https:\/\/www.euroakademie.de\/magazin\/was-bewegt-uns-heute-10-fragen-an-thea-15-jahre-schuelerin\/#breadcrumb\",\"itemListElement\":[{\"@type\":\"ListItem\",\"position\":1,\"name\":\"Startseite\",\"item\":\"https:\/\/www.euroakademie.de\/magazin\/\"},{\"@type\":\"ListItem\",\"position\":2,\"name\":\"Was bewegt uns heute? 10 Fragen an Thea, 15 Jahre, Sch\u00fclerin.\"}]},{\"@type\":\"WebSite\",\"@id\":\"https:\/\/www.euroakademie.de\/magazin\/#website\",\"url\":\"https:\/\/www.euroakademie.de\/magazin\/\",\"name\":\"Das Euro Akademie Magazin\",\"description\":\"Gut informiert durch Ausbildung und Studium\",\"publisher\":{\"@id\":\"https:\/\/www.euroakademie.de\/magazin\/#organization\"},\"potentialAction\":[{\"@type\":\"SearchAction\",\"target\":{\"@type\":\"EntryPoint\",\"urlTemplate\":\"https:\/\/www.euroakademie.de\/magazin\/?s={search_term_string}\"},\"query-input\":{\"@type\":\"PropertyValueSpecification\",\"valueRequired\":true,\"valueName\":\"search_term_string\"}}],\"inLanguage\":\"de\"},{\"@type\":\"Organization\",\"@id\":\"https:\/\/www.euroakademie.de\/magazin\/#organization\",\"name\":\"ESO Education Group\",\"url\":\"https:\/\/www.euroakademie.de\/magazin\/\",\"logo\":{\"@type\":\"ImageObject\",\"inLanguage\":\"de\",\"@id\":\"https:\/\/www.euroakademie.de\/magazin\/#\/schema\/logo\/image\/\",\"url\":\"https:\/\/relaunch.euroakademie.de\/magazin\/wp-content\/uploads\/2024\/11\/Logo_EA_negativ_Rahmen_5cm_300dpi_RGB.jpg\",\"contentUrl\":\"https:\/\/relaunch.euroakademie.de\/magazin\/wp-content\/uploads\/2024\/11\/Logo_EA_negativ_Rahmen_5cm_300dpi_RGB.jpg\",\"width\":591,\"height\":236,\"caption\":\"ESO Education Group\"},\"image\":{\"@id\":\"https:\/\/www.euroakademie.de\/magazin\/#\/schema\/logo\/image\/\"}},{\"@type\":\"Person\",\"@id\":\"https:\/\/www.euroakademie.de\/magazin\/#\/schema\/person\/6c9b7b6db765ee31640d80c936be3686\",\"name\":\"Redaktion\",\"description\":\"Die Redaktion des Euro Akademie Magazins h\u00e4lt Sie regelm\u00e4\u00dfig mit hintergr\u00fcndigen Artikeln auf dem Laufenden. Auf Basis einer fundierten Recherche und mit Spa\u00df am Schreiben erstellen die Redakteur*innen informative und unterhaltsame Inhalte f\u00fcr Sie.\",\"url\":\"https:\/\/www.euroakademie.de\/magazin\/author\/redaktion\/\"}]}<\/script>\n<!-- \/ Yoast SEO plugin. -->","yoast_head_json":{"title":"Was bewegt und heute? 10 Fragen an .. \/ Euro Akademie Magazin","description":"Wir haben uns gefragt: Was bewegt junge, betagte, freiheitsliebende, kreative und andere Menschen gerade? Was macht sie gl\u00fccklich, wovor haben sie Angst?","robots":{"index":"index","follow":"follow","max-snippet":"max-snippet:-1","max-image-preview":"max-image-preview:large","max-video-preview":"max-video-preview:-1"},"canonical":"https:\/\/www.euroakademie.de\/magazin\/was-bewegt-uns-heute-10-fragen-an-thea-15-jahre-schuelerin\/","og_locale":"de_DE","og_type":"article","og_title":"Was bewegt und heute? 10 Fragen an .. \/ Euro Akademie Magazin","og_description":"Wir haben uns gefragt: Was bewegt junge, betagte, freiheitsliebende, kreative und andere Menschen gerade? Was macht sie gl\u00fccklich, wovor haben sie Angst?","og_url":"https:\/\/www.euroakademie.de\/magazin\/was-bewegt-uns-heute-10-fragen-an-thea-15-jahre-schuelerin\/","og_site_name":"Das Euro Akademie Magazin","article_published_time":"2021-02-19T09:37:03+00:00","og_image":[{"width":700,"height":335,"url":"https:\/\/www.euroakademie.de\/magazin\/wp-content\/uploads\/2021\/02\/shutterstock_637520197_702x336.jpg","type":"image\/jpeg"}],"author":"Redaktion","twitter_card":"summary_large_image","twitter_misc":{"Verfasst von":"Redaktion","Gesch\u00e4tzte Lesezeit":"2\u00a0Minuten"},"schema":{"@context":"https:\/\/schema.org","@graph":[{"@type":"Article","@id":"https:\/\/www.euroakademie.de\/magazin\/was-bewegt-uns-heute-10-fragen-an-thea-15-jahre-schuelerin\/#article","isPartOf":{"@id":"https:\/\/www.euroakademie.de\/magazin\/was-bewegt-uns-heute-10-fragen-an-thea-15-jahre-schuelerin\/"},"author":{"name":"Redaktion","@id":"https:\/\/www.euroakademie.de\/magazin\/#\/schema\/person\/6c9b7b6db765ee31640d80c936be3686"},"headline":"Was bewegt uns heute? 10 Fragen an Thea, 15 Jahre, Sch\u00fclerin.","datePublished":"2021-02-19T09:37:03+00:00","dateModified":"2021-02-19T09:37:03+00:00","mainEntityOfPage":{"@id":"https:\/\/www.euroakademie.de\/magazin\/was-bewegt-uns-heute-10-fragen-an-thea-15-jahre-schuelerin\/"},"wordCount":489,"publisher":{"@id":"https:\/\/www.euroakademie.de\/magazin\/#organization"},"image":{"@id":"https:\/\/www.euroakademie.de\/magazin\/was-bewegt-uns-heute-10-fragen-an-thea-15-jahre-schuelerin\/#primaryimage"},"thumbnailUrl":"https:\/\/www.euroakademie.de\/magazin\/wp-content\/uploads\/2021\/02\/shutterstock_637520197_702x336.jpg","keywords":["Angst","Fragen","Gespr\u00e4ch","Zufriedenheit"],"articleSection":["Im Fokus"],"inLanguage":"de"},{"@type":"WebPage","@id":"https:\/\/www.euroakademie.de\/magazin\/was-bewegt-uns-heute-10-fragen-an-thea-15-jahre-schuelerin\/","url":"https:\/\/www.euroakademie.de\/magazin\/was-bewegt-uns-heute-10-fragen-an-thea-15-jahre-schuelerin\/","name":"Was bewegt und heute? 10 Fragen an .. \/ Euro Akademie Magazin","isPartOf":{"@id":"https:\/\/www.euroakademie.de\/magazin\/#website"},"primaryImageOfPage":{"@id":"https:\/\/www.euroakademie.de\/magazin\/was-bewegt-uns-heute-10-fragen-an-thea-15-jahre-schuelerin\/#primaryimage"},"image":{"@id":"https:\/\/www.euroakademie.de\/magazin\/was-bewegt-uns-heute-10-fragen-an-thea-15-jahre-schuelerin\/#primaryimage"},"thumbnailUrl":"https:\/\/www.euroakademie.de\/magazin\/wp-content\/uploads\/2021\/02\/shutterstock_637520197_702x336.jpg","datePublished":"2021-02-19T09:37:03+00:00","dateModified":"2021-02-19T09:37:03+00:00","description":"Wir haben uns gefragt: Was bewegt junge, betagte, freiheitsliebende, kreative und andere Menschen gerade? Was macht sie gl\u00fccklich, wovor haben sie Angst?","breadcrumb":{"@id":"https:\/\/www.euroakademie.de\/magazin\/was-bewegt-uns-heute-10-fragen-an-thea-15-jahre-schuelerin\/#breadcrumb"},"inLanguage":"de","potentialAction":[{"@type":"ReadAction","target":["https:\/\/www.euroakademie.de\/magazin\/was-bewegt-uns-heute-10-fragen-an-thea-15-jahre-schuelerin\/"]}]},{"@type":"ImageObject","inLanguage":"de","@id":"https:\/\/www.euroakademie.de\/magazin\/was-bewegt-uns-heute-10-fragen-an-thea-15-jahre-schuelerin\/#primaryimage","url":"https:\/\/www.euroakademie.de\/magazin\/wp-content\/uploads\/2021\/02\/shutterstock_637520197_702x336.jpg","contentUrl":"https:\/\/www.euroakademie.de\/magazin\/wp-content\/uploads\/2021\/02\/shutterstock_637520197_702x336.jpg","width":700,"height":335,"caption":""},{"@type":"BreadcrumbList","@id":"https:\/\/www.euroakademie.de\/magazin\/was-bewegt-uns-heute-10-fragen-an-thea-15-jahre-schuelerin\/#breadcrumb","itemListElement":[{"@type":"ListItem","position":1,"name":"Startseite","item":"https:\/\/www.euroakademie.de\/magazin\/"},{"@type":"ListItem","position":2,"name":"Was bewegt uns heute? 10 Fragen an Thea, 15 Jahre, Sch\u00fclerin."}]},{"@type":"WebSite","@id":"https:\/\/www.euroakademie.de\/magazin\/#website","url":"https:\/\/www.euroakademie.de\/magazin\/","name":"Das Euro Akademie Magazin","description":"Gut informiert durch Ausbildung und Studium","publisher":{"@id":"https:\/\/www.euroakademie.de\/magazin\/#organization"},"potentialAction":[{"@type":"SearchAction","target":{"@type":"EntryPoint","urlTemplate":"https:\/\/www.euroakademie.de\/magazin\/?s={search_term_string}"},"query-input":{"@type":"PropertyValueSpecification","valueRequired":true,"valueName":"search_term_string"}}],"inLanguage":"de"},{"@type":"Organization","@id":"https:\/\/www.euroakademie.de\/magazin\/#organization","name":"ESO Education Group","url":"https:\/\/www.euroakademie.de\/magazin\/","logo":{"@type":"ImageObject","inLanguage":"de","@id":"https:\/\/www.euroakademie.de\/magazin\/#\/schema\/logo\/image\/","url":"https:\/\/relaunch.euroakademie.de\/magazin\/wp-content\/uploads\/2024\/11\/Logo_EA_negativ_Rahmen_5cm_300dpi_RGB.jpg","contentUrl":"https:\/\/relaunch.euroakademie.de\/magazin\/wp-content\/uploads\/2024\/11\/Logo_EA_negativ_Rahmen_5cm_300dpi_RGB.jpg","width":591,"height":236,"caption":"ESO Education Group"},"image":{"@id":"https:\/\/www.euroakademie.de\/magazin\/#\/schema\/logo\/image\/"}},{"@type":"Person","@id":"https:\/\/www.euroakademie.de\/magazin\/#\/schema\/person\/6c9b7b6db765ee31640d80c936be3686","name":"Redaktion","description":"Die Redaktion des Euro Akademie Magazins h\u00e4lt Sie regelm\u00e4\u00dfig mit hintergr\u00fcndigen Artikeln auf dem Laufenden. Auf Basis einer fundierten Recherche und mit Spa\u00df am Schreiben erstellen die Redakteur*innen informative und unterhaltsame Inhalte f\u00fcr Sie.","url":"https:\/\/www.euroakademie.de\/magazin\/author\/redaktion\/"}]}},"_links":{"self":[{"href":"https:\/\/www.euroakademie.de\/magazin\/wp-json\/wp\/v2\/posts\/14290","targetHints":{"allow":["GET"]}}],"collection":[{"href":"https:\/\/www.euroakademie.de\/magazin\/wp-json\/wp\/v2\/posts"}],"about":[{"href":"https:\/\/www.euroakademie.de\/magazin\/wp-json\/wp\/v2\/types\/post"}],"author":[{"embeddable":true,"href":"https:\/\/www.euroakademie.de\/magazin\/wp-json\/wp\/v2\/users\/7"}],"replies":[{"embeddable":true,"href":"https:\/\/www.euroakademie.de\/magazin\/wp-json\/wp\/v2\/comments?post=14290"}],"version-history":[{"count":0,"href":"https:\/\/www.euroakademie.de\/magazin\/wp-json\/wp\/v2\/posts\/14290\/revisions"}],"wp:featuredmedia":[{"embeddable":true,"href":"https:\/\/www.euroakademie.de\/magazin\/wp-json\/wp\/v2\/media\/14291"}],"wp:attachment":[{"href":"https:\/\/www.euroakademie.de\/magazin\/wp-json\/wp\/v2\/media?parent=14290"}],"wp:term":[{"taxonomy":"category","embeddable":true,"href":"https:\/\/www.euroakademie.de\/magazin\/wp-json\/wp\/v2\/categories?post=14290"},{"taxonomy":"post_tag","embeddable":true,"href":"https:\/\/www.euroakademie.de\/magazin\/wp-json\/wp\/v2\/tags?post=14290"}],"curies":[{"name":"wp","href":"https:\/\/api.w.org\/{rel}","templated":true}]}}