{"id":14373,"date":"2021-03-05T08:00:47","date_gmt":"2021-03-05T07:00:47","guid":{"rendered":"https:\/\/www.euroakademie.de\/magazin\/?p=14373"},"modified":"2025-04-28T14:53:17","modified_gmt":"2025-04-28T12:53:17","slug":"was-bewegt-uns-heute-10-fragen-an-lukas-34-jahre-musiker","status":"publish","type":"post","link":"https:\/\/www.euroakademie.de\/magazin\/was-bewegt-uns-heute-10-fragen-an-lukas-34-jahre-musiker\/","title":{"rendered":"Was bewegt uns heute? 10 Fragen an Lukas, 34 Jahre, Musiker"},"content":{"rendered":"<p><![CDATA[\n<\/p>\n\n\n<p><strong>Wir leben in einer wirklich ungew\u00f6hnlichen Zeit.  Einer Zeit, die unser Leben auf den Kopf stellt, die uns zur\u00fcckwirft auf uns selbst. Die den Blick nach innen fordert, wenn im Au\u00dfen nix geht. Wir haben uns gefragt: Was bewegt junge, betagte, freiheitsliebende, kreative und viele andere Menschen gerade? Was macht sie gl\u00fccklich, wovor haben sie Angst, wof\u00fcr sind sie dankbar? Wir haben 10 Menschen ausgew\u00e4hlt, ihnen dieselben Fragen gestellt \u2013 und ganz unterschiedliche Antworten bekommen. Die n\u00e4chsten Freitage des Euro Akademie Magazins geh\u00f6ren \u201e10 Fragen an \u2026\u201c. <\/strong><\/p>\n\n\n\n<p><\/p>\n\n\n\n<p>Als <a rel=\"noreferrer noopener\" aria-label=\"Lukas Meister (\u00f6ffnet in neuem Tab)\" href=\"https:\/\/lukasmeister.tumblr.com\/\" target=\"_blank\">Lukas Meister<\/a> bringt unser heutiger Gespr\u00e4chspartner mit gro\u00dfartigen Gitarrenakkorden und tiefsinnigen Texten Menschen zum Schmunzeln, Grinsen und Lauthals-Loslachen \u2013 immer mit Witz und nie ohne ein Augenzwinkern.<\/p>\n\n\n\n<p><strong>Was macht dich gerade gl\u00fccklich? <\/strong><\/p>\n\n\n<div class=\"wp-block-image\">\n<figure class=\"alignright is-resized\"><img fetchpriority=\"high\" decoding=\"async\" width=\"768\" height=\"1024\" src=\"https:\/\/relaunch.euroakademie.de\/magazin\/wp-content\/uploads\/2021\/03\/LukasMeister_credit_SPekartschik-Timmy-Hargesheimer-Photography_960x1280-web-768x1024.jpeg\" alt=\"\" class=\"wp-image-14381\" style=\"width:236px;height:313px\" srcset=\"https:\/\/www.euroakademie.de\/magazin\/wp-content\/uploads\/2021\/03\/LukasMeister_credit_SPekartschik-Timmy-Hargesheimer-Photography_960x1280-web-768x1024.jpeg 768w, https:\/\/www.euroakademie.de\/magazin\/wp-content\/uploads\/2021\/03\/LukasMeister_credit_SPekartschik-Timmy-Hargesheimer-Photography_960x1280-web-225x300.jpeg 225w, https:\/\/www.euroakademie.de\/magazin\/wp-content\/uploads\/2021\/03\/LukasMeister_credit_SPekartschik-Timmy-Hargesheimer-Photography_960x1280-web-150x200.jpeg 150w, https:\/\/www.euroakademie.de\/magazin\/wp-content\/uploads\/2021\/03\/LukasMeister_credit_SPekartschik-Timmy-Hargesheimer-Photography_960x1280-web-450x600.jpeg 450w, https:\/\/www.euroakademie.de\/magazin\/wp-content\/uploads\/2021\/03\/LukasMeister_credit_SPekartschik-Timmy-Hargesheimer-Photography_960x1280-web.jpeg 960w\" sizes=\"(max-width: 768px) 100vw, 768px\" \/><figcaption class=\"wp-element-caption\">Vor Corona ging es mit Lukas Meisters Karriere steil bergauf. Jetzt l\u00e4uft es: exzellent.<em> (Foto von S\u00f6ren Pekartschik: Timmy Hargesheimer Photography)<\/em><\/figcaption><\/figure>\n<\/div>\n\n\n<p>Ich bin K\u00fcnstler, da sollte man nie zu viel Gl\u00fcck empfinden. Gerade l\u00e4uft es in dieser Hinsicht exzellent. <\/p>\n\n\n\n<p><strong>Wie alt w\u00e4rst du gerne oder welches Lebensalter h\u00e4ttest du gerne f\u00fcr immer und warum? <\/strong><\/p>\n\n\n\n<p>So Ende 20 finde ich super. So gerade, wenn man aufgeh\u00f6rt hat, sich nach Vollj\u00e4hrigkeit und Erfahrung zu sehnen, aber noch ehe man bei jedem neuen Geburtstag die Augen verdreht.<\/p>\n\n\n\n<p><strong>Was sagen Deine Freunde \u00fcber Dich?<\/strong><\/p>\n\n\n\n<p>Der vorvorletzte Wortwitz war einer zu viel.<\/p>\n\n\n\n<p><strong>Wof\u00fcr w\u00fcrdest du alles tun?<\/strong> <\/p>\n\n\n\n<p>Ein Konzert mit einem gro\u00dfen Orchester, das mich begleitet, das w\u00e4re ein Traum.<\/p>\n\n\n\n<p><strong>Hast du ein Vorbild?<\/strong> <\/p>\n\n\n\n<p>Garfield<\/p>\n\n\n\n<p><strong>Wovor hast du Angst?<\/strong><\/p>\n\n\n\n<p>Vor Apokalypse und k\u00fcnstlerischer Bedeutungslosigkeit.<\/p>\n\n\n\n<p><strong>Woran denkst Du morgens zuerst?<\/strong> <\/p>\n\n\n\n<p>An Apokalypse. Manchmal aber auch an k\u00fcnstlerische Bedeutungslosigkeit.<\/p>\n\n\n\n<p><strong>Wof\u00fcr bist du dankbar?<\/strong><\/p>\n\n\n\n<p>F\u00fcr meine Familie und meinen wunderbaren Freundeskreis.<\/p>\n\n\n\n<p><strong>Was hilft dir in Situationen, die schwierig sind?<\/strong><\/p>\n\n\n\n<p>Raus gehen, mit Menschen reden, Songs schreiben.<\/p>\n\n\n\n<p><strong>Welche Frage haben wir vergessen?<\/strong><\/p>\n\n\n\n<p>Wie man den Plural von CD schreibt: Ohne Apostroph.<\/p>\n\n\n\n<p><\/p>\n\n\n\n<p><em>Bildquelle Beitragsbild: \u00a9 pathdoc\/shutterstock.com<\/em><\/p>\n","protected":false},"excerpt":{"rendered":"<p>Wir haben uns gefragt: Was bewegt junge, betagte, freiheitsliebende, kreative und andere Menschen gerade? Was macht sie gl\u00fccklich, wovor haben sie Angst?<\/p>\n","protected":false},"author":7,"featured_media":14346,"comment_status":"closed","ping_status":"closed","sticky":false,"template":"","format":"standard","meta":{"footnotes":""},"categories":[118],"tags":[550,2833,3109,3556,3685,4969,9340],"class_list":{"0":"post-14373","1":"post","2":"type-post","3":"status-publish","4":"format-standard","5":"has-post-thumbnail","7":"category-im-fokus","8":"tag-apokalypse","9":"tag-familie","10":"tag-fragen","11":"tag-gespraech","12":"tag-glueck","13":"tag-kuenstlerleben","14":"tag-wortwitz"},"yoast_head":"<!-- This site is optimized with the Yoast SEO plugin v23.5 - https:\/\/yoast.com\/wordpress\/plugins\/seo\/ -->\n<title>Was bewegt uns heute? 10 Fragen an Lukas, 34 Jahre, Musiker - Das Euro Akademie Magazin<\/title>\n<meta name=\"description\" content=\"Wir haben uns gefragt: Was bewegt junge, betagte, freiheitsliebende, kreative und andere Menschen gerade? Was macht sie gl\u00fccklich, wovor haben sie Angst?\" \/>\n<meta name=\"robots\" content=\"index, follow, max-snippet:-1, max-image-preview:large, max-video-preview:-1\" \/>\n<link rel=\"canonical\" href=\"https:\/\/www.euroakademie.de\/magazin\/was-bewegt-uns-heute-10-fragen-an-lukas-34-jahre-musiker\/\" \/>\n<meta property=\"og:locale\" content=\"de_DE\" \/>\n<meta property=\"og:type\" content=\"article\" \/>\n<meta property=\"og:title\" content=\"Was bewegt uns heute? 10 Fragen an Lukas, 34 Jahre, Musiker - Das Euro Akademie Magazin\" \/>\n<meta property=\"og:description\" content=\"Wir haben uns gefragt: Was bewegt junge, betagte, freiheitsliebende, kreative und andere Menschen gerade? Was macht sie gl\u00fccklich, wovor haben sie Angst?\" \/>\n<meta property=\"og:url\" content=\"https:\/\/www.euroakademie.de\/magazin\/was-bewegt-uns-heute-10-fragen-an-lukas-34-jahre-musiker\/\" \/>\n<meta property=\"og:site_name\" content=\"Das Euro Akademie Magazin\" \/>\n<meta property=\"article:published_time\" content=\"2021-03-05T07:00:47+00:00\" \/>\n<meta property=\"article:modified_time\" content=\"2025-04-28T12:53:17+00:00\" \/>\n<meta property=\"og:image\" content=\"https:\/\/www.euroakademie.de\/magazin\/wp-content\/uploads\/2021\/02\/shutterstock_637520197_702x336-web.jpg\" \/>\n\t<meta property=\"og:image:width\" content=\"702\" \/>\n\t<meta property=\"og:image:height\" content=\"336\" \/>\n\t<meta property=\"og:image:type\" content=\"image\/jpeg\" \/>\n<meta name=\"author\" content=\"Redaktion\" \/>\n<meta name=\"twitter:card\" content=\"summary_large_image\" \/>\n<meta name=\"twitter:label1\" content=\"Verfasst von\" \/>\n\t<meta name=\"twitter:data1\" content=\"Redaktion\" \/>\n\t<meta name=\"twitter:label2\" content=\"Gesch\u00e4tzte Lesezeit\" \/>\n\t<meta name=\"twitter:data2\" content=\"1\u00a0Minute\" \/>\n<script type=\"application\/ld+json\" class=\"yoast-schema-graph\">{\"@context\":\"https:\/\/schema.org\",\"@graph\":[{\"@type\":\"Article\",\"@id\":\"https:\/\/www.euroakademie.de\/magazin\/was-bewegt-uns-heute-10-fragen-an-lukas-34-jahre-musiker\/#article\",\"isPartOf\":{\"@id\":\"https:\/\/www.euroakademie.de\/magazin\/was-bewegt-uns-heute-10-fragen-an-lukas-34-jahre-musiker\/\"},\"author\":{\"name\":\"Redaktion\",\"@id\":\"https:\/\/www.euroakademie.de\/magazin\/#\/schema\/person\/6c9b7b6db765ee31640d80c936be3686\"},\"headline\":\"Was bewegt uns heute? 10 Fragen an Lukas, 34 Jahre, Musiker\",\"datePublished\":\"2021-03-05T07:00:47+00:00\",\"dateModified\":\"2025-04-28T12:53:17+00:00\",\"mainEntityOfPage\":{\"@id\":\"https:\/\/www.euroakademie.de\/magazin\/was-bewegt-uns-heute-10-fragen-an-lukas-34-jahre-musiker\/\"},\"wordCount\":339,\"publisher\":{\"@id\":\"https:\/\/www.euroakademie.de\/magazin\/#organization\"},\"image\":{\"@id\":\"https:\/\/www.euroakademie.de\/magazin\/was-bewegt-uns-heute-10-fragen-an-lukas-34-jahre-musiker\/#primaryimage\"},\"thumbnailUrl\":\"https:\/\/www.euroakademie.de\/magazin\/wp-content\/uploads\/2021\/02\/shutterstock_637520197_702x336-web.jpg\",\"keywords\":[\"Apokalypse\",\"Familie\",\"Fragen\",\"Gespr\u00e4ch\",\"Gl\u00fcck\",\"K\u00fcnstlerleben\",\"Wortwitz\"],\"articleSection\":[\"Im Fokus\"],\"inLanguage\":\"de\"},{\"@type\":\"WebPage\",\"@id\":\"https:\/\/www.euroakademie.de\/magazin\/was-bewegt-uns-heute-10-fragen-an-lukas-34-jahre-musiker\/\",\"url\":\"https:\/\/www.euroakademie.de\/magazin\/was-bewegt-uns-heute-10-fragen-an-lukas-34-jahre-musiker\/\",\"name\":\"Was bewegt uns heute? 10 Fragen an Lukas, 34 Jahre, Musiker - Das Euro Akademie Magazin\",\"isPartOf\":{\"@id\":\"https:\/\/www.euroakademie.de\/magazin\/#website\"},\"primaryImageOfPage\":{\"@id\":\"https:\/\/www.euroakademie.de\/magazin\/was-bewegt-uns-heute-10-fragen-an-lukas-34-jahre-musiker\/#primaryimage\"},\"image\":{\"@id\":\"https:\/\/www.euroakademie.de\/magazin\/was-bewegt-uns-heute-10-fragen-an-lukas-34-jahre-musiker\/#primaryimage\"},\"thumbnailUrl\":\"https:\/\/www.euroakademie.de\/magazin\/wp-content\/uploads\/2021\/02\/shutterstock_637520197_702x336-web.jpg\",\"datePublished\":\"2021-03-05T07:00:47+00:00\",\"dateModified\":\"2025-04-28T12:53:17+00:00\",\"description\":\"Wir haben uns gefragt: Was bewegt junge, betagte, freiheitsliebende, kreative und andere Menschen gerade? Was macht sie gl\u00fccklich, wovor haben sie Angst?\",\"breadcrumb\":{\"@id\":\"https:\/\/www.euroakademie.de\/magazin\/was-bewegt-uns-heute-10-fragen-an-lukas-34-jahre-musiker\/#breadcrumb\"},\"inLanguage\":\"de\",\"potentialAction\":[{\"@type\":\"ReadAction\",\"target\":[\"https:\/\/www.euroakademie.de\/magazin\/was-bewegt-uns-heute-10-fragen-an-lukas-34-jahre-musiker\/\"]}]},{\"@type\":\"ImageObject\",\"inLanguage\":\"de\",\"@id\":\"https:\/\/www.euroakademie.de\/magazin\/was-bewegt-uns-heute-10-fragen-an-lukas-34-jahre-musiker\/#primaryimage\",\"url\":\"https:\/\/www.euroakademie.de\/magazin\/wp-content\/uploads\/2021\/02\/shutterstock_637520197_702x336-web.jpg\",\"contentUrl\":\"https:\/\/www.euroakademie.de\/magazin\/wp-content\/uploads\/2021\/02\/shutterstock_637520197_702x336-web.jpg\",\"width\":702,\"height\":336,\"caption\":\"\"},{\"@type\":\"BreadcrumbList\",\"@id\":\"https:\/\/www.euroakademie.de\/magazin\/was-bewegt-uns-heute-10-fragen-an-lukas-34-jahre-musiker\/#breadcrumb\",\"itemListElement\":[{\"@type\":\"ListItem\",\"position\":1,\"name\":\"Startseite\",\"item\":\"https:\/\/www.euroakademie.de\/magazin\/\"},{\"@type\":\"ListItem\",\"position\":2,\"name\":\"Was bewegt uns heute? 10 Fragen an Lukas, 34 Jahre, Musiker\"}]},{\"@type\":\"WebSite\",\"@id\":\"https:\/\/www.euroakademie.de\/magazin\/#website\",\"url\":\"https:\/\/www.euroakademie.de\/magazin\/\",\"name\":\"Das Euro Akademie Magazin\",\"description\":\"Gut informiert durch Ausbildung und Studium\",\"publisher\":{\"@id\":\"https:\/\/www.euroakademie.de\/magazin\/#organization\"},\"potentialAction\":[{\"@type\":\"SearchAction\",\"target\":{\"@type\":\"EntryPoint\",\"urlTemplate\":\"https:\/\/www.euroakademie.de\/magazin\/?s={search_term_string}\"},\"query-input\":{\"@type\":\"PropertyValueSpecification\",\"valueRequired\":true,\"valueName\":\"search_term_string\"}}],\"inLanguage\":\"de\"},{\"@type\":\"Organization\",\"@id\":\"https:\/\/www.euroakademie.de\/magazin\/#organization\",\"name\":\"ESO Education Group\",\"url\":\"https:\/\/www.euroakademie.de\/magazin\/\",\"logo\":{\"@type\":\"ImageObject\",\"inLanguage\":\"de\",\"@id\":\"https:\/\/www.euroakademie.de\/magazin\/#\/schema\/logo\/image\/\",\"url\":\"https:\/\/relaunch.euroakademie.de\/magazin\/wp-content\/uploads\/2024\/11\/Logo_EA_negativ_Rahmen_5cm_300dpi_RGB.jpg\",\"contentUrl\":\"https:\/\/relaunch.euroakademie.de\/magazin\/wp-content\/uploads\/2024\/11\/Logo_EA_negativ_Rahmen_5cm_300dpi_RGB.jpg\",\"width\":591,\"height\":236,\"caption\":\"ESO Education Group\"},\"image\":{\"@id\":\"https:\/\/www.euroakademie.de\/magazin\/#\/schema\/logo\/image\/\"}},{\"@type\":\"Person\",\"@id\":\"https:\/\/www.euroakademie.de\/magazin\/#\/schema\/person\/6c9b7b6db765ee31640d80c936be3686\",\"name\":\"Redaktion\",\"description\":\"Die Redaktion des Euro Akademie Magazins h\u00e4lt Sie regelm\u00e4\u00dfig mit hintergr\u00fcndigen Artikeln auf dem Laufenden. Auf Basis einer fundierten Recherche und mit Spa\u00df am Schreiben erstellen die Redakteur*innen informative und unterhaltsame Inhalte f\u00fcr Sie.\",\"url\":\"https:\/\/www.euroakademie.de\/magazin\/author\/redaktion\/\"}]}<\/script>\n<!-- \/ Yoast SEO plugin. -->","yoast_head_json":{"title":"Was bewegt uns heute? 10 Fragen an Lukas, 34 Jahre, Musiker - Das Euro Akademie Magazin","description":"Wir haben uns gefragt: Was bewegt junge, betagte, freiheitsliebende, kreative und andere Menschen gerade? Was macht sie gl\u00fccklich, wovor haben sie Angst?","robots":{"index":"index","follow":"follow","max-snippet":"max-snippet:-1","max-image-preview":"max-image-preview:large","max-video-preview":"max-video-preview:-1"},"canonical":"https:\/\/www.euroakademie.de\/magazin\/was-bewegt-uns-heute-10-fragen-an-lukas-34-jahre-musiker\/","og_locale":"de_DE","og_type":"article","og_title":"Was bewegt uns heute? 10 Fragen an Lukas, 34 Jahre, Musiker - Das Euro Akademie Magazin","og_description":"Wir haben uns gefragt: Was bewegt junge, betagte, freiheitsliebende, kreative und andere Menschen gerade? Was macht sie gl\u00fccklich, wovor haben sie Angst?","og_url":"https:\/\/www.euroakademie.de\/magazin\/was-bewegt-uns-heute-10-fragen-an-lukas-34-jahre-musiker\/","og_site_name":"Das Euro Akademie Magazin","article_published_time":"2021-03-05T07:00:47+00:00","article_modified_time":"2025-04-28T12:53:17+00:00","og_image":[{"width":702,"height":336,"url":"https:\/\/www.euroakademie.de\/magazin\/wp-content\/uploads\/2021\/02\/shutterstock_637520197_702x336-web.jpg","type":"image\/jpeg"}],"author":"Redaktion","twitter_card":"summary_large_image","twitter_misc":{"Verfasst von":"Redaktion","Gesch\u00e4tzte Lesezeit":"1\u00a0Minute"},"schema":{"@context":"https:\/\/schema.org","@graph":[{"@type":"Article","@id":"https:\/\/www.euroakademie.de\/magazin\/was-bewegt-uns-heute-10-fragen-an-lukas-34-jahre-musiker\/#article","isPartOf":{"@id":"https:\/\/www.euroakademie.de\/magazin\/was-bewegt-uns-heute-10-fragen-an-lukas-34-jahre-musiker\/"},"author":{"name":"Redaktion","@id":"https:\/\/www.euroakademie.de\/magazin\/#\/schema\/person\/6c9b7b6db765ee31640d80c936be3686"},"headline":"Was bewegt uns heute? 10 Fragen an Lukas, 34 Jahre, Musiker","datePublished":"2021-03-05T07:00:47+00:00","dateModified":"2025-04-28T12:53:17+00:00","mainEntityOfPage":{"@id":"https:\/\/www.euroakademie.de\/magazin\/was-bewegt-uns-heute-10-fragen-an-lukas-34-jahre-musiker\/"},"wordCount":339,"publisher":{"@id":"https:\/\/www.euroakademie.de\/magazin\/#organization"},"image":{"@id":"https:\/\/www.euroakademie.de\/magazin\/was-bewegt-uns-heute-10-fragen-an-lukas-34-jahre-musiker\/#primaryimage"},"thumbnailUrl":"https:\/\/www.euroakademie.de\/magazin\/wp-content\/uploads\/2021\/02\/shutterstock_637520197_702x336-web.jpg","keywords":["Apokalypse","Familie","Fragen","Gespr\u00e4ch","Gl\u00fcck","K\u00fcnstlerleben","Wortwitz"],"articleSection":["Im Fokus"],"inLanguage":"de"},{"@type":"WebPage","@id":"https:\/\/www.euroakademie.de\/magazin\/was-bewegt-uns-heute-10-fragen-an-lukas-34-jahre-musiker\/","url":"https:\/\/www.euroakademie.de\/magazin\/was-bewegt-uns-heute-10-fragen-an-lukas-34-jahre-musiker\/","name":"Was bewegt uns heute? 10 Fragen an Lukas, 34 Jahre, Musiker - Das Euro Akademie Magazin","isPartOf":{"@id":"https:\/\/www.euroakademie.de\/magazin\/#website"},"primaryImageOfPage":{"@id":"https:\/\/www.euroakademie.de\/magazin\/was-bewegt-uns-heute-10-fragen-an-lukas-34-jahre-musiker\/#primaryimage"},"image":{"@id":"https:\/\/www.euroakademie.de\/magazin\/was-bewegt-uns-heute-10-fragen-an-lukas-34-jahre-musiker\/#primaryimage"},"thumbnailUrl":"https:\/\/www.euroakademie.de\/magazin\/wp-content\/uploads\/2021\/02\/shutterstock_637520197_702x336-web.jpg","datePublished":"2021-03-05T07:00:47+00:00","dateModified":"2025-04-28T12:53:17+00:00","description":"Wir haben uns gefragt: Was bewegt junge, betagte, freiheitsliebende, kreative und andere Menschen gerade? Was macht sie gl\u00fccklich, wovor haben sie Angst?","breadcrumb":{"@id":"https:\/\/www.euroakademie.de\/magazin\/was-bewegt-uns-heute-10-fragen-an-lukas-34-jahre-musiker\/#breadcrumb"},"inLanguage":"de","potentialAction":[{"@type":"ReadAction","target":["https:\/\/www.euroakademie.de\/magazin\/was-bewegt-uns-heute-10-fragen-an-lukas-34-jahre-musiker\/"]}]},{"@type":"ImageObject","inLanguage":"de","@id":"https:\/\/www.euroakademie.de\/magazin\/was-bewegt-uns-heute-10-fragen-an-lukas-34-jahre-musiker\/#primaryimage","url":"https:\/\/www.euroakademie.de\/magazin\/wp-content\/uploads\/2021\/02\/shutterstock_637520197_702x336-web.jpg","contentUrl":"https:\/\/www.euroakademie.de\/magazin\/wp-content\/uploads\/2021\/02\/shutterstock_637520197_702x336-web.jpg","width":702,"height":336,"caption":""},{"@type":"BreadcrumbList","@id":"https:\/\/www.euroakademie.de\/magazin\/was-bewegt-uns-heute-10-fragen-an-lukas-34-jahre-musiker\/#breadcrumb","itemListElement":[{"@type":"ListItem","position":1,"name":"Startseite","item":"https:\/\/www.euroakademie.de\/magazin\/"},{"@type":"ListItem","position":2,"name":"Was bewegt uns heute? 10 Fragen an Lukas, 34 Jahre, Musiker"}]},{"@type":"WebSite","@id":"https:\/\/www.euroakademie.de\/magazin\/#website","url":"https:\/\/www.euroakademie.de\/magazin\/","name":"Das Euro Akademie Magazin","description":"Gut informiert durch Ausbildung und Studium","publisher":{"@id":"https:\/\/www.euroakademie.de\/magazin\/#organization"},"potentialAction":[{"@type":"SearchAction","target":{"@type":"EntryPoint","urlTemplate":"https:\/\/www.euroakademie.de\/magazin\/?s={search_term_string}"},"query-input":{"@type":"PropertyValueSpecification","valueRequired":true,"valueName":"search_term_string"}}],"inLanguage":"de"},{"@type":"Organization","@id":"https:\/\/www.euroakademie.de\/magazin\/#organization","name":"ESO Education Group","url":"https:\/\/www.euroakademie.de\/magazin\/","logo":{"@type":"ImageObject","inLanguage":"de","@id":"https:\/\/www.euroakademie.de\/magazin\/#\/schema\/logo\/image\/","url":"https:\/\/relaunch.euroakademie.de\/magazin\/wp-content\/uploads\/2024\/11\/Logo_EA_negativ_Rahmen_5cm_300dpi_RGB.jpg","contentUrl":"https:\/\/relaunch.euroakademie.de\/magazin\/wp-content\/uploads\/2024\/11\/Logo_EA_negativ_Rahmen_5cm_300dpi_RGB.jpg","width":591,"height":236,"caption":"ESO Education Group"},"image":{"@id":"https:\/\/www.euroakademie.de\/magazin\/#\/schema\/logo\/image\/"}},{"@type":"Person","@id":"https:\/\/www.euroakademie.de\/magazin\/#\/schema\/person\/6c9b7b6db765ee31640d80c936be3686","name":"Redaktion","description":"Die Redaktion des Euro Akademie Magazins h\u00e4lt Sie regelm\u00e4\u00dfig mit hintergr\u00fcndigen Artikeln auf dem Laufenden. Auf Basis einer fundierten Recherche und mit Spa\u00df am Schreiben erstellen die Redakteur*innen informative und unterhaltsame Inhalte f\u00fcr Sie.","url":"https:\/\/www.euroakademie.de\/magazin\/author\/redaktion\/"}]}},"_links":{"self":[{"href":"https:\/\/www.euroakademie.de\/magazin\/wp-json\/wp\/v2\/posts\/14373","targetHints":{"allow":["GET"]}}],"collection":[{"href":"https:\/\/www.euroakademie.de\/magazin\/wp-json\/wp\/v2\/posts"}],"about":[{"href":"https:\/\/www.euroakademie.de\/magazin\/wp-json\/wp\/v2\/types\/post"}],"author":[{"embeddable":true,"href":"https:\/\/www.euroakademie.de\/magazin\/wp-json\/wp\/v2\/users\/7"}],"replies":[{"embeddable":true,"href":"https:\/\/www.euroakademie.de\/magazin\/wp-json\/wp\/v2\/comments?post=14373"}],"version-history":[{"count":2,"href":"https:\/\/www.euroakademie.de\/magazin\/wp-json\/wp\/v2\/posts\/14373\/revisions"}],"predecessor-version":[{"id":28101,"href":"https:\/\/www.euroakademie.de\/magazin\/wp-json\/wp\/v2\/posts\/14373\/revisions\/28101"}],"wp:featuredmedia":[{"embeddable":true,"href":"https:\/\/www.euroakademie.de\/magazin\/wp-json\/wp\/v2\/media\/14346"}],"wp:attachment":[{"href":"https:\/\/www.euroakademie.de\/magazin\/wp-json\/wp\/v2\/media?parent=14373"}],"wp:term":[{"taxonomy":"category","embeddable":true,"href":"https:\/\/www.euroakademie.de\/magazin\/wp-json\/wp\/v2\/categories?post=14373"},{"taxonomy":"post_tag","embeddable":true,"href":"https:\/\/www.euroakademie.de\/magazin\/wp-json\/wp\/v2\/tags?post=14373"}],"curies":[{"name":"wp","href":"https:\/\/api.w.org\/{rel}","templated":true}]}}