{"id":14458,"date":"2021-03-17T07:59:11","date_gmt":"2021-03-17T06:59:11","guid":{"rendered":"https:\/\/www.euroakademie.de\/magazin\/?p=14458"},"modified":"2021-03-17T07:59:11","modified_gmt":"2021-03-17T06:59:11","slug":"der-dritte-erzieher-paulines-berufspraktikum-im-waldkindergarten","status":"publish","type":"post","link":"https:\/\/www.euroakademie.de\/magazin\/der-dritte-erzieher-paulines-berufspraktikum-im-waldkindergarten\/","title":{"rendered":"Der dritte Erzieher &#8211; Paulines Berufspraktikum im Waldkindergarten"},"content":{"rendered":"\n\t\t\t\t<![CDATA[\n<p>F\u00fcr ihr Berufspraktikum ist Pauline von W\u00fcrzburg nach Innsbruck gezogen. Wie es sich dort lebt und arbeitet, schildert die angehende Erzieherin im Gespr\u00e4ch mit unserer Redaktion. Sie verr\u00e4t uns, warum sie sich f\u00fcr die Ausbildung zur Erzieherin entschieden hat, welche Aufgabe der Wald in der Naturp\u00e4dagogik \u00fcbernimmt und wie sie durch die Ausbildung an der Euro Akademie mehr \u00fcber sich selbst gelernt hat.<br \/><\/p>\n\n\n\n<p><strong>War Deine Entscheidung, Erzieherin zu werden, eher ein schleichender Prozess oder gab es diesen einen Moment, der daf\u00fcr ausschlaggebend war?<\/strong><\/p>\n\n\n\n<p>Ich habe, ehrlich gesagt, nie mit dem Gedanken gespielt, Erzieherin zu werden. Der ausschlaggebende Moment war, als ich im Rahmen meiner FOS-Schulzeit ein Praktikum in einer Kinderkrippe absolvierte. Das Praktikum hat mir so viel Spa\u00df gemacht und ich habe von meinen damaligen Kollegen sehr viel positive R\u00fcckmeldung im Bezug auf meine Arbeitshaltung bekommen. Ich habe gemerkt, dass es meine St\u00e4rke ist, mit Kindern zu arbeiten, und so kam ich auf die Idee, eine Ausbildung zur Erzieherin zu machen.<\/p>\n\n\n\n<p><strong>Was war Deine bisher gr\u00f6\u00dfte Herausforderung w\u00e4hrend der zweij\u00e4hrigen schulischen Ausbildung?<\/strong><\/p>\n\n\n\n<p>Die gr\u00f6\u00dfte Herausforderung w\u00e4hrend der zweij\u00e4hrigen schulischen Ausbildung war die Auseinandersetzung mit mir selbst. Im Psychologieunterricht haben wir uns intensiv mit der eigenen Entwicklung und der menschlichen Psyche auseinandergesetzt. Man lernt viel \u00fcber sich selbst und die Erkenntnisse, die ich daraus zog, waren nicht immer einfach zu verarbeiten. Wir wurden aber sehr gut auf diesem Weg begleitet und so konnte ich ein ganzes St\u00fcck \u00fcber mich hinauswachsen.<\/p>\n\n\n\n<p><strong>Welches Schulfach hat Dir am meisten Freude bereitet? Welches k\u00f6nnte man Deiner Meinung nach getrost streichen?<\/strong><\/p>\n\n\n\n<p>Am meisten Freude bereitet hat mir das Fach P\u00e4dagogik und Psychologie. Streichen sollte man meiner Meinung nach keines der angebotenen F\u00e4cher, da sie alle einen wichtigen Teil zu unserer sp\u00e4teren Arbeit beitragen.<\/p>\n\n\n\n<p><strong>Du machst gerade Dein Berufspraktikum in der N\u00e4he von Innsbruck. Warum gerade \u00d6sterreich?<\/strong><\/p>\n\n\n\n<p>Ich habe mich aus verschiedenen Gr\u00fcnden f\u00fcr \u00d6sterreich entschieden. Einerseits war ich zum Urlaub machen immer am Meer und aus diesem Grund habe ich mich nun f\u00fcr eine Stadt in den Bergen entschieden, um so etwas Neues kennenzulernen. Dann hat mich die Kombination aus Waldkindergarten und Gebirge interessiert. Die Kinder wachsen mitten in den Bergen auf und erleben die Natur ganz anders als beispielsweise bei uns in W\u00fcrzburg. Ein weiterer Grund, warum die Entscheidung auf \u00d6sterreich fiel, war die Vielf\u00e4ltigkeit, die dieses Land bietet.<\/p>\n\n\n\n<p><strong>Hast Du das Gef\u00fchl, dass Dich die zwei Jahre schulische Ausbildung, die dem Berufspraktikum vorausgehen, gut auf Deine Arbeit im Kindergarten vorbereitet haben?<\/strong><\/p>\n\n\n\n<p>Die zweij\u00e4hrige schulische Ausbildung hat mich sehr gut auf meine Arbeit vorbereitet. Ich habe viel theoretisches Wissen erlangt und brauche es jeden Tag im Kindergarten. Ich f\u00fchle mich sicher und kompetent in meinem Berufsfeld.<\/p>\n\n\n\n<p><strong>Nenne uns drei Dinge, die Dir den Arbeitsalltag w\u00e4hrend des Praktikums erleichtern!<\/strong><\/p>\n\n\n\n<ol class=\"wp-block-list\"><li>Der Aufenthalt in der Natur erleichtert mir den Arbeitsalltag besonders. Der Wald bietet so viele Bildungsm\u00f6glichkeiten f\u00fcr die Kinder und wird nicht umsonst als dritter Erzieher bezeichnet.<\/li><li>Au\u00dferdem habe ich ein tolles Team, mit dem ich mich sehr gut verstehe und durch die gegenseitige Unterst\u00fctzung wird der Arbeitsalltag erleichtert.<\/li><li>Eine \u201eTo Do\u201c Liste. Ich schreibe mir jeden Tag auf, was ich noch vorbereiten oder erledigen muss. Das gibt mir sehr viel Struktur und ich denke an alles, was ich mir auf der Arbeit vornehme.<\/li><\/ol>\n\n\n\n<p><strong>Was fasziniert Dich am Konzept \u201eWaldkindergarten\u201c im Gegensatz zu einem herk\u00f6mmlichen Kindergarten?<\/strong><\/p>\n\n\n\n<p>Ich finde das Konzept \u201eWaldkindergarten\u201c sehr gut, da der Bezug zur Natur einen sehr hohen Stellenwert hat. Der ganze Tag wird in der Natur verbracht und die Kinder spielen und lernen im Wald. Eine bessere Kombination gibt es nicht. Ich finde es gut, dass die Kinder sich im Freien bewegen k\u00f6nnen und keine W\u00e4nde haben, die ihren Bewegungs- oder Forscherdrang abrupt beenden. Dadurch, dass der Wald keine W\u00e4nde als Grenzen hat, haben die Kinder die M\u00f6glichkeit, sich frei zu entfalten und alle Emotionen und Bed\u00fcrfnisse auszuleben.<\/p>\n\n\n\n<div class=\"wp-block-media-text alignwide\" style=\"grid-template-columns:38% auto\"><figure class=\"wp-block-media-text__media\"><img fetchpriority=\"high\" decoding=\"async\" width=\"500\" height=\"666\" src=\"https:\/\/relaunch.euroakademie.de\/magazin\/wp-content\/uploads\/2021\/03\/Pauline_500x666-web.jpeg\" alt=\"\" class=\"wp-image-14464\" srcset=\"https:\/\/www.euroakademie.de\/magazin\/wp-content\/uploads\/2021\/03\/Pauline_500x666-web.jpeg 500w, https:\/\/www.euroakademie.de\/magazin\/wp-content\/uploads\/2021\/03\/Pauline_500x666-web-225x300.jpeg 225w, https:\/\/www.euroakademie.de\/magazin\/wp-content\/uploads\/2021\/03\/Pauline_500x666-web-150x200.jpeg 150w, https:\/\/www.euroakademie.de\/magazin\/wp-content\/uploads\/2021\/03\/Pauline_500x666-web-450x599.jpeg 450w\" sizes=\"(max-width: 500px) 100vw, 500px\" \/><\/figure><div class=\"wp-block-media-text__content\">\n<p style=\"text-align:center\"><strong><em>Pauline f\u00fchlt sich wohl bei den Waldkn\u00f6pfen in den \u00f6sterreichischen Alpen.<\/em><\/strong><\/p>\n<\/div><\/div>\n\n\n\n<p><strong>Was hast Du w\u00e4hrend der Zeit in Innsbruck \u00fcber Dich selbst gelernt?<\/strong><\/p>\n\n\n\n<p>Ich habe gemerkt, dass ich mich sehr schnell an neue Gegebenheiten anpassen kann. Ich war schon immer sehr selbstst\u00e4ndig, aber der Umzug nach Innsbruck hat mich noch selbstst\u00e4ndiger gemacht. Eine besondere Erkenntnis f\u00fcr mich war, dass ich mich viel besser auf schulische Aufgaben konzentrieren kann. Das liegt daran, dass ich eine gewisse Distanz zu meiner Schule und meinen Klassenkameraden habe und mich so nicht mit anderen vergleichen kann. Das hat mir vor allem beim Schreiben der Facharbeit viel Druck genommen.<\/p>\n\n\n\n<p><strong>Wo siehst Du Dich in 10 Jahren? <\/strong><\/p>\n\n\n\n<p>In 10 Jahren habe ich eine aufbauende Ausbildung zur Heilp\u00e4dagogin gemacht und sehe mich in einer F\u00f6rdereinrichtung oder einem F\u00f6rderzentrum f\u00fcr Kinder mit Entwicklungsverz\u00f6gerung arbeiten.<\/p>\n\n\n\n<p><strong>Wenn Du nicht eine Ausbildung zu Erzieherin angefangen h\u00e4ttest, was w\u00e4rst Du stattdessen gerne geworden?<\/strong><\/p>\n\n\n\n<p>Wenn ich nicht eine Ausbildung zur Erzieherin angefangen h\u00e4tte, w\u00e4re ich Journalistin geworden und h\u00e4tte gerne Dokumentarfilme gedreht oder w\u00e4re Moderatorin geworden.<\/p>\n\n\n<p>[su_button url=&#8220;https:\/\/www.euroakademie.de\/ausbildung\/paedagogik-soziales.html&#8220; target=&#8220;blank&#8220; style=&#8220;ghost&#8220; background=&#8220;#e71f1b&#8220; color=&#8220;#000000&#8243; size=&#8220;7&#8243; wide=&#8220;yes&#8220; radius=&#8220;round&#8220; icon=&#8220;icon: mail-forward&#8220; icon_color=&#8220;#00305d&#8220; text_shadow=&#8220;0px 0px 0px #ffffff&#8220;]Sie streben nach einem Beruf im Bereich P\u00e4dagogik &amp; Soziales? Hier werden Sie f\u00fcndig &#8211; wir haben f\u00fcr jede*n was![\/su_button]<\/p>\n\n\n\n<p><em>Bildquelle: \u00a9 privat<\/em> [su_spacer]<\/p>\n]]>\t\t","protected":false},"excerpt":{"rendered":"<p>\t\t\t\t<![CDATA[]]>\t\t<\/p>\n","protected":false},"author":79,"featured_media":14462,"comment_status":"closed","ping_status":"closed","sticky":false,"template":"","format":"standard","meta":{"footnotes":""},"categories":[121,19,52],"tags":[],"class_list":{"0":"post-14458","1":"post","2":"type-post","3":"status-publish","4":"format-standard","5":"has-post-thumbnail","7":"category-im-gespraech","8":"category-paedagogik-soziales","9":"category-wuerzburg"},"yoast_head":"<!-- This site is optimized with the Yoast SEO plugin v23.5 - https:\/\/yoast.com\/wordpress\/plugins\/seo\/ -->\n<title>Der dritte Erzieher - Paulines Berufspraktikum im Waldkindergarten - Das Euro Akademie Magazin<\/title>\n<meta name=\"description\" content=\"Sie wissen auch nicht, wer der dritte Erzieher ist? Die angehende Erzieherin Pauline, die gerade ihr Berufspraktikum im Ausland macht, hat es uns verraten.\" \/>\n<meta name=\"robots\" content=\"index, follow, max-snippet:-1, max-image-preview:large, max-video-preview:-1\" \/>\n<link rel=\"canonical\" href=\"https:\/\/www.euroakademie.de\/magazin\/der-dritte-erzieher-paulines-berufspraktikum-im-waldkindergarten\/\" \/>\n<meta property=\"og:locale\" content=\"de_DE\" \/>\n<meta property=\"og:type\" content=\"article\" \/>\n<meta property=\"og:title\" content=\"Der dritte Erzieher - Paulines Berufspraktikum im Waldkindergarten - Das Euro Akademie Magazin\" \/>\n<meta property=\"og:description\" content=\"Sie wissen auch nicht, wer der dritte Erzieher ist? Die angehende Erzieherin Pauline, die gerade ihr Berufspraktikum im Ausland macht, hat es uns verraten.\" \/>\n<meta property=\"og:url\" content=\"https:\/\/www.euroakademie.de\/magazin\/der-dritte-erzieher-paulines-berufspraktikum-im-waldkindergarten\/\" \/>\n<meta property=\"og:site_name\" content=\"Das Euro Akademie Magazin\" \/>\n<meta property=\"article:published_time\" content=\"2021-03-17T06:59:11+00:00\" \/>\n<meta property=\"og:image\" content=\"https:\/\/www.euroakademie.de\/magazin\/wp-content\/uploads\/2021\/03\/Waldknoepfe_702x336-web.jpeg\" \/>\n\t<meta property=\"og:image:width\" content=\"702\" \/>\n\t<meta property=\"og:image:height\" content=\"336\" \/>\n\t<meta property=\"og:image:type\" content=\"image\/jpeg\" \/>\n<meta name=\"author\" content=\"Nadine Elbert\" \/>\n<meta name=\"twitter:card\" content=\"summary_large_image\" \/>\n<meta name=\"twitter:label1\" content=\"Verfasst von\" \/>\n\t<meta name=\"twitter:data1\" content=\"Nadine Elbert\" \/>\n\t<meta name=\"twitter:label2\" content=\"Gesch\u00e4tzte Lesezeit\" \/>\n\t<meta name=\"twitter:data2\" content=\"5\u00a0Minuten\" \/>\n<script type=\"application\/ld+json\" class=\"yoast-schema-graph\">{\"@context\":\"https:\/\/schema.org\",\"@graph\":[{\"@type\":\"Article\",\"@id\":\"https:\/\/www.euroakademie.de\/magazin\/der-dritte-erzieher-paulines-berufspraktikum-im-waldkindergarten\/#article\",\"isPartOf\":{\"@id\":\"https:\/\/www.euroakademie.de\/magazin\/der-dritte-erzieher-paulines-berufspraktikum-im-waldkindergarten\/\"},\"author\":{\"name\":\"Nadine Elbert\",\"@id\":\"https:\/\/www.euroakademie.de\/magazin\/#\/schema\/person\/6927904de5cedfa8765d9b35681ccb28\"},\"headline\":\"Der dritte Erzieher &#8211; Paulines Berufspraktikum im Waldkindergarten\",\"datePublished\":\"2021-03-17T06:59:11+00:00\",\"dateModified\":\"2021-03-17T06:59:11+00:00\",\"mainEntityOfPage\":{\"@id\":\"https:\/\/www.euroakademie.de\/magazin\/der-dritte-erzieher-paulines-berufspraktikum-im-waldkindergarten\/\"},\"wordCount\":936,\"publisher\":{\"@id\":\"https:\/\/www.euroakademie.de\/magazin\/#organization\"},\"image\":{\"@id\":\"https:\/\/www.euroakademie.de\/magazin\/der-dritte-erzieher-paulines-berufspraktikum-im-waldkindergarten\/#primaryimage\"},\"thumbnailUrl\":\"https:\/\/www.euroakademie.de\/magazin\/wp-content\/uploads\/2021\/03\/Waldknoepfe_702x336-web.jpeg\",\"articleSection\":[\"Im Gespr\u00e4ch\",\"P\u00e4dagogik &amp; Soziales\",\"W\u00fcrzburg\"],\"inLanguage\":\"de\"},{\"@type\":\"WebPage\",\"@id\":\"https:\/\/www.euroakademie.de\/magazin\/der-dritte-erzieher-paulines-berufspraktikum-im-waldkindergarten\/\",\"url\":\"https:\/\/www.euroakademie.de\/magazin\/der-dritte-erzieher-paulines-berufspraktikum-im-waldkindergarten\/\",\"name\":\"Der dritte Erzieher - Paulines Berufspraktikum im Waldkindergarten - Das Euro Akademie Magazin\",\"isPartOf\":{\"@id\":\"https:\/\/www.euroakademie.de\/magazin\/#website\"},\"primaryImageOfPage\":{\"@id\":\"https:\/\/www.euroakademie.de\/magazin\/der-dritte-erzieher-paulines-berufspraktikum-im-waldkindergarten\/#primaryimage\"},\"image\":{\"@id\":\"https:\/\/www.euroakademie.de\/magazin\/der-dritte-erzieher-paulines-berufspraktikum-im-waldkindergarten\/#primaryimage\"},\"thumbnailUrl\":\"https:\/\/www.euroakademie.de\/magazin\/wp-content\/uploads\/2021\/03\/Waldknoepfe_702x336-web.jpeg\",\"datePublished\":\"2021-03-17T06:59:11+00:00\",\"dateModified\":\"2021-03-17T06:59:11+00:00\",\"description\":\"Sie wissen auch nicht, wer der dritte Erzieher ist? Die angehende Erzieherin Pauline, die gerade ihr Berufspraktikum im Ausland macht, hat es uns verraten.\",\"breadcrumb\":{\"@id\":\"https:\/\/www.euroakademie.de\/magazin\/der-dritte-erzieher-paulines-berufspraktikum-im-waldkindergarten\/#breadcrumb\"},\"inLanguage\":\"de\",\"potentialAction\":[{\"@type\":\"ReadAction\",\"target\":[\"https:\/\/www.euroakademie.de\/magazin\/der-dritte-erzieher-paulines-berufspraktikum-im-waldkindergarten\/\"]}]},{\"@type\":\"ImageObject\",\"inLanguage\":\"de\",\"@id\":\"https:\/\/www.euroakademie.de\/magazin\/der-dritte-erzieher-paulines-berufspraktikum-im-waldkindergarten\/#primaryimage\",\"url\":\"https:\/\/www.euroakademie.de\/magazin\/wp-content\/uploads\/2021\/03\/Waldknoepfe_702x336-web.jpeg\",\"contentUrl\":\"https:\/\/www.euroakademie.de\/magazin\/wp-content\/uploads\/2021\/03\/Waldknoepfe_702x336-web.jpeg\",\"width\":702,\"height\":336,\"caption\":\"\"},{\"@type\":\"BreadcrumbList\",\"@id\":\"https:\/\/www.euroakademie.de\/magazin\/der-dritte-erzieher-paulines-berufspraktikum-im-waldkindergarten\/#breadcrumb\",\"itemListElement\":[{\"@type\":\"ListItem\",\"position\":1,\"name\":\"Startseite\",\"item\":\"https:\/\/www.euroakademie.de\/magazin\/\"},{\"@type\":\"ListItem\",\"position\":2,\"name\":\"Der dritte Erzieher &#8211; Paulines Berufspraktikum im Waldkindergarten\"}]},{\"@type\":\"WebSite\",\"@id\":\"https:\/\/www.euroakademie.de\/magazin\/#website\",\"url\":\"https:\/\/www.euroakademie.de\/magazin\/\",\"name\":\"Das Euro Akademie Magazin\",\"description\":\"Gut informiert durch Ausbildung und Studium\",\"publisher\":{\"@id\":\"https:\/\/www.euroakademie.de\/magazin\/#organization\"},\"potentialAction\":[{\"@type\":\"SearchAction\",\"target\":{\"@type\":\"EntryPoint\",\"urlTemplate\":\"https:\/\/www.euroakademie.de\/magazin\/?s={search_term_string}\"},\"query-input\":{\"@type\":\"PropertyValueSpecification\",\"valueRequired\":true,\"valueName\":\"search_term_string\"}}],\"inLanguage\":\"de\"},{\"@type\":\"Organization\",\"@id\":\"https:\/\/www.euroakademie.de\/magazin\/#organization\",\"name\":\"ESO Education Group\",\"url\":\"https:\/\/www.euroakademie.de\/magazin\/\",\"logo\":{\"@type\":\"ImageObject\",\"inLanguage\":\"de\",\"@id\":\"https:\/\/www.euroakademie.de\/magazin\/#\/schema\/logo\/image\/\",\"url\":\"https:\/\/relaunch.euroakademie.de\/magazin\/wp-content\/uploads\/2024\/11\/Logo_EA_negativ_Rahmen_5cm_300dpi_RGB.jpg\",\"contentUrl\":\"https:\/\/relaunch.euroakademie.de\/magazin\/wp-content\/uploads\/2024\/11\/Logo_EA_negativ_Rahmen_5cm_300dpi_RGB.jpg\",\"width\":591,\"height\":236,\"caption\":\"ESO Education Group\"},\"image\":{\"@id\":\"https:\/\/www.euroakademie.de\/magazin\/#\/schema\/logo\/image\/\"}},{\"@type\":\"Person\",\"@id\":\"https:\/\/www.euroakademie.de\/magazin\/#\/schema\/person\/6927904de5cedfa8765d9b35681ccb28\",\"name\":\"Nadine Elbert\",\"description\":\"Von Sommer 2019 bis Herbst 2025 schrieb Nadine Elbert hier im Wechsel \u00fcber Themen aus den Bereichen Ausbildung, Studium und Beruf \u2013 und sch\u00f6pfte dabei auch aus ihrem reichhaltigen pers\u00f6nlichen Erfahrungsschatz.\",\"url\":\"https:\/\/www.euroakademie.de\/magazin\/author\/nadine-elbert\/\"}]}<\/script>\n<!-- \/ Yoast SEO plugin. -->","yoast_head_json":{"title":"Der dritte Erzieher - Paulines Berufspraktikum im Waldkindergarten - Das Euro Akademie Magazin","description":"Sie wissen auch nicht, wer der dritte Erzieher ist? Die angehende Erzieherin Pauline, die gerade ihr Berufspraktikum im Ausland macht, hat es uns verraten.","robots":{"index":"index","follow":"follow","max-snippet":"max-snippet:-1","max-image-preview":"max-image-preview:large","max-video-preview":"max-video-preview:-1"},"canonical":"https:\/\/www.euroakademie.de\/magazin\/der-dritte-erzieher-paulines-berufspraktikum-im-waldkindergarten\/","og_locale":"de_DE","og_type":"article","og_title":"Der dritte Erzieher - Paulines Berufspraktikum im Waldkindergarten - Das Euro Akademie Magazin","og_description":"Sie wissen auch nicht, wer der dritte Erzieher ist? Die angehende Erzieherin Pauline, die gerade ihr Berufspraktikum im Ausland macht, hat es uns verraten.","og_url":"https:\/\/www.euroakademie.de\/magazin\/der-dritte-erzieher-paulines-berufspraktikum-im-waldkindergarten\/","og_site_name":"Das Euro Akademie Magazin","article_published_time":"2021-03-17T06:59:11+00:00","og_image":[{"width":702,"height":336,"url":"https:\/\/www.euroakademie.de\/magazin\/wp-content\/uploads\/2021\/03\/Waldknoepfe_702x336-web.jpeg","type":"image\/jpeg"}],"author":"Nadine Elbert","twitter_card":"summary_large_image","twitter_misc":{"Verfasst von":"Nadine Elbert","Gesch\u00e4tzte Lesezeit":"5\u00a0Minuten"},"schema":{"@context":"https:\/\/schema.org","@graph":[{"@type":"Article","@id":"https:\/\/www.euroakademie.de\/magazin\/der-dritte-erzieher-paulines-berufspraktikum-im-waldkindergarten\/#article","isPartOf":{"@id":"https:\/\/www.euroakademie.de\/magazin\/der-dritte-erzieher-paulines-berufspraktikum-im-waldkindergarten\/"},"author":{"name":"Nadine Elbert","@id":"https:\/\/www.euroakademie.de\/magazin\/#\/schema\/person\/6927904de5cedfa8765d9b35681ccb28"},"headline":"Der dritte Erzieher &#8211; Paulines Berufspraktikum im Waldkindergarten","datePublished":"2021-03-17T06:59:11+00:00","dateModified":"2021-03-17T06:59:11+00:00","mainEntityOfPage":{"@id":"https:\/\/www.euroakademie.de\/magazin\/der-dritte-erzieher-paulines-berufspraktikum-im-waldkindergarten\/"},"wordCount":936,"publisher":{"@id":"https:\/\/www.euroakademie.de\/magazin\/#organization"},"image":{"@id":"https:\/\/www.euroakademie.de\/magazin\/der-dritte-erzieher-paulines-berufspraktikum-im-waldkindergarten\/#primaryimage"},"thumbnailUrl":"https:\/\/www.euroakademie.de\/magazin\/wp-content\/uploads\/2021\/03\/Waldknoepfe_702x336-web.jpeg","articleSection":["Im Gespr\u00e4ch","P\u00e4dagogik &amp; Soziales","W\u00fcrzburg"],"inLanguage":"de"},{"@type":"WebPage","@id":"https:\/\/www.euroakademie.de\/magazin\/der-dritte-erzieher-paulines-berufspraktikum-im-waldkindergarten\/","url":"https:\/\/www.euroakademie.de\/magazin\/der-dritte-erzieher-paulines-berufspraktikum-im-waldkindergarten\/","name":"Der dritte Erzieher - Paulines Berufspraktikum im Waldkindergarten - Das Euro Akademie Magazin","isPartOf":{"@id":"https:\/\/www.euroakademie.de\/magazin\/#website"},"primaryImageOfPage":{"@id":"https:\/\/www.euroakademie.de\/magazin\/der-dritte-erzieher-paulines-berufspraktikum-im-waldkindergarten\/#primaryimage"},"image":{"@id":"https:\/\/www.euroakademie.de\/magazin\/der-dritte-erzieher-paulines-berufspraktikum-im-waldkindergarten\/#primaryimage"},"thumbnailUrl":"https:\/\/www.euroakademie.de\/magazin\/wp-content\/uploads\/2021\/03\/Waldknoepfe_702x336-web.jpeg","datePublished":"2021-03-17T06:59:11+00:00","dateModified":"2021-03-17T06:59:11+00:00","description":"Sie wissen auch nicht, wer der dritte Erzieher ist? Die angehende Erzieherin Pauline, die gerade ihr Berufspraktikum im Ausland macht, hat es uns verraten.","breadcrumb":{"@id":"https:\/\/www.euroakademie.de\/magazin\/der-dritte-erzieher-paulines-berufspraktikum-im-waldkindergarten\/#breadcrumb"},"inLanguage":"de","potentialAction":[{"@type":"ReadAction","target":["https:\/\/www.euroakademie.de\/magazin\/der-dritte-erzieher-paulines-berufspraktikum-im-waldkindergarten\/"]}]},{"@type":"ImageObject","inLanguage":"de","@id":"https:\/\/www.euroakademie.de\/magazin\/der-dritte-erzieher-paulines-berufspraktikum-im-waldkindergarten\/#primaryimage","url":"https:\/\/www.euroakademie.de\/magazin\/wp-content\/uploads\/2021\/03\/Waldknoepfe_702x336-web.jpeg","contentUrl":"https:\/\/www.euroakademie.de\/magazin\/wp-content\/uploads\/2021\/03\/Waldknoepfe_702x336-web.jpeg","width":702,"height":336,"caption":""},{"@type":"BreadcrumbList","@id":"https:\/\/www.euroakademie.de\/magazin\/der-dritte-erzieher-paulines-berufspraktikum-im-waldkindergarten\/#breadcrumb","itemListElement":[{"@type":"ListItem","position":1,"name":"Startseite","item":"https:\/\/www.euroakademie.de\/magazin\/"},{"@type":"ListItem","position":2,"name":"Der dritte Erzieher &#8211; Paulines Berufspraktikum im Waldkindergarten"}]},{"@type":"WebSite","@id":"https:\/\/www.euroakademie.de\/magazin\/#website","url":"https:\/\/www.euroakademie.de\/magazin\/","name":"Das Euro Akademie Magazin","description":"Gut informiert durch Ausbildung und Studium","publisher":{"@id":"https:\/\/www.euroakademie.de\/magazin\/#organization"},"potentialAction":[{"@type":"SearchAction","target":{"@type":"EntryPoint","urlTemplate":"https:\/\/www.euroakademie.de\/magazin\/?s={search_term_string}"},"query-input":{"@type":"PropertyValueSpecification","valueRequired":true,"valueName":"search_term_string"}}],"inLanguage":"de"},{"@type":"Organization","@id":"https:\/\/www.euroakademie.de\/magazin\/#organization","name":"ESO Education Group","url":"https:\/\/www.euroakademie.de\/magazin\/","logo":{"@type":"ImageObject","inLanguage":"de","@id":"https:\/\/www.euroakademie.de\/magazin\/#\/schema\/logo\/image\/","url":"https:\/\/relaunch.euroakademie.de\/magazin\/wp-content\/uploads\/2024\/11\/Logo_EA_negativ_Rahmen_5cm_300dpi_RGB.jpg","contentUrl":"https:\/\/relaunch.euroakademie.de\/magazin\/wp-content\/uploads\/2024\/11\/Logo_EA_negativ_Rahmen_5cm_300dpi_RGB.jpg","width":591,"height":236,"caption":"ESO Education Group"},"image":{"@id":"https:\/\/www.euroakademie.de\/magazin\/#\/schema\/logo\/image\/"}},{"@type":"Person","@id":"https:\/\/www.euroakademie.de\/magazin\/#\/schema\/person\/6927904de5cedfa8765d9b35681ccb28","name":"Nadine Elbert","description":"Von Sommer 2019 bis Herbst 2025 schrieb Nadine Elbert hier im Wechsel \u00fcber Themen aus den Bereichen Ausbildung, Studium und Beruf \u2013 und sch\u00f6pfte dabei auch aus ihrem reichhaltigen pers\u00f6nlichen Erfahrungsschatz.","url":"https:\/\/www.euroakademie.de\/magazin\/author\/nadine-elbert\/"}]}},"_links":{"self":[{"href":"https:\/\/www.euroakademie.de\/magazin\/wp-json\/wp\/v2\/posts\/14458","targetHints":{"allow":["GET"]}}],"collection":[{"href":"https:\/\/www.euroakademie.de\/magazin\/wp-json\/wp\/v2\/posts"}],"about":[{"href":"https:\/\/www.euroakademie.de\/magazin\/wp-json\/wp\/v2\/types\/post"}],"author":[{"embeddable":true,"href":"https:\/\/www.euroakademie.de\/magazin\/wp-json\/wp\/v2\/users\/79"}],"replies":[{"embeddable":true,"href":"https:\/\/www.euroakademie.de\/magazin\/wp-json\/wp\/v2\/comments?post=14458"}],"version-history":[{"count":0,"href":"https:\/\/www.euroakademie.de\/magazin\/wp-json\/wp\/v2\/posts\/14458\/revisions"}],"wp:featuredmedia":[{"embeddable":true,"href":"https:\/\/www.euroakademie.de\/magazin\/wp-json\/wp\/v2\/media\/14462"}],"wp:attachment":[{"href":"https:\/\/www.euroakademie.de\/magazin\/wp-json\/wp\/v2\/media?parent=14458"}],"wp:term":[{"taxonomy":"category","embeddable":true,"href":"https:\/\/www.euroakademie.de\/magazin\/wp-json\/wp\/v2\/categories?post=14458"},{"taxonomy":"post_tag","embeddable":true,"href":"https:\/\/www.euroakademie.de\/magazin\/wp-json\/wp\/v2\/tags?post=14458"}],"curies":[{"name":"wp","href":"https:\/\/api.w.org\/{rel}","templated":true}]}}