{"id":14500,"date":"2021-03-19T10:18:38","date_gmt":"2021-03-19T09:18:38","guid":{"rendered":"https:\/\/www.euroakademie.de\/magazin\/?p=14500"},"modified":"2021-03-19T10:18:38","modified_gmt":"2021-03-19T09:18:38","slug":"10-fragen-an-dennis-31-jahre-ingenieur","status":"publish","type":"post","link":"https:\/\/www.euroakademie.de\/magazin\/10-fragen-an-dennis-31-jahre-ingenieur\/","title":{"rendered":"Was bewegt uns heute? 10 Fragen an Dennis, 31 Jahre, Ingenieur."},"content":{"rendered":"\n\t\t\t\t<![CDATA[\n<p><strong>Wir leben in einer wirklich ungew\u00f6hnlichen Zeit.  Einer Zeit, die unser Leben auf den Kopf stellt, die uns zur\u00fcckwirft auf uns selbst. Die den Blick nach innen fordert, wenn im Au\u00dfen nix geht. Wir haben uns gefragt: Was bewegt junge, betagte, freiheitsliebende, kreative und viele andere Menschen gerade? Was macht sie gl\u00fccklich, wovor haben sie Angst, wof\u00fcr sind sie dankbar? Wir haben 10 Menschen ausgew\u00e4hlt, ihnen dieselben Fragen gestellt \u2013 und ganz unterschiedliche Antworten bekommen. Die n\u00e4chsten Freitage des Euro Akademie Magazins geh\u00f6ren \u201e10 Fragen an \u2026\u201c. <\/strong><\/p>\n\n\n\n<p><strong>Was macht dich gerade gl\u00fccklich?<\/strong><br \/>Durch Corona ist ja vieles eingeschr\u00e4nkt. Mehr Freiheit und soziale Kontakte w\u00e4ren super. Es gibt nat\u00fcrlich trotzdem Dinge, die mich gl\u00fccklich machen, zum Beispiel Gitarre spielen, mich online mit Freunden treffen und Sport machen. <\/p>\n\n\n\n<p><strong>Wie alt w\u00e4rst du gerne oder welches Lebensalter h\u00e4ttest du gerne f\u00fcr immer und warum? <\/strong>  <br \/>Ich w\u00e4re gerne wieder 25, das ist eine aufregende Zeit im Leben. Man ist nicht mehr superjung und naiv, aber man ist noch nicht sehr alt. F\u00fcr viele ist das ein Aufbruchsalter mit der Gr\u00fcndung einer Familie, Start in den Beruf, etc.<\/p>\n\n\n\n<div class=\"wp-block-image\"><figure class=\"aligncenter\"><img fetchpriority=\"high\" decoding=\"async\" width=\"1000\" height=\"668\" src=\"https:\/\/relaunch.euroakademie.de\/magazin\/wp-content\/uploads\/2021\/03\/shutterstock_1792970302.jpg\" alt=\"\" class=\"wp-image-14501\" srcset=\"https:\/\/www.euroakademie.de\/magazin\/wp-content\/uploads\/2021\/03\/shutterstock_1792970302.jpg 1000w, https:\/\/www.euroakademie.de\/magazin\/wp-content\/uploads\/2021\/03\/shutterstock_1792970302-300x200.jpg 300w, https:\/\/www.euroakademie.de\/magazin\/wp-content\/uploads\/2021\/03\/shutterstock_1792970302-768x513.jpg 768w, https:\/\/www.euroakademie.de\/magazin\/wp-content\/uploads\/2021\/03\/shutterstock_1792970302-150x100.jpg 150w, https:\/\/www.euroakademie.de\/magazin\/wp-content\/uploads\/2021\/03\/shutterstock_1792970302-450x301.jpg 450w\" sizes=\"(max-width: 1000px) 100vw, 1000px\" \/><figcaption><em>Dennis wollte nicht fotografiert werden. Als Ersatz gibt es ein Bild von einem Hund mit einer Ente auf dem Kopf.<\/em> <em>\u00a9otsphoto\/shutterstock.com<\/em> <\/figcaption><\/figure><\/div>\n\n\n\n<p><strong>Was sagen Deine Freunde \u00fcber Dich?<\/strong><br \/>Da musst du meine Freunde fragen. Ich w\u00fcrde ausschlie\u00dflich von positiven Dingen ausgehen.<\/p>\n\n\n\n<p><strong>Wof\u00fcr w\u00fcrdest du alles tun?<\/strong><br \/>Am wichtigsten w\u00e4re mir momentan, dass ich das Leben zur\u00fcckbekomme, das ich vor Corona hatte.<\/p>\n\n\n\n<p><strong>Hast du ein Vorbild?<\/strong><br \/>Nicht wirklich, nein.<\/p>\n\n\n\n<p><strong>Wovor hast du Angst?<\/strong><br \/>Kakerlaken. Wenn ich mir vorstelle, dass eine Kakerlake in meiner Wohnung w\u00e4re, ich glaube, ich w\u00fcrde ausziehen. <\/p>\n\n\n\n<p><strong>Woran denkst Du morgens zuerst?<\/strong><br \/>Das ist doch nicht jeden Morgen gleich. Ich denke morgens nicht viel. Ich denke generell nicht viel \ud83d\ude00 <\/p>\n\n\n\n<p><strong>Wof\u00fcr bist du dankbar?<\/strong><br \/>Freiheit. Ich bin froh, dass ich in einem freien Land wohne, in dem jeder sein Leben gestalten kann, wie er m\u00f6chte oder zumindest die Chance hat, sein Leben ohne Unterdr\u00fcckung zu gestalten. <\/p>\n\n\n\n<p><strong>Was hilft dir in Situationen, die schwierig sind?<\/strong><br \/>Ich gr\u00fcble nicht viel, sondern versuche die Dinge rational und analytisch anzugehen. Das geht nat\u00fcrlich nicht immer und kommt auf die Situation an. F\u00fcr Tipps bin ich dankbar \ud83d\ude09<\/p>\n\n\n\n<p><strong>Welche Frage haben wir vergessen?<\/strong><br \/>M\u00f6chtest du einen Kaffee?<\/p>\n\n\n\n<p><em><strong>Und wie ticken Sie? Wenn Sie Lust haben, unsere 10 Fragen zu beantworten, schreiben Sie uns einfach: <\/strong><\/em><a rel=\"noreferrer noopener\" aria-label=\" (\u00f6ffnet in neuem Tab)\" href=\"mailto:magazin@euroakademie.de\" target=\"_blank\"><em><strong>magazin@euroakademie.de<\/strong><\/em><\/a><\/p>\n\n\n\n<p><em>Bildquelle Beitragsbild: \u00a9 pathdoc\/shutterstock.com <\/em>[su_spacer] <\/p>\n]]>\t\t","protected":false},"excerpt":{"rendered":"<p>\t\t\t\t<![CDATA[Wir haben uns gefragt: Was bewegt junge, betagte, freiheitsliebende, kreative und andere Menschen gerade? Was macht sie gl\u00fccklich, wovor haben sie Angst?]]>\t\t<\/p>\n","protected":false},"author":76,"featured_media":14346,"comment_status":"closed","ping_status":"closed","sticky":false,"template":"","format":"standard","meta":{"footnotes":""},"categories":[118],"tags":[190,3109,3556,4381],"class_list":{"0":"post-14500","1":"post","2":"type-post","3":"status-publish","4":"format-standard","5":"has-post-thumbnail","7":"category-im-fokus","8":"tag-10-fragen-an","9":"tag-fragen","10":"tag-gespraech","11":"tag-kaffee"},"yoast_head":"<!-- This site is optimized with the Yoast SEO plugin v23.5 - https:\/\/yoast.com\/wordpress\/plugins\/seo\/ -->\n<title>Was bewegt uns heute? 10 Fragen an Dennis, 31 Jahre, Ingenieur.<\/title>\n<meta name=\"description\" content=\"Wir haben uns gefragt: Was bewegt junge, betagte, freiheitsliebende, kreative und andere Menschen gerade? Was macht sie gl\u00fccklich, wovor haben sie Angst?\" \/>\n<meta name=\"robots\" content=\"index, follow, max-snippet:-1, max-image-preview:large, max-video-preview:-1\" \/>\n<link rel=\"canonical\" href=\"https:\/\/www.euroakademie.de\/magazin\/10-fragen-an-dennis-31-jahre-ingenieur\/\" \/>\n<meta property=\"og:locale\" content=\"de_DE\" \/>\n<meta property=\"og:type\" content=\"article\" \/>\n<meta property=\"og:title\" content=\"Was bewegt uns heute? 10 Fragen an Dennis, 31 Jahre, Ingenieur.\" \/>\n<meta property=\"og:description\" content=\"Wir haben uns gefragt: Was bewegt junge, betagte, freiheitsliebende, kreative und andere Menschen gerade? Was macht sie gl\u00fccklich, wovor haben sie Angst?\" \/>\n<meta property=\"og:url\" content=\"https:\/\/www.euroakademie.de\/magazin\/10-fragen-an-dennis-31-jahre-ingenieur\/\" \/>\n<meta property=\"og:site_name\" content=\"Das Euro Akademie Magazin\" \/>\n<meta property=\"article:published_time\" content=\"2021-03-19T09:18:38+00:00\" \/>\n<meta property=\"og:image\" content=\"https:\/\/www.euroakademie.de\/magazin\/wp-content\/uploads\/2021\/02\/shutterstock_637520197_702x336-web.jpg\" \/>\n\t<meta property=\"og:image:width\" content=\"702\" \/>\n\t<meta property=\"og:image:height\" content=\"336\" \/>\n\t<meta property=\"og:image:type\" content=\"image\/jpeg\" \/>\n<meta name=\"author\" content=\"Anna R\u00fcppel\" \/>\n<meta name=\"twitter:card\" content=\"summary_large_image\" \/>\n<meta name=\"twitter:label1\" content=\"Verfasst von\" \/>\n\t<meta name=\"twitter:data1\" content=\"Anna R\u00fcppel\" \/>\n\t<meta name=\"twitter:label2\" content=\"Gesch\u00e4tzte Lesezeit\" \/>\n\t<meta name=\"twitter:data2\" content=\"2\u00a0Minuten\" \/>\n<script type=\"application\/ld+json\" class=\"yoast-schema-graph\">{\"@context\":\"https:\/\/schema.org\",\"@graph\":[{\"@type\":\"Article\",\"@id\":\"https:\/\/www.euroakademie.de\/magazin\/10-fragen-an-dennis-31-jahre-ingenieur\/#article\",\"isPartOf\":{\"@id\":\"https:\/\/www.euroakademie.de\/magazin\/10-fragen-an-dennis-31-jahre-ingenieur\/\"},\"author\":{\"name\":\"Anna R\u00fcppel\",\"@id\":\"https:\/\/www.euroakademie.de\/magazin\/#\/schema\/person\/60fedb6ea7279f88d9086938e970d05e\"},\"headline\":\"Was bewegt uns heute? 10 Fragen an Dennis, 31 Jahre, Ingenieur.\",\"datePublished\":\"2021-03-19T09:18:38+00:00\",\"dateModified\":\"2021-03-19T09:18:38+00:00\",\"mainEntityOfPage\":{\"@id\":\"https:\/\/www.euroakademie.de\/magazin\/10-fragen-an-dennis-31-jahre-ingenieur\/\"},\"wordCount\":441,\"publisher\":{\"@id\":\"https:\/\/www.euroakademie.de\/magazin\/#organization\"},\"image\":{\"@id\":\"https:\/\/www.euroakademie.de\/magazin\/10-fragen-an-dennis-31-jahre-ingenieur\/#primaryimage\"},\"thumbnailUrl\":\"https:\/\/www.euroakademie.de\/magazin\/wp-content\/uploads\/2021\/02\/shutterstock_637520197_702x336-web.jpg\",\"keywords\":[\"10 Fragen an\",\"Fragen\",\"Gespr\u00e4ch\",\"Kaffee\"],\"articleSection\":[\"Im Fokus\"],\"inLanguage\":\"de\"},{\"@type\":\"WebPage\",\"@id\":\"https:\/\/www.euroakademie.de\/magazin\/10-fragen-an-dennis-31-jahre-ingenieur\/\",\"url\":\"https:\/\/www.euroakademie.de\/magazin\/10-fragen-an-dennis-31-jahre-ingenieur\/\",\"name\":\"Was bewegt uns heute? 10 Fragen an Dennis, 31 Jahre, Ingenieur.\",\"isPartOf\":{\"@id\":\"https:\/\/www.euroakademie.de\/magazin\/#website\"},\"primaryImageOfPage\":{\"@id\":\"https:\/\/www.euroakademie.de\/magazin\/10-fragen-an-dennis-31-jahre-ingenieur\/#primaryimage\"},\"image\":{\"@id\":\"https:\/\/www.euroakademie.de\/magazin\/10-fragen-an-dennis-31-jahre-ingenieur\/#primaryimage\"},\"thumbnailUrl\":\"https:\/\/www.euroakademie.de\/magazin\/wp-content\/uploads\/2021\/02\/shutterstock_637520197_702x336-web.jpg\",\"datePublished\":\"2021-03-19T09:18:38+00:00\",\"dateModified\":\"2021-03-19T09:18:38+00:00\",\"description\":\"Wir haben uns gefragt: Was bewegt junge, betagte, freiheitsliebende, kreative und andere Menschen gerade? Was macht sie gl\u00fccklich, wovor haben sie Angst?\",\"breadcrumb\":{\"@id\":\"https:\/\/www.euroakademie.de\/magazin\/10-fragen-an-dennis-31-jahre-ingenieur\/#breadcrumb\"},\"inLanguage\":\"de\",\"potentialAction\":[{\"@type\":\"ReadAction\",\"target\":[\"https:\/\/www.euroakademie.de\/magazin\/10-fragen-an-dennis-31-jahre-ingenieur\/\"]}]},{\"@type\":\"ImageObject\",\"inLanguage\":\"de\",\"@id\":\"https:\/\/www.euroakademie.de\/magazin\/10-fragen-an-dennis-31-jahre-ingenieur\/#primaryimage\",\"url\":\"https:\/\/www.euroakademie.de\/magazin\/wp-content\/uploads\/2021\/02\/shutterstock_637520197_702x336-web.jpg\",\"contentUrl\":\"https:\/\/www.euroakademie.de\/magazin\/wp-content\/uploads\/2021\/02\/shutterstock_637520197_702x336-web.jpg\",\"width\":702,\"height\":336,\"caption\":\"\"},{\"@type\":\"BreadcrumbList\",\"@id\":\"https:\/\/www.euroakademie.de\/magazin\/10-fragen-an-dennis-31-jahre-ingenieur\/#breadcrumb\",\"itemListElement\":[{\"@type\":\"ListItem\",\"position\":1,\"name\":\"Startseite\",\"item\":\"https:\/\/www.euroakademie.de\/magazin\/\"},{\"@type\":\"ListItem\",\"position\":2,\"name\":\"Was bewegt uns heute? 10 Fragen an Dennis, 31 Jahre, Ingenieur.\"}]},{\"@type\":\"WebSite\",\"@id\":\"https:\/\/www.euroakademie.de\/magazin\/#website\",\"url\":\"https:\/\/www.euroakademie.de\/magazin\/\",\"name\":\"Das Euro Akademie Magazin\",\"description\":\"Gut informiert durch Ausbildung und Studium\",\"publisher\":{\"@id\":\"https:\/\/www.euroakademie.de\/magazin\/#organization\"},\"potentialAction\":[{\"@type\":\"SearchAction\",\"target\":{\"@type\":\"EntryPoint\",\"urlTemplate\":\"https:\/\/www.euroakademie.de\/magazin\/?s={search_term_string}\"},\"query-input\":{\"@type\":\"PropertyValueSpecification\",\"valueRequired\":true,\"valueName\":\"search_term_string\"}}],\"inLanguage\":\"de\"},{\"@type\":\"Organization\",\"@id\":\"https:\/\/www.euroakademie.de\/magazin\/#organization\",\"name\":\"ESO Education Group\",\"url\":\"https:\/\/www.euroakademie.de\/magazin\/\",\"logo\":{\"@type\":\"ImageObject\",\"inLanguage\":\"de\",\"@id\":\"https:\/\/www.euroakademie.de\/magazin\/#\/schema\/logo\/image\/\",\"url\":\"https:\/\/relaunch.euroakademie.de\/magazin\/wp-content\/uploads\/2024\/11\/Logo_EA_negativ_Rahmen_5cm_300dpi_RGB.jpg\",\"contentUrl\":\"https:\/\/relaunch.euroakademie.de\/magazin\/wp-content\/uploads\/2024\/11\/Logo_EA_negativ_Rahmen_5cm_300dpi_RGB.jpg\",\"width\":591,\"height\":236,\"caption\":\"ESO Education Group\"},\"image\":{\"@id\":\"https:\/\/www.euroakademie.de\/magazin\/#\/schema\/logo\/image\/\"}},{\"@type\":\"Person\",\"@id\":\"https:\/\/www.euroakademie.de\/magazin\/#\/schema\/person\/60fedb6ea7279f88d9086938e970d05e\",\"name\":\"Anna R\u00fcppel\",\"description\":\"Anna R\u00fcppel ist mit 1,78 m die Gr\u00f6\u00dfte, wenn es um Ausbildung und Beruf geht. Als Kind war sie kleiner. Von April 2019 bis November 2022 schrieb sie kleinere und gr\u00f6\u00dfere Artikel f\u00fcr das Euro Akademie Magazin.\",\"url\":\"https:\/\/www.euroakademie.de\/magazin\/author\/rueppela\/\"}]}<\/script>\n<!-- \/ Yoast SEO plugin. -->","yoast_head_json":{"title":"Was bewegt uns heute? 10 Fragen an Dennis, 31 Jahre, Ingenieur.","description":"Wir haben uns gefragt: Was bewegt junge, betagte, freiheitsliebende, kreative und andere Menschen gerade? Was macht sie gl\u00fccklich, wovor haben sie Angst?","robots":{"index":"index","follow":"follow","max-snippet":"max-snippet:-1","max-image-preview":"max-image-preview:large","max-video-preview":"max-video-preview:-1"},"canonical":"https:\/\/www.euroakademie.de\/magazin\/10-fragen-an-dennis-31-jahre-ingenieur\/","og_locale":"de_DE","og_type":"article","og_title":"Was bewegt uns heute? 10 Fragen an Dennis, 31 Jahre, Ingenieur.","og_description":"Wir haben uns gefragt: Was bewegt junge, betagte, freiheitsliebende, kreative und andere Menschen gerade? Was macht sie gl\u00fccklich, wovor haben sie Angst?","og_url":"https:\/\/www.euroakademie.de\/magazin\/10-fragen-an-dennis-31-jahre-ingenieur\/","og_site_name":"Das Euro Akademie Magazin","article_published_time":"2021-03-19T09:18:38+00:00","og_image":[{"width":702,"height":336,"url":"https:\/\/www.euroakademie.de\/magazin\/wp-content\/uploads\/2021\/02\/shutterstock_637520197_702x336-web.jpg","type":"image\/jpeg"}],"author":"Anna R\u00fcppel","twitter_card":"summary_large_image","twitter_misc":{"Verfasst von":"Anna R\u00fcppel","Gesch\u00e4tzte Lesezeit":"2\u00a0Minuten"},"schema":{"@context":"https:\/\/schema.org","@graph":[{"@type":"Article","@id":"https:\/\/www.euroakademie.de\/magazin\/10-fragen-an-dennis-31-jahre-ingenieur\/#article","isPartOf":{"@id":"https:\/\/www.euroakademie.de\/magazin\/10-fragen-an-dennis-31-jahre-ingenieur\/"},"author":{"name":"Anna R\u00fcppel","@id":"https:\/\/www.euroakademie.de\/magazin\/#\/schema\/person\/60fedb6ea7279f88d9086938e970d05e"},"headline":"Was bewegt uns heute? 10 Fragen an Dennis, 31 Jahre, Ingenieur.","datePublished":"2021-03-19T09:18:38+00:00","dateModified":"2021-03-19T09:18:38+00:00","mainEntityOfPage":{"@id":"https:\/\/www.euroakademie.de\/magazin\/10-fragen-an-dennis-31-jahre-ingenieur\/"},"wordCount":441,"publisher":{"@id":"https:\/\/www.euroakademie.de\/magazin\/#organization"},"image":{"@id":"https:\/\/www.euroakademie.de\/magazin\/10-fragen-an-dennis-31-jahre-ingenieur\/#primaryimage"},"thumbnailUrl":"https:\/\/www.euroakademie.de\/magazin\/wp-content\/uploads\/2021\/02\/shutterstock_637520197_702x336-web.jpg","keywords":["10 Fragen an","Fragen","Gespr\u00e4ch","Kaffee"],"articleSection":["Im Fokus"],"inLanguage":"de"},{"@type":"WebPage","@id":"https:\/\/www.euroakademie.de\/magazin\/10-fragen-an-dennis-31-jahre-ingenieur\/","url":"https:\/\/www.euroakademie.de\/magazin\/10-fragen-an-dennis-31-jahre-ingenieur\/","name":"Was bewegt uns heute? 10 Fragen an Dennis, 31 Jahre, Ingenieur.","isPartOf":{"@id":"https:\/\/www.euroakademie.de\/magazin\/#website"},"primaryImageOfPage":{"@id":"https:\/\/www.euroakademie.de\/magazin\/10-fragen-an-dennis-31-jahre-ingenieur\/#primaryimage"},"image":{"@id":"https:\/\/www.euroakademie.de\/magazin\/10-fragen-an-dennis-31-jahre-ingenieur\/#primaryimage"},"thumbnailUrl":"https:\/\/www.euroakademie.de\/magazin\/wp-content\/uploads\/2021\/02\/shutterstock_637520197_702x336-web.jpg","datePublished":"2021-03-19T09:18:38+00:00","dateModified":"2021-03-19T09:18:38+00:00","description":"Wir haben uns gefragt: Was bewegt junge, betagte, freiheitsliebende, kreative und andere Menschen gerade? Was macht sie gl\u00fccklich, wovor haben sie Angst?","breadcrumb":{"@id":"https:\/\/www.euroakademie.de\/magazin\/10-fragen-an-dennis-31-jahre-ingenieur\/#breadcrumb"},"inLanguage":"de","potentialAction":[{"@type":"ReadAction","target":["https:\/\/www.euroakademie.de\/magazin\/10-fragen-an-dennis-31-jahre-ingenieur\/"]}]},{"@type":"ImageObject","inLanguage":"de","@id":"https:\/\/www.euroakademie.de\/magazin\/10-fragen-an-dennis-31-jahre-ingenieur\/#primaryimage","url":"https:\/\/www.euroakademie.de\/magazin\/wp-content\/uploads\/2021\/02\/shutterstock_637520197_702x336-web.jpg","contentUrl":"https:\/\/www.euroakademie.de\/magazin\/wp-content\/uploads\/2021\/02\/shutterstock_637520197_702x336-web.jpg","width":702,"height":336,"caption":""},{"@type":"BreadcrumbList","@id":"https:\/\/www.euroakademie.de\/magazin\/10-fragen-an-dennis-31-jahre-ingenieur\/#breadcrumb","itemListElement":[{"@type":"ListItem","position":1,"name":"Startseite","item":"https:\/\/www.euroakademie.de\/magazin\/"},{"@type":"ListItem","position":2,"name":"Was bewegt uns heute? 10 Fragen an Dennis, 31 Jahre, Ingenieur."}]},{"@type":"WebSite","@id":"https:\/\/www.euroakademie.de\/magazin\/#website","url":"https:\/\/www.euroakademie.de\/magazin\/","name":"Das Euro Akademie Magazin","description":"Gut informiert durch Ausbildung und Studium","publisher":{"@id":"https:\/\/www.euroakademie.de\/magazin\/#organization"},"potentialAction":[{"@type":"SearchAction","target":{"@type":"EntryPoint","urlTemplate":"https:\/\/www.euroakademie.de\/magazin\/?s={search_term_string}"},"query-input":{"@type":"PropertyValueSpecification","valueRequired":true,"valueName":"search_term_string"}}],"inLanguage":"de"},{"@type":"Organization","@id":"https:\/\/www.euroakademie.de\/magazin\/#organization","name":"ESO Education Group","url":"https:\/\/www.euroakademie.de\/magazin\/","logo":{"@type":"ImageObject","inLanguage":"de","@id":"https:\/\/www.euroakademie.de\/magazin\/#\/schema\/logo\/image\/","url":"https:\/\/relaunch.euroakademie.de\/magazin\/wp-content\/uploads\/2024\/11\/Logo_EA_negativ_Rahmen_5cm_300dpi_RGB.jpg","contentUrl":"https:\/\/relaunch.euroakademie.de\/magazin\/wp-content\/uploads\/2024\/11\/Logo_EA_negativ_Rahmen_5cm_300dpi_RGB.jpg","width":591,"height":236,"caption":"ESO Education Group"},"image":{"@id":"https:\/\/www.euroakademie.de\/magazin\/#\/schema\/logo\/image\/"}},{"@type":"Person","@id":"https:\/\/www.euroakademie.de\/magazin\/#\/schema\/person\/60fedb6ea7279f88d9086938e970d05e","name":"Anna R\u00fcppel","description":"Anna R\u00fcppel ist mit 1,78 m die Gr\u00f6\u00dfte, wenn es um Ausbildung und Beruf geht. Als Kind war sie kleiner. Von April 2019 bis November 2022 schrieb sie kleinere und gr\u00f6\u00dfere Artikel f\u00fcr das Euro Akademie Magazin.","url":"https:\/\/www.euroakademie.de\/magazin\/author\/rueppela\/"}]}},"_links":{"self":[{"href":"https:\/\/www.euroakademie.de\/magazin\/wp-json\/wp\/v2\/posts\/14500","targetHints":{"allow":["GET"]}}],"collection":[{"href":"https:\/\/www.euroakademie.de\/magazin\/wp-json\/wp\/v2\/posts"}],"about":[{"href":"https:\/\/www.euroakademie.de\/magazin\/wp-json\/wp\/v2\/types\/post"}],"author":[{"embeddable":true,"href":"https:\/\/www.euroakademie.de\/magazin\/wp-json\/wp\/v2\/users\/76"}],"replies":[{"embeddable":true,"href":"https:\/\/www.euroakademie.de\/magazin\/wp-json\/wp\/v2\/comments?post=14500"}],"version-history":[{"count":0,"href":"https:\/\/www.euroakademie.de\/magazin\/wp-json\/wp\/v2\/posts\/14500\/revisions"}],"wp:featuredmedia":[{"embeddable":true,"href":"https:\/\/www.euroakademie.de\/magazin\/wp-json\/wp\/v2\/media\/14346"}],"wp:attachment":[{"href":"https:\/\/www.euroakademie.de\/magazin\/wp-json\/wp\/v2\/media?parent=14500"}],"wp:term":[{"taxonomy":"category","embeddable":true,"href":"https:\/\/www.euroakademie.de\/magazin\/wp-json\/wp\/v2\/categories?post=14500"},{"taxonomy":"post_tag","embeddable":true,"href":"https:\/\/www.euroakademie.de\/magazin\/wp-json\/wp\/v2\/tags?post=14500"}],"curies":[{"name":"wp","href":"https:\/\/api.w.org\/{rel}","templated":true}]}}