{"id":14519,"date":"2021-03-29T10:06:09","date_gmt":"2021-03-29T08:06:09","guid":{"rendered":"https:\/\/www.euroakademie.de\/magazin\/?p=14519"},"modified":"2025-01-09T13:58:36","modified_gmt":"2025-01-09T12:58:36","slug":"deutscher-gruenderpreis-fuer-schueler-azubis-mit-vielversprechender-idee-am-start","status":"publish","type":"post","link":"https:\/\/www.euroakademie.de\/magazin\/deutscher-gruenderpreis-fuer-schueler-azubis-mit-vielversprechender-idee-am-start\/","title":{"rendered":"Deutscher Gr\u00fcnderpreis f\u00fcr Sch\u00fcler: Azubis mit vielversprechender Idee am Start"},"content":{"rendered":"<p><![CDATA[\n<\/p>\n\n\n<p><strong>Junge Menschen haben Visionen. Damit aus diesen auch handfeste Konzepte und Gesch\u00e4ftsmodelle entstehen k\u00f6nnen, haben das Wochenmagazin Stern, die Sparkassen, das ZDF und die Porsche AG den Deutschen Gr\u00fcnderpreis f\u00fcr Sch\u00fclerinnen ins Leben gerufen. Das Ziel: den Gr\u00fcndungswillen junger Menschen unterst\u00fctzen und Mut machen, auf eigenen unternehmerischen Beinen zu stehen. <\/strong><\/p>\n\n\n\n<h2 class=\"wp-block-heading\">F\u00fcnf Sch\u00fcler*innen der Euro Akademie im Gr\u00fcndungsteam<\/h2>\n\n\n\n<p>An der Euro Akademie Wiesbaden stellen sich 5 Sch\u00fclerinnen aus der Ausbildung <a href=\"https:\/\/www.euroakademie.de\/wiesbaden\/bildungsangebote\/details\/_2____AZ2_F18S_1\/Kaufmaennischer-Assistentin-Fachrichtung-Fremdsprachensekretaria\" target=\"_blank\" rel=\"noreferrer noopener\" label=\"Kaufm\u00e4nnische*r Assistent*in Fremdsprachen und Korrespondenz (\u00f6ffnet in neuem Tab)\">Kaufm\u00e4nnische*r Assistent*in Fremdsprachen und Korrespondenz<\/a> mit Unterst\u00fctzung ihres Fachlehrers der spannenden Aufgabe, aus ihrer Idee ein Gesch\u00e4ftskonzept zu machen. Eine Herausforderung, die sie dem Berufsleben ein ganzes St\u00fcck n\u00e4herbringen wird. Die angehenden Kaufm\u00e4nnischen Assistent*innen haben sich einem Thema angenommen, das zu einem der gr\u00f6\u00dften unserer Zeit geh\u00f6rt: Die Befreiung der Ozeane von Plastikm\u00fcll.     <\/p>\n\n\n\n<p><strong>Im Folgenden berichten Sultan Altuntas, Chantal B\u00e4rsch, Sana Shir, Dominik Soni und Helena Ayla Yilmaz \u00fcber ihre Idee und die ersten Erfahrungen in dem spannenden Projekt:<\/strong><\/p>\n\n\n<div class=\"wp-block-image\">\n<figure class=\"aligncenter\"><img fetchpriority=\"high\" decoding=\"async\" width=\"746\" height=\"229\" src=\"https:\/\/relaunch.euroakademie.de\/magazin\/wp-content\/uploads\/2021\/03\/collage_gruenderpreis2.png\" alt=\"\" class=\"wp-image-14520\" srcset=\"https:\/\/www.euroakademie.de\/magazin\/wp-content\/uploads\/2021\/03\/collage_gruenderpreis2.png 746w, https:\/\/www.euroakademie.de\/magazin\/wp-content\/uploads\/2021\/03\/collage_gruenderpreis2-300x92.png 300w, https:\/\/www.euroakademie.de\/magazin\/wp-content\/uploads\/2021\/03\/collage_gruenderpreis2-150x46.png 150w, https:\/\/www.euroakademie.de\/magazin\/wp-content\/uploads\/2021\/03\/collage_gruenderpreis2-450x138.png 450w\" sizes=\"(max-width: 746px) 100vw, 746px\" \/><\/figure>\n<\/div>\n\n\n<p>Zum Start des Projektes haben wir uns als Team \u201cOceanClean\u201d gefunden und unsere Idee entwickelt. Wir wollen dazu beitragen, dass Mikroplastik aus den Ozeanen entfernt werden kann. Dazu wird eine Konstruktion aus einem U-Boot und einer Art Staubsauger eingesetzt und das Meer von Mikroplastik reinigt. Dieses Projekt m\u00f6chten wir den Regierungen der betroffenen Regionen, Umweltschutzorganisationen, Hotels und den Reiseunternehmen anbieten. <\/p>\n\n\n<div class=\"wp-block-image\">\n<figure class=\"alignleft is-resized\"><img decoding=\"async\" width=\"300\" height=\"300\" src=\"https:\/\/relaunch.euroakademie.de\/magazin\/wp-content\/uploads\/2021\/03\/LogoSultan_web-1-300x300.jpg\" alt=\"\" class=\"wp-image-14529\" style=\"width:280px;height:280px\" srcset=\"https:\/\/www.euroakademie.de\/magazin\/wp-content\/uploads\/2021\/03\/LogoSultan_web-1-300x300.jpg 300w, https:\/\/www.euroakademie.de\/magazin\/wp-content\/uploads\/2021\/03\/LogoSultan_web-1-150x150.jpg 150w, https:\/\/www.euroakademie.de\/magazin\/wp-content\/uploads\/2021\/03\/LogoSultan_web-1-450x450.jpg 450w, https:\/\/www.euroakademie.de\/magazin\/wp-content\/uploads\/2021\/03\/LogoSultan_web-1.jpg 500w\" sizes=\"(max-width: 300px) 100vw, 300px\" \/><figcaption class=\"wp-element-caption\">Logo von  Sultan Altuntas <\/figcaption><\/figure>\n<\/div>\n\n\n<p>Das Besondere daran ist, dass wir das Meer reinigen, ohne dass es die Lebewesen gef\u00e4hrdet. Daf\u00fcr benutzen wir umweltfreundliche und erneuerbare Energien. Im Unterschied zu Schiffen, die bisher im Einsatz sind, um das Meer vom M\u00fcll zu befreien, dringen die U-Boote auch in tiefere Meeresschichten vor. Au\u00dferdem kommen keine Netze zum Einsatz, in denen sich Tiere verfangen k\u00f6nnten.<\/p>\n\n\n\n<p>Nachdem die Idee feststand, ging es gleich an die Arbeit. Wir haben uns registriert, eine Unternehmenspatin und einen Coach gefunden \u2013 den wir auch gleich interviewt haben. Die ersten Unterlagen haben wir bereits auf dem Deutschen-Gr\u00fcnderpreis-Portal hochgeladen.<\/p>\n\n\n\n<h2 class=\"wp-block-heading\">Das steckt hinter der Idee: 80 Millionen Tonnen M\u00fcll gef\u00e4hrden Mensch und Tier<\/h2>\n\n\n\n<p>Laut der Umweltschutzorganisation WWF landen jedes Jahr etwa 5 bis 12 Millionen Tonnen M\u00fcll in unseren Ozeanen. Das entspricht mindestens einer Lastwagenladung pro Stunde. Den meisten M\u00fcll nehmen wir nicht wahr, denn er schwimmt unter der Wasseroberfl\u00e4che. Etwa 70 Prozent davon liegt auf dem Meeresboden. Derzeit befinden sich rund 80 Millionen Tonnen M\u00fcll, vor allem Plastik, im Meer. Kunststoffe werden nur sehr langsam abgebaut und geben giftige Stoffe ins Wasser ab. Au\u00dferdem denken die Fische, herumschwimmende Plastikteilchen w\u00e4ren Nahrung \u2013 viele Tiere sterben daran, da sie diese nicht verdauen k\u00f6nnen. Sie verhungern quasi bei vollem Magen. Eine Katastrophe, die dringend gestoppt werden muss.<\/p>\n\n\n\n<h2 class=\"wp-block-heading\">Von der Idee zum Businessplan<\/h2>\n\n\n<div class=\"wp-block-image\">\n<figure class=\"alignleft\"><img decoding=\"async\" width=\"300\" height=\"200\" src=\"https:\/\/relaunch.euroakademie.de\/magazin\/wp-content\/uploads\/2021\/03\/dgps_Logo_Wir_machen_mit_760x506_grau20-300x200.jpg\" alt=\"\" class=\"wp-image-14541\" srcset=\"https:\/\/www.euroakademie.de\/magazin\/wp-content\/uploads\/2021\/03\/dgps_Logo_Wir_machen_mit_760x506_grau20-300x200.jpg 300w, https:\/\/www.euroakademie.de\/magazin\/wp-content\/uploads\/2021\/03\/dgps_Logo_Wir_machen_mit_760x506_grau20-150x100.jpg 150w, https:\/\/www.euroakademie.de\/magazin\/wp-content\/uploads\/2021\/03\/dgps_Logo_Wir_machen_mit_760x506_grau20-450x300.jpg 450w, https:\/\/www.euroakademie.de\/magazin\/wp-content\/uploads\/2021\/03\/dgps_Logo_Wir_machen_mit_760x506_grau20.jpg 760w\" sizes=\"(max-width: 300px) 100vw, 300px\" \/><\/figure>\n<\/div>\n\n\n<p>Die Idee ist sehr gut, keine Frage. Trotzdem liegen vor dem Gr\u00fcnderteam der Euro Akademie einige arbeitsreiche Wochen, in denen aus der blo\u00dfen Idee ein handfester Businessplan entstehen muss. F\u00fcr jede bearbeitete Aufgabe bekommt das Team von einer Fachjury Punkte \u2013 sollte die Mindestpunktzahl bis Mai erreicht werden, bewertet ein Gremium aus Finanz- und Wirtschaftsexperten die Konzepte. Die besten 30 werden dann nochmal diskutiert und beurteilt, um anschlie\u00dfend die Top Ten aller Teilnehmenden auf dem Tisch zu haben. \u00dcbrigens: Es gewinnen nicht die genialsten Ideen, sondern die besten Businesspl\u00e4ne.  <\/p>\n\n\n\n<p>Die Sch\u00fcler*innen sind begeistert von ihrem Vorhaben und dankbar, eine Unternehmenspatin an der Seite zu haben, die sie dabei unterst\u00fctzt, einen niet- und nagelfesten Businessplan zu erstellen: \u201eDie Zusammenarbeit l\u00e4uft gut an, es hat Spa\u00df gemacht, sich mit der Idee zu besch\u00e4ftigen und diese auszubauen. Wir konnten unsere Fantasie einbringen und prima miteinander dar\u00fcber reden, wie wir unsere Vorstellungen umsetzen k\u00f6nnen. Aber wir sehen schon, dass es anspruchsvoller und kniffliger wird, einen Businessplan zu erfassen und sind froh, von der Unternehmenspatin viel Hilfe und Hinweise daf\u00fcr zu bekommen. Wir sind gespannt auf die n\u00e4chsten Herausforderungen mit unserem Projekt.\u201c <\/p>\n\n\n\n<p>Die Euro Akademie Wiesbaden geht mit einer starken Idee ins Rennen. Jetzt dr\u00fccken wir die Daumen, dass sie auch beim Businessplan punkten werden. Wir sind gespannt auf weitere spannende Nachrichten und Ergebnisse aus dem Gr\u00fcndungsteam. <\/p>\n\n\n\n<h2 class=\"wp-block-heading\">W\u00e4re das nicht auch eine Ausbildung f\u00fcr Sie?<\/h2>\n\n\n\n<p>Sie interessieren sich f\u00fcr Fremdsprachen, wollen Ihr Organisationstalent zum Gl\u00e4nzen bringen und sich fundiertes kaufm\u00e4nnisches Wissen aneignen? Dann ist die Ausbildung zum*r Kaufm\u00e4nnischen Assistent*in Fremdsprachen und Korrespondenz genau das Richtige f\u00fcr Sie!<\/p>\n\n\n\n<div class=\"wp-block-buttons is-content-justification-center is-layout-flex wp-container-core-buttons-is-layout-16018d1d wp-block-buttons-is-layout-flex\">\n<div class=\"wp-block-button has-custom-font-size has-regular-font-size\"><a class=\"wp-block-button__link has-white-color has-text-color has-background has-link-color wp-element-button\" href=\"https:\/\/www.euroakademie.de\/details\/_2____AZ2_F18S_1\/Kaufmaennischer-Assistentin-Fachrichtung-Fremdsprachensekretaria\" style=\"background-color:#0abbef;padding-top:var(--wp--preset--spacing--30);padding-right:var(--wp--preset--spacing--20);padding-bottom:var(--wp--preset--spacing--30);padding-left:var(--wp--preset--spacing--20)\">Hier finden sie alle Infos!<\/a><\/div>\n<\/div>\n\n\n\n<p><em>Bildquelle Beitragsbild: \u00a9 ImageFlow \/shutterstock.com<\/em><\/p>\n","protected":false},"excerpt":{"rendered":"<p>Junge Menschen haben Visionen. Der Deutsche Gr\u00fcnderpreis f\u00f6rdert Ideen und unternehmerisches Denken junger Menschen. F\u00fcnf Sch\u00fcler*innen der Euro Akademie Wiesbaden haben eine zukunftsweisende Idee.<\/p>\n","protected":false},"author":58,"featured_media":14522,"comment_status":"closed","ping_status":"closed","sticky":false,"template":"","format":"standard","meta":{"footnotes":""},"categories":[43,46],"tags":[799,3514,7864,9199],"class_list":{"0":"post-14519","1":"post","2":"type-post","3":"status-publish","4":"format-standard","5":"has-post-thumbnail","7":"category-wiesbaden","8":"category-wirtschaft-management","9":"tag-ausbildung","10":"tag-geschaeftsidee","11":"tag-start-up","12":"tag-wiesbaden"},"yoast_head":"<!-- This site is optimized with the Yoast SEO plugin v23.5 - https:\/\/yoast.com\/wordpress\/plugins\/seo\/ -->\n<title>Deutscher Gr\u00fcnderpreis: Azubis der Euro Akademie Wiesbaden sind dabei<\/title>\n<meta name=\"description\" content=\"Der Deutsche Gr\u00fcnderpreis f\u00fcr Sch\u00fcler f\u00f6rdert Ideen und unternehmerisches Denken junger Menschen. Azubis der Euro Akademie haben eine zukunftsweisende Idee.\" \/>\n<meta name=\"robots\" content=\"index, follow, max-snippet:-1, max-image-preview:large, max-video-preview:-1\" \/>\n<link rel=\"canonical\" href=\"https:\/\/www.euroakademie.de\/magazin\/deutscher-gruenderpreis-fuer-schueler-azubis-mit-vielversprechender-idee-am-start\/\" \/>\n<meta property=\"og:locale\" content=\"de_DE\" \/>\n<meta property=\"og:type\" content=\"article\" \/>\n<meta property=\"og:title\" content=\"Deutscher Gr\u00fcnderpreis: Azubis der Euro Akademie Wiesbaden sind dabei\" \/>\n<meta property=\"og:description\" content=\"Der Deutsche Gr\u00fcnderpreis f\u00fcr Sch\u00fcler f\u00f6rdert Ideen und unternehmerisches Denken junger Menschen. Azubis der Euro Akademie haben eine zukunftsweisende Idee.\" \/>\n<meta property=\"og:url\" content=\"https:\/\/www.euroakademie.de\/magazin\/deutscher-gruenderpreis-fuer-schueler-azubis-mit-vielversprechender-idee-am-start\/\" \/>\n<meta property=\"og:site_name\" content=\"Das Euro Akademie Magazin\" \/>\n<meta property=\"article:published_time\" content=\"2021-03-29T08:06:09+00:00\" \/>\n<meta property=\"article:modified_time\" content=\"2025-01-09T12:58:36+00:00\" \/>\n<meta property=\"og:image\" content=\"https:\/\/www.euroakademie.de\/magazin\/wp-content\/uploads\/2021\/03\/shutterstock_749241724_702x336.jpg\" \/>\n\t<meta property=\"og:image:width\" content=\"702\" \/>\n\t<meta property=\"og:image:height\" content=\"336\" \/>\n\t<meta property=\"og:image:type\" content=\"image\/jpeg\" \/>\n<meta name=\"author\" content=\"Tanja H\u00f6fling\" \/>\n<meta name=\"twitter:card\" content=\"summary_large_image\" \/>\n<meta name=\"twitter:label1\" content=\"Verfasst von\" \/>\n\t<meta name=\"twitter:data1\" content=\"Tanja H\u00f6fling\" \/>\n\t<meta name=\"twitter:label2\" content=\"Gesch\u00e4tzte Lesezeit\" \/>\n\t<meta name=\"twitter:data2\" content=\"1\u00a0Minute\" \/>\n<script type=\"application\/ld+json\" class=\"yoast-schema-graph\">{\"@context\":\"https:\/\/schema.org\",\"@graph\":[{\"@type\":\"Article\",\"@id\":\"https:\/\/www.euroakademie.de\/magazin\/deutscher-gruenderpreis-fuer-schueler-azubis-mit-vielversprechender-idee-am-start\/#article\",\"isPartOf\":{\"@id\":\"https:\/\/www.euroakademie.de\/magazin\/deutscher-gruenderpreis-fuer-schueler-azubis-mit-vielversprechender-idee-am-start\/\"},\"author\":{\"name\":\"Tanja H\u00f6fling\",\"@id\":\"https:\/\/www.euroakademie.de\/magazin\/#\/schema\/person\/2c0d3896d19e86373c87f4ac022d4919\"},\"headline\":\"Deutscher Gr\u00fcnderpreis f\u00fcr Sch\u00fcler: Azubis mit vielversprechender Idee am Start\",\"datePublished\":\"2021-03-29T08:06:09+00:00\",\"dateModified\":\"2025-01-09T12:58:36+00:00\",\"mainEntityOfPage\":{\"@id\":\"https:\/\/www.euroakademie.de\/magazin\/deutscher-gruenderpreis-fuer-schueler-azubis-mit-vielversprechender-idee-am-start\/\"},\"wordCount\":769,\"publisher\":{\"@id\":\"https:\/\/www.euroakademie.de\/magazin\/#organization\"},\"image\":{\"@id\":\"https:\/\/www.euroakademie.de\/magazin\/deutscher-gruenderpreis-fuer-schueler-azubis-mit-vielversprechender-idee-am-start\/#primaryimage\"},\"thumbnailUrl\":\"https:\/\/www.euroakademie.de\/magazin\/wp-content\/uploads\/2021\/03\/shutterstock_749241724_702x336.jpg\",\"keywords\":[\"Ausbildung\",\"Gesch\u00e4ftsidee\",\"Start-up\",\"Wiesbaden\"],\"articleSection\":[\"Wiesbaden\",\"Wirtschaft &amp; Management\"],\"inLanguage\":\"de\"},{\"@type\":\"WebPage\",\"@id\":\"https:\/\/www.euroakademie.de\/magazin\/deutscher-gruenderpreis-fuer-schueler-azubis-mit-vielversprechender-idee-am-start\/\",\"url\":\"https:\/\/www.euroakademie.de\/magazin\/deutscher-gruenderpreis-fuer-schueler-azubis-mit-vielversprechender-idee-am-start\/\",\"name\":\"Deutscher Gr\u00fcnderpreis: Azubis der Euro Akademie Wiesbaden sind dabei\",\"isPartOf\":{\"@id\":\"https:\/\/www.euroakademie.de\/magazin\/#website\"},\"primaryImageOfPage\":{\"@id\":\"https:\/\/www.euroakademie.de\/magazin\/deutscher-gruenderpreis-fuer-schueler-azubis-mit-vielversprechender-idee-am-start\/#primaryimage\"},\"image\":{\"@id\":\"https:\/\/www.euroakademie.de\/magazin\/deutscher-gruenderpreis-fuer-schueler-azubis-mit-vielversprechender-idee-am-start\/#primaryimage\"},\"thumbnailUrl\":\"https:\/\/www.euroakademie.de\/magazin\/wp-content\/uploads\/2021\/03\/shutterstock_749241724_702x336.jpg\",\"datePublished\":\"2021-03-29T08:06:09+00:00\",\"dateModified\":\"2025-01-09T12:58:36+00:00\",\"description\":\"Der Deutsche Gr\u00fcnderpreis f\u00fcr Sch\u00fcler f\u00f6rdert Ideen und unternehmerisches Denken junger Menschen. Azubis der Euro Akademie haben eine zukunftsweisende Idee.\",\"breadcrumb\":{\"@id\":\"https:\/\/www.euroakademie.de\/magazin\/deutscher-gruenderpreis-fuer-schueler-azubis-mit-vielversprechender-idee-am-start\/#breadcrumb\"},\"inLanguage\":\"de\",\"potentialAction\":[{\"@type\":\"ReadAction\",\"target\":[\"https:\/\/www.euroakademie.de\/magazin\/deutscher-gruenderpreis-fuer-schueler-azubis-mit-vielversprechender-idee-am-start\/\"]}]},{\"@type\":\"ImageObject\",\"inLanguage\":\"de\",\"@id\":\"https:\/\/www.euroakademie.de\/magazin\/deutscher-gruenderpreis-fuer-schueler-azubis-mit-vielversprechender-idee-am-start\/#primaryimage\",\"url\":\"https:\/\/www.euroakademie.de\/magazin\/wp-content\/uploads\/2021\/03\/shutterstock_749241724_702x336.jpg\",\"contentUrl\":\"https:\/\/www.euroakademie.de\/magazin\/wp-content\/uploads\/2021\/03\/shutterstock_749241724_702x336.jpg\",\"width\":702,\"height\":336,\"caption\":\"\"},{\"@type\":\"BreadcrumbList\",\"@id\":\"https:\/\/www.euroakademie.de\/magazin\/deutscher-gruenderpreis-fuer-schueler-azubis-mit-vielversprechender-idee-am-start\/#breadcrumb\",\"itemListElement\":[{\"@type\":\"ListItem\",\"position\":1,\"name\":\"Startseite\",\"item\":\"https:\/\/www.euroakademie.de\/magazin\/\"},{\"@type\":\"ListItem\",\"position\":2,\"name\":\"Deutscher Gr\u00fcnderpreis f\u00fcr Sch\u00fcler: Azubis mit vielversprechender Idee am Start\"}]},{\"@type\":\"WebSite\",\"@id\":\"https:\/\/www.euroakademie.de\/magazin\/#website\",\"url\":\"https:\/\/www.euroakademie.de\/magazin\/\",\"name\":\"Das Euro Akademie Magazin\",\"description\":\"Gut informiert durch Ausbildung und Studium\",\"publisher\":{\"@id\":\"https:\/\/www.euroakademie.de\/magazin\/#organization\"},\"potentialAction\":[{\"@type\":\"SearchAction\",\"target\":{\"@type\":\"EntryPoint\",\"urlTemplate\":\"https:\/\/www.euroakademie.de\/magazin\/?s={search_term_string}\"},\"query-input\":{\"@type\":\"PropertyValueSpecification\",\"valueRequired\":true,\"valueName\":\"search_term_string\"}}],\"inLanguage\":\"de\"},{\"@type\":\"Organization\",\"@id\":\"https:\/\/www.euroakademie.de\/magazin\/#organization\",\"name\":\"ESO Education Group\",\"url\":\"https:\/\/www.euroakademie.de\/magazin\/\",\"logo\":{\"@type\":\"ImageObject\",\"inLanguage\":\"de\",\"@id\":\"https:\/\/www.euroakademie.de\/magazin\/#\/schema\/logo\/image\/\",\"url\":\"https:\/\/relaunch.euroakademie.de\/magazin\/wp-content\/uploads\/2024\/11\/Logo_EA_negativ_Rahmen_5cm_300dpi_RGB.jpg\",\"contentUrl\":\"https:\/\/relaunch.euroakademie.de\/magazin\/wp-content\/uploads\/2024\/11\/Logo_EA_negativ_Rahmen_5cm_300dpi_RGB.jpg\",\"width\":591,\"height\":236,\"caption\":\"ESO Education Group\"},\"image\":{\"@id\":\"https:\/\/www.euroakademie.de\/magazin\/#\/schema\/logo\/image\/\"}},{\"@type\":\"Person\",\"@id\":\"https:\/\/www.euroakademie.de\/magazin\/#\/schema\/person\/2c0d3896d19e86373c87f4ac022d4919\",\"name\":\"Tanja H\u00f6fling\",\"description\":\"Von Juli 2017 bis Juli 2022 informierte die ehemalige Online-Redakteurin des Euro Akademie Magazins regelm\u00e4\u00dfig \u00fcber Aktuelles und Wissenswertes zu den Themen Ausbildung, Studium und Beruf.\",\"url\":\"https:\/\/www.euroakademie.de\/magazin\/author\/hoeflingt\/\"}]}<\/script>\n<!-- \/ Yoast SEO plugin. -->","yoast_head_json":{"title":"Deutscher Gr\u00fcnderpreis: Azubis der Euro Akademie Wiesbaden sind dabei","description":"Der Deutsche Gr\u00fcnderpreis f\u00fcr Sch\u00fcler f\u00f6rdert Ideen und unternehmerisches Denken junger Menschen. Azubis der Euro Akademie haben eine zukunftsweisende Idee.","robots":{"index":"index","follow":"follow","max-snippet":"max-snippet:-1","max-image-preview":"max-image-preview:large","max-video-preview":"max-video-preview:-1"},"canonical":"https:\/\/www.euroakademie.de\/magazin\/deutscher-gruenderpreis-fuer-schueler-azubis-mit-vielversprechender-idee-am-start\/","og_locale":"de_DE","og_type":"article","og_title":"Deutscher Gr\u00fcnderpreis: Azubis der Euro Akademie Wiesbaden sind dabei","og_description":"Der Deutsche Gr\u00fcnderpreis f\u00fcr Sch\u00fcler f\u00f6rdert Ideen und unternehmerisches Denken junger Menschen. Azubis der Euro Akademie haben eine zukunftsweisende Idee.","og_url":"https:\/\/www.euroakademie.de\/magazin\/deutscher-gruenderpreis-fuer-schueler-azubis-mit-vielversprechender-idee-am-start\/","og_site_name":"Das Euro Akademie Magazin","article_published_time":"2021-03-29T08:06:09+00:00","article_modified_time":"2025-01-09T12:58:36+00:00","og_image":[{"width":702,"height":336,"url":"https:\/\/www.euroakademie.de\/magazin\/wp-content\/uploads\/2021\/03\/shutterstock_749241724_702x336.jpg","type":"image\/jpeg"}],"author":"Tanja H\u00f6fling","twitter_card":"summary_large_image","twitter_misc":{"Verfasst von":"Tanja H\u00f6fling","Gesch\u00e4tzte Lesezeit":"1\u00a0Minute"},"schema":{"@context":"https:\/\/schema.org","@graph":[{"@type":"Article","@id":"https:\/\/www.euroakademie.de\/magazin\/deutscher-gruenderpreis-fuer-schueler-azubis-mit-vielversprechender-idee-am-start\/#article","isPartOf":{"@id":"https:\/\/www.euroakademie.de\/magazin\/deutscher-gruenderpreis-fuer-schueler-azubis-mit-vielversprechender-idee-am-start\/"},"author":{"name":"Tanja H\u00f6fling","@id":"https:\/\/www.euroakademie.de\/magazin\/#\/schema\/person\/2c0d3896d19e86373c87f4ac022d4919"},"headline":"Deutscher Gr\u00fcnderpreis f\u00fcr Sch\u00fcler: Azubis mit vielversprechender Idee am Start","datePublished":"2021-03-29T08:06:09+00:00","dateModified":"2025-01-09T12:58:36+00:00","mainEntityOfPage":{"@id":"https:\/\/www.euroakademie.de\/magazin\/deutscher-gruenderpreis-fuer-schueler-azubis-mit-vielversprechender-idee-am-start\/"},"wordCount":769,"publisher":{"@id":"https:\/\/www.euroakademie.de\/magazin\/#organization"},"image":{"@id":"https:\/\/www.euroakademie.de\/magazin\/deutscher-gruenderpreis-fuer-schueler-azubis-mit-vielversprechender-idee-am-start\/#primaryimage"},"thumbnailUrl":"https:\/\/www.euroakademie.de\/magazin\/wp-content\/uploads\/2021\/03\/shutterstock_749241724_702x336.jpg","keywords":["Ausbildung","Gesch\u00e4ftsidee","Start-up","Wiesbaden"],"articleSection":["Wiesbaden","Wirtschaft &amp; Management"],"inLanguage":"de"},{"@type":"WebPage","@id":"https:\/\/www.euroakademie.de\/magazin\/deutscher-gruenderpreis-fuer-schueler-azubis-mit-vielversprechender-idee-am-start\/","url":"https:\/\/www.euroakademie.de\/magazin\/deutscher-gruenderpreis-fuer-schueler-azubis-mit-vielversprechender-idee-am-start\/","name":"Deutscher Gr\u00fcnderpreis: Azubis der Euro Akademie Wiesbaden sind dabei","isPartOf":{"@id":"https:\/\/www.euroakademie.de\/magazin\/#website"},"primaryImageOfPage":{"@id":"https:\/\/www.euroakademie.de\/magazin\/deutscher-gruenderpreis-fuer-schueler-azubis-mit-vielversprechender-idee-am-start\/#primaryimage"},"image":{"@id":"https:\/\/www.euroakademie.de\/magazin\/deutscher-gruenderpreis-fuer-schueler-azubis-mit-vielversprechender-idee-am-start\/#primaryimage"},"thumbnailUrl":"https:\/\/www.euroakademie.de\/magazin\/wp-content\/uploads\/2021\/03\/shutterstock_749241724_702x336.jpg","datePublished":"2021-03-29T08:06:09+00:00","dateModified":"2025-01-09T12:58:36+00:00","description":"Der Deutsche Gr\u00fcnderpreis f\u00fcr Sch\u00fcler f\u00f6rdert Ideen und unternehmerisches Denken junger Menschen. Azubis der Euro Akademie haben eine zukunftsweisende Idee.","breadcrumb":{"@id":"https:\/\/www.euroakademie.de\/magazin\/deutscher-gruenderpreis-fuer-schueler-azubis-mit-vielversprechender-idee-am-start\/#breadcrumb"},"inLanguage":"de","potentialAction":[{"@type":"ReadAction","target":["https:\/\/www.euroakademie.de\/magazin\/deutscher-gruenderpreis-fuer-schueler-azubis-mit-vielversprechender-idee-am-start\/"]}]},{"@type":"ImageObject","inLanguage":"de","@id":"https:\/\/www.euroakademie.de\/magazin\/deutscher-gruenderpreis-fuer-schueler-azubis-mit-vielversprechender-idee-am-start\/#primaryimage","url":"https:\/\/www.euroakademie.de\/magazin\/wp-content\/uploads\/2021\/03\/shutterstock_749241724_702x336.jpg","contentUrl":"https:\/\/www.euroakademie.de\/magazin\/wp-content\/uploads\/2021\/03\/shutterstock_749241724_702x336.jpg","width":702,"height":336,"caption":""},{"@type":"BreadcrumbList","@id":"https:\/\/www.euroakademie.de\/magazin\/deutscher-gruenderpreis-fuer-schueler-azubis-mit-vielversprechender-idee-am-start\/#breadcrumb","itemListElement":[{"@type":"ListItem","position":1,"name":"Startseite","item":"https:\/\/www.euroakademie.de\/magazin\/"},{"@type":"ListItem","position":2,"name":"Deutscher Gr\u00fcnderpreis f\u00fcr Sch\u00fcler: Azubis mit vielversprechender Idee am Start"}]},{"@type":"WebSite","@id":"https:\/\/www.euroakademie.de\/magazin\/#website","url":"https:\/\/www.euroakademie.de\/magazin\/","name":"Das Euro Akademie Magazin","description":"Gut informiert durch Ausbildung und Studium","publisher":{"@id":"https:\/\/www.euroakademie.de\/magazin\/#organization"},"potentialAction":[{"@type":"SearchAction","target":{"@type":"EntryPoint","urlTemplate":"https:\/\/www.euroakademie.de\/magazin\/?s={search_term_string}"},"query-input":{"@type":"PropertyValueSpecification","valueRequired":true,"valueName":"search_term_string"}}],"inLanguage":"de"},{"@type":"Organization","@id":"https:\/\/www.euroakademie.de\/magazin\/#organization","name":"ESO Education Group","url":"https:\/\/www.euroakademie.de\/magazin\/","logo":{"@type":"ImageObject","inLanguage":"de","@id":"https:\/\/www.euroakademie.de\/magazin\/#\/schema\/logo\/image\/","url":"https:\/\/relaunch.euroakademie.de\/magazin\/wp-content\/uploads\/2024\/11\/Logo_EA_negativ_Rahmen_5cm_300dpi_RGB.jpg","contentUrl":"https:\/\/relaunch.euroakademie.de\/magazin\/wp-content\/uploads\/2024\/11\/Logo_EA_negativ_Rahmen_5cm_300dpi_RGB.jpg","width":591,"height":236,"caption":"ESO Education Group"},"image":{"@id":"https:\/\/www.euroakademie.de\/magazin\/#\/schema\/logo\/image\/"}},{"@type":"Person","@id":"https:\/\/www.euroakademie.de\/magazin\/#\/schema\/person\/2c0d3896d19e86373c87f4ac022d4919","name":"Tanja H\u00f6fling","description":"Von Juli 2017 bis Juli 2022 informierte die ehemalige Online-Redakteurin des Euro Akademie Magazins regelm\u00e4\u00dfig \u00fcber Aktuelles und Wissenswertes zu den Themen Ausbildung, Studium und Beruf.","url":"https:\/\/www.euroakademie.de\/magazin\/author\/hoeflingt\/"}]}},"_links":{"self":[{"href":"https:\/\/www.euroakademie.de\/magazin\/wp-json\/wp\/v2\/posts\/14519","targetHints":{"allow":["GET"]}}],"collection":[{"href":"https:\/\/www.euroakademie.de\/magazin\/wp-json\/wp\/v2\/posts"}],"about":[{"href":"https:\/\/www.euroakademie.de\/magazin\/wp-json\/wp\/v2\/types\/post"}],"author":[{"embeddable":true,"href":"https:\/\/www.euroakademie.de\/magazin\/wp-json\/wp\/v2\/users\/58"}],"replies":[{"embeddable":true,"href":"https:\/\/www.euroakademie.de\/magazin\/wp-json\/wp\/v2\/comments?post=14519"}],"version-history":[{"count":3,"href":"https:\/\/www.euroakademie.de\/magazin\/wp-json\/wp\/v2\/posts\/14519\/revisions"}],"predecessor-version":[{"id":27318,"href":"https:\/\/www.euroakademie.de\/magazin\/wp-json\/wp\/v2\/posts\/14519\/revisions\/27318"}],"wp:featuredmedia":[{"embeddable":true,"href":"https:\/\/www.euroakademie.de\/magazin\/wp-json\/wp\/v2\/media\/14522"}],"wp:attachment":[{"href":"https:\/\/www.euroakademie.de\/magazin\/wp-json\/wp\/v2\/media?parent=14519"}],"wp:term":[{"taxonomy":"category","embeddable":true,"href":"https:\/\/www.euroakademie.de\/magazin\/wp-json\/wp\/v2\/categories?post=14519"},{"taxonomy":"post_tag","embeddable":true,"href":"https:\/\/www.euroakademie.de\/magazin\/wp-json\/wp\/v2\/tags?post=14519"}],"curies":[{"name":"wp","href":"https:\/\/api.w.org\/{rel}","templated":true}]}}