{"id":14677,"date":"2021-04-29T11:56:14","date_gmt":"2021-04-29T09:56:14","guid":{"rendered":"https:\/\/www.euroakademie.de\/magazin\/?p=14677"},"modified":"2024-12-09T15:26:58","modified_gmt":"2024-12-09T14:26:58","slug":"pflegehelferin-neue-generalistische-ausbildung-startet-im-sommer-2021","status":"publish","type":"post","link":"https:\/\/www.euroakademie.de\/magazin\/pflegehelferin-neue-generalistische-ausbildung-startet-im-sommer-2021\/","title":{"rendered":"Pflegehelfer*in : Neue generalistische Ausbildung startet im Sommer 2021"},"content":{"rendered":"<p><![CDATA[\n<\/p>\n\n\n<p><br><strong>Nach der Ausbildungsreform in der Altenpflege, Krankenpflege und Kinderkrankenpflege zur generalistischen Ausbildung zum*r Pflegefachmann*frau ziehen jetzt auch die Helferberufe in der Pflege nach. In diesem Jahr l\u00f6st die Ausbildung zum*r Pflegehelfer*in in Sachsen-Anhalt den bisherigen Ausbildungsgang Altenpflegehelfer*in ab. Was sich dann \u00e4ndert und welche Vorteile das f\u00fcr Neustarter*innen in der Pflegehilfe bringt, erkl\u00e4ren wir im folgenden Beitrag.<\/strong><\/p>\n\n\n\n<p>Stellen Sie sich vor, Sie h\u00e4tten eine erf\u00fcllende und sinngebende Arbeit, bei der Sie sich Ihre Arbeitsstelle nach Ihren pers\u00f6nlichen Vorlieben aussuchen k\u00f6nnen und Ihnen Dankbarkeit und Wertsch\u00e4tzung entgegenstr\u00f6mt. Falls Sie auf der Suche nach einer solchen Aufgabe sind, haben wir an der Euro Akademie eine neue Ausbildung f\u00fcr Sie, die deutschlandweit anerkannt ist. Wenn Sie dann auch noch zu den Geduldigen unter uns z\u00e4hlen, Menschen m\u00f6gen, mit Ihrer Freundlichkeit und Empathie bereits viele Menschen in Ihrem Umfeld gl\u00fccklich machen und mindestens einen Hauptschulabschluss in der Tasche haben, geben Sie ganz sicher eine*n fantastische*n Pflegehelfe*rin ab.  <\/p>\n\n\n\n<h2 class=\"wp-block-heading\">Pflegehelfer*in \u2013 arbeiten in allen Bereichen der Pflege <\/h2>\n\n\n\n<p>Die generalistische Ausbildung zum*r Pflegehelfer*in l\u00f6st an den Euro Akademien in Sachsen-Anhalt den Ausbildungsgang zumr Altenpflegehelfer*in ab.<\/p>\n\n\n\n<p>Pflegehelfer*innen werden ab August 2021 in 12 Monaten zu professionell Pflegenden ausgebildet. Im Anschluss haben sie die M\u00f6glichkeit, den*die generalistische und europaweit anerkannte <a href=\"https:\/\/www.euroakademie.de\/bildungsangebote\/gesundheit-pflege\">Ausbildung zum*r Pflegefachmann*frau<\/a> zu absolvieren. <\/p>\n\n\n\n<p>Der Unterschied zur vorherigen Ausbildung zum*r Altenpflegehelfer*in: Mit der neuen Ausbildung zum*r Pflegehelfer*in k\u00f6nnen Sie in allen Bereichen der Pflege arbeiten \u2013 das Arbeitsfeld erweitert sich also erheblich.  <\/p>\n\n\n\n<div class=\"wp-block-buttons is-content-justification-center is-layout-flex wp-container-core-buttons-is-layout-16018d1d wp-block-buttons-is-layout-flex\">\n<div class=\"wp-block-button has-custom-font-size has-regular-font-size\"><a class=\"wp-block-button__link has-white-color has-text-color has-background has-link-color wp-element-button\" href=\"https:\/\/www.euroakademie.de\/krankenpflegehelfer-3\" style=\"background-color:#95c11f;padding-top:var(--wp--preset--spacing--30);padding-right:var(--wp--preset--spacing--20);padding-bottom:var(--wp--preset--spacing--30);padding-left:var(--wp--preset--spacing--20)\">Unsere Mitarbeiter*innen an den Standorten beraten Sie gerne zur Ausbildung Pflegehelfer*in. Wir freuen uns auf Sie!<\/a><\/div>\n<\/div>\n\n\n\n<h2 class=\"wp-block-heading\">Ganz nah dran an den W\u00fcnschen und Sorgen der Menschen  <\/h2>\n\n\n\n<p>In Ihrem Beruf unterst\u00fctzen Sie Pflegefachfrauen und Pflegefachm\u00e4nner aktiv bei komplexen Aufgaben in der Pflege von Patient*innen in Kliniken und Bewohner*innen in Seniorenheimen. Au\u00dferdem sind Pflegehelfer*innen in der ambulanten Pflege oder in einer Tagesst\u00e4tte f\u00fcr Pflegebed\u00fcrftige im Einsatz. Sie sind auch als Bindeglied zu Angeh\u00f6rigen, anderen Pflegekr\u00e4ften, \u00c4rzt*innen und Therapeut*innen jeden Tag aufs Neue gefragt. In Ihrem beruflichen Alltag sind Sie ganz nah dran an den W\u00fcnschen und Sorgen der Pflegebed\u00fcrftigen und werden hier ganz schnell zum Lieblingsmenschen. <\/p>\n\n\n\n<p>An der Euro Akademie bekommen Sie das n\u00f6tige theoretische Wissen und umfangreiche praktische F\u00e4higkeiten vermittelt. Praktika absovieren Sie in Einrichtungen der station\u00e4ren Langzeit- und Akutpflege sowie in der ambulanten Pflege. Auszubildende lernen so alle gro\u00dfen Pflegebereiche kennen. Nach ihrem erfolgreichen Abschluss k\u00f6nnen sie sich entscheiden, in welchem T\u00e4tigkeitsfeld sie arbeiten m\u00f6chten. <\/p>\n\n\n\n<h2 class=\"wp-block-heading\">F\u00f6rderung der Ausbildung <\/h2>\n\n\n\n<p>Die Ausbildung ist kostenfrei. Unter bestimmten Voraussetzungen k\u00f6nnen Sie <a rel=\"noreferrer noopener\" aria-label=\"Sch\u00fcler-BAf\u00f6G (\u00f6ffnet in neuem Tab)\" href=\"https:\/\/www.euroakademie.de\/magazin\/ausbildung-mit-schueler-bafoeg\/\" target=\"_blank\">Sch\u00fcler-BAf\u00f6G<\/a> beantragen, das nicht zur\u00fcckgezahlt werden muss. Au\u00dferdem f\u00f6rdert die Agentur f\u00fcr Arbeit die Ausbildung zumr Pflegehelferin, wenn Sie bestimmte Kriterien erf\u00fcllen. <\/p>\n\n\n\n<p><em>Bildquelle Beitragsbild: \u00a9 Photographee.eu \/shutterstock.com<\/em><\/p>\n","protected":false},"excerpt":{"rendered":"<p>Aus dem*r Altenpflegehelfer*in wird der *die Pflegehelfer*in. Das bringt Vorteile f\u00fcr die Auszubildenden mit sich.<\/p>\n","protected":false},"author":58,"featured_media":14684,"comment_status":"closed","ping_status":"closed","sticky":false,"template":"","format":"standard","meta":{"footnotes":""},"categories":[16,118],"tags":[6364,6370],"class_list":{"0":"post-14677","1":"post","2":"type-post","3":"status-publish","4":"format-standard","5":"has-post-thumbnail","7":"category-gesundheit-pflege","8":"category-im-fokus","9":"tag-pflege","10":"tag-pflegeausbildung"},"yoast_head":"<!-- This site is optimized with the Yoast SEO plugin v23.5 - https:\/\/yoast.com\/wordpress\/plugins\/seo\/ -->\n<title>Pflegehelfer*in: Neue generalistische Ausbildung startet im Sommer 2021<\/title>\n<meta name=\"description\" content=\"2021 l\u00f6st die Ausbildung zumr Pflegehelfer*in in Sachsen-Anhalt den bisherigen Ausbildungsgang Altenpflegehelfer*in ab. Was sich dann \u00e4ndert, wissen wir.\" \/>\n<meta name=\"robots\" content=\"index, follow, max-snippet:-1, max-image-preview:large, max-video-preview:-1\" \/>\n<link rel=\"canonical\" href=\"https:\/\/www.euroakademie.de\/magazin\/pflegehelferin-neue-generalistische-ausbildung-startet-im-sommer-2021\/\" \/>\n<meta property=\"og:locale\" content=\"de_DE\" \/>\n<meta property=\"og:type\" content=\"article\" \/>\n<meta property=\"og:title\" content=\"Pflegehelfer*in: Neue generalistische Ausbildung startet im Sommer 2021\" \/>\n<meta property=\"og:description\" content=\"2021 l\u00f6st die Ausbildung zumr Pflegehelfer*in in Sachsen-Anhalt den bisherigen Ausbildungsgang Altenpflegehelfer*in ab. Was sich dann \u00e4ndert, wissen wir.\" \/>\n<meta property=\"og:url\" content=\"https:\/\/www.euroakademie.de\/magazin\/pflegehelferin-neue-generalistische-ausbildung-startet-im-sommer-2021\/\" \/>\n<meta property=\"og:site_name\" content=\"Das Euro Akademie Magazin\" \/>\n<meta property=\"article:published_time\" content=\"2021-04-29T09:56:14+00:00\" \/>\n<meta property=\"article:modified_time\" content=\"2024-12-09T14:26:58+00:00\" \/>\n<meta property=\"og:image\" content=\"https:\/\/www.euroakademie.de\/magazin\/wp-content\/uploads\/2021\/04\/shutterstock_1416346082_702x336.jpg\" \/>\n\t<meta property=\"og:image:width\" content=\"702\" \/>\n\t<meta property=\"og:image:height\" content=\"336\" \/>\n\t<meta property=\"og:image:type\" content=\"image\/jpeg\" \/>\n<meta name=\"author\" content=\"Tanja H\u00f6fling\" \/>\n<meta name=\"twitter:card\" content=\"summary_large_image\" \/>\n<meta name=\"twitter:label1\" content=\"Verfasst von\" \/>\n\t<meta name=\"twitter:data1\" content=\"Tanja H\u00f6fling\" \/>\n\t<meta name=\"twitter:label2\" content=\"Gesch\u00e4tzte Lesezeit\" \/>\n\t<meta name=\"twitter:data2\" content=\"1\u00a0Minute\" \/>\n<script type=\"application\/ld+json\" class=\"yoast-schema-graph\">{\"@context\":\"https:\/\/schema.org\",\"@graph\":[{\"@type\":\"Article\",\"@id\":\"https:\/\/www.euroakademie.de\/magazin\/pflegehelferin-neue-generalistische-ausbildung-startet-im-sommer-2021\/#article\",\"isPartOf\":{\"@id\":\"https:\/\/www.euroakademie.de\/magazin\/pflegehelferin-neue-generalistische-ausbildung-startet-im-sommer-2021\/\"},\"author\":{\"name\":\"Tanja H\u00f6fling\",\"@id\":\"https:\/\/www.euroakademie.de\/magazin\/#\/schema\/person\/2c0d3896d19e86373c87f4ac022d4919\"},\"headline\":\"Pflegehelfer*in : Neue generalistische Ausbildung startet im Sommer 2021\",\"datePublished\":\"2021-04-29T09:56:14+00:00\",\"dateModified\":\"2024-12-09T14:26:58+00:00\",\"mainEntityOfPage\":{\"@id\":\"https:\/\/www.euroakademie.de\/magazin\/pflegehelferin-neue-generalistische-ausbildung-startet-im-sommer-2021\/\"},\"wordCount\":504,\"publisher\":{\"@id\":\"https:\/\/www.euroakademie.de\/magazin\/#organization\"},\"image\":{\"@id\":\"https:\/\/www.euroakademie.de\/magazin\/pflegehelferin-neue-generalistische-ausbildung-startet-im-sommer-2021\/#primaryimage\"},\"thumbnailUrl\":\"https:\/\/www.euroakademie.de\/magazin\/wp-content\/uploads\/2021\/04\/shutterstock_1416346082_702x336.jpg\",\"keywords\":[\"Pflege\",\"Pflegeausbildung\"],\"articleSection\":[\"Gesundheit &amp; Pflege\",\"Im Fokus\"],\"inLanguage\":\"de\"},{\"@type\":\"WebPage\",\"@id\":\"https:\/\/www.euroakademie.de\/magazin\/pflegehelferin-neue-generalistische-ausbildung-startet-im-sommer-2021\/\",\"url\":\"https:\/\/www.euroakademie.de\/magazin\/pflegehelferin-neue-generalistische-ausbildung-startet-im-sommer-2021\/\",\"name\":\"Pflegehelfer*in: Neue generalistische Ausbildung startet im Sommer 2021\",\"isPartOf\":{\"@id\":\"https:\/\/www.euroakademie.de\/magazin\/#website\"},\"primaryImageOfPage\":{\"@id\":\"https:\/\/www.euroakademie.de\/magazin\/pflegehelferin-neue-generalistische-ausbildung-startet-im-sommer-2021\/#primaryimage\"},\"image\":{\"@id\":\"https:\/\/www.euroakademie.de\/magazin\/pflegehelferin-neue-generalistische-ausbildung-startet-im-sommer-2021\/#primaryimage\"},\"thumbnailUrl\":\"https:\/\/www.euroakademie.de\/magazin\/wp-content\/uploads\/2021\/04\/shutterstock_1416346082_702x336.jpg\",\"datePublished\":\"2021-04-29T09:56:14+00:00\",\"dateModified\":\"2024-12-09T14:26:58+00:00\",\"description\":\"2021 l\u00f6st die Ausbildung zumr Pflegehelfer*in in Sachsen-Anhalt den bisherigen Ausbildungsgang Altenpflegehelfer*in ab. Was sich dann \u00e4ndert, wissen wir.\",\"breadcrumb\":{\"@id\":\"https:\/\/www.euroakademie.de\/magazin\/pflegehelferin-neue-generalistische-ausbildung-startet-im-sommer-2021\/#breadcrumb\"},\"inLanguage\":\"de\",\"potentialAction\":[{\"@type\":\"ReadAction\",\"target\":[\"https:\/\/www.euroakademie.de\/magazin\/pflegehelferin-neue-generalistische-ausbildung-startet-im-sommer-2021\/\"]}]},{\"@type\":\"ImageObject\",\"inLanguage\":\"de\",\"@id\":\"https:\/\/www.euroakademie.de\/magazin\/pflegehelferin-neue-generalistische-ausbildung-startet-im-sommer-2021\/#primaryimage\",\"url\":\"https:\/\/www.euroakademie.de\/magazin\/wp-content\/uploads\/2021\/04\/shutterstock_1416346082_702x336.jpg\",\"contentUrl\":\"https:\/\/www.euroakademie.de\/magazin\/wp-content\/uploads\/2021\/04\/shutterstock_1416346082_702x336.jpg\",\"width\":702,\"height\":336,\"caption\":\"\"},{\"@type\":\"BreadcrumbList\",\"@id\":\"https:\/\/www.euroakademie.de\/magazin\/pflegehelferin-neue-generalistische-ausbildung-startet-im-sommer-2021\/#breadcrumb\",\"itemListElement\":[{\"@type\":\"ListItem\",\"position\":1,\"name\":\"Startseite\",\"item\":\"https:\/\/www.euroakademie.de\/magazin\/\"},{\"@type\":\"ListItem\",\"position\":2,\"name\":\"Pflegehelfer*in : Neue generalistische Ausbildung startet im Sommer 2021\"}]},{\"@type\":\"WebSite\",\"@id\":\"https:\/\/www.euroakademie.de\/magazin\/#website\",\"url\":\"https:\/\/www.euroakademie.de\/magazin\/\",\"name\":\"Das Euro Akademie Magazin\",\"description\":\"Gut informiert durch Ausbildung und Studium\",\"publisher\":{\"@id\":\"https:\/\/www.euroakademie.de\/magazin\/#organization\"},\"potentialAction\":[{\"@type\":\"SearchAction\",\"target\":{\"@type\":\"EntryPoint\",\"urlTemplate\":\"https:\/\/www.euroakademie.de\/magazin\/?s={search_term_string}\"},\"query-input\":{\"@type\":\"PropertyValueSpecification\",\"valueRequired\":true,\"valueName\":\"search_term_string\"}}],\"inLanguage\":\"de\"},{\"@type\":\"Organization\",\"@id\":\"https:\/\/www.euroakademie.de\/magazin\/#organization\",\"name\":\"ESO Education Group\",\"url\":\"https:\/\/www.euroakademie.de\/magazin\/\",\"logo\":{\"@type\":\"ImageObject\",\"inLanguage\":\"de\",\"@id\":\"https:\/\/www.euroakademie.de\/magazin\/#\/schema\/logo\/image\/\",\"url\":\"https:\/\/relaunch.euroakademie.de\/magazin\/wp-content\/uploads\/2024\/11\/Logo_EA_negativ_Rahmen_5cm_300dpi_RGB.jpg\",\"contentUrl\":\"https:\/\/relaunch.euroakademie.de\/magazin\/wp-content\/uploads\/2024\/11\/Logo_EA_negativ_Rahmen_5cm_300dpi_RGB.jpg\",\"width\":591,\"height\":236,\"caption\":\"ESO Education Group\"},\"image\":{\"@id\":\"https:\/\/www.euroakademie.de\/magazin\/#\/schema\/logo\/image\/\"}},{\"@type\":\"Person\",\"@id\":\"https:\/\/www.euroakademie.de\/magazin\/#\/schema\/person\/2c0d3896d19e86373c87f4ac022d4919\",\"name\":\"Tanja H\u00f6fling\",\"description\":\"Von Juli 2017 bis Juli 2022 informierte die ehemalige Online-Redakteurin des Euro Akademie Magazins regelm\u00e4\u00dfig \u00fcber Aktuelles und Wissenswertes zu den Themen Ausbildung, Studium und Beruf.\",\"url\":\"https:\/\/www.euroakademie.de\/magazin\/author\/hoeflingt\/\"}]}<\/script>\n<!-- \/ Yoast SEO plugin. -->","yoast_head_json":{"title":"Pflegehelfer*in: Neue generalistische Ausbildung startet im Sommer 2021","description":"2021 l\u00f6st die Ausbildung zumr Pflegehelfer*in in Sachsen-Anhalt den bisherigen Ausbildungsgang Altenpflegehelfer*in ab. Was sich dann \u00e4ndert, wissen wir.","robots":{"index":"index","follow":"follow","max-snippet":"max-snippet:-1","max-image-preview":"max-image-preview:large","max-video-preview":"max-video-preview:-1"},"canonical":"https:\/\/www.euroakademie.de\/magazin\/pflegehelferin-neue-generalistische-ausbildung-startet-im-sommer-2021\/","og_locale":"de_DE","og_type":"article","og_title":"Pflegehelfer*in: Neue generalistische Ausbildung startet im Sommer 2021","og_description":"2021 l\u00f6st die Ausbildung zumr Pflegehelfer*in in Sachsen-Anhalt den bisherigen Ausbildungsgang Altenpflegehelfer*in ab. Was sich dann \u00e4ndert, wissen wir.","og_url":"https:\/\/www.euroakademie.de\/magazin\/pflegehelferin-neue-generalistische-ausbildung-startet-im-sommer-2021\/","og_site_name":"Das Euro Akademie Magazin","article_published_time":"2021-04-29T09:56:14+00:00","article_modified_time":"2024-12-09T14:26:58+00:00","og_image":[{"width":702,"height":336,"url":"https:\/\/www.euroakademie.de\/magazin\/wp-content\/uploads\/2021\/04\/shutterstock_1416346082_702x336.jpg","type":"image\/jpeg"}],"author":"Tanja H\u00f6fling","twitter_card":"summary_large_image","twitter_misc":{"Verfasst von":"Tanja H\u00f6fling","Gesch\u00e4tzte Lesezeit":"1\u00a0Minute"},"schema":{"@context":"https:\/\/schema.org","@graph":[{"@type":"Article","@id":"https:\/\/www.euroakademie.de\/magazin\/pflegehelferin-neue-generalistische-ausbildung-startet-im-sommer-2021\/#article","isPartOf":{"@id":"https:\/\/www.euroakademie.de\/magazin\/pflegehelferin-neue-generalistische-ausbildung-startet-im-sommer-2021\/"},"author":{"name":"Tanja H\u00f6fling","@id":"https:\/\/www.euroakademie.de\/magazin\/#\/schema\/person\/2c0d3896d19e86373c87f4ac022d4919"},"headline":"Pflegehelfer*in : Neue generalistische Ausbildung startet im Sommer 2021","datePublished":"2021-04-29T09:56:14+00:00","dateModified":"2024-12-09T14:26:58+00:00","mainEntityOfPage":{"@id":"https:\/\/www.euroakademie.de\/magazin\/pflegehelferin-neue-generalistische-ausbildung-startet-im-sommer-2021\/"},"wordCount":504,"publisher":{"@id":"https:\/\/www.euroakademie.de\/magazin\/#organization"},"image":{"@id":"https:\/\/www.euroakademie.de\/magazin\/pflegehelferin-neue-generalistische-ausbildung-startet-im-sommer-2021\/#primaryimage"},"thumbnailUrl":"https:\/\/www.euroakademie.de\/magazin\/wp-content\/uploads\/2021\/04\/shutterstock_1416346082_702x336.jpg","keywords":["Pflege","Pflegeausbildung"],"articleSection":["Gesundheit &amp; Pflege","Im Fokus"],"inLanguage":"de"},{"@type":"WebPage","@id":"https:\/\/www.euroakademie.de\/magazin\/pflegehelferin-neue-generalistische-ausbildung-startet-im-sommer-2021\/","url":"https:\/\/www.euroakademie.de\/magazin\/pflegehelferin-neue-generalistische-ausbildung-startet-im-sommer-2021\/","name":"Pflegehelfer*in: Neue generalistische Ausbildung startet im Sommer 2021","isPartOf":{"@id":"https:\/\/www.euroakademie.de\/magazin\/#website"},"primaryImageOfPage":{"@id":"https:\/\/www.euroakademie.de\/magazin\/pflegehelferin-neue-generalistische-ausbildung-startet-im-sommer-2021\/#primaryimage"},"image":{"@id":"https:\/\/www.euroakademie.de\/magazin\/pflegehelferin-neue-generalistische-ausbildung-startet-im-sommer-2021\/#primaryimage"},"thumbnailUrl":"https:\/\/www.euroakademie.de\/magazin\/wp-content\/uploads\/2021\/04\/shutterstock_1416346082_702x336.jpg","datePublished":"2021-04-29T09:56:14+00:00","dateModified":"2024-12-09T14:26:58+00:00","description":"2021 l\u00f6st die Ausbildung zumr Pflegehelfer*in in Sachsen-Anhalt den bisherigen Ausbildungsgang Altenpflegehelfer*in ab. Was sich dann \u00e4ndert, wissen wir.","breadcrumb":{"@id":"https:\/\/www.euroakademie.de\/magazin\/pflegehelferin-neue-generalistische-ausbildung-startet-im-sommer-2021\/#breadcrumb"},"inLanguage":"de","potentialAction":[{"@type":"ReadAction","target":["https:\/\/www.euroakademie.de\/magazin\/pflegehelferin-neue-generalistische-ausbildung-startet-im-sommer-2021\/"]}]},{"@type":"ImageObject","inLanguage":"de","@id":"https:\/\/www.euroakademie.de\/magazin\/pflegehelferin-neue-generalistische-ausbildung-startet-im-sommer-2021\/#primaryimage","url":"https:\/\/www.euroakademie.de\/magazin\/wp-content\/uploads\/2021\/04\/shutterstock_1416346082_702x336.jpg","contentUrl":"https:\/\/www.euroakademie.de\/magazin\/wp-content\/uploads\/2021\/04\/shutterstock_1416346082_702x336.jpg","width":702,"height":336,"caption":""},{"@type":"BreadcrumbList","@id":"https:\/\/www.euroakademie.de\/magazin\/pflegehelferin-neue-generalistische-ausbildung-startet-im-sommer-2021\/#breadcrumb","itemListElement":[{"@type":"ListItem","position":1,"name":"Startseite","item":"https:\/\/www.euroakademie.de\/magazin\/"},{"@type":"ListItem","position":2,"name":"Pflegehelfer*in : Neue generalistische Ausbildung startet im Sommer 2021"}]},{"@type":"WebSite","@id":"https:\/\/www.euroakademie.de\/magazin\/#website","url":"https:\/\/www.euroakademie.de\/magazin\/","name":"Das Euro Akademie Magazin","description":"Gut informiert durch Ausbildung und Studium","publisher":{"@id":"https:\/\/www.euroakademie.de\/magazin\/#organization"},"potentialAction":[{"@type":"SearchAction","target":{"@type":"EntryPoint","urlTemplate":"https:\/\/www.euroakademie.de\/magazin\/?s={search_term_string}"},"query-input":{"@type":"PropertyValueSpecification","valueRequired":true,"valueName":"search_term_string"}}],"inLanguage":"de"},{"@type":"Organization","@id":"https:\/\/www.euroakademie.de\/magazin\/#organization","name":"ESO Education Group","url":"https:\/\/www.euroakademie.de\/magazin\/","logo":{"@type":"ImageObject","inLanguage":"de","@id":"https:\/\/www.euroakademie.de\/magazin\/#\/schema\/logo\/image\/","url":"https:\/\/relaunch.euroakademie.de\/magazin\/wp-content\/uploads\/2024\/11\/Logo_EA_negativ_Rahmen_5cm_300dpi_RGB.jpg","contentUrl":"https:\/\/relaunch.euroakademie.de\/magazin\/wp-content\/uploads\/2024\/11\/Logo_EA_negativ_Rahmen_5cm_300dpi_RGB.jpg","width":591,"height":236,"caption":"ESO Education Group"},"image":{"@id":"https:\/\/www.euroakademie.de\/magazin\/#\/schema\/logo\/image\/"}},{"@type":"Person","@id":"https:\/\/www.euroakademie.de\/magazin\/#\/schema\/person\/2c0d3896d19e86373c87f4ac022d4919","name":"Tanja H\u00f6fling","description":"Von Juli 2017 bis Juli 2022 informierte die ehemalige Online-Redakteurin des Euro Akademie Magazins regelm\u00e4\u00dfig \u00fcber Aktuelles und Wissenswertes zu den Themen Ausbildung, Studium und Beruf.","url":"https:\/\/www.euroakademie.de\/magazin\/author\/hoeflingt\/"}]}},"_links":{"self":[{"href":"https:\/\/www.euroakademie.de\/magazin\/wp-json\/wp\/v2\/posts\/14677","targetHints":{"allow":["GET"]}}],"collection":[{"href":"https:\/\/www.euroakademie.de\/magazin\/wp-json\/wp\/v2\/posts"}],"about":[{"href":"https:\/\/www.euroakademie.de\/magazin\/wp-json\/wp\/v2\/types\/post"}],"author":[{"embeddable":true,"href":"https:\/\/www.euroakademie.de\/magazin\/wp-json\/wp\/v2\/users\/58"}],"replies":[{"embeddable":true,"href":"https:\/\/www.euroakademie.de\/magazin\/wp-json\/wp\/v2\/comments?post=14677"}],"version-history":[{"count":3,"href":"https:\/\/www.euroakademie.de\/magazin\/wp-json\/wp\/v2\/posts\/14677\/revisions"}],"predecessor-version":[{"id":26847,"href":"https:\/\/www.euroakademie.de\/magazin\/wp-json\/wp\/v2\/posts\/14677\/revisions\/26847"}],"wp:featuredmedia":[{"embeddable":true,"href":"https:\/\/www.euroakademie.de\/magazin\/wp-json\/wp\/v2\/media\/14684"}],"wp:attachment":[{"href":"https:\/\/www.euroakademie.de\/magazin\/wp-json\/wp\/v2\/media?parent=14677"}],"wp:term":[{"taxonomy":"category","embeddable":true,"href":"https:\/\/www.euroakademie.de\/magazin\/wp-json\/wp\/v2\/categories?post=14677"},{"taxonomy":"post_tag","embeddable":true,"href":"https:\/\/www.euroakademie.de\/magazin\/wp-json\/wp\/v2\/tags?post=14677"}],"curies":[{"name":"wp","href":"https:\/\/api.w.org\/{rel}","templated":true}]}}