{"id":14769,"date":"2021-05-27T15:20:57","date_gmt":"2021-05-27T13:20:57","guid":{"rendered":"https:\/\/www.euroakademie.de\/magazin\/?p=14769"},"modified":"2024-12-09T14:15:20","modified_gmt":"2024-12-09T13:15:20","slug":"musik-sprache-im-kampf-gegen-apartheid","status":"publish","type":"post","link":"https:\/\/www.euroakademie.de\/magazin\/musik-sprache-im-kampf-gegen-apartheid\/","title":{"rendered":"Musik &amp; Sprache im Kampf gegen Apartheid"},"content":{"rendered":"<p><![CDATA[\n<\/p>\n\n\n<\/p>\n\n\n<p><strong>Bernice ist im zweiten Jahr des Ausbildungs- und Studienprogramms <a aria-label=\"International Business Communication (\u00f6ffnet in neuem Tab)\" href=\"https:\/\/www.euroakademie.de\/magazin\/international-business-communication\/\" target=\"_blank\" rel=\"noreferrer noopener\">International Business Communication<\/a> an der Euro Akademie Hannover. Sie wird im Sommer den Abschluss Staatlich gepr\u00fcfte Kaufm\u00e4nnische Assistentin, Fremdsprachen und Korrespondenz erhalten und anschlie\u00dfend an einer Partnerhochschule bis zum <a aria-label=\"Bachelor als Top-up (\u00f6ffnet in neuem Tab)\" href=\"https:\/\/www.euroakademie.de\/studium.html\" target=\"_blank\" rel=\"noreferrer noopener\">Bachelor als Top-up<\/a> weiterstudieren. Im Rahmen einer Facharbeit im Fach \u201eDolmetschen und \u00dcbersetzen\u201c hat Bernice sich mit dem mehrsprachigen und multikulturellen S\u00fcdafrika auseinandergesetzt und sich insbesondere auf die Rolle von Musik im Kampf gegen Arpartheid und Unterdr\u00fcckung besch\u00e4ftigt. Facharbeiten  k\u00f6nnen von den Sch\u00fcler*innen auf Deutsch, Englisch, Spanisch oder Franz\u00f6sisch verfasst werden. Hier lesen Sie eine Zusammenfassung der Facharbeit. <\/strong><\/p>\n\n\n\n<p class=\"has-text-align-center\"><em><strong>Music doesn\u2019t lie. If there is something to change in this world, <br>then it can only happen through music. <br>Jimi Hendrix (1942-70)<\/strong><\/em><\/p>\n\n\n\n<p>Musik spielte eine entscheidende Rolle beim Widerstand gegen die Apartheid in S\u00fcdafrika. Die Politik der konsequenten Rassentrennung wurde nach Gr\u00fcndung der S\u00fcdafrikanischen Union im Jahre 1910 durch Gesetze durchgesetzt, die die Rechte der schwarzen Bev\u00f6lkerungsmehrheit stark eingrenzten. In S\u00fcdafrika wurden Lieder und Ges\u00e4nge genutzt, um dagegen zu protestieren, noch bevor die Apartheid Ende der 40er Jahre etabliert wurde. <\/p>\n\n\n\n<div class=\"wp-block-buttons is-content-justification-center is-layout-flex wp-container-core-buttons-is-layout-16018d1d wp-block-buttons-is-layout-flex\">\n<div class=\"wp-block-button has-custom-font-size has-regular-font-size\"><a class=\"wp-block-button__link has-white-color has-text-color has-background has-link-color wp-element-button\" href=\"https:\/\/www.euroakademie.de\/hannover\/bildungsangebote\/details\/U1____XZ714_8S_1\/Kaufmaennischer-Assistentin---Fachrichtung-Fremdsprachen-und-Kor\" style=\"background-color:#0abbef;padding-top:var(--wp--preset--spacing--30);padding-right:var(--wp--preset--spacing--20);padding-bottom:var(--wp--preset--spacing--30);padding-left:var(--wp--preset--spacing--20)\">Sie interessieren sich f\u00fcr eine Ausbildung zum*r Kaufm\u00e4nnischen Assistent*in Fremdsprachen und Korrespondenz? Hier geht&#8217;s lang!<\/a><\/div>\n<\/div>\n\n\n\n<h2 class=\"wp-block-heading\">What have we done?<\/h2>\n\n\n\n<p>Musik dr\u00fcckt Freude aus, hilft Lebensweisheiten weiterzugeben und in Erinnerung zu halten, ein Gebet zu sprechen, Mut zu machen und nat\u00fcrlich auch zu unterhalten. Die protestierenden Menschenmengen sangen Lieder wie Senzeni Na? (\u201eWhat have we done?\u201d) Die s\u00fcdafrikanische Regierung verbot jegliche Musik, die Kritik an der Apartheid aus\u00fcbte. Politiker*innen oder beliebte Musiker*innen wie Nelson Mandela und Miriam Makeba wurden inhaftiert oder mussten ins Exil gehen.<\/p>\n\n\n\n<p>Um die Zensur zu umgehen, spielten einige Musiker*innen wie Yvonne Chaka geschickt mit Worten, um Botschaften zu verstecken. Einige wei\u00dfe S\u00fcdafrikaner, wie z.B Johnny Clegg, nutzten  Musik zum Ausdruck von Kritik an der Apartheid, obwohl auch sie wegen ihrer Kunst verhaftet oder zensiert werden konnten. Ab Mitte der 70er Jahre erfuhr die Rolle der Kultur neben den politischen Kampagnen des ANC (African National Congress) Anerkennung und eine Professionalisierung durch Ensembles und Festivals. Der Afrobeat entstand in den 1970er Jahren, aus Highlife, aus Musikstil aus Ghana, Jazz, Funk und traditioneller Musik. <\/p>\n\n\n\n<h2 class=\"wp-block-heading\">Each one of us<\/h2>\n\n\n\n<p>Internationale Musiker*innen engagierten sich im Kampf gegen Apartheid, und so wuchs der Druck auf die s\u00fcdafrikanische Regierung weiter, so dass politische Gefangene schlie\u00dflich freigelassen wurden. Nelson Mandela kam 1990 frei und rief anl\u00e4sslich des zweiten Wembley-Konzerts zu weiteren Ver\u00e4nderungen auf. Vier Jahre sp\u00e4ter wurde er der erste demokratisch gew\u00e4hlten Pr\u00e4sidenten S\u00fcdafrikas. Die Zeit der Apartheid war vorbei, aber der Kampf gegen Vorurteile und Gewalt h\u00f6rt m\u00f6glicherweise nie auf. Nelson Mandela verstand die Kraft der Sprache f\u00fcr seine politischen Ziele zu nutzen. Seine Antrittsrede entwickelte genau wie viele politische Songs eine gro\u00dfe emotionale Kraft. <\/p>\n\n\n\n<p>Sprache und Musik sind ein starkes Team, denn sie haben Intonation, Rhythmus und Melodie gemeinsam. Melodien geben Worten Emotionen und bleiben somit nachhaltig im Ged\u00e4chtnis. Menschen k\u00f6nnen Lieder singen, obwohl sie die Sprache des Liedtextes nicht beherrschen. Musik ist daher eine universelle Sprache. Und Berufe mit Fremdsprachen erfordern ein besonderes Gesp\u00fcr f\u00fcr Intonation, Rhythmus und Melodie. Ohne diese F\u00e4higkeit kann die Botschaft, die sich zwischen den W\u00f6rtern verbirgt, nicht \u00fcbersetzt werden.<\/p>\n\n\n\n<h2 class=\"wp-block-heading\">Zum Weiterlesen und H\u00f6ren: <\/h2>\n\n\n\n<p><strong>Nelson Mandela<\/strong><br><a rel=\"noreferrer noopener\" aria-label=\"https:\/\/www.britannica.com\/biography\/Nelson-Mandela  (\u00f6ffnet in neuem Tab)\" href=\"https:\/\/www.britannica.com\/biography\/Nelson-Mandela\" target=\"_blank\">Biographie von elson Mandela auf britannica.com <\/a><br><a rel=\"noreferrer noopener\" aria-label=\"https:\/\/www.youtube.com\/watch?v=nL8Qmznec2o  (\u00f6ffnet in neuem Tab)\" href=\"https:\/\/www.youtube.com\/watch?v=nL8Qmznec2o\" target=\"_blank\">Rede von Nelson Mandela 1990 <\/a><br><a href=\"https:\/\/www.youtube.com\/watch?v=pJiXu4q__VU\">Er\u00f6ffnungsrede von Pr\u00e4sident Mandela 1994 <\/a><\/p>\n\n\n\n<p>J<strong>ohnny Clegg<\/strong><br><a rel=\"noreferrer noopener\" href=\"https:\/\/www.zeit.de\/kultur\/musik\/2019-07\/suedafrikanischer-musiker-johnny-clegg-gestorben?utm_referrer=https%3A%2F%2Fwww.google.de%2F\" target=\"_blank\">&#8222;Johnny Clegg ist tot&#8220; auf Zeit online vom 19.07.2019<\/a><a rel=\"noreferrer noopener\" aria-label=\"https:\/\/www.zeit.de\/kultur\/musik\/2019-07\/suedafrikanischer-musiker-johnny-clegg-gestorben?utm_referrer=https%3A%2F%2Fwww.google.de%2F  (\u00f6ffnet in neuem Tab)\" href=\"https:\/\/www.zeit.de\/kultur\/musik\/2019-07\/suedafrikanischer-musiker-johnny-clegg-gestorben?utm_referrer=https%3A%2F%2Fwww.google.de%2F\" target=\"_blank\"> <\/a><br><a href=\"https:\/\/www.youtube.com\/watch?v=BGS7SpI7obY\">Auftritt Johnny Clegg mit Nelson Mandela 1999<\/a><\/p>\n\n\n\n<p><strong>Miriam Makeba<\/strong><br><a rel=\"noreferrer noopener\" aria-label=\"https:\/\/www.youtube.com\/watch?v=JBJVVhn7iuo  (\u00f6ffnet in neuem Tab)\" href=\"https:\/\/www.youtube.com\/watch?v=JBJVVhn7iuo\" target=\"_blank\">Song &#8222;Pata Pata&#8220;<\/a><\/p>\n\n\n\n<p><strong>Yvonne Chaka Chaka<\/strong><br><a rel=\"noreferrer noopener\" label=\"http:\/\/yvonnechakachaka.co.za\/promotions\/  (\u00f6ffnet in neuem Tab)\" href=\"https:\/\/yvonnechakachaka.co.za\/\" target=\"_blank\">Wesbsite der Musikerin Yvonne Chaka<\/a><\/p>\n\n\n\n<p><strong>Senzenina<\/strong><br><a href=\"https:\/\/www.youtube.com\/watch?v=5fDU1PYWT8A\">Senzenina von Cape Town Youth Coir <\/a><\/p>\n\n\n\n<p><strong>Artists United against Apartheid \u2013 Sun City<\/strong><br><a rel=\"noreferrer noopener\" aria-label=\"Song von Artists United Against Apartheid von 1985 (\u00f6ffnet in neuem Tab)\" href=\"https:\/\/www.youtube.com\/watch?v=X36NC-mIbq0\" target=\"_blank\">Song von Artists United Against Apartheid von 1985<\/a><\/p>\n\n\n\n<p><em>Bildquelle Beitragsbild: @ watermelontart \/ shutterstock.com<\/em><\/p>\n\n\n\n<p><\/p>\n","protected":false},"excerpt":{"rendered":"<p>Die angehende Kaufm\u00e4nnische Assistentin Fremdsprachen und Korrespondenz Bernice absolviert nach ihrer Ausbildung ihren Bachelor als Top-up. Ihre Facharbeit schrieb sie \u00fcber die Apartheid des multikulturellen S\u00fcdafrika.<\/p>\n","protected":false},"author":25,"featured_media":14772,"comment_status":"closed","ping_status":"closed","sticky":false,"template":"","format":"standard","meta":{"footnotes":""},"categories":[13,112,37],"tags":[547,3841,8002],"class_list":{"0":"post-14769","1":"post","2":"type-post","3":"status-publish","4":"format-standard","5":"has-post-thumbnail","7":"category-fremdsprachen-internationales","8":"category-hannover","9":"category-von-schuelern-fuer-schueler","10":"tag-apartheid","11":"tag-hannover","12":"tag-studium"},"yoast_head":"<!-- This site is optimized with the Yoast SEO plugin v23.5 - https:\/\/yoast.com\/wordpress\/plugins\/seo\/ -->\n<title>Musik und Sprache im Kampf gegen Apartheid \/ Euro Akademie Magazin<\/title>\n<meta name=\"description\" content=\"Bernice absolviert nach ihrer Ausbildung ihren Bachelor als Top-up. Ihre Facharbeit schrieb sie \u00fcber die Apartheid des multikulturellen S\u00fcdafrika.\" \/>\n<meta name=\"robots\" content=\"index, follow, max-snippet:-1, max-image-preview:large, max-video-preview:-1\" \/>\n<link rel=\"canonical\" href=\"https:\/\/www.euroakademie.de\/magazin\/musik-sprache-im-kampf-gegen-apartheid\/\" \/>\n<meta property=\"og:locale\" content=\"de_DE\" \/>\n<meta property=\"og:type\" content=\"article\" \/>\n<meta property=\"og:title\" content=\"Musik und Sprache im Kampf gegen Apartheid \/ Euro Akademie Magazin\" \/>\n<meta property=\"og:description\" content=\"Bernice absolviert nach ihrer Ausbildung ihren Bachelor als Top-up. Ihre Facharbeit schrieb sie \u00fcber die Apartheid des multikulturellen S\u00fcdafrika.\" \/>\n<meta property=\"og:url\" content=\"https:\/\/www.euroakademie.de\/magazin\/musik-sprache-im-kampf-gegen-apartheid\/\" \/>\n<meta property=\"og:site_name\" content=\"Das Euro Akademie Magazin\" \/>\n<meta property=\"article:published_time\" content=\"2021-05-27T13:20:57+00:00\" \/>\n<meta property=\"article:modified_time\" content=\"2024-12-09T13:15:20+00:00\" \/>\n<meta property=\"og:image\" content=\"https:\/\/www.euroakademie.de\/magazin\/wp-content\/uploads\/2021\/05\/shutterstock_1368292115_702x336.jpg\" \/>\n\t<meta property=\"og:image:width\" content=\"702\" \/>\n\t<meta property=\"og:image:height\" content=\"336\" \/>\n\t<meta property=\"og:image:type\" content=\"image\/jpeg\" \/>\n<meta name=\"author\" content=\"Sch\u00fcler*innen der Euro Akademie\" \/>\n<meta name=\"twitter:card\" content=\"summary_large_image\" \/>\n<meta name=\"twitter:label1\" content=\"Verfasst von\" \/>\n\t<meta name=\"twitter:data1\" content=\"Sch\u00fcler*innen der Euro Akademie\" \/>\n\t<meta name=\"twitter:label2\" content=\"Gesch\u00e4tzte Lesezeit\" \/>\n\t<meta name=\"twitter:data2\" content=\"1\u00a0Minute\" \/>\n<script type=\"application\/ld+json\" class=\"yoast-schema-graph\">{\"@context\":\"https:\/\/schema.org\",\"@graph\":[{\"@type\":\"Article\",\"@id\":\"https:\/\/www.euroakademie.de\/magazin\/musik-sprache-im-kampf-gegen-apartheid\/#article\",\"isPartOf\":{\"@id\":\"https:\/\/www.euroakademie.de\/magazin\/musik-sprache-im-kampf-gegen-apartheid\/\"},\"author\":{\"name\":\"Sch\u00fcler*innen der Euro Akademie\",\"@id\":\"https:\/\/www.euroakademie.de\/magazin\/#\/schema\/person\/88061163260e860aeebdcfa336a1a0d7\"},\"headline\":\"Musik &amp; Sprache im Kampf gegen Apartheid\",\"datePublished\":\"2021-05-27T13:20:57+00:00\",\"dateModified\":\"2024-12-09T13:15:20+00:00\",\"mainEntityOfPage\":{\"@id\":\"https:\/\/www.euroakademie.de\/magazin\/musik-sprache-im-kampf-gegen-apartheid\/\"},\"wordCount\":652,\"publisher\":{\"@id\":\"https:\/\/www.euroakademie.de\/magazin\/#organization\"},\"image\":{\"@id\":\"https:\/\/www.euroakademie.de\/magazin\/musik-sprache-im-kampf-gegen-apartheid\/#primaryimage\"},\"thumbnailUrl\":\"https:\/\/www.euroakademie.de\/magazin\/wp-content\/uploads\/2021\/05\/shutterstock_1368292115_702x336.jpg\",\"keywords\":[\"Apartheid\",\"Hannover\",\"Studium\"],\"articleSection\":[\"Fremdsprachen &amp; Internationales\",\"Hannover\",\"Von Sch\u00fclern f\u00fcr Sch\u00fcler\"],\"inLanguage\":\"de\"},{\"@type\":\"WebPage\",\"@id\":\"https:\/\/www.euroakademie.de\/magazin\/musik-sprache-im-kampf-gegen-apartheid\/\",\"url\":\"https:\/\/www.euroakademie.de\/magazin\/musik-sprache-im-kampf-gegen-apartheid\/\",\"name\":\"Musik und Sprache im Kampf gegen Apartheid \/ Euro Akademie Magazin\",\"isPartOf\":{\"@id\":\"https:\/\/www.euroakademie.de\/magazin\/#website\"},\"primaryImageOfPage\":{\"@id\":\"https:\/\/www.euroakademie.de\/magazin\/musik-sprache-im-kampf-gegen-apartheid\/#primaryimage\"},\"image\":{\"@id\":\"https:\/\/www.euroakademie.de\/magazin\/musik-sprache-im-kampf-gegen-apartheid\/#primaryimage\"},\"thumbnailUrl\":\"https:\/\/www.euroakademie.de\/magazin\/wp-content\/uploads\/2021\/05\/shutterstock_1368292115_702x336.jpg\",\"datePublished\":\"2021-05-27T13:20:57+00:00\",\"dateModified\":\"2024-12-09T13:15:20+00:00\",\"description\":\"Bernice absolviert nach ihrer Ausbildung ihren Bachelor als Top-up. Ihre Facharbeit schrieb sie \u00fcber die Apartheid des multikulturellen S\u00fcdafrika.\",\"breadcrumb\":{\"@id\":\"https:\/\/www.euroakademie.de\/magazin\/musik-sprache-im-kampf-gegen-apartheid\/#breadcrumb\"},\"inLanguage\":\"de\",\"potentialAction\":[{\"@type\":\"ReadAction\",\"target\":[\"https:\/\/www.euroakademie.de\/magazin\/musik-sprache-im-kampf-gegen-apartheid\/\"]}]},{\"@type\":\"ImageObject\",\"inLanguage\":\"de\",\"@id\":\"https:\/\/www.euroakademie.de\/magazin\/musik-sprache-im-kampf-gegen-apartheid\/#primaryimage\",\"url\":\"https:\/\/www.euroakademie.de\/magazin\/wp-content\/uploads\/2021\/05\/shutterstock_1368292115_702x336.jpg\",\"contentUrl\":\"https:\/\/www.euroakademie.de\/magazin\/wp-content\/uploads\/2021\/05\/shutterstock_1368292115_702x336.jpg\",\"width\":702,\"height\":336,\"caption\":\"\"},{\"@type\":\"BreadcrumbList\",\"@id\":\"https:\/\/www.euroakademie.de\/magazin\/musik-sprache-im-kampf-gegen-apartheid\/#breadcrumb\",\"itemListElement\":[{\"@type\":\"ListItem\",\"position\":1,\"name\":\"Startseite\",\"item\":\"https:\/\/www.euroakademie.de\/magazin\/\"},{\"@type\":\"ListItem\",\"position\":2,\"name\":\"Musik &amp; Sprache im Kampf gegen Apartheid\"}]},{\"@type\":\"WebSite\",\"@id\":\"https:\/\/www.euroakademie.de\/magazin\/#website\",\"url\":\"https:\/\/www.euroakademie.de\/magazin\/\",\"name\":\"Das Euro Akademie Magazin\",\"description\":\"Gut informiert durch Ausbildung und Studium\",\"publisher\":{\"@id\":\"https:\/\/www.euroakademie.de\/magazin\/#organization\"},\"potentialAction\":[{\"@type\":\"SearchAction\",\"target\":{\"@type\":\"EntryPoint\",\"urlTemplate\":\"https:\/\/www.euroakademie.de\/magazin\/?s={search_term_string}\"},\"query-input\":{\"@type\":\"PropertyValueSpecification\",\"valueRequired\":true,\"valueName\":\"search_term_string\"}}],\"inLanguage\":\"de\"},{\"@type\":\"Organization\",\"@id\":\"https:\/\/www.euroakademie.de\/magazin\/#organization\",\"name\":\"ESO Education Group\",\"url\":\"https:\/\/www.euroakademie.de\/magazin\/\",\"logo\":{\"@type\":\"ImageObject\",\"inLanguage\":\"de\",\"@id\":\"https:\/\/www.euroakademie.de\/magazin\/#\/schema\/logo\/image\/\",\"url\":\"https:\/\/relaunch.euroakademie.de\/magazin\/wp-content\/uploads\/2024\/11\/Logo_EA_negativ_Rahmen_5cm_300dpi_RGB.jpg\",\"contentUrl\":\"https:\/\/relaunch.euroakademie.de\/magazin\/wp-content\/uploads\/2024\/11\/Logo_EA_negativ_Rahmen_5cm_300dpi_RGB.jpg\",\"width\":591,\"height\":236,\"caption\":\"ESO Education Group\"},\"image\":{\"@id\":\"https:\/\/www.euroakademie.de\/magazin\/#\/schema\/logo\/image\/\"}},{\"@type\":\"Person\",\"@id\":\"https:\/\/www.euroakademie.de\/magazin\/#\/schema\/person\/88061163260e860aeebdcfa336a1a0d7\",\"name\":\"Sch\u00fcler*innen der Euro Akademie\",\"description\":\"Unter diesem Autorennamen schildern Sch\u00fcler*innen der Euro Akademien ihre pers\u00f6nlichen Erfahrungen zum Thema Ausbildung, berichten \u00fcber Projekte, Praktika oder Veranstaltungen und geben anderen Lernenden wertvolle Tipps. Sie gehen dabei auf Fragen ein, auf die sie vor und in ihrer Ausbildungszeit selbst gern Antworten gehabt h\u00e4tten.\",\"url\":\"https:\/\/www.euroakademie.de\/magazin\/author\/schueler\/\"}]}<\/script>\n<!-- \/ Yoast SEO plugin. -->","yoast_head_json":{"title":"Musik und Sprache im Kampf gegen Apartheid \/ Euro Akademie Magazin","description":"Bernice absolviert nach ihrer Ausbildung ihren Bachelor als Top-up. Ihre Facharbeit schrieb sie \u00fcber die Apartheid des multikulturellen S\u00fcdafrika.","robots":{"index":"index","follow":"follow","max-snippet":"max-snippet:-1","max-image-preview":"max-image-preview:large","max-video-preview":"max-video-preview:-1"},"canonical":"https:\/\/www.euroakademie.de\/magazin\/musik-sprache-im-kampf-gegen-apartheid\/","og_locale":"de_DE","og_type":"article","og_title":"Musik und Sprache im Kampf gegen Apartheid \/ Euro Akademie Magazin","og_description":"Bernice absolviert nach ihrer Ausbildung ihren Bachelor als Top-up. Ihre Facharbeit schrieb sie \u00fcber die Apartheid des multikulturellen S\u00fcdafrika.","og_url":"https:\/\/www.euroakademie.de\/magazin\/musik-sprache-im-kampf-gegen-apartheid\/","og_site_name":"Das Euro Akademie Magazin","article_published_time":"2021-05-27T13:20:57+00:00","article_modified_time":"2024-12-09T13:15:20+00:00","og_image":[{"width":702,"height":336,"url":"https:\/\/www.euroakademie.de\/magazin\/wp-content\/uploads\/2021\/05\/shutterstock_1368292115_702x336.jpg","type":"image\/jpeg"}],"author":"Sch\u00fcler*innen der Euro Akademie","twitter_card":"summary_large_image","twitter_misc":{"Verfasst von":"Sch\u00fcler*innen der Euro Akademie","Gesch\u00e4tzte Lesezeit":"1\u00a0Minute"},"schema":{"@context":"https:\/\/schema.org","@graph":[{"@type":"Article","@id":"https:\/\/www.euroakademie.de\/magazin\/musik-sprache-im-kampf-gegen-apartheid\/#article","isPartOf":{"@id":"https:\/\/www.euroakademie.de\/magazin\/musik-sprache-im-kampf-gegen-apartheid\/"},"author":{"name":"Sch\u00fcler*innen der Euro Akademie","@id":"https:\/\/www.euroakademie.de\/magazin\/#\/schema\/person\/88061163260e860aeebdcfa336a1a0d7"},"headline":"Musik &amp; Sprache im Kampf gegen Apartheid","datePublished":"2021-05-27T13:20:57+00:00","dateModified":"2024-12-09T13:15:20+00:00","mainEntityOfPage":{"@id":"https:\/\/www.euroakademie.de\/magazin\/musik-sprache-im-kampf-gegen-apartheid\/"},"wordCount":652,"publisher":{"@id":"https:\/\/www.euroakademie.de\/magazin\/#organization"},"image":{"@id":"https:\/\/www.euroakademie.de\/magazin\/musik-sprache-im-kampf-gegen-apartheid\/#primaryimage"},"thumbnailUrl":"https:\/\/www.euroakademie.de\/magazin\/wp-content\/uploads\/2021\/05\/shutterstock_1368292115_702x336.jpg","keywords":["Apartheid","Hannover","Studium"],"articleSection":["Fremdsprachen &amp; Internationales","Hannover","Von Sch\u00fclern f\u00fcr Sch\u00fcler"],"inLanguage":"de"},{"@type":"WebPage","@id":"https:\/\/www.euroakademie.de\/magazin\/musik-sprache-im-kampf-gegen-apartheid\/","url":"https:\/\/www.euroakademie.de\/magazin\/musik-sprache-im-kampf-gegen-apartheid\/","name":"Musik und Sprache im Kampf gegen Apartheid \/ Euro Akademie Magazin","isPartOf":{"@id":"https:\/\/www.euroakademie.de\/magazin\/#website"},"primaryImageOfPage":{"@id":"https:\/\/www.euroakademie.de\/magazin\/musik-sprache-im-kampf-gegen-apartheid\/#primaryimage"},"image":{"@id":"https:\/\/www.euroakademie.de\/magazin\/musik-sprache-im-kampf-gegen-apartheid\/#primaryimage"},"thumbnailUrl":"https:\/\/www.euroakademie.de\/magazin\/wp-content\/uploads\/2021\/05\/shutterstock_1368292115_702x336.jpg","datePublished":"2021-05-27T13:20:57+00:00","dateModified":"2024-12-09T13:15:20+00:00","description":"Bernice absolviert nach ihrer Ausbildung ihren Bachelor als Top-up. Ihre Facharbeit schrieb sie \u00fcber die Apartheid des multikulturellen S\u00fcdafrika.","breadcrumb":{"@id":"https:\/\/www.euroakademie.de\/magazin\/musik-sprache-im-kampf-gegen-apartheid\/#breadcrumb"},"inLanguage":"de","potentialAction":[{"@type":"ReadAction","target":["https:\/\/www.euroakademie.de\/magazin\/musik-sprache-im-kampf-gegen-apartheid\/"]}]},{"@type":"ImageObject","inLanguage":"de","@id":"https:\/\/www.euroakademie.de\/magazin\/musik-sprache-im-kampf-gegen-apartheid\/#primaryimage","url":"https:\/\/www.euroakademie.de\/magazin\/wp-content\/uploads\/2021\/05\/shutterstock_1368292115_702x336.jpg","contentUrl":"https:\/\/www.euroakademie.de\/magazin\/wp-content\/uploads\/2021\/05\/shutterstock_1368292115_702x336.jpg","width":702,"height":336,"caption":""},{"@type":"BreadcrumbList","@id":"https:\/\/www.euroakademie.de\/magazin\/musik-sprache-im-kampf-gegen-apartheid\/#breadcrumb","itemListElement":[{"@type":"ListItem","position":1,"name":"Startseite","item":"https:\/\/www.euroakademie.de\/magazin\/"},{"@type":"ListItem","position":2,"name":"Musik &amp; Sprache im Kampf gegen Apartheid"}]},{"@type":"WebSite","@id":"https:\/\/www.euroakademie.de\/magazin\/#website","url":"https:\/\/www.euroakademie.de\/magazin\/","name":"Das Euro Akademie Magazin","description":"Gut informiert durch Ausbildung und Studium","publisher":{"@id":"https:\/\/www.euroakademie.de\/magazin\/#organization"},"potentialAction":[{"@type":"SearchAction","target":{"@type":"EntryPoint","urlTemplate":"https:\/\/www.euroakademie.de\/magazin\/?s={search_term_string}"},"query-input":{"@type":"PropertyValueSpecification","valueRequired":true,"valueName":"search_term_string"}}],"inLanguage":"de"},{"@type":"Organization","@id":"https:\/\/www.euroakademie.de\/magazin\/#organization","name":"ESO Education Group","url":"https:\/\/www.euroakademie.de\/magazin\/","logo":{"@type":"ImageObject","inLanguage":"de","@id":"https:\/\/www.euroakademie.de\/magazin\/#\/schema\/logo\/image\/","url":"https:\/\/relaunch.euroakademie.de\/magazin\/wp-content\/uploads\/2024\/11\/Logo_EA_negativ_Rahmen_5cm_300dpi_RGB.jpg","contentUrl":"https:\/\/relaunch.euroakademie.de\/magazin\/wp-content\/uploads\/2024\/11\/Logo_EA_negativ_Rahmen_5cm_300dpi_RGB.jpg","width":591,"height":236,"caption":"ESO Education Group"},"image":{"@id":"https:\/\/www.euroakademie.de\/magazin\/#\/schema\/logo\/image\/"}},{"@type":"Person","@id":"https:\/\/www.euroakademie.de\/magazin\/#\/schema\/person\/88061163260e860aeebdcfa336a1a0d7","name":"Sch\u00fcler*innen der Euro Akademie","description":"Unter diesem Autorennamen schildern Sch\u00fcler*innen der Euro Akademien ihre pers\u00f6nlichen Erfahrungen zum Thema Ausbildung, berichten \u00fcber Projekte, Praktika oder Veranstaltungen und geben anderen Lernenden wertvolle Tipps. Sie gehen dabei auf Fragen ein, auf die sie vor und in ihrer Ausbildungszeit selbst gern Antworten gehabt h\u00e4tten.","url":"https:\/\/www.euroakademie.de\/magazin\/author\/schueler\/"}]}},"_links":{"self":[{"href":"https:\/\/www.euroakademie.de\/magazin\/wp-json\/wp\/v2\/posts\/14769","targetHints":{"allow":["GET"]}}],"collection":[{"href":"https:\/\/www.euroakademie.de\/magazin\/wp-json\/wp\/v2\/posts"}],"about":[{"href":"https:\/\/www.euroakademie.de\/magazin\/wp-json\/wp\/v2\/types\/post"}],"author":[{"embeddable":true,"href":"https:\/\/www.euroakademie.de\/magazin\/wp-json\/wp\/v2\/users\/25"}],"replies":[{"embeddable":true,"href":"https:\/\/www.euroakademie.de\/magazin\/wp-json\/wp\/v2\/comments?post=14769"}],"version-history":[{"count":5,"href":"https:\/\/www.euroakademie.de\/magazin\/wp-json\/wp\/v2\/posts\/14769\/revisions"}],"predecessor-version":[{"id":26775,"href":"https:\/\/www.euroakademie.de\/magazin\/wp-json\/wp\/v2\/posts\/14769\/revisions\/26775"}],"wp:featuredmedia":[{"embeddable":true,"href":"https:\/\/www.euroakademie.de\/magazin\/wp-json\/wp\/v2\/media\/14772"}],"wp:attachment":[{"href":"https:\/\/www.euroakademie.de\/magazin\/wp-json\/wp\/v2\/media?parent=14769"}],"wp:term":[{"taxonomy":"category","embeddable":true,"href":"https:\/\/www.euroakademie.de\/magazin\/wp-json\/wp\/v2\/categories?post=14769"},{"taxonomy":"post_tag","embeddable":true,"href":"https:\/\/www.euroakademie.de\/magazin\/wp-json\/wp\/v2\/tags?post=14769"}],"curies":[{"name":"wp","href":"https:\/\/api.w.org\/{rel}","templated":true}]}}