{"id":14782,"date":"2021-06-01T16:25:51","date_gmt":"2021-06-01T14:25:51","guid":{"rendered":"https:\/\/www.euroakademie.de\/magazin\/?p=14782"},"modified":"2024-12-02T15:15:51","modified_gmt":"2024-12-02T14:15:51","slug":"gut-informiert-in-die-ausbildung-euro-akademie-setzt-auf-virtuelle-messen","status":"publish","type":"post","link":"https:\/\/www.euroakademie.de\/magazin\/gut-informiert-in-die-ausbildung-euro-akademie-setzt-auf-virtuelle-messen\/","title":{"rendered":"Gut informiert in die Ausbildung: Euro Akademie setzt auf virtuelle Messen"},"content":{"rendered":"<p><![CDATA[\n<\/p>\n\n\n<p><strong>Abgesagt. Seit Corona sind die Messegel\u00e4nde des Landes verwaist. Gerade Menschen in einer beruflichen Orientierungsphase brauchen aber Ansprechpartner*innen, die sie tatkr\u00e4ftig bei der Berufsfindung unterst\u00fctzen. Bildungsmessen sind ein wunderbarer Ort daf\u00fcr: Dort finden Ausbildungswillige Inspiration, Information und berufliche Orientierung bei vielen verschiedenen Bildungseinrichtungen, Akademien und Unternehmen. Die angehenden Azubis k\u00f6nnen die Mitarbeiter*innen mit Fragen l\u00f6chern und sich ein erstes Bild von Ausbildungskonzept, inhaltlichen Schwerpunkten und Ausbilder*innen oder Lehrkr\u00e4ften machen. Was aber, wenn Messen nicht stattfinden d\u00fcrfen? Sind virtuelle Veranstaltungen wirklich eine Alternative zum pers\u00f6nlichen Plausch am realen Messestand? Ja, das sind sie. Wir stellen Ihnen einige gelungene Beispiele virtueller Bildungsmessen vor, an denen auch die Euro Akademie teilnimmt oder teilgenommen hat. Sie werden \u00fcberrascht sein, was alles m\u00f6glich ist.   <\/strong><\/p>\n\n\n\n<h2 class=\"wp-block-heading\">365 Tage virtuelle Begegnungen mit der Euro Akademie Oldenburg oder \u201eWo sich Goldfische tummeln und die Zukunft beginnt\u201c <\/h2>\n\n\n\n<p>Die Euro Akademie Oldenburg pr\u00e4sentiert sich zum ersten Mal auf einer virtuellen Messe \u2013 und das gleich ein ganzes Jahr lang.  <\/p>\n\n\n\n<p>Schon die Begr\u00fc\u00dfung der Schulabg\u00e4nger*innen und Ausbildungsinteressierten am virtuellen Infopoint, dem Startpunkt f\u00fcr Messebesucher*innen der \u201ejob4u\u201c, macht Lust auf mehr. Seite an Seite mit einem freundlichen Avatar macht ein rappender junger Mann per Video Lust auf mehr. Mehr Info, mehr Ausbildung, mehr virtuelle Welt. Denn in die tauchen Besucher*innen bei job4u tats\u00e4chlich ein.     <\/p>\n\n\n\n<p>Wie war das mit dem Propheten und dem Berg? Genau: Wenn die Ausbildungsinteressierten nicht zum Messestand kommen k\u00f6nnen, kommt der Messestand eben zu den Azubis: auf das Smartphone im Bus, auf das Tablet auf der Couch oder in den Schulunterricht per Computer.<\/p>\n\n\n\n<h3 class=\"wp-block-heading\">Lebendige virtuelle Welten \u2013 navigieren Sie sich durch die Angebote<\/h3>\n\n\n\n<p>Das Konzept von \u201ejob4u\u201c ist gut durchdacht und auch grafisch grandios umgesetzt \u2013 f\u00fcr Momente k\u00f6nnte man glauben, tats\u00e4chlich vor Ort zu sein. Besonders spannend dabei ist, dass die Messe durch freundliche Mitarbeiter*innen, vorbeischwimmende Goldfische und flanierende Besucher*innen ziemlich echt und lebendig wirkt. <\/p>\n\n\n\n<p>Einen \u00dcberblick \u00fcber die Unternehmen der Messe gibt es \u00fcber den Home-Button, der auch gleich anzeigt, in welcher Messehalle sich welche Unternehmen pr\u00e4sentieren. <\/p>\n\n\n\n<p>Psst, kleiner Tipp am Rande: In Halle B finden Sie die Euro Akademie Oldenburg, die Ausbildungen aus den Bereichen Wirtschaft &amp; Management sowie Fremdsprachen &amp; Internationales anbietet. Hier k\u00f6nnen Sie sich zum <a aria-label=\"International Administration Manager ESA (\u00f6ffnet in neuem Tab)\" href=\"https:\/\/www.euroakademie.de\/ausbildung\/wirtschaft-management\/international-administration-manager-esa.html\" target=\"_blank\" rel=\"noreferrer noopener\">International Administration Manager ESA<\/a>, <a aria-label=\"Kaufm\u00e4nnische*r Assistent*in (\u00f6ffnet in neuem Tab)\" href=\"https:\/\/www.euroakademie.de\/ausbildung\/wirtschaft-management\/kaufmaennischer-assistent.html\" target=\"_blank\" rel=\"noreferrer noopener\">Kaufm\u00e4nnische*r Assistent*in<\/a>, <a aria-label=\"Europa-Korrespondent*in (\u00f6ffnet in neuem Tab)\" href=\"https:\/\/www.euroakademie.de\/ausbildung\/fremdsprachen-internationales\/europa-korrespondent.html\" target=\"_blank\" rel=\"noreferrer noopener\">Europa-Korrespondent*in<\/a> oder <a aria-label=\"Fremdsprachenkorrespondent*in (\u00f6ffnet in neuem Tab)\" href=\"https:\/\/www.euroakademie.de\/ausbildung\/fremdsprachen-internationales\/fremdsprachenkorrespondent.html\" target=\"_blank\" rel=\"noreferrer noopener\">Fremdsprachenkorrespondent*in<\/a> ausbilden lassen, um sp\u00e4ter Ihre Karriere in internationalen Unternehmen zu starten. Au\u00dferdem gibt\u2019s einen Appetizer auf das <a aria-label=\"Top-up-Studium (\u00f6ffnet in neuem Tab)\" href=\"https:\/\/www.euroakademie.de\/studium.html\" target=\"_blank\" rel=\"noreferrer noopener\">Top-up-Studium<\/a> nach abgeschlossener Ausbildung an der Euro Akademie. Noch Fragen? Auf dem Messestand haben Sie die M\u00f6glichkeit, eine Nachricht an die Mitarbeiter*innen zu hinterlassen. Wir freuen uns auf Ihren Besuch an unserem virtuellen Messestand \u2013 schauen Sie doch gleich mal vorbei!<\/p>\n\n\n\n<h2 class=\"wp-block-heading\">Die Erfolgsgeschichte geht weiter:<br>Virtueller Explorer Day am 15. Juni an der Euro Akademie Mainz<\/h2>\n\n\n\n<p>Am 15. Juni ist es wieder soweit! Nachdem der <a rel=\"noreferrer noopener\" aria-label=\"erste virtuelle Explorer Day  (\u00f6ffnet in neuem Tab)\" href=\"https:\/\/www.euroakademie.de\/standorte\/mainz\/aktuelles\/news-detail\/article\/erster-explorer-day-an-der-euro-akademie-mainz-ein-voller-erfolg.html\" target=\"_blank\">erste virtuelle Explorer Day <\/a>der Euro Akademie Mainz im April ein voller Erfolg war, stellen wir Aus- und Weiterbildungsinteressierten noch einmal unsere <a rel=\"noreferrer noopener\" aria-label=\"Ausbildung zum*r Fremdsprachenkorrespondent*in (\u00f6ffnet in neuem Tab)\" href=\"https:\/\/www.euroakademie.de\/ausbildung\/fremdsprachen-internationales\/fremdsprachenkorrespondent.html\" target=\"_blank\">Ausbildung zum*r Fremdsprachenkorrespondent*in<\/a> vor und informieren sie \u00fcber die Weiterbildungen in den Bereichen Fremdsprachen &amp; Internationales und Wirtschaft &amp; Management. Die Veranstaltungen finden online \u00fcber Microsoft Teams statt. <a href=\"https:\/\/public.euroakademie.de\/action?ActionHandler=Application&amp;&amp;fsel=IAZ-C-RVR2Q199-&amp;showTitleDif&amp;hideProductTypes&amp;noLogin=1\" target=\"_blank\" rel=\"noreferrer noopener\" aria-label=\"Melden Sie sich einfach hier an (\u00f6ffnet in neuem Tab)\">Melden Sie sich einfach hier an<\/a> \u2013 den Link zum Vortrag schicken wir Ihnen dann per E-Mail zu. <\/p>\n\n\n\n<h3 class=\"wp-block-heading\">Das Programm: Wirtschaft, Fremdsprachen, Mittlere Reife <\/h3>\n\n\n\n<p>Um 16 Uhr geht es mit einer Vorstellung unserer Ausbildung zum*r Fremdsprachenkorrespondent*in los. Im Anschluss, um 16:45 Uhr, gibt es Informationen zur Weiterbildung &#8222;Gepr\u00fcfter Fachwirt*in f\u00fcr B\u00fcro- und Projektorganisation IHK&#8220;. Und last, but not least endet der Explorer Day mit dem Vortrag &#8222;Weiterbildung Fremdsprachen \u2013 mit Sprachzertifikat neue T\u00fcren \u00f6ffnen!&#8220;.<\/p>\n\n\n\n<p>Sind Sie auf der Suche nach einem Deutschkurs oder wollen sich auf die Mittlere Reife vorbereiten? Dann informieren Sie sich hier \u00fcber die <a href=\"http:\/\/www.eso.de\/mainz\" target=\"_blank\" rel=\"noreferrer noopener\" aria-label=\"Angebote unseres Partners, den Euro-Schulen Mainz (\u00f6ffnet in neuem Tab)\">Angebote unseres Partners, den Euro-Schulen Mainz<\/a>.<\/p>\n\n\n\n<h2 class=\"wp-block-heading\">\u201eBeruf und Bildung am Sachsenring\u201c:<br>Euro Akademie Hohenstein-Ernstthal verzeichnet 1300 Besucher*innen  <\/h2>\n\n\n\n<p>Die Messe \u201eBeruf und Bildung am Sachsenring\u201c ist eine feste Institution in der Region. Da Corona der Euro Akademie Hohenstein-Ernstthal als Mitveranstalter, Unternehmen und Ausbildungsinteressierten f\u00fcr die Bildungsmesse am 19. M\u00e4rz einen gr\u00fcndlichen Strich durch die Rechnung gemacht hatte, schwenkte man spontan auf eine virtuelle Veranstaltung um. <\/p>\n\n\n\n<p>Online-Veranstaltungen sind f\u00fcr die Euro Akademie Hohenstein-Ernstthal gl\u00fccklicherweise kein Neuland \u2013 eine digitale Messe aber schon. Am Ende pr\u00e4sentierten sich 59 Aussteller mit ihren Profilen auf der Homepage.  Au\u00dferdem gab es rund 70 Live-Pr\u00e4sentationen f\u00fcr die Besucher*innen.<\/p>\n\n\n\n<p>Nach den Gru\u00dfworten, unter anderem des stellvertretenden Ministerpr\u00e4sidenten und Staatsminister f\u00fcr Wirtschaft, Arbeit und Verkehr, Martin Dulig, stellten verschiedene Unternehmen in Live-Pr\u00e4sentationen sich und ihre Ausbildungsberufe vor. Die Euro Akademie Hohenstein-Ernstthal war nat\u00fcrlich auch dabei und <a href=\"https:\/\/www.euroakademie.de\/standorte\/hohenstein-ernstthal\/ausbildung.html\" target=\"_blank\" rel=\"noreferrer noopener\" aria-label=\"pr\u00e4sentierte ihre Ausbildungen (\u00f6ffnet in neuem Tab)\">pr\u00e4sentierte ihre Ausbildungen<\/a> Sozialassistent*in, Erzieher*in, Krankenpflegehelfer*in und Pflegefachmann*frau.  <\/p>\n\n\n\n<p>Neben den Live-Pr\u00e4sentationen konnten sich die fast 1.300 Besucher*innen unserer Website \u00fcber die teilnehmenden Unternehmen informieren. Diese Aussteller\u00fcbersicht bleibt online \u2013 <a href=\"https:\/\/job4u-ev.de\/\" target=\"_blank\" rel=\"noreferrer noopener\" label=\"schauen Sie doch mal rein (\u00f6ffnet in neuem Tab)\">schauen Sie doch mal rein<\/a>!  Wir freuen uns aufs n\u00e4chste Jahr \u2013 dann hoffentlich wieder \u201eanalog\u201c am Sachsenring! Bis dahin k\u00f6nnen Sie sich auf unserer Messehomepage weiterhin \u00fcber die Arbeitsmarktmesse und die teilnehmenden Unternehmen informieren.  <\/p>\n\n\n\n<h2 class=\"wp-block-heading\">Mit dem Taxi zur Bildung :<br>Euro Akademie Dessau steigt ins virtuelle Messetaxi ein<em>  <\/em><\/h2>\n\n\n\n<p>Mit der ersten digitalen Bildungsmesse in Dessau-Ro\u00dflau am 5. Mai 2021 sollte an die bew\u00e4hrten Aktivierungs- und Weiterbildungscaf\u00e9s des Jobcenters Dessau-Ro\u00dflau und der Agentur f\u00fcr Arbeit Dessau-Ro\u00dflau-Wittenberg angekn\u00fcpft werden. Das klare Ziel: Menschen berufliche Orientierung bieten und Ausbildung, Qualifizierung und Weiterbildung erm\u00f6glichen.  <\/p>\n\n\n\n<h3 class=\"wp-block-heading\">\u00dcberraschend einfach \u2013 einfach erfolgreich <\/h3>\n\n\n\n<p>Die Teilnahme an einer virtuellen Bildungsmesse war absolutes Neuland f\u00fcr die Euro Akademie Dessau. Umso \u00fcberraschter waren die Organisator*innen, wie unkompliziert die Einrichtung des \u201eMessestandes\u201c mit den Ausbildungsangeboten und zertifizierten AVGS-Ma\u00dfnahmen (diese werden \u00fcber den Partner, die Euro-Schulen Dessau, angeboten) auf der Plattform <a rel=\"noreferrer noopener\" aria-label=\"www.messe.taxi (\u00f6ffnet in neuem Tab)\" href=\"http:\/\/www.messe.taxi\" target=\"_blank\">www.messe.taxi<\/a> war. Mehr als 100 Besucher*innen fanden den Weg an den virtuellen Messestand der Euro Akademie Dessau, an dem Mitarbeiter*innen die Ausbildungsinteressierten mittels Chats pers\u00f6nlich und individuell beraten konnten. <\/p>\n\n\n\n<div class=\"wp-block-buttons is-content-justification-center is-layout-flex wp-container-core-buttons-is-layout-16018d1d wp-block-buttons-is-layout-flex\">\n<div class=\"wp-block-button has-custom-font-size has-regular-font-size\"><a class=\"wp-block-button__link has-white-color has-text-color has-background has-link-color wp-element-button\" href=\"https:\/\/www.euroakademie.de\/standorte\/uebersichtskarte\" style=\"background-color:#c5122c;padding-top:var(--wp--preset--spacing--30);padding-right:var(--wp--preset--spacing--20);padding-bottom:var(--wp--preset--spacing--30);padding-left:var(--wp--preset--spacing--20)\">Sie sind auf der Suche nach einer Ausbildung, die Ihnen Freude macht und in der Sie Ihre Talente ausleben k\u00f6nnen? An 33 Standorten in ganz Deutschland finden Sie Ihre Wunschausbildung. Lassen Sie sich unverbindlich beraten \u2013 wir sind von Januar bis Dezember f\u00fcr Sie da.<\/a><\/div>\n<\/div>\n\n\n\n<p><em>Beitragsbild mit freundlicher Genehmigung von job4u<\/em><\/p>\n\n\n\n<p><\/p>\n","protected":false},"excerpt":{"rendered":"<p>\t\t\t\t<![CDATA[Wo l\u00e4sst man sich beraten, wenn alle Bildungsmessen abgesagt sind? Auf virtuellen Messen nat\u00fcrlich. Sie werden sich wundern, was alles m\u00f6glich ist. Wir stellen Ihnen einige gelungene Beispiele virtueller Bildungsmessen vor.]]>\t\t<\/p>\n","protected":false},"author":58,"featured_media":14787,"comment_status":"closed","ping_status":"closed","sticky":false,"template":"","format":"standard","meta":{"footnotes":""},"categories":[88,115,118,157],"tags":[1228,2740,5611,5614,8875],"class_list":{"0":"post-14782","1":"post","2":"type-post","3":"status-publish","4":"format-standard","5":"has-post-thumbnail","7":"category-dessau","8":"category-hohenstein-ernstthal","9":"category-im-fokus","10":"category-oldenburg","11":"tag-berufsorientierung","12":"tag-explorerdays","13":"tag-messestand","14":"tag-messetaxi","15":"tag-virtuelle-messe"},"yoast_head":"<!-- This site is optimized with the Yoast SEO plugin v23.5 - https:\/\/yoast.com\/wordpress\/plugins\/seo\/ -->\n<title>Gut informiert in die Ausbildung - Euro Akademie setzt auf virtuelle Messen<\/title>\n<meta name=\"description\" content=\"Wo l\u00e4sst man sich beraten, wenn alle Bildungsmessen abgesagt sind? Auf virtuellen Messen nat\u00fcrlich. Sie werden sich wundern, was alles m\u00f6glich ist.\" \/>\n<meta name=\"robots\" content=\"index, follow, max-snippet:-1, max-image-preview:large, max-video-preview:-1\" \/>\n<link rel=\"canonical\" href=\"https:\/\/www.euroakademie.de\/magazin\/gut-informiert-in-die-ausbildung-euro-akademie-setzt-auf-virtuelle-messen\/\" \/>\n<meta property=\"og:locale\" content=\"de_DE\" \/>\n<meta property=\"og:type\" content=\"article\" \/>\n<meta property=\"og:title\" content=\"Gut informiert in die Ausbildung - Euro Akademie setzt auf virtuelle Messen\" \/>\n<meta property=\"og:description\" content=\"Wo l\u00e4sst man sich beraten, wenn alle Bildungsmessen abgesagt sind? Auf virtuellen Messen nat\u00fcrlich. Sie werden sich wundern, was alles m\u00f6glich ist.\" \/>\n<meta property=\"og:url\" content=\"https:\/\/www.euroakademie.de\/magazin\/gut-informiert-in-die-ausbildung-euro-akademie-setzt-auf-virtuelle-messen\/\" \/>\n<meta property=\"og:site_name\" content=\"Das Euro Akademie Magazin\" \/>\n<meta property=\"article:published_time\" content=\"2021-06-01T14:25:51+00:00\" \/>\n<meta property=\"article:modified_time\" content=\"2024-12-02T14:15:51+00:00\" \/>\n<meta property=\"og:image\" content=\"https:\/\/www.euroakademie.de\/magazin\/wp-content\/uploads\/2021\/06\/Job4U_1-002_702x336.jpg\" \/>\n\t<meta property=\"og:image:width\" content=\"702\" \/>\n\t<meta property=\"og:image:height\" content=\"337\" \/>\n\t<meta property=\"og:image:type\" content=\"image\/jpeg\" \/>\n<meta name=\"author\" content=\"Tanja H\u00f6fling\" \/>\n<meta name=\"twitter:card\" content=\"summary_large_image\" \/>\n<meta name=\"twitter:label1\" content=\"Verfasst von\" \/>\n\t<meta name=\"twitter:data1\" content=\"Tanja H\u00f6fling\" \/>\n\t<meta name=\"twitter:label2\" content=\"Gesch\u00e4tzte Lesezeit\" \/>\n\t<meta name=\"twitter:data2\" content=\"1\u00a0Minute\" \/>\n<script type=\"application\/ld+json\" class=\"yoast-schema-graph\">{\"@context\":\"https:\/\/schema.org\",\"@graph\":[{\"@type\":\"Article\",\"@id\":\"https:\/\/www.euroakademie.de\/magazin\/gut-informiert-in-die-ausbildung-euro-akademie-setzt-auf-virtuelle-messen\/#article\",\"isPartOf\":{\"@id\":\"https:\/\/www.euroakademie.de\/magazin\/gut-informiert-in-die-ausbildung-euro-akademie-setzt-auf-virtuelle-messen\/\"},\"author\":{\"name\":\"Tanja H\u00f6fling\",\"@id\":\"https:\/\/www.euroakademie.de\/magazin\/#\/schema\/person\/2c0d3896d19e86373c87f4ac022d4919\"},\"headline\":\"Gut informiert in die Ausbildung: Euro Akademie setzt auf virtuelle Messen\",\"datePublished\":\"2021-06-01T14:25:51+00:00\",\"dateModified\":\"2024-12-02T14:15:51+00:00\",\"mainEntityOfPage\":{\"@id\":\"https:\/\/www.euroakademie.de\/magazin\/gut-informiert-in-die-ausbildung-euro-akademie-setzt-auf-virtuelle-messen\/\"},\"wordCount\":1065,\"publisher\":{\"@id\":\"https:\/\/www.euroakademie.de\/magazin\/#organization\"},\"image\":{\"@id\":\"https:\/\/www.euroakademie.de\/magazin\/gut-informiert-in-die-ausbildung-euro-akademie-setzt-auf-virtuelle-messen\/#primaryimage\"},\"thumbnailUrl\":\"https:\/\/www.euroakademie.de\/magazin\/wp-content\/uploads\/2021\/06\/Job4U_1-002_702x336.jpg\",\"keywords\":[\"Berufsorientierung\",\"ExplorerDays\",\"Messestand\",\"Messetaxi\",\"virtuelle Messe\"],\"articleSection\":[\"Dessau\",\"Hohenstein-Ernstthal\",\"Im Fokus\",\"Oldenburg\"],\"inLanguage\":\"de\"},{\"@type\":\"WebPage\",\"@id\":\"https:\/\/www.euroakademie.de\/magazin\/gut-informiert-in-die-ausbildung-euro-akademie-setzt-auf-virtuelle-messen\/\",\"url\":\"https:\/\/www.euroakademie.de\/magazin\/gut-informiert-in-die-ausbildung-euro-akademie-setzt-auf-virtuelle-messen\/\",\"name\":\"Gut informiert in die Ausbildung - Euro Akademie setzt auf virtuelle Messen\",\"isPartOf\":{\"@id\":\"https:\/\/www.euroakademie.de\/magazin\/#website\"},\"primaryImageOfPage\":{\"@id\":\"https:\/\/www.euroakademie.de\/magazin\/gut-informiert-in-die-ausbildung-euro-akademie-setzt-auf-virtuelle-messen\/#primaryimage\"},\"image\":{\"@id\":\"https:\/\/www.euroakademie.de\/magazin\/gut-informiert-in-die-ausbildung-euro-akademie-setzt-auf-virtuelle-messen\/#primaryimage\"},\"thumbnailUrl\":\"https:\/\/www.euroakademie.de\/magazin\/wp-content\/uploads\/2021\/06\/Job4U_1-002_702x336.jpg\",\"datePublished\":\"2021-06-01T14:25:51+00:00\",\"dateModified\":\"2024-12-02T14:15:51+00:00\",\"description\":\"Wo l\u00e4sst man sich beraten, wenn alle Bildungsmessen abgesagt sind? Auf virtuellen Messen nat\u00fcrlich. Sie werden sich wundern, was alles m\u00f6glich ist.\",\"breadcrumb\":{\"@id\":\"https:\/\/www.euroakademie.de\/magazin\/gut-informiert-in-die-ausbildung-euro-akademie-setzt-auf-virtuelle-messen\/#breadcrumb\"},\"inLanguage\":\"de\",\"potentialAction\":[{\"@type\":\"ReadAction\",\"target\":[\"https:\/\/www.euroakademie.de\/magazin\/gut-informiert-in-die-ausbildung-euro-akademie-setzt-auf-virtuelle-messen\/\"]}]},{\"@type\":\"ImageObject\",\"inLanguage\":\"de\",\"@id\":\"https:\/\/www.euroakademie.de\/magazin\/gut-informiert-in-die-ausbildung-euro-akademie-setzt-auf-virtuelle-messen\/#primaryimage\",\"url\":\"https:\/\/www.euroakademie.de\/magazin\/wp-content\/uploads\/2021\/06\/Job4U_1-002_702x336.jpg\",\"contentUrl\":\"https:\/\/www.euroakademie.de\/magazin\/wp-content\/uploads\/2021\/06\/Job4U_1-002_702x336.jpg\",\"width\":702,\"height\":337,\"caption\":\"\"},{\"@type\":\"BreadcrumbList\",\"@id\":\"https:\/\/www.euroakademie.de\/magazin\/gut-informiert-in-die-ausbildung-euro-akademie-setzt-auf-virtuelle-messen\/#breadcrumb\",\"itemListElement\":[{\"@type\":\"ListItem\",\"position\":1,\"name\":\"Startseite\",\"item\":\"https:\/\/www.euroakademie.de\/magazin\/\"},{\"@type\":\"ListItem\",\"position\":2,\"name\":\"Gut informiert in die Ausbildung: Euro Akademie setzt auf virtuelle Messen\"}]},{\"@type\":\"WebSite\",\"@id\":\"https:\/\/www.euroakademie.de\/magazin\/#website\",\"url\":\"https:\/\/www.euroakademie.de\/magazin\/\",\"name\":\"Das Euro Akademie Magazin\",\"description\":\"Gut informiert durch Ausbildung und Studium\",\"publisher\":{\"@id\":\"https:\/\/www.euroakademie.de\/magazin\/#organization\"},\"potentialAction\":[{\"@type\":\"SearchAction\",\"target\":{\"@type\":\"EntryPoint\",\"urlTemplate\":\"https:\/\/www.euroakademie.de\/magazin\/?s={search_term_string}\"},\"query-input\":{\"@type\":\"PropertyValueSpecification\",\"valueRequired\":true,\"valueName\":\"search_term_string\"}}],\"inLanguage\":\"de\"},{\"@type\":\"Organization\",\"@id\":\"https:\/\/www.euroakademie.de\/magazin\/#organization\",\"name\":\"ESO Education Group\",\"url\":\"https:\/\/www.euroakademie.de\/magazin\/\",\"logo\":{\"@type\":\"ImageObject\",\"inLanguage\":\"de\",\"@id\":\"https:\/\/www.euroakademie.de\/magazin\/#\/schema\/logo\/image\/\",\"url\":\"https:\/\/relaunch.euroakademie.de\/magazin\/wp-content\/uploads\/2024\/11\/Logo_EA_negativ_Rahmen_5cm_300dpi_RGB.jpg\",\"contentUrl\":\"https:\/\/relaunch.euroakademie.de\/magazin\/wp-content\/uploads\/2024\/11\/Logo_EA_negativ_Rahmen_5cm_300dpi_RGB.jpg\",\"width\":591,\"height\":236,\"caption\":\"ESO Education Group\"},\"image\":{\"@id\":\"https:\/\/www.euroakademie.de\/magazin\/#\/schema\/logo\/image\/\"}},{\"@type\":\"Person\",\"@id\":\"https:\/\/www.euroakademie.de\/magazin\/#\/schema\/person\/2c0d3896d19e86373c87f4ac022d4919\",\"name\":\"Tanja H\u00f6fling\",\"description\":\"Von Juli 2017 bis Juli 2022 informierte die ehemalige Online-Redakteurin des Euro Akademie Magazins regelm\u00e4\u00dfig \u00fcber Aktuelles und Wissenswertes zu den Themen Ausbildung, Studium und Beruf.\",\"url\":\"https:\/\/www.euroakademie.de\/magazin\/author\/hoeflingt\/\"}]}<\/script>\n<!-- \/ Yoast SEO plugin. -->","yoast_head_json":{"title":"Gut informiert in die Ausbildung - Euro Akademie setzt auf virtuelle Messen","description":"Wo l\u00e4sst man sich beraten, wenn alle Bildungsmessen abgesagt sind? Auf virtuellen Messen nat\u00fcrlich. Sie werden sich wundern, was alles m\u00f6glich ist.","robots":{"index":"index","follow":"follow","max-snippet":"max-snippet:-1","max-image-preview":"max-image-preview:large","max-video-preview":"max-video-preview:-1"},"canonical":"https:\/\/www.euroakademie.de\/magazin\/gut-informiert-in-die-ausbildung-euro-akademie-setzt-auf-virtuelle-messen\/","og_locale":"de_DE","og_type":"article","og_title":"Gut informiert in die Ausbildung - Euro Akademie setzt auf virtuelle Messen","og_description":"Wo l\u00e4sst man sich beraten, wenn alle Bildungsmessen abgesagt sind? Auf virtuellen Messen nat\u00fcrlich. Sie werden sich wundern, was alles m\u00f6glich ist.","og_url":"https:\/\/www.euroakademie.de\/magazin\/gut-informiert-in-die-ausbildung-euro-akademie-setzt-auf-virtuelle-messen\/","og_site_name":"Das Euro Akademie Magazin","article_published_time":"2021-06-01T14:25:51+00:00","article_modified_time":"2024-12-02T14:15:51+00:00","og_image":[{"width":702,"height":337,"url":"https:\/\/www.euroakademie.de\/magazin\/wp-content\/uploads\/2021\/06\/Job4U_1-002_702x336.jpg","type":"image\/jpeg"}],"author":"Tanja H\u00f6fling","twitter_card":"summary_large_image","twitter_misc":{"Verfasst von":"Tanja H\u00f6fling","Gesch\u00e4tzte Lesezeit":"1\u00a0Minute"},"schema":{"@context":"https:\/\/schema.org","@graph":[{"@type":"Article","@id":"https:\/\/www.euroakademie.de\/magazin\/gut-informiert-in-die-ausbildung-euro-akademie-setzt-auf-virtuelle-messen\/#article","isPartOf":{"@id":"https:\/\/www.euroakademie.de\/magazin\/gut-informiert-in-die-ausbildung-euro-akademie-setzt-auf-virtuelle-messen\/"},"author":{"name":"Tanja H\u00f6fling","@id":"https:\/\/www.euroakademie.de\/magazin\/#\/schema\/person\/2c0d3896d19e86373c87f4ac022d4919"},"headline":"Gut informiert in die Ausbildung: Euro Akademie setzt auf virtuelle Messen","datePublished":"2021-06-01T14:25:51+00:00","dateModified":"2024-12-02T14:15:51+00:00","mainEntityOfPage":{"@id":"https:\/\/www.euroakademie.de\/magazin\/gut-informiert-in-die-ausbildung-euro-akademie-setzt-auf-virtuelle-messen\/"},"wordCount":1065,"publisher":{"@id":"https:\/\/www.euroakademie.de\/magazin\/#organization"},"image":{"@id":"https:\/\/www.euroakademie.de\/magazin\/gut-informiert-in-die-ausbildung-euro-akademie-setzt-auf-virtuelle-messen\/#primaryimage"},"thumbnailUrl":"https:\/\/www.euroakademie.de\/magazin\/wp-content\/uploads\/2021\/06\/Job4U_1-002_702x336.jpg","keywords":["Berufsorientierung","ExplorerDays","Messestand","Messetaxi","virtuelle Messe"],"articleSection":["Dessau","Hohenstein-Ernstthal","Im Fokus","Oldenburg"],"inLanguage":"de"},{"@type":"WebPage","@id":"https:\/\/www.euroakademie.de\/magazin\/gut-informiert-in-die-ausbildung-euro-akademie-setzt-auf-virtuelle-messen\/","url":"https:\/\/www.euroakademie.de\/magazin\/gut-informiert-in-die-ausbildung-euro-akademie-setzt-auf-virtuelle-messen\/","name":"Gut informiert in die Ausbildung - Euro Akademie setzt auf virtuelle Messen","isPartOf":{"@id":"https:\/\/www.euroakademie.de\/magazin\/#website"},"primaryImageOfPage":{"@id":"https:\/\/www.euroakademie.de\/magazin\/gut-informiert-in-die-ausbildung-euro-akademie-setzt-auf-virtuelle-messen\/#primaryimage"},"image":{"@id":"https:\/\/www.euroakademie.de\/magazin\/gut-informiert-in-die-ausbildung-euro-akademie-setzt-auf-virtuelle-messen\/#primaryimage"},"thumbnailUrl":"https:\/\/www.euroakademie.de\/magazin\/wp-content\/uploads\/2021\/06\/Job4U_1-002_702x336.jpg","datePublished":"2021-06-01T14:25:51+00:00","dateModified":"2024-12-02T14:15:51+00:00","description":"Wo l\u00e4sst man sich beraten, wenn alle Bildungsmessen abgesagt sind? Auf virtuellen Messen nat\u00fcrlich. Sie werden sich wundern, was alles m\u00f6glich ist.","breadcrumb":{"@id":"https:\/\/www.euroakademie.de\/magazin\/gut-informiert-in-die-ausbildung-euro-akademie-setzt-auf-virtuelle-messen\/#breadcrumb"},"inLanguage":"de","potentialAction":[{"@type":"ReadAction","target":["https:\/\/www.euroakademie.de\/magazin\/gut-informiert-in-die-ausbildung-euro-akademie-setzt-auf-virtuelle-messen\/"]}]},{"@type":"ImageObject","inLanguage":"de","@id":"https:\/\/www.euroakademie.de\/magazin\/gut-informiert-in-die-ausbildung-euro-akademie-setzt-auf-virtuelle-messen\/#primaryimage","url":"https:\/\/www.euroakademie.de\/magazin\/wp-content\/uploads\/2021\/06\/Job4U_1-002_702x336.jpg","contentUrl":"https:\/\/www.euroakademie.de\/magazin\/wp-content\/uploads\/2021\/06\/Job4U_1-002_702x336.jpg","width":702,"height":337,"caption":""},{"@type":"BreadcrumbList","@id":"https:\/\/www.euroakademie.de\/magazin\/gut-informiert-in-die-ausbildung-euro-akademie-setzt-auf-virtuelle-messen\/#breadcrumb","itemListElement":[{"@type":"ListItem","position":1,"name":"Startseite","item":"https:\/\/www.euroakademie.de\/magazin\/"},{"@type":"ListItem","position":2,"name":"Gut informiert in die Ausbildung: Euro Akademie setzt auf virtuelle Messen"}]},{"@type":"WebSite","@id":"https:\/\/www.euroakademie.de\/magazin\/#website","url":"https:\/\/www.euroakademie.de\/magazin\/","name":"Das Euro Akademie Magazin","description":"Gut informiert durch Ausbildung und Studium","publisher":{"@id":"https:\/\/www.euroakademie.de\/magazin\/#organization"},"potentialAction":[{"@type":"SearchAction","target":{"@type":"EntryPoint","urlTemplate":"https:\/\/www.euroakademie.de\/magazin\/?s={search_term_string}"},"query-input":{"@type":"PropertyValueSpecification","valueRequired":true,"valueName":"search_term_string"}}],"inLanguage":"de"},{"@type":"Organization","@id":"https:\/\/www.euroakademie.de\/magazin\/#organization","name":"ESO Education Group","url":"https:\/\/www.euroakademie.de\/magazin\/","logo":{"@type":"ImageObject","inLanguage":"de","@id":"https:\/\/www.euroakademie.de\/magazin\/#\/schema\/logo\/image\/","url":"https:\/\/relaunch.euroakademie.de\/magazin\/wp-content\/uploads\/2024\/11\/Logo_EA_negativ_Rahmen_5cm_300dpi_RGB.jpg","contentUrl":"https:\/\/relaunch.euroakademie.de\/magazin\/wp-content\/uploads\/2024\/11\/Logo_EA_negativ_Rahmen_5cm_300dpi_RGB.jpg","width":591,"height":236,"caption":"ESO Education Group"},"image":{"@id":"https:\/\/www.euroakademie.de\/magazin\/#\/schema\/logo\/image\/"}},{"@type":"Person","@id":"https:\/\/www.euroakademie.de\/magazin\/#\/schema\/person\/2c0d3896d19e86373c87f4ac022d4919","name":"Tanja H\u00f6fling","description":"Von Juli 2017 bis Juli 2022 informierte die ehemalige Online-Redakteurin des Euro Akademie Magazins regelm\u00e4\u00dfig \u00fcber Aktuelles und Wissenswertes zu den Themen Ausbildung, Studium und Beruf.","url":"https:\/\/www.euroakademie.de\/magazin\/author\/hoeflingt\/"}]}},"_links":{"self":[{"href":"https:\/\/www.euroakademie.de\/magazin\/wp-json\/wp\/v2\/posts\/14782","targetHints":{"allow":["GET"]}}],"collection":[{"href":"https:\/\/www.euroakademie.de\/magazin\/wp-json\/wp\/v2\/posts"}],"about":[{"href":"https:\/\/www.euroakademie.de\/magazin\/wp-json\/wp\/v2\/types\/post"}],"author":[{"embeddable":true,"href":"https:\/\/www.euroakademie.de\/magazin\/wp-json\/wp\/v2\/users\/58"}],"replies":[{"embeddable":true,"href":"https:\/\/www.euroakademie.de\/magazin\/wp-json\/wp\/v2\/comments?post=14782"}],"version-history":[{"count":5,"href":"https:\/\/www.euroakademie.de\/magazin\/wp-json\/wp\/v2\/posts\/14782\/revisions"}],"predecessor-version":[{"id":24873,"href":"https:\/\/www.euroakademie.de\/magazin\/wp-json\/wp\/v2\/posts\/14782\/revisions\/24873"}],"wp:featuredmedia":[{"embeddable":true,"href":"https:\/\/www.euroakademie.de\/magazin\/wp-json\/wp\/v2\/media\/14787"}],"wp:attachment":[{"href":"https:\/\/www.euroakademie.de\/magazin\/wp-json\/wp\/v2\/media?parent=14782"}],"wp:term":[{"taxonomy":"category","embeddable":true,"href":"https:\/\/www.euroakademie.de\/magazin\/wp-json\/wp\/v2\/categories?post=14782"},{"taxonomy":"post_tag","embeddable":true,"href":"https:\/\/www.euroakademie.de\/magazin\/wp-json\/wp\/v2\/tags?post=14782"}],"curies":[{"name":"wp","href":"https:\/\/api.w.org\/{rel}","templated":true}]}}