{"id":14888,"date":"2021-07-14T15:26:26","date_gmt":"2021-07-14T13:26:26","guid":{"rendered":"https:\/\/www.euroakademie.de\/magazin\/?p=14888"},"modified":"2024-12-05T10:26:48","modified_gmt":"2024-12-05T09:26:48","slug":"das-alles-verdanke-ich-der-ausbildung-an-der-euro-akademie","status":"publish","type":"post","link":"https:\/\/www.euroakademie.de\/magazin\/das-alles-verdanke-ich-der-ausbildung-an-der-euro-akademie\/","title":{"rendered":"\u201eDas alles verdanke ich der Ausbildung an der Euro Akademie!\u201c"},"content":{"rendered":"<p><![CDATA[\n<\/p>\n\n\n<p><strong>Yasin Krebs hat im Juli 2019 seine Ausbildung zum Fremdsprachenkorrespondenten an der Euro Akademie Aschaffenburg mit gro\u00dfem Erfolg abgeschlossen. <\/strong><a href=\"https:\/\/www.euroakademie.de\/magazin\/vom-fremdsprachenkorrespondenten-zum-englischlehrer-interview-mit-yasin-krebs\/\"><strong>Danach berichtete er uns im Interview von seinem neuen Job als Englischlehrer an einer Mittelschule.<\/strong><\/a><strong> Wie ist es ihm seitdem ergangen? Lassen wir Yasin selbst erz\u00e4hlen.<\/strong><\/p>\n\n\n\n<h2 class=\"wp-block-heading\"><strong>Neue Perspektive<\/strong><\/h2>\n\n\n\n<p>In meiner Ausbildung zum Fremdsprachenkorrespondenten an der Euro  Akademie Aschaffenburg habe ich die Chance bekommen, Sprache (sei es die deutsche, englische, franz\u00f6sische, und auch andere Sprachen, die man  gelernt hat) aus einer komplett neuen Perspektive zu betrachten. Da ich mich zuvor noch nie so intensiv mit Sprachen besch\u00e4ftigt  hatte, wusste ich nicht, welche Wissenschaft, Kunst und Fertigkeiten damit verbunden sind. <\/p>\n\n\n\n<h2 class=\"wp-block-heading\"><strong>Sprache erkunden \u2013 eine spannende Expedition<\/strong><\/h2>\n\n\n\n<p>Vor allem die Kenntnisse und das Wissen, die einem im Fach ASG (=  Allgemeine Sprachgrundlagen) mitgegeben werden, sind beeindruckend. Was sind idioms, phrasal verbs oder Tautonyme?  Vor meiner Ausbildung h\u00e4tte ich jemandem, der diese Begriffe  \u00e4u\u00dfert, \u201eGesundheit\u201c gew\u00fcnscht! Doch es sind diese &#8222;Kleinigkeiten&#8220;, die  aus einer Sprache etwas Besonderes machen und einen herausfordern, sie  genauer zu verstehen. <\/p>\n\n\n\n<p>Bevor ich die Ausbildung zum Fremdsprachenkorrespondenten begann,  absolvierte ich mein Fachabitur und dachte, mein Englisch w\u00e4re super.  Doch wie detailliert man in die Sprache eindringen kann, um sie  noch tiefgr\u00fcndiger zu erkunden, h\u00e4tte ich mir niemals  vorstellen k\u00f6nnen. Sogar im Fach Deutsch, das sehr eng mit dem Fach \u201eAllgemeine\n\u00dcbersetzung\u201c verkn\u00fcpft ist, gab es Neues zu lernen und zu verstehen. <\/p>\n\n\n\n<div class=\"wp-block-buttons is-content-justification-center is-layout-flex wp-container-core-buttons-is-layout-16018d1d wp-block-buttons-is-layout-flex\">\n<div class=\"wp-block-button has-custom-font-size has-regular-font-size\"><a class=\"wp-block-button__link has-white-color has-text-color has-background has-link-color wp-element-button\" href=\"https:\/\/www.euroakademie.de\/aschaffenburg\" style=\"background-color:#00305d;padding-top:var(--wp--preset--spacing--30);padding-right:var(--wp--preset--spacing--20);padding-bottom:var(--wp--preset--spacing--30);padding-left:var(--wp--preset--spacing--20)\">Famili\u00e4r, individuell und besonders \u2013 hier geht es zur Euro Akademie Aschaffenburg.<\/a><\/div>\n<\/div>\n\n\n\n<h2 class=\"wp-block-heading\"><strong>Faszination an der Sprache weitergeben<\/strong><\/h2>\n\n\n\n<p>In meinem heutigen Beruf als Fachlehrer f\u00fcr Englisch an einer Mittelschule stehe ich deswegen fast (danke, Corona!) t\u00e4glich selbstbewusst und stolz vor den Sch\u00fcler*innen, weil ich ihnen so viele Fragen bez\u00fcglich dieser Sprache beantworten und das Erlernte mitteilen kann. <\/p>\n\n\n\n<p>Sogar Kolleg*innen, die englische Didaktik studiert haben, erz\u00e4hlen mir, dass sie gewisse Details noch nie zuvor geh\u00f6rt h\u00e4tten. Ich kann den Sch\u00fclerinnen und Sch\u00fclern anhand lebhafter Beispiele Teile der Wissenschaft der Sprachen aufzeigen und Ihnen hilfreiche Tipps geben. <\/p>\n\n\n\n<h2 class=\"wp-block-heading\"><strong>The next Generation?<\/strong><\/h2>\n\n\n\n<p>Wer wei\u00df, vielleicht kann ich ja beim einen oder anderen die Neugier und das Interesse an dieser Wissenschaft\/Kunst wecken und erziehe somit  schon die \u00fcber-\u00fcbern\u00e4chste Generation an Fremdsprachenkorrespondent*innen? <\/p>\n\n\n\n<p>Weit hergeholt ist dieser Gedanke nicht, wenn ich an meinen eigenen  schulischen Werdegang zur\u00fcckdenke. Ich selbst habe volle neun Schuljahre  einer Grund- und Mittelschule absolviert und den qualifizierenden  Hauptschulabschluss erlangt, bevor ich meine mittlere Reife und mein  Fachabitur nachholte. <\/p>\n\n\n<div class=\"wp-block-image\">\n<figure class=\"aligncenter is-resized\"><img fetchpriority=\"high\" decoding=\"async\" width=\"768\" height=\"1024\" src=\"https:\/\/relaunch.euroakademie.de\/magazin\/wp-content\/uploads\/2021\/07\/Image-768x1024.jpeg\" alt=\"\" class=\"wp-image-14897\" style=\"width:284px;height:378px\" srcset=\"https:\/\/www.euroakademie.de\/magazin\/wp-content\/uploads\/2021\/07\/Image-768x1024.jpeg 768w, https:\/\/www.euroakademie.de\/magazin\/wp-content\/uploads\/2021\/07\/Image-225x300.jpeg 225w, https:\/\/www.euroakademie.de\/magazin\/wp-content\/uploads\/2021\/07\/Image-1152x1536.jpeg 1152w, https:\/\/www.euroakademie.de\/magazin\/wp-content\/uploads\/2021\/07\/Image-1536x2048.jpeg 1536w, https:\/\/www.euroakademie.de\/magazin\/wp-content\/uploads\/2021\/07\/Image-150x200.jpeg 150w, https:\/\/www.euroakademie.de\/magazin\/wp-content\/uploads\/2021\/07\/Image-450x600.jpeg 450w, https:\/\/www.euroakademie.de\/magazin\/wp-content\/uploads\/2021\/07\/Image-1200x1600.jpeg 1200w, https:\/\/www.euroakademie.de\/magazin\/wp-content\/uploads\/2021\/07\/Image-scaled.jpeg 1920w\" sizes=\"(max-width: 768px) 100vw, 768px\" \/><figcaption class=\"wp-element-caption\">Yasin Krebs ist seit 2019 ausgebildeter Fremdsprachenkorrespondent<\/figcaption><\/figure>\n<\/div>\n\n\n<h2 class=\"wp-block-heading\"><strong>For ever<\/strong><\/h2>\n\n\n\n<p>Die Euro Akademie wird f\u00fcr immer ein Teil von mir sein, da ich ihr all das zu verdanken habe. All die ph\u00e4nomenalen Lehrkr\u00e4fte, das Wissen, das einem mitgeteilt wird, die enge Zusammenarbeit zwischen Sch\u00fcler*innen und Lehrkr\u00e4ften und die Kontakte, die ich gekn\u00fcpft habe, haben mich so weit gebracht. <\/p>\n\n\n\n<p>Mein Auslandspraktikum auf Teneriffa und weitere Reisen ins Ausland  (Frankreich, Irland) waren nat\u00fcrlich die kulturelle Kirsche auf dem  Sahneh\u00e4ubchen. Ich gr\u00fc\u00dfe alle meine alten Lehrerinnen und Lehrer an der Euro Akademie und nat\u00fcrlich auch meine heutigen Kolleginnen und  Kollegen an der <a rel=\"noreferrer noopener\" label=\" Josef-Anton-Rohe Mittelschule in Kleinwallstadt (\u00f6ffnet in neuem Tab)\" href=\"https:\/\/www.jar-schule.de\" target=\"_blank\">Josef-Anton-Rohe Mittelschule in Kleinwallstadt<\/a>.<\/p>\n\n\n\n<p><em>Yasin Krebs, Fremdsprachenkorrespondent, Abschluss 2019<\/em><br><em>Bildquelle Beitragsbild: \u00a9Visual Generation<\/em> <em>\/ shutterstock.com <\/em><\/p>\n","protected":false},"excerpt":{"rendered":"<p>Hier erz\u00e4hlt Yasin Krebs, der im Juli 2019 seine Ausbildung zum Fremdsprachenkorrespondente an der Euro Akademie Aschaffenburg \u00fcber seinne spannenden weiteren Werdegang.<\/p>\n","protected":false},"author":7,"featured_media":14894,"comment_status":"closed","ping_status":"closed","sticky":false,"template":"","format":"standard","meta":{"footnotes":""},"categories":[64,13,169],"tags":[9358],"class_list":{"0":"post-14888","1":"post","2":"type-post","3":"status-publish","4":"format-standard","5":"has-post-thumbnail","7":"category-aschaffenburg","8":"category-fremdsprachen-internationales","9":"category-success-stories","10":"tag-yasin-krebs"},"yoast_head":"<!-- This site is optimized with the Yoast SEO plugin v23.5 - https:\/\/yoast.com\/wordpress\/plugins\/seo\/ -->\n<title>\u201eDas alles verdanke ich der Ausbildung an der Euro Akademie!\u201c<\/title>\n<meta name=\"description\" content=\"Yasin Krebs hat 2019 seine Ausbildung zum Fremdsprachenkorrespondenten an der Euro Akademie Aschaffenburg abgeschlossen. Wie ist es ihm seitdem ergangen?\" \/>\n<meta name=\"robots\" content=\"index, follow, max-snippet:-1, max-image-preview:large, max-video-preview:-1\" \/>\n<link rel=\"canonical\" href=\"https:\/\/www.euroakademie.de\/magazin\/das-alles-verdanke-ich-der-ausbildung-an-der-euro-akademie\/\" \/>\n<meta property=\"og:locale\" content=\"de_DE\" \/>\n<meta property=\"og:type\" content=\"article\" \/>\n<meta property=\"og:title\" content=\"\u201eDas alles verdanke ich der Ausbildung an der Euro Akademie!\u201c\" \/>\n<meta property=\"og:description\" content=\"Yasin Krebs hat 2019 seine Ausbildung zum Fremdsprachenkorrespondenten an der Euro Akademie Aschaffenburg abgeschlossen. Wie ist es ihm seitdem ergangen?\" \/>\n<meta property=\"og:url\" content=\"https:\/\/www.euroakademie.de\/magazin\/das-alles-verdanke-ich-der-ausbildung-an-der-euro-akademie\/\" \/>\n<meta property=\"og:site_name\" content=\"Das Euro Akademie Magazin\" \/>\n<meta property=\"article:published_time\" content=\"2021-07-14T13:26:26+00:00\" \/>\n<meta property=\"article:modified_time\" content=\"2024-12-05T09:26:48+00:00\" \/>\n<meta property=\"og:image\" content=\"https:\/\/www.euroakademie.de\/magazin\/wp-content\/uploads\/2021\/07\/shutterstock_1559005334-1.jpg\" \/>\n\t<meta property=\"og:image:width\" content=\"702\" \/>\n\t<meta property=\"og:image:height\" content=\"336\" \/>\n\t<meta property=\"og:image:type\" content=\"image\/jpeg\" \/>\n<meta name=\"author\" content=\"Redaktion\" \/>\n<meta name=\"twitter:card\" content=\"summary_large_image\" \/>\n<meta name=\"twitter:label1\" content=\"Verfasst von\" \/>\n\t<meta name=\"twitter:data1\" content=\"Redaktion\" \/>\n\t<meta name=\"twitter:label2\" content=\"Gesch\u00e4tzte Lesezeit\" \/>\n\t<meta name=\"twitter:data2\" content=\"1\u00a0Minute\" \/>\n<script type=\"application\/ld+json\" class=\"yoast-schema-graph\">{\"@context\":\"https:\/\/schema.org\",\"@graph\":[{\"@type\":\"Article\",\"@id\":\"https:\/\/www.euroakademie.de\/magazin\/das-alles-verdanke-ich-der-ausbildung-an-der-euro-akademie\/#article\",\"isPartOf\":{\"@id\":\"https:\/\/www.euroakademie.de\/magazin\/das-alles-verdanke-ich-der-ausbildung-an-der-euro-akademie\/\"},\"author\":{\"name\":\"Redaktion\",\"@id\":\"https:\/\/www.euroakademie.de\/magazin\/#\/schema\/person\/6c9b7b6db765ee31640d80c936be3686\"},\"headline\":\"\u201eDas alles verdanke ich der Ausbildung an der Euro Akademie!\u201c\",\"datePublished\":\"2021-07-14T13:26:26+00:00\",\"dateModified\":\"2024-12-05T09:26:48+00:00\",\"mainEntityOfPage\":{\"@id\":\"https:\/\/www.euroakademie.de\/magazin\/das-alles-verdanke-ich-der-ausbildung-an-der-euro-akademie\/\"},\"wordCount\":551,\"publisher\":{\"@id\":\"https:\/\/www.euroakademie.de\/magazin\/#organization\"},\"image\":{\"@id\":\"https:\/\/www.euroakademie.de\/magazin\/das-alles-verdanke-ich-der-ausbildung-an-der-euro-akademie\/#primaryimage\"},\"thumbnailUrl\":\"https:\/\/www.euroakademie.de\/magazin\/wp-content\/uploads\/2021\/07\/shutterstock_1559005334-1.jpg\",\"keywords\":[\"Yasin krebs\"],\"articleSection\":[\"Aschaffenburg\",\"Fremdsprachen &amp; Internationales\",\"Success Stories\"],\"inLanguage\":\"de\"},{\"@type\":\"WebPage\",\"@id\":\"https:\/\/www.euroakademie.de\/magazin\/das-alles-verdanke-ich-der-ausbildung-an-der-euro-akademie\/\",\"url\":\"https:\/\/www.euroakademie.de\/magazin\/das-alles-verdanke-ich-der-ausbildung-an-der-euro-akademie\/\",\"name\":\"\u201eDas alles verdanke ich der Ausbildung an der Euro Akademie!\u201c\",\"isPartOf\":{\"@id\":\"https:\/\/www.euroakademie.de\/magazin\/#website\"},\"primaryImageOfPage\":{\"@id\":\"https:\/\/www.euroakademie.de\/magazin\/das-alles-verdanke-ich-der-ausbildung-an-der-euro-akademie\/#primaryimage\"},\"image\":{\"@id\":\"https:\/\/www.euroakademie.de\/magazin\/das-alles-verdanke-ich-der-ausbildung-an-der-euro-akademie\/#primaryimage\"},\"thumbnailUrl\":\"https:\/\/www.euroakademie.de\/magazin\/wp-content\/uploads\/2021\/07\/shutterstock_1559005334-1.jpg\",\"datePublished\":\"2021-07-14T13:26:26+00:00\",\"dateModified\":\"2024-12-05T09:26:48+00:00\",\"description\":\"Yasin Krebs hat 2019 seine Ausbildung zum Fremdsprachenkorrespondenten an der Euro Akademie Aschaffenburg abgeschlossen. Wie ist es ihm seitdem ergangen?\",\"breadcrumb\":{\"@id\":\"https:\/\/www.euroakademie.de\/magazin\/das-alles-verdanke-ich-der-ausbildung-an-der-euro-akademie\/#breadcrumb\"},\"inLanguage\":\"de\",\"potentialAction\":[{\"@type\":\"ReadAction\",\"target\":[\"https:\/\/www.euroakademie.de\/magazin\/das-alles-verdanke-ich-der-ausbildung-an-der-euro-akademie\/\"]}]},{\"@type\":\"ImageObject\",\"inLanguage\":\"de\",\"@id\":\"https:\/\/www.euroakademie.de\/magazin\/das-alles-verdanke-ich-der-ausbildung-an-der-euro-akademie\/#primaryimage\",\"url\":\"https:\/\/www.euroakademie.de\/magazin\/wp-content\/uploads\/2021\/07\/shutterstock_1559005334-1.jpg\",\"contentUrl\":\"https:\/\/www.euroakademie.de\/magazin\/wp-content\/uploads\/2021\/07\/shutterstock_1559005334-1.jpg\",\"width\":702,\"height\":336,\"caption\":\"\"},{\"@type\":\"BreadcrumbList\",\"@id\":\"https:\/\/www.euroakademie.de\/magazin\/das-alles-verdanke-ich-der-ausbildung-an-der-euro-akademie\/#breadcrumb\",\"itemListElement\":[{\"@type\":\"ListItem\",\"position\":1,\"name\":\"Startseite\",\"item\":\"https:\/\/www.euroakademie.de\/magazin\/\"},{\"@type\":\"ListItem\",\"position\":2,\"name\":\"\u201eDas alles verdanke ich der Ausbildung an der Euro Akademie!\u201c\"}]},{\"@type\":\"WebSite\",\"@id\":\"https:\/\/www.euroakademie.de\/magazin\/#website\",\"url\":\"https:\/\/www.euroakademie.de\/magazin\/\",\"name\":\"Das Euro Akademie Magazin\",\"description\":\"Gut informiert durch Ausbildung und Studium\",\"publisher\":{\"@id\":\"https:\/\/www.euroakademie.de\/magazin\/#organization\"},\"potentialAction\":[{\"@type\":\"SearchAction\",\"target\":{\"@type\":\"EntryPoint\",\"urlTemplate\":\"https:\/\/www.euroakademie.de\/magazin\/?s={search_term_string}\"},\"query-input\":{\"@type\":\"PropertyValueSpecification\",\"valueRequired\":true,\"valueName\":\"search_term_string\"}}],\"inLanguage\":\"de\"},{\"@type\":\"Organization\",\"@id\":\"https:\/\/www.euroakademie.de\/magazin\/#organization\",\"name\":\"ESO Education Group\",\"url\":\"https:\/\/www.euroakademie.de\/magazin\/\",\"logo\":{\"@type\":\"ImageObject\",\"inLanguage\":\"de\",\"@id\":\"https:\/\/www.euroakademie.de\/magazin\/#\/schema\/logo\/image\/\",\"url\":\"https:\/\/relaunch.euroakademie.de\/magazin\/wp-content\/uploads\/2024\/11\/Logo_EA_negativ_Rahmen_5cm_300dpi_RGB.jpg\",\"contentUrl\":\"https:\/\/relaunch.euroakademie.de\/magazin\/wp-content\/uploads\/2024\/11\/Logo_EA_negativ_Rahmen_5cm_300dpi_RGB.jpg\",\"width\":591,\"height\":236,\"caption\":\"ESO Education Group\"},\"image\":{\"@id\":\"https:\/\/www.euroakademie.de\/magazin\/#\/schema\/logo\/image\/\"}},{\"@type\":\"Person\",\"@id\":\"https:\/\/www.euroakademie.de\/magazin\/#\/schema\/person\/6c9b7b6db765ee31640d80c936be3686\",\"name\":\"Redaktion\",\"description\":\"Die Redaktion des Euro Akademie Magazins h\u00e4lt Sie regelm\u00e4\u00dfig mit hintergr\u00fcndigen Artikeln auf dem Laufenden. Auf Basis einer fundierten Recherche und mit Spa\u00df am Schreiben erstellen die Redakteur*innen informative und unterhaltsame Inhalte f\u00fcr Sie.\",\"url\":\"https:\/\/www.euroakademie.de\/magazin\/author\/redaktion\/\"}]}<\/script>\n<!-- \/ Yoast SEO plugin. -->","yoast_head_json":{"title":"\u201eDas alles verdanke ich der Ausbildung an der Euro Akademie!\u201c","description":"Yasin Krebs hat 2019 seine Ausbildung zum Fremdsprachenkorrespondenten an der Euro Akademie Aschaffenburg abgeschlossen. Wie ist es ihm seitdem ergangen?","robots":{"index":"index","follow":"follow","max-snippet":"max-snippet:-1","max-image-preview":"max-image-preview:large","max-video-preview":"max-video-preview:-1"},"canonical":"https:\/\/www.euroakademie.de\/magazin\/das-alles-verdanke-ich-der-ausbildung-an-der-euro-akademie\/","og_locale":"de_DE","og_type":"article","og_title":"\u201eDas alles verdanke ich der Ausbildung an der Euro Akademie!\u201c","og_description":"Yasin Krebs hat 2019 seine Ausbildung zum Fremdsprachenkorrespondenten an der Euro Akademie Aschaffenburg abgeschlossen. Wie ist es ihm seitdem ergangen?","og_url":"https:\/\/www.euroakademie.de\/magazin\/das-alles-verdanke-ich-der-ausbildung-an-der-euro-akademie\/","og_site_name":"Das Euro Akademie Magazin","article_published_time":"2021-07-14T13:26:26+00:00","article_modified_time":"2024-12-05T09:26:48+00:00","og_image":[{"width":702,"height":336,"url":"https:\/\/www.euroakademie.de\/magazin\/wp-content\/uploads\/2021\/07\/shutterstock_1559005334-1.jpg","type":"image\/jpeg"}],"author":"Redaktion","twitter_card":"summary_large_image","twitter_misc":{"Verfasst von":"Redaktion","Gesch\u00e4tzte Lesezeit":"1\u00a0Minute"},"schema":{"@context":"https:\/\/schema.org","@graph":[{"@type":"Article","@id":"https:\/\/www.euroakademie.de\/magazin\/das-alles-verdanke-ich-der-ausbildung-an-der-euro-akademie\/#article","isPartOf":{"@id":"https:\/\/www.euroakademie.de\/magazin\/das-alles-verdanke-ich-der-ausbildung-an-der-euro-akademie\/"},"author":{"name":"Redaktion","@id":"https:\/\/www.euroakademie.de\/magazin\/#\/schema\/person\/6c9b7b6db765ee31640d80c936be3686"},"headline":"\u201eDas alles verdanke ich der Ausbildung an der Euro Akademie!\u201c","datePublished":"2021-07-14T13:26:26+00:00","dateModified":"2024-12-05T09:26:48+00:00","mainEntityOfPage":{"@id":"https:\/\/www.euroakademie.de\/magazin\/das-alles-verdanke-ich-der-ausbildung-an-der-euro-akademie\/"},"wordCount":551,"publisher":{"@id":"https:\/\/www.euroakademie.de\/magazin\/#organization"},"image":{"@id":"https:\/\/www.euroakademie.de\/magazin\/das-alles-verdanke-ich-der-ausbildung-an-der-euro-akademie\/#primaryimage"},"thumbnailUrl":"https:\/\/www.euroakademie.de\/magazin\/wp-content\/uploads\/2021\/07\/shutterstock_1559005334-1.jpg","keywords":["Yasin krebs"],"articleSection":["Aschaffenburg","Fremdsprachen &amp; Internationales","Success Stories"],"inLanguage":"de"},{"@type":"WebPage","@id":"https:\/\/www.euroakademie.de\/magazin\/das-alles-verdanke-ich-der-ausbildung-an-der-euro-akademie\/","url":"https:\/\/www.euroakademie.de\/magazin\/das-alles-verdanke-ich-der-ausbildung-an-der-euro-akademie\/","name":"\u201eDas alles verdanke ich der Ausbildung an der Euro Akademie!\u201c","isPartOf":{"@id":"https:\/\/www.euroakademie.de\/magazin\/#website"},"primaryImageOfPage":{"@id":"https:\/\/www.euroakademie.de\/magazin\/das-alles-verdanke-ich-der-ausbildung-an-der-euro-akademie\/#primaryimage"},"image":{"@id":"https:\/\/www.euroakademie.de\/magazin\/das-alles-verdanke-ich-der-ausbildung-an-der-euro-akademie\/#primaryimage"},"thumbnailUrl":"https:\/\/www.euroakademie.de\/magazin\/wp-content\/uploads\/2021\/07\/shutterstock_1559005334-1.jpg","datePublished":"2021-07-14T13:26:26+00:00","dateModified":"2024-12-05T09:26:48+00:00","description":"Yasin Krebs hat 2019 seine Ausbildung zum Fremdsprachenkorrespondenten an der Euro Akademie Aschaffenburg abgeschlossen. Wie ist es ihm seitdem ergangen?","breadcrumb":{"@id":"https:\/\/www.euroakademie.de\/magazin\/das-alles-verdanke-ich-der-ausbildung-an-der-euro-akademie\/#breadcrumb"},"inLanguage":"de","potentialAction":[{"@type":"ReadAction","target":["https:\/\/www.euroakademie.de\/magazin\/das-alles-verdanke-ich-der-ausbildung-an-der-euro-akademie\/"]}]},{"@type":"ImageObject","inLanguage":"de","@id":"https:\/\/www.euroakademie.de\/magazin\/das-alles-verdanke-ich-der-ausbildung-an-der-euro-akademie\/#primaryimage","url":"https:\/\/www.euroakademie.de\/magazin\/wp-content\/uploads\/2021\/07\/shutterstock_1559005334-1.jpg","contentUrl":"https:\/\/www.euroakademie.de\/magazin\/wp-content\/uploads\/2021\/07\/shutterstock_1559005334-1.jpg","width":702,"height":336,"caption":""},{"@type":"BreadcrumbList","@id":"https:\/\/www.euroakademie.de\/magazin\/das-alles-verdanke-ich-der-ausbildung-an-der-euro-akademie\/#breadcrumb","itemListElement":[{"@type":"ListItem","position":1,"name":"Startseite","item":"https:\/\/www.euroakademie.de\/magazin\/"},{"@type":"ListItem","position":2,"name":"\u201eDas alles verdanke ich der Ausbildung an der Euro Akademie!\u201c"}]},{"@type":"WebSite","@id":"https:\/\/www.euroakademie.de\/magazin\/#website","url":"https:\/\/www.euroakademie.de\/magazin\/","name":"Das Euro Akademie Magazin","description":"Gut informiert durch Ausbildung und Studium","publisher":{"@id":"https:\/\/www.euroakademie.de\/magazin\/#organization"},"potentialAction":[{"@type":"SearchAction","target":{"@type":"EntryPoint","urlTemplate":"https:\/\/www.euroakademie.de\/magazin\/?s={search_term_string}"},"query-input":{"@type":"PropertyValueSpecification","valueRequired":true,"valueName":"search_term_string"}}],"inLanguage":"de"},{"@type":"Organization","@id":"https:\/\/www.euroakademie.de\/magazin\/#organization","name":"ESO Education Group","url":"https:\/\/www.euroakademie.de\/magazin\/","logo":{"@type":"ImageObject","inLanguage":"de","@id":"https:\/\/www.euroakademie.de\/magazin\/#\/schema\/logo\/image\/","url":"https:\/\/relaunch.euroakademie.de\/magazin\/wp-content\/uploads\/2024\/11\/Logo_EA_negativ_Rahmen_5cm_300dpi_RGB.jpg","contentUrl":"https:\/\/relaunch.euroakademie.de\/magazin\/wp-content\/uploads\/2024\/11\/Logo_EA_negativ_Rahmen_5cm_300dpi_RGB.jpg","width":591,"height":236,"caption":"ESO Education Group"},"image":{"@id":"https:\/\/www.euroakademie.de\/magazin\/#\/schema\/logo\/image\/"}},{"@type":"Person","@id":"https:\/\/www.euroakademie.de\/magazin\/#\/schema\/person\/6c9b7b6db765ee31640d80c936be3686","name":"Redaktion","description":"Die Redaktion des Euro Akademie Magazins h\u00e4lt Sie regelm\u00e4\u00dfig mit hintergr\u00fcndigen Artikeln auf dem Laufenden. Auf Basis einer fundierten Recherche und mit Spa\u00df am Schreiben erstellen die Redakteur*innen informative und unterhaltsame Inhalte f\u00fcr Sie.","url":"https:\/\/www.euroakademie.de\/magazin\/author\/redaktion\/"}]}},"_links":{"self":[{"href":"https:\/\/www.euroakademie.de\/magazin\/wp-json\/wp\/v2\/posts\/14888","targetHints":{"allow":["GET"]}}],"collection":[{"href":"https:\/\/www.euroakademie.de\/magazin\/wp-json\/wp\/v2\/posts"}],"about":[{"href":"https:\/\/www.euroakademie.de\/magazin\/wp-json\/wp\/v2\/types\/post"}],"author":[{"embeddable":true,"href":"https:\/\/www.euroakademie.de\/magazin\/wp-json\/wp\/v2\/users\/7"}],"replies":[{"embeddable":true,"href":"https:\/\/www.euroakademie.de\/magazin\/wp-json\/wp\/v2\/comments?post=14888"}],"version-history":[{"count":3,"href":"https:\/\/www.euroakademie.de\/magazin\/wp-json\/wp\/v2\/posts\/14888\/revisions"}],"predecessor-version":[{"id":25911,"href":"https:\/\/www.euroakademie.de\/magazin\/wp-json\/wp\/v2\/posts\/14888\/revisions\/25911"}],"wp:featuredmedia":[{"embeddable":true,"href":"https:\/\/www.euroakademie.de\/magazin\/wp-json\/wp\/v2\/media\/14894"}],"wp:attachment":[{"href":"https:\/\/www.euroakademie.de\/magazin\/wp-json\/wp\/v2\/media?parent=14888"}],"wp:term":[{"taxonomy":"category","embeddable":true,"href":"https:\/\/www.euroakademie.de\/magazin\/wp-json\/wp\/v2\/categories?post=14888"},{"taxonomy":"post_tag","embeddable":true,"href":"https:\/\/www.euroakademie.de\/magazin\/wp-json\/wp\/v2\/tags?post=14888"}],"curies":[{"name":"wp","href":"https:\/\/api.w.org\/{rel}","templated":true}]}}