{"id":14976,"date":"2021-08-18T11:15:55","date_gmt":"2021-08-18T09:15:55","guid":{"rendered":"https:\/\/www.euroakademie.de\/magazin\/?p=14976"},"modified":"2024-12-05T10:05:18","modified_gmt":"2024-12-05T09:05:18","slug":"pflegekrise","status":"publish","type":"post","link":"https:\/\/www.euroakademie.de\/magazin\/pflegekrise\/","title":{"rendered":"Pflegekrise: Was tun gegen den Notstand in Pflegeberufen?"},"content":{"rendered":"<p><![CDATA[\n<\/p>\n\n\n<p><strong>Die Chemikerin und YouTuberin Mai Thi Nguyen-Kim besch\u00e4ftigt sich auf ihrem Kanal \u201emaiLab\u201c mit verschiedenen naturwissenschaftlichen Themen und bewertet gesellschaftliche Probleme aus einer wissenschaftlichen Perspektive. Nun hat sie ein Video zur Pflegekrise ver\u00f6ffentlicht. In <a rel=\"noreferrer noopener\" aria-label=\"\u201eSo schlimm wird die Pflegekrise\u201c  (\u00f6ffnet in neuem Tab)\" href=\"https:\/\/www.youtube.com\/watch?v=BPIWGGtCaiY\" target=\"_blank\">\u201eSo schlimm wird die Pflegekrise\u201c<\/a> wird das Ausma\u00df des Pflegenotstands klar, der, wie Prof. Katja Boguth im Video klar macht, \u00e4hnliche drastische Auswirkungen f\u00fcr uns haben k\u00f6nnte wie der Klimawandel.&nbsp;&nbsp;<\/strong><\/p>\n\n\n\n<h2 class=\"wp-block-heading\"><strong>Ein erf\u00fcllender Beruf \u2013 mit vielen Problemen<\/strong><\/h2>\n\n\n\n<p>\u201eAlso was mich freuen w\u00fcrde, w\u00e4re, wenn das zum Teil in diesem Video nochmal deutlich werden w\u00fcrde, dass das ein toller Beruf ist\u201c, betont Prof. Katja Boguth, die selbst viele Jahre in der Pflege gearbeitet hat. Auch der Intensivpfleger Ricardo Lange, der im Video viele Einblicke in seinen Arbeitsalltag gibt, w\u00fcrde sich w\u00fcnschen, den Job noch lange zu machen. Doch f\u00fcr ihn \u00fcberwiegen die Nachteile und er wird aus der Pflege aussteigen. Denn hier kommt das Aber: Pflegeberufe sind meist anstrengend, werden zu wenig wertgesch\u00e4tzt und nicht den Anforderungen entsprechend bezahlt. Und obwohl sich w\u00e4hrend der Corona-Pandemie gezeigt hat, <a href=\"https:\/\/www.euroakademie.de\/magazin\/pflegekraefte\/\" target=\"_blank\" rel=\"noreferrer noopener\" aria-label=\"wie wichtig Pflegekr\u00e4fte sind (\u00f6ffnet in neuem Tab)\">wie wichtig Pflegekr\u00e4fte sind<\/a>, hat sich die Situation nicht ge\u00e4ndert. Es bedarf also dringend ernsthafter Reformen und eines Umdenkens in Politik und Gesellschaft \u2013 sonst rutschen wir in eine beispiellose Krise.<\/p>\n\n\n\n<div class=\"wp-block-buttons is-layout-flex wp-block-buttons-is-layout-flex\">\n<div class=\"wp-block-button has-custom-font-size has-regular-font-size\"><a class=\"wp-block-button__link has-white-color has-text-color has-background has-link-color wp-element-button\" href=\"https:\/\/www.euroakademie.de\/bildungsangebote\/gesundheit-pflege\" style=\"background-color:#95c11f;padding-top:var(--wp--preset--spacing--30);padding-right:var(--wp--preset--spacing--20);padding-bottom:var(--wp--preset--spacing--30);padding-left:var(--wp--preset--spacing--20)\">Sie wollen etwas gegen die Pflegekrise tun? Lassen sie sich im Bereich GEsundheit &amp; Pflege ausbilden!<\/a><\/div>\n<\/div>\n\n\n\n<h2 class=\"wp-block-heading\"><strong>Was bedeutet Pflegekrise?<\/strong><\/h2>\n\n\n\n<p>Die Pflegekrise betrifft uns alle, denn jede*r von uns wird mal auf Pflege angewiesen sein oder hat Angeh\u00f6rige, die gepflegt werden m\u00fcssen. Und wir alle w\u00fcnschen uns dann nat\u00fcrlich Pfleger*innen, die viel Zeit f\u00fcr uns haben, intensive Betreuung und einen w\u00fcrdevollen Lebensabend. Die aktuellen Zahlen sprechen aber eine andere Sprache:&nbsp; <a rel=\"noreferrer noopener\" aria-label=\" (\u00f6ffnet in neuem Tab)\" href=\"https:\/\/www.bertelsmann-stiftung.de\/de\/unsere-projekte\/abgeschlossene-projekte\/pflege-vor-ort\/projektthemen\/pflegereport-2030\/\" target=\"_blank\">Die Bertelsmann Stiftung prognostiziert<\/a>, dass im Jahr 2030 fast 500.000 Pflegekr\u00e4fte in Deutschland fehlen werden. Gleichzeitig wird unsere Gesellschaft immer \u00e4lter \u2013 wenn wir nichts unternehmen, wird sich der Pflegekr\u00e4ftemangel also nur verschlimmern.<\/p>\n\n\n\n<p>Ricardo Lange schildert eindringlich, welche Folgen ein Mangel an Pflegepersonal bei Betreuung der Patient*innen hat: \u201eMan liegt im Bett, ist schon etwas \u00e4lter [\u2026]. Wenn man dann stundenlang in seinen eigenen Ausscheidungen liegen muss, bevor der n\u00e4chste Pfleger oder Pflegerin kommt, um einen da rauszuholen \u2013 glaubt mir, ich seh\u2018 das \u00f6fter auf Arbeit \u2013 das ist kein Zustand, den man sich ann\u00e4hernd w\u00fcnscht.\u201c<\/p>\n\n\n\n<figure class=\"wp-block-image\"><img fetchpriority=\"high\" decoding=\"async\" width=\"1024\" height=\"576\" src=\"https:\/\/relaunch.euroakademie.de\/magazin\/wp-content\/uploads\/2021\/08\/Mai4-maiLab-funk-SWR-1024x576.jpg\" alt=\"\" class=\"wp-image-14982\" srcset=\"https:\/\/www.euroakademie.de\/magazin\/wp-content\/uploads\/2021\/08\/Mai4-maiLab-funk-SWR-1024x576.jpg 1024w, https:\/\/www.euroakademie.de\/magazin\/wp-content\/uploads\/2021\/08\/Mai4-maiLab-funk-SWR-300x169.jpg 300w, https:\/\/www.euroakademie.de\/magazin\/wp-content\/uploads\/2021\/08\/Mai4-maiLab-funk-SWR-768x432.jpg 768w, https:\/\/www.euroakademie.de\/magazin\/wp-content\/uploads\/2021\/08\/Mai4-maiLab-funk-SWR-1536x864.jpg 1536w, https:\/\/www.euroakademie.de\/magazin\/wp-content\/uploads\/2021\/08\/Mai4-maiLab-funk-SWR-150x84.jpg 150w, https:\/\/www.euroakademie.de\/magazin\/wp-content\/uploads\/2021\/08\/Mai4-maiLab-funk-SWR-450x253.jpg 450w, https:\/\/www.euroakademie.de\/magazin\/wp-content\/uploads\/2021\/08\/Mai4-maiLab-funk-SWR-1200x675.jpg 1200w, https:\/\/www.euroakademie.de\/magazin\/wp-content\/uploads\/2021\/08\/Mai4-maiLab-funk-SWR.jpg 1920w\" sizes=\"(max-width: 1024px) 100vw, 1024px\" \/><figcaption class=\"wp-element-caption\"><em>Die YouTuberin Mai Thi Nguyen-Kim macht auf die Pflegekrise aufmerksam. \u00a9Mai Thi Nguyen-Kim \/ funk<\/em><br><\/figcaption><\/figure>\n\n\n\n<h2 class=\"wp-block-heading\"> <strong>Was k\u00f6nnen wir tun?<\/strong><\/h2>\n\n\n\n<p>Mai kommt in ihrem Video zu einem traurigen Fazit: Von\nselbst wird sich nichts \u00e4ndern. Und auch wenn es eigentlich \u201e\u2018ne Sauerei\u201c ist,\nm\u00fcssen die Pflegekr\u00e4fte selbst Druck aus\u00fcben, sich in Gewerkschaften und\nVerb\u00e4nden organisieren und f\u00fcr Reformen k\u00e4mpfen. <\/p>\n\n\n\n<p>Nat\u00fcrlich k\u00f6nnen auch Menschen, die nicht in Pflegeberufen arbeiten, etwas tun: auf die Situation aufmerksam machen, Familie und Freund*innen davon erz\u00e4hlen, Parteien unterst\u00fctzen, die sich f\u00fcr die Pflegekr\u00e4fte einsetzen, <a rel=\"noreferrer noopener\" aria-label=\" (\u00f6ffnet in neuem Tab)\" href=\"https:\/\/www.bundestag.de\/abgeordnete\" target=\"_blank\">die eigenen Abgeordneten kontaktieren<\/a> \u2026 Ein guter erster Schritt ist aber, <a rel=\"noreferrer noopener\" aria-label=\"das Video \u201eSo schlimm wird die Pflegekrise\u201c  (\u00f6ffnet in neuem Tab)\" href=\"https:\/\/www.youtube.com\/watch?v=BPIWGGtCaiY\" target=\"_blank\">das Video \u201eSo schlimm wird die Pflegekrise\u201c <\/a>anzuschauen und zu teilen.<\/p>\n\n\n\n<p><em>Bildquelle: funk von ARD und ZDF, Fotograf Titelbild funk\/maiLab, Fotograf Bild im Beitrag  Mai Thi Nguyen-Kim\/funk<\/em><\/p>\n","protected":false},"excerpt":{"rendered":"<p>Im neuen mailab-Video \u201eSo schlimm wird die Pflegekrise\u201c zeigt Mai Thi Nguyen-Kim das Ausma\u00df und die Folgen des Pflegenotstandes. Was k\u00f6nnen wir tun, um die Krise zu verhindern?<\/p>\n","protected":false},"author":76,"featured_media":14977,"comment_status":"closed","ping_status":"closed","sticky":false,"template":"","format":"standard","meta":{"footnotes":""},"categories":[16,139],"tags":[6364,6433,6445,8047],"class_list":{"0":"post-14976","1":"post","2":"type-post","3":"status-publish","4":"format-standard","5":"has-post-thumbnail","7":"category-gesundheit-pflege","8":"category-lesetipps","9":"tag-pflege","10":"tag-pflegekraefte","11":"tag-pflegekrise","12":"tag-systemrelevant"},"yoast_head":"<!-- This site is optimized with the Yoast SEO plugin v23.5 - https:\/\/yoast.com\/wordpress\/plugins\/seo\/ -->\n<title>Pflegekrise: Was tun gegen den Notstand in Pflegeberufen?<\/title>\n<meta name=\"description\" content=\"Im mailab-Video \u201eSo schlimm wird die Pflegekrise\u201c zeigt Mai Thi Nguyen-Kim Ausma\u00df und Folgen des Pflegenotstandes. Wie k\u00f6nnen wir die Krise verhindern?\" \/>\n<meta name=\"robots\" content=\"index, follow, max-snippet:-1, max-image-preview:large, max-video-preview:-1\" \/>\n<link rel=\"canonical\" href=\"https:\/\/www.euroakademie.de\/magazin\/pflegekrise\/\" \/>\n<meta property=\"og:locale\" content=\"de_DE\" \/>\n<meta property=\"og:type\" content=\"article\" \/>\n<meta property=\"og:title\" content=\"Pflegekrise: Was tun gegen den Notstand in Pflegeberufen?\" \/>\n<meta property=\"og:description\" content=\"Im mailab-Video \u201eSo schlimm wird die Pflegekrise\u201c zeigt Mai Thi Nguyen-Kim Ausma\u00df und Folgen des Pflegenotstandes. Wie k\u00f6nnen wir die Krise verhindern?\" \/>\n<meta property=\"og:url\" content=\"https:\/\/www.euroakademie.de\/magazin\/pflegekrise\/\" \/>\n<meta property=\"og:site_name\" content=\"Das Euro Akademie Magazin\" \/>\n<meta property=\"article:published_time\" content=\"2021-08-18T09:15:55+00:00\" \/>\n<meta property=\"article:modified_time\" content=\"2024-12-05T09:05:18+00:00\" \/>\n<meta property=\"og:image\" content=\"https:\/\/www.euroakademie.de\/magazin\/wp-content\/uploads\/2021\/08\/Pflegekrise_titelbild.jpg\" \/>\n\t<meta property=\"og:image:width\" content=\"701\" \/>\n\t<meta property=\"og:image:height\" content=\"337\" \/>\n\t<meta property=\"og:image:type\" content=\"image\/jpeg\" \/>\n<meta name=\"author\" content=\"Anna R\u00fcppel\" \/>\n<meta name=\"twitter:card\" content=\"summary_large_image\" \/>\n<meta name=\"twitter:label1\" content=\"Verfasst von\" \/>\n\t<meta name=\"twitter:data1\" content=\"Anna R\u00fcppel\" \/>\n\t<meta name=\"twitter:label2\" content=\"Gesch\u00e4tzte Lesezeit\" \/>\n\t<meta name=\"twitter:data2\" content=\"1\u00a0Minute\" \/>\n<script type=\"application\/ld+json\" class=\"yoast-schema-graph\">{\"@context\":\"https:\/\/schema.org\",\"@graph\":[{\"@type\":\"Article\",\"@id\":\"https:\/\/www.euroakademie.de\/magazin\/pflegekrise\/#article\",\"isPartOf\":{\"@id\":\"https:\/\/www.euroakademie.de\/magazin\/pflegekrise\/\"},\"author\":{\"name\":\"Anna R\u00fcppel\",\"@id\":\"https:\/\/www.euroakademie.de\/magazin\/#\/schema\/person\/60fedb6ea7279f88d9086938e970d05e\"},\"headline\":\"Pflegekrise: Was tun gegen den Notstand in Pflegeberufen?\",\"datePublished\":\"2021-08-18T09:15:55+00:00\",\"dateModified\":\"2024-12-05T09:05:18+00:00\",\"mainEntityOfPage\":{\"@id\":\"https:\/\/www.euroakademie.de\/magazin\/pflegekrise\/\"},\"wordCount\":538,\"publisher\":{\"@id\":\"https:\/\/www.euroakademie.de\/magazin\/#organization\"},\"image\":{\"@id\":\"https:\/\/www.euroakademie.de\/magazin\/pflegekrise\/#primaryimage\"},\"thumbnailUrl\":\"https:\/\/www.euroakademie.de\/magazin\/wp-content\/uploads\/2021\/08\/Pflegekrise_titelbild.jpg\",\"keywords\":[\"Pflege\",\"Pflegekr\u00e4fte\",\"Pflegekrise\",\"systemrelevant\"],\"articleSection\":[\"Gesundheit &amp; Pflege\",\"Link- und Lesetipps\"],\"inLanguage\":\"de\"},{\"@type\":\"WebPage\",\"@id\":\"https:\/\/www.euroakademie.de\/magazin\/pflegekrise\/\",\"url\":\"https:\/\/www.euroakademie.de\/magazin\/pflegekrise\/\",\"name\":\"Pflegekrise: Was tun gegen den Notstand in Pflegeberufen?\",\"isPartOf\":{\"@id\":\"https:\/\/www.euroakademie.de\/magazin\/#website\"},\"primaryImageOfPage\":{\"@id\":\"https:\/\/www.euroakademie.de\/magazin\/pflegekrise\/#primaryimage\"},\"image\":{\"@id\":\"https:\/\/www.euroakademie.de\/magazin\/pflegekrise\/#primaryimage\"},\"thumbnailUrl\":\"https:\/\/www.euroakademie.de\/magazin\/wp-content\/uploads\/2021\/08\/Pflegekrise_titelbild.jpg\",\"datePublished\":\"2021-08-18T09:15:55+00:00\",\"dateModified\":\"2024-12-05T09:05:18+00:00\",\"description\":\"Im mailab-Video \u201eSo schlimm wird die Pflegekrise\u201c zeigt Mai Thi Nguyen-Kim Ausma\u00df und Folgen des Pflegenotstandes. Wie k\u00f6nnen wir die Krise verhindern?\",\"breadcrumb\":{\"@id\":\"https:\/\/www.euroakademie.de\/magazin\/pflegekrise\/#breadcrumb\"},\"inLanguage\":\"de\",\"potentialAction\":[{\"@type\":\"ReadAction\",\"target\":[\"https:\/\/www.euroakademie.de\/magazin\/pflegekrise\/\"]}]},{\"@type\":\"ImageObject\",\"inLanguage\":\"de\",\"@id\":\"https:\/\/www.euroakademie.de\/magazin\/pflegekrise\/#primaryimage\",\"url\":\"https:\/\/www.euroakademie.de\/magazin\/wp-content\/uploads\/2021\/08\/Pflegekrise_titelbild.jpg\",\"contentUrl\":\"https:\/\/www.euroakademie.de\/magazin\/wp-content\/uploads\/2021\/08\/Pflegekrise_titelbild.jpg\",\"width\":701,\"height\":337,\"caption\":\"\"},{\"@type\":\"BreadcrumbList\",\"@id\":\"https:\/\/www.euroakademie.de\/magazin\/pflegekrise\/#breadcrumb\",\"itemListElement\":[{\"@type\":\"ListItem\",\"position\":1,\"name\":\"Startseite\",\"item\":\"https:\/\/www.euroakademie.de\/magazin\/\"},{\"@type\":\"ListItem\",\"position\":2,\"name\":\"Pflegekrise: Was tun gegen den Notstand in Pflegeberufen?\"}]},{\"@type\":\"WebSite\",\"@id\":\"https:\/\/www.euroakademie.de\/magazin\/#website\",\"url\":\"https:\/\/www.euroakademie.de\/magazin\/\",\"name\":\"Das Euro Akademie Magazin\",\"description\":\"Gut informiert durch Ausbildung und Studium\",\"publisher\":{\"@id\":\"https:\/\/www.euroakademie.de\/magazin\/#organization\"},\"potentialAction\":[{\"@type\":\"SearchAction\",\"target\":{\"@type\":\"EntryPoint\",\"urlTemplate\":\"https:\/\/www.euroakademie.de\/magazin\/?s={search_term_string}\"},\"query-input\":{\"@type\":\"PropertyValueSpecification\",\"valueRequired\":true,\"valueName\":\"search_term_string\"}}],\"inLanguage\":\"de\"},{\"@type\":\"Organization\",\"@id\":\"https:\/\/www.euroakademie.de\/magazin\/#organization\",\"name\":\"ESO Education Group\",\"url\":\"https:\/\/www.euroakademie.de\/magazin\/\",\"logo\":{\"@type\":\"ImageObject\",\"inLanguage\":\"de\",\"@id\":\"https:\/\/www.euroakademie.de\/magazin\/#\/schema\/logo\/image\/\",\"url\":\"https:\/\/relaunch.euroakademie.de\/magazin\/wp-content\/uploads\/2024\/11\/Logo_EA_negativ_Rahmen_5cm_300dpi_RGB.jpg\",\"contentUrl\":\"https:\/\/relaunch.euroakademie.de\/magazin\/wp-content\/uploads\/2024\/11\/Logo_EA_negativ_Rahmen_5cm_300dpi_RGB.jpg\",\"width\":591,\"height\":236,\"caption\":\"ESO Education Group\"},\"image\":{\"@id\":\"https:\/\/www.euroakademie.de\/magazin\/#\/schema\/logo\/image\/\"}},{\"@type\":\"Person\",\"@id\":\"https:\/\/www.euroakademie.de\/magazin\/#\/schema\/person\/60fedb6ea7279f88d9086938e970d05e\",\"name\":\"Anna R\u00fcppel\",\"description\":\"Anna R\u00fcppel ist mit 1,78 m die Gr\u00f6\u00dfte, wenn es um Ausbildung und Beruf geht. Als Kind war sie kleiner. Von April 2019 bis November 2022 schrieb sie kleinere und gr\u00f6\u00dfere Artikel f\u00fcr das Euro Akademie Magazin.\",\"url\":\"https:\/\/www.euroakademie.de\/magazin\/author\/rueppela\/\"}]}<\/script>\n<!-- \/ Yoast SEO plugin. -->","yoast_head_json":{"title":"Pflegekrise: Was tun gegen den Notstand in Pflegeberufen?","description":"Im mailab-Video \u201eSo schlimm wird die Pflegekrise\u201c zeigt Mai Thi Nguyen-Kim Ausma\u00df und Folgen des Pflegenotstandes. Wie k\u00f6nnen wir die Krise verhindern?","robots":{"index":"index","follow":"follow","max-snippet":"max-snippet:-1","max-image-preview":"max-image-preview:large","max-video-preview":"max-video-preview:-1"},"canonical":"https:\/\/www.euroakademie.de\/magazin\/pflegekrise\/","og_locale":"de_DE","og_type":"article","og_title":"Pflegekrise: Was tun gegen den Notstand in Pflegeberufen?","og_description":"Im mailab-Video \u201eSo schlimm wird die Pflegekrise\u201c zeigt Mai Thi Nguyen-Kim Ausma\u00df und Folgen des Pflegenotstandes. Wie k\u00f6nnen wir die Krise verhindern?","og_url":"https:\/\/www.euroakademie.de\/magazin\/pflegekrise\/","og_site_name":"Das Euro Akademie Magazin","article_published_time":"2021-08-18T09:15:55+00:00","article_modified_time":"2024-12-05T09:05:18+00:00","og_image":[{"width":701,"height":337,"url":"https:\/\/www.euroakademie.de\/magazin\/wp-content\/uploads\/2021\/08\/Pflegekrise_titelbild.jpg","type":"image\/jpeg"}],"author":"Anna R\u00fcppel","twitter_card":"summary_large_image","twitter_misc":{"Verfasst von":"Anna R\u00fcppel","Gesch\u00e4tzte Lesezeit":"1\u00a0Minute"},"schema":{"@context":"https:\/\/schema.org","@graph":[{"@type":"Article","@id":"https:\/\/www.euroakademie.de\/magazin\/pflegekrise\/#article","isPartOf":{"@id":"https:\/\/www.euroakademie.de\/magazin\/pflegekrise\/"},"author":{"name":"Anna R\u00fcppel","@id":"https:\/\/www.euroakademie.de\/magazin\/#\/schema\/person\/60fedb6ea7279f88d9086938e970d05e"},"headline":"Pflegekrise: Was tun gegen den Notstand in Pflegeberufen?","datePublished":"2021-08-18T09:15:55+00:00","dateModified":"2024-12-05T09:05:18+00:00","mainEntityOfPage":{"@id":"https:\/\/www.euroakademie.de\/magazin\/pflegekrise\/"},"wordCount":538,"publisher":{"@id":"https:\/\/www.euroakademie.de\/magazin\/#organization"},"image":{"@id":"https:\/\/www.euroakademie.de\/magazin\/pflegekrise\/#primaryimage"},"thumbnailUrl":"https:\/\/www.euroakademie.de\/magazin\/wp-content\/uploads\/2021\/08\/Pflegekrise_titelbild.jpg","keywords":["Pflege","Pflegekr\u00e4fte","Pflegekrise","systemrelevant"],"articleSection":["Gesundheit &amp; Pflege","Link- und Lesetipps"],"inLanguage":"de"},{"@type":"WebPage","@id":"https:\/\/www.euroakademie.de\/magazin\/pflegekrise\/","url":"https:\/\/www.euroakademie.de\/magazin\/pflegekrise\/","name":"Pflegekrise: Was tun gegen den Notstand in Pflegeberufen?","isPartOf":{"@id":"https:\/\/www.euroakademie.de\/magazin\/#website"},"primaryImageOfPage":{"@id":"https:\/\/www.euroakademie.de\/magazin\/pflegekrise\/#primaryimage"},"image":{"@id":"https:\/\/www.euroakademie.de\/magazin\/pflegekrise\/#primaryimage"},"thumbnailUrl":"https:\/\/www.euroakademie.de\/magazin\/wp-content\/uploads\/2021\/08\/Pflegekrise_titelbild.jpg","datePublished":"2021-08-18T09:15:55+00:00","dateModified":"2024-12-05T09:05:18+00:00","description":"Im mailab-Video \u201eSo schlimm wird die Pflegekrise\u201c zeigt Mai Thi Nguyen-Kim Ausma\u00df und Folgen des Pflegenotstandes. Wie k\u00f6nnen wir die Krise verhindern?","breadcrumb":{"@id":"https:\/\/www.euroakademie.de\/magazin\/pflegekrise\/#breadcrumb"},"inLanguage":"de","potentialAction":[{"@type":"ReadAction","target":["https:\/\/www.euroakademie.de\/magazin\/pflegekrise\/"]}]},{"@type":"ImageObject","inLanguage":"de","@id":"https:\/\/www.euroakademie.de\/magazin\/pflegekrise\/#primaryimage","url":"https:\/\/www.euroakademie.de\/magazin\/wp-content\/uploads\/2021\/08\/Pflegekrise_titelbild.jpg","contentUrl":"https:\/\/www.euroakademie.de\/magazin\/wp-content\/uploads\/2021\/08\/Pflegekrise_titelbild.jpg","width":701,"height":337,"caption":""},{"@type":"BreadcrumbList","@id":"https:\/\/www.euroakademie.de\/magazin\/pflegekrise\/#breadcrumb","itemListElement":[{"@type":"ListItem","position":1,"name":"Startseite","item":"https:\/\/www.euroakademie.de\/magazin\/"},{"@type":"ListItem","position":2,"name":"Pflegekrise: Was tun gegen den Notstand in Pflegeberufen?"}]},{"@type":"WebSite","@id":"https:\/\/www.euroakademie.de\/magazin\/#website","url":"https:\/\/www.euroakademie.de\/magazin\/","name":"Das Euro Akademie Magazin","description":"Gut informiert durch Ausbildung und Studium","publisher":{"@id":"https:\/\/www.euroakademie.de\/magazin\/#organization"},"potentialAction":[{"@type":"SearchAction","target":{"@type":"EntryPoint","urlTemplate":"https:\/\/www.euroakademie.de\/magazin\/?s={search_term_string}"},"query-input":{"@type":"PropertyValueSpecification","valueRequired":true,"valueName":"search_term_string"}}],"inLanguage":"de"},{"@type":"Organization","@id":"https:\/\/www.euroakademie.de\/magazin\/#organization","name":"ESO Education Group","url":"https:\/\/www.euroakademie.de\/magazin\/","logo":{"@type":"ImageObject","inLanguage":"de","@id":"https:\/\/www.euroakademie.de\/magazin\/#\/schema\/logo\/image\/","url":"https:\/\/relaunch.euroakademie.de\/magazin\/wp-content\/uploads\/2024\/11\/Logo_EA_negativ_Rahmen_5cm_300dpi_RGB.jpg","contentUrl":"https:\/\/relaunch.euroakademie.de\/magazin\/wp-content\/uploads\/2024\/11\/Logo_EA_negativ_Rahmen_5cm_300dpi_RGB.jpg","width":591,"height":236,"caption":"ESO Education Group"},"image":{"@id":"https:\/\/www.euroakademie.de\/magazin\/#\/schema\/logo\/image\/"}},{"@type":"Person","@id":"https:\/\/www.euroakademie.de\/magazin\/#\/schema\/person\/60fedb6ea7279f88d9086938e970d05e","name":"Anna R\u00fcppel","description":"Anna R\u00fcppel ist mit 1,78 m die Gr\u00f6\u00dfte, wenn es um Ausbildung und Beruf geht. Als Kind war sie kleiner. Von April 2019 bis November 2022 schrieb sie kleinere und gr\u00f6\u00dfere Artikel f\u00fcr das Euro Akademie Magazin.","url":"https:\/\/www.euroakademie.de\/magazin\/author\/rueppela\/"}]}},"_links":{"self":[{"href":"https:\/\/www.euroakademie.de\/magazin\/wp-json\/wp\/v2\/posts\/14976","targetHints":{"allow":["GET"]}}],"collection":[{"href":"https:\/\/www.euroakademie.de\/magazin\/wp-json\/wp\/v2\/posts"}],"about":[{"href":"https:\/\/www.euroakademie.de\/magazin\/wp-json\/wp\/v2\/types\/post"}],"author":[{"embeddable":true,"href":"https:\/\/www.euroakademie.de\/magazin\/wp-json\/wp\/v2\/users\/76"}],"replies":[{"embeddable":true,"href":"https:\/\/www.euroakademie.de\/magazin\/wp-json\/wp\/v2\/comments?post=14976"}],"version-history":[{"count":1,"href":"https:\/\/www.euroakademie.de\/magazin\/wp-json\/wp\/v2\/posts\/14976\/revisions"}],"predecessor-version":[{"id":25806,"href":"https:\/\/www.euroakademie.de\/magazin\/wp-json\/wp\/v2\/posts\/14976\/revisions\/25806"}],"wp:featuredmedia":[{"embeddable":true,"href":"https:\/\/www.euroakademie.de\/magazin\/wp-json\/wp\/v2\/media\/14977"}],"wp:attachment":[{"href":"https:\/\/www.euroakademie.de\/magazin\/wp-json\/wp\/v2\/media?parent=14976"}],"wp:term":[{"taxonomy":"category","embeddable":true,"href":"https:\/\/www.euroakademie.de\/magazin\/wp-json\/wp\/v2\/categories?post=14976"},{"taxonomy":"post_tag","embeddable":true,"href":"https:\/\/www.euroakademie.de\/magazin\/wp-json\/wp\/v2\/tags?post=14976"}],"curies":[{"name":"wp","href":"https:\/\/api.w.org\/{rel}","templated":true}]}}