{"id":15189,"date":"2021-10-11T10:35:51","date_gmt":"2021-10-11T08:35:51","guid":{"rendered":"https:\/\/www.euroakademie.de\/magazin\/?p=15189"},"modified":"2024-12-04T15:54:08","modified_gmt":"2024-12-04T14:54:08","slug":"haarspende-weil-das-laecheln-eines-schwerkranken-menschen-so-viel-mehr-wert-ist-als-die-eigene-eitelkeit","status":"publish","type":"post","link":"https:\/\/www.euroakademie.de\/magazin\/haarspende-weil-das-laecheln-eines-schwerkranken-menschen-so-viel-mehr-wert-ist-als-die-eigene-eitelkeit\/","title":{"rendered":"Haarspende: \u201eWeil das L\u00e4cheln eines schwerkranken Menschen so viel mehr wert ist als die eigene Eitelkeit\u201c"},"content":{"rendered":"<p><![CDATA[\n<\/p>\n\n\n<p><br><strong>Wir alle wissen es: Haare sind viel mehr als nur ein Schutz vor W\u00e4rme und K\u00e4lte. Nicht umsonst wird aus einer langen M\u00e4hne oft ein frecher Kurzhaarschnitt, wenn ein neuer Lebensabschnitt beginnt. Ein anderer Schnitt, und schon verk\u00f6rpern wir einen ganz anderen Typen. Kurz gesagt: Haare sind uns wichtig \u2013 sie sind Ausdrucks- und Gestaltungsmittel. Ein neuer, schwieriger Lebensabschnitt ist eine Krebserkrankung. Nach au\u00dfen sichtbar wird diese meistens nach einer Chemotherapie durch den Verlust der Haare. Dies ist meist eine starke zus\u00e4tzliche emotionale Belastung f\u00fcr die Erkrankten. Um sch\u00f6ne und angenehm zu tragende Per\u00fccken anzufertigen, brauchen die Hersteller echtes Haar. Zwei Mitarbeiterinnen der Euro Akademie P\u00f6\u00dfneck haben sich dazu entschieden, ihre Haare zu spenden. <\/strong><\/p>\n\n\n\n<p>Eine der beiden Haarspenderinnen, Antje Sz\u00e9kely, Schulleiterin der Euro Akademie und Euro-Schulen P\u00f6\u00dfneck, stand uns Rede und Antwort zum Thema Haarspende. Den letzten Ansto\u00df dazu gab Frau Sz\u00e9kely \u00fcbrigens die Haarspende einer Mitarbeiterin, Ergotherapeutin Elizabeth Woock, die im September pl\u00f6tzlich mit deutlich k\u00fcrzeren Haaren vor ihr stand. Haarspenden scheint wohl auf eine positive Weise ansteckend zu sein. Wenn Sie Ihre Haare auf jeden Fall behalten wollen, sollten Sie also an dieser Stelle besser nicht weiterlesen. <\/p>\n\n\n\n<h2 class=\"wp-block-heading\">40 Zentimeter in Richtung \u201eNormalit\u00e4t\u201c<\/h2>\n\n\n\n<figure class=\"wp-block-gallery has-nested-images columns-default is-cropped wp-block-gallery-2 is-layout-flex wp-block-gallery-is-layout-flex\">\n<figure class=\"wp-block-image\"><img fetchpriority=\"high\" decoding=\"async\" width=\"500\" height=\"750\" data-id=\"15193\" src=\"https:\/\/relaunch.euroakademie.de\/magazin\/wp-content\/uploads\/2021\/10\/DSC_0023_Wook_web.jpeg\" alt=\"\" class=\"wp-image-15193\" srcset=\"https:\/\/www.euroakademie.de\/magazin\/wp-content\/uploads\/2021\/10\/DSC_0023_Wook_web.jpeg 500w, https:\/\/www.euroakademie.de\/magazin\/wp-content\/uploads\/2021\/10\/DSC_0023_Wook_web-200x300.jpeg 200w, https:\/\/www.euroakademie.de\/magazin\/wp-content\/uploads\/2021\/10\/DSC_0023_Wook_web-150x225.jpeg 150w, https:\/\/www.euroakademie.de\/magazin\/wp-content\/uploads\/2021\/10\/DSC_0023_Wook_web-450x675.jpeg 450w\" sizes=\"(max-width: 500px) 100vw, 500px\" \/><\/figure>\n\n\n\n<figure class=\"wp-block-image\"><img decoding=\"async\" width=\"500\" height=\"749\" data-id=\"15194\" src=\"https:\/\/relaunch.euroakademie.de\/magazin\/wp-content\/uploads\/2021\/10\/baebf6b2-57cc-4fdd-bcdf-8670614f6917_Wook-web.jpg\" alt=\"\" class=\"wp-image-15194\" srcset=\"https:\/\/www.euroakademie.de\/magazin\/wp-content\/uploads\/2021\/10\/baebf6b2-57cc-4fdd-bcdf-8670614f6917_Wook-web.jpg 500w, https:\/\/www.euroakademie.de\/magazin\/wp-content\/uploads\/2021\/10\/baebf6b2-57cc-4fdd-bcdf-8670614f6917_Wook-web-200x300.jpg 200w, https:\/\/www.euroakademie.de\/magazin\/wp-content\/uploads\/2021\/10\/baebf6b2-57cc-4fdd-bcdf-8670614f6917_Wook-web-150x225.jpg 150w, https:\/\/www.euroakademie.de\/magazin\/wp-content\/uploads\/2021\/10\/baebf6b2-57cc-4fdd-bcdf-8670614f6917_Wook-web-450x674.jpg 450w\" sizes=\"(max-width: 500px) 100vw, 500px\" \/><\/figure>\n\n\n\n<figure class=\"wp-block-image\"><img decoding=\"async\" width=\"500\" height=\"717\" data-id=\"15195\" src=\"https:\/\/relaunch.euroakademie.de\/magazin\/wp-content\/uploads\/2021\/10\/3d83e1c4-ba79-4819-8774-178cb1d8f46b_Wook_web.jpg\" alt=\"\" class=\"wp-image-15195\" srcset=\"https:\/\/www.euroakademie.de\/magazin\/wp-content\/uploads\/2021\/10\/3d83e1c4-ba79-4819-8774-178cb1d8f46b_Wook_web.jpg 500w, https:\/\/www.euroakademie.de\/magazin\/wp-content\/uploads\/2021\/10\/3d83e1c4-ba79-4819-8774-178cb1d8f46b_Wook_web-209x300.jpg 209w, https:\/\/www.euroakademie.de\/magazin\/wp-content\/uploads\/2021\/10\/3d83e1c4-ba79-4819-8774-178cb1d8f46b_Wook_web-150x215.jpg 150w, https:\/\/www.euroakademie.de\/magazin\/wp-content\/uploads\/2021\/10\/3d83e1c4-ba79-4819-8774-178cb1d8f46b_Wook_web-450x645.jpg 450w\" sizes=\"(max-width: 500px) 100vw, 500px\" \/><\/figure>\n<\/figure>\n\n\n\n<p>Elizabeth Woock arbeitete als Ergotherapeutin zeitweise auf einer onkologischen Station, einer Station also, auf der auch an Krebs erkrankte Menschen behandelt werden. Viele Patient*innen dort, die zus\u00e4tzlich zu ihrer Krebserkrankung auch mit dem Verlust ihrer Haare zu k\u00e4mpfen hatten, bewunderten ihre kr\u00e4ftige, lange Haarpracht. Zu dem Gef\u00fchl der Machtlosigkeit kam der Wunsch, helfen zu wollen. Elizabeth Woock informierte sich \u00fcber die Haarspende. Danach stand ihr Entschluss schnell fest: Der Zopf kommt ab. Weil die Spende aber mindestens 25 cm lang sein muss, ging noch etwas Zeit ins Land, bevor der gro\u00dfe Tag am 4. September 2021 da war. Schwer fiel ihr die Spende, beim Gedanken anderen Menschen ein St\u00fcck Normalit\u00e4t zur\u00fcckzugeben, nicht. Stolze 40 Zentimeter k\u00f6nnen nun zu einer Per\u00fccke verarbeitet werden. <\/p>\n\n\n\n<h2 class=\"wp-block-heading\">Ein gutes Gef\u00fchl <\/h2>\n\n\n\n<p>Auch Antje Sz\u00e9kely hat ihre Haarspende bereits hinter sich. Was sie dazu bewogen hat und welchen Aufruf sie starten w\u00fcrde, um weitere Menschen zum Spenden zu bewegen, lesen Sie im folgenden Interview:<\/p>\n\n\n\n<p><strong>Frau Sz\u00e9kely, f\u00fcr viele ist es ein gro\u00dfer Schritt, sich die Haare abschneiden zu lassen \u2013 da z\u00e4hlt im Zweifelsfall jeder Millimeter. Sie haben sich entschieden, sich von Ihren langen Haaren zu trennen, um Ihre Haare zu spenden. Wie kam es dazu?<\/strong><\/p>\n\n\n\n<p>F\u00fcr mich sind bestimmte Sachen einfach selbstverst\u00e4ndlich. Ich bin seit Jahren bei der DKMS registriert, besitze einen Organspendeausweis und gehe regelm\u00e4\u00dfig Blutspenden. In meiner Familie war und ist Krebs seit geraumer Zeit leider ein sehr gro\u00dfes Thema, aus diesem Grund habe ich mich bewusst mit Hilfsaktionen auseinandergesetzt und bin auf die M\u00f6glichkeit der Haarspende gesto\u00dfen. Nat\u00fcrlich habe ich mich mit diesem Gedanken erst ein wenig besch\u00e4ftigen m\u00fcssen. <\/p>\n\n\n\n<p>Nach den Sommerferien kam dann aber meine Mitarbeiterin, Frau Woock, mit deutlich k\u00fcrzerer Haarpracht ins Sekretariat und erz\u00e4hlte mir, dass sie ihre Haare gespendet hat. Noch am gleichen Tag hatte dann auch ich meinen Termin vereinbart. Menschen, die sich mit dieser Krankheit auseinandersetzen m\u00fcssen, brauchen etwas \u201eNormalit\u00e4t\u201c in ihrem Leben. Gerade f\u00fcr viele Frauen sind es die Haare, welche sie mit ihrer Weiblichkeit assoziieren. Aber auch die Blicke, wenn man offensichtlich eine Glatze hat und klar ist, welches Schicksal man mit sich tr\u00e4gt. Oft \u00fcberfordert dies. Wenn meine Haare einen Teil davon ertr\u00e4glicher machen, ist es alles wert gewesen.<\/p>\n\n\n\n<p><strong>Wie war das Gef\u00fchl, als der Zopf ab war?<\/strong><\/p>\n\n\n\n<p>Tats\u00e4chlich erstaunlich erleichternd und gut. Ich f\u00fchle mich sehr wohl.<\/p>\n\n\n\n<figure class=\"wp-block-gallery has-nested-images columns-default is-cropped wp-block-gallery-3 is-layout-flex wp-block-gallery-is-layout-flex\">\n<figure class=\"wp-block-image\"><img loading=\"lazy\" decoding=\"async\" width=\"500\" height=\"667\" data-id=\"15196\" src=\"https:\/\/relaunch.euroakademie.de\/magazin\/wp-content\/uploads\/2021\/10\/VN2_Szekely_web.jpg\" alt=\"\" class=\"wp-image-15196\" srcset=\"https:\/\/www.euroakademie.de\/magazin\/wp-content\/uploads\/2021\/10\/VN2_Szekely_web.jpg 500w, https:\/\/www.euroakademie.de\/magazin\/wp-content\/uploads\/2021\/10\/VN2_Szekely_web-225x300.jpg 225w, https:\/\/www.euroakademie.de\/magazin\/wp-content\/uploads\/2021\/10\/VN2_Szekely_web-150x200.jpg 150w, https:\/\/www.euroakademie.de\/magazin\/wp-content\/uploads\/2021\/10\/VN2_Szekely_web-450x600.jpg 450w\" sizes=\"(max-width: 500px) 100vw, 500px\" \/><\/figure>\n\n\n\n<figure class=\"wp-block-image\"><img loading=\"lazy\" decoding=\"async\" width=\"500\" height=\"667\" data-id=\"15197\" src=\"https:\/\/relaunch.euroakademie.de\/magazin\/wp-content\/uploads\/2021\/10\/VN3_Szekely_web.jpg\" alt=\"\" class=\"wp-image-15197\" srcset=\"https:\/\/www.euroakademie.de\/magazin\/wp-content\/uploads\/2021\/10\/VN3_Szekely_web.jpg 500w, https:\/\/www.euroakademie.de\/magazin\/wp-content\/uploads\/2021\/10\/VN3_Szekely_web-225x300.jpg 225w, https:\/\/www.euroakademie.de\/magazin\/wp-content\/uploads\/2021\/10\/VN3_Szekely_web-150x200.jpg 150w, https:\/\/www.euroakademie.de\/magazin\/wp-content\/uploads\/2021\/10\/VN3_Szekely_web-450x600.jpg 450w\" sizes=\"(max-width: 500px) 100vw, 500px\" \/><\/figure>\n\n\n\n<figure class=\"wp-block-image\"><img loading=\"lazy\" decoding=\"async\" width=\"500\" height=\"500\" data-id=\"15198\" src=\"https:\/\/relaunch.euroakademie.de\/magazin\/wp-content\/uploads\/2021\/10\/VN4_Szekely_web.jpg\" alt=\"\" class=\"wp-image-15198\" srcset=\"https:\/\/www.euroakademie.de\/magazin\/wp-content\/uploads\/2021\/10\/VN4_Szekely_web.jpg 500w, https:\/\/www.euroakademie.de\/magazin\/wp-content\/uploads\/2021\/10\/VN4_Szekely_web-300x300.jpg 300w, https:\/\/www.euroakademie.de\/magazin\/wp-content\/uploads\/2021\/10\/VN4_Szekely_web-150x150.jpg 150w, https:\/\/www.euroakademie.de\/magazin\/wp-content\/uploads\/2021\/10\/VN4_Szekely_web-450x450.jpg 450w\" sizes=\"(max-width: 500px) 100vw, 500px\" \/><\/figure>\n<\/figure>\n\n\n\n<p><strong>Wie l\u00e4uft so eine Haarspende ab? Brauche ich daf\u00fcr einen besonderen Friseur?<\/strong><\/p>\n\n\n\n<p>Ich habe mich direkt auf der Seite <a href=\"http:\/\/haare-spenden.de\" target=\"_blank\" rel=\"noreferrer noopener\" aria-label=\"haare-spenden.de (\u00f6ffnet in neuem Tab)\">haare-spenden.de<\/a> informiert und registriert. Aber auch auf der Seite der Deutschen Krebshilfe stehen alle wichtigen Infos dazu. Man kann sich die Haare selbst schneiden oder zu einem Friseur gehen. Mit dem Friseur sollte man vorher besprechen, dass man die Haare spenden m\u00f6chte.<\/p>\n\n\n\n<h2 class=\"wp-block-heading\">An wen geht Ihre Haarspende?<\/h2>\n\n\n\n<p>Meine Spende geht an Rieswick &amp; Partner, H\u00fcpohl 5 &amp; 7, 46342 Velen-Ramsdorf. Diese Firma arbeitet direkt mit der Deutschen Krebshilfe zusammen und spendet ab  30 Zentimetern f\u00fcr jeden weiteren Zentimeter an die Krebshilfe. Ich konnte stolze 40 Zentimeter abgeben.<\/p>\n\n\n\n<p><strong>Manche Menschen haben dickes Haar, andere Locken, viele f\u00e4rben sich die Haare. K\u00f6nnen alle Menschen Haare spenden?<\/strong><\/p>\n\n\n\n<p>Die Haare m\u00fcssen eine Mindestl\u00e4nge von 25cm haben. Gef\u00e4rbte Haare k\u00f6nnen gespendet werden \u2013 sie sind allerdings meist nur f\u00fcr die Reparatur \u00e4lterer Per\u00fccken verwendbar. Dreadlocks, Haare mit chemischer Dauerwelle oder dauerhaft gegl\u00e4ttetes Haar sind f\u00fcr Haarspenden nicht geeignet. Auch Haare, die vom Boden aufgehoben wurden und durcheinanderliegen, k\u00f6nnen leider nicht verwendet werden. Nur Z\u00f6pfe k\u00f6nnen zu Per\u00fccken weiterverarbeitet werden.<\/p>\n\n\n\n<p><strong>Wenn Sie einen \u00f6ffentlichen Aufruf zum Haare spenden verfassen w\u00fcrden, wie s\u00e4he der aus?<\/strong><\/p>\n\n\n\n<p>Weil das L\u00e4cheln eines schwerkranken Menschen so viel mehr wert ist als die eigene Eitelkeit.<\/p>\n\n\n\n<p><strong>Wir bedanken uns ganz herzlich f\u00fcr das Gespr\u00e4ch, die Fotos \u2013 und warten ab, wer als n\u00e4chstes mit einem Kurzhaarschnitt vor uns stehen wird! <\/strong><\/p>\n\n\n\n<p><em>Bildquelle Beitragsbild: \u00a9 MaeManee \/ shutterstock.com<\/em><\/p>\n","protected":false},"excerpt":{"rendered":"<p>Eine Krebserkrankung ist eine gro\u00dfe Belastung f\u00fcr die Patient*innen. Der Verlust der Haare ein weiterer Schlag. Mitarbeiterinnen der Euro Akademie P\u00f6\u00dfneck wollten helfen &#8211; und spendeten ihre Haare.<\/p>\n","protected":false},"author":58,"featured_media":15190,"comment_status":"closed","ping_status":"closed","sticky":false,"template":"","format":"standard","meta":{"footnotes":""},"categories":[118,160],"tags":[3808,4891,6574],"class_list":{"0":"post-15189","1":"post","2":"type-post","3":"status-publish","4":"format-standard","5":"has-post-thumbnail","7":"category-im-fokus","8":"category-poessneck","9":"tag-haarspende","10":"tag-krebserkrankung","11":"tag-poessneck"},"yoast_head":"<!-- This site is optimized with the Yoast SEO plugin v23.5 - https:\/\/yoast.com\/wordpress\/plugins\/seo\/ -->\n<title>Haarspende: Krebskranken Menschen ein St\u00fcck Normalit\u00e4t zur\u00fcckgeben<\/title>\n<meta name=\"description\" content=\"Um Per\u00fccken f\u00fcr Krebspatienten anzufertigen, brauchen die Hersteller echtes Haar. Mitarbeiterinnen der Euro Akademie P\u00f6\u00dfneck spendeten ihre Haare.\" \/>\n<meta name=\"robots\" content=\"index, follow, max-snippet:-1, max-image-preview:large, max-video-preview:-1\" \/>\n<link rel=\"canonical\" href=\"https:\/\/www.euroakademie.de\/magazin\/haarspende-weil-das-laecheln-eines-schwerkranken-menschen-so-viel-mehr-wert-ist-als-die-eigene-eitelkeit\/\" \/>\n<meta property=\"og:locale\" content=\"de_DE\" \/>\n<meta property=\"og:type\" content=\"article\" \/>\n<meta property=\"og:title\" content=\"Haarspende: Krebskranken Menschen ein St\u00fcck Normalit\u00e4t zur\u00fcckgeben\" \/>\n<meta property=\"og:description\" content=\"Um Per\u00fccken f\u00fcr Krebspatienten anzufertigen, brauchen die Hersteller echtes Haar. Mitarbeiterinnen der Euro Akademie P\u00f6\u00dfneck spendeten ihre Haare.\" \/>\n<meta property=\"og:url\" content=\"https:\/\/www.euroakademie.de\/magazin\/haarspende-weil-das-laecheln-eines-schwerkranken-menschen-so-viel-mehr-wert-ist-als-die-eigene-eitelkeit\/\" \/>\n<meta property=\"og:site_name\" content=\"Das Euro Akademie Magazin\" \/>\n<meta property=\"article:published_time\" content=\"2021-10-11T08:35:51+00:00\" \/>\n<meta property=\"article:modified_time\" content=\"2024-12-04T14:54:08+00:00\" \/>\n<meta property=\"og:image\" content=\"https:\/\/www.euroakademie.de\/magazin\/wp-content\/uploads\/2021\/10\/shutterstock_741337249_702x336.jpg\" \/>\n\t<meta property=\"og:image:width\" content=\"701\" \/>\n\t<meta property=\"og:image:height\" content=\"336\" \/>\n\t<meta property=\"og:image:type\" content=\"image\/jpeg\" \/>\n<meta name=\"author\" content=\"Tanja H\u00f6fling\" \/>\n<meta name=\"twitter:card\" content=\"summary_large_image\" \/>\n<meta name=\"twitter:label1\" content=\"Verfasst von\" \/>\n\t<meta name=\"twitter:data1\" content=\"Tanja H\u00f6fling\" \/>\n\t<meta name=\"twitter:label2\" content=\"Gesch\u00e4tzte Lesezeit\" \/>\n\t<meta name=\"twitter:data2\" content=\"2\u00a0Minuten\" \/>\n<script type=\"application\/ld+json\" class=\"yoast-schema-graph\">{\"@context\":\"https:\/\/schema.org\",\"@graph\":[{\"@type\":\"Article\",\"@id\":\"https:\/\/www.euroakademie.de\/magazin\/haarspende-weil-das-laecheln-eines-schwerkranken-menschen-so-viel-mehr-wert-ist-als-die-eigene-eitelkeit\/#article\",\"isPartOf\":{\"@id\":\"https:\/\/www.euroakademie.de\/magazin\/haarspende-weil-das-laecheln-eines-schwerkranken-menschen-so-viel-mehr-wert-ist-als-die-eigene-eitelkeit\/\"},\"author\":{\"name\":\"Tanja H\u00f6fling\",\"@id\":\"https:\/\/www.euroakademie.de\/magazin\/#\/schema\/person\/2c0d3896d19e86373c87f4ac022d4919\"},\"headline\":\"Haarspende: \u201eWeil das L\u00e4cheln eines schwerkranken Menschen so viel mehr wert ist als die eigene Eitelkeit\u201c\",\"datePublished\":\"2021-10-11T08:35:51+00:00\",\"dateModified\":\"2024-12-04T14:54:08+00:00\",\"mainEntityOfPage\":{\"@id\":\"https:\/\/www.euroakademie.de\/magazin\/haarspende-weil-das-laecheln-eines-schwerkranken-menschen-so-viel-mehr-wert-ist-als-die-eigene-eitelkeit\/\"},\"wordCount\":901,\"publisher\":{\"@id\":\"https:\/\/www.euroakademie.de\/magazin\/#organization\"},\"image\":{\"@id\":\"https:\/\/www.euroakademie.de\/magazin\/haarspende-weil-das-laecheln-eines-schwerkranken-menschen-so-viel-mehr-wert-ist-als-die-eigene-eitelkeit\/#primaryimage\"},\"thumbnailUrl\":\"https:\/\/www.euroakademie.de\/magazin\/wp-content\/uploads\/2021\/10\/shutterstock_741337249_702x336.jpg\",\"keywords\":[\"Haarspende\",\"Krebserkrankung\",\"P\u00f6\u00dfneck\"],\"articleSection\":[\"Im Fokus\",\"P\u00f6\u00dfneck\"],\"inLanguage\":\"de\"},{\"@type\":\"WebPage\",\"@id\":\"https:\/\/www.euroakademie.de\/magazin\/haarspende-weil-das-laecheln-eines-schwerkranken-menschen-so-viel-mehr-wert-ist-als-die-eigene-eitelkeit\/\",\"url\":\"https:\/\/www.euroakademie.de\/magazin\/haarspende-weil-das-laecheln-eines-schwerkranken-menschen-so-viel-mehr-wert-ist-als-die-eigene-eitelkeit\/\",\"name\":\"Haarspende: Krebskranken Menschen ein St\u00fcck Normalit\u00e4t zur\u00fcckgeben\",\"isPartOf\":{\"@id\":\"https:\/\/www.euroakademie.de\/magazin\/#website\"},\"primaryImageOfPage\":{\"@id\":\"https:\/\/www.euroakademie.de\/magazin\/haarspende-weil-das-laecheln-eines-schwerkranken-menschen-so-viel-mehr-wert-ist-als-die-eigene-eitelkeit\/#primaryimage\"},\"image\":{\"@id\":\"https:\/\/www.euroakademie.de\/magazin\/haarspende-weil-das-laecheln-eines-schwerkranken-menschen-so-viel-mehr-wert-ist-als-die-eigene-eitelkeit\/#primaryimage\"},\"thumbnailUrl\":\"https:\/\/www.euroakademie.de\/magazin\/wp-content\/uploads\/2021\/10\/shutterstock_741337249_702x336.jpg\",\"datePublished\":\"2021-10-11T08:35:51+00:00\",\"dateModified\":\"2024-12-04T14:54:08+00:00\",\"description\":\"Um Per\u00fccken f\u00fcr Krebspatienten anzufertigen, brauchen die Hersteller echtes Haar. Mitarbeiterinnen der Euro Akademie P\u00f6\u00dfneck spendeten ihre Haare.\",\"breadcrumb\":{\"@id\":\"https:\/\/www.euroakademie.de\/magazin\/haarspende-weil-das-laecheln-eines-schwerkranken-menschen-so-viel-mehr-wert-ist-als-die-eigene-eitelkeit\/#breadcrumb\"},\"inLanguage\":\"de\",\"potentialAction\":[{\"@type\":\"ReadAction\",\"target\":[\"https:\/\/www.euroakademie.de\/magazin\/haarspende-weil-das-laecheln-eines-schwerkranken-menschen-so-viel-mehr-wert-ist-als-die-eigene-eitelkeit\/\"]}]},{\"@type\":\"ImageObject\",\"inLanguage\":\"de\",\"@id\":\"https:\/\/www.euroakademie.de\/magazin\/haarspende-weil-das-laecheln-eines-schwerkranken-menschen-so-viel-mehr-wert-ist-als-die-eigene-eitelkeit\/#primaryimage\",\"url\":\"https:\/\/www.euroakademie.de\/magazin\/wp-content\/uploads\/2021\/10\/shutterstock_741337249_702x336.jpg\",\"contentUrl\":\"https:\/\/www.euroakademie.de\/magazin\/wp-content\/uploads\/2021\/10\/shutterstock_741337249_702x336.jpg\",\"width\":701,\"height\":336,\"caption\":\"\"},{\"@type\":\"BreadcrumbList\",\"@id\":\"https:\/\/www.euroakademie.de\/magazin\/haarspende-weil-das-laecheln-eines-schwerkranken-menschen-so-viel-mehr-wert-ist-als-die-eigene-eitelkeit\/#breadcrumb\",\"itemListElement\":[{\"@type\":\"ListItem\",\"position\":1,\"name\":\"Startseite\",\"item\":\"https:\/\/www.euroakademie.de\/magazin\/\"},{\"@type\":\"ListItem\",\"position\":2,\"name\":\"Haarspende: \u201eWeil das L\u00e4cheln eines schwerkranken Menschen so viel mehr wert ist als die eigene Eitelkeit\u201c\"}]},{\"@type\":\"WebSite\",\"@id\":\"https:\/\/www.euroakademie.de\/magazin\/#website\",\"url\":\"https:\/\/www.euroakademie.de\/magazin\/\",\"name\":\"Das Euro Akademie Magazin\",\"description\":\"Gut informiert durch Ausbildung und Studium\",\"publisher\":{\"@id\":\"https:\/\/www.euroakademie.de\/magazin\/#organization\"},\"potentialAction\":[{\"@type\":\"SearchAction\",\"target\":{\"@type\":\"EntryPoint\",\"urlTemplate\":\"https:\/\/www.euroakademie.de\/magazin\/?s={search_term_string}\"},\"query-input\":{\"@type\":\"PropertyValueSpecification\",\"valueRequired\":true,\"valueName\":\"search_term_string\"}}],\"inLanguage\":\"de\"},{\"@type\":\"Organization\",\"@id\":\"https:\/\/www.euroakademie.de\/magazin\/#organization\",\"name\":\"ESO Education Group\",\"url\":\"https:\/\/www.euroakademie.de\/magazin\/\",\"logo\":{\"@type\":\"ImageObject\",\"inLanguage\":\"de\",\"@id\":\"https:\/\/www.euroakademie.de\/magazin\/#\/schema\/logo\/image\/\",\"url\":\"https:\/\/relaunch.euroakademie.de\/magazin\/wp-content\/uploads\/2024\/11\/Logo_EA_negativ_Rahmen_5cm_300dpi_RGB.jpg\",\"contentUrl\":\"https:\/\/relaunch.euroakademie.de\/magazin\/wp-content\/uploads\/2024\/11\/Logo_EA_negativ_Rahmen_5cm_300dpi_RGB.jpg\",\"width\":591,\"height\":236,\"caption\":\"ESO Education Group\"},\"image\":{\"@id\":\"https:\/\/www.euroakademie.de\/magazin\/#\/schema\/logo\/image\/\"}},{\"@type\":\"Person\",\"@id\":\"https:\/\/www.euroakademie.de\/magazin\/#\/schema\/person\/2c0d3896d19e86373c87f4ac022d4919\",\"name\":\"Tanja H\u00f6fling\",\"description\":\"Von Juli 2017 bis Juli 2022 informierte die ehemalige Online-Redakteurin des Euro Akademie Magazins regelm\u00e4\u00dfig \u00fcber Aktuelles und Wissenswertes zu den Themen Ausbildung, Studium und Beruf.\",\"url\":\"https:\/\/www.euroakademie.de\/magazin\/author\/hoeflingt\/\"}]}<\/script>\n<!-- \/ Yoast SEO plugin. -->","yoast_head_json":{"title":"Haarspende: Krebskranken Menschen ein St\u00fcck Normalit\u00e4t zur\u00fcckgeben","description":"Um Per\u00fccken f\u00fcr Krebspatienten anzufertigen, brauchen die Hersteller echtes Haar. Mitarbeiterinnen der Euro Akademie P\u00f6\u00dfneck spendeten ihre Haare.","robots":{"index":"index","follow":"follow","max-snippet":"max-snippet:-1","max-image-preview":"max-image-preview:large","max-video-preview":"max-video-preview:-1"},"canonical":"https:\/\/www.euroakademie.de\/magazin\/haarspende-weil-das-laecheln-eines-schwerkranken-menschen-so-viel-mehr-wert-ist-als-die-eigene-eitelkeit\/","og_locale":"de_DE","og_type":"article","og_title":"Haarspende: Krebskranken Menschen ein St\u00fcck Normalit\u00e4t zur\u00fcckgeben","og_description":"Um Per\u00fccken f\u00fcr Krebspatienten anzufertigen, brauchen die Hersteller echtes Haar. Mitarbeiterinnen der Euro Akademie P\u00f6\u00dfneck spendeten ihre Haare.","og_url":"https:\/\/www.euroakademie.de\/magazin\/haarspende-weil-das-laecheln-eines-schwerkranken-menschen-so-viel-mehr-wert-ist-als-die-eigene-eitelkeit\/","og_site_name":"Das Euro Akademie Magazin","article_published_time":"2021-10-11T08:35:51+00:00","article_modified_time":"2024-12-04T14:54:08+00:00","og_image":[{"width":701,"height":336,"url":"https:\/\/www.euroakademie.de\/magazin\/wp-content\/uploads\/2021\/10\/shutterstock_741337249_702x336.jpg","type":"image\/jpeg"}],"author":"Tanja H\u00f6fling","twitter_card":"summary_large_image","twitter_misc":{"Verfasst von":"Tanja H\u00f6fling","Gesch\u00e4tzte Lesezeit":"2\u00a0Minuten"},"schema":{"@context":"https:\/\/schema.org","@graph":[{"@type":"Article","@id":"https:\/\/www.euroakademie.de\/magazin\/haarspende-weil-das-laecheln-eines-schwerkranken-menschen-so-viel-mehr-wert-ist-als-die-eigene-eitelkeit\/#article","isPartOf":{"@id":"https:\/\/www.euroakademie.de\/magazin\/haarspende-weil-das-laecheln-eines-schwerkranken-menschen-so-viel-mehr-wert-ist-als-die-eigene-eitelkeit\/"},"author":{"name":"Tanja H\u00f6fling","@id":"https:\/\/www.euroakademie.de\/magazin\/#\/schema\/person\/2c0d3896d19e86373c87f4ac022d4919"},"headline":"Haarspende: \u201eWeil das L\u00e4cheln eines schwerkranken Menschen so viel mehr wert ist als die eigene Eitelkeit\u201c","datePublished":"2021-10-11T08:35:51+00:00","dateModified":"2024-12-04T14:54:08+00:00","mainEntityOfPage":{"@id":"https:\/\/www.euroakademie.de\/magazin\/haarspende-weil-das-laecheln-eines-schwerkranken-menschen-so-viel-mehr-wert-ist-als-die-eigene-eitelkeit\/"},"wordCount":901,"publisher":{"@id":"https:\/\/www.euroakademie.de\/magazin\/#organization"},"image":{"@id":"https:\/\/www.euroakademie.de\/magazin\/haarspende-weil-das-laecheln-eines-schwerkranken-menschen-so-viel-mehr-wert-ist-als-die-eigene-eitelkeit\/#primaryimage"},"thumbnailUrl":"https:\/\/www.euroakademie.de\/magazin\/wp-content\/uploads\/2021\/10\/shutterstock_741337249_702x336.jpg","keywords":["Haarspende","Krebserkrankung","P\u00f6\u00dfneck"],"articleSection":["Im Fokus","P\u00f6\u00dfneck"],"inLanguage":"de"},{"@type":"WebPage","@id":"https:\/\/www.euroakademie.de\/magazin\/haarspende-weil-das-laecheln-eines-schwerkranken-menschen-so-viel-mehr-wert-ist-als-die-eigene-eitelkeit\/","url":"https:\/\/www.euroakademie.de\/magazin\/haarspende-weil-das-laecheln-eines-schwerkranken-menschen-so-viel-mehr-wert-ist-als-die-eigene-eitelkeit\/","name":"Haarspende: Krebskranken Menschen ein St\u00fcck Normalit\u00e4t zur\u00fcckgeben","isPartOf":{"@id":"https:\/\/www.euroakademie.de\/magazin\/#website"},"primaryImageOfPage":{"@id":"https:\/\/www.euroakademie.de\/magazin\/haarspende-weil-das-laecheln-eines-schwerkranken-menschen-so-viel-mehr-wert-ist-als-die-eigene-eitelkeit\/#primaryimage"},"image":{"@id":"https:\/\/www.euroakademie.de\/magazin\/haarspende-weil-das-laecheln-eines-schwerkranken-menschen-so-viel-mehr-wert-ist-als-die-eigene-eitelkeit\/#primaryimage"},"thumbnailUrl":"https:\/\/www.euroakademie.de\/magazin\/wp-content\/uploads\/2021\/10\/shutterstock_741337249_702x336.jpg","datePublished":"2021-10-11T08:35:51+00:00","dateModified":"2024-12-04T14:54:08+00:00","description":"Um Per\u00fccken f\u00fcr Krebspatienten anzufertigen, brauchen die Hersteller echtes Haar. Mitarbeiterinnen der Euro Akademie P\u00f6\u00dfneck spendeten ihre Haare.","breadcrumb":{"@id":"https:\/\/www.euroakademie.de\/magazin\/haarspende-weil-das-laecheln-eines-schwerkranken-menschen-so-viel-mehr-wert-ist-als-die-eigene-eitelkeit\/#breadcrumb"},"inLanguage":"de","potentialAction":[{"@type":"ReadAction","target":["https:\/\/www.euroakademie.de\/magazin\/haarspende-weil-das-laecheln-eines-schwerkranken-menschen-so-viel-mehr-wert-ist-als-die-eigene-eitelkeit\/"]}]},{"@type":"ImageObject","inLanguage":"de","@id":"https:\/\/www.euroakademie.de\/magazin\/haarspende-weil-das-laecheln-eines-schwerkranken-menschen-so-viel-mehr-wert-ist-als-die-eigene-eitelkeit\/#primaryimage","url":"https:\/\/www.euroakademie.de\/magazin\/wp-content\/uploads\/2021\/10\/shutterstock_741337249_702x336.jpg","contentUrl":"https:\/\/www.euroakademie.de\/magazin\/wp-content\/uploads\/2021\/10\/shutterstock_741337249_702x336.jpg","width":701,"height":336,"caption":""},{"@type":"BreadcrumbList","@id":"https:\/\/www.euroakademie.de\/magazin\/haarspende-weil-das-laecheln-eines-schwerkranken-menschen-so-viel-mehr-wert-ist-als-die-eigene-eitelkeit\/#breadcrumb","itemListElement":[{"@type":"ListItem","position":1,"name":"Startseite","item":"https:\/\/www.euroakademie.de\/magazin\/"},{"@type":"ListItem","position":2,"name":"Haarspende: \u201eWeil das L\u00e4cheln eines schwerkranken Menschen so viel mehr wert ist als die eigene Eitelkeit\u201c"}]},{"@type":"WebSite","@id":"https:\/\/www.euroakademie.de\/magazin\/#website","url":"https:\/\/www.euroakademie.de\/magazin\/","name":"Das Euro Akademie Magazin","description":"Gut informiert durch Ausbildung und Studium","publisher":{"@id":"https:\/\/www.euroakademie.de\/magazin\/#organization"},"potentialAction":[{"@type":"SearchAction","target":{"@type":"EntryPoint","urlTemplate":"https:\/\/www.euroakademie.de\/magazin\/?s={search_term_string}"},"query-input":{"@type":"PropertyValueSpecification","valueRequired":true,"valueName":"search_term_string"}}],"inLanguage":"de"},{"@type":"Organization","@id":"https:\/\/www.euroakademie.de\/magazin\/#organization","name":"ESO Education Group","url":"https:\/\/www.euroakademie.de\/magazin\/","logo":{"@type":"ImageObject","inLanguage":"de","@id":"https:\/\/www.euroakademie.de\/magazin\/#\/schema\/logo\/image\/","url":"https:\/\/relaunch.euroakademie.de\/magazin\/wp-content\/uploads\/2024\/11\/Logo_EA_negativ_Rahmen_5cm_300dpi_RGB.jpg","contentUrl":"https:\/\/relaunch.euroakademie.de\/magazin\/wp-content\/uploads\/2024\/11\/Logo_EA_negativ_Rahmen_5cm_300dpi_RGB.jpg","width":591,"height":236,"caption":"ESO Education Group"},"image":{"@id":"https:\/\/www.euroakademie.de\/magazin\/#\/schema\/logo\/image\/"}},{"@type":"Person","@id":"https:\/\/www.euroakademie.de\/magazin\/#\/schema\/person\/2c0d3896d19e86373c87f4ac022d4919","name":"Tanja H\u00f6fling","description":"Von Juli 2017 bis Juli 2022 informierte die ehemalige Online-Redakteurin des Euro Akademie Magazins regelm\u00e4\u00dfig \u00fcber Aktuelles und Wissenswertes zu den Themen Ausbildung, Studium und Beruf.","url":"https:\/\/www.euroakademie.de\/magazin\/author\/hoeflingt\/"}]}},"_links":{"self":[{"href":"https:\/\/www.euroakademie.de\/magazin\/wp-json\/wp\/v2\/posts\/15189","targetHints":{"allow":["GET"]}}],"collection":[{"href":"https:\/\/www.euroakademie.de\/magazin\/wp-json\/wp\/v2\/posts"}],"about":[{"href":"https:\/\/www.euroakademie.de\/magazin\/wp-json\/wp\/v2\/types\/post"}],"author":[{"embeddable":true,"href":"https:\/\/www.euroakademie.de\/magazin\/wp-json\/wp\/v2\/users\/58"}],"replies":[{"embeddable":true,"href":"https:\/\/www.euroakademie.de\/magazin\/wp-json\/wp\/v2\/comments?post=15189"}],"version-history":[{"count":2,"href":"https:\/\/www.euroakademie.de\/magazin\/wp-json\/wp\/v2\/posts\/15189\/revisions"}],"predecessor-version":[{"id":25728,"href":"https:\/\/www.euroakademie.de\/magazin\/wp-json\/wp\/v2\/posts\/15189\/revisions\/25728"}],"wp:featuredmedia":[{"embeddable":true,"href":"https:\/\/www.euroakademie.de\/magazin\/wp-json\/wp\/v2\/media\/15190"}],"wp:attachment":[{"href":"https:\/\/www.euroakademie.de\/magazin\/wp-json\/wp\/v2\/media?parent=15189"}],"wp:term":[{"taxonomy":"category","embeddable":true,"href":"https:\/\/www.euroakademie.de\/magazin\/wp-json\/wp\/v2\/categories?post=15189"},{"taxonomy":"post_tag","embeddable":true,"href":"https:\/\/www.euroakademie.de\/magazin\/wp-json\/wp\/v2\/tags?post=15189"}],"curies":[{"name":"wp","href":"https:\/\/api.w.org\/{rel}","templated":true}]}}