{"id":15306,"date":"2021-11-16T13:14:51","date_gmt":"2021-11-16T12:14:51","guid":{"rendered":"https:\/\/www.euroakademie.de\/magazin\/?p=15306"},"modified":"2024-12-04T15:06:18","modified_gmt":"2024-12-04T14:06:18","slug":"ausbildung-in-buero-und-co","status":"publish","type":"post","link":"https:\/\/www.euroakademie.de\/magazin\/ausbildung-in-buero-und-co\/","title":{"rendered":"Ausbildung in B\u00fcro und Co.? Aber ja doch!"},"content":{"rendered":"<p><![CDATA[\n<\/p>\n\n\n<p><strong>Sesselpupser*in ist wohl nur eine der nicht allzu netten Bezeichnungen f\u00fcr M\u00e4nner und Frauen, die vom Schreibtisch aus ihre Arbeit erledigen. Dass diese Berufe keineswegs langweilig sind und einige bestechende Vorteile bieten, beweisen wir Ihnen jetzt. F\u00fcr Menschen, die bei l\u00e4ngerem Sitzen Hummeln im Hintern entwickeln, sind diese Berufe freilich nur bedingt geeignet. Wer seine F\u00fc\u00dfe allerdings gerne im Trockenen hat, es mag, konzeptionell zu arbeiten, Fremdsprachen liebt oder gerne organisiert, kann mit einem der unz\u00e4hligen B\u00fcroberufe gl\u00fccklich werden. <\/strong><\/p>\n\n\n\n<p>Es ist an der Zeit, endlich mal aufzur\u00e4umen mit verstaubten Aktenordnern und grauen B\u00fcroteppichen. Viele B\u00fcror\u00e4ume wurden in den letzten Jahren zu wahren Wohlf\u00fchloasen umgestaltet \u2013 mit Massagesesseln, Ruher\u00e4umen und schicker Teek\u00fcche. Oder wie gefiele Ihnen ein Arbeitstag unter freiem Himmel, fr\u00f6hlich zwitschernde V\u00f6gel \u00fcber Ihrem Haupt und ein k\u00fchles Getr\u00e4nk neben dem Laptop? In den meisten B\u00fcroberufen kann man heute, so Chef*in will, n\u00e4mlich von \u00fcberall arbeiten. Wen st\u00f6rt es, ob Sie als \u00dcbersetzer*in und Dolmetscher*in in Ihrer Finca auf La Gomera sitzen oder die Wohnung eines Freundes in Paris bewohnen, solange der als <a rel=\"noreferrer noopener\" aria-label=\"European Business Manager (\u00f6ffnet in neuem Tab)\" href=\"https:\/\/www.euroakademie.de\/ausbildung\/wirtschaft-management\/european-business-manager.html\" target=\"_blank\">European Business Manager<\/a> im S\u00fcden Portugals weilt. <\/p>\n\n\n\n<p>Und nicht nur was den Arbeitsort angeht sind Sie flexibel, denn in allen Branchen und Wirtschaftszweigen werden f\u00e4hige B\u00fcroleute in den unterschiedlichsten T\u00e4tigkeitsfeldern gebraucht. Abwechslung und Weiterentwicklungsm\u00f6glichkeiten sind hier also garantiert.<\/p>\n\n\n\n<h2 class=\"wp-block-heading\">Ausbildung im E-Commerce<\/h2>\n\n\n\n<p>Ein recht junger Beruf, der beste Perspektiven bietet, ist der*die <a rel=\"noreferrer noopener\" aria-label=\"Kaufmann*frau im E-Commerce (\u00f6ffnet in neuem Tab)\" href=\"https:\/\/www.euroakademie.de\/ausbildung\/wirtschaft-management\/kaufmann-im-e-commerce.html\" target=\"_blank\">Kaufmann*frau im E-Commerce<\/a>. Online-H\u00e4ndler und Dienstleister im Internet brauchen gut ausgebildete Leute. Fachkr\u00e4fte, die bei der Auswahl des Sortiments den richtigen Riecher haben. Spezialist*innen, die in Fragen der Online-Werbung unterst\u00fctzen.  Menschen, die die B\u00fcroorganisation in ihre geschickten H\u00e4nde nehmen und das Nutzerverhalten der Kund*innen mit Kennerblick analysieren. Ein Zukunftsberuf f\u00fcr alle internetaffinen, marketinginteressierten Organisationstalente!  <\/p>\n\n\n\n<h2 class=\"wp-block-heading\">Rauf in die Chefetage!<\/h2>\n\n\n\n<p>Die Chefetage ist genau Ihr Stockwerk? Sie sind gerne verl\u00e4ssliche*r und freundliche*r Ansprechpartner*in f\u00fcr Chef*innen, Kund*innen und Gesch\u00e4ftspartner*innen? Dann ist die <a href=\"https:\/\/www.euroakademie.de\/ausbildung\/wirtschaft-management\/euro-management-assistent.html\" target=\"_blank\" rel=\"noreferrer noopener\" aria-label=\"Ausbildung zum*r Euro-Management-Assistent*in (\u00f6ffnet in neuem Tab)\">Ausbildung zum*r Euro-Management-Assistent*in<\/a> eine \u00dcberlegung wert. Dort lernen Sie nicht nur, Gesch\u00e4ftskorrespondenzen in deutscher Sprache geschliffen zur formulieren, sondern bekommen zu den kaufm\u00e4nnischen Kenntnissen auch gleich noch zwei Fremdsprachen dazu.  <\/p>\n\n\n\n<h2 class=\"wp-block-heading\">Arbeiten als Verst\u00e4ndigungsspezialist*in <\/h2>\n\n\n\n<p>Sie sind fasziniert von anderen Kulturen, lieben andere Sprachen und f\u00fchlen sich in einem internationalen Umfeld pudelwohl? Dann k\u00f6nnten Sie als <a rel=\"noreferrer noopener\" aria-label=\"\u00dcbersetzer*in und Dolmetscher*in (\u00f6ffnet in neuem Tab)\" href=\"https:\/\/www.euroakademie.de\/ausbildung\/fremdsprachen-internationales\/uebersetzer-dolmetscher.html\" target=\"_blank\">\u00dcbersetzer*in und Dolmetscher*in<\/a> gl\u00fccklich werden. Um sich in diesem Beruf ausbilden zu lassen, ben\u00f6tigen Sie das Fach-(Abitur) oder die abgeschlossene <a rel=\"noreferrer noopener\" aria-label=\"Ausbildung zum*r Fremdsprachenkorrespondent*in (\u00f6ffnet in neuem Tab)\" href=\"https:\/\/www.euroakademie.de\/ausbildung\/fremdsprachen-internationales\/fremdsprachenkorrespondent.html\" target=\"_blank\">Ausbildung zum*r Fremdsprachenkorrespondent*in<\/a>.  W\u00e4hrend \u00dcbersetzer*innen sich um die schriftliche \u00dcbertragung von Texten in eine andere Sprache k\u00fcmmern, sind Dolmetscher*innen f\u00fcr die m\u00fcndliche \u00dcbersetzung bei internationalen Veranstaltungen, Kongressen oder auch bei Gericht gefragte Personen. <\/p>\n\n\n\n<p>Mit der Ausbildung zum*r \u00dcbersetzer*in und Dolmetscher*in haben Sie die M\u00f6glichkeit, in beiden Bereichen zu arbeiten. Die meisten aber entdecken ihre Leidenschaft entweder f\u00fcr das \u00dcbersetzen, das sie ganz introvertiert in Ruhe vom Schreibtisch aus erledigen k\u00f6nnen, oder f\u00fcr das Dolmetschen, das spontan aus dem Moment heraus und oft vor vielen Menschen passieren muss. <\/p>\n\n\n\n<h2 class=\"wp-block-heading\">International Administration Manager ESA: Bahn frei f\u00fcr eine internationale Karriere!<\/h2>\n\n\n\n<p>Der <a rel=\"noreferrer noopener\" aria-label=\"ESA-Bildungsgang &quot;International Administration Manager ESA&quot; (\u00f6ffnet in neuem Tab)\" href=\"https:\/\/www.euroakademie.de\/ausbildung\/wirtschaft-management\/international-administration-manager-esa.html\" target=\"_blank\">ESA-Bildungsgang &#8222;International Administration Manager ESA&#8220;<\/a> kann in drei verschiedenen Schwerpunkten absolviert werden: Office Management, Marketing Management und Tourismus &amp; Event. In allen drei Fachrichtungen ist die Vermittlung von Fremdpsrachen und wirtschaftswissenschaftlichem Wissen ein wichtiger Bestandteil der Ausbildung. Das Besondere: Durch die Kooperation mit den European Schools for Higher Education in Administration and Management (ESA), ist der Bildungsgang national und international vergleichbar und anerkannt. <\/p>\n\n\n\n<p>Sie lieben Sprachen und Themen aus der Wirtschaft? Dann k\u00f6nnte der Schwerpunkt <a href=\"https:\/\/www.euroakademie.de\/ausbildung\/wirtschaft-management\/international-administration-manager-esa\/fachrichtung-office-management-europasekretaer.html\" target=\"_blank\" rel=\"noreferrer noopener\" aria-label=\"Office Management (\u00f6ffnet in neuem Tab)\">Office Management<\/a> zu Ihnen passen. W\u00e4hrend der Ausbildung erlernen oder vertiefen Sie drei Fremdsprachen, erwerben wirtschaftswissenschaftliche Fachkompetenz und bekommen unter anderem Kenntnisse im Projektmanagement und in Pr\u00e4sentationstechniken vermittelt. <\/p>\n\n\n\n<p>Sie wollten schon immer ein Unternehmen mit seinen St\u00e4rken ganz nach vorne bringen, interessieren sich f\u00fcr Gestaltung und Kommunikation? Dann ist der Schwerpunkt <a rel=\"noreferrer noopener\" aria-label=\"Marketing Management (\u00f6ffnet in neuem Tab)\" href=\"https:\/\/www.euroakademie.de\/ausbildung\/wirtschaft-management\/international-administration-manager-esa\/fachrichtung-marketing-management.html\" target=\"_blank\">Marketing Management<\/a> sicher die passende Wahl. Hier stehen, zus\u00e4tzlich zu zwei Fremdsprachen, spannende Inhalte aus Werbung, Design, Marketing, Public Relations und Kommunikationspolitik auf dem Lehrplan. Auch hier sind Projektmanagement und F\u00fchrungspsychologie Inhalte, die auf dem sp\u00e4teren Berufsweg weiterhelfen.<\/p>\n\n\n\n<p>Sie interessieren sich f\u00fcr andere Kulturen und L\u00e4nder? Lieben es, selbst unterwegs zu sein und Reisen zu planen? Au\u00dferdem organisieren Sie gerne und haben Freude daran, Events zu etwas Unvergesslichem zu machen? Dann legen wir Ihnen die Fachrichtung <a href=\"https:\/\/www.euroakademie.de\/ausbildung\/wirtschaft-management\/international-administration-manager-esa\/fachrichtung-tourism-event-management.html\" target=\"_blank\" rel=\"noreferrer noopener\" aria-label=\"Tourismus &amp; Event (\u00f6ffnet in neuem Tab)\">Tourismus &amp; Event<\/a> ans Herz.<\/p>\n\n\n\n<h2 class=\"wp-block-heading\">Sportlich<em> <\/em>unterwegs <\/h2>\n\n\n\n<p>Wenn Sie als Sportler*in dort arbeiten wollen, wo andere ihre Freizeit verbringen, ist die Zusatzqualifikation <a rel=\"noreferrer noopener\" aria-label=\"Sportmanagementassistent*in (\u00f6ffnet in neuem Tab)\" href=\"https:\/\/www.euroakademie.de\/ausbildung\/wirtschaft-management\/sportmanagementassistent.html\" target=\"_blank\">Sportmanagementassistent*in<\/a> interessant f\u00fcr Sie. Die Voraussetzung: Sie haben Ihre*n <a href=\"https:\/\/www.euroakademie.de\/ausbildung\/wirtschaft-management\/kaufmaennischer-assistent.html\" target=\"_blank\" rel=\"noreferrer noopener\" aria-label=\"Kaufm\u00e4nnische*n Assistent*in (\u00f6ffnet in neuem Tab)\">Kaufm\u00e4nnische*n Assistent*in<\/a> bereits in der Tasche und m\u00f6chten sich jetzt mit kaufm\u00e4nnischem Know-how Ihrem Lieblingsthema Sport widmen. <\/p>\n\n\n\n<p>Als Sportmanagementassistent*in arbeiten Sie in Sportvereinen, Sportverb\u00e4nden, im Vertrieb und Handel von Sportartikeln, f\u00fcr Sportmodelabels sowie Sportorganisationen. Und wenn Sie die Branche irgendwann mal wechseln wollen, steht dem nichts im Wege. Sie haben ja noch Ihre Ausbildung als Kaufm\u00e4nnische*r Assistent*in in petto.  <\/p>\n\n\n\n<h3 class=\"wp-block-heading\">Das k\u00f6nnen Sie als Sportmanagementassistent*in tun: <\/h3>\n\n\n\n<p> \u2022 Sportst\u00e4tten und Fitnessstudios leiten<br> \u2022 Sportevents organisieren<br> \u2022 im Sportmarketing, Sportartikelmarketing t\u00e4tig sein <br> \u2022 das Veranstaltungsmanagement f\u00fcr Sportveranstaltungen \u00fcbernehmen<\/p>\n\n\n\n<p>\u00dcbrigens: Sollten Ihnen in Ihrer B\u00fcrokarriere doch einmal irgendwo graue B\u00fcroteppiche und verstaubte Aktenordner begegnen \u2013 andere Unternehmen haben auch sch\u00f6ne R\u00e4ume f\u00fcr bestens qualifizierte Fachkr\u00e4fte. <\/p>\n\n\n\n<div class=\"wp-block-buttons is-content-justification-center is-layout-flex wp-container-core-buttons-is-layout-16018d1d wp-block-buttons-is-layout-flex\">\n<div class=\"wp-block-button has-custom-font-size has-regular-font-size\"><a class=\"wp-block-button__link has-white-color has-text-color has-background wp-element-button\" href=\"https:\/\/www.euroakademie.de\/bildungsangebote\/ausbildung\" style=\"background-color:#00305d;padding-top:var(--wp--preset--spacing--30);padding-right:var(--wp--preset--spacing--20);padding-bottom:var(--wp--preset--spacing--30);padding-left:var(--wp--preset--spacing--20)\"> Sind Sie auf den B\u00fcro-Geschmack gekommen oder denken, dass Sie woanders  doch besser aufgehoben w\u00e4ren? Wir haben noch viele weitere Ausbildungen  im Programm \u2013 bummeln Sie doch einfach gleich mal durch unsere  Ausbildungslandschaft! <\/a><\/div>\n<\/div>\n\n\n\n<p><em>Bildquelle Beitragsbild: \u00a9 Monkey Business Images \/ shutterstock.com<\/em><br><\/p>\n","protected":false},"excerpt":{"rendered":"<p>Sesselpupser*in ist wohl nur eine der nicht allzu netten Bezeichnungen f\u00fcr jene, die vom Schreibtisch aus ihre Arbeit erledigen. Dass diese Berufe keineswegs langweilig sind und einige bestechende Vorteile bieten, beweisen wir Ihnen jetzt.<\/p>\n","protected":false},"author":58,"featured_media":15311,"comment_status":"closed","ping_status":"closed","sticky":false,"template":"","format":"standard","meta":{"footnotes":""},"categories":[13,118,46],"tags":[1714,4450],"class_list":{"0":"post-15306","1":"post","2":"type-post","3":"status-publish","4":"format-standard","5":"has-post-thumbnail","7":"category-fremdsprachen-internationales","8":"category-im-fokus","9":"category-wirtschaft-management","10":"tag-buerojob","11":"tag-kaufmaennische-ausbildung"},"yoast_head":"<!-- This site is optimized with the Yoast SEO plugin v23.5 - https:\/\/yoast.com\/wordpress\/plugins\/seo\/ -->\n<title>Ausbildung in B\u00fcro und Co.? Aber ja doch! \/ Euro Akademie Magazin<\/title>\n<meta name=\"description\" content=\"Wer seine F\u00fc\u00dfe gerne im Trockenen hat, es mag, konzeptionell zu arbeiten, Fremdsprachen liebt, gerne organisiert, kann mit einem B\u00fcroberuf gl\u00fccklich werden.\" \/>\n<meta name=\"robots\" content=\"index, follow, max-snippet:-1, max-image-preview:large, max-video-preview:-1\" \/>\n<link rel=\"canonical\" href=\"https:\/\/www.euroakademie.de\/magazin\/ausbildung-in-buero-und-co\/\" \/>\n<meta property=\"og:locale\" content=\"de_DE\" \/>\n<meta property=\"og:type\" content=\"article\" \/>\n<meta property=\"og:title\" content=\"Ausbildung in B\u00fcro und Co.? Aber ja doch! \/ Euro Akademie Magazin\" \/>\n<meta property=\"og:description\" content=\"Wer seine F\u00fc\u00dfe gerne im Trockenen hat, es mag, konzeptionell zu arbeiten, Fremdsprachen liebt, gerne organisiert, kann mit einem B\u00fcroberuf gl\u00fccklich werden.\" \/>\n<meta property=\"og:url\" content=\"https:\/\/www.euroakademie.de\/magazin\/ausbildung-in-buero-und-co\/\" \/>\n<meta property=\"og:site_name\" content=\"Das Euro Akademie Magazin\" \/>\n<meta property=\"article:published_time\" content=\"2021-11-16T12:14:51+00:00\" \/>\n<meta property=\"article:modified_time\" content=\"2024-12-04T14:06:18+00:00\" \/>\n<meta property=\"og:image\" content=\"https:\/\/www.euroakademie.de\/magazin\/wp-content\/uploads\/2021\/11\/shutterstock_796346011_702x336.jpg\" \/>\n\t<meta property=\"og:image:width\" content=\"702\" \/>\n\t<meta property=\"og:image:height\" content=\"336\" \/>\n\t<meta property=\"og:image:type\" content=\"image\/jpeg\" \/>\n<meta name=\"author\" content=\"Tanja H\u00f6fling\" \/>\n<meta name=\"twitter:card\" content=\"summary_large_image\" \/>\n<meta name=\"twitter:label1\" content=\"Verfasst von\" \/>\n\t<meta name=\"twitter:data1\" content=\"Tanja H\u00f6fling\" \/>\n\t<meta name=\"twitter:label2\" content=\"Gesch\u00e4tzte Lesezeit\" \/>\n\t<meta name=\"twitter:data2\" content=\"1\u00a0Minute\" \/>\n<script type=\"application\/ld+json\" class=\"yoast-schema-graph\">{\"@context\":\"https:\/\/schema.org\",\"@graph\":[{\"@type\":\"Article\",\"@id\":\"https:\/\/www.euroakademie.de\/magazin\/ausbildung-in-buero-und-co\/#article\",\"isPartOf\":{\"@id\":\"https:\/\/www.euroakademie.de\/magazin\/ausbildung-in-buero-und-co\/\"},\"author\":{\"name\":\"Tanja H\u00f6fling\",\"@id\":\"https:\/\/www.euroakademie.de\/magazin\/#\/schema\/person\/2c0d3896d19e86373c87f4ac022d4919\"},\"headline\":\"Ausbildung in B\u00fcro und Co.? Aber ja doch!\",\"datePublished\":\"2021-11-16T12:14:51+00:00\",\"dateModified\":\"2024-12-04T14:06:18+00:00\",\"mainEntityOfPage\":{\"@id\":\"https:\/\/www.euroakademie.de\/magazin\/ausbildung-in-buero-und-co\/\"},\"wordCount\":980,\"publisher\":{\"@id\":\"https:\/\/www.euroakademie.de\/magazin\/#organization\"},\"image\":{\"@id\":\"https:\/\/www.euroakademie.de\/magazin\/ausbildung-in-buero-und-co\/#primaryimage\"},\"thumbnailUrl\":\"https:\/\/www.euroakademie.de\/magazin\/wp-content\/uploads\/2021\/11\/shutterstock_796346011_702x336.jpg\",\"keywords\":[\"B\u00fcrojob\",\"kaufm\u00e4nnische Ausbildung\"],\"articleSection\":[\"Fremdsprachen &amp; Internationales\",\"Im Fokus\",\"Wirtschaft &amp; Management\"],\"inLanguage\":\"de\"},{\"@type\":\"WebPage\",\"@id\":\"https:\/\/www.euroakademie.de\/magazin\/ausbildung-in-buero-und-co\/\",\"url\":\"https:\/\/www.euroakademie.de\/magazin\/ausbildung-in-buero-und-co\/\",\"name\":\"Ausbildung in B\u00fcro und Co.? Aber ja doch! \/ Euro Akademie Magazin\",\"isPartOf\":{\"@id\":\"https:\/\/www.euroakademie.de\/magazin\/#website\"},\"primaryImageOfPage\":{\"@id\":\"https:\/\/www.euroakademie.de\/magazin\/ausbildung-in-buero-und-co\/#primaryimage\"},\"image\":{\"@id\":\"https:\/\/www.euroakademie.de\/magazin\/ausbildung-in-buero-und-co\/#primaryimage\"},\"thumbnailUrl\":\"https:\/\/www.euroakademie.de\/magazin\/wp-content\/uploads\/2021\/11\/shutterstock_796346011_702x336.jpg\",\"datePublished\":\"2021-11-16T12:14:51+00:00\",\"dateModified\":\"2024-12-04T14:06:18+00:00\",\"description\":\"Wer seine F\u00fc\u00dfe gerne im Trockenen hat, es mag, konzeptionell zu arbeiten, Fremdsprachen liebt, gerne organisiert, kann mit einem B\u00fcroberuf gl\u00fccklich werden.\",\"breadcrumb\":{\"@id\":\"https:\/\/www.euroakademie.de\/magazin\/ausbildung-in-buero-und-co\/#breadcrumb\"},\"inLanguage\":\"de\",\"potentialAction\":[{\"@type\":\"ReadAction\",\"target\":[\"https:\/\/www.euroakademie.de\/magazin\/ausbildung-in-buero-und-co\/\"]}]},{\"@type\":\"ImageObject\",\"inLanguage\":\"de\",\"@id\":\"https:\/\/www.euroakademie.de\/magazin\/ausbildung-in-buero-und-co\/#primaryimage\",\"url\":\"https:\/\/www.euroakademie.de\/magazin\/wp-content\/uploads\/2021\/11\/shutterstock_796346011_702x336.jpg\",\"contentUrl\":\"https:\/\/www.euroakademie.de\/magazin\/wp-content\/uploads\/2021\/11\/shutterstock_796346011_702x336.jpg\",\"width\":702,\"height\":336,\"caption\":\"\"},{\"@type\":\"BreadcrumbList\",\"@id\":\"https:\/\/www.euroakademie.de\/magazin\/ausbildung-in-buero-und-co\/#breadcrumb\",\"itemListElement\":[{\"@type\":\"ListItem\",\"position\":1,\"name\":\"Startseite\",\"item\":\"https:\/\/www.euroakademie.de\/magazin\/\"},{\"@type\":\"ListItem\",\"position\":2,\"name\":\"Ausbildung in B\u00fcro und Co.? Aber ja doch!\"}]},{\"@type\":\"WebSite\",\"@id\":\"https:\/\/www.euroakademie.de\/magazin\/#website\",\"url\":\"https:\/\/www.euroakademie.de\/magazin\/\",\"name\":\"Das Euro Akademie Magazin\",\"description\":\"Gut informiert durch Ausbildung und Studium\",\"publisher\":{\"@id\":\"https:\/\/www.euroakademie.de\/magazin\/#organization\"},\"potentialAction\":[{\"@type\":\"SearchAction\",\"target\":{\"@type\":\"EntryPoint\",\"urlTemplate\":\"https:\/\/www.euroakademie.de\/magazin\/?s={search_term_string}\"},\"query-input\":{\"@type\":\"PropertyValueSpecification\",\"valueRequired\":true,\"valueName\":\"search_term_string\"}}],\"inLanguage\":\"de\"},{\"@type\":\"Organization\",\"@id\":\"https:\/\/www.euroakademie.de\/magazin\/#organization\",\"name\":\"ESO Education Group\",\"url\":\"https:\/\/www.euroakademie.de\/magazin\/\",\"logo\":{\"@type\":\"ImageObject\",\"inLanguage\":\"de\",\"@id\":\"https:\/\/www.euroakademie.de\/magazin\/#\/schema\/logo\/image\/\",\"url\":\"https:\/\/relaunch.euroakademie.de\/magazin\/wp-content\/uploads\/2024\/11\/Logo_EA_negativ_Rahmen_5cm_300dpi_RGB.jpg\",\"contentUrl\":\"https:\/\/relaunch.euroakademie.de\/magazin\/wp-content\/uploads\/2024\/11\/Logo_EA_negativ_Rahmen_5cm_300dpi_RGB.jpg\",\"width\":591,\"height\":236,\"caption\":\"ESO Education Group\"},\"image\":{\"@id\":\"https:\/\/www.euroakademie.de\/magazin\/#\/schema\/logo\/image\/\"}},{\"@type\":\"Person\",\"@id\":\"https:\/\/www.euroakademie.de\/magazin\/#\/schema\/person\/2c0d3896d19e86373c87f4ac022d4919\",\"name\":\"Tanja H\u00f6fling\",\"description\":\"Von Juli 2017 bis Juli 2022 informierte die ehemalige Online-Redakteurin des Euro Akademie Magazins regelm\u00e4\u00dfig \u00fcber Aktuelles und Wissenswertes zu den Themen Ausbildung, Studium und Beruf.\",\"url\":\"https:\/\/www.euroakademie.de\/magazin\/author\/hoeflingt\/\"}]}<\/script>\n<!-- \/ Yoast SEO plugin. -->","yoast_head_json":{"title":"Ausbildung in B\u00fcro und Co.? Aber ja doch! \/ Euro Akademie Magazin","description":"Wer seine F\u00fc\u00dfe gerne im Trockenen hat, es mag, konzeptionell zu arbeiten, Fremdsprachen liebt, gerne organisiert, kann mit einem B\u00fcroberuf gl\u00fccklich werden.","robots":{"index":"index","follow":"follow","max-snippet":"max-snippet:-1","max-image-preview":"max-image-preview:large","max-video-preview":"max-video-preview:-1"},"canonical":"https:\/\/www.euroakademie.de\/magazin\/ausbildung-in-buero-und-co\/","og_locale":"de_DE","og_type":"article","og_title":"Ausbildung in B\u00fcro und Co.? Aber ja doch! \/ Euro Akademie Magazin","og_description":"Wer seine F\u00fc\u00dfe gerne im Trockenen hat, es mag, konzeptionell zu arbeiten, Fremdsprachen liebt, gerne organisiert, kann mit einem B\u00fcroberuf gl\u00fccklich werden.","og_url":"https:\/\/www.euroakademie.de\/magazin\/ausbildung-in-buero-und-co\/","og_site_name":"Das Euro Akademie Magazin","article_published_time":"2021-11-16T12:14:51+00:00","article_modified_time":"2024-12-04T14:06:18+00:00","og_image":[{"width":702,"height":336,"url":"https:\/\/www.euroakademie.de\/magazin\/wp-content\/uploads\/2021\/11\/shutterstock_796346011_702x336.jpg","type":"image\/jpeg"}],"author":"Tanja H\u00f6fling","twitter_card":"summary_large_image","twitter_misc":{"Verfasst von":"Tanja H\u00f6fling","Gesch\u00e4tzte Lesezeit":"1\u00a0Minute"},"schema":{"@context":"https:\/\/schema.org","@graph":[{"@type":"Article","@id":"https:\/\/www.euroakademie.de\/magazin\/ausbildung-in-buero-und-co\/#article","isPartOf":{"@id":"https:\/\/www.euroakademie.de\/magazin\/ausbildung-in-buero-und-co\/"},"author":{"name":"Tanja H\u00f6fling","@id":"https:\/\/www.euroakademie.de\/magazin\/#\/schema\/person\/2c0d3896d19e86373c87f4ac022d4919"},"headline":"Ausbildung in B\u00fcro und Co.? Aber ja doch!","datePublished":"2021-11-16T12:14:51+00:00","dateModified":"2024-12-04T14:06:18+00:00","mainEntityOfPage":{"@id":"https:\/\/www.euroakademie.de\/magazin\/ausbildung-in-buero-und-co\/"},"wordCount":980,"publisher":{"@id":"https:\/\/www.euroakademie.de\/magazin\/#organization"},"image":{"@id":"https:\/\/www.euroakademie.de\/magazin\/ausbildung-in-buero-und-co\/#primaryimage"},"thumbnailUrl":"https:\/\/www.euroakademie.de\/magazin\/wp-content\/uploads\/2021\/11\/shutterstock_796346011_702x336.jpg","keywords":["B\u00fcrojob","kaufm\u00e4nnische Ausbildung"],"articleSection":["Fremdsprachen &amp; Internationales","Im Fokus","Wirtschaft &amp; Management"],"inLanguage":"de"},{"@type":"WebPage","@id":"https:\/\/www.euroakademie.de\/magazin\/ausbildung-in-buero-und-co\/","url":"https:\/\/www.euroakademie.de\/magazin\/ausbildung-in-buero-und-co\/","name":"Ausbildung in B\u00fcro und Co.? Aber ja doch! \/ Euro Akademie Magazin","isPartOf":{"@id":"https:\/\/www.euroakademie.de\/magazin\/#website"},"primaryImageOfPage":{"@id":"https:\/\/www.euroakademie.de\/magazin\/ausbildung-in-buero-und-co\/#primaryimage"},"image":{"@id":"https:\/\/www.euroakademie.de\/magazin\/ausbildung-in-buero-und-co\/#primaryimage"},"thumbnailUrl":"https:\/\/www.euroakademie.de\/magazin\/wp-content\/uploads\/2021\/11\/shutterstock_796346011_702x336.jpg","datePublished":"2021-11-16T12:14:51+00:00","dateModified":"2024-12-04T14:06:18+00:00","description":"Wer seine F\u00fc\u00dfe gerne im Trockenen hat, es mag, konzeptionell zu arbeiten, Fremdsprachen liebt, gerne organisiert, kann mit einem B\u00fcroberuf gl\u00fccklich werden.","breadcrumb":{"@id":"https:\/\/www.euroakademie.de\/magazin\/ausbildung-in-buero-und-co\/#breadcrumb"},"inLanguage":"de","potentialAction":[{"@type":"ReadAction","target":["https:\/\/www.euroakademie.de\/magazin\/ausbildung-in-buero-und-co\/"]}]},{"@type":"ImageObject","inLanguage":"de","@id":"https:\/\/www.euroakademie.de\/magazin\/ausbildung-in-buero-und-co\/#primaryimage","url":"https:\/\/www.euroakademie.de\/magazin\/wp-content\/uploads\/2021\/11\/shutterstock_796346011_702x336.jpg","contentUrl":"https:\/\/www.euroakademie.de\/magazin\/wp-content\/uploads\/2021\/11\/shutterstock_796346011_702x336.jpg","width":702,"height":336,"caption":""},{"@type":"BreadcrumbList","@id":"https:\/\/www.euroakademie.de\/magazin\/ausbildung-in-buero-und-co\/#breadcrumb","itemListElement":[{"@type":"ListItem","position":1,"name":"Startseite","item":"https:\/\/www.euroakademie.de\/magazin\/"},{"@type":"ListItem","position":2,"name":"Ausbildung in B\u00fcro und Co.? Aber ja doch!"}]},{"@type":"WebSite","@id":"https:\/\/www.euroakademie.de\/magazin\/#website","url":"https:\/\/www.euroakademie.de\/magazin\/","name":"Das Euro Akademie Magazin","description":"Gut informiert durch Ausbildung und Studium","publisher":{"@id":"https:\/\/www.euroakademie.de\/magazin\/#organization"},"potentialAction":[{"@type":"SearchAction","target":{"@type":"EntryPoint","urlTemplate":"https:\/\/www.euroakademie.de\/magazin\/?s={search_term_string}"},"query-input":{"@type":"PropertyValueSpecification","valueRequired":true,"valueName":"search_term_string"}}],"inLanguage":"de"},{"@type":"Organization","@id":"https:\/\/www.euroakademie.de\/magazin\/#organization","name":"ESO Education Group","url":"https:\/\/www.euroakademie.de\/magazin\/","logo":{"@type":"ImageObject","inLanguage":"de","@id":"https:\/\/www.euroakademie.de\/magazin\/#\/schema\/logo\/image\/","url":"https:\/\/relaunch.euroakademie.de\/magazin\/wp-content\/uploads\/2024\/11\/Logo_EA_negativ_Rahmen_5cm_300dpi_RGB.jpg","contentUrl":"https:\/\/relaunch.euroakademie.de\/magazin\/wp-content\/uploads\/2024\/11\/Logo_EA_negativ_Rahmen_5cm_300dpi_RGB.jpg","width":591,"height":236,"caption":"ESO Education Group"},"image":{"@id":"https:\/\/www.euroakademie.de\/magazin\/#\/schema\/logo\/image\/"}},{"@type":"Person","@id":"https:\/\/www.euroakademie.de\/magazin\/#\/schema\/person\/2c0d3896d19e86373c87f4ac022d4919","name":"Tanja H\u00f6fling","description":"Von Juli 2017 bis Juli 2022 informierte die ehemalige Online-Redakteurin des Euro Akademie Magazins regelm\u00e4\u00dfig \u00fcber Aktuelles und Wissenswertes zu den Themen Ausbildung, Studium und Beruf.","url":"https:\/\/www.euroakademie.de\/magazin\/author\/hoeflingt\/"}]}},"_links":{"self":[{"href":"https:\/\/www.euroakademie.de\/magazin\/wp-json\/wp\/v2\/posts\/15306","targetHints":{"allow":["GET"]}}],"collection":[{"href":"https:\/\/www.euroakademie.de\/magazin\/wp-json\/wp\/v2\/posts"}],"about":[{"href":"https:\/\/www.euroakademie.de\/magazin\/wp-json\/wp\/v2\/types\/post"}],"author":[{"embeddable":true,"href":"https:\/\/www.euroakademie.de\/magazin\/wp-json\/wp\/v2\/users\/58"}],"replies":[{"embeddable":true,"href":"https:\/\/www.euroakademie.de\/magazin\/wp-json\/wp\/v2\/comments?post=15306"}],"version-history":[{"count":2,"href":"https:\/\/www.euroakademie.de\/magazin\/wp-json\/wp\/v2\/posts\/15306\/revisions"}],"predecessor-version":[{"id":25638,"href":"https:\/\/www.euroakademie.de\/magazin\/wp-json\/wp\/v2\/posts\/15306\/revisions\/25638"}],"wp:featuredmedia":[{"embeddable":true,"href":"https:\/\/www.euroakademie.de\/magazin\/wp-json\/wp\/v2\/media\/15311"}],"wp:attachment":[{"href":"https:\/\/www.euroakademie.de\/magazin\/wp-json\/wp\/v2\/media?parent=15306"}],"wp:term":[{"taxonomy":"category","embeddable":true,"href":"https:\/\/www.euroakademie.de\/magazin\/wp-json\/wp\/v2\/categories?post=15306"},{"taxonomy":"post_tag","embeddable":true,"href":"https:\/\/www.euroakademie.de\/magazin\/wp-json\/wp\/v2\/tags?post=15306"}],"curies":[{"name":"wp","href":"https:\/\/api.w.org\/{rel}","templated":true}]}}