{"id":15673,"date":"2022-02-11T11:21:46","date_gmt":"2022-02-11T10:21:46","guid":{"rendered":"https:\/\/www.euroakademie.de\/magazin\/?p=15673"},"modified":"2024-12-04T13:03:51","modified_gmt":"2024-12-04T12:03:51","slug":"paedagogik-podcast","status":"publish","type":"post","link":"https:\/\/www.euroakademie.de\/magazin\/paedagogik-podcast\/","title":{"rendered":"Podcast \u201eDu hast die Wahl!\u201c mit zwei angehenden Erzieherinnen"},"content":{"rendered":"<p><![CDATA[\n<\/p>\n\n\n<p><strong>&#8222;Du hast die Wahl!&#8220; hei\u00dft der neue P\u00e4dagogik-Podcast von zwei Studierenden der Erzieherausbildung an der Euro Akademie Berlin. Die erste Folge des Podcasts von Celine Uth und Sophia Zeidler dreht sich um das Thema Partizipation. Warum ist Partizipation in der p\u00e4dagogischen Arbeit so wichtig? Wann st\u00f6\u00dft die Partizipation in Kita und Kindergarten an ihre Grenzen? Und welche Erfahrungen haben die beiden angehenden Erzieherinnen in ihren Praktika gesammelt? All das erfahren Sie in der Pilotfolge des Podcasts. Hier k\u00f6nnen Sie gleich reinh\u00f6ren.<\/strong><\/p>\n\n\n\n<figure class=\"wp-block-audio aligncenter\"><audio controls src=\"https:\/\/relaunch.euroakademie.de\/magazin\/wp-content\/uploads\/2022\/02\/Pilot_Podcast_Du_hast_die_Wahl_neu.mp3\"><\/audio><figcaption class=\"wp-element-caption\">Du hast die Wahl! Folge 1: Partizipation<\/figcaption><\/figure>\n\n\n\n<p>Podcasts erfreuen sich gro\u00dfer Beliebtheit. So gibt es mittlerweile eigentlich fast kein (Special-Interest-)Thema mehr, zu dem nicht mindestens ein deutschsprachiges Audio-Format existiert, in welchem feste Pr\u00e4sentator*innen, die sich f\u00fcr ein bestimmtes Fachgebiet oder Hobby begeistern, regelm\u00e4\u00dfig ausf\u00fchrlich dar\u00fcber sprechen und dazu mitunter auch G\u00e4ste in ihre Sendung einladen.<\/p>\n\n\n\n<div class=\"wp-block-buttons is-content-justification-center is-layout-flex wp-container-core-buttons-is-layout-16018d1d wp-block-buttons-is-layout-flex\">\n<div class=\"wp-block-button has-custom-font-size has-regular-font-size\"><a class=\"wp-block-button__link has-white-color has-text-color has-background has-link-color wp-element-button\" href=\"https:\/\/www.euroakademie.de\/berlin\/bildungsangebote\/alle-bildungsangebote?typ[]=Ausbildung\" style=\"background-color:#c5122c;padding-top:var(--wp--preset--spacing--30);padding-right:var(--wp--preset--spacing--20);padding-bottom:var(--wp--preset--spacing--30);padding-left:var(--wp--preset--spacing--20)\">Sie wohnen in Berlin und streben eine Ausbildung in der Hauptstadt an? Dann sollten Sie sich unbedingt das Ausbildungsangebot an der Euro Akademie Berlin anschauen.<\/a><\/div>\n<\/div>\n\n\n\n<h2 class=\"wp-block-heading\"><strong>Neues Format startet mit Fachgespr\u00e4ch \u00fcber das Thema Partizipation<\/strong><\/h2>\n\n\n\n<p>Jetzt ist die gro\u00dfe Welt der Podcasts um eine Attraktion reicher. Denn Celina Uth und Sophia Zeidler, zwei Studierende im&nbsp;<a rel=\"noreferrer noopener\" aria-label=\" (\u00f6ffnet in neuem Tab)\" href=\"https:\/\/www.euroakademie.de\/standorte\/berlin\/ausbildung\/erzieher.html\" target=\"_blank\">Ausbildungsgang Erzieher*in (Vollzeit) an der Euro Akademie Berlin<\/a>, pr\u00e4sentierten vor Kurzem erstmals ihren&nbsp;Podcast&nbsp;<strong>\u201eDu hast die Wahl!\u201c<\/strong>. In der Pilotfolge des von ihnen entwickelten Formats, das im Rahmen einer Gruppenarbeit in der Klasse EZ 212 entstanden ist, steht das Thema Partizipation im Mittelpunkt. Etwas mehr als 15 Minuten dauert die Sendung \u2013 und damit ungef\u00e4hr genauso lange wie eine Ausgabe der 20-Uhr-Tagesschau.<\/p>\n\n\n\n<h2 class=\"wp-block-heading\"><strong>Lebhafte Debatte<\/strong><\/h2>\n\n\n\n<p>In ihrem Gespr\u00e4ch verdeutlichen die beiden angehenden Erzieherinnen den Zuh\u00f6rer*innen, warum die Partizipation einen \u00fcberaus \u201ewichtigen Punkt in der p\u00e4dagogischen Arbeit\u201c darstellt. Sie berichten in diesem Zusammenhang unter anderem vopositiven wie negativen Erfahrungen, die sie selbst bei Praktika in Kindertagesst\u00e4tten sammeln konnten.<\/p>\n\n\n\n<p>Celine Uth und Sophia Zeidler tauschen aber auch Argumente aus, wo das lobenswerte Vorhaben, als Erzieher*in bewusst auf einen Teil der eigenen Macht bzw. Befugnisse zu verzichten, um (ganz) kleinen Kindern Vertrauen entgegenzubringen und ihnen Verantwortung zu \u00fcbertragen, an seine Grenzen st\u00f6\u00dft.<\/p>\n\n\n\n<p>Durch die Partizipation \u2013 da jedoch sind sich die beiden Auszubildenden schnell einig \u2013 werde zu einem fr\u00fchen Zeitpunkt in der geistigen und k\u00f6rperlichen Entwicklung von keinen Menschen der Grundstein gelegt, die n\u00f6tigen Kompetenzen zu erwerben, um beispielsweise den eigenen Standpunkt \u00e4u\u00dfern, Meinungsverschiedenheiten austragen und langfristig an allen demokratischen Prozessen teilhaben zu k\u00f6nnen.<\/p>\n\n\n\n<h2 class=\"wp-block-heading\"><strong>Idee der Partizipation wird noch zu wenig gelebt<\/strong><\/h2>\n\n\n\n<p>Vielerorts werde das Konzept der Partizipation bislang allerdings kaum umgesetzt, weil es f\u00fcr viele Erzieher*innen bequemer sei, Kindern Entscheidungen von Vornherein abzunehmen. Die Schutzbefohlenen w\u00fcrden von Erzieher*innen demnach z.B. h\u00e4ufig nur deshalb nach ihren W\u00fcnschen f\u00fcr die n\u00e4chste Gruppenaktivit\u00e4t gefragt, \u201eum gefragt zu haben\u201c, sprich die Kinder lediglich dar\u00fcber zu informieren, was die sozialp\u00e4dagogische Fachkraft geplant hat. Kompetenzen g\u00e4ben die meisten Erwachsenen, die in einer Kita arbeiten, folglich nur sehr selten an ihre Sch\u00fctzlinge ab.<\/p>\n\n\n\n<h2 class=\"wp-block-heading\"><strong>Einfach mal reinh\u00f6ren!<\/strong><\/h2>\n\n\n\n<p>Die erste Ausgabe des Podcasts \u201eDu hast die Wahl!\u201c&nbsp;<a rel=\"noreferrer noopener\" href=\"https:\/\/www.euroakademie.de\/fileadmin\/ea_dateien\/standorte\/berlin\/podcast\/pilot_podcast_du_hast_die_wahl_neu.mp3\" target=\"_blank\">steht ab sofort hier zum Download bereit<\/a>. Weitere sollen folgen. An m\u00f6glichen Themen d\u00fcrfte es den beiden engagierten Auszubildenden jedenfalls nicht mangeln.<\/p>\n\n\n\n<p><em>Text: Maximilian Voigt (Marketingbeauftragter des ESO Bildungsraums Berlin Brandenburg)<\/em><\/p>\n\n\n\n<p><\/p>\n","protected":false},"excerpt":{"rendered":"<p>\t\t\t\t<![CDATA[\"Du hast die Wahl!\" hei\u00dft der neue P\u00e4dagogik-Podcast von zwei Studierenden der Erzieherausbildung an der Euro Akademie Berlin. Die erste Folge des Podcasts von Celine Uth und Sophia Zeidler dreht sich um das Thema Partizipation. ]]>\t\t<\/p>\n","protected":false},"author":7,"featured_media":15675,"comment_status":"closed","ping_status":"closed","sticky":false,"template":"","format":"standard","meta":{"footnotes":""},"categories":[73,19],"tags":[],"class_list":{"0":"post-15673","1":"post","2":"type-post","3":"status-publish","4":"format-standard","5":"has-post-thumbnail","7":"category-berlin","8":"category-paedagogik-soziales"},"yoast_head":"<!-- This site is optimized with the Yoast SEO plugin v23.5 - https:\/\/yoast.com\/wordpress\/plugins\/seo\/ -->\n<title>Podcast \u201eDu hast die Wahl!\u201c mit zwei angehenden Erzieherinnen<\/title>\n<meta name=\"description\" content=\"&quot;Du hast die Wahl!&quot; hei\u00dft der neue P\u00e4dagogik-Podcast von angehenden Erzieherinnen der EA Berlin. Die erste Folge dreht sich um das Thema Partizipation.\" \/>\n<meta name=\"robots\" content=\"index, follow, max-snippet:-1, max-image-preview:large, max-video-preview:-1\" \/>\n<link rel=\"canonical\" href=\"https:\/\/www.euroakademie.de\/magazin\/paedagogik-podcast\/\" \/>\n<meta property=\"og:locale\" content=\"de_DE\" \/>\n<meta property=\"og:type\" content=\"article\" \/>\n<meta property=\"og:title\" content=\"Podcast \u201eDu hast die Wahl!\u201c mit zwei angehenden Erzieherinnen\" \/>\n<meta property=\"og:description\" content=\"&quot;Du hast die Wahl!&quot; hei\u00dft der neue P\u00e4dagogik-Podcast von angehenden Erzieherinnen der EA Berlin. Die erste Folge dreht sich um das Thema Partizipation.\" \/>\n<meta property=\"og:url\" content=\"https:\/\/www.euroakademie.de\/magazin\/paedagogik-podcast\/\" \/>\n<meta property=\"og:site_name\" content=\"Das Euro Akademie Magazin\" \/>\n<meta property=\"article:published_time\" content=\"2022-02-11T10:21:46+00:00\" \/>\n<meta property=\"article:modified_time\" content=\"2024-12-04T12:03:51+00:00\" \/>\n<meta property=\"og:image\" content=\"https:\/\/www.euroakademie.de\/magazin\/wp-content\/uploads\/2022\/02\/titelbild_du_hast_die_wahl.jpg\" \/>\n\t<meta property=\"og:image:width\" content=\"702\" \/>\n\t<meta property=\"og:image:height\" content=\"336\" \/>\n\t<meta property=\"og:image:type\" content=\"image\/jpeg\" \/>\n<meta name=\"author\" content=\"Redaktion\" \/>\n<meta name=\"twitter:card\" content=\"summary_large_image\" \/>\n<meta name=\"twitter:label1\" content=\"Verfasst von\" \/>\n\t<meta name=\"twitter:data1\" content=\"Redaktion\" \/>\n\t<meta name=\"twitter:label2\" content=\"Gesch\u00e4tzte Lesezeit\" \/>\n\t<meta name=\"twitter:data2\" content=\"1\u00a0Minute\" \/>\n<script type=\"application\/ld+json\" class=\"yoast-schema-graph\">{\"@context\":\"https:\/\/schema.org\",\"@graph\":[{\"@type\":\"Article\",\"@id\":\"https:\/\/www.euroakademie.de\/magazin\/paedagogik-podcast\/#article\",\"isPartOf\":{\"@id\":\"https:\/\/www.euroakademie.de\/magazin\/paedagogik-podcast\/\"},\"author\":{\"name\":\"Redaktion\",\"@id\":\"https:\/\/www.euroakademie.de\/magazin\/#\/schema\/person\/6c9b7b6db765ee31640d80c936be3686\"},\"headline\":\"Podcast \u201eDu hast die Wahl!\u201c mit zwei angehenden Erzieherinnen\",\"datePublished\":\"2022-02-11T10:21:46+00:00\",\"dateModified\":\"2024-12-04T12:03:51+00:00\",\"mainEntityOfPage\":{\"@id\":\"https:\/\/www.euroakademie.de\/magazin\/paedagogik-podcast\/\"},\"wordCount\":574,\"publisher\":{\"@id\":\"https:\/\/www.euroakademie.de\/magazin\/#organization\"},\"image\":{\"@id\":\"https:\/\/www.euroakademie.de\/magazin\/paedagogik-podcast\/#primaryimage\"},\"thumbnailUrl\":\"https:\/\/www.euroakademie.de\/magazin\/wp-content\/uploads\/2022\/02\/titelbild_du_hast_die_wahl.jpg\",\"articleSection\":[\"Berlin\",\"P\u00e4dagogik &amp; Soziales\"],\"inLanguage\":\"de\"},{\"@type\":\"WebPage\",\"@id\":\"https:\/\/www.euroakademie.de\/magazin\/paedagogik-podcast\/\",\"url\":\"https:\/\/www.euroakademie.de\/magazin\/paedagogik-podcast\/\",\"name\":\"Podcast \u201eDu hast die Wahl!\u201c mit zwei angehenden Erzieherinnen\",\"isPartOf\":{\"@id\":\"https:\/\/www.euroakademie.de\/magazin\/#website\"},\"primaryImageOfPage\":{\"@id\":\"https:\/\/www.euroakademie.de\/magazin\/paedagogik-podcast\/#primaryimage\"},\"image\":{\"@id\":\"https:\/\/www.euroakademie.de\/magazin\/paedagogik-podcast\/#primaryimage\"},\"thumbnailUrl\":\"https:\/\/www.euroakademie.de\/magazin\/wp-content\/uploads\/2022\/02\/titelbild_du_hast_die_wahl.jpg\",\"datePublished\":\"2022-02-11T10:21:46+00:00\",\"dateModified\":\"2024-12-04T12:03:51+00:00\",\"description\":\"\\\"Du hast die Wahl!\\\" hei\u00dft der neue P\u00e4dagogik-Podcast von angehenden Erzieherinnen der EA Berlin. Die erste Folge dreht sich um das Thema Partizipation.\",\"breadcrumb\":{\"@id\":\"https:\/\/www.euroakademie.de\/magazin\/paedagogik-podcast\/#breadcrumb\"},\"inLanguage\":\"de\",\"potentialAction\":[{\"@type\":\"ReadAction\",\"target\":[\"https:\/\/www.euroakademie.de\/magazin\/paedagogik-podcast\/\"]}]},{\"@type\":\"ImageObject\",\"inLanguage\":\"de\",\"@id\":\"https:\/\/www.euroakademie.de\/magazin\/paedagogik-podcast\/#primaryimage\",\"url\":\"https:\/\/www.euroakademie.de\/magazin\/wp-content\/uploads\/2022\/02\/titelbild_du_hast_die_wahl.jpg\",\"contentUrl\":\"https:\/\/www.euroakademie.de\/magazin\/wp-content\/uploads\/2022\/02\/titelbild_du_hast_die_wahl.jpg\",\"width\":702,\"height\":336,\"caption\":\"\"},{\"@type\":\"BreadcrumbList\",\"@id\":\"https:\/\/www.euroakademie.de\/magazin\/paedagogik-podcast\/#breadcrumb\",\"itemListElement\":[{\"@type\":\"ListItem\",\"position\":1,\"name\":\"Startseite\",\"item\":\"https:\/\/www.euroakademie.de\/magazin\/\"},{\"@type\":\"ListItem\",\"position\":2,\"name\":\"Podcast \u201eDu hast die Wahl!\u201c mit zwei angehenden Erzieherinnen\"}]},{\"@type\":\"WebSite\",\"@id\":\"https:\/\/www.euroakademie.de\/magazin\/#website\",\"url\":\"https:\/\/www.euroakademie.de\/magazin\/\",\"name\":\"Das Euro Akademie Magazin\",\"description\":\"Gut informiert durch Ausbildung und Studium\",\"publisher\":{\"@id\":\"https:\/\/www.euroakademie.de\/magazin\/#organization\"},\"potentialAction\":[{\"@type\":\"SearchAction\",\"target\":{\"@type\":\"EntryPoint\",\"urlTemplate\":\"https:\/\/www.euroakademie.de\/magazin\/?s={search_term_string}\"},\"query-input\":{\"@type\":\"PropertyValueSpecification\",\"valueRequired\":true,\"valueName\":\"search_term_string\"}}],\"inLanguage\":\"de\"},{\"@type\":\"Organization\",\"@id\":\"https:\/\/www.euroakademie.de\/magazin\/#organization\",\"name\":\"ESO Education Group\",\"url\":\"https:\/\/www.euroakademie.de\/magazin\/\",\"logo\":{\"@type\":\"ImageObject\",\"inLanguage\":\"de\",\"@id\":\"https:\/\/www.euroakademie.de\/magazin\/#\/schema\/logo\/image\/\",\"url\":\"https:\/\/relaunch.euroakademie.de\/magazin\/wp-content\/uploads\/2024\/11\/Logo_EA_negativ_Rahmen_5cm_300dpi_RGB.jpg\",\"contentUrl\":\"https:\/\/relaunch.euroakademie.de\/magazin\/wp-content\/uploads\/2024\/11\/Logo_EA_negativ_Rahmen_5cm_300dpi_RGB.jpg\",\"width\":591,\"height\":236,\"caption\":\"ESO Education Group\"},\"image\":{\"@id\":\"https:\/\/www.euroakademie.de\/magazin\/#\/schema\/logo\/image\/\"}},{\"@type\":\"Person\",\"@id\":\"https:\/\/www.euroakademie.de\/magazin\/#\/schema\/person\/6c9b7b6db765ee31640d80c936be3686\",\"name\":\"Redaktion\",\"description\":\"Die Redaktion des Euro Akademie Magazins h\u00e4lt Sie regelm\u00e4\u00dfig mit hintergr\u00fcndigen Artikeln auf dem Laufenden. Auf Basis einer fundierten Recherche und mit Spa\u00df am Schreiben erstellen die Redakteur*innen informative und unterhaltsame Inhalte f\u00fcr Sie.\",\"url\":\"https:\/\/www.euroakademie.de\/magazin\/author\/redaktion\/\"}]}<\/script>\n<!-- \/ Yoast SEO plugin. -->","yoast_head_json":{"title":"Podcast \u201eDu hast die Wahl!\u201c mit zwei angehenden Erzieherinnen","description":"\"Du hast die Wahl!\" hei\u00dft der neue P\u00e4dagogik-Podcast von angehenden Erzieherinnen der EA Berlin. Die erste Folge dreht sich um das Thema Partizipation.","robots":{"index":"index","follow":"follow","max-snippet":"max-snippet:-1","max-image-preview":"max-image-preview:large","max-video-preview":"max-video-preview:-1"},"canonical":"https:\/\/www.euroakademie.de\/magazin\/paedagogik-podcast\/","og_locale":"de_DE","og_type":"article","og_title":"Podcast \u201eDu hast die Wahl!\u201c mit zwei angehenden Erzieherinnen","og_description":"\"Du hast die Wahl!\" hei\u00dft der neue P\u00e4dagogik-Podcast von angehenden Erzieherinnen der EA Berlin. Die erste Folge dreht sich um das Thema Partizipation.","og_url":"https:\/\/www.euroakademie.de\/magazin\/paedagogik-podcast\/","og_site_name":"Das Euro Akademie Magazin","article_published_time":"2022-02-11T10:21:46+00:00","article_modified_time":"2024-12-04T12:03:51+00:00","og_image":[{"width":702,"height":336,"url":"https:\/\/www.euroakademie.de\/magazin\/wp-content\/uploads\/2022\/02\/titelbild_du_hast_die_wahl.jpg","type":"image\/jpeg"}],"author":"Redaktion","twitter_card":"summary_large_image","twitter_misc":{"Verfasst von":"Redaktion","Gesch\u00e4tzte Lesezeit":"1\u00a0Minute"},"schema":{"@context":"https:\/\/schema.org","@graph":[{"@type":"Article","@id":"https:\/\/www.euroakademie.de\/magazin\/paedagogik-podcast\/#article","isPartOf":{"@id":"https:\/\/www.euroakademie.de\/magazin\/paedagogik-podcast\/"},"author":{"name":"Redaktion","@id":"https:\/\/www.euroakademie.de\/magazin\/#\/schema\/person\/6c9b7b6db765ee31640d80c936be3686"},"headline":"Podcast \u201eDu hast die Wahl!\u201c mit zwei angehenden Erzieherinnen","datePublished":"2022-02-11T10:21:46+00:00","dateModified":"2024-12-04T12:03:51+00:00","mainEntityOfPage":{"@id":"https:\/\/www.euroakademie.de\/magazin\/paedagogik-podcast\/"},"wordCount":574,"publisher":{"@id":"https:\/\/www.euroakademie.de\/magazin\/#organization"},"image":{"@id":"https:\/\/www.euroakademie.de\/magazin\/paedagogik-podcast\/#primaryimage"},"thumbnailUrl":"https:\/\/www.euroakademie.de\/magazin\/wp-content\/uploads\/2022\/02\/titelbild_du_hast_die_wahl.jpg","articleSection":["Berlin","P\u00e4dagogik &amp; Soziales"],"inLanguage":"de"},{"@type":"WebPage","@id":"https:\/\/www.euroakademie.de\/magazin\/paedagogik-podcast\/","url":"https:\/\/www.euroakademie.de\/magazin\/paedagogik-podcast\/","name":"Podcast \u201eDu hast die Wahl!\u201c mit zwei angehenden Erzieherinnen","isPartOf":{"@id":"https:\/\/www.euroakademie.de\/magazin\/#website"},"primaryImageOfPage":{"@id":"https:\/\/www.euroakademie.de\/magazin\/paedagogik-podcast\/#primaryimage"},"image":{"@id":"https:\/\/www.euroakademie.de\/magazin\/paedagogik-podcast\/#primaryimage"},"thumbnailUrl":"https:\/\/www.euroakademie.de\/magazin\/wp-content\/uploads\/2022\/02\/titelbild_du_hast_die_wahl.jpg","datePublished":"2022-02-11T10:21:46+00:00","dateModified":"2024-12-04T12:03:51+00:00","description":"\"Du hast die Wahl!\" hei\u00dft der neue P\u00e4dagogik-Podcast von angehenden Erzieherinnen der EA Berlin. Die erste Folge dreht sich um das Thema Partizipation.","breadcrumb":{"@id":"https:\/\/www.euroakademie.de\/magazin\/paedagogik-podcast\/#breadcrumb"},"inLanguage":"de","potentialAction":[{"@type":"ReadAction","target":["https:\/\/www.euroakademie.de\/magazin\/paedagogik-podcast\/"]}]},{"@type":"ImageObject","inLanguage":"de","@id":"https:\/\/www.euroakademie.de\/magazin\/paedagogik-podcast\/#primaryimage","url":"https:\/\/www.euroakademie.de\/magazin\/wp-content\/uploads\/2022\/02\/titelbild_du_hast_die_wahl.jpg","contentUrl":"https:\/\/www.euroakademie.de\/magazin\/wp-content\/uploads\/2022\/02\/titelbild_du_hast_die_wahl.jpg","width":702,"height":336,"caption":""},{"@type":"BreadcrumbList","@id":"https:\/\/www.euroakademie.de\/magazin\/paedagogik-podcast\/#breadcrumb","itemListElement":[{"@type":"ListItem","position":1,"name":"Startseite","item":"https:\/\/www.euroakademie.de\/magazin\/"},{"@type":"ListItem","position":2,"name":"Podcast \u201eDu hast die Wahl!\u201c mit zwei angehenden Erzieherinnen"}]},{"@type":"WebSite","@id":"https:\/\/www.euroakademie.de\/magazin\/#website","url":"https:\/\/www.euroakademie.de\/magazin\/","name":"Das Euro Akademie Magazin","description":"Gut informiert durch Ausbildung und Studium","publisher":{"@id":"https:\/\/www.euroakademie.de\/magazin\/#organization"},"potentialAction":[{"@type":"SearchAction","target":{"@type":"EntryPoint","urlTemplate":"https:\/\/www.euroakademie.de\/magazin\/?s={search_term_string}"},"query-input":{"@type":"PropertyValueSpecification","valueRequired":true,"valueName":"search_term_string"}}],"inLanguage":"de"},{"@type":"Organization","@id":"https:\/\/www.euroakademie.de\/magazin\/#organization","name":"ESO Education Group","url":"https:\/\/www.euroakademie.de\/magazin\/","logo":{"@type":"ImageObject","inLanguage":"de","@id":"https:\/\/www.euroakademie.de\/magazin\/#\/schema\/logo\/image\/","url":"https:\/\/relaunch.euroakademie.de\/magazin\/wp-content\/uploads\/2024\/11\/Logo_EA_negativ_Rahmen_5cm_300dpi_RGB.jpg","contentUrl":"https:\/\/relaunch.euroakademie.de\/magazin\/wp-content\/uploads\/2024\/11\/Logo_EA_negativ_Rahmen_5cm_300dpi_RGB.jpg","width":591,"height":236,"caption":"ESO Education Group"},"image":{"@id":"https:\/\/www.euroakademie.de\/magazin\/#\/schema\/logo\/image\/"}},{"@type":"Person","@id":"https:\/\/www.euroakademie.de\/magazin\/#\/schema\/person\/6c9b7b6db765ee31640d80c936be3686","name":"Redaktion","description":"Die Redaktion des Euro Akademie Magazins h\u00e4lt Sie regelm\u00e4\u00dfig mit hintergr\u00fcndigen Artikeln auf dem Laufenden. Auf Basis einer fundierten Recherche und mit Spa\u00df am Schreiben erstellen die Redakteur*innen informative und unterhaltsame Inhalte f\u00fcr Sie.","url":"https:\/\/www.euroakademie.de\/magazin\/author\/redaktion\/"}]}},"_links":{"self":[{"href":"https:\/\/www.euroakademie.de\/magazin\/wp-json\/wp\/v2\/posts\/15673","targetHints":{"allow":["GET"]}}],"collection":[{"href":"https:\/\/www.euroakademie.de\/magazin\/wp-json\/wp\/v2\/posts"}],"about":[{"href":"https:\/\/www.euroakademie.de\/magazin\/wp-json\/wp\/v2\/types\/post"}],"author":[{"embeddable":true,"href":"https:\/\/www.euroakademie.de\/magazin\/wp-json\/wp\/v2\/users\/7"}],"replies":[{"embeddable":true,"href":"https:\/\/www.euroakademie.de\/magazin\/wp-json\/wp\/v2\/comments?post=15673"}],"version-history":[{"count":2,"href":"https:\/\/www.euroakademie.de\/magazin\/wp-json\/wp\/v2\/posts\/15673\/revisions"}],"predecessor-version":[{"id":25488,"href":"https:\/\/www.euroakademie.de\/magazin\/wp-json\/wp\/v2\/posts\/15673\/revisions\/25488"}],"wp:featuredmedia":[{"embeddable":true,"href":"https:\/\/www.euroakademie.de\/magazin\/wp-json\/wp\/v2\/media\/15675"}],"wp:attachment":[{"href":"https:\/\/www.euroakademie.de\/magazin\/wp-json\/wp\/v2\/media?parent=15673"}],"wp:term":[{"taxonomy":"category","embeddable":true,"href":"https:\/\/www.euroakademie.de\/magazin\/wp-json\/wp\/v2\/categories?post=15673"},{"taxonomy":"post_tag","embeddable":true,"href":"https:\/\/www.euroakademie.de\/magazin\/wp-json\/wp\/v2\/tags?post=15673"}],"curies":[{"name":"wp","href":"https:\/\/api.w.org\/{rel}","templated":true}]}}