{"id":15735,"date":"2022-02-17T10:39:00","date_gmt":"2022-02-17T09:39:00","guid":{"rendered":"https:\/\/www.euroakademie.de\/magazin\/?p=15735"},"modified":"2024-12-04T12:30:44","modified_gmt":"2024-12-04T11:30:44","slug":"erzieherinnen-kooperieren-mit-dem-weissen-ring","status":"publish","type":"post","link":"https:\/\/www.euroakademie.de\/magazin\/erzieherinnen-kooperieren-mit-dem-weissen-ring\/","title":{"rendered":"Schattenseiten unserer Gesellschaft \u2013 angehende Erzieher*innen kooperieren mit dem WEISSEN RING e.V."},"content":{"rendered":"<p><![CDATA[\n<\/p>\n\n\n<p><strong>Die angehenden <a href=\"https:\/\/www.euroakademie.de\/standorte\/poessneck\/ausbildung\/erzieher.html\" target=\"_blank\" rel=\"noreferrer noopener\" aria-label=\"Erzieher*innen der Euro Akademie P\u00f6\u00dfneck (\u00f6ffnet in neuem Tab)\">Erzieher*innen der Euro Akademie P\u00f6\u00dfneck<\/a> haben in Zusammenarbeit mit dem WEISSEN RING Beitr\u00e4ge f\u00fcr eine Wanderausstellung zu den Themen Cybermobbing, h\u00e4usliche Gewalt, Seniorensicherheit und sexueller Missbrauch erstellt. In diesem Beitrag stellen sie ihr Projekt vor.<\/strong><\/p>\n\n\n\n<p> Zwischenmenschliche Beziehungen k\u00f6nnen auch dunkle Seiten haben. Mit dieser Thematik befassten wir, die Sch\u00fcler und Sch\u00fclerinnen im ersten Ausbildungsjahr Erzieher*in der Euro Akademie P\u00f6\u00dfneck, uns im Zeitraum von November 2021 bis Februar 2022. Die Auseinandersetzung mit diesen sensiblen Inhalten erfolgte in Zusammenarbeit mit dem <br><a rel=\"noreferrer noopener\" href=\"https:\/\/saale-orla-kreis-thueringen.weisser-ring.de\/\" target=\"_blank\">WEISSEN RING e.V. Saale-Orla<\/a>. Dazu besuchte Frau Wolfram, Au\u00dfenstellenleiterin des WEISSEN RINGS im Saale-Orla-Kreis, die Euro Akademie und gab eine \u00dcbersicht \u00fcber die Schwerpunkte der Kriminalit\u00e4tsdelikte, die uns t\u00e4glich bewusst oder unbewusst begegnen. Anschlie\u00dfend befassten wir uns mit Cybermobbing, h\u00e4uslicher Gewalt, Seniorensicherheit und sexuellem Missbrauch. <\/p>\n\n\n\n<h2 class=\"wp-block-heading\">Fotogeschichten f\u00fcr Wanderausstellung<\/h2>\n\n\n\n<p>Daraufhin teilten wir uns interessenbezogen in vier Gruppen ein und besch\u00e4ftigten uns intensiv mit den Thematiken. Dazu erarbeiteten wir repr\u00e4sentative Informationen innerhalb der Gruppen und veranschaulichten diese mit Hilfe von selbst gestalteten Fotogeschichten, die f\u00fcr eine Wanderausstellung genutzt werden sollen. Diese Ausstellung wird in verschiedenen Einrichtungen wie Schulen, \u00f6ffentlichen Bibliotheken, Kreditinstituten, Superm\u00e4rkten uvm. im Laufe des Jahres 2022 zu sehen sein. <\/p>\n\n\n\n<p>Die Arbeit an den \u00e4u\u00dferst sensiblen Themen gestaltete sich aufgrund\nder aktuellen pandemischen Lage schwierig. Trotz dieser Umst\u00e4nde sind\nausgezeichnete Ausstellungsst\u00fccke entstanden. <\/p>\n\n\n\n<div class=\"wp-block-buttons is-content-justification-center is-layout-flex wp-container-core-buttons-is-layout-16018d1d wp-block-buttons-is-layout-flex\">\n<div class=\"wp-block-button has-custom-font-size has-regular-font-size\"><a class=\"wp-block-button__link has-white-color has-text-color has-background has-link-color wp-element-button\" href=\"https:\/\/www.euroakademie.de\/poessneck\" style=\"background-color:#00305d;padding-top:var(--wp--preset--spacing--30);padding-right:var(--wp--preset--spacing--20);padding-bottom:var(--wp--preset--spacing--30);padding-left:var(--wp--preset--spacing--20)\">Sie interessieren sich f\u00fcr eine Ausbildung an der Euro Akaademie P\u00f6\u00dfneck? Hier erhalten Sie alle n\u00fctzlichen Informationen zum Standort.<\/a><\/div>\n<\/div>\n\n\n\n<h2 class=\"wp-block-heading\">Cybermobbing<\/h2>\n\n\n\n<p> Cybermobbing findet ausschlie\u00dflich in digitalen Medien statt. Hierf\u00fcr werden meist Social-Media-Plattformen wie Instagram oder Facebook missbraucht. Eines der gr\u00f6\u00dften Probleme bei der Bek\u00e4mpfung von Cybermobbing ist die Anonymit\u00e4t im Internet. Das bedeutet, dass die T\u00e4ter*innen oft ohne Konsequenzen handeln k\u00f6nnen, da eine Kontaktnachverfolgung extrem kompliziert ist. Cybermobbing beginnt meist schon im Jugendalter mit vermeintlich harmlosen Kommentaren \u00fcber Aussehen, Hobbies oder Vorlieben. Weiterhin k\u00f6nnen private Inhalte zweckentfremdet und durch Dritte beliebig bearbeitet und ver\u00f6ffentlicht werden. Betroffene haben kaum die M\u00f6glichkeit, nicht wahrheitsgem\u00e4\u00dfe Inhalte und Aussagen r\u00fcckg\u00e4ngig zu machen. Dadurch verlieren die Opfer die Kontrolle \u00fcber ihre Accounts. Dies kann schwerwiegende psychische Folgen mit sich bringen, bis hin zu Suizidgedanken. <\/p>\n\n\n\n<h2 class=\"wp-block-heading\">H\u00e4usliche Gewalt<\/h2>\n\n\n\n<p>H\u00e4usliche Gewalt beschreibt nicht nur die k\u00f6rperliche, sondern auch die psychische Gewalt im heimischen Umfeld. Das typische Klischee: \u201eMann misshandelt Frau\u201c entspricht nicht immer der Realit\u00e4t. H\u00e4usliche Gewalt kann jede Person innerhalb der Familie betreffen, sowohl Mutter als auch Vater, wie auch unter Geschwistern. Auch bei dieser zwischenmenschlichen Diskrepanz kann es nicht nur zu physischen Problemen kommen, auch die Psyche kann in Mitleidenschaft gezogen werden. <\/p>\n\n\n\n<h2 class=\"wp-block-heading\">Seniorensicherheit<\/h2>\n\n\n\n<p>Senior*innen werden h\u00e4ufig Opfer von Betr\u00fcgereien. Sie f\u00fchlen sich unsicher, lassen sich leicht von Fremden beeinflussen und suchen oft Hilfe bei der eigenen Familie. H\u00e4ufige Fallen f\u00fcr daher Trickbetr\u00fcgereien wie der Enkeltrick, falsche Gewinnspiele oder verkleidete Polizisten, die an das Verm\u00f6gen der Senior*innen gelangen wollen. Der WEISSE RING bietet hierf\u00fcr Ansprechpersonen, die den \u00c4lteren Informationen zu einem vorsichtigen Umgang mit Mitmenschen und vertraulichen Daten geben k\u00f6nnen. <\/p>\n\n\n\n<h2 class=\"wp-block-heading\">Sexueller Missbrauch<\/h2>\n\n\n\n<p>Sexueller Missbrauch ist f\u00fcr die Mehrheit der Gesellschaft ein absolutes Tabuthema. Die angezeigten F\u00e4lle in Deutschland sind derzeit ca. 16.000 im Jahr. Doch die Dunkelziffer ist sch\u00e4tzungsweise zehnmal so hoch. Von sexuellen \u00dcbergriffen sind nicht nur Erwachsene betroffen, sondern oft auch Kinder und Jugendliche. Oft stellt man sich den T\u00e4ter als \u201efremden Mann im Geb\u00fcsch\u201c vor, doch die bittere Wahrheit ist, dass die T\u00e4ter*innen meist aus dem engsten Verwandten -oder Bekanntenkreis stammen.<br>Die Scham -und Schuldgef\u00fchle der Betroffenen lassen es meistens nicht zu, die Tat zur Anzeige zu bringen. Die Schuld wird oft bei sich selbst gesucht! Um den T\u00e4ter*innen eine Wiederholungstat unm\u00f6glich zu machen, muss Aufkl\u00e4rungsarbeit geleistet werden und Betroffene m\u00fcssen ermutigt werden, die Tat anzuzeigen. <strong>Schweigen macht schutzlos, werde laut!<\/strong><\/p>\n\n\n\n<p>Mit den von uns produzierten Ausstellungsst\u00fccken m\u00f6chten wir Aufkl\u00e4rungsarbeit leisten und Betroffenen zeigen, dass sie nicht allein sind. Zudem schaffen wir hiermit eine Grundlage f\u00fcr die Opfer, damit sie sich trauen, Hilfe zu suchen und mit der Unterst\u00fctzung des WEISSEN RINGS aus der Situation entkommen k\u00f6nnen.<\/p>\n\n\n\n<p><em>Bildquelle: Euro Akademie P\u00f6\u00dfneck (privat)<\/em><\/p>\n","protected":false},"excerpt":{"rendered":"<p>\t\t\t\t<![CDATA[Die angehenden Erzieher*innen der Euro Akademie P\u00f6\u00dfneck haben in Zusammenarbeit mit dem WEISSEN RING Beitr\u00e4ge f\u00fcr eine Wanderausstellung zu den Themen Cybermobbing, h\u00e4usliche Gewalt, Seniorensicherheit und sexueller Missbrauch erstellt. ]]>\t\t<\/p>\n","protected":false},"author":25,"featured_media":15739,"comment_status":"closed","ping_status":"closed","sticky":false,"template":"","format":"standard","meta":{"footnotes":""},"categories":[160],"tags":[],"class_list":{"0":"post-15735","1":"post","2":"type-post","3":"status-publish","4":"format-standard","5":"has-post-thumbnail","7":"category-poessneck"},"yoast_head":"<!-- This site is optimized with the Yoast SEO plugin v23.5 - https:\/\/yoast.com\/wordpress\/plugins\/seo\/ -->\n<title>Angehende Erzieher*innen kooperieren mit dem WEISSEN RING e.V.<\/title>\n<meta name=\"description\" content=\"Die angehenden Erzieher*innen haben mit dem WEISSEN RING Beitr\u00e4ge zu Cybermobbing, h\u00e4usliche Gewalt, Seniorensicherheit und sexueller Missbrauch erstellt.\" \/>\n<meta name=\"robots\" content=\"index, follow, max-snippet:-1, max-image-preview:large, max-video-preview:-1\" \/>\n<link rel=\"canonical\" href=\"https:\/\/www.euroakademie.de\/magazin\/erzieherinnen-kooperieren-mit-dem-weissen-ring\/\" \/>\n<meta property=\"og:locale\" content=\"de_DE\" \/>\n<meta property=\"og:type\" content=\"article\" \/>\n<meta property=\"og:title\" content=\"Angehende Erzieher*innen kooperieren mit dem WEISSEN RING e.V.\" \/>\n<meta property=\"og:description\" content=\"Die angehenden Erzieher*innen haben mit dem WEISSEN RING Beitr\u00e4ge zu Cybermobbing, h\u00e4usliche Gewalt, Seniorensicherheit und sexueller Missbrauch erstellt.\" \/>\n<meta property=\"og:url\" content=\"https:\/\/www.euroakademie.de\/magazin\/erzieherinnen-kooperieren-mit-dem-weissen-ring\/\" \/>\n<meta property=\"og:site_name\" content=\"Das Euro Akademie Magazin\" \/>\n<meta property=\"article:published_time\" content=\"2022-02-17T09:39:00+00:00\" \/>\n<meta property=\"article:modified_time\" content=\"2024-12-04T11:30:44+00:00\" \/>\n<meta property=\"og:image\" content=\"https:\/\/www.euroakademie.de\/magazin\/wp-content\/uploads\/2022\/02\/teddy_titel.jpg\" \/>\n\t<meta property=\"og:image:width\" content=\"702\" \/>\n\t<meta property=\"og:image:height\" content=\"336\" \/>\n\t<meta property=\"og:image:type\" content=\"image\/jpeg\" \/>\n<meta name=\"author\" content=\"Sch\u00fcler*innen der Euro Akademie\" \/>\n<meta name=\"twitter:card\" content=\"summary_large_image\" \/>\n<meta name=\"twitter:label1\" content=\"Verfasst von\" \/>\n\t<meta name=\"twitter:data1\" content=\"Sch\u00fcler*innen der Euro Akademie\" \/>\n\t<meta name=\"twitter:label2\" content=\"Gesch\u00e4tzte Lesezeit\" \/>\n\t<meta name=\"twitter:data2\" content=\"1\u00a0Minute\" \/>\n<script type=\"application\/ld+json\" class=\"yoast-schema-graph\">{\"@context\":\"https:\/\/schema.org\",\"@graph\":[{\"@type\":\"Article\",\"@id\":\"https:\/\/www.euroakademie.de\/magazin\/erzieherinnen-kooperieren-mit-dem-weissen-ring\/#article\",\"isPartOf\":{\"@id\":\"https:\/\/www.euroakademie.de\/magazin\/erzieherinnen-kooperieren-mit-dem-weissen-ring\/\"},\"author\":{\"name\":\"Sch\u00fcler*innen der Euro Akademie\",\"@id\":\"https:\/\/www.euroakademie.de\/magazin\/#\/schema\/person\/88061163260e860aeebdcfa336a1a0d7\"},\"headline\":\"Schattenseiten unserer Gesellschaft \u2013 angehende Erzieher*innen kooperieren mit dem WEISSEN RING e.V.\",\"datePublished\":\"2022-02-17T09:39:00+00:00\",\"dateModified\":\"2024-12-04T11:30:44+00:00\",\"mainEntityOfPage\":{\"@id\":\"https:\/\/www.euroakademie.de\/magazin\/erzieherinnen-kooperieren-mit-dem-weissen-ring\/\"},\"wordCount\":735,\"publisher\":{\"@id\":\"https:\/\/www.euroakademie.de\/magazin\/#organization\"},\"image\":{\"@id\":\"https:\/\/www.euroakademie.de\/magazin\/erzieherinnen-kooperieren-mit-dem-weissen-ring\/#primaryimage\"},\"thumbnailUrl\":\"https:\/\/www.euroakademie.de\/magazin\/wp-content\/uploads\/2022\/02\/teddy_titel.jpg\",\"articleSection\":[\"P\u00f6\u00dfneck\"],\"inLanguage\":\"de\"},{\"@type\":\"WebPage\",\"@id\":\"https:\/\/www.euroakademie.de\/magazin\/erzieherinnen-kooperieren-mit-dem-weissen-ring\/\",\"url\":\"https:\/\/www.euroakademie.de\/magazin\/erzieherinnen-kooperieren-mit-dem-weissen-ring\/\",\"name\":\"Angehende Erzieher*innen kooperieren mit dem WEISSEN RING e.V.\",\"isPartOf\":{\"@id\":\"https:\/\/www.euroakademie.de\/magazin\/#website\"},\"primaryImageOfPage\":{\"@id\":\"https:\/\/www.euroakademie.de\/magazin\/erzieherinnen-kooperieren-mit-dem-weissen-ring\/#primaryimage\"},\"image\":{\"@id\":\"https:\/\/www.euroakademie.de\/magazin\/erzieherinnen-kooperieren-mit-dem-weissen-ring\/#primaryimage\"},\"thumbnailUrl\":\"https:\/\/www.euroakademie.de\/magazin\/wp-content\/uploads\/2022\/02\/teddy_titel.jpg\",\"datePublished\":\"2022-02-17T09:39:00+00:00\",\"dateModified\":\"2024-12-04T11:30:44+00:00\",\"description\":\"Die angehenden Erzieher*innen haben mit dem WEISSEN RING Beitr\u00e4ge zu Cybermobbing, h\u00e4usliche Gewalt, Seniorensicherheit und sexueller Missbrauch erstellt.\",\"breadcrumb\":{\"@id\":\"https:\/\/www.euroakademie.de\/magazin\/erzieherinnen-kooperieren-mit-dem-weissen-ring\/#breadcrumb\"},\"inLanguage\":\"de\",\"potentialAction\":[{\"@type\":\"ReadAction\",\"target\":[\"https:\/\/www.euroakademie.de\/magazin\/erzieherinnen-kooperieren-mit-dem-weissen-ring\/\"]}]},{\"@type\":\"ImageObject\",\"inLanguage\":\"de\",\"@id\":\"https:\/\/www.euroakademie.de\/magazin\/erzieherinnen-kooperieren-mit-dem-weissen-ring\/#primaryimage\",\"url\":\"https:\/\/www.euroakademie.de\/magazin\/wp-content\/uploads\/2022\/02\/teddy_titel.jpg\",\"contentUrl\":\"https:\/\/www.euroakademie.de\/magazin\/wp-content\/uploads\/2022\/02\/teddy_titel.jpg\",\"width\":702,\"height\":336,\"caption\":\"\"},{\"@type\":\"BreadcrumbList\",\"@id\":\"https:\/\/www.euroakademie.de\/magazin\/erzieherinnen-kooperieren-mit-dem-weissen-ring\/#breadcrumb\",\"itemListElement\":[{\"@type\":\"ListItem\",\"position\":1,\"name\":\"Startseite\",\"item\":\"https:\/\/www.euroakademie.de\/magazin\/\"},{\"@type\":\"ListItem\",\"position\":2,\"name\":\"Schattenseiten unserer Gesellschaft \u2013 angehende Erzieher*innen kooperieren mit dem WEISSEN RING e.V.\"}]},{\"@type\":\"WebSite\",\"@id\":\"https:\/\/www.euroakademie.de\/magazin\/#website\",\"url\":\"https:\/\/www.euroakademie.de\/magazin\/\",\"name\":\"Das Euro Akademie Magazin\",\"description\":\"Gut informiert durch Ausbildung und Studium\",\"publisher\":{\"@id\":\"https:\/\/www.euroakademie.de\/magazin\/#organization\"},\"potentialAction\":[{\"@type\":\"SearchAction\",\"target\":{\"@type\":\"EntryPoint\",\"urlTemplate\":\"https:\/\/www.euroakademie.de\/magazin\/?s={search_term_string}\"},\"query-input\":{\"@type\":\"PropertyValueSpecification\",\"valueRequired\":true,\"valueName\":\"search_term_string\"}}],\"inLanguage\":\"de\"},{\"@type\":\"Organization\",\"@id\":\"https:\/\/www.euroakademie.de\/magazin\/#organization\",\"name\":\"ESO Education Group\",\"url\":\"https:\/\/www.euroakademie.de\/magazin\/\",\"logo\":{\"@type\":\"ImageObject\",\"inLanguage\":\"de\",\"@id\":\"https:\/\/www.euroakademie.de\/magazin\/#\/schema\/logo\/image\/\",\"url\":\"https:\/\/relaunch.euroakademie.de\/magazin\/wp-content\/uploads\/2024\/11\/Logo_EA_negativ_Rahmen_5cm_300dpi_RGB.jpg\",\"contentUrl\":\"https:\/\/relaunch.euroakademie.de\/magazin\/wp-content\/uploads\/2024\/11\/Logo_EA_negativ_Rahmen_5cm_300dpi_RGB.jpg\",\"width\":591,\"height\":236,\"caption\":\"ESO Education Group\"},\"image\":{\"@id\":\"https:\/\/www.euroakademie.de\/magazin\/#\/schema\/logo\/image\/\"}},{\"@type\":\"Person\",\"@id\":\"https:\/\/www.euroakademie.de\/magazin\/#\/schema\/person\/88061163260e860aeebdcfa336a1a0d7\",\"name\":\"Sch\u00fcler*innen der Euro Akademie\",\"description\":\"Unter diesem Autorennamen schildern Sch\u00fcler*innen der Euro Akademien ihre pers\u00f6nlichen Erfahrungen zum Thema Ausbildung, berichten \u00fcber Projekte, Praktika oder Veranstaltungen und geben anderen Lernenden wertvolle Tipps. Sie gehen dabei auf Fragen ein, auf die sie vor und in ihrer Ausbildungszeit selbst gern Antworten gehabt h\u00e4tten.\",\"url\":\"https:\/\/www.euroakademie.de\/magazin\/author\/schueler\/\"}]}<\/script>\n<!-- \/ Yoast SEO plugin. -->","yoast_head_json":{"title":"Angehende Erzieher*innen kooperieren mit dem WEISSEN RING e.V.","description":"Die angehenden Erzieher*innen haben mit dem WEISSEN RING Beitr\u00e4ge zu Cybermobbing, h\u00e4usliche Gewalt, Seniorensicherheit und sexueller Missbrauch erstellt.","robots":{"index":"index","follow":"follow","max-snippet":"max-snippet:-1","max-image-preview":"max-image-preview:large","max-video-preview":"max-video-preview:-1"},"canonical":"https:\/\/www.euroakademie.de\/magazin\/erzieherinnen-kooperieren-mit-dem-weissen-ring\/","og_locale":"de_DE","og_type":"article","og_title":"Angehende Erzieher*innen kooperieren mit dem WEISSEN RING e.V.","og_description":"Die angehenden Erzieher*innen haben mit dem WEISSEN RING Beitr\u00e4ge zu Cybermobbing, h\u00e4usliche Gewalt, Seniorensicherheit und sexueller Missbrauch erstellt.","og_url":"https:\/\/www.euroakademie.de\/magazin\/erzieherinnen-kooperieren-mit-dem-weissen-ring\/","og_site_name":"Das Euro Akademie Magazin","article_published_time":"2022-02-17T09:39:00+00:00","article_modified_time":"2024-12-04T11:30:44+00:00","og_image":[{"width":702,"height":336,"url":"https:\/\/www.euroakademie.de\/magazin\/wp-content\/uploads\/2022\/02\/teddy_titel.jpg","type":"image\/jpeg"}],"author":"Sch\u00fcler*innen der Euro Akademie","twitter_card":"summary_large_image","twitter_misc":{"Verfasst von":"Sch\u00fcler*innen der Euro Akademie","Gesch\u00e4tzte Lesezeit":"1\u00a0Minute"},"schema":{"@context":"https:\/\/schema.org","@graph":[{"@type":"Article","@id":"https:\/\/www.euroakademie.de\/magazin\/erzieherinnen-kooperieren-mit-dem-weissen-ring\/#article","isPartOf":{"@id":"https:\/\/www.euroakademie.de\/magazin\/erzieherinnen-kooperieren-mit-dem-weissen-ring\/"},"author":{"name":"Sch\u00fcler*innen der Euro Akademie","@id":"https:\/\/www.euroakademie.de\/magazin\/#\/schema\/person\/88061163260e860aeebdcfa336a1a0d7"},"headline":"Schattenseiten unserer Gesellschaft \u2013 angehende Erzieher*innen kooperieren mit dem WEISSEN RING e.V.","datePublished":"2022-02-17T09:39:00+00:00","dateModified":"2024-12-04T11:30:44+00:00","mainEntityOfPage":{"@id":"https:\/\/www.euroakademie.de\/magazin\/erzieherinnen-kooperieren-mit-dem-weissen-ring\/"},"wordCount":735,"publisher":{"@id":"https:\/\/www.euroakademie.de\/magazin\/#organization"},"image":{"@id":"https:\/\/www.euroakademie.de\/magazin\/erzieherinnen-kooperieren-mit-dem-weissen-ring\/#primaryimage"},"thumbnailUrl":"https:\/\/www.euroakademie.de\/magazin\/wp-content\/uploads\/2022\/02\/teddy_titel.jpg","articleSection":["P\u00f6\u00dfneck"],"inLanguage":"de"},{"@type":"WebPage","@id":"https:\/\/www.euroakademie.de\/magazin\/erzieherinnen-kooperieren-mit-dem-weissen-ring\/","url":"https:\/\/www.euroakademie.de\/magazin\/erzieherinnen-kooperieren-mit-dem-weissen-ring\/","name":"Angehende Erzieher*innen kooperieren mit dem WEISSEN RING e.V.","isPartOf":{"@id":"https:\/\/www.euroakademie.de\/magazin\/#website"},"primaryImageOfPage":{"@id":"https:\/\/www.euroakademie.de\/magazin\/erzieherinnen-kooperieren-mit-dem-weissen-ring\/#primaryimage"},"image":{"@id":"https:\/\/www.euroakademie.de\/magazin\/erzieherinnen-kooperieren-mit-dem-weissen-ring\/#primaryimage"},"thumbnailUrl":"https:\/\/www.euroakademie.de\/magazin\/wp-content\/uploads\/2022\/02\/teddy_titel.jpg","datePublished":"2022-02-17T09:39:00+00:00","dateModified":"2024-12-04T11:30:44+00:00","description":"Die angehenden Erzieher*innen haben mit dem WEISSEN RING Beitr\u00e4ge zu Cybermobbing, h\u00e4usliche Gewalt, Seniorensicherheit und sexueller Missbrauch erstellt.","breadcrumb":{"@id":"https:\/\/www.euroakademie.de\/magazin\/erzieherinnen-kooperieren-mit-dem-weissen-ring\/#breadcrumb"},"inLanguage":"de","potentialAction":[{"@type":"ReadAction","target":["https:\/\/www.euroakademie.de\/magazin\/erzieherinnen-kooperieren-mit-dem-weissen-ring\/"]}]},{"@type":"ImageObject","inLanguage":"de","@id":"https:\/\/www.euroakademie.de\/magazin\/erzieherinnen-kooperieren-mit-dem-weissen-ring\/#primaryimage","url":"https:\/\/www.euroakademie.de\/magazin\/wp-content\/uploads\/2022\/02\/teddy_titel.jpg","contentUrl":"https:\/\/www.euroakademie.de\/magazin\/wp-content\/uploads\/2022\/02\/teddy_titel.jpg","width":702,"height":336,"caption":""},{"@type":"BreadcrumbList","@id":"https:\/\/www.euroakademie.de\/magazin\/erzieherinnen-kooperieren-mit-dem-weissen-ring\/#breadcrumb","itemListElement":[{"@type":"ListItem","position":1,"name":"Startseite","item":"https:\/\/www.euroakademie.de\/magazin\/"},{"@type":"ListItem","position":2,"name":"Schattenseiten unserer Gesellschaft \u2013 angehende Erzieher*innen kooperieren mit dem WEISSEN RING e.V."}]},{"@type":"WebSite","@id":"https:\/\/www.euroakademie.de\/magazin\/#website","url":"https:\/\/www.euroakademie.de\/magazin\/","name":"Das Euro Akademie Magazin","description":"Gut informiert durch Ausbildung und Studium","publisher":{"@id":"https:\/\/www.euroakademie.de\/magazin\/#organization"},"potentialAction":[{"@type":"SearchAction","target":{"@type":"EntryPoint","urlTemplate":"https:\/\/www.euroakademie.de\/magazin\/?s={search_term_string}"},"query-input":{"@type":"PropertyValueSpecification","valueRequired":true,"valueName":"search_term_string"}}],"inLanguage":"de"},{"@type":"Organization","@id":"https:\/\/www.euroakademie.de\/magazin\/#organization","name":"ESO Education Group","url":"https:\/\/www.euroakademie.de\/magazin\/","logo":{"@type":"ImageObject","inLanguage":"de","@id":"https:\/\/www.euroakademie.de\/magazin\/#\/schema\/logo\/image\/","url":"https:\/\/relaunch.euroakademie.de\/magazin\/wp-content\/uploads\/2024\/11\/Logo_EA_negativ_Rahmen_5cm_300dpi_RGB.jpg","contentUrl":"https:\/\/relaunch.euroakademie.de\/magazin\/wp-content\/uploads\/2024\/11\/Logo_EA_negativ_Rahmen_5cm_300dpi_RGB.jpg","width":591,"height":236,"caption":"ESO Education Group"},"image":{"@id":"https:\/\/www.euroakademie.de\/magazin\/#\/schema\/logo\/image\/"}},{"@type":"Person","@id":"https:\/\/www.euroakademie.de\/magazin\/#\/schema\/person\/88061163260e860aeebdcfa336a1a0d7","name":"Sch\u00fcler*innen der Euro Akademie","description":"Unter diesem Autorennamen schildern Sch\u00fcler*innen der Euro Akademien ihre pers\u00f6nlichen Erfahrungen zum Thema Ausbildung, berichten \u00fcber Projekte, Praktika oder Veranstaltungen und geben anderen Lernenden wertvolle Tipps. Sie gehen dabei auf Fragen ein, auf die sie vor und in ihrer Ausbildungszeit selbst gern Antworten gehabt h\u00e4tten.","url":"https:\/\/www.euroakademie.de\/magazin\/author\/schueler\/"}]}},"_links":{"self":[{"href":"https:\/\/www.euroakademie.de\/magazin\/wp-json\/wp\/v2\/posts\/15735","targetHints":{"allow":["GET"]}}],"collection":[{"href":"https:\/\/www.euroakademie.de\/magazin\/wp-json\/wp\/v2\/posts"}],"about":[{"href":"https:\/\/www.euroakademie.de\/magazin\/wp-json\/wp\/v2\/types\/post"}],"author":[{"embeddable":true,"href":"https:\/\/www.euroakademie.de\/magazin\/wp-json\/wp\/v2\/users\/25"}],"replies":[{"embeddable":true,"href":"https:\/\/www.euroakademie.de\/magazin\/wp-json\/wp\/v2\/comments?post=15735"}],"version-history":[{"count":2,"href":"https:\/\/www.euroakademie.de\/magazin\/wp-json\/wp\/v2\/posts\/15735\/revisions"}],"predecessor-version":[{"id":25467,"href":"https:\/\/www.euroakademie.de\/magazin\/wp-json\/wp\/v2\/posts\/15735\/revisions\/25467"}],"wp:featuredmedia":[{"embeddable":true,"href":"https:\/\/www.euroakademie.de\/magazin\/wp-json\/wp\/v2\/media\/15739"}],"wp:attachment":[{"href":"https:\/\/www.euroakademie.de\/magazin\/wp-json\/wp\/v2\/media?parent=15735"}],"wp:term":[{"taxonomy":"category","embeddable":true,"href":"https:\/\/www.euroakademie.de\/magazin\/wp-json\/wp\/v2\/categories?post=15735"},{"taxonomy":"post_tag","embeddable":true,"href":"https:\/\/www.euroakademie.de\/magazin\/wp-json\/wp\/v2\/tags?post=15735"}],"curies":[{"name":"wp","href":"https:\/\/api.w.org\/{rel}","templated":true}]}}