{"id":15869,"date":"2022-03-16T15:07:00","date_gmt":"2022-03-16T14:07:00","guid":{"rendered":"https:\/\/www.euroakademie.de\/magazin\/?p=15869"},"modified":"2024-12-04T11:51:06","modified_gmt":"2024-12-04T10:51:06","slug":"ein-tag-bei-pwc-in-luxemburg","status":"publish","type":"post","link":"https:\/\/www.euroakademie.de\/magazin\/ein-tag-bei-pwc-in-luxemburg\/","title":{"rendered":"\u201eA day @ PwC\u201c \u2013 Ein Tag bei PwC in Luxemburg"},"content":{"rendered":"<p><![CDATA[\n<\/p>\n\n\n<p><strong>Karriere bei einem internationalen Big Player?  Den frisch gebackenen International Administration Manager*innen (=Europasekret\u00e4r*innen) der Euro Akademie Trier stehen alle T\u00fcren offen. Die Abschlussklasse unternahm deshalb eine Exkursion nach Luxemburg zu der Wirtschaftspr\u00fcfungsgesellschaft PwC. Dort konnten die Auszubildenden in die Arbeitswelt schnuppern und erhielten Einblicke in die Karrierem\u00f6glichkeiten bei ihrem potenziellen zuk\u00fcnftigen Arbeitgeber PwC.<\/strong><\/p>\n\n\n\n<p>PricewaterhouseCoopers, Soci\u00e9t\u00e9 coop\u00e9rative oder kurz PwC \u2013 als eine der \u201eBig Four\u201c Wirtschaftspr\u00fcfungsgesellschaften mit Sitz in Luxemburg ist das Unternehmen \u00fcberregional bekannt. Ein beliebter Arbeitgeber f\u00fcr Luxemburg-Pendler*innen und Arbeitssuchende aus der Grenzregion Trier-Luxemburg-Frankreich-Belgien, der f\u00fcr die Absolvent*innen der <a href=\"https:\/\/www.euroakademie.de\/standorte\/trier\/ausbildung\/international-administration-manager-esa.html\">Ausbildung \u201eInternational Business Administration ESA\u201c<\/a> der Euro Akademie Trier interessante Karrierem\u00f6glichkeiten bietet.<\/p>\n\n\n\n<h2 class=\"wp-block-heading\">Karrierem\u00f6glichkeiten f\u00fcr Europasekret\u00e4r*innen<\/h2>\n\n\n\n<p>Am 10. M\u00e4rz haben f\u00fcnf unserer diesj\u00e4hrigen Absolventinnen die M\u00f6glichkeit wahrgenommen, ganz exklusive Einblicke in die Arbeitswelt bei PwC und die dortigen Karrierem\u00f6glichkeiten zu erhalten. Ob als Personal Assistant eine*r der Direktor*innen oder Partner des Unternehmens und somit als \u201erechte Hand\u201c der Gesch\u00e4ftsf\u00fchrung, als Administrative Assistant bei der Erstellung und Pr\u00fcfung von Unterlagen in mehreren Sprachen oder als Executive Assistant im direkten Kundenkontakt und bei der Unterst\u00fctzung von Gesch\u00e4ftsabschl\u00fcssen \u2013 PwC h\u00e4lt unz\u00e4hlige T\u00e4tigkeitsbereiche f\u00fcr angehende Europasekret\u00e4r*innen bereit. <\/p>\n\n\n\n<p>Nach einer kurzen und informativen Vorstellung des Unternehmens gab es Testimonials von Mitarbeiter*innen des Sekretariats in Luxemburg, die ihre Erfahrungen in verschiedenen Abteilungen und internationalen Teams mit unseren \u201eESAs\u201c geteilt haben. Besonders spannend: PwC besch\u00e4ftigt Menschen aus 82 verschiedenen L\u00e4ndern! Ein Mix aus Sprachen, Kulturen und Arbeitsweisen ist also allt\u00e4glich und garantiert einen abwechslungsreichen Arbeitsplatz.<\/p>\n\n\n\n<div class=\"wp-block-buttons is-content-justification-center is-layout-flex wp-container-core-buttons-is-layout-16018d1d wp-block-buttons-is-layout-flex\">\n<div class=\"wp-block-button has-custom-font-size has-regular-font-size\"><a class=\"wp-block-button__link has-white-color has-text-color has-background has-link-color wp-element-button\" href=\"https:\/\/www.euroakademie.de\/trier\" style=\"background-color:#00305d;padding-top:var(--wp--preset--spacing--30);padding-right:var(--wp--preset--spacing--20);padding-bottom:var(--wp--preset--spacing--30);padding-left:var(--wp--preset--spacing--20)\">Sie Interessieren sich f\u00fcr eine AUsbildung an der Euro Akademie Trier? Hier finden Sie alle Infos.<\/a><\/div>\n<\/div>\n\n\n\n<h2 class=\"wp-block-heading\">Pers\u00f6nliche Betreuung und exklusive Einblicke<\/h2>\n\n\n\n<p>In kleine Gruppen aufgeteilt ging es dann in die Workshops. Zwei ehemalige ESA-Absolventinnen, die heute im Sekretariat bei PwC t\u00e4tig sind, nahmen sich unserer Euro Akademie Sch\u00fctzlinge an und stellten ihnen in lockerer Atmosph\u00e4re sehr nahbar und transparent die einzelnen Berufsfelder, sowie die Vorteile einer Besch\u00e4ftigung bei PwC vor. Frau Ga\u00dfmann und Frau Brandt beantworteten freundlich, kompetent und aus verschiedenen Perspektiven alle Fragen zum Arbeitsalltag, Weiterbildungsm\u00f6glichkeiten und Zukunftsperspektiven. In darauf folgenden pers\u00f6nlichen Gespr\u00e4chen mit den Teilnehmerinnen wurde klar: Die Euro Akademie bietet mit ihren mehrsprachigen Ausbildungsg\u00e4ngen die idealen Voraussetzungen f\u00fcr eine Karriere in international agierenden Unternehmen. Insbesondere deutsche Muttersprachler*innen mit Fremdsprachenkenntnissen werden auf dem luxemburgischen Arbeitsmarkt mit offenen T\u00fcren empfangen.<\/p>\n\n\n\n<p>Nach dem Mittagessen gab es noch eine F\u00fchrung durch die Sekretariatsbereiche und die M\u00f6glichkeit, sich am potenziellen sp\u00e4teren Arbeitsplatz umzuschauen. Unsere Teilnehmerinnen wurden bestens betreut, pers\u00f6nlich beraten und hatten zum Abschluss noch die Gelegenheit, ihren Lebenslauf direkt bei der Sekretariatsleitung einzureichen. Pers\u00f6nlicher Kontakt ist eben durch nichts zu ersetzen! <\/p>\n\n\n\n<p>Die Auszubildenden waren auf jeden Fall begeistert von den spannenden Einblicken und der pers\u00f6nlichen Atmosph\u00e4re. So zog zum Beispiel die angehende Europasekret\u00e4rin Caroline A. ein positives Fazit: <\/p>\n\n\n\n<p><em>\u201e<\/em>Den Tag bei PwC fand ich sehr interessant. Ich konnte einen guten Einblick in die Arbeit bei PwC bekommen und all meine Fragen wurden von unseren zwei Ansprechpartnerinnen beantwortet. Au\u00dferdem finde ich es klasse, dass wir so die M\u00f6glichkeit hatten, direkt pers\u00f6nliche Kontakte zu kn\u00fcpfen. Ich kann mir deshalb durchaus vorstellen, bei PwC ins Berufsleben zu starten, meinen Lebenslauf hatte ich auch direkt bei Frau Schang abgegeben. Ich bin mir sicher, dass die M\u00f6glichkeit des Tags bei PwC auch von zuk\u00fcnftigen ESAs gerne angenommen wird. Deshalb vielen Dank f\u00fcr Ihre M\u00fche, die Organisation und dass Sie uns diese M\u00f6glichkeit gegeben haben!&#8220;<\/p>\n\n\n\n<p>Wir freuen uns \u00fcber diese gelungene Exkursion und die interessanten Einblicke, die unsere \u201eESAs\u201c gewinnen konnten. Vielen Dank an Frau Ga\u00dfmann, Frau Brandt und Frau Schang f\u00fcr die tolle Organisation und die wertvollen pers\u00f6nlichen Gespr\u00e4che mit unseren Absolventinnen, die nun wissen: Bei PwC steht uns eine vielversprechende internationale Karriere bevor! <\/p>\n\n\n\n<p><em>Text und Bilder: Marina Zimmer<\/em><\/p>\n","protected":false},"excerpt":{"rendered":"<p>\t\t\t\t<![CDATA[Die Abschlussklasse der Europasekret\u00e4r*innen unternahm eine Exkursion nach Luxemburg zu der Wirtschaftspr\u00fcfungsgesellschaft PwC.]]>\t\t<\/p>\n","protected":false},"author":7,"featured_media":15875,"comment_status":"closed","ping_status":"closed","sticky":false,"template":"","format":"standard","meta":{"footnotes":""},"categories":[34,46],"tags":[],"class_list":{"0":"post-15869","1":"post","2":"type-post","3":"status-publish","4":"format-standard","5":"has-post-thumbnail","7":"category-trier","8":"category-wirtschaft-management"},"yoast_head":"<!-- This site is optimized with the Yoast SEO plugin v23.5 - https:\/\/yoast.com\/wordpress\/plugins\/seo\/ -->\n<title>Ein Tag bei PwC in Luxemburg - Euro Akademie Wirtschaft &amp; Management<\/title>\n<meta name=\"description\" content=\"Die Abschlussklasse der Europasekret\u00e4r*innen unternahm eine Exkursion nach Luxemburg zu der Wirtschaftspr\u00fcfungsgesellschaft PwC.\" \/>\n<meta name=\"robots\" content=\"index, follow, max-snippet:-1, max-image-preview:large, max-video-preview:-1\" \/>\n<link rel=\"canonical\" href=\"https:\/\/www.euroakademie.de\/magazin\/ein-tag-bei-pwc-in-luxemburg\/\" \/>\n<meta property=\"og:locale\" content=\"de_DE\" \/>\n<meta property=\"og:type\" content=\"article\" \/>\n<meta property=\"og:title\" content=\"Ein Tag bei PwC in Luxemburg - Euro Akademie Wirtschaft &amp; Management\" \/>\n<meta property=\"og:description\" content=\"Die Abschlussklasse der Europasekret\u00e4r*innen unternahm eine Exkursion nach Luxemburg zu der Wirtschaftspr\u00fcfungsgesellschaft PwC.\" \/>\n<meta property=\"og:url\" content=\"https:\/\/www.euroakademie.de\/magazin\/ein-tag-bei-pwc-in-luxemburg\/\" \/>\n<meta property=\"og:site_name\" content=\"Das Euro Akademie Magazin\" \/>\n<meta property=\"article:published_time\" content=\"2022-03-16T14:07:00+00:00\" \/>\n<meta property=\"article:modified_time\" content=\"2024-12-04T10:51:06+00:00\" \/>\n<meta property=\"og:image\" content=\"https:\/\/www.euroakademie.de\/magazin\/wp-content\/uploads\/2022\/03\/pwc_titel.jpg\" \/>\n\t<meta property=\"og:image:width\" content=\"702\" \/>\n\t<meta property=\"og:image:height\" content=\"336\" \/>\n\t<meta property=\"og:image:type\" content=\"image\/jpeg\" \/>\n<meta name=\"author\" content=\"Redaktion\" \/>\n<meta name=\"twitter:card\" content=\"summary_large_image\" \/>\n<meta name=\"twitter:label1\" content=\"Verfasst von\" \/>\n\t<meta name=\"twitter:data1\" content=\"Redaktion\" \/>\n\t<meta name=\"twitter:label2\" content=\"Gesch\u00e4tzte Lesezeit\" \/>\n\t<meta name=\"twitter:data2\" content=\"1\u00a0Minute\" \/>\n<script type=\"application\/ld+json\" class=\"yoast-schema-graph\">{\"@context\":\"https:\/\/schema.org\",\"@graph\":[{\"@type\":\"Article\",\"@id\":\"https:\/\/www.euroakademie.de\/magazin\/ein-tag-bei-pwc-in-luxemburg\/#article\",\"isPartOf\":{\"@id\":\"https:\/\/www.euroakademie.de\/magazin\/ein-tag-bei-pwc-in-luxemburg\/\"},\"author\":{\"name\":\"Redaktion\",\"@id\":\"https:\/\/www.euroakademie.de\/magazin\/#\/schema\/person\/6c9b7b6db765ee31640d80c936be3686\"},\"headline\":\"\u201eA day @ PwC\u201c \u2013 Ein Tag bei PwC in Luxemburg\",\"datePublished\":\"2022-03-16T14:07:00+00:00\",\"dateModified\":\"2024-12-04T10:51:06+00:00\",\"mainEntityOfPage\":{\"@id\":\"https:\/\/www.euroakademie.de\/magazin\/ein-tag-bei-pwc-in-luxemburg\/\"},\"wordCount\":684,\"publisher\":{\"@id\":\"https:\/\/www.euroakademie.de\/magazin\/#organization\"},\"image\":{\"@id\":\"https:\/\/www.euroakademie.de\/magazin\/ein-tag-bei-pwc-in-luxemburg\/#primaryimage\"},\"thumbnailUrl\":\"https:\/\/www.euroakademie.de\/magazin\/wp-content\/uploads\/2022\/03\/pwc_titel.jpg\",\"articleSection\":[\"Trier\",\"Wirtschaft &amp; Management\"],\"inLanguage\":\"de\"},{\"@type\":\"WebPage\",\"@id\":\"https:\/\/www.euroakademie.de\/magazin\/ein-tag-bei-pwc-in-luxemburg\/\",\"url\":\"https:\/\/www.euroakademie.de\/magazin\/ein-tag-bei-pwc-in-luxemburg\/\",\"name\":\"Ein Tag bei PwC in Luxemburg - Euro Akademie Wirtschaft &amp; Management\",\"isPartOf\":{\"@id\":\"https:\/\/www.euroakademie.de\/magazin\/#website\"},\"primaryImageOfPage\":{\"@id\":\"https:\/\/www.euroakademie.de\/magazin\/ein-tag-bei-pwc-in-luxemburg\/#primaryimage\"},\"image\":{\"@id\":\"https:\/\/www.euroakademie.de\/magazin\/ein-tag-bei-pwc-in-luxemburg\/#primaryimage\"},\"thumbnailUrl\":\"https:\/\/www.euroakademie.de\/magazin\/wp-content\/uploads\/2022\/03\/pwc_titel.jpg\",\"datePublished\":\"2022-03-16T14:07:00+00:00\",\"dateModified\":\"2024-12-04T10:51:06+00:00\",\"description\":\"Die Abschlussklasse der Europasekret\u00e4r*innen unternahm eine Exkursion nach Luxemburg zu der Wirtschaftspr\u00fcfungsgesellschaft PwC.\",\"breadcrumb\":{\"@id\":\"https:\/\/www.euroakademie.de\/magazin\/ein-tag-bei-pwc-in-luxemburg\/#breadcrumb\"},\"inLanguage\":\"de\",\"potentialAction\":[{\"@type\":\"ReadAction\",\"target\":[\"https:\/\/www.euroakademie.de\/magazin\/ein-tag-bei-pwc-in-luxemburg\/\"]}]},{\"@type\":\"ImageObject\",\"inLanguage\":\"de\",\"@id\":\"https:\/\/www.euroakademie.de\/magazin\/ein-tag-bei-pwc-in-luxemburg\/#primaryimage\",\"url\":\"https:\/\/www.euroakademie.de\/magazin\/wp-content\/uploads\/2022\/03\/pwc_titel.jpg\",\"contentUrl\":\"https:\/\/www.euroakademie.de\/magazin\/wp-content\/uploads\/2022\/03\/pwc_titel.jpg\",\"width\":702,\"height\":336,\"caption\":\"\"},{\"@type\":\"BreadcrumbList\",\"@id\":\"https:\/\/www.euroakademie.de\/magazin\/ein-tag-bei-pwc-in-luxemburg\/#breadcrumb\",\"itemListElement\":[{\"@type\":\"ListItem\",\"position\":1,\"name\":\"Startseite\",\"item\":\"https:\/\/www.euroakademie.de\/magazin\/\"},{\"@type\":\"ListItem\",\"position\":2,\"name\":\"\u201eA day @ PwC\u201c \u2013 Ein Tag bei PwC in Luxemburg\"}]},{\"@type\":\"WebSite\",\"@id\":\"https:\/\/www.euroakademie.de\/magazin\/#website\",\"url\":\"https:\/\/www.euroakademie.de\/magazin\/\",\"name\":\"Das Euro Akademie Magazin\",\"description\":\"Gut informiert durch Ausbildung und Studium\",\"publisher\":{\"@id\":\"https:\/\/www.euroakademie.de\/magazin\/#organization\"},\"potentialAction\":[{\"@type\":\"SearchAction\",\"target\":{\"@type\":\"EntryPoint\",\"urlTemplate\":\"https:\/\/www.euroakademie.de\/magazin\/?s={search_term_string}\"},\"query-input\":{\"@type\":\"PropertyValueSpecification\",\"valueRequired\":true,\"valueName\":\"search_term_string\"}}],\"inLanguage\":\"de\"},{\"@type\":\"Organization\",\"@id\":\"https:\/\/www.euroakademie.de\/magazin\/#organization\",\"name\":\"ESO Education Group\",\"url\":\"https:\/\/www.euroakademie.de\/magazin\/\",\"logo\":{\"@type\":\"ImageObject\",\"inLanguage\":\"de\",\"@id\":\"https:\/\/www.euroakademie.de\/magazin\/#\/schema\/logo\/image\/\",\"url\":\"https:\/\/relaunch.euroakademie.de\/magazin\/wp-content\/uploads\/2024\/11\/Logo_EA_negativ_Rahmen_5cm_300dpi_RGB.jpg\",\"contentUrl\":\"https:\/\/relaunch.euroakademie.de\/magazin\/wp-content\/uploads\/2024\/11\/Logo_EA_negativ_Rahmen_5cm_300dpi_RGB.jpg\",\"width\":591,\"height\":236,\"caption\":\"ESO Education Group\"},\"image\":{\"@id\":\"https:\/\/www.euroakademie.de\/magazin\/#\/schema\/logo\/image\/\"}},{\"@type\":\"Person\",\"@id\":\"https:\/\/www.euroakademie.de\/magazin\/#\/schema\/person\/6c9b7b6db765ee31640d80c936be3686\",\"name\":\"Redaktion\",\"description\":\"Die Redaktion des Euro Akademie Magazins h\u00e4lt Sie regelm\u00e4\u00dfig mit hintergr\u00fcndigen Artikeln auf dem Laufenden. Auf Basis einer fundierten Recherche und mit Spa\u00df am Schreiben erstellen die Redakteur*innen informative und unterhaltsame Inhalte f\u00fcr Sie.\",\"url\":\"https:\/\/www.euroakademie.de\/magazin\/author\/redaktion\/\"}]}<\/script>\n<!-- \/ Yoast SEO plugin. -->","yoast_head_json":{"title":"Ein Tag bei PwC in Luxemburg - Euro Akademie Wirtschaft &amp; Management","description":"Die Abschlussklasse der Europasekret\u00e4r*innen unternahm eine Exkursion nach Luxemburg zu der Wirtschaftspr\u00fcfungsgesellschaft PwC.","robots":{"index":"index","follow":"follow","max-snippet":"max-snippet:-1","max-image-preview":"max-image-preview:large","max-video-preview":"max-video-preview:-1"},"canonical":"https:\/\/www.euroakademie.de\/magazin\/ein-tag-bei-pwc-in-luxemburg\/","og_locale":"de_DE","og_type":"article","og_title":"Ein Tag bei PwC in Luxemburg - Euro Akademie Wirtschaft &amp; Management","og_description":"Die Abschlussklasse der Europasekret\u00e4r*innen unternahm eine Exkursion nach Luxemburg zu der Wirtschaftspr\u00fcfungsgesellschaft PwC.","og_url":"https:\/\/www.euroakademie.de\/magazin\/ein-tag-bei-pwc-in-luxemburg\/","og_site_name":"Das Euro Akademie Magazin","article_published_time":"2022-03-16T14:07:00+00:00","article_modified_time":"2024-12-04T10:51:06+00:00","og_image":[{"width":702,"height":336,"url":"https:\/\/www.euroakademie.de\/magazin\/wp-content\/uploads\/2022\/03\/pwc_titel.jpg","type":"image\/jpeg"}],"author":"Redaktion","twitter_card":"summary_large_image","twitter_misc":{"Verfasst von":"Redaktion","Gesch\u00e4tzte Lesezeit":"1\u00a0Minute"},"schema":{"@context":"https:\/\/schema.org","@graph":[{"@type":"Article","@id":"https:\/\/www.euroakademie.de\/magazin\/ein-tag-bei-pwc-in-luxemburg\/#article","isPartOf":{"@id":"https:\/\/www.euroakademie.de\/magazin\/ein-tag-bei-pwc-in-luxemburg\/"},"author":{"name":"Redaktion","@id":"https:\/\/www.euroakademie.de\/magazin\/#\/schema\/person\/6c9b7b6db765ee31640d80c936be3686"},"headline":"\u201eA day @ PwC\u201c \u2013 Ein Tag bei PwC in Luxemburg","datePublished":"2022-03-16T14:07:00+00:00","dateModified":"2024-12-04T10:51:06+00:00","mainEntityOfPage":{"@id":"https:\/\/www.euroakademie.de\/magazin\/ein-tag-bei-pwc-in-luxemburg\/"},"wordCount":684,"publisher":{"@id":"https:\/\/www.euroakademie.de\/magazin\/#organization"},"image":{"@id":"https:\/\/www.euroakademie.de\/magazin\/ein-tag-bei-pwc-in-luxemburg\/#primaryimage"},"thumbnailUrl":"https:\/\/www.euroakademie.de\/magazin\/wp-content\/uploads\/2022\/03\/pwc_titel.jpg","articleSection":["Trier","Wirtschaft &amp; Management"],"inLanguage":"de"},{"@type":"WebPage","@id":"https:\/\/www.euroakademie.de\/magazin\/ein-tag-bei-pwc-in-luxemburg\/","url":"https:\/\/www.euroakademie.de\/magazin\/ein-tag-bei-pwc-in-luxemburg\/","name":"Ein Tag bei PwC in Luxemburg - Euro Akademie Wirtschaft &amp; Management","isPartOf":{"@id":"https:\/\/www.euroakademie.de\/magazin\/#website"},"primaryImageOfPage":{"@id":"https:\/\/www.euroakademie.de\/magazin\/ein-tag-bei-pwc-in-luxemburg\/#primaryimage"},"image":{"@id":"https:\/\/www.euroakademie.de\/magazin\/ein-tag-bei-pwc-in-luxemburg\/#primaryimage"},"thumbnailUrl":"https:\/\/www.euroakademie.de\/magazin\/wp-content\/uploads\/2022\/03\/pwc_titel.jpg","datePublished":"2022-03-16T14:07:00+00:00","dateModified":"2024-12-04T10:51:06+00:00","description":"Die Abschlussklasse der Europasekret\u00e4r*innen unternahm eine Exkursion nach Luxemburg zu der Wirtschaftspr\u00fcfungsgesellschaft PwC.","breadcrumb":{"@id":"https:\/\/www.euroakademie.de\/magazin\/ein-tag-bei-pwc-in-luxemburg\/#breadcrumb"},"inLanguage":"de","potentialAction":[{"@type":"ReadAction","target":["https:\/\/www.euroakademie.de\/magazin\/ein-tag-bei-pwc-in-luxemburg\/"]}]},{"@type":"ImageObject","inLanguage":"de","@id":"https:\/\/www.euroakademie.de\/magazin\/ein-tag-bei-pwc-in-luxemburg\/#primaryimage","url":"https:\/\/www.euroakademie.de\/magazin\/wp-content\/uploads\/2022\/03\/pwc_titel.jpg","contentUrl":"https:\/\/www.euroakademie.de\/magazin\/wp-content\/uploads\/2022\/03\/pwc_titel.jpg","width":702,"height":336,"caption":""},{"@type":"BreadcrumbList","@id":"https:\/\/www.euroakademie.de\/magazin\/ein-tag-bei-pwc-in-luxemburg\/#breadcrumb","itemListElement":[{"@type":"ListItem","position":1,"name":"Startseite","item":"https:\/\/www.euroakademie.de\/magazin\/"},{"@type":"ListItem","position":2,"name":"\u201eA day @ PwC\u201c \u2013 Ein Tag bei PwC in Luxemburg"}]},{"@type":"WebSite","@id":"https:\/\/www.euroakademie.de\/magazin\/#website","url":"https:\/\/www.euroakademie.de\/magazin\/","name":"Das Euro Akademie Magazin","description":"Gut informiert durch Ausbildung und Studium","publisher":{"@id":"https:\/\/www.euroakademie.de\/magazin\/#organization"},"potentialAction":[{"@type":"SearchAction","target":{"@type":"EntryPoint","urlTemplate":"https:\/\/www.euroakademie.de\/magazin\/?s={search_term_string}"},"query-input":{"@type":"PropertyValueSpecification","valueRequired":true,"valueName":"search_term_string"}}],"inLanguage":"de"},{"@type":"Organization","@id":"https:\/\/www.euroakademie.de\/magazin\/#organization","name":"ESO Education Group","url":"https:\/\/www.euroakademie.de\/magazin\/","logo":{"@type":"ImageObject","inLanguage":"de","@id":"https:\/\/www.euroakademie.de\/magazin\/#\/schema\/logo\/image\/","url":"https:\/\/relaunch.euroakademie.de\/magazin\/wp-content\/uploads\/2024\/11\/Logo_EA_negativ_Rahmen_5cm_300dpi_RGB.jpg","contentUrl":"https:\/\/relaunch.euroakademie.de\/magazin\/wp-content\/uploads\/2024\/11\/Logo_EA_negativ_Rahmen_5cm_300dpi_RGB.jpg","width":591,"height":236,"caption":"ESO Education Group"},"image":{"@id":"https:\/\/www.euroakademie.de\/magazin\/#\/schema\/logo\/image\/"}},{"@type":"Person","@id":"https:\/\/www.euroakademie.de\/magazin\/#\/schema\/person\/6c9b7b6db765ee31640d80c936be3686","name":"Redaktion","description":"Die Redaktion des Euro Akademie Magazins h\u00e4lt Sie regelm\u00e4\u00dfig mit hintergr\u00fcndigen Artikeln auf dem Laufenden. Auf Basis einer fundierten Recherche und mit Spa\u00df am Schreiben erstellen die Redakteur*innen informative und unterhaltsame Inhalte f\u00fcr Sie.","url":"https:\/\/www.euroakademie.de\/magazin\/author\/redaktion\/"}]}},"_links":{"self":[{"href":"https:\/\/www.euroakademie.de\/magazin\/wp-json\/wp\/v2\/posts\/15869","targetHints":{"allow":["GET"]}}],"collection":[{"href":"https:\/\/www.euroakademie.de\/magazin\/wp-json\/wp\/v2\/posts"}],"about":[{"href":"https:\/\/www.euroakademie.de\/magazin\/wp-json\/wp\/v2\/types\/post"}],"author":[{"embeddable":true,"href":"https:\/\/www.euroakademie.de\/magazin\/wp-json\/wp\/v2\/users\/7"}],"replies":[{"embeddable":true,"href":"https:\/\/www.euroakademie.de\/magazin\/wp-json\/wp\/v2\/comments?post=15869"}],"version-history":[{"count":2,"href":"https:\/\/www.euroakademie.de\/magazin\/wp-json\/wp\/v2\/posts\/15869\/revisions"}],"predecessor-version":[{"id":25395,"href":"https:\/\/www.euroakademie.de\/magazin\/wp-json\/wp\/v2\/posts\/15869\/revisions\/25395"}],"wp:featuredmedia":[{"embeddable":true,"href":"https:\/\/www.euroakademie.de\/magazin\/wp-json\/wp\/v2\/media\/15875"}],"wp:attachment":[{"href":"https:\/\/www.euroakademie.de\/magazin\/wp-json\/wp\/v2\/media?parent=15869"}],"wp:term":[{"taxonomy":"category","embeddable":true,"href":"https:\/\/www.euroakademie.de\/magazin\/wp-json\/wp\/v2\/categories?post=15869"},{"taxonomy":"post_tag","embeddable":true,"href":"https:\/\/www.euroakademie.de\/magazin\/wp-json\/wp\/v2\/tags?post=15869"}],"curies":[{"name":"wp","href":"https:\/\/api.w.org\/{rel}","templated":true}]}}