{"id":16113,"date":"2022-05-05T09:50:42","date_gmt":"2022-05-05T07:50:42","guid":{"rendered":"https:\/\/www.euroakademie.de\/magazin\/?p=16113"},"modified":"2024-12-04T10:51:56","modified_gmt":"2024-12-04T09:51:56","slug":"spezialistinnen-fuer-it-und-wirtschaft-in-allen-brachen-gefragt","status":"publish","type":"post","link":"https:\/\/www.euroakademie.de\/magazin\/spezialistinnen-fuer-it-und-wirtschaft-in-allen-brachen-gefragt\/","title":{"rendered":"Spezialist*innen f\u00fcr IT und Wirtschaft in allen Branchen gefragt"},"content":{"rendered":"<p><![CDATA[\n<\/p>\n\n\n<p><strong>An der Euro Akademie Wiesbaden k\u00f6nnen Sie sich zum*r Kaufm\u00e4nnischen Assistent*in \u2013 Informationstechnologie &#8211; Wirtschaft ausbilden lassen. Dieser Ausbildungsgang dauert zwei Jahre und vereint zukunftsweisende Disziplinen unter einem Dach: Informationstechnologie, Betriebswirtschaft und Kommunikation. Eine interessante Kombination, die in Unternehmen stark gefragt ist. In unserem folgenden Gespr\u00e4ch mit Fachlehrerin Anissa El Yousfi, erfahren Sie mehr \u00fcber diesen spannenden Ausbildungsgang \u2013 und ob er auch zu Ihnen passt.<\/strong><\/p>\n\n\n\n<p>Die <a rel=\"noreferrer noopener\" aria-label=\"Ausbildung zum*r staatlich gepr\u00fcften Kaufm\u00e4nnischen Assistent*\nin \u2013 Informationsverarbeitung - Wirtschaft  (\u00f6ffnet in neuem Tab)\" href=\"https:\/\/www.euroakademie.de\/standorte\/wiesbaden\/ausbildung\/kaufmaennische-assistenz-informationsverarbeitung.html\" target=\"_blank\">Ausbildung zum*r staatlich gepr\u00fcften Kaufm\u00e4nnischen Assistent*in \u2013 Informationsverarbeitung &#8211; Wirtschaft <\/a>an der Euro Akademie Wiesbaden dauert zwei Jahre. In dieser Zeit lernen die Sch\u00fcler*innen Programmiersprachen, bekommen Kenntnisse im Projektmanagement, im Marketing, in der interkulturellen Kommunikation, in Englisch, Betriebswirtschaft und weiteren Bereichen. Das sind vielf\u00e4ltige und anspruchsvolle Inhalte \u2013 sich diese anzueignen, nimmt Zeit in Anspruch. Au\u00dferdem k\u00f6nnen Sch\u00fcler*innen ihre Fachhochschulreife gleich mit erwerben. <\/p>\n\n\n\n<p><strong>Wie ist die Ausbildung aufgebaut, um diese umfangreichen Kenntnisse in 24 Monaten zu vermitteln? <\/strong><\/p>\n\n\n\n<p>Im ersten Ausbildungsjahr lernen die Sch\u00fcler*innen im Bereich Informationstechnologie alle Inhalte, um eine komplette Webseite und Datenbanken zu entwickeln. Im Bereich der Wirtschaft werden Grundlagen vermittelt zum Beispiel zum Vertragsrecht und zu Gr\u00fcndung eines Unternehmens. Die Ausbildung wird erg\u00e4nzt um allgemeinbildende F\u00e4cher. <\/p>\n\n\n\n<p>Im zweiten Ausbildungsjahr lernen die Sch\u00fcler*innen Webseiten und Datenbanken zu entwickeln und diese in einem kompletten Verwaltungssystem zu verkn\u00fcpfen. Dabei werden weitere Skriptsprachen wie JavaScript und PHP erlernt. Dazu kommen Inhalte zu Rechnernetzen, Finanzierung und Projektmanagement.<\/p>\n\n\n\n<p><strong>Die Ausbildung an der Euro Akademie ist eine schulische. Was zeichnet eine solche schulische Ausbildung aus?  <\/strong><\/p>\n\n\n\n<p>In kleinen Projekten entwickeln die Sch\u00fcler*innen eine Software, programmieren Anwendungen und gestalten die Benutzeroberfl\u00e4chen. Im Bereich der Systemintegration sind die Sch\u00fcler und Sch\u00fclerinnen daf\u00fcr verantwortlich, dass alles rund um die IT in einem Unternehmen zum Beispiel problemlos funktioniert. Sie installieren Hardwarekomponenten und richten das Betriebssystem sowie Netzwerke ein. Wenn bei der Installation der Software oder Konfiguration der Hardware Probleme auftreten, m\u00fcssen die Sch\u00fcler*innen das Problem l\u00f6sen. <\/p>\n\n\n\n<p>Durch die selbstst\u00e4ndige Arbeit in kleinen Teams bekommen unsere angehenden <a rel=\"noreferrer noopener\" aria-label=\"Kaufm\u00e4nnischen Assistent*innen der Informationsverarbeitung (\u00f6ffnet in neuem Tab)\" href=\"https:\/\/www.euroakademie.de\/magazin\/2-abschluesse-in-2-jahren-expertin-in-wirtschaft-und-it-werden\/\" target=\"_blank\">Kaufm\u00e4nnischen Assistent*innen der Informationsverarbeitung<\/a> ein probleml\u00f6sungsorientiertes Vorgehen vermittelt, das ihnen sp\u00e4ter in Unternehmen zugute kommt. Auch Teamf\u00e4higkeit wird w\u00e4hrend der Ausbildung an der Euro Akademie Wiesbaden ganz gro\u00dfgeschrieben. Au\u00dferdem stehen die Lehrkr\u00e4fte jederzeit als Ansprechpartner*innen zur Verf\u00fcgung und k\u00f6nnen die Sch\u00fcler*innen so optimal unterst\u00fctzen. <\/p>\n\n\n\n<p><strong>Wie sieht es mit praktischen Erfahrungen w\u00e4hrend der Ausbildung aus?<\/strong><\/p>\n\n\n\n<p>In einem vierw\u00f6chigen Praktikum haben die Sch\u00fcler*innen die M\u00f6glichkeit, ihre Kenntnisse des ersten Ausbildungsjahres in einem Betrieb ihrer Wahl anzuwenden und bereits erste Kontakte zu interessanten Unternehmen zu kn\u00fcpfen.<\/p>\n\n\n\n<p><strong>Was zeichnet den Ausbildungsgang zum*r Kaufm\u00e4nnischen Assistent*in  Informationstechnologie &#8211; Wirtschaft im Besonderen aus? Wie hebt er sich von \u00e4hnlichen Ausbildungen ab?<\/strong><\/p>\n\n\n\n<p>Die Sch\u00fcler*innen haben einen ein Lernort: ausschlie\u00dflich an der staatlich anerkannten Berufsfachschule, der Euro Akademie. Die Ausbildungsdauer betr\u00e4gt nur 2 Jahre \u2013 die Fachhochschulreife kann optional erworben werden. Zudem ist die Ausbildung BAf\u00f6G gef\u00f6rdert. Die schulische Ausbildung vermittelt umfangreiches und fundiertes Basiswissen und wichtige Grundlagen in den Bereichen IT und Wirtschaft. Sie bietet mehr Spielraum f\u00fcr die sp\u00e4tere Festlegung des Schwerpunktes in den oben genannten Bereichen.  <\/p>\n\n\n\n<p>Unsere Sch\u00fcler*innen lernen mit den Programmiersprachen, ein komplettes System selbst zu entwickeln. In anderen Instituten wird die Ausbildung in der Fachrichtung Mediendesign angeboten. Dabei greifen die Sch\u00fcler*innen bei der Entwicklung einer Webseite aber auf einen fertigen Baukasten zur\u00fcck.<\/p>\n\n\n\n<p><strong>Welche F\u00e4higkeiten oder Interessen sollte jemand mitbringen, der die Ausbildung zum*r Kaufm\u00e4nnischen Assistent*in \u2013 Informationsverarbeitung Wirtschaft absolvieren m\u00f6chte?<\/strong><\/p>\n\n\n\n<p>Mitbringen sollten die Sch\u00fcler und Sch\u00fclerinnen nat\u00fcrlich ein gro\u00dfes Interesse an Computern, Technik und Software sowie an allen betriebswirtschaftlichen Themen. Zudem sollte es ihnen leichtfallen, logisch zu denken. Auch ein sehr gutes Verst\u00e4ndnis f\u00fcr Zahlen und Mathematik wird ihnen in dieser Ausbildung weiterhelfen. Da Software-Programme oft nur auf Englisch zur Verf\u00fcgung stehen, sollten sie sich auch auf diese Sprache einlassen. Auf formaler Ebene ben\u00f6tigen sie einen mittleren Schulabschluss. Sonst sind keinerlei Vorkenntnisse erforderlich. Wir nehmen unsere Sch\u00fcler*innen St\u00fcck f\u00fcr St\u00fcck mit in die Welt der IT und Wirtschaft.    \ud83d\ude0a<\/p>\n\n\n\n<p><strong>Wenn Ihre Sch\u00fcler*innen die Ausbildung erfolgreich beendet haben, in welchen Bereichen arbeiten diese dann?  <\/strong><\/p>\n\n\n\n<p>Die Sch\u00fcler*innen k\u00f6nnen verschiedene Arbeitsorte w\u00e4hlen. Meistens arbeiten sie in B\u00fcros oder in Rechenzentren am Bildschirm. Sie k\u00f6nnen ebenfalls im Bereich der Produktion, im Marketing oder Einkauf und der Verwaltung t\u00e4tig sein. Dabei k\u00f6nnen Firmen in allen Gr\u00f6\u00dfen in Frage kommen, in denen sie als Systemadministrator*innen die zentrale Anlaufstelle f\u00fcr die unterschiedlichsten technischen Angelegenheiten sein k\u00f6nnen.<\/p>\n\n\n\n<p><strong>Nicht immer m\u00f6chte man nach einer Ausbildung gleich in den Beruf einsteigen. Oft entdeckt man w\u00e4hrend dieser Zeit ganz neue Talente oder Interessen und m\u00f6chte sich vielleicht in einem bestimmten Bereich spezialisieren oder weiteres Wissen aneignen. Welche Aufbaum\u00f6glichkeiten hat man nach der Ausbildung?<\/strong><\/p>\n\n\n\n<p>Die Sch\u00fclerinnen und Sch\u00fcler haben sehr gute Fort- und Weiterbildungsm\u00f6glichkeiten, sodass Sie auch F\u00fchrungspositionen erreichen k\u00f6nnen. Sie k\u00f6nnen durch den zus\u00e4tzlichen Erwerb der Fachhochschulreife ein Studium im Bereich der Informatik oder Wirtschaft absolvieren. H\u00e4ufig entscheiden sich unsere Absolvent*innen f\u00fcr den Bereich Informatik oder Wirtschaft, manche aber auch f\u00fcr andere Studieng\u00e4nge zum Beispiel Architektur, Maschinenbau oder Immobilienmanagement. Wer sich nicht f\u00fcr ein Studium entscheidet, kann sich nach einigen Berufsjahren auch durch eine Weiterbildung zum*r Fachwirt*in h\u00f6her qualifizieren. Durch diese Spezialisierungen k\u00f6nnen sie zu echten Expert*innen werden. <\/p>\n\n\n\n<p><strong>Die Vermittlung des fachlichen Wissens ist der Kern einer Ausbildung. Worauf legen Sie an der Euro Akademie dar\u00fcber hinaus wert? <\/strong><\/p>\n\n\n\n<ul class=\"wp-block-list\">\n<li>auf einen fast schon famili\u00e4ren Umgang mit unseren Sch\u00fcler*innen<\/li>\n\n\n\n<li>auf eine sehr enge Zusammenarbeit von Sch\u00fcler*innen und Lehrkr\u00e4ften w\u00e4hrend der Ausbildung<\/li>\n\n\n\n<li>jungen Menschen eine Perspektive f\u00fcr ihren weiteren Werdegang aufzuzeigen und sie zu einem qualifizierten Abschluss zu f\u00fchren<\/li>\n\n\n\n<li>wir h\u00f6ren unseren Sch\u00fcler*innen genau zu und versuchen jeder*jedem ein gewisses Tempo beim Lernen zu erm\u00f6glichen<\/li>\n\n\n\n<li>auf ein faires Miteinander gepr\u00e4gt durch Toleranz und gegenseitigen Respekt. <\/li>\n<\/ul>\n\n\n\n<p><strong>Herzlichen Dank f\u00fcr das Interview, Frau El Yousfi <\/strong><\/p>\n\n\n\n<div class=\"wp-block-buttons is-content-justification-center is-layout-flex wp-container-core-buttons-is-layout-16018d1d wp-block-buttons-is-layout-flex\">\n<div class=\"wp-block-button has-custom-font-size has-regular-font-size\"><a class=\"wp-block-button__link has-white-color has-text-color has-background wp-element-button\" href=\"https:\/\/www.euroakademie.de\/details\/D_____AZ2_F18S_1\/Kaufmaennischer-Assistentin-Fachrichtung-Informationsverarbeitun\" style=\"background-color:#0abbef;padding-top:var(--wp--preset--spacing--30);padding-right:var(--wp--preset--spacing--20);padding-bottom:var(--wp--preset--spacing--30);padding-left:var(--wp--preset--spacing--20)\"> Hier geht&#8217;s lang zu Ihrem Ausbildungsplatz &#8222;Kaufm\u00e4nnische Assistent*in der Informationsverarbeitung&#8220; <\/a><\/div>\n<\/div>\n\n\n\n<p><em>Bildquelle Beitragsbild: \u00a9puhhha \/shutterstock.com<\/em><\/p>\n","protected":false},"excerpt":{"rendered":"<p>\t\t\t\t<![CDATA[Sie m\u00f6chten Programmieren lernen und die Entwicklung von Websites finden Sie spannend? Dann ist die Ausbildung zum*r Kaufm\u00e4nnischen Assistent*in der Informationsverarbeitung genau das richtige f\u00fcr Sie.]]>\t\t<\/p>\n","protected":false},"author":58,"featured_media":16117,"comment_status":"closed","ping_status":"closed","sticky":false,"template":"","format":"standard","meta":{"footnotes":""},"categories":[121,43,46],"tags":[4282,4456,6715],"class_list":{"0":"post-16113","1":"post","2":"type-post","3":"status-publish","4":"format-standard","5":"has-post-thumbnail","7":"category-im-gespraech","8":"category-wiesbaden","9":"category-wirtschaft-management","10":"tag-it","11":"tag-kaufmaennischer-assistent","12":"tag-programmieren"},"yoast_head":"<!-- This site is optimized with the Yoast SEO plugin v23.5 - https:\/\/yoast.com\/wordpress\/plugins\/seo\/ -->\n<title>Ausbildung Kaufm\u00e4nnische*r Assistentin: Spezialist*in f\u00fcr IT und Wirtschaft<\/title>\n<meta name=\"description\" content=\"Sie m\u00f6chten Programmieren lernen und die Entwicklung von Websites finden Sie spannend? Werden Sie Kaufm\u00e4nnische*r Assistent*in der Informationsverarbeitung.\" \/>\n<meta name=\"robots\" content=\"index, follow, max-snippet:-1, max-image-preview:large, max-video-preview:-1\" \/>\n<link rel=\"canonical\" href=\"https:\/\/www.euroakademie.de\/magazin\/spezialistinnen-fuer-it-und-wirtschaft-in-allen-brachen-gefragt\/\" \/>\n<meta property=\"og:locale\" content=\"de_DE\" \/>\n<meta property=\"og:type\" content=\"article\" \/>\n<meta property=\"og:title\" content=\"Ausbildung Kaufm\u00e4nnische*r Assistentin: Spezialist*in f\u00fcr IT und Wirtschaft\" \/>\n<meta property=\"og:description\" content=\"Sie m\u00f6chten Programmieren lernen und die Entwicklung von Websites finden Sie spannend? Werden Sie Kaufm\u00e4nnische*r Assistent*in der Informationsverarbeitung.\" \/>\n<meta property=\"og:url\" content=\"https:\/\/www.euroakademie.de\/magazin\/spezialistinnen-fuer-it-und-wirtschaft-in-allen-brachen-gefragt\/\" \/>\n<meta property=\"og:site_name\" content=\"Das Euro Akademie Magazin\" \/>\n<meta property=\"article:published_time\" content=\"2022-05-05T07:50:42+00:00\" \/>\n<meta property=\"article:modified_time\" content=\"2024-12-04T09:51:56+00:00\" \/>\n<meta property=\"og:image\" content=\"https:\/\/www.euroakademie.de\/magazin\/wp-content\/uploads\/2022\/05\/shutterstock_1032634369_702x336.jpg\" \/>\n\t<meta property=\"og:image:width\" content=\"702\" \/>\n\t<meta property=\"og:image:height\" content=\"336\" \/>\n\t<meta property=\"og:image:type\" content=\"image\/jpeg\" \/>\n<meta name=\"author\" content=\"Tanja H\u00f6fling\" \/>\n<meta name=\"twitter:card\" content=\"summary_large_image\" \/>\n<meta name=\"twitter:label1\" content=\"Verfasst von\" \/>\n\t<meta name=\"twitter:data1\" content=\"Tanja H\u00f6fling\" \/>\n\t<meta name=\"twitter:label2\" content=\"Gesch\u00e4tzte Lesezeit\" \/>\n\t<meta name=\"twitter:data2\" content=\"1\u00a0Minute\" \/>\n<script type=\"application\/ld+json\" class=\"yoast-schema-graph\">{\"@context\":\"https:\/\/schema.org\",\"@graph\":[{\"@type\":\"Article\",\"@id\":\"https:\/\/www.euroakademie.de\/magazin\/spezialistinnen-fuer-it-und-wirtschaft-in-allen-brachen-gefragt\/#article\",\"isPartOf\":{\"@id\":\"https:\/\/www.euroakademie.de\/magazin\/spezialistinnen-fuer-it-und-wirtschaft-in-allen-brachen-gefragt\/\"},\"author\":{\"name\":\"Tanja H\u00f6fling\",\"@id\":\"https:\/\/www.euroakademie.de\/magazin\/#\/schema\/person\/2c0d3896d19e86373c87f4ac022d4919\"},\"headline\":\"Spezialist*innen f\u00fcr IT und Wirtschaft in allen Branchen gefragt\",\"datePublished\":\"2022-05-05T07:50:42+00:00\",\"dateModified\":\"2024-12-04T09:51:56+00:00\",\"mainEntityOfPage\":{\"@id\":\"https:\/\/www.euroakademie.de\/magazin\/spezialistinnen-fuer-it-und-wirtschaft-in-allen-brachen-gefragt\/\"},\"wordCount\":1082,\"publisher\":{\"@id\":\"https:\/\/www.euroakademie.de\/magazin\/#organization\"},\"image\":{\"@id\":\"https:\/\/www.euroakademie.de\/magazin\/spezialistinnen-fuer-it-und-wirtschaft-in-allen-brachen-gefragt\/#primaryimage\"},\"thumbnailUrl\":\"https:\/\/www.euroakademie.de\/magazin\/wp-content\/uploads\/2022\/05\/shutterstock_1032634369_702x336.jpg\",\"keywords\":[\"IT\",\"Kaufm\u00e4nnischer Assistent\",\"programmieren\"],\"articleSection\":[\"Im Gespr\u00e4ch\",\"Wiesbaden\",\"Wirtschaft &amp; Management\"],\"inLanguage\":\"de\"},{\"@type\":\"WebPage\",\"@id\":\"https:\/\/www.euroakademie.de\/magazin\/spezialistinnen-fuer-it-und-wirtschaft-in-allen-brachen-gefragt\/\",\"url\":\"https:\/\/www.euroakademie.de\/magazin\/spezialistinnen-fuer-it-und-wirtschaft-in-allen-brachen-gefragt\/\",\"name\":\"Ausbildung Kaufm\u00e4nnische*r Assistentin: Spezialist*in f\u00fcr IT und Wirtschaft\",\"isPartOf\":{\"@id\":\"https:\/\/www.euroakademie.de\/magazin\/#website\"},\"primaryImageOfPage\":{\"@id\":\"https:\/\/www.euroakademie.de\/magazin\/spezialistinnen-fuer-it-und-wirtschaft-in-allen-brachen-gefragt\/#primaryimage\"},\"image\":{\"@id\":\"https:\/\/www.euroakademie.de\/magazin\/spezialistinnen-fuer-it-und-wirtschaft-in-allen-brachen-gefragt\/#primaryimage\"},\"thumbnailUrl\":\"https:\/\/www.euroakademie.de\/magazin\/wp-content\/uploads\/2022\/05\/shutterstock_1032634369_702x336.jpg\",\"datePublished\":\"2022-05-05T07:50:42+00:00\",\"dateModified\":\"2024-12-04T09:51:56+00:00\",\"description\":\"Sie m\u00f6chten Programmieren lernen und die Entwicklung von Websites finden Sie spannend? Werden Sie Kaufm\u00e4nnische*r Assistent*in der Informationsverarbeitung.\",\"breadcrumb\":{\"@id\":\"https:\/\/www.euroakademie.de\/magazin\/spezialistinnen-fuer-it-und-wirtschaft-in-allen-brachen-gefragt\/#breadcrumb\"},\"inLanguage\":\"de\",\"potentialAction\":[{\"@type\":\"ReadAction\",\"target\":[\"https:\/\/www.euroakademie.de\/magazin\/spezialistinnen-fuer-it-und-wirtschaft-in-allen-brachen-gefragt\/\"]}]},{\"@type\":\"ImageObject\",\"inLanguage\":\"de\",\"@id\":\"https:\/\/www.euroakademie.de\/magazin\/spezialistinnen-fuer-it-und-wirtschaft-in-allen-brachen-gefragt\/#primaryimage\",\"url\":\"https:\/\/www.euroakademie.de\/magazin\/wp-content\/uploads\/2022\/05\/shutterstock_1032634369_702x336.jpg\",\"contentUrl\":\"https:\/\/www.euroakademie.de\/magazin\/wp-content\/uploads\/2022\/05\/shutterstock_1032634369_702x336.jpg\",\"width\":702,\"height\":336,\"caption\":\"\"},{\"@type\":\"BreadcrumbList\",\"@id\":\"https:\/\/www.euroakademie.de\/magazin\/spezialistinnen-fuer-it-und-wirtschaft-in-allen-brachen-gefragt\/#breadcrumb\",\"itemListElement\":[{\"@type\":\"ListItem\",\"position\":1,\"name\":\"Startseite\",\"item\":\"https:\/\/www.euroakademie.de\/magazin\/\"},{\"@type\":\"ListItem\",\"position\":2,\"name\":\"Spezialist*innen f\u00fcr IT und Wirtschaft in allen Branchen gefragt\"}]},{\"@type\":\"WebSite\",\"@id\":\"https:\/\/www.euroakademie.de\/magazin\/#website\",\"url\":\"https:\/\/www.euroakademie.de\/magazin\/\",\"name\":\"Das Euro Akademie Magazin\",\"description\":\"Gut informiert durch Ausbildung und Studium\",\"publisher\":{\"@id\":\"https:\/\/www.euroakademie.de\/magazin\/#organization\"},\"potentialAction\":[{\"@type\":\"SearchAction\",\"target\":{\"@type\":\"EntryPoint\",\"urlTemplate\":\"https:\/\/www.euroakademie.de\/magazin\/?s={search_term_string}\"},\"query-input\":{\"@type\":\"PropertyValueSpecification\",\"valueRequired\":true,\"valueName\":\"search_term_string\"}}],\"inLanguage\":\"de\"},{\"@type\":\"Organization\",\"@id\":\"https:\/\/www.euroakademie.de\/magazin\/#organization\",\"name\":\"ESO Education Group\",\"url\":\"https:\/\/www.euroakademie.de\/magazin\/\",\"logo\":{\"@type\":\"ImageObject\",\"inLanguage\":\"de\",\"@id\":\"https:\/\/www.euroakademie.de\/magazin\/#\/schema\/logo\/image\/\",\"url\":\"https:\/\/relaunch.euroakademie.de\/magazin\/wp-content\/uploads\/2024\/11\/Logo_EA_negativ_Rahmen_5cm_300dpi_RGB.jpg\",\"contentUrl\":\"https:\/\/relaunch.euroakademie.de\/magazin\/wp-content\/uploads\/2024\/11\/Logo_EA_negativ_Rahmen_5cm_300dpi_RGB.jpg\",\"width\":591,\"height\":236,\"caption\":\"ESO Education Group\"},\"image\":{\"@id\":\"https:\/\/www.euroakademie.de\/magazin\/#\/schema\/logo\/image\/\"}},{\"@type\":\"Person\",\"@id\":\"https:\/\/www.euroakademie.de\/magazin\/#\/schema\/person\/2c0d3896d19e86373c87f4ac022d4919\",\"name\":\"Tanja H\u00f6fling\",\"description\":\"Von Juli 2017 bis Juli 2022 informierte die ehemalige Online-Redakteurin des Euro Akademie Magazins regelm\u00e4\u00dfig \u00fcber Aktuelles und Wissenswertes zu den Themen Ausbildung, Studium und Beruf.\",\"url\":\"https:\/\/www.euroakademie.de\/magazin\/author\/hoeflingt\/\"}]}<\/script>\n<!-- \/ Yoast SEO plugin. -->","yoast_head_json":{"title":"Ausbildung Kaufm\u00e4nnische*r Assistentin: Spezialist*in f\u00fcr IT und Wirtschaft","description":"Sie m\u00f6chten Programmieren lernen und die Entwicklung von Websites finden Sie spannend? Werden Sie Kaufm\u00e4nnische*r Assistent*in der Informationsverarbeitung.","robots":{"index":"index","follow":"follow","max-snippet":"max-snippet:-1","max-image-preview":"max-image-preview:large","max-video-preview":"max-video-preview:-1"},"canonical":"https:\/\/www.euroakademie.de\/magazin\/spezialistinnen-fuer-it-und-wirtschaft-in-allen-brachen-gefragt\/","og_locale":"de_DE","og_type":"article","og_title":"Ausbildung Kaufm\u00e4nnische*r Assistentin: Spezialist*in f\u00fcr IT und Wirtschaft","og_description":"Sie m\u00f6chten Programmieren lernen und die Entwicklung von Websites finden Sie spannend? Werden Sie Kaufm\u00e4nnische*r Assistent*in der Informationsverarbeitung.","og_url":"https:\/\/www.euroakademie.de\/magazin\/spezialistinnen-fuer-it-und-wirtschaft-in-allen-brachen-gefragt\/","og_site_name":"Das Euro Akademie Magazin","article_published_time":"2022-05-05T07:50:42+00:00","article_modified_time":"2024-12-04T09:51:56+00:00","og_image":[{"width":702,"height":336,"url":"https:\/\/www.euroakademie.de\/magazin\/wp-content\/uploads\/2022\/05\/shutterstock_1032634369_702x336.jpg","type":"image\/jpeg"}],"author":"Tanja H\u00f6fling","twitter_card":"summary_large_image","twitter_misc":{"Verfasst von":"Tanja H\u00f6fling","Gesch\u00e4tzte Lesezeit":"1\u00a0Minute"},"schema":{"@context":"https:\/\/schema.org","@graph":[{"@type":"Article","@id":"https:\/\/www.euroakademie.de\/magazin\/spezialistinnen-fuer-it-und-wirtschaft-in-allen-brachen-gefragt\/#article","isPartOf":{"@id":"https:\/\/www.euroakademie.de\/magazin\/spezialistinnen-fuer-it-und-wirtschaft-in-allen-brachen-gefragt\/"},"author":{"name":"Tanja H\u00f6fling","@id":"https:\/\/www.euroakademie.de\/magazin\/#\/schema\/person\/2c0d3896d19e86373c87f4ac022d4919"},"headline":"Spezialist*innen f\u00fcr IT und Wirtschaft in allen Branchen gefragt","datePublished":"2022-05-05T07:50:42+00:00","dateModified":"2024-12-04T09:51:56+00:00","mainEntityOfPage":{"@id":"https:\/\/www.euroakademie.de\/magazin\/spezialistinnen-fuer-it-und-wirtschaft-in-allen-brachen-gefragt\/"},"wordCount":1082,"publisher":{"@id":"https:\/\/www.euroakademie.de\/magazin\/#organization"},"image":{"@id":"https:\/\/www.euroakademie.de\/magazin\/spezialistinnen-fuer-it-und-wirtschaft-in-allen-brachen-gefragt\/#primaryimage"},"thumbnailUrl":"https:\/\/www.euroakademie.de\/magazin\/wp-content\/uploads\/2022\/05\/shutterstock_1032634369_702x336.jpg","keywords":["IT","Kaufm\u00e4nnischer Assistent","programmieren"],"articleSection":["Im Gespr\u00e4ch","Wiesbaden","Wirtschaft &amp; Management"],"inLanguage":"de"},{"@type":"WebPage","@id":"https:\/\/www.euroakademie.de\/magazin\/spezialistinnen-fuer-it-und-wirtschaft-in-allen-brachen-gefragt\/","url":"https:\/\/www.euroakademie.de\/magazin\/spezialistinnen-fuer-it-und-wirtschaft-in-allen-brachen-gefragt\/","name":"Ausbildung Kaufm\u00e4nnische*r Assistentin: Spezialist*in f\u00fcr IT und Wirtschaft","isPartOf":{"@id":"https:\/\/www.euroakademie.de\/magazin\/#website"},"primaryImageOfPage":{"@id":"https:\/\/www.euroakademie.de\/magazin\/spezialistinnen-fuer-it-und-wirtschaft-in-allen-brachen-gefragt\/#primaryimage"},"image":{"@id":"https:\/\/www.euroakademie.de\/magazin\/spezialistinnen-fuer-it-und-wirtschaft-in-allen-brachen-gefragt\/#primaryimage"},"thumbnailUrl":"https:\/\/www.euroakademie.de\/magazin\/wp-content\/uploads\/2022\/05\/shutterstock_1032634369_702x336.jpg","datePublished":"2022-05-05T07:50:42+00:00","dateModified":"2024-12-04T09:51:56+00:00","description":"Sie m\u00f6chten Programmieren lernen und die Entwicklung von Websites finden Sie spannend? Werden Sie Kaufm\u00e4nnische*r Assistent*in der Informationsverarbeitung.","breadcrumb":{"@id":"https:\/\/www.euroakademie.de\/magazin\/spezialistinnen-fuer-it-und-wirtschaft-in-allen-brachen-gefragt\/#breadcrumb"},"inLanguage":"de","potentialAction":[{"@type":"ReadAction","target":["https:\/\/www.euroakademie.de\/magazin\/spezialistinnen-fuer-it-und-wirtschaft-in-allen-brachen-gefragt\/"]}]},{"@type":"ImageObject","inLanguage":"de","@id":"https:\/\/www.euroakademie.de\/magazin\/spezialistinnen-fuer-it-und-wirtschaft-in-allen-brachen-gefragt\/#primaryimage","url":"https:\/\/www.euroakademie.de\/magazin\/wp-content\/uploads\/2022\/05\/shutterstock_1032634369_702x336.jpg","contentUrl":"https:\/\/www.euroakademie.de\/magazin\/wp-content\/uploads\/2022\/05\/shutterstock_1032634369_702x336.jpg","width":702,"height":336,"caption":""},{"@type":"BreadcrumbList","@id":"https:\/\/www.euroakademie.de\/magazin\/spezialistinnen-fuer-it-und-wirtschaft-in-allen-brachen-gefragt\/#breadcrumb","itemListElement":[{"@type":"ListItem","position":1,"name":"Startseite","item":"https:\/\/www.euroakademie.de\/magazin\/"},{"@type":"ListItem","position":2,"name":"Spezialist*innen f\u00fcr IT und Wirtschaft in allen Branchen gefragt"}]},{"@type":"WebSite","@id":"https:\/\/www.euroakademie.de\/magazin\/#website","url":"https:\/\/www.euroakademie.de\/magazin\/","name":"Das Euro Akademie Magazin","description":"Gut informiert durch Ausbildung und Studium","publisher":{"@id":"https:\/\/www.euroakademie.de\/magazin\/#organization"},"potentialAction":[{"@type":"SearchAction","target":{"@type":"EntryPoint","urlTemplate":"https:\/\/www.euroakademie.de\/magazin\/?s={search_term_string}"},"query-input":{"@type":"PropertyValueSpecification","valueRequired":true,"valueName":"search_term_string"}}],"inLanguage":"de"},{"@type":"Organization","@id":"https:\/\/www.euroakademie.de\/magazin\/#organization","name":"ESO Education Group","url":"https:\/\/www.euroakademie.de\/magazin\/","logo":{"@type":"ImageObject","inLanguage":"de","@id":"https:\/\/www.euroakademie.de\/magazin\/#\/schema\/logo\/image\/","url":"https:\/\/relaunch.euroakademie.de\/magazin\/wp-content\/uploads\/2024\/11\/Logo_EA_negativ_Rahmen_5cm_300dpi_RGB.jpg","contentUrl":"https:\/\/relaunch.euroakademie.de\/magazin\/wp-content\/uploads\/2024\/11\/Logo_EA_negativ_Rahmen_5cm_300dpi_RGB.jpg","width":591,"height":236,"caption":"ESO Education Group"},"image":{"@id":"https:\/\/www.euroakademie.de\/magazin\/#\/schema\/logo\/image\/"}},{"@type":"Person","@id":"https:\/\/www.euroakademie.de\/magazin\/#\/schema\/person\/2c0d3896d19e86373c87f4ac022d4919","name":"Tanja H\u00f6fling","description":"Von Juli 2017 bis Juli 2022 informierte die ehemalige Online-Redakteurin des Euro Akademie Magazins regelm\u00e4\u00dfig \u00fcber Aktuelles und Wissenswertes zu den Themen Ausbildung, Studium und Beruf.","url":"https:\/\/www.euroakademie.de\/magazin\/author\/hoeflingt\/"}]}},"_links":{"self":[{"href":"https:\/\/www.euroakademie.de\/magazin\/wp-json\/wp\/v2\/posts\/16113","targetHints":{"allow":["GET"]}}],"collection":[{"href":"https:\/\/www.euroakademie.de\/magazin\/wp-json\/wp\/v2\/posts"}],"about":[{"href":"https:\/\/www.euroakademie.de\/magazin\/wp-json\/wp\/v2\/types\/post"}],"author":[{"embeddable":true,"href":"https:\/\/www.euroakademie.de\/magazin\/wp-json\/wp\/v2\/users\/58"}],"replies":[{"embeddable":true,"href":"https:\/\/www.euroakademie.de\/magazin\/wp-json\/wp\/v2\/comments?post=16113"}],"version-history":[{"count":1,"href":"https:\/\/www.euroakademie.de\/magazin\/wp-json\/wp\/v2\/posts\/16113\/revisions"}],"predecessor-version":[{"id":25299,"href":"https:\/\/www.euroakademie.de\/magazin\/wp-json\/wp\/v2\/posts\/16113\/revisions\/25299"}],"wp:featuredmedia":[{"embeddable":true,"href":"https:\/\/www.euroakademie.de\/magazin\/wp-json\/wp\/v2\/media\/16117"}],"wp:attachment":[{"href":"https:\/\/www.euroakademie.de\/magazin\/wp-json\/wp\/v2\/media?parent=16113"}],"wp:term":[{"taxonomy":"category","embeddable":true,"href":"https:\/\/www.euroakademie.de\/magazin\/wp-json\/wp\/v2\/categories?post=16113"},{"taxonomy":"post_tag","embeddable":true,"href":"https:\/\/www.euroakademie.de\/magazin\/wp-json\/wp\/v2\/tags?post=16113"}],"curies":[{"name":"wp","href":"https:\/\/api.w.org\/{rel}","templated":true}]}}