{"id":16261,"date":"2022-06-27T12:26:21","date_gmt":"2022-06-27T10:26:21","guid":{"rendered":"https:\/\/www.euroakademie.de\/magazin\/?p=16261"},"modified":"2024-12-03T17:09:13","modified_gmt":"2024-12-03T16:09:13","slug":"auslandserfahrung-mit-erasmus","status":"publish","type":"post","link":"https:\/\/www.euroakademie.de\/magazin\/auslandserfahrung-mit-erasmus\/","title":{"rendered":"Auslandserfahrung mit dem F\u00f6rderprogramm Erasmus+"},"content":{"rendered":"<p><![CDATA[\n<\/p>\n\n\n<p><strong>Die Euro Akademie m\u00f6chte ihren Sch\u00fcler*innen w\u00e4hrend der Ausbildung nicht nur die geforderten fachlichen, sondern auch pers\u00f6nliche Kompetenzen vermitteln. Ein Auslandsaufenthalt bietet eine gute M\u00f6glichkeit, die Fremdsprachenkenntnisse zu verbessern und offener, flexibler und selbstbewusster zu werden. An der Euro Akademie Mainz k\u00f6nnen Sie mit Erasmus+ w\u00e4hrend Ihrer Ausbildung die Welt entdecken.<\/strong><\/p>\n\n\n\n<h2 class=\"wp-block-heading\">Europ\u00e4ischer Austausch seit 35 Jahren<\/h2>\n\n\n\n<p>Das <a href=\"https:\/\/www.erasmusplus.de\/\" target=\"_blank\" rel=\"noreferrer noopener\" aria-label=\"EU-F\u00f6rderprogramm Erasmus (\u00f6ffnet in neuem Tab)\">EU-F\u00f6rderprogramm Erasmus<\/a> feiert in diesem Jahr sein 35-j\u00e4hriges Jubil\u00e4um. Seit 1987 werden Studienaufenthalte im europ\u00e4ischen Ausland gef\u00f6rdert. 2014 kam dann das Plus dazu: Erasmus+ erm\u00f6glicht es auch Auszubildenden, Auslandserfahrung zu sammeln und ein Praktikum in einem der mehr als 30 teilnehmenden L\u00e4nder zu absolvieren.  Das muss nicht unbedingt ein EU-Land sein. Auch die T\u00fcrkei, Island und die Schweiz sind dabei.  Die neue Erasmus+-Programmgeneration, die von 2020 bis 2027 l\u00e4uft, ist mit 26 Milliarden Euro aus gestattet und erm\u00f6glicht teilnehmenden Einrichtungen auch kleinere Kurzzeitprojekte.<\/p>\n\n\n\n<h2 class=\"wp-block-heading\">Fremdsprachen, Wirtschaft und die gro\u00dfe, weite Welt<\/h2>\n\n\n\n<p>Eine Ausbildung, in der sich ein Auslandspraktikum besonders anbietet, ist die <a href=\"https:\/\/www.euroakademie.de\/standorte\/mainz\/ausbildung\/fremdsprachenkorrespondent.html\">Ausbildung zum*r Fremdsprachenkorrespondent*in<\/a>. \u201eAls Fremdsprachenkorrespondent*in kann man \u00fcberall auf der Welt, in vielen verschiedenen Branchen arbeiten: Von einem internationalen Modelabel in London bis zum Ausw\u00e4rtigen Amt \u2013 unsere Absolvent*innen sind auf dem ganzen Globus t\u00e4tig,\u201c berichtet uns <a href=\"https:\/\/www.euroakademie.de\/magazin\/im-gespraech-mit-marie-kugler-fremdsprachenkorrespondentinnen-sind-ueberall-auf-der-welt-gefragt\/\">Marie Kugler, Leiterin der Euro Akademie Mainz, im Interview,<\/a> \u201eDie Besonderheit liegt in der Kombination aus wirtschaftlichem Know-how und vielf\u00e4ltigen Fremdsprachenkenntnissen in drei bis vier Fremdsprachen.\u201c  <\/p>\n\n\n\n<p>Als Fremdsprachenkorrespondent*in kommt man also viel rum \u2013 die Liebe zu anderen Sprachen und Kulturen ist schon fast Pflicht, um die Ausbildung erfolgreich zu absolvieren. Ein Praktikum mit Erasmus+ ist die perfekte M\u00f6glichkeit, um schon w\u00e4hrend der Ausbildung Berufserfahrung zu sammeln und Kontakte zu kn\u00fcpfen, sich pers\u00f6nlich zu entwickeln und ein anderes Land kennen und lieben zu lernen. Frau Kugler empfiehlt, das Auslandspraktikum in den Sommerferien zwischen dem ersten und zweiten Ausbildungsjahr zu absolvieren. \u201eWir k\u00f6nnen erste Kontakte zu unseren Partnern im europ\u00e4ischen oder internationalen Ausland f\u00fcr unsere Sch\u00fcler*innen herstellen. Auch bei der Erstellung der Bewerbung in der Fremdsprache unterst\u00fctzen wir die Sch\u00fclerinnen und Sch\u00fcler.\u201c &nbsp; <\/p>\n\n\n\n<h2 class=\"wp-block-heading\">Eine Absolventin berichtet<\/h2>\n\n\n\n<p>Rebecca hat w\u00e4hrend ihrer Ausbildung an der Euro Akademie Mainz sogar mehrere Praktika im Ausland absolviert. Die Fremdsprachenkorrespondentin erinnert sich gerne an diese Zeit zur\u00fcck:<\/p>\n\n\n\n<p>\u201eLetztes Jahr flog ich wenige Tage nach unserer Abschlussfeier im Juni f\u00fcr sechs Monate im Rahmen von Erasmus+ f\u00fcr ein Praktikum nach Irland. Da ich bereits nach meinem Abitur f\u00fcr acht Monate in Irland war, freute ich mich sehr, wieder in Dublin zu sein. <\/p>\n\n\n\n<p>Nach Irland ging es f\u00fcr mich weiter nach Spanien, zuerst nach Teneriffa und anschlie\u00dfend nach Sevilla. In beiden F\u00e4llen absolvierte ich ein Praktikum im Bereich Administration und habe einige Ausfl\u00fcge unternommen und so viele neue Orte besucht.<\/p>\n\n\n\n<p>Insgesamt bin ich sehr froh, dieses Auslandsjahr gemacht zu haben und freue mich schon auf die n\u00e4chste Gelegenheit. Momentan warte ich auf eine R\u00fcckmeldung der Cardiff Metropolitan University in Wales in Bezug auf das Top-Up Programm und genie\u00dfe ansonsten meine freie Zeit.\u201c  <br><\/p>\n\n\n\n<h2 class=\"wp-block-heading\">In zwei Jahren zum Bachelor<\/h2>\n\n\n\n<p>Sie wollen mehr? Nach der Ausbildung k\u00f6nnen Sie ein Aufbaustudium im Ausland absolvieren und so in nur zwei bis maximal vier Semestern den Bachelorabschluss erreichen. Die Euro Akademie arbeitet daf\u00fcr mit verschiedenen Hochschulpartnern im Ausland zusammen. Dazu geh\u00f6ren beispielsweise die Dublin Business School und das New College Durham. Auch au\u00dferhalb Europas ist ein Top-up Bachelor m\u00f6glich. Zu unseren Partnern geh\u00f6rt zum Beispiel die California Business University San Diego und die Shanghai Business School.  <br>Den an der Euro Akademie erbrachten Leistungen werden Credit Points in Anlehnung an ECTS zugewiesen. So ist der Einstieg in das entsprechende Semester an unseren Partnerhochschulen m\u00f6glich.  Ziel ist es, in kurzer Zeit Ausbildung und Studium erfolgreich und fundiert zu absolvieren. <\/p>\n\n\n\n<p>Nach der Ausbildung an der Euro Akademie Mainz k\u00f6nnen Sie einen Schwerpunkt f\u00fcr Ihr Studium w\u00e4hlen. Dabei stehen die Schwerpunkte Business Administration, Management oder Sales &amp; Marketing zur Verf\u00fcgung. Zus\u00e4tzlich k\u00f6nnen Sie mit einer individuellen Vertiefung das Studium auf Ihre pers\u00f6nlichen St\u00e4rken und Interessen abzustimmen. <\/p>\n\n\n\n<p>Folgende Vertiefungen stehen zur Wahl:<\/p>\n\n\n\n<ul class=\"wp-block-list\">\n<li>Sport Management<\/li>\n\n\n\n<li>International Business with Languages<\/li>\n\n\n\n<li>Office Management<\/li>\n\n\n\n<li>Hospitality Management<\/li>\n\n\n\n<li>Tourism &amp; Event Management<\/li>\n<\/ul>\n\n\n\n<p>Also, worauf warten Sie noch? Starten Sie Ihre internationale Karriere und entdecken Sie mit uns die Welt!<\/p>\n","protected":false},"excerpt":{"rendered":"<p>\t\t\t\t<![CDATA[Ein Auslandsaufenthalt bietet eine gute M\u00f6glichkeit, die Fremdsprachenkenntnisse zu verbessern und offener, flexibler und selbstbewusster zu werden. An der Euro Akademie Mainz k\u00f6nnen Sie mit Erasmus+ w\u00e4hrend Ihrer Ausbildung die Welt entdecken.\ufeff]]>\t\t<\/p>\n","protected":false},"author":76,"featured_media":16328,"comment_status":"closed","ping_status":"closed","sticky":false,"template":"","format":"standard","meta":{"footnotes":""},"categories":[13,148],"tags":[],"class_list":{"0":"post-16261","1":"post","2":"type-post","3":"status-publish","4":"format-standard","5":"has-post-thumbnail","7":"category-fremdsprachen-internationales","8":"category-mainz"},"yoast_head":"<!-- This site is optimized with the Yoast SEO plugin v23.5 - https:\/\/yoast.com\/wordpress\/plugins\/seo\/ -->\n<title>Auslandserfahrung mit dem F\u00f6rderprogramm Erasmus+ \/ Fremdsprachen &amp; Internationales<\/title>\n<meta name=\"description\" content=\"An der Euro Akademie Mainz k\u00f6nnen Sie mit Erasmus+ w\u00e4hrend Ihrer Ausbildung die Welt entdecken.\ufeff Starten Sie jetzt Ihre internationale Karriere!\" \/>\n<meta name=\"robots\" content=\"index, follow, max-snippet:-1, max-image-preview:large, max-video-preview:-1\" \/>\n<link rel=\"canonical\" href=\"https:\/\/www.euroakademie.de\/magazin\/auslandserfahrung-mit-erasmus\/\" \/>\n<meta property=\"og:locale\" content=\"de_DE\" \/>\n<meta property=\"og:type\" content=\"article\" \/>\n<meta property=\"og:title\" content=\"Auslandserfahrung mit dem F\u00f6rderprogramm Erasmus+ \/ Fremdsprachen &amp; Internationales\" \/>\n<meta property=\"og:description\" content=\"An der Euro Akademie Mainz k\u00f6nnen Sie mit Erasmus+ w\u00e4hrend Ihrer Ausbildung die Welt entdecken.\ufeff Starten Sie jetzt Ihre internationale Karriere!\" \/>\n<meta property=\"og:url\" content=\"https:\/\/www.euroakademie.de\/magazin\/auslandserfahrung-mit-erasmus\/\" \/>\n<meta property=\"og:site_name\" content=\"Das Euro Akademie Magazin\" \/>\n<meta property=\"article:published_time\" content=\"2022-06-27T10:26:21+00:00\" \/>\n<meta property=\"article:modified_time\" content=\"2024-12-03T16:09:13+00:00\" \/>\n<meta property=\"og:image\" content=\"https:\/\/www.euroakademie.de\/magazin\/wp-content\/uploads\/2022\/06\/shutterstock_2130956189.jpg\" \/>\n\t<meta property=\"og:image:width\" content=\"702\" \/>\n\t<meta property=\"og:image:height\" content=\"336\" \/>\n\t<meta property=\"og:image:type\" content=\"image\/jpeg\" \/>\n<meta name=\"author\" content=\"Anna R\u00fcppel\" \/>\n<meta name=\"twitter:card\" content=\"summary_large_image\" \/>\n<meta name=\"twitter:label1\" content=\"Verfasst von\" \/>\n\t<meta name=\"twitter:data1\" content=\"Anna R\u00fcppel\" \/>\n\t<meta name=\"twitter:label2\" content=\"Gesch\u00e4tzte Lesezeit\" \/>\n\t<meta name=\"twitter:data2\" content=\"1\u00a0Minute\" \/>\n<script type=\"application\/ld+json\" class=\"yoast-schema-graph\">{\"@context\":\"https:\/\/schema.org\",\"@graph\":[{\"@type\":\"Article\",\"@id\":\"https:\/\/www.euroakademie.de\/magazin\/auslandserfahrung-mit-erasmus\/#article\",\"isPartOf\":{\"@id\":\"https:\/\/www.euroakademie.de\/magazin\/auslandserfahrung-mit-erasmus\/\"},\"author\":{\"name\":\"Anna R\u00fcppel\",\"@id\":\"https:\/\/www.euroakademie.de\/magazin\/#\/schema\/person\/60fedb6ea7279f88d9086938e970d05e\"},\"headline\":\"Auslandserfahrung mit dem F\u00f6rderprogramm Erasmus+\",\"datePublished\":\"2022-06-27T10:26:21+00:00\",\"dateModified\":\"2024-12-03T16:09:13+00:00\",\"mainEntityOfPage\":{\"@id\":\"https:\/\/www.euroakademie.de\/magazin\/auslandserfahrung-mit-erasmus\/\"},\"wordCount\":743,\"publisher\":{\"@id\":\"https:\/\/www.euroakademie.de\/magazin\/#organization\"},\"image\":{\"@id\":\"https:\/\/www.euroakademie.de\/magazin\/auslandserfahrung-mit-erasmus\/#primaryimage\"},\"thumbnailUrl\":\"https:\/\/www.euroakademie.de\/magazin\/wp-content\/uploads\/2022\/06\/shutterstock_2130956189.jpg\",\"articleSection\":[\"Fremdsprachen &amp; Internationales\",\"Mainz\"],\"inLanguage\":\"de\"},{\"@type\":\"WebPage\",\"@id\":\"https:\/\/www.euroakademie.de\/magazin\/auslandserfahrung-mit-erasmus\/\",\"url\":\"https:\/\/www.euroakademie.de\/magazin\/auslandserfahrung-mit-erasmus\/\",\"name\":\"Auslandserfahrung mit dem F\u00f6rderprogramm Erasmus+ \/ Fremdsprachen &amp; Internationales\",\"isPartOf\":{\"@id\":\"https:\/\/www.euroakademie.de\/magazin\/#website\"},\"primaryImageOfPage\":{\"@id\":\"https:\/\/www.euroakademie.de\/magazin\/auslandserfahrung-mit-erasmus\/#primaryimage\"},\"image\":{\"@id\":\"https:\/\/www.euroakademie.de\/magazin\/auslandserfahrung-mit-erasmus\/#primaryimage\"},\"thumbnailUrl\":\"https:\/\/www.euroakademie.de\/magazin\/wp-content\/uploads\/2022\/06\/shutterstock_2130956189.jpg\",\"datePublished\":\"2022-06-27T10:26:21+00:00\",\"dateModified\":\"2024-12-03T16:09:13+00:00\",\"description\":\"An der Euro Akademie Mainz k\u00f6nnen Sie mit Erasmus+ w\u00e4hrend Ihrer Ausbildung die Welt entdecken.\ufeff Starten Sie jetzt Ihre internationale Karriere!\",\"breadcrumb\":{\"@id\":\"https:\/\/www.euroakademie.de\/magazin\/auslandserfahrung-mit-erasmus\/#breadcrumb\"},\"inLanguage\":\"de\",\"potentialAction\":[{\"@type\":\"ReadAction\",\"target\":[\"https:\/\/www.euroakademie.de\/magazin\/auslandserfahrung-mit-erasmus\/\"]}]},{\"@type\":\"ImageObject\",\"inLanguage\":\"de\",\"@id\":\"https:\/\/www.euroakademie.de\/magazin\/auslandserfahrung-mit-erasmus\/#primaryimage\",\"url\":\"https:\/\/www.euroakademie.de\/magazin\/wp-content\/uploads\/2022\/06\/shutterstock_2130956189.jpg\",\"contentUrl\":\"https:\/\/www.euroakademie.de\/magazin\/wp-content\/uploads\/2022\/06\/shutterstock_2130956189.jpg\",\"width\":702,\"height\":336,\"caption\":\"\"},{\"@type\":\"BreadcrumbList\",\"@id\":\"https:\/\/www.euroakademie.de\/magazin\/auslandserfahrung-mit-erasmus\/#breadcrumb\",\"itemListElement\":[{\"@type\":\"ListItem\",\"position\":1,\"name\":\"Startseite\",\"item\":\"https:\/\/www.euroakademie.de\/magazin\/\"},{\"@type\":\"ListItem\",\"position\":2,\"name\":\"Auslandserfahrung mit dem F\u00f6rderprogramm Erasmus+\"}]},{\"@type\":\"WebSite\",\"@id\":\"https:\/\/www.euroakademie.de\/magazin\/#website\",\"url\":\"https:\/\/www.euroakademie.de\/magazin\/\",\"name\":\"Das Euro Akademie Magazin\",\"description\":\"Gut informiert durch Ausbildung und Studium\",\"publisher\":{\"@id\":\"https:\/\/www.euroakademie.de\/magazin\/#organization\"},\"potentialAction\":[{\"@type\":\"SearchAction\",\"target\":{\"@type\":\"EntryPoint\",\"urlTemplate\":\"https:\/\/www.euroakademie.de\/magazin\/?s={search_term_string}\"},\"query-input\":{\"@type\":\"PropertyValueSpecification\",\"valueRequired\":true,\"valueName\":\"search_term_string\"}}],\"inLanguage\":\"de\"},{\"@type\":\"Organization\",\"@id\":\"https:\/\/www.euroakademie.de\/magazin\/#organization\",\"name\":\"ESO Education Group\",\"url\":\"https:\/\/www.euroakademie.de\/magazin\/\",\"logo\":{\"@type\":\"ImageObject\",\"inLanguage\":\"de\",\"@id\":\"https:\/\/www.euroakademie.de\/magazin\/#\/schema\/logo\/image\/\",\"url\":\"https:\/\/relaunch.euroakademie.de\/magazin\/wp-content\/uploads\/2024\/11\/Logo_EA_negativ_Rahmen_5cm_300dpi_RGB.jpg\",\"contentUrl\":\"https:\/\/relaunch.euroakademie.de\/magazin\/wp-content\/uploads\/2024\/11\/Logo_EA_negativ_Rahmen_5cm_300dpi_RGB.jpg\",\"width\":591,\"height\":236,\"caption\":\"ESO Education Group\"},\"image\":{\"@id\":\"https:\/\/www.euroakademie.de\/magazin\/#\/schema\/logo\/image\/\"}},{\"@type\":\"Person\",\"@id\":\"https:\/\/www.euroakademie.de\/magazin\/#\/schema\/person\/60fedb6ea7279f88d9086938e970d05e\",\"name\":\"Anna R\u00fcppel\",\"description\":\"Anna R\u00fcppel ist mit 1,78 m die Gr\u00f6\u00dfte, wenn es um Ausbildung und Beruf geht. Als Kind war sie kleiner. Von April 2019 bis November 2022 schrieb sie kleinere und gr\u00f6\u00dfere Artikel f\u00fcr das Euro Akademie Magazin.\",\"url\":\"https:\/\/www.euroakademie.de\/magazin\/author\/rueppela\/\"}]}<\/script>\n<!-- \/ Yoast SEO plugin. -->","yoast_head_json":{"title":"Auslandserfahrung mit dem F\u00f6rderprogramm Erasmus+ \/ Fremdsprachen &amp; Internationales","description":"An der Euro Akademie Mainz k\u00f6nnen Sie mit Erasmus+ w\u00e4hrend Ihrer Ausbildung die Welt entdecken.\ufeff Starten Sie jetzt Ihre internationale Karriere!","robots":{"index":"index","follow":"follow","max-snippet":"max-snippet:-1","max-image-preview":"max-image-preview:large","max-video-preview":"max-video-preview:-1"},"canonical":"https:\/\/www.euroakademie.de\/magazin\/auslandserfahrung-mit-erasmus\/","og_locale":"de_DE","og_type":"article","og_title":"Auslandserfahrung mit dem F\u00f6rderprogramm Erasmus+ \/ Fremdsprachen &amp; Internationales","og_description":"An der Euro Akademie Mainz k\u00f6nnen Sie mit Erasmus+ w\u00e4hrend Ihrer Ausbildung die Welt entdecken.\ufeff Starten Sie jetzt Ihre internationale Karriere!","og_url":"https:\/\/www.euroakademie.de\/magazin\/auslandserfahrung-mit-erasmus\/","og_site_name":"Das Euro Akademie Magazin","article_published_time":"2022-06-27T10:26:21+00:00","article_modified_time":"2024-12-03T16:09:13+00:00","og_image":[{"width":702,"height":336,"url":"https:\/\/www.euroakademie.de\/magazin\/wp-content\/uploads\/2022\/06\/shutterstock_2130956189.jpg","type":"image\/jpeg"}],"author":"Anna R\u00fcppel","twitter_card":"summary_large_image","twitter_misc":{"Verfasst von":"Anna R\u00fcppel","Gesch\u00e4tzte Lesezeit":"1\u00a0Minute"},"schema":{"@context":"https:\/\/schema.org","@graph":[{"@type":"Article","@id":"https:\/\/www.euroakademie.de\/magazin\/auslandserfahrung-mit-erasmus\/#article","isPartOf":{"@id":"https:\/\/www.euroakademie.de\/magazin\/auslandserfahrung-mit-erasmus\/"},"author":{"name":"Anna R\u00fcppel","@id":"https:\/\/www.euroakademie.de\/magazin\/#\/schema\/person\/60fedb6ea7279f88d9086938e970d05e"},"headline":"Auslandserfahrung mit dem F\u00f6rderprogramm Erasmus+","datePublished":"2022-06-27T10:26:21+00:00","dateModified":"2024-12-03T16:09:13+00:00","mainEntityOfPage":{"@id":"https:\/\/www.euroakademie.de\/magazin\/auslandserfahrung-mit-erasmus\/"},"wordCount":743,"publisher":{"@id":"https:\/\/www.euroakademie.de\/magazin\/#organization"},"image":{"@id":"https:\/\/www.euroakademie.de\/magazin\/auslandserfahrung-mit-erasmus\/#primaryimage"},"thumbnailUrl":"https:\/\/www.euroakademie.de\/magazin\/wp-content\/uploads\/2022\/06\/shutterstock_2130956189.jpg","articleSection":["Fremdsprachen &amp; Internationales","Mainz"],"inLanguage":"de"},{"@type":"WebPage","@id":"https:\/\/www.euroakademie.de\/magazin\/auslandserfahrung-mit-erasmus\/","url":"https:\/\/www.euroakademie.de\/magazin\/auslandserfahrung-mit-erasmus\/","name":"Auslandserfahrung mit dem F\u00f6rderprogramm Erasmus+ \/ Fremdsprachen &amp; Internationales","isPartOf":{"@id":"https:\/\/www.euroakademie.de\/magazin\/#website"},"primaryImageOfPage":{"@id":"https:\/\/www.euroakademie.de\/magazin\/auslandserfahrung-mit-erasmus\/#primaryimage"},"image":{"@id":"https:\/\/www.euroakademie.de\/magazin\/auslandserfahrung-mit-erasmus\/#primaryimage"},"thumbnailUrl":"https:\/\/www.euroakademie.de\/magazin\/wp-content\/uploads\/2022\/06\/shutterstock_2130956189.jpg","datePublished":"2022-06-27T10:26:21+00:00","dateModified":"2024-12-03T16:09:13+00:00","description":"An der Euro Akademie Mainz k\u00f6nnen Sie mit Erasmus+ w\u00e4hrend Ihrer Ausbildung die Welt entdecken.\ufeff Starten Sie jetzt Ihre internationale Karriere!","breadcrumb":{"@id":"https:\/\/www.euroakademie.de\/magazin\/auslandserfahrung-mit-erasmus\/#breadcrumb"},"inLanguage":"de","potentialAction":[{"@type":"ReadAction","target":["https:\/\/www.euroakademie.de\/magazin\/auslandserfahrung-mit-erasmus\/"]}]},{"@type":"ImageObject","inLanguage":"de","@id":"https:\/\/www.euroakademie.de\/magazin\/auslandserfahrung-mit-erasmus\/#primaryimage","url":"https:\/\/www.euroakademie.de\/magazin\/wp-content\/uploads\/2022\/06\/shutterstock_2130956189.jpg","contentUrl":"https:\/\/www.euroakademie.de\/magazin\/wp-content\/uploads\/2022\/06\/shutterstock_2130956189.jpg","width":702,"height":336,"caption":""},{"@type":"BreadcrumbList","@id":"https:\/\/www.euroakademie.de\/magazin\/auslandserfahrung-mit-erasmus\/#breadcrumb","itemListElement":[{"@type":"ListItem","position":1,"name":"Startseite","item":"https:\/\/www.euroakademie.de\/magazin\/"},{"@type":"ListItem","position":2,"name":"Auslandserfahrung mit dem F\u00f6rderprogramm Erasmus+"}]},{"@type":"WebSite","@id":"https:\/\/www.euroakademie.de\/magazin\/#website","url":"https:\/\/www.euroakademie.de\/magazin\/","name":"Das Euro Akademie Magazin","description":"Gut informiert durch Ausbildung und Studium","publisher":{"@id":"https:\/\/www.euroakademie.de\/magazin\/#organization"},"potentialAction":[{"@type":"SearchAction","target":{"@type":"EntryPoint","urlTemplate":"https:\/\/www.euroakademie.de\/magazin\/?s={search_term_string}"},"query-input":{"@type":"PropertyValueSpecification","valueRequired":true,"valueName":"search_term_string"}}],"inLanguage":"de"},{"@type":"Organization","@id":"https:\/\/www.euroakademie.de\/magazin\/#organization","name":"ESO Education Group","url":"https:\/\/www.euroakademie.de\/magazin\/","logo":{"@type":"ImageObject","inLanguage":"de","@id":"https:\/\/www.euroakademie.de\/magazin\/#\/schema\/logo\/image\/","url":"https:\/\/relaunch.euroakademie.de\/magazin\/wp-content\/uploads\/2024\/11\/Logo_EA_negativ_Rahmen_5cm_300dpi_RGB.jpg","contentUrl":"https:\/\/relaunch.euroakademie.de\/magazin\/wp-content\/uploads\/2024\/11\/Logo_EA_negativ_Rahmen_5cm_300dpi_RGB.jpg","width":591,"height":236,"caption":"ESO Education Group"},"image":{"@id":"https:\/\/www.euroakademie.de\/magazin\/#\/schema\/logo\/image\/"}},{"@type":"Person","@id":"https:\/\/www.euroakademie.de\/magazin\/#\/schema\/person\/60fedb6ea7279f88d9086938e970d05e","name":"Anna R\u00fcppel","description":"Anna R\u00fcppel ist mit 1,78 m die Gr\u00f6\u00dfte, wenn es um Ausbildung und Beruf geht. Als Kind war sie kleiner. Von April 2019 bis November 2022 schrieb sie kleinere und gr\u00f6\u00dfere Artikel f\u00fcr das Euro Akademie Magazin.","url":"https:\/\/www.euroakademie.de\/magazin\/author\/rueppela\/"}]}},"_links":{"self":[{"href":"https:\/\/www.euroakademie.de\/magazin\/wp-json\/wp\/v2\/posts\/16261","targetHints":{"allow":["GET"]}}],"collection":[{"href":"https:\/\/www.euroakademie.de\/magazin\/wp-json\/wp\/v2\/posts"}],"about":[{"href":"https:\/\/www.euroakademie.de\/magazin\/wp-json\/wp\/v2\/types\/post"}],"author":[{"embeddable":true,"href":"https:\/\/www.euroakademie.de\/magazin\/wp-json\/wp\/v2\/users\/76"}],"replies":[{"embeddable":true,"href":"https:\/\/www.euroakademie.de\/magazin\/wp-json\/wp\/v2\/comments?post=16261"}],"version-history":[{"count":1,"href":"https:\/\/www.euroakademie.de\/magazin\/wp-json\/wp\/v2\/posts\/16261\/revisions"}],"predecessor-version":[{"id":25170,"href":"https:\/\/www.euroakademie.de\/magazin\/wp-json\/wp\/v2\/posts\/16261\/revisions\/25170"}],"wp:featuredmedia":[{"embeddable":true,"href":"https:\/\/www.euroakademie.de\/magazin\/wp-json\/wp\/v2\/media\/16328"}],"wp:attachment":[{"href":"https:\/\/www.euroakademie.de\/magazin\/wp-json\/wp\/v2\/media?parent=16261"}],"wp:term":[{"taxonomy":"category","embeddable":true,"href":"https:\/\/www.euroakademie.de\/magazin\/wp-json\/wp\/v2\/categories?post=16261"},{"taxonomy":"post_tag","embeddable":true,"href":"https:\/\/www.euroakademie.de\/magazin\/wp-json\/wp\/v2\/tags?post=16261"}],"curies":[{"name":"wp","href":"https:\/\/api.w.org\/{rel}","templated":true}]}}