{"id":16411,"date":"2022-07-27T14:18:07","date_gmt":"2022-07-27T12:18:07","guid":{"rendered":"https:\/\/www.euroakademie.de\/magazin\/?p=16411"},"modified":"2024-12-03T16:32:14","modified_gmt":"2024-12-03T15:32:14","slug":"praxisanleitung","status":"publish","type":"post","link":"https:\/\/www.euroakademie.de\/magazin\/praxisanleitung\/","title":{"rendered":"Praxisanleitung \u2013 was ist das eigentlich?"},"content":{"rendered":"<p><![CDATA[\n<\/p>\n\n\n<p><strong>Im Laufe einer Ausbildung muss man nicht nur theoretische Hintergr\u00fcnde pauken, sondern das Wissen auch praktisch anwenden. In vielen Berufen gilt \u201eLearning by Doing\u201c. Fehler im Praktikum oder im berufspraktischen Teil der Ausbildung sind kein Weltuntergang und helfen, es beim n\u00e4chsten Mal besser zu machen. Aber was, wenn Fehler ernsthafte Konsequenzen haben, weil man mit der wichtigsten Sache \u00fcberhaupt arbeitet \u2013 mit Menschen? Wie kann gew\u00e4hrleistet werden, dass Azubis in der Praxis gut eingearbeitet werden, ohne ihnen gleich zu viel zuzumuten? Hier kommen die Praxisanleiter*innen ins Spiel. Gerade in Berufen \u201emit Menschen\u201c, also in P\u00e4dagogik- und Pflegeberufen, ist eine gute Praxisanleitung essentiell, um eine fundierte fachpraktische Ausbildung zu erm\u00f6glichen.  <\/strong>  <\/p>\n\n\n\n<h2 class=\"wp-block-heading\">Praxisanleitung in der Pflege<\/h2>\n\n\n\n<p> \u201eIch bin damals Praxisanleiterin geworden, weil ich selbst eine tolle Praxisanleitung hatte, die mich eigentlich durch alle Lebenslagen gef\u00fchrt hat.\u201c Die 28-j\u00e4hrige Alice unterst\u00fctzt als Praxisanleiterin Sch\u00fclerinnen und Sch\u00fcler dabei, Karriere als Mensch zu machen. In der Videoserie Fr\u00fchsp\u00e4tnachtdienst berichtet sie von ihrem Arbeitsalltag. <\/p>\n\n\n\n<p><a href=\"https:\/\/youtu.be\/sHvmnIW3dgI\" target=\"_blank\" rel=\"noopener noreferrer\"><figure class=\"wp-block-image\"><img decoding=\"async\" src=\"https:\/\/relaunch.euroakademie.de\/magazin\/wp-content\/uploads\/2021\/04\/praxisanleiterin_alice_video.jpg\" alt=\"\" class=\"wp-image-12820\"\/><figcaption> Video-Quelle: &#8222;Mach Karriere als Mensch!&#8220;, BMFSFJ<\/figcaption><\/figure><\/a><\/p>\n\n\n\n<p>Seit 2020 gibt es&nbsp;<a rel=\"noreferrer noopener\" href=\"https:\/\/www.euroakademie.de\/magazin\/generalistische-pflegeausbildung\/\" target=\"_blank\">nur noch eine Pflegeausbildung<\/a>: Pflegefachfrauen oder Pflegefachm\u00e4nnern stehen damit alle M\u00f6glichkeiten offen. Ob Pflegeheim, Kinderstation oder ambulanter Pflegedienst \u2013 die Einsatzfelder sind vielf\u00e4ltig. Das erfordert nat\u00fcrlich ein breites Basiswissen. Die generalistische Ausbildung ist deshalb von Anfang an darauf ausgelegt, die Theorie im Unterricht und die Praxis im Ausbildungsbetrieb eng zu verzahnen und gegenseitig zu erg\u00e4nzen. Deshalb erhalten die Sch\u00fcler*innen im Ausbildungsbetrieb Unterst\u00fctzung durch eine erfahrene Ansprechpartnerin, einen zuverl\u00e4ssigen Betreuer, eine best\u00e4rkende Mentorin, einen kompetenten Lehrer \u2013 der Praxisanleitung. Das ist sogar&nbsp;<a rel=\"noreferrer noopener\" href=\"https:\/\/www.buzer.de\/6_Pflegeberufegesetz-PflBG.htm\" target=\"_blank\">im&nbsp;Pflegeberufegesetz<\/a>&nbsp;festgehalten: \u201eWesentlicher Bestandteil der praktischen Ausbildung ist die von den Einrichtungen zu gew\u00e4hrleistende Praxisanleitung im Umfang von mindestens 10 Prozent der w\u00e4hrend eines Einsatzes zu leistenden praktischen Ausbildungszeit.\u201c&nbsp;<\/p>\n\n\n\n<h3 class=\"wp-block-heading\"><strong>Die Aufgaben der Praxisanleitung in der Pflege<\/strong><\/h3>\n\n\n\n<p>Diese wichtige Rolle wird von einer berufsp\u00e4dagogisch qualifizierten Person \u00fcbernommen. Hauptaufgabe der Praxisanleitung ist nat\u00fcrlich, die Pflegesch\u00fcler*innen anzuleiten und die praktische Durchf\u00fchrung der T\u00e4tigkeiten mit ihnen zu \u00fcben. Dabei ist immer das Ziel, den Auszubildenden die eigenst\u00e4ndige L\u00f6sung von beruflichen Aufgaben zu vermitteln. Es geht also nicht blo\u00df darum, bestimmte Situationen einzu\u00fcben \u2013 die angehenden Pflegekr\u00e4fte sollen nach der Ausbildung auch selbstst\u00e4ndig und flexibel auf neue Situationen und Probleme reagieren k\u00f6nnen. Die Praxisanleiterin oder der Praxisanleiter vermittelt also auch Probleml\u00f6sungs- und Kommunikationsstrategien.<\/p>\n\n\n\n<h3 class=\"wp-block-heading\"><strong>Wie wird man Praxisanleiterin oder Praxisanleiter?<\/strong>&nbsp;<\/h3>\n\n\n\n<p>Als&nbsp;Pflegefachkraft mit mindestens einj\u00e4hriger Berufserfahrung k\u00f6nnen Sie sich zum*r Praxisanleiter*in weiterbilden lassen. An der Euro Akademie&nbsp;k\u00f6nnen Sie die&nbsp;<a rel=\"noreferrer noopener\" href=\"https:\/\/www.euroakademie.de\/ihre-fort-und-weiterbildung-an-der-euro-akademie\/details\/veranstaltung\/Praxisanleiter-in-fuer-Pflegeberufe-EA-berufsbegleitend.html\" target=\"_blank\">Weiterbildung in Pr\u00e4senz absolvieren<\/a>&nbsp;oder mit einem&nbsp;<a href=\"https:\/\/www.euroakademie.de\/ihre-fort-und-weiterbildung-an-der-euro-akademie.html\" target=\"_blank\" rel=\"noreferrer noopener\" aria-label=\" (\u00f6ffnet in neuem Tab)\">Blended-Learning-Kurs<\/a>&nbsp;die Lerninhalte flexibel in ihrem eigenen Lerntempo bearbeiten. Die Fortbildung umfasst 300 Lehrgangsstunden und wird durch ein Praktikum&nbsp;erg\u00e4nzt. Danach k\u00f6nnen Sie als Praxisanleiterin oder Praxisanleiter in Ihrer Karriere als Mensch durchstarten.&nbsp;<\/p>\n\n\n\n<p>So auch Alice. Als Praxisanleiterin nimmt sie sich viel Zeit f\u00fcr ihre Sch\u00fcler*innen und bereitet sie bestm\u00f6glich auf den Beruf vor. Das erf\u00fcllt sie dann auch mit Stolz: \u201ePers\u00f6nlich\u00a0ziehe ich\u00a0aus meinem Alltag als Praxisanleitung, wenn die Sch\u00fclerinnen und Sch\u00fcler irgendwann komplett selbstst\u00e4ndig sind, mit Erfolg ihr Examen in der Hand halten und dann ganz selbstst\u00e4ndig ihren Beruf aus\u00fcben k\u00f6nnen.\u201c<\/p>\n\n\n\n<div class=\"wp-block-buttons is-content-justification-center is-layout-flex wp-container-core-buttons-is-layout-16018d1d wp-block-buttons-is-layout-flex\">\n<div class=\"wp-block-button has-custom-font-size has-regular-font-size\"><a class=\"wp-block-button__link has-white-color has-text-color has-background has-link-color wp-element-button\" href=\"https:\/\/www.euroakademie.de\/bildungsangebote\/gesundheit-pflege\" style=\"background-color:#95c11f;padding-top:var(--wp--preset--spacing--30);padding-right:var(--wp--preset--spacing--20);padding-bottom:var(--wp--preset--spacing--30);padding-left:var(--wp--preset--spacing--20)\">Der erste SChritt zum*R Praxisanleiter*in in der Pflege? Eine Ausbildung im Bereich Gesundheit &amp; Pflege &#8211; kannst Du bei uns absolvieren!<\/a><\/div>\n<\/div>\n\n\n\n<h2 class=\"wp-block-heading\">Praxisanleiter*in f\u00fcr p\u00e4dagogische Fachkr\u00e4fte<\/h2>\n\n\n\n<p>Auch angehende Erzieher*innen und Kinderpfleger*innen bekommen in der Ausbildung viel theoretisches Wissen vermittelt, dass es dann im praktischen Teil umzusetzen gilt.  Praxisanleiter*innen sind die Schnittstelle zwischen Theorie und Praxis.&nbsp; Sie unterst\u00fctzen Auszubildende, Berufseinsteiger*innen und Praktikant*innen in Kita, Kindergarten und Hort. <\/p>\n\n\n\n<h3 class=\"wp-block-heading\" id=\"mce_20\"><strong>Die Aufgaben der Praxisanleitung in der P\u00e4dagogik<\/strong><\/h3>\n\n\n\n<p>Praxisanleiter*innen sind wichtiger Bestandteil einer guten fachpraktischen Ausbildung und einer erfolgreichen Kooperation zwischen Kita und der Fachschule f\u00fcr Sozialp\u00e4dagogik. <br>Praxisanleiter*innen nehmen dabei die Rolle als Berater*in, Moderator*in, Koordinator*in und Vorbild ein. Sie stellen sicher, dass Auszubildende neben ihrem theoretischen Wissenserwerb eine fundierte praktische Ausbildung erfahren. Deshalb muss ein*e Praxisanleiter*in  nicht nur \u00fcber fachliche Qualit\u00e4t und berufliche Erfahrungen, sondern auch Empathie und Reflexionskompetenz verf\u00fcgen. <\/p>\n\n\n\n<p>Die Praxisanleitung stellt den Azubi bei Mitarbeitenden und Eltern vor und hilft ihm*ihr, sich im Team zu integrieren. Er oder sie plant p\u00e4dagogische Prozesse, um den Lernenden in verschiedene T\u00e4tigkeitsbereiche einzuf\u00fchren. Daneben dokumentiert die Praxisanleitung den Prozess und gibt regelm\u00e4\u00dfig Feedback. <\/p>\n\n\n\n<h3 class=\"wp-block-heading\" id=\"mce_25\"><strong>Wie wird man Praxisanleiterin oder Praxisanleiter f\u00fcr Erzieher*innen?<\/strong>&nbsp;<\/h3>\n\n\n\n<p>Die Erzieherausbildung ist L\u00e4ndersache und in jedem Bundesland anders geregelt \u2013 so auch die Praxisanleitung. Informieren Sie sich also \u00fcber die Regelungen in Ihrem Bundesland<\/p>\n\n\n\n<div class=\"wp-block-buttons is-content-justification-center is-layout-flex wp-container-core-buttons-is-layout-16018d1d wp-block-buttons-is-layout-flex\">\n<div class=\"wp-block-button has-custom-font-size has-regular-font-size\"><a class=\"wp-block-button__link has-white-color has-text-color has-background has-link-color wp-element-button\" href=\"https:\/\/www.euroakademie.de\/bildungsangebote\/paedagogik-soziales\" style=\"background-color:#f39200;padding-top:var(--wp--preset--spacing--30);padding-right:var(--wp--preset--spacing--20);padding-bottom:var(--wp--preset--spacing--30);padding-left:var(--wp--preset--spacing--20)\">Du willst Erzieher*in werden? Kannst DU bei uns!<\/a><\/div>\n<\/div>\n\n\n\n<p>An der Euro Akademie k\u00f6nnen sich p\u00e4dagogische Fachkr\u00e4fte mit mindestens zweij\u00e4hriger Berufserfahrung zur Praxisanleitung fortbilden.<\/p>\n\n\n\n<p><em>Bildquelle: CGN089 \/ shutterstock.com<\/em><\/p>\n","protected":false},"excerpt":{"rendered":"<p>\t\t\t\t<![CDATA[Gerade in Berufen \u201emit Menschen\u201c, also in P\u00e4dagogik- und Pflegeberufen, ist eine gute Praxisanleitung essentiell, um eine fundierte fachpraktische Ausbildung zu erm\u00f6glichen. Aber was macht eine Praxisanleitung eigentlich genau?]]>\t\t<\/p>\n","protected":false},"author":76,"featured_media":16424,"comment_status":"closed","ping_status":"closed","sticky":false,"template":"","format":"standard","meta":{"footnotes":""},"categories":[16,118],"tags":[],"class_list":{"0":"post-16411","1":"post","2":"type-post","3":"status-publish","4":"format-standard","5":"has-post-thumbnail","7":"category-gesundheit-pflege","8":"category-im-fokus"},"yoast_head":"<!-- This site is optimized with the Yoast SEO plugin v23.5 - https:\/\/yoast.com\/wordpress\/plugins\/seo\/ -->\n<title>Praxisanleitung \u2013 was ist das eigentlich? - Das Euro Akademie Magazin<\/title>\n<meta name=\"description\" content=\"Gerade in Berufen \u201emit Menschen\u201c ist eine gute Praxisanleitung essentiell. Aber was macht ein*e Praxisanleiter*in eigentlich genau?\" \/>\n<meta name=\"robots\" content=\"index, follow, max-snippet:-1, max-image-preview:large, max-video-preview:-1\" \/>\n<link rel=\"canonical\" href=\"https:\/\/www.euroakademie.de\/magazin\/praxisanleitung\/\" \/>\n<meta property=\"og:locale\" content=\"de_DE\" \/>\n<meta property=\"og:type\" content=\"article\" \/>\n<meta property=\"og:title\" content=\"Praxisanleitung \u2013 was ist das eigentlich? - Das Euro Akademie Magazin\" \/>\n<meta property=\"og:description\" content=\"Gerade in Berufen \u201emit Menschen\u201c ist eine gute Praxisanleitung essentiell. Aber was macht ein*e Praxisanleiter*in eigentlich genau?\" \/>\n<meta property=\"og:url\" content=\"https:\/\/www.euroakademie.de\/magazin\/praxisanleitung\/\" \/>\n<meta property=\"og:site_name\" content=\"Das Euro Akademie Magazin\" \/>\n<meta property=\"article:published_time\" content=\"2022-07-27T12:18:07+00:00\" \/>\n<meta property=\"article:modified_time\" content=\"2024-12-03T15:32:14+00:00\" \/>\n<meta property=\"og:image\" content=\"https:\/\/www.euroakademie.de\/magazin\/wp-content\/uploads\/2022\/07\/shutterstock_1707912508.jpg\" \/>\n\t<meta property=\"og:image:width\" content=\"702\" \/>\n\t<meta property=\"og:image:height\" content=\"336\" \/>\n\t<meta property=\"og:image:type\" content=\"image\/jpeg\" \/>\n<meta name=\"author\" content=\"Anna R\u00fcppel\" \/>\n<meta name=\"twitter:card\" content=\"summary_large_image\" \/>\n<meta name=\"twitter:label1\" content=\"Verfasst von\" \/>\n\t<meta name=\"twitter:data1\" content=\"Anna R\u00fcppel\" \/>\n\t<meta name=\"twitter:label2\" content=\"Gesch\u00e4tzte Lesezeit\" \/>\n\t<meta name=\"twitter:data2\" content=\"1\u00a0Minute\" \/>\n<script type=\"application\/ld+json\" class=\"yoast-schema-graph\">{\"@context\":\"https:\/\/schema.org\",\"@graph\":[{\"@type\":\"Article\",\"@id\":\"https:\/\/www.euroakademie.de\/magazin\/praxisanleitung\/#article\",\"isPartOf\":{\"@id\":\"https:\/\/www.euroakademie.de\/magazin\/praxisanleitung\/\"},\"author\":{\"name\":\"Anna R\u00fcppel\",\"@id\":\"https:\/\/www.euroakademie.de\/magazin\/#\/schema\/person\/60fedb6ea7279f88d9086938e970d05e\"},\"headline\":\"Praxisanleitung \u2013 was ist das eigentlich?\",\"datePublished\":\"2022-07-27T12:18:07+00:00\",\"dateModified\":\"2024-12-03T15:32:14+00:00\",\"mainEntityOfPage\":{\"@id\":\"https:\/\/www.euroakademie.de\/magazin\/praxisanleitung\/\"},\"wordCount\":838,\"publisher\":{\"@id\":\"https:\/\/www.euroakademie.de\/magazin\/#organization\"},\"image\":{\"@id\":\"https:\/\/www.euroakademie.de\/magazin\/praxisanleitung\/#primaryimage\"},\"thumbnailUrl\":\"https:\/\/www.euroakademie.de\/magazin\/wp-content\/uploads\/2022\/07\/shutterstock_1707912508.jpg\",\"articleSection\":[\"Gesundheit &amp; Pflege\",\"Im Fokus\"],\"inLanguage\":\"de\"},{\"@type\":\"WebPage\",\"@id\":\"https:\/\/www.euroakademie.de\/magazin\/praxisanleitung\/\",\"url\":\"https:\/\/www.euroakademie.de\/magazin\/praxisanleitung\/\",\"name\":\"Praxisanleitung \u2013 was ist das eigentlich? - Das Euro Akademie Magazin\",\"isPartOf\":{\"@id\":\"https:\/\/www.euroakademie.de\/magazin\/#website\"},\"primaryImageOfPage\":{\"@id\":\"https:\/\/www.euroakademie.de\/magazin\/praxisanleitung\/#primaryimage\"},\"image\":{\"@id\":\"https:\/\/www.euroakademie.de\/magazin\/praxisanleitung\/#primaryimage\"},\"thumbnailUrl\":\"https:\/\/www.euroakademie.de\/magazin\/wp-content\/uploads\/2022\/07\/shutterstock_1707912508.jpg\",\"datePublished\":\"2022-07-27T12:18:07+00:00\",\"dateModified\":\"2024-12-03T15:32:14+00:00\",\"description\":\"Gerade in Berufen \u201emit Menschen\u201c ist eine gute Praxisanleitung essentiell. Aber was macht ein*e Praxisanleiter*in eigentlich genau?\",\"breadcrumb\":{\"@id\":\"https:\/\/www.euroakademie.de\/magazin\/praxisanleitung\/#breadcrumb\"},\"inLanguage\":\"de\",\"potentialAction\":[{\"@type\":\"ReadAction\",\"target\":[\"https:\/\/www.euroakademie.de\/magazin\/praxisanleitung\/\"]}]},{\"@type\":\"ImageObject\",\"inLanguage\":\"de\",\"@id\":\"https:\/\/www.euroakademie.de\/magazin\/praxisanleitung\/#primaryimage\",\"url\":\"https:\/\/www.euroakademie.de\/magazin\/wp-content\/uploads\/2022\/07\/shutterstock_1707912508.jpg\",\"contentUrl\":\"https:\/\/www.euroakademie.de\/magazin\/wp-content\/uploads\/2022\/07\/shutterstock_1707912508.jpg\",\"width\":702,\"height\":336,\"caption\":\"\"},{\"@type\":\"BreadcrumbList\",\"@id\":\"https:\/\/www.euroakademie.de\/magazin\/praxisanleitung\/#breadcrumb\",\"itemListElement\":[{\"@type\":\"ListItem\",\"position\":1,\"name\":\"Startseite\",\"item\":\"https:\/\/www.euroakademie.de\/magazin\/\"},{\"@type\":\"ListItem\",\"position\":2,\"name\":\"Praxisanleitung \u2013 was ist das eigentlich?\"}]},{\"@type\":\"WebSite\",\"@id\":\"https:\/\/www.euroakademie.de\/magazin\/#website\",\"url\":\"https:\/\/www.euroakademie.de\/magazin\/\",\"name\":\"Das Euro Akademie Magazin\",\"description\":\"Gut informiert durch Ausbildung und Studium\",\"publisher\":{\"@id\":\"https:\/\/www.euroakademie.de\/magazin\/#organization\"},\"potentialAction\":[{\"@type\":\"SearchAction\",\"target\":{\"@type\":\"EntryPoint\",\"urlTemplate\":\"https:\/\/www.euroakademie.de\/magazin\/?s={search_term_string}\"},\"query-input\":{\"@type\":\"PropertyValueSpecification\",\"valueRequired\":true,\"valueName\":\"search_term_string\"}}],\"inLanguage\":\"de\"},{\"@type\":\"Organization\",\"@id\":\"https:\/\/www.euroakademie.de\/magazin\/#organization\",\"name\":\"ESO Education Group\",\"url\":\"https:\/\/www.euroakademie.de\/magazin\/\",\"logo\":{\"@type\":\"ImageObject\",\"inLanguage\":\"de\",\"@id\":\"https:\/\/www.euroakademie.de\/magazin\/#\/schema\/logo\/image\/\",\"url\":\"https:\/\/relaunch.euroakademie.de\/magazin\/wp-content\/uploads\/2024\/11\/Logo_EA_negativ_Rahmen_5cm_300dpi_RGB.jpg\",\"contentUrl\":\"https:\/\/relaunch.euroakademie.de\/magazin\/wp-content\/uploads\/2024\/11\/Logo_EA_negativ_Rahmen_5cm_300dpi_RGB.jpg\",\"width\":591,\"height\":236,\"caption\":\"ESO Education Group\"},\"image\":{\"@id\":\"https:\/\/www.euroakademie.de\/magazin\/#\/schema\/logo\/image\/\"}},{\"@type\":\"Person\",\"@id\":\"https:\/\/www.euroakademie.de\/magazin\/#\/schema\/person\/60fedb6ea7279f88d9086938e970d05e\",\"name\":\"Anna R\u00fcppel\",\"description\":\"Anna R\u00fcppel ist mit 1,78 m die Gr\u00f6\u00dfte, wenn es um Ausbildung und Beruf geht. Als Kind war sie kleiner. Von April 2019 bis November 2022 schrieb sie kleinere und gr\u00f6\u00dfere Artikel f\u00fcr das Euro Akademie Magazin.\",\"url\":\"https:\/\/www.euroakademie.de\/magazin\/author\/rueppela\/\"}]}<\/script>\n<!-- \/ Yoast SEO plugin. -->","yoast_head_json":{"title":"Praxisanleitung \u2013 was ist das eigentlich? - Das Euro Akademie Magazin","description":"Gerade in Berufen \u201emit Menschen\u201c ist eine gute Praxisanleitung essentiell. Aber was macht ein*e Praxisanleiter*in eigentlich genau?","robots":{"index":"index","follow":"follow","max-snippet":"max-snippet:-1","max-image-preview":"max-image-preview:large","max-video-preview":"max-video-preview:-1"},"canonical":"https:\/\/www.euroakademie.de\/magazin\/praxisanleitung\/","og_locale":"de_DE","og_type":"article","og_title":"Praxisanleitung \u2013 was ist das eigentlich? - Das Euro Akademie Magazin","og_description":"Gerade in Berufen \u201emit Menschen\u201c ist eine gute Praxisanleitung essentiell. Aber was macht ein*e Praxisanleiter*in eigentlich genau?","og_url":"https:\/\/www.euroakademie.de\/magazin\/praxisanleitung\/","og_site_name":"Das Euro Akademie Magazin","article_published_time":"2022-07-27T12:18:07+00:00","article_modified_time":"2024-12-03T15:32:14+00:00","og_image":[{"width":702,"height":336,"url":"https:\/\/www.euroakademie.de\/magazin\/wp-content\/uploads\/2022\/07\/shutterstock_1707912508.jpg","type":"image\/jpeg"}],"author":"Anna R\u00fcppel","twitter_card":"summary_large_image","twitter_misc":{"Verfasst von":"Anna R\u00fcppel","Gesch\u00e4tzte Lesezeit":"1\u00a0Minute"},"schema":{"@context":"https:\/\/schema.org","@graph":[{"@type":"Article","@id":"https:\/\/www.euroakademie.de\/magazin\/praxisanleitung\/#article","isPartOf":{"@id":"https:\/\/www.euroakademie.de\/magazin\/praxisanleitung\/"},"author":{"name":"Anna R\u00fcppel","@id":"https:\/\/www.euroakademie.de\/magazin\/#\/schema\/person\/60fedb6ea7279f88d9086938e970d05e"},"headline":"Praxisanleitung \u2013 was ist das eigentlich?","datePublished":"2022-07-27T12:18:07+00:00","dateModified":"2024-12-03T15:32:14+00:00","mainEntityOfPage":{"@id":"https:\/\/www.euroakademie.de\/magazin\/praxisanleitung\/"},"wordCount":838,"publisher":{"@id":"https:\/\/www.euroakademie.de\/magazin\/#organization"},"image":{"@id":"https:\/\/www.euroakademie.de\/magazin\/praxisanleitung\/#primaryimage"},"thumbnailUrl":"https:\/\/www.euroakademie.de\/magazin\/wp-content\/uploads\/2022\/07\/shutterstock_1707912508.jpg","articleSection":["Gesundheit &amp; Pflege","Im Fokus"],"inLanguage":"de"},{"@type":"WebPage","@id":"https:\/\/www.euroakademie.de\/magazin\/praxisanleitung\/","url":"https:\/\/www.euroakademie.de\/magazin\/praxisanleitung\/","name":"Praxisanleitung \u2013 was ist das eigentlich? - Das Euro Akademie Magazin","isPartOf":{"@id":"https:\/\/www.euroakademie.de\/magazin\/#website"},"primaryImageOfPage":{"@id":"https:\/\/www.euroakademie.de\/magazin\/praxisanleitung\/#primaryimage"},"image":{"@id":"https:\/\/www.euroakademie.de\/magazin\/praxisanleitung\/#primaryimage"},"thumbnailUrl":"https:\/\/www.euroakademie.de\/magazin\/wp-content\/uploads\/2022\/07\/shutterstock_1707912508.jpg","datePublished":"2022-07-27T12:18:07+00:00","dateModified":"2024-12-03T15:32:14+00:00","description":"Gerade in Berufen \u201emit Menschen\u201c ist eine gute Praxisanleitung essentiell. Aber was macht ein*e Praxisanleiter*in eigentlich genau?","breadcrumb":{"@id":"https:\/\/www.euroakademie.de\/magazin\/praxisanleitung\/#breadcrumb"},"inLanguage":"de","potentialAction":[{"@type":"ReadAction","target":["https:\/\/www.euroakademie.de\/magazin\/praxisanleitung\/"]}]},{"@type":"ImageObject","inLanguage":"de","@id":"https:\/\/www.euroakademie.de\/magazin\/praxisanleitung\/#primaryimage","url":"https:\/\/www.euroakademie.de\/magazin\/wp-content\/uploads\/2022\/07\/shutterstock_1707912508.jpg","contentUrl":"https:\/\/www.euroakademie.de\/magazin\/wp-content\/uploads\/2022\/07\/shutterstock_1707912508.jpg","width":702,"height":336,"caption":""},{"@type":"BreadcrumbList","@id":"https:\/\/www.euroakademie.de\/magazin\/praxisanleitung\/#breadcrumb","itemListElement":[{"@type":"ListItem","position":1,"name":"Startseite","item":"https:\/\/www.euroakademie.de\/magazin\/"},{"@type":"ListItem","position":2,"name":"Praxisanleitung \u2013 was ist das eigentlich?"}]},{"@type":"WebSite","@id":"https:\/\/www.euroakademie.de\/magazin\/#website","url":"https:\/\/www.euroakademie.de\/magazin\/","name":"Das Euro Akademie Magazin","description":"Gut informiert durch Ausbildung und Studium","publisher":{"@id":"https:\/\/www.euroakademie.de\/magazin\/#organization"},"potentialAction":[{"@type":"SearchAction","target":{"@type":"EntryPoint","urlTemplate":"https:\/\/www.euroakademie.de\/magazin\/?s={search_term_string}"},"query-input":{"@type":"PropertyValueSpecification","valueRequired":true,"valueName":"search_term_string"}}],"inLanguage":"de"},{"@type":"Organization","@id":"https:\/\/www.euroakademie.de\/magazin\/#organization","name":"ESO Education Group","url":"https:\/\/www.euroakademie.de\/magazin\/","logo":{"@type":"ImageObject","inLanguage":"de","@id":"https:\/\/www.euroakademie.de\/magazin\/#\/schema\/logo\/image\/","url":"https:\/\/relaunch.euroakademie.de\/magazin\/wp-content\/uploads\/2024\/11\/Logo_EA_negativ_Rahmen_5cm_300dpi_RGB.jpg","contentUrl":"https:\/\/relaunch.euroakademie.de\/magazin\/wp-content\/uploads\/2024\/11\/Logo_EA_negativ_Rahmen_5cm_300dpi_RGB.jpg","width":591,"height":236,"caption":"ESO Education Group"},"image":{"@id":"https:\/\/www.euroakademie.de\/magazin\/#\/schema\/logo\/image\/"}},{"@type":"Person","@id":"https:\/\/www.euroakademie.de\/magazin\/#\/schema\/person\/60fedb6ea7279f88d9086938e970d05e","name":"Anna R\u00fcppel","description":"Anna R\u00fcppel ist mit 1,78 m die Gr\u00f6\u00dfte, wenn es um Ausbildung und Beruf geht. Als Kind war sie kleiner. Von April 2019 bis November 2022 schrieb sie kleinere und gr\u00f6\u00dfere Artikel f\u00fcr das Euro Akademie Magazin.","url":"https:\/\/www.euroakademie.de\/magazin\/author\/rueppela\/"}]}},"_links":{"self":[{"href":"https:\/\/www.euroakademie.de\/magazin\/wp-json\/wp\/v2\/posts\/16411","targetHints":{"allow":["GET"]}}],"collection":[{"href":"https:\/\/www.euroakademie.de\/magazin\/wp-json\/wp\/v2\/posts"}],"about":[{"href":"https:\/\/www.euroakademie.de\/magazin\/wp-json\/wp\/v2\/types\/post"}],"author":[{"embeddable":true,"href":"https:\/\/www.euroakademie.de\/magazin\/wp-json\/wp\/v2\/users\/76"}],"replies":[{"embeddable":true,"href":"https:\/\/www.euroakademie.de\/magazin\/wp-json\/wp\/v2\/comments?post=16411"}],"version-history":[{"count":4,"href":"https:\/\/www.euroakademie.de\/magazin\/wp-json\/wp\/v2\/posts\/16411\/revisions"}],"predecessor-version":[{"id":25101,"href":"https:\/\/www.euroakademie.de\/magazin\/wp-json\/wp\/v2\/posts\/16411\/revisions\/25101"}],"wp:featuredmedia":[{"embeddable":true,"href":"https:\/\/www.euroakademie.de\/magazin\/wp-json\/wp\/v2\/media\/16424"}],"wp:attachment":[{"href":"https:\/\/www.euroakademie.de\/magazin\/wp-json\/wp\/v2\/media?parent=16411"}],"wp:term":[{"taxonomy":"category","embeddable":true,"href":"https:\/\/www.euroakademie.de\/magazin\/wp-json\/wp\/v2\/categories?post=16411"},{"taxonomy":"post_tag","embeddable":true,"href":"https:\/\/www.euroakademie.de\/magazin\/wp-json\/wp\/v2\/tags?post=16411"}],"curies":[{"name":"wp","href":"https:\/\/api.w.org\/{rel}","templated":true}]}}