{"id":16539,"date":"2022-09-16T14:37:50","date_gmt":"2022-09-16T12:37:50","guid":{"rendered":"https:\/\/www.euroakademie.de\/magazin\/?p=16539"},"modified":"2026-04-27T16:44:50","modified_gmt":"2026-04-27T14:44:50","slug":"einfuhrungswoche-der-international-administration-manager","status":"publish","type":"post","link":"https:\/\/www.euroakademie.de\/magazin\/einfuhrungswoche-der-international-administration-manager\/","title":{"rendered":"Einf\u00fchrungswoche der International Administration Manager"},"content":{"rendered":"\n<p><strong>Sprache trifft BWL trifft IT: Die Ausbildung <a href=\"https:\/\/www.euroakademie.de\/standorte\/trier\/ausbildung\/international-administration-manager-esa.html\">International Administration Manager<\/a>, die wir in Kooperation mit den European Schools for Higher Education in Administration and Management (ESA) anbieten, ist eine spannende Kombination aus Wirtschaft und Fremdsprachen. An der Euro Akademie Trier k\u00f6nnen Sie sich auf die Fachrichtungen Office Management (Europasekret\u00e4r*in) oder Marketing Management spezialisieren. In der Einf\u00fchrungswoche vom 5. bis 9. September 2022 sind die angehenden Europasekret\u00e4r*innen nun in ihre Ausbildung an der Euro Akademie Tier gestartet. <\/strong><\/p>\n\n\n\n<p>Office Manager einer EU-Abgeordneten, Sales Assistant, Online Marketing Managerin oder Human Service Advisor? Den Absolvent*innen der Ausbildung zum International Administration Manager stehen viele spannende Berufsfelder offen \u2013 und das weltweit. Denn die Verkn\u00fcpfung von Fremdsprachen und fundiertem wirtschaftlichem Wissen macht unsere Absolvent*innen zu gefragten Pers\u00f6nlichkeiten im Global Business. <\/p>\n\n\n\n<p>Unsere neuen Azubis stehen aber noch ganz am Anfang ihrer Ausbildung. Mit einer Einf\u00fchrungswoche wurden sie an der Euro Akademie Trier begr\u00fc\u00dft. Diese Woche ist nicht nur wichtig, um Organisatorisches zu kl\u00e4ren \u2013 die Auszubildenden lernen ihre Klassenkameradinnen und Lehrkr\u00e4fte kennen und erfahren N\u00fctzliches \u00fcber Ausbildung und Beruf.<\/p>\n\n\n\n<div class=\"wp-block-buttons is-content-justification-center is-layout-flex wp-container-core-buttons-is-layout-16018d1d wp-block-buttons-is-layout-flex\">\n<div class=\"wp-block-button\"><a class=\"wp-block-button__link has-white-color has-text-color has-background has-link-color has-regular-font-size has-custom-font-size wp-element-button\" href=\"https:\/\/www.euroakademie.de\/trier\" style=\"background-color:#00305d;padding-top:var(--wp--preset--spacing--30);padding-right:var(--wp--preset--spacing--20);padding-bottom:var(--wp--preset--spacing--30);padding-left:var(--wp--preset--spacing--20)\">Lust auf eine spannende Ausbildung an der Euro akademie Trier? Alle Infos finden Sie hier!<\/a><\/div>\n<\/div>\n\n\n\n<h2 class=\"wp-block-heading\">Kennenlernfr\u00fchst\u00fcck mit Pers\u00f6nlichkeitsanalyse<\/h2>\n\n\n\n<p>Die Einf\u00fchrungswoche fand vom 5. bis 9. September 2022 statt. Zun\u00e4chst galt es, den Auszubildenden ihre Stundenpl\u00e4ne und Zugangsdaten f\u00fcr virtuellen Campus\/LMS auszuh\u00e4ndigen sowie die Sicherheitsbelehrungen durchzuf\u00fchren. Anschlie\u00dfend haben sie bereits die erste EDV-Unterrichtseinheit absolviert.<\/p>\n\n\n\n<p>Beim gemeinsamen Kennenlernfr\u00fchst\u00fcck am 6. September f\u00fchrten wir eine f\u00fcr alle interessante Pers\u00f6nlichkeits-SWOT-Analyse durch. SWOT steht hier f\u00fcr Strengths, Weaknesses, Opportunities und Threats \u2013 also St\u00e4rken, Schw\u00e4chen, Chancen und Risiken. Mit Hilfe einer Matrix werden pers\u00f6nliche St\u00e4rken und Schw\u00e4chen aufgelistet und er\u00f6rtert, wie diese sp\u00e4ter sinnvoll und n\u00fctzlich zu M\u00f6glichkeiten im Beruf und der Karriere werden k\u00f6nnen. All das trug zu einem regen Austausch sowie zur Bildung einer guten Klassengemeinschaft von Beginn an bei.<\/p>\n\n\n\n<figure class=\"wp-block-image\"><img fetchpriority=\"high\" decoding=\"async\" width=\"1000\" height=\"1000\" src=\"https:\/\/relaunch.euroakademie.de\/magazin\/wp-content\/uploads\/2022\/09\/shutterstock_1190152720-1.jpg\" alt=\"So eine SWOT-Analyse haben die International Administration Manager druchgef\u00fchrt\" class=\"wp-image-16547\" srcset=\"https:\/\/www.euroakademie.de\/magazin\/wp-content\/uploads\/2022\/09\/shutterstock_1190152720-1.jpg 1000w, https:\/\/www.euroakademie.de\/magazin\/wp-content\/uploads\/2022\/09\/shutterstock_1190152720-1-300x300.jpg 300w, https:\/\/www.euroakademie.de\/magazin\/wp-content\/uploads\/2022\/09\/shutterstock_1190152720-1-150x150.jpg 150w, https:\/\/www.euroakademie.de\/magazin\/wp-content\/uploads\/2022\/09\/shutterstock_1190152720-1-768x768.jpg 768w, https:\/\/www.euroakademie.de\/magazin\/wp-content\/uploads\/2022\/09\/shutterstock_1190152720-1-450x450.jpg 450w\" sizes=\"(max-width: 1000px) 100vw, 1000px\" \/><\/figure>\n\n\n\n<h2 class=\"wp-block-heading\">Internationalit\u00e4t im Fokus<\/h2>\n\n\n\n<p>Die Ausbildung zur Europasekret\u00e4r*in an der Euro Akademie ist von Anfang an international ausgerichtet. Mit einem gro\u00dfen Netzwerk an<br>Partnerfirmen und Praktikumsbetrieben bietet die Euro Akademie Trier ihren Auszubildenden und Absolvent*innen tolle Chancen auf eine internationale Karriere. Das Netzwerk wird st\u00e4ndig erweitert \u2013 vor allem im Raum Luxemburg kamen Partner hinzu. Gerade in einem mehrsprachigen Land ist eine Fremdsprachenausbildung nat\u00fcrlich ein gro\u00dfes Plus und ein internationales Arbeitsumfeld ist bei unseren multikulturellen Partnerunternehmen selbstverst\u00e4ndlich. Die Klasse, die jetzt die Ausbildung zum International Manager startet, hat also extrem gute Chancen, sp\u00e4ter eine Karriere in Luxemburg einzuschlagen.<\/p>\n\n\n\n<p>Die Basis daf\u00fcr k\u00f6nnen unsere Azubis schon im Praktikum legen. Das ist fester Teil der Ausbildung und kann im In- oder Ausland absolviert werden. Der Praktikumszeitraum hat sich sogar verl\u00e4ngert:  Statt bisher drei Monate geht es ab dieser Ausbildungsklasse jetzt f\u00fcr sechs Monate in einen Betrieb nach Wahl. Eine tolle M\u00f6glichkeit, ins Berufsleben zu schnuppern, Kontakte zu kn\u00fcpfen und vielleicht sogar den zuk\u00fcnftigen Arbeitgeber kennenzulernen.<\/p>\n\n\n\n<p>Als Sahneh\u00e4ubchen kann sich die Klasse auch schon jetzt auf tolle Exkursionen freuen: So ist beispielsweise f\u00fcr Anfang 2023 ein Tag in einer der gr\u00f6\u00dften internationalen Wirtschaftsunternehmen (eine der \u201eBig Four\u201c) mit Sitz in Luxemburg geplant.<\/p>\n\n\n\n<h2 class=\"wp-block-heading\">Internationale Klasse<\/h2>\n\n\n\n<p>Der Gro\u00dfteil der Auszubildenden bringt nicht nur bereits Kenntnisse in mehreren Sprachen mit, sondern auch eine interessante internationale Geschichte und Biographie. Wir freuen uns, so tolle und unterschiedliche junge Menschen auf ihrem Weg in eine internationale Karriere begleiten zu d\u00fcrfen. Wir w\u00fcnschen euch einen wunderbaren Ausbildungsstart!<\/p>\n\n\n\n<p><em>Bildquelle Beitragsbild: Euro Akademie Trier<\/em><\/p>\n","protected":false},"excerpt":{"rendered":"<p>\t\t\t\t<![CDATA[Sprache trifft BWL trifft IT: Die Ausbildung International Administration Manager ist eine spannende Kombination aus Wirtschaft und Fremdsprachen. An der EA Trier startete die Ausbildung mit einer Einf\u00fchrungswoche.]]>\t\t<\/p>\n","protected":false},"author":76,"featured_media":16551,"comment_status":"closed","ping_status":"closed","sticky":false,"template":"","format":"standard","meta":{"footnotes":""},"categories":[34,46],"tags":[],"class_list":{"0":"post-16539","1":"post","2":"type-post","3":"status-publish","4":"format-standard","5":"has-post-thumbnail","7":"category-trier","8":"category-wirtschaft-management"},"yoast_head":"<!-- This site is optimized with the Yoast SEO plugin v23.5 - https:\/\/yoast.com\/wordpress\/plugins\/seo\/ -->\n<title>Einf\u00fchrungswoche der International Administration Manager<\/title>\n<meta name=\"description\" content=\"Sprache trifft BWL trifft IT: Die Ausbildung International Administration Manager ist eine spannende Kombination aus Wirtschaft und Fremdsprachen.\" \/>\n<meta name=\"robots\" content=\"index, follow, max-snippet:-1, max-image-preview:large, max-video-preview:-1\" \/>\n<link rel=\"canonical\" href=\"https:\/\/www.euroakademie.de\/magazin\/einfuhrungswoche-der-international-administration-manager\/\" \/>\n<meta property=\"og:locale\" content=\"de_DE\" \/>\n<meta property=\"og:type\" content=\"article\" \/>\n<meta property=\"og:title\" content=\"Einf\u00fchrungswoche der International Administration Manager\" \/>\n<meta property=\"og:description\" content=\"Sprache trifft BWL trifft IT: Die Ausbildung International Administration Manager ist eine spannende Kombination aus Wirtschaft und Fremdsprachen.\" \/>\n<meta property=\"og:url\" content=\"https:\/\/www.euroakademie.de\/magazin\/einfuhrungswoche-der-international-administration-manager\/\" \/>\n<meta property=\"og:site_name\" content=\"Das Euro Akademie Magazin\" \/>\n<meta property=\"article:published_time\" content=\"2022-09-16T12:37:50+00:00\" \/>\n<meta property=\"article:modified_time\" content=\"2026-04-27T14:44:50+00:00\" \/>\n<meta property=\"og:image\" content=\"https:\/\/www.euroakademie.de\/magazin\/wp-content\/uploads\/2022\/09\/esa_titel.jpg\" \/>\n\t<meta property=\"og:image:width\" content=\"702\" \/>\n\t<meta property=\"og:image:height\" content=\"336\" \/>\n\t<meta property=\"og:image:type\" content=\"image\/jpeg\" \/>\n<meta name=\"author\" content=\"Anna R\u00fcppel\" \/>\n<meta name=\"twitter:card\" content=\"summary_large_image\" \/>\n<meta name=\"twitter:label1\" content=\"Verfasst von\" \/>\n\t<meta name=\"twitter:data1\" content=\"Anna R\u00fcppel\" \/>\n\t<meta name=\"twitter:label2\" content=\"Gesch\u00e4tzte Lesezeit\" \/>\n\t<meta name=\"twitter:data2\" content=\"4\u00a0Minuten\" \/>\n<script type=\"application\/ld+json\" class=\"yoast-schema-graph\">{\"@context\":\"https:\/\/schema.org\",\"@graph\":[{\"@type\":\"Article\",\"@id\":\"https:\/\/www.euroakademie.de\/magazin\/einfuhrungswoche-der-international-administration-manager\/#article\",\"isPartOf\":{\"@id\":\"https:\/\/www.euroakademie.de\/magazin\/einfuhrungswoche-der-international-administration-manager\/\"},\"author\":{\"name\":\"Anna R\u00fcppel\",\"@id\":\"https:\/\/www.euroakademie.de\/magazin\/#\/schema\/person\/60fedb6ea7279f88d9086938e970d05e\"},\"headline\":\"Einf\u00fchrungswoche der International Administration Manager\",\"datePublished\":\"2022-09-16T12:37:50+00:00\",\"dateModified\":\"2026-04-27T14:44:50+00:00\",\"mainEntityOfPage\":{\"@id\":\"https:\/\/www.euroakademie.de\/magazin\/einfuhrungswoche-der-international-administration-manager\/\"},\"wordCount\":608,\"publisher\":{\"@id\":\"https:\/\/www.euroakademie.de\/magazin\/#organization\"},\"image\":{\"@id\":\"https:\/\/www.euroakademie.de\/magazin\/einfuhrungswoche-der-international-administration-manager\/#primaryimage\"},\"thumbnailUrl\":\"https:\/\/www.euroakademie.de\/magazin\/wp-content\/uploads\/2022\/09\/esa_titel.jpg\",\"articleSection\":[\"Trier\",\"Wirtschaft &amp; Management\"],\"inLanguage\":\"de\"},{\"@type\":\"WebPage\",\"@id\":\"https:\/\/www.euroakademie.de\/magazin\/einfuhrungswoche-der-international-administration-manager\/\",\"url\":\"https:\/\/www.euroakademie.de\/magazin\/einfuhrungswoche-der-international-administration-manager\/\",\"name\":\"Einf\u00fchrungswoche der International Administration Manager\",\"isPartOf\":{\"@id\":\"https:\/\/www.euroakademie.de\/magazin\/#website\"},\"primaryImageOfPage\":{\"@id\":\"https:\/\/www.euroakademie.de\/magazin\/einfuhrungswoche-der-international-administration-manager\/#primaryimage\"},\"image\":{\"@id\":\"https:\/\/www.euroakademie.de\/magazin\/einfuhrungswoche-der-international-administration-manager\/#primaryimage\"},\"thumbnailUrl\":\"https:\/\/www.euroakademie.de\/magazin\/wp-content\/uploads\/2022\/09\/esa_titel.jpg\",\"datePublished\":\"2022-09-16T12:37:50+00:00\",\"dateModified\":\"2026-04-27T14:44:50+00:00\",\"description\":\"Sprache trifft BWL trifft IT: Die Ausbildung International Administration Manager ist eine spannende Kombination aus Wirtschaft und Fremdsprachen.\",\"breadcrumb\":{\"@id\":\"https:\/\/www.euroakademie.de\/magazin\/einfuhrungswoche-der-international-administration-manager\/#breadcrumb\"},\"inLanguage\":\"de\",\"potentialAction\":[{\"@type\":\"ReadAction\",\"target\":[\"https:\/\/www.euroakademie.de\/magazin\/einfuhrungswoche-der-international-administration-manager\/\"]}]},{\"@type\":\"ImageObject\",\"inLanguage\":\"de\",\"@id\":\"https:\/\/www.euroakademie.de\/magazin\/einfuhrungswoche-der-international-administration-manager\/#primaryimage\",\"url\":\"https:\/\/www.euroakademie.de\/magazin\/wp-content\/uploads\/2022\/09\/esa_titel.jpg\",\"contentUrl\":\"https:\/\/www.euroakademie.de\/magazin\/wp-content\/uploads\/2022\/09\/esa_titel.jpg\",\"width\":702,\"height\":336,\"caption\":\"\"},{\"@type\":\"BreadcrumbList\",\"@id\":\"https:\/\/www.euroakademie.de\/magazin\/einfuhrungswoche-der-international-administration-manager\/#breadcrumb\",\"itemListElement\":[{\"@type\":\"ListItem\",\"position\":1,\"name\":\"Startseite\",\"item\":\"https:\/\/www.euroakademie.de\/magazin\/\"},{\"@type\":\"ListItem\",\"position\":2,\"name\":\"Einf\u00fchrungswoche der International Administration Manager\"}]},{\"@type\":\"WebSite\",\"@id\":\"https:\/\/www.euroakademie.de\/magazin\/#website\",\"url\":\"https:\/\/www.euroakademie.de\/magazin\/\",\"name\":\"Das Euro Akademie Magazin\",\"description\":\"Gut informiert durch Ausbildung und Studium\",\"publisher\":{\"@id\":\"https:\/\/www.euroakademie.de\/magazin\/#organization\"},\"potentialAction\":[{\"@type\":\"SearchAction\",\"target\":{\"@type\":\"EntryPoint\",\"urlTemplate\":\"https:\/\/www.euroakademie.de\/magazin\/?s={search_term_string}\"},\"query-input\":{\"@type\":\"PropertyValueSpecification\",\"valueRequired\":true,\"valueName\":\"search_term_string\"}}],\"inLanguage\":\"de\"},{\"@type\":\"Organization\",\"@id\":\"https:\/\/www.euroakademie.de\/magazin\/#organization\",\"name\":\"ESO Education Group\",\"url\":\"https:\/\/www.euroakademie.de\/magazin\/\",\"logo\":{\"@type\":\"ImageObject\",\"inLanguage\":\"de\",\"@id\":\"https:\/\/www.euroakademie.de\/magazin\/#\/schema\/logo\/image\/\",\"url\":\"https:\/\/relaunch.euroakademie.de\/magazin\/wp-content\/uploads\/2024\/11\/Logo_EA_negativ_Rahmen_5cm_300dpi_RGB.jpg\",\"contentUrl\":\"https:\/\/relaunch.euroakademie.de\/magazin\/wp-content\/uploads\/2024\/11\/Logo_EA_negativ_Rahmen_5cm_300dpi_RGB.jpg\",\"width\":591,\"height\":236,\"caption\":\"ESO Education Group\"},\"image\":{\"@id\":\"https:\/\/www.euroakademie.de\/magazin\/#\/schema\/logo\/image\/\"}},{\"@type\":\"Person\",\"@id\":\"https:\/\/www.euroakademie.de\/magazin\/#\/schema\/person\/60fedb6ea7279f88d9086938e970d05e\",\"name\":\"Anna R\u00fcppel\",\"description\":\"Anna R\u00fcppel ist mit 1,78 m die Gr\u00f6\u00dfte, wenn es um Ausbildung und Beruf geht. Als Kind war sie kleiner. Von April 2019 bis November 2022 schrieb sie kleinere und gr\u00f6\u00dfere Artikel f\u00fcr das Euro Akademie Magazin.\",\"url\":\"https:\/\/www.euroakademie.de\/magazin\/author\/rueppela\/\"}]}<\/script>\n<!-- \/ Yoast SEO plugin. -->","yoast_head_json":{"title":"Einf\u00fchrungswoche der International Administration Manager","description":"Sprache trifft BWL trifft IT: Die Ausbildung International Administration Manager ist eine spannende Kombination aus Wirtschaft und Fremdsprachen.","robots":{"index":"index","follow":"follow","max-snippet":"max-snippet:-1","max-image-preview":"max-image-preview:large","max-video-preview":"max-video-preview:-1"},"canonical":"https:\/\/www.euroakademie.de\/magazin\/einfuhrungswoche-der-international-administration-manager\/","og_locale":"de_DE","og_type":"article","og_title":"Einf\u00fchrungswoche der International Administration Manager","og_description":"Sprache trifft BWL trifft IT: Die Ausbildung International Administration Manager ist eine spannende Kombination aus Wirtschaft und Fremdsprachen.","og_url":"https:\/\/www.euroakademie.de\/magazin\/einfuhrungswoche-der-international-administration-manager\/","og_site_name":"Das Euro Akademie Magazin","article_published_time":"2022-09-16T12:37:50+00:00","article_modified_time":"2026-04-27T14:44:50+00:00","og_image":[{"width":702,"height":336,"url":"https:\/\/www.euroakademie.de\/magazin\/wp-content\/uploads\/2022\/09\/esa_titel.jpg","type":"image\/jpeg"}],"author":"Anna R\u00fcppel","twitter_card":"summary_large_image","twitter_misc":{"Verfasst von":"Anna R\u00fcppel","Gesch\u00e4tzte Lesezeit":"4\u00a0Minuten"},"schema":{"@context":"https:\/\/schema.org","@graph":[{"@type":"Article","@id":"https:\/\/www.euroakademie.de\/magazin\/einfuhrungswoche-der-international-administration-manager\/#article","isPartOf":{"@id":"https:\/\/www.euroakademie.de\/magazin\/einfuhrungswoche-der-international-administration-manager\/"},"author":{"name":"Anna R\u00fcppel","@id":"https:\/\/www.euroakademie.de\/magazin\/#\/schema\/person\/60fedb6ea7279f88d9086938e970d05e"},"headline":"Einf\u00fchrungswoche der International Administration Manager","datePublished":"2022-09-16T12:37:50+00:00","dateModified":"2026-04-27T14:44:50+00:00","mainEntityOfPage":{"@id":"https:\/\/www.euroakademie.de\/magazin\/einfuhrungswoche-der-international-administration-manager\/"},"wordCount":608,"publisher":{"@id":"https:\/\/www.euroakademie.de\/magazin\/#organization"},"image":{"@id":"https:\/\/www.euroakademie.de\/magazin\/einfuhrungswoche-der-international-administration-manager\/#primaryimage"},"thumbnailUrl":"https:\/\/www.euroakademie.de\/magazin\/wp-content\/uploads\/2022\/09\/esa_titel.jpg","articleSection":["Trier","Wirtschaft &amp; Management"],"inLanguage":"de"},{"@type":"WebPage","@id":"https:\/\/www.euroakademie.de\/magazin\/einfuhrungswoche-der-international-administration-manager\/","url":"https:\/\/www.euroakademie.de\/magazin\/einfuhrungswoche-der-international-administration-manager\/","name":"Einf\u00fchrungswoche der International Administration Manager","isPartOf":{"@id":"https:\/\/www.euroakademie.de\/magazin\/#website"},"primaryImageOfPage":{"@id":"https:\/\/www.euroakademie.de\/magazin\/einfuhrungswoche-der-international-administration-manager\/#primaryimage"},"image":{"@id":"https:\/\/www.euroakademie.de\/magazin\/einfuhrungswoche-der-international-administration-manager\/#primaryimage"},"thumbnailUrl":"https:\/\/www.euroakademie.de\/magazin\/wp-content\/uploads\/2022\/09\/esa_titel.jpg","datePublished":"2022-09-16T12:37:50+00:00","dateModified":"2026-04-27T14:44:50+00:00","description":"Sprache trifft BWL trifft IT: Die Ausbildung International Administration Manager ist eine spannende Kombination aus Wirtschaft und Fremdsprachen.","breadcrumb":{"@id":"https:\/\/www.euroakademie.de\/magazin\/einfuhrungswoche-der-international-administration-manager\/#breadcrumb"},"inLanguage":"de","potentialAction":[{"@type":"ReadAction","target":["https:\/\/www.euroakademie.de\/magazin\/einfuhrungswoche-der-international-administration-manager\/"]}]},{"@type":"ImageObject","inLanguage":"de","@id":"https:\/\/www.euroakademie.de\/magazin\/einfuhrungswoche-der-international-administration-manager\/#primaryimage","url":"https:\/\/www.euroakademie.de\/magazin\/wp-content\/uploads\/2022\/09\/esa_titel.jpg","contentUrl":"https:\/\/www.euroakademie.de\/magazin\/wp-content\/uploads\/2022\/09\/esa_titel.jpg","width":702,"height":336,"caption":""},{"@type":"BreadcrumbList","@id":"https:\/\/www.euroakademie.de\/magazin\/einfuhrungswoche-der-international-administration-manager\/#breadcrumb","itemListElement":[{"@type":"ListItem","position":1,"name":"Startseite","item":"https:\/\/www.euroakademie.de\/magazin\/"},{"@type":"ListItem","position":2,"name":"Einf\u00fchrungswoche der International Administration Manager"}]},{"@type":"WebSite","@id":"https:\/\/www.euroakademie.de\/magazin\/#website","url":"https:\/\/www.euroakademie.de\/magazin\/","name":"Das Euro Akademie Magazin","description":"Gut informiert durch Ausbildung und Studium","publisher":{"@id":"https:\/\/www.euroakademie.de\/magazin\/#organization"},"potentialAction":[{"@type":"SearchAction","target":{"@type":"EntryPoint","urlTemplate":"https:\/\/www.euroakademie.de\/magazin\/?s={search_term_string}"},"query-input":{"@type":"PropertyValueSpecification","valueRequired":true,"valueName":"search_term_string"}}],"inLanguage":"de"},{"@type":"Organization","@id":"https:\/\/www.euroakademie.de\/magazin\/#organization","name":"ESO Education Group","url":"https:\/\/www.euroakademie.de\/magazin\/","logo":{"@type":"ImageObject","inLanguage":"de","@id":"https:\/\/www.euroakademie.de\/magazin\/#\/schema\/logo\/image\/","url":"https:\/\/relaunch.euroakademie.de\/magazin\/wp-content\/uploads\/2024\/11\/Logo_EA_negativ_Rahmen_5cm_300dpi_RGB.jpg","contentUrl":"https:\/\/relaunch.euroakademie.de\/magazin\/wp-content\/uploads\/2024\/11\/Logo_EA_negativ_Rahmen_5cm_300dpi_RGB.jpg","width":591,"height":236,"caption":"ESO Education Group"},"image":{"@id":"https:\/\/www.euroakademie.de\/magazin\/#\/schema\/logo\/image\/"}},{"@type":"Person","@id":"https:\/\/www.euroakademie.de\/magazin\/#\/schema\/person\/60fedb6ea7279f88d9086938e970d05e","name":"Anna R\u00fcppel","description":"Anna R\u00fcppel ist mit 1,78 m die Gr\u00f6\u00dfte, wenn es um Ausbildung und Beruf geht. Als Kind war sie kleiner. Von April 2019 bis November 2022 schrieb sie kleinere und gr\u00f6\u00dfere Artikel f\u00fcr das Euro Akademie Magazin.","url":"https:\/\/www.euroakademie.de\/magazin\/author\/rueppela\/"}]}},"_links":{"self":[{"href":"https:\/\/www.euroakademie.de\/magazin\/wp-json\/wp\/v2\/posts\/16539","targetHints":{"allow":["GET"]}}],"collection":[{"href":"https:\/\/www.euroakademie.de\/magazin\/wp-json\/wp\/v2\/posts"}],"about":[{"href":"https:\/\/www.euroakademie.de\/magazin\/wp-json\/wp\/v2\/types\/post"}],"author":[{"embeddable":true,"href":"https:\/\/www.euroakademie.de\/magazin\/wp-json\/wp\/v2\/users\/76"}],"replies":[{"embeddable":true,"href":"https:\/\/www.euroakademie.de\/magazin\/wp-json\/wp\/v2\/comments?post=16539"}],"version-history":[{"count":4,"href":"https:\/\/www.euroakademie.de\/magazin\/wp-json\/wp\/v2\/posts\/16539\/revisions"}],"predecessor-version":[{"id":30139,"href":"https:\/\/www.euroakademie.de\/magazin\/wp-json\/wp\/v2\/posts\/16539\/revisions\/30139"}],"wp:featuredmedia":[{"embeddable":true,"href":"https:\/\/www.euroakademie.de\/magazin\/wp-json\/wp\/v2\/media\/16551"}],"wp:attachment":[{"href":"https:\/\/www.euroakademie.de\/magazin\/wp-json\/wp\/v2\/media?parent=16539"}],"wp:term":[{"taxonomy":"category","embeddable":true,"href":"https:\/\/www.euroakademie.de\/magazin\/wp-json\/wp\/v2\/categories?post=16539"},{"taxonomy":"post_tag","embeddable":true,"href":"https:\/\/www.euroakademie.de\/magazin\/wp-json\/wp\/v2\/tags?post=16539"}],"curies":[{"name":"wp","href":"https:\/\/api.w.org\/{rel}","templated":true}]}}