{"id":16557,"date":"2022-09-22T12:26:17","date_gmt":"2022-09-22T10:26:17","guid":{"rendered":"https:\/\/www.euroakademie.de\/magazin\/?p=16557"},"modified":"2024-11-18T16:04:46","modified_gmt":"2024-11-18T15:04:46","slug":"pflegefachassistenz","status":"publish","type":"post","link":"https:\/\/www.euroakademie.de\/magazin\/pflegefachassistenz\/","title":{"rendered":"Pflegefachassistenz: neue Ausbildung mit Zukunft"},"content":{"rendered":"\n<p><strong>In der Pflege gibt es einen Mangel an Fachkr\u00e4ften \u2013 das ist nichts Neues. Und doch verschlimmert sich der Pflegenotstand j\u00e4hrlich. Aktuell fehlen rund 200.000 Pflegekr\u00e4fte in Deutschland, <a rel=\"noreferrer noopener\" label=\"in zehn Jahren k\u00f6nnten es 500.000 unbesetzte Stellen sein (\u00f6ffnet in neuem Tab)\" href=\"https:\/\/deutscher-pflegerat.de\/profession-staerken\/pressemitteilungen\/vogler-deutschland-befindet-sich-im-pflegenotstand\" target=\"_blank\">in zehn Jahren k\u00f6nnten es 500.000 unbesetzte Stellen sein<\/a>. Und das betrifft eben nicht nur spezialisierte Berufe wie Intensivpflegekr\u00e4fte oder Pflegedienstleitungen, sondern besonders Pflegestellen im Assistenzbereich. Die grundpflegerische Versorgung muss sichergestellt sein. Und die Pflegebed\u00fcrftigen brauchen Bezugspersonen, die sich mit ihnen besch\u00e4ftigen, zuh\u00f6ren, f\u00fcr sie da sind \u2013 die guten Seelen des Pflegeheims eben. Es werden also dringend Pfleger*innen ben\u00f6tigt, die \u201ean der Basis&#8220; arbeiten und fundiertes und ganzheitliches Know-how mitbringen.  Der Berliner Senat hat deshalb das \u201e<a href=\"https:\/\/www.parlament-berlin.de\/ados\/18\/IIIPlen\/vorgang\/d18-3815.pdf\">Gesetz \u00fcber die Einf\u00fchrung einer Pflegefachassistenzausbildung f\u00fcr Berlin<\/a>&#8220; eingebracht und damit einen neuen Berufsabschluss geschaffen: Pflegefachassistentin bzw. Pflegefachassistent. Die Euro Akademie in Berlin ist nat\u00fcrlich dabei und bietet die neue Ausbildung Pflegefachassistenz voraussichtlich ab 2023 an.<\/strong><br><\/p>\n\n\n\n<h2 class=\"wp-block-heading\">In eineinhalb Jahren zur Pflegefachkraft<\/h2>\n\n\n\n<p>Gro\u00dfer Vorteil der Pflegefachassistenz-Ausbildung ist, dass Sie in kurzer Zeit einen beruflichen Abschluss erhalten, der einen sicheren Job in einem gefragten Berufszweig garantiert. In nur eineinhalb Jahren lernen Sie verschiedene Versorgungsbereiche und Pflegesituationen kennen. Durch die generalistische Ausbildung k\u00f6nnen Pflegefachassistent*innen bei der Pflege und Betreuung in allen Versorgungsbereichen unterst\u00fctzen. Sie arbeiten zum Beispiel in Seniorenheimen, ambulanten Pflegediensten, Tageskliniken, oder in Krankenh\u00e4usern.<\/p>\n\n\n\n<div class=\"wp-block-buttons is-content-justification-center is-layout-flex wp-container-core-buttons-is-layout-16018d1d wp-block-buttons-is-layout-flex\">\n<div class=\"wp-block-button has-custom-font-size has-regular-font-size\"><a class=\"wp-block-button__link has-white-color has-text-color has-background has-link-color wp-element-button\" href=\"https:\/\/www.euroakademie.de\/berlin\/bildungsangebote\/details\/S7761_PYX2Q18S_1\/Pflegefachassistentin\" style=\"background-color:#95c11f;padding-top:var(--wp--preset--spacing--40);padding-right:var(--wp--preset--spacing--20);padding-bottom:var(--wp--preset--spacing--40);padding-left:var(--wp--preset--spacing--20)\"><strong>M\u00f6chten Sie in kurzer Zeit einen erf\u00fcllenden und spannenden Beruf erlernen? Hier gibt es alle Infos zur neuen Ausbildung in Berlin.<\/strong><\/a><\/div>\n<\/div>\n\n\n\n<h2 class=\"wp-block-heading\">Was lerne ich in der Ausbildung zur Pflegefachassistenz?<\/h2>\n\n\n\n<p>Die Ausbildung beinhaltet verschiedene Lernfelder, wie die Unterst\u00fctzung in der Bewegung, Mobilit\u00e4t und Selbstversorgung, die pflegerische Unterst\u00fctzung von Menschen in kurativen Prozessen, die Hilfe bei der Lebensgestaltung, in kritischen Lebenssituationen und die Begleitung in der letzten Lebensphase. <\/p>\n\n\n\n<p>Ein gro\u00dfer Teil der Ausbildung findet in der Praxis statt. Im Krankenhaus oder einer Pflegeeinrichtung helfen die Azubis bei der Pflege von Menschen aller Altersgruppen. Dazu z\u00e4hlt die Beratung, Begleitung und Betreuung der Pflegebed\u00fcrftigen. Auch bei der \u00e4rztlichen Diagnostik und Therapie d\u00fcrfen die angehenden Pflegefachassistent*innen unter Anleitung mitwirken. So lernen sie zum Beispiel, die Vitalzeichen zu kontrollieren, subkutane Injektionen durchzuf\u00fchren oder Medikamente zu verabreichen.<\/p>\n\n\n\n<h2 class=\"wp-block-heading\">Ausbildung mit Hauptschulabschluss<\/h2>\n\n\n\n<p>Zugangsvoraussetzung f\u00fcr die Ausbildung zur Pflegefachassistenz ist die Berufsbildungsreife, also ein einfacher Hauptschulabschluss. Mit einem entsprechenden Deutsch-Sprachniveau und der gesundheitlichen Eignung steht Ihrer Karriere in der Pflege nichts mehr im Weg! <\/p>\n\n\n\n<p>Die Ausbildung richtet sich auch an Menschen, die schon ohne beruflichen Abschluss der Pflege t\u00e4tig sind. Diese haben nun die M\u00f6glichkeit, sich zum*r Pflegefachassistent*in ausbilden zu lassen. Vorbildungen k\u00f6nnen auf die Ausbildungszeit angerechnet werden, so dass die Ausbildung auch verk\u00fcrzt werden kann. <\/p>\n\n\n\n<h2 class=\"wp-block-heading\">Und nach der Ausbildung?<\/h2>\n\n\n\n<p>Als Pflegefachassistent*in haben Sie eine tolle Grundlage, um in allen Versorgungsbereichen zu arbeiten. Pflegekr\u00e4fte werden h\u00e4nderingend gesucht \u2013 an Jobangeboten wird es Ihnen also nicht mangeln<\/p>\n\n\n\n<p>Wenn Sie mehr wollen, k\u00f6nnen Sie sich weiterqualifizieren. Als Pflegeassistent*in k\u00f6nnen Sie die <a href=\"https:\/\/www.euroakademie.de\/ausbildung\/gesundheit-pflege\/generalistische-pflegeausbildung.html\">Ausbildung zum Pflegefachmann oder zur Pflegefachfrau<\/a> um ein Jahr verk\u00fcrzen. Diese Ausbildung k\u00f6nnen Sie auch berufsbegleitend absolvieren. An der Euro Akademie gibt es au\u00dferdem viele spannende Weiterbildungen aus dem Bereich Gesundheit &amp; Pflege. <a href=\"https:\/\/www.euroakademie.de\/ihre-fort-und-weiterbildung-an-der-euro-akademie.html\">Eine \u00dcbersicht des Angebots finden Sie hier.<\/a><\/p>\n\n\n\n<p><em>Bildquelle Beitragsbild: pics five \/ shutterstock<\/em><\/p>\n","protected":false},"excerpt":{"rendered":"<p>\t\t\t\t<![CDATA[In eineinhalb Jahren zum Berufsabschluss: In der neuen Ausbildung Pflegefachassistenz lernen Sie verschiedene Versorgungsbereiche &#038; Pflegesituationen kennen.]]>\t\t<\/p>\n","protected":false},"author":76,"featured_media":16573,"comment_status":"closed","ping_status":"closed","sticky":false,"template":"","format":"standard","meta":{"footnotes":""},"categories":[73,82,16],"tags":[],"class_list":{"0":"post-16557","1":"post","2":"type-post","3":"status-publish","4":"format-standard","5":"has-post-thumbnail","7":"category-berlin","8":"category-branchennews","9":"category-gesundheit-pflege"},"yoast_head":"<!-- This site is optimized with the Yoast SEO plugin v23.5 - https:\/\/yoast.com\/wordpress\/plugins\/seo\/ -->\n<title>Pflegefachassistenz: neue Ausbildung mit Zukunft - Gesundheit &amp; Pflege<\/title>\n<meta name=\"description\" content=\"In eineinhalb Jahren zum Berufsabschluss: In der neuen Ausbildung Pflegefachassistenz lernen Sie verschiedene Versorgungsbereiche &amp; Pflegesituationen kennen\" \/>\n<meta name=\"robots\" content=\"index, follow, max-snippet:-1, max-image-preview:large, max-video-preview:-1\" \/>\n<link rel=\"canonical\" href=\"https:\/\/www.euroakademie.de\/magazin\/pflegefachassistenz\/\" \/>\n<meta property=\"og:locale\" content=\"de_DE\" \/>\n<meta property=\"og:type\" content=\"article\" \/>\n<meta property=\"og:title\" content=\"Pflegefachassistenz: neue Ausbildung mit Zukunft - Gesundheit &amp; Pflege\" \/>\n<meta property=\"og:description\" content=\"In eineinhalb Jahren zum Berufsabschluss: In der neuen Ausbildung Pflegefachassistenz lernen Sie verschiedene Versorgungsbereiche &amp; Pflegesituationen kennen\" \/>\n<meta property=\"og:url\" content=\"https:\/\/www.euroakademie.de\/magazin\/pflegefachassistenz\/\" \/>\n<meta property=\"og:site_name\" content=\"Das Euro Akademie Magazin\" \/>\n<meta property=\"article:published_time\" content=\"2022-09-22T10:26:17+00:00\" \/>\n<meta property=\"article:modified_time\" content=\"2024-11-18T15:04:46+00:00\" \/>\n<meta property=\"og:image\" content=\"https:\/\/www.euroakademie.de\/magazin\/wp-content\/uploads\/2022\/09\/pflegefachassistenz.jpg\" \/>\n\t<meta property=\"og:image:width\" content=\"702\" \/>\n\t<meta property=\"og:image:height\" content=\"336\" \/>\n\t<meta property=\"og:image:type\" content=\"image\/jpeg\" \/>\n<meta name=\"author\" content=\"Anna R\u00fcppel\" \/>\n<meta name=\"twitter:card\" content=\"summary_large_image\" \/>\n<meta name=\"twitter:label1\" content=\"Verfasst von\" \/>\n\t<meta name=\"twitter:data1\" content=\"Anna R\u00fcppel\" \/>\n\t<meta name=\"twitter:label2\" content=\"Gesch\u00e4tzte Lesezeit\" \/>\n\t<meta name=\"twitter:data2\" content=\"3\u00a0Minuten\" \/>\n<script type=\"application\/ld+json\" class=\"yoast-schema-graph\">{\"@context\":\"https:\/\/schema.org\",\"@graph\":[{\"@type\":\"Article\",\"@id\":\"https:\/\/www.euroakademie.de\/magazin\/pflegefachassistenz\/#article\",\"isPartOf\":{\"@id\":\"https:\/\/www.euroakademie.de\/magazin\/pflegefachassistenz\/\"},\"author\":{\"name\":\"Anna R\u00fcppel\",\"@id\":\"https:\/\/www.euroakademie.de\/magazin\/#\/schema\/person\/60fedb6ea7279f88d9086938e970d05e\"},\"headline\":\"Pflegefachassistenz: neue Ausbildung mit Zukunft\",\"datePublished\":\"2022-09-22T10:26:17+00:00\",\"dateModified\":\"2024-11-18T15:04:46+00:00\",\"mainEntityOfPage\":{\"@id\":\"https:\/\/www.euroakademie.de\/magazin\/pflegefachassistenz\/\"},\"wordCount\":546,\"publisher\":{\"@id\":\"https:\/\/www.euroakademie.de\/magazin\/#organization\"},\"image\":{\"@id\":\"https:\/\/www.euroakademie.de\/magazin\/pflegefachassistenz\/#primaryimage\"},\"thumbnailUrl\":\"https:\/\/www.euroakademie.de\/magazin\/wp-content\/uploads\/2022\/09\/pflegefachassistenz.jpg\",\"articleSection\":[\"Berlin\",\"Branchennews\",\"Gesundheit &amp; Pflege\"],\"inLanguage\":\"de\"},{\"@type\":\"WebPage\",\"@id\":\"https:\/\/www.euroakademie.de\/magazin\/pflegefachassistenz\/\",\"url\":\"https:\/\/www.euroakademie.de\/magazin\/pflegefachassistenz\/\",\"name\":\"Pflegefachassistenz: neue Ausbildung mit Zukunft - Gesundheit &amp; Pflege\",\"isPartOf\":{\"@id\":\"https:\/\/www.euroakademie.de\/magazin\/#website\"},\"primaryImageOfPage\":{\"@id\":\"https:\/\/www.euroakademie.de\/magazin\/pflegefachassistenz\/#primaryimage\"},\"image\":{\"@id\":\"https:\/\/www.euroakademie.de\/magazin\/pflegefachassistenz\/#primaryimage\"},\"thumbnailUrl\":\"https:\/\/www.euroakademie.de\/magazin\/wp-content\/uploads\/2022\/09\/pflegefachassistenz.jpg\",\"datePublished\":\"2022-09-22T10:26:17+00:00\",\"dateModified\":\"2024-11-18T15:04:46+00:00\",\"description\":\"In eineinhalb Jahren zum Berufsabschluss: In der neuen Ausbildung Pflegefachassistenz lernen Sie verschiedene Versorgungsbereiche & Pflegesituationen kennen\",\"breadcrumb\":{\"@id\":\"https:\/\/www.euroakademie.de\/magazin\/pflegefachassistenz\/#breadcrumb\"},\"inLanguage\":\"de\",\"potentialAction\":[{\"@type\":\"ReadAction\",\"target\":[\"https:\/\/www.euroakademie.de\/magazin\/pflegefachassistenz\/\"]}]},{\"@type\":\"ImageObject\",\"inLanguage\":\"de\",\"@id\":\"https:\/\/www.euroakademie.de\/magazin\/pflegefachassistenz\/#primaryimage\",\"url\":\"https:\/\/www.euroakademie.de\/magazin\/wp-content\/uploads\/2022\/09\/pflegefachassistenz.jpg\",\"contentUrl\":\"https:\/\/www.euroakademie.de\/magazin\/wp-content\/uploads\/2022\/09\/pflegefachassistenz.jpg\",\"width\":702,\"height\":336,\"caption\":\"\"},{\"@type\":\"BreadcrumbList\",\"@id\":\"https:\/\/www.euroakademie.de\/magazin\/pflegefachassistenz\/#breadcrumb\",\"itemListElement\":[{\"@type\":\"ListItem\",\"position\":1,\"name\":\"Startseite\",\"item\":\"https:\/\/www.euroakademie.de\/magazin\/\"},{\"@type\":\"ListItem\",\"position\":2,\"name\":\"Pflegefachassistenz: neue Ausbildung mit Zukunft\"}]},{\"@type\":\"WebSite\",\"@id\":\"https:\/\/www.euroakademie.de\/magazin\/#website\",\"url\":\"https:\/\/www.euroakademie.de\/magazin\/\",\"name\":\"Das Euro Akademie Magazin\",\"description\":\"Gut informiert durch Ausbildung und Studium\",\"publisher\":{\"@id\":\"https:\/\/www.euroakademie.de\/magazin\/#organization\"},\"potentialAction\":[{\"@type\":\"SearchAction\",\"target\":{\"@type\":\"EntryPoint\",\"urlTemplate\":\"https:\/\/www.euroakademie.de\/magazin\/?s={search_term_string}\"},\"query-input\":{\"@type\":\"PropertyValueSpecification\",\"valueRequired\":true,\"valueName\":\"search_term_string\"}}],\"inLanguage\":\"de\"},{\"@type\":\"Organization\",\"@id\":\"https:\/\/www.euroakademie.de\/magazin\/#organization\",\"name\":\"ESO Education Group\",\"url\":\"https:\/\/www.euroakademie.de\/magazin\/\",\"logo\":{\"@type\":\"ImageObject\",\"inLanguage\":\"de\",\"@id\":\"https:\/\/www.euroakademie.de\/magazin\/#\/schema\/logo\/image\/\",\"url\":\"https:\/\/relaunch.euroakademie.de\/magazin\/wp-content\/uploads\/2024\/11\/Logo_EA_negativ_Rahmen_5cm_300dpi_RGB.jpg\",\"contentUrl\":\"https:\/\/relaunch.euroakademie.de\/magazin\/wp-content\/uploads\/2024\/11\/Logo_EA_negativ_Rahmen_5cm_300dpi_RGB.jpg\",\"width\":591,\"height\":236,\"caption\":\"ESO Education Group\"},\"image\":{\"@id\":\"https:\/\/www.euroakademie.de\/magazin\/#\/schema\/logo\/image\/\"}},{\"@type\":\"Person\",\"@id\":\"https:\/\/www.euroakademie.de\/magazin\/#\/schema\/person\/60fedb6ea7279f88d9086938e970d05e\",\"name\":\"Anna R\u00fcppel\",\"description\":\"Anna R\u00fcppel ist mit 1,78 m die Gr\u00f6\u00dfte, wenn es um Ausbildung und Beruf geht. Als Kind war sie kleiner. Von April 2019 bis November 2022 schrieb sie kleinere und gr\u00f6\u00dfere Artikel f\u00fcr das Euro Akademie Magazin.\",\"url\":\"https:\/\/www.euroakademie.de\/magazin\/author\/rueppela\/\"}]}<\/script>\n<!-- \/ Yoast SEO plugin. -->","yoast_head_json":{"title":"Pflegefachassistenz: neue Ausbildung mit Zukunft - Gesundheit &amp; Pflege","description":"In eineinhalb Jahren zum Berufsabschluss: In der neuen Ausbildung Pflegefachassistenz lernen Sie verschiedene Versorgungsbereiche & Pflegesituationen kennen","robots":{"index":"index","follow":"follow","max-snippet":"max-snippet:-1","max-image-preview":"max-image-preview:large","max-video-preview":"max-video-preview:-1"},"canonical":"https:\/\/www.euroakademie.de\/magazin\/pflegefachassistenz\/","og_locale":"de_DE","og_type":"article","og_title":"Pflegefachassistenz: neue Ausbildung mit Zukunft - Gesundheit &amp; Pflege","og_description":"In eineinhalb Jahren zum Berufsabschluss: In der neuen Ausbildung Pflegefachassistenz lernen Sie verschiedene Versorgungsbereiche & Pflegesituationen kennen","og_url":"https:\/\/www.euroakademie.de\/magazin\/pflegefachassistenz\/","og_site_name":"Das Euro Akademie Magazin","article_published_time":"2022-09-22T10:26:17+00:00","article_modified_time":"2024-11-18T15:04:46+00:00","og_image":[{"width":702,"height":336,"url":"https:\/\/www.euroakademie.de\/magazin\/wp-content\/uploads\/2022\/09\/pflegefachassistenz.jpg","type":"image\/jpeg"}],"author":"Anna R\u00fcppel","twitter_card":"summary_large_image","twitter_misc":{"Verfasst von":"Anna R\u00fcppel","Gesch\u00e4tzte Lesezeit":"3\u00a0Minuten"},"schema":{"@context":"https:\/\/schema.org","@graph":[{"@type":"Article","@id":"https:\/\/www.euroakademie.de\/magazin\/pflegefachassistenz\/#article","isPartOf":{"@id":"https:\/\/www.euroakademie.de\/magazin\/pflegefachassistenz\/"},"author":{"name":"Anna R\u00fcppel","@id":"https:\/\/www.euroakademie.de\/magazin\/#\/schema\/person\/60fedb6ea7279f88d9086938e970d05e"},"headline":"Pflegefachassistenz: neue Ausbildung mit Zukunft","datePublished":"2022-09-22T10:26:17+00:00","dateModified":"2024-11-18T15:04:46+00:00","mainEntityOfPage":{"@id":"https:\/\/www.euroakademie.de\/magazin\/pflegefachassistenz\/"},"wordCount":546,"publisher":{"@id":"https:\/\/www.euroakademie.de\/magazin\/#organization"},"image":{"@id":"https:\/\/www.euroakademie.de\/magazin\/pflegefachassistenz\/#primaryimage"},"thumbnailUrl":"https:\/\/www.euroakademie.de\/magazin\/wp-content\/uploads\/2022\/09\/pflegefachassistenz.jpg","articleSection":["Berlin","Branchennews","Gesundheit &amp; Pflege"],"inLanguage":"de"},{"@type":"WebPage","@id":"https:\/\/www.euroakademie.de\/magazin\/pflegefachassistenz\/","url":"https:\/\/www.euroakademie.de\/magazin\/pflegefachassistenz\/","name":"Pflegefachassistenz: neue Ausbildung mit Zukunft - Gesundheit &amp; Pflege","isPartOf":{"@id":"https:\/\/www.euroakademie.de\/magazin\/#website"},"primaryImageOfPage":{"@id":"https:\/\/www.euroakademie.de\/magazin\/pflegefachassistenz\/#primaryimage"},"image":{"@id":"https:\/\/www.euroakademie.de\/magazin\/pflegefachassistenz\/#primaryimage"},"thumbnailUrl":"https:\/\/www.euroakademie.de\/magazin\/wp-content\/uploads\/2022\/09\/pflegefachassistenz.jpg","datePublished":"2022-09-22T10:26:17+00:00","dateModified":"2024-11-18T15:04:46+00:00","description":"In eineinhalb Jahren zum Berufsabschluss: In der neuen Ausbildung Pflegefachassistenz lernen Sie verschiedene Versorgungsbereiche & Pflegesituationen kennen","breadcrumb":{"@id":"https:\/\/www.euroakademie.de\/magazin\/pflegefachassistenz\/#breadcrumb"},"inLanguage":"de","potentialAction":[{"@type":"ReadAction","target":["https:\/\/www.euroakademie.de\/magazin\/pflegefachassistenz\/"]}]},{"@type":"ImageObject","inLanguage":"de","@id":"https:\/\/www.euroakademie.de\/magazin\/pflegefachassistenz\/#primaryimage","url":"https:\/\/www.euroakademie.de\/magazin\/wp-content\/uploads\/2022\/09\/pflegefachassistenz.jpg","contentUrl":"https:\/\/www.euroakademie.de\/magazin\/wp-content\/uploads\/2022\/09\/pflegefachassistenz.jpg","width":702,"height":336,"caption":""},{"@type":"BreadcrumbList","@id":"https:\/\/www.euroakademie.de\/magazin\/pflegefachassistenz\/#breadcrumb","itemListElement":[{"@type":"ListItem","position":1,"name":"Startseite","item":"https:\/\/www.euroakademie.de\/magazin\/"},{"@type":"ListItem","position":2,"name":"Pflegefachassistenz: neue Ausbildung mit Zukunft"}]},{"@type":"WebSite","@id":"https:\/\/www.euroakademie.de\/magazin\/#website","url":"https:\/\/www.euroakademie.de\/magazin\/","name":"Das Euro Akademie Magazin","description":"Gut informiert durch Ausbildung und Studium","publisher":{"@id":"https:\/\/www.euroakademie.de\/magazin\/#organization"},"potentialAction":[{"@type":"SearchAction","target":{"@type":"EntryPoint","urlTemplate":"https:\/\/www.euroakademie.de\/magazin\/?s={search_term_string}"},"query-input":{"@type":"PropertyValueSpecification","valueRequired":true,"valueName":"search_term_string"}}],"inLanguage":"de"},{"@type":"Organization","@id":"https:\/\/www.euroakademie.de\/magazin\/#organization","name":"ESO Education Group","url":"https:\/\/www.euroakademie.de\/magazin\/","logo":{"@type":"ImageObject","inLanguage":"de","@id":"https:\/\/www.euroakademie.de\/magazin\/#\/schema\/logo\/image\/","url":"https:\/\/relaunch.euroakademie.de\/magazin\/wp-content\/uploads\/2024\/11\/Logo_EA_negativ_Rahmen_5cm_300dpi_RGB.jpg","contentUrl":"https:\/\/relaunch.euroakademie.de\/magazin\/wp-content\/uploads\/2024\/11\/Logo_EA_negativ_Rahmen_5cm_300dpi_RGB.jpg","width":591,"height":236,"caption":"ESO Education Group"},"image":{"@id":"https:\/\/www.euroakademie.de\/magazin\/#\/schema\/logo\/image\/"}},{"@type":"Person","@id":"https:\/\/www.euroakademie.de\/magazin\/#\/schema\/person\/60fedb6ea7279f88d9086938e970d05e","name":"Anna R\u00fcppel","description":"Anna R\u00fcppel ist mit 1,78 m die Gr\u00f6\u00dfte, wenn es um Ausbildung und Beruf geht. Als Kind war sie kleiner. Von April 2019 bis November 2022 schrieb sie kleinere und gr\u00f6\u00dfere Artikel f\u00fcr das Euro Akademie Magazin.","url":"https:\/\/www.euroakademie.de\/magazin\/author\/rueppela\/"}]}},"_links":{"self":[{"href":"https:\/\/www.euroakademie.de\/magazin\/wp-json\/wp\/v2\/posts\/16557","targetHints":{"allow":["GET"]}}],"collection":[{"href":"https:\/\/www.euroakademie.de\/magazin\/wp-json\/wp\/v2\/posts"}],"about":[{"href":"https:\/\/www.euroakademie.de\/magazin\/wp-json\/wp\/v2\/types\/post"}],"author":[{"embeddable":true,"href":"https:\/\/www.euroakademie.de\/magazin\/wp-json\/wp\/v2\/users\/76"}],"replies":[{"embeddable":true,"href":"https:\/\/www.euroakademie.de\/magazin\/wp-json\/wp\/v2\/comments?post=16557"}],"version-history":[{"count":3,"href":"https:\/\/www.euroakademie.de\/magazin\/wp-json\/wp\/v2\/posts\/16557\/revisions"}],"predecessor-version":[{"id":23004,"href":"https:\/\/www.euroakademie.de\/magazin\/wp-json\/wp\/v2\/posts\/16557\/revisions\/23004"}],"wp:featuredmedia":[{"embeddable":true,"href":"https:\/\/www.euroakademie.de\/magazin\/wp-json\/wp\/v2\/media\/16573"}],"wp:attachment":[{"href":"https:\/\/www.euroakademie.de\/magazin\/wp-json\/wp\/v2\/media?parent=16557"}],"wp:term":[{"taxonomy":"category","embeddable":true,"href":"https:\/\/www.euroakademie.de\/magazin\/wp-json\/wp\/v2\/categories?post=16557"},{"taxonomy":"post_tag","embeddable":true,"href":"https:\/\/www.euroakademie.de\/magazin\/wp-json\/wp\/v2\/tags?post=16557"}],"curies":[{"name":"wp","href":"https:\/\/api.w.org\/{rel}","templated":true}]}}