{"id":16579,"date":"2022-09-29T15:12:19","date_gmt":"2022-09-29T13:12:19","guid":{"rendered":"https:\/\/www.euroakademie.de\/magazin\/?p=16579"},"modified":"2024-12-18T14:13:10","modified_gmt":"2024-12-18T13:13:10","slug":"kinder-richtig-loben","status":"publish","type":"post","link":"https:\/\/www.euroakademie.de\/magazin\/kinder-richtig-loben\/","title":{"rendered":"Kinder richtig loben"},"content":{"rendered":"\n<p><strong>\u201eEin tolles Bild hast du gemalt, Lenny!\u201c \u201eSuper, wie du dir schon alleine die Schuhe bindest, Sarah!\u201c \u201eDu bist ja ein richtiger Fu\u00dfballprofi, Raffaela!\u201c Lob ist in Kita, Kindergarten und Schule an der Tagesordnung. F\u00fcr die Entwicklung der Kinder ist Anerkennung wichtig. Besonders Kleinkinder k\u00f6nnen mit Kritik noch nicht umgehen \u2013 sie lernen viel mehr durch positive Best\u00e4rkung. Aber: Lob kann Kindern auch schaden. Falsch formuliertes Lob kann dem Kind vermitteln: \u201eDu bist nur etwas wert, wenn du etwas gut machst.\u201c Das kann entmutigen und demotivieren. <a rel=\"noreferrer noopener\" aria-label=\"Eine niederl\u00e4ndische Studie von Brummelman et al.  (\u00f6ffnet in neuem Tab)\" href=\"https:\/\/www.researchgate.net\/publication\/259769671_That's_Not_Just_Beautiful-That's_Incredibly_Beautiful_The_Adverse_Impact_of_Inflated_Praise_on_Children_With_Low_Self-Esteem\" target=\"_blank\">Eine niederl\u00e4ndische Studie von Brummelman et al.<\/a> kam 2014 zu dem Ergebnis, dass \u00fcbertriebenes Lob &nbsp;gerade bei Kindern mit niedrigem Selbstwertgef\u00fchl dazu f\u00fchrt, dass die Kinder im Anschluss herausfordernde Aufgaben vermeiden.<\/strong><\/p>\n\n\n\n<p>Wie sollen P\u00e4dagog*innen und Eltern ihr Lob also formulieren, um die Kinder zu best\u00e4rken und Sch\u00e4den zu vermeiden? Wir haben 7 Tipps, worauf Sie beim Loben achten m\u00fcssen:<\/p>\n\n\n\n<div class=\"wp-block-buttons is-content-justification-center is-layout-flex wp-container-core-buttons-is-layout-16018d1d wp-block-buttons-is-layout-flex\">\n<div class=\"wp-block-button has-custom-font-size has-regular-font-size\"><a class=\"wp-block-button__link has-white-color has-text-color has-background has-link-color wp-element-button\" href=\"https:\/\/www.euroakademie.de\/bildungsangebote\/paedagogik-soziales\" style=\"background-color:#f39200;padding-top:var(--wp--preset--spacing--40);padding-right:var(--wp--preset--spacing--20);padding-bottom:var(--wp--preset--spacing--40);padding-left:var(--wp--preset--spacing--20)\"><strong>Erziehung und P\u00e4dagogik sind Themen, die Sie interessieren? Dann schauen Sie doch mal unsere p\u00e4dagogischen Ausbildungen an!<\/strong><\/a><\/div>\n<\/div>\n\n\n\n<h2 class=\"wp-block-heading\">1. Loben Sie Leistungen<\/h2>\n\n\n\n<p>Welches Lob ist besser: \u201eDu bist ja superschlau\u201c oder \u201eSuper, wie viel M\u00fche du dir bei deinen Mathehausaufgaben gegeben hast\u201c? Studien zeigen, dass es besser ist, Anstrengungen und Bem\u00fchungen zu best\u00e4rken, als F\u00e4higkeiten und Talente zu loben. So lernt das Kind, dass es nicht unver\u00e4nderliche Pers\u00f6nlichkeitseigenschaften sind, die zu guten Leistungen f\u00fchren, sondern der eigene Einsatz. Das st\u00e4rkt das Selbstbewusstsein und die Selbstwirksamkeit der Kinder.<\/p>\n\n\n\n<h2 class=\"wp-block-heading\">2. Vergleichen Sie das Kind nicht mit anderen<\/h2>\n\n\n\n<p>Jedes Kind kann etwas besonders gut, das d\u00fcrfen Sie auch gerne w\u00fcrdigen. S\u00e4tze wie \u201eToll, du malst ja viel besser als dein Bruder\u201c f\u00fchren aber nur zu Konkurrenzkampf und Druck. Heben Sie lieber die ganz eigenen St\u00e4rken des Kindes hervor. Zum Beispiel: \u201eIch finde es toll, wie bunt du dieses Einhorn ausgemalt hast.\u201c<\/p>\n\n\n\n<h2 class=\"wp-block-heading\">3. Bleiben Sie ehrlich<\/h2>\n\n\n\n<p>Nicht jedes Krakelbild ist sch\u00f6n und nicht jedes Geklimpere auf dem Klavier ein Meisterwerk. Kinder sind nicht dumm und sp\u00fcren schnell, wenn man sie anl\u00fcgt. Bleiben Sie also authentisch und loben Sie nur, was Sie auch wirklich gut finden. Versuchen Sie, sich in das Kind hineinzuversetzen. Wenn es diese Leistung auch selbst f\u00fcr besonders h\u00e4lt, d\u00fcrfen Sie es gerne daf\u00fcr loben. <\/p>\n\n\n\n<h2 class=\"wp-block-heading\">4. Versuchen Sie nicht, das Kind zu manipulieren<\/h2>\n\n\n\n<p>Verhalten durch Lob lenken? Das funktioniert leider nicht. Wenn Sie ein Kind daf\u00fcr loben, dass es sein Spielzeug verliehen oder seine Brotzeit geteilt hat, verlernt es, f\u00fcr gutes Verhalten intrinsisch motiviert zu werden. \u201eDie Kinder lernen dann nicht, dass sie sich richtig verhalten, sondern dass es eine M\u00f6glichkeit ist, Aufmerksamkeit zu bekommen\u201c, <a href=\"https:\/\/www.sueddeutsche.de\/wissen\/motivation-von-kindern-loben-lernen-1.3831\">erkl\u00e4rt Joan Grusec<\/a>, Psychologin der Universit\u00e4t Toronto. Sie r\u00e4t: \u201eUnterstellen sie lieber, dass das Kind freigiebig ist, weil es eben so ein freigiebiger Mensch ist, das gibt ihm das Gef\u00fchl, die Motivation f\u00fcr das Verhalten kommt aus ihm selbst heraus.\u201c<\/p>\n\n\n\n<h2 class=\"wp-block-heading\">5. Loben Sie pr\u00e4zise<\/h2>\n\n\n\n<p>Sch\u00f6n oder gut sind sehr subjektive Ma\u00dfst\u00e4be. Beschreiben Sie lieber, was Sie sehen. \u201eMir gef\u00e4llt, wie du deine Sandburg mit bunten Muscheln dekoriert hast.\u201c oder \u201eDu hast alle Legosteine und Puppen in die Kiste ger\u00e4umt, das ist klasse!\u201c Seien Sie ruhig konkret und beschreiben Sie ausf\u00fchrlich, was Ihnen gef\u00e4llt. <\/p>\n\n\n\n<h2 class=\"wp-block-heading\">6. \u00dcbertreiben Sie nicht<\/h2>\n\n\n\n<p>Zu viel Lob kann anh\u00e4ngig machen. Kinder orientieren sich dann nur an der Einsch\u00e4tzung anderer, sind nicht mehr stolz auf die eigene Leistung. Das schadet der Motivation und dem Selbstwertgef\u00fchl. Es kommt also auf das richtige Ma\u00df an \u2013 und das ist von Kind zu Kind unterschiedlich.<\/p>\n\n\n\n<h2 class=\"wp-block-heading\">7. Passen Sie das Lob an das Kind an<\/h2>\n\n\n\n<p>Kleinere Kinder brauchen mehr Lob, das\ndirekt mit der Handlung verbunden ist. Am besten loben Sie Kleinkinder schon\nw\u00e4hrend sie etwas tun und direkt danach. Ab dem Grundschulalter k\u00f6nnen Kinder\nihr Verhalten besser reflektieren. Dann reicht auch eine sp\u00e4tere Anerkennung\naus.<\/p>\n\n\n\n<p>Auch das Selbstbewusstsein eines Kindes kann in Ihre Art zu Loben einflie\u00dfen. Auch wenn es vielleicht gegen den eigenen Instinkt geht, gerade unsichere Kinder sollten weniger gelobt werden. Denn sie f\u00fchlen sich durch \u00fcberm\u00e4\u00dfiges Lob oft \u00fcberfordert und verunsichert. Achten Sie auf die Reaktion des Kindes und gehen Sie individuell auf seine Bed\u00fcrfnisse ein \u2013 dann kann das Lob gl\u00fccklich machen, motivieren und das Selbstwertgef\u00fchl st\u00e4rken.<\/p>\n\n\n\n<p><em>Bildquelle Beitragsbild: fizkes\/shutterstock<\/em><\/p>\n","protected":false},"excerpt":{"rendered":"<p>\t\t\t\t<![CDATA[F\u00fcr die Entwicklung der Kinder ist Anerkennung wichtig. Aber falsch formuliertes oder \u00fcbertriebenes Lob kann auch sch\u00e4dlich sein. Wie lobt an also richtig?]]>\t\t<\/p>\n","protected":false},"author":76,"featured_media":16582,"comment_status":"closed","ping_status":"closed","sticky":false,"template":"","format":"standard","meta":{"footnotes":""},"categories":[118,19],"tags":[],"class_list":{"0":"post-16579","1":"post","2":"type-post","3":"status-publish","4":"format-standard","5":"has-post-thumbnail","7":"category-im-fokus","8":"category-paedagogik-soziales"},"yoast_head":"<!-- This site is optimized with the Yoast SEO plugin v23.5 - https:\/\/yoast.com\/wordpress\/plugins\/seo\/ -->\n<title>P\u00e4dagogik: Kinder richtig loben - 7 Tipps f\u00fcr gutes Lob<\/title>\n<meta name=\"description\" content=\"F\u00fcr die Entwicklung der Kinder ist Anerkennung wichtig. Aber falsch formuliertes oder \u00fcbertriebenes Lob kann auch sch\u00e4dlich sein. Wie lobt an also richtig?\" \/>\n<meta name=\"robots\" content=\"index, follow, max-snippet:-1, max-image-preview:large, max-video-preview:-1\" \/>\n<link rel=\"canonical\" href=\"https:\/\/www.euroakademie.de\/magazin\/kinder-richtig-loben\/\" \/>\n<meta property=\"og:locale\" content=\"de_DE\" \/>\n<meta property=\"og:type\" content=\"article\" \/>\n<meta property=\"og:title\" content=\"P\u00e4dagogik: Kinder richtig loben - 7 Tipps f\u00fcr gutes Lob\" \/>\n<meta property=\"og:description\" content=\"F\u00fcr die Entwicklung der Kinder ist Anerkennung wichtig. Aber falsch formuliertes oder \u00fcbertriebenes Lob kann auch sch\u00e4dlich sein. Wie lobt an also richtig?\" \/>\n<meta property=\"og:url\" content=\"https:\/\/www.euroakademie.de\/magazin\/kinder-richtig-loben\/\" \/>\n<meta property=\"og:site_name\" content=\"Das Euro Akademie Magazin\" \/>\n<meta property=\"article:published_time\" content=\"2022-09-29T13:12:19+00:00\" \/>\n<meta property=\"article:modified_time\" content=\"2024-12-18T13:13:10+00:00\" \/>\n<meta property=\"og:image\" content=\"https:\/\/www.euroakademie.de\/magazin\/wp-content\/uploads\/2022\/09\/shutterstock_1863759148.jpg\" \/>\n\t<meta property=\"og:image:width\" content=\"702\" \/>\n\t<meta property=\"og:image:height\" content=\"336\" \/>\n\t<meta property=\"og:image:type\" content=\"image\/jpeg\" \/>\n<meta name=\"author\" content=\"Anna R\u00fcppel\" \/>\n<meta name=\"twitter:card\" content=\"summary_large_image\" \/>\n<meta name=\"twitter:label1\" content=\"Verfasst von\" \/>\n\t<meta name=\"twitter:data1\" content=\"Anna R\u00fcppel\" \/>\n\t<meta name=\"twitter:label2\" content=\"Gesch\u00e4tzte Lesezeit\" \/>\n\t<meta name=\"twitter:data2\" content=\"4\u00a0Minuten\" \/>\n<script type=\"application\/ld+json\" class=\"yoast-schema-graph\">{\"@context\":\"https:\/\/schema.org\",\"@graph\":[{\"@type\":\"Article\",\"@id\":\"https:\/\/www.euroakademie.de\/magazin\/kinder-richtig-loben\/#article\",\"isPartOf\":{\"@id\":\"https:\/\/www.euroakademie.de\/magazin\/kinder-richtig-loben\/\"},\"author\":{\"name\":\"Anna R\u00fcppel\",\"@id\":\"https:\/\/www.euroakademie.de\/magazin\/#\/schema\/person\/60fedb6ea7279f88d9086938e970d05e\"},\"headline\":\"Kinder richtig loben\",\"datePublished\":\"2022-09-29T13:12:19+00:00\",\"dateModified\":\"2024-12-18T13:13:10+00:00\",\"mainEntityOfPage\":{\"@id\":\"https:\/\/www.euroakademie.de\/magazin\/kinder-richtig-loben\/\"},\"wordCount\":736,\"publisher\":{\"@id\":\"https:\/\/www.euroakademie.de\/magazin\/#organization\"},\"image\":{\"@id\":\"https:\/\/www.euroakademie.de\/magazin\/kinder-richtig-loben\/#primaryimage\"},\"thumbnailUrl\":\"https:\/\/www.euroakademie.de\/magazin\/wp-content\/uploads\/2022\/09\/shutterstock_1863759148.jpg\",\"articleSection\":[\"Im Fokus\",\"P\u00e4dagogik &amp; Soziales\"],\"inLanguage\":\"de\"},{\"@type\":\"WebPage\",\"@id\":\"https:\/\/www.euroakademie.de\/magazin\/kinder-richtig-loben\/\",\"url\":\"https:\/\/www.euroakademie.de\/magazin\/kinder-richtig-loben\/\",\"name\":\"P\u00e4dagogik: Kinder richtig loben - 7 Tipps f\u00fcr gutes Lob\",\"isPartOf\":{\"@id\":\"https:\/\/www.euroakademie.de\/magazin\/#website\"},\"primaryImageOfPage\":{\"@id\":\"https:\/\/www.euroakademie.de\/magazin\/kinder-richtig-loben\/#primaryimage\"},\"image\":{\"@id\":\"https:\/\/www.euroakademie.de\/magazin\/kinder-richtig-loben\/#primaryimage\"},\"thumbnailUrl\":\"https:\/\/www.euroakademie.de\/magazin\/wp-content\/uploads\/2022\/09\/shutterstock_1863759148.jpg\",\"datePublished\":\"2022-09-29T13:12:19+00:00\",\"dateModified\":\"2024-12-18T13:13:10+00:00\",\"description\":\"F\u00fcr die Entwicklung der Kinder ist Anerkennung wichtig. Aber falsch formuliertes oder \u00fcbertriebenes Lob kann auch sch\u00e4dlich sein. Wie lobt an also richtig?\",\"breadcrumb\":{\"@id\":\"https:\/\/www.euroakademie.de\/magazin\/kinder-richtig-loben\/#breadcrumb\"},\"inLanguage\":\"de\",\"potentialAction\":[{\"@type\":\"ReadAction\",\"target\":[\"https:\/\/www.euroakademie.de\/magazin\/kinder-richtig-loben\/\"]}]},{\"@type\":\"ImageObject\",\"inLanguage\":\"de\",\"@id\":\"https:\/\/www.euroakademie.de\/magazin\/kinder-richtig-loben\/#primaryimage\",\"url\":\"https:\/\/www.euroakademie.de\/magazin\/wp-content\/uploads\/2022\/09\/shutterstock_1863759148.jpg\",\"contentUrl\":\"https:\/\/www.euroakademie.de\/magazin\/wp-content\/uploads\/2022\/09\/shutterstock_1863759148.jpg\",\"width\":702,\"height\":336,\"caption\":\"\"},{\"@type\":\"BreadcrumbList\",\"@id\":\"https:\/\/www.euroakademie.de\/magazin\/kinder-richtig-loben\/#breadcrumb\",\"itemListElement\":[{\"@type\":\"ListItem\",\"position\":1,\"name\":\"Startseite\",\"item\":\"https:\/\/www.euroakademie.de\/magazin\/\"},{\"@type\":\"ListItem\",\"position\":2,\"name\":\"Kinder richtig loben\"}]},{\"@type\":\"WebSite\",\"@id\":\"https:\/\/www.euroakademie.de\/magazin\/#website\",\"url\":\"https:\/\/www.euroakademie.de\/magazin\/\",\"name\":\"Das Euro Akademie Magazin\",\"description\":\"Gut informiert durch Ausbildung und Studium\",\"publisher\":{\"@id\":\"https:\/\/www.euroakademie.de\/magazin\/#organization\"},\"potentialAction\":[{\"@type\":\"SearchAction\",\"target\":{\"@type\":\"EntryPoint\",\"urlTemplate\":\"https:\/\/www.euroakademie.de\/magazin\/?s={search_term_string}\"},\"query-input\":{\"@type\":\"PropertyValueSpecification\",\"valueRequired\":true,\"valueName\":\"search_term_string\"}}],\"inLanguage\":\"de\"},{\"@type\":\"Organization\",\"@id\":\"https:\/\/www.euroakademie.de\/magazin\/#organization\",\"name\":\"ESO Education Group\",\"url\":\"https:\/\/www.euroakademie.de\/magazin\/\",\"logo\":{\"@type\":\"ImageObject\",\"inLanguage\":\"de\",\"@id\":\"https:\/\/www.euroakademie.de\/magazin\/#\/schema\/logo\/image\/\",\"url\":\"https:\/\/relaunch.euroakademie.de\/magazin\/wp-content\/uploads\/2024\/11\/Logo_EA_negativ_Rahmen_5cm_300dpi_RGB.jpg\",\"contentUrl\":\"https:\/\/relaunch.euroakademie.de\/magazin\/wp-content\/uploads\/2024\/11\/Logo_EA_negativ_Rahmen_5cm_300dpi_RGB.jpg\",\"width\":591,\"height\":236,\"caption\":\"ESO Education Group\"},\"image\":{\"@id\":\"https:\/\/www.euroakademie.de\/magazin\/#\/schema\/logo\/image\/\"}},{\"@type\":\"Person\",\"@id\":\"https:\/\/www.euroakademie.de\/magazin\/#\/schema\/person\/60fedb6ea7279f88d9086938e970d05e\",\"name\":\"Anna R\u00fcppel\",\"description\":\"Anna R\u00fcppel ist mit 1,78 m die Gr\u00f6\u00dfte, wenn es um Ausbildung und Beruf geht. Als Kind war sie kleiner. Von April 2019 bis November 2022 schrieb sie kleinere und gr\u00f6\u00dfere Artikel f\u00fcr das Euro Akademie Magazin.\",\"url\":\"https:\/\/www.euroakademie.de\/magazin\/author\/rueppela\/\"}]}<\/script>\n<!-- \/ Yoast SEO plugin. -->","yoast_head_json":{"title":"P\u00e4dagogik: Kinder richtig loben - 7 Tipps f\u00fcr gutes Lob","description":"F\u00fcr die Entwicklung der Kinder ist Anerkennung wichtig. Aber falsch formuliertes oder \u00fcbertriebenes Lob kann auch sch\u00e4dlich sein. Wie lobt an also richtig?","robots":{"index":"index","follow":"follow","max-snippet":"max-snippet:-1","max-image-preview":"max-image-preview:large","max-video-preview":"max-video-preview:-1"},"canonical":"https:\/\/www.euroakademie.de\/magazin\/kinder-richtig-loben\/","og_locale":"de_DE","og_type":"article","og_title":"P\u00e4dagogik: Kinder richtig loben - 7 Tipps f\u00fcr gutes Lob","og_description":"F\u00fcr die Entwicklung der Kinder ist Anerkennung wichtig. Aber falsch formuliertes oder \u00fcbertriebenes Lob kann auch sch\u00e4dlich sein. Wie lobt an also richtig?","og_url":"https:\/\/www.euroakademie.de\/magazin\/kinder-richtig-loben\/","og_site_name":"Das Euro Akademie Magazin","article_published_time":"2022-09-29T13:12:19+00:00","article_modified_time":"2024-12-18T13:13:10+00:00","og_image":[{"width":702,"height":336,"url":"https:\/\/www.euroakademie.de\/magazin\/wp-content\/uploads\/2022\/09\/shutterstock_1863759148.jpg","type":"image\/jpeg"}],"author":"Anna R\u00fcppel","twitter_card":"summary_large_image","twitter_misc":{"Verfasst von":"Anna R\u00fcppel","Gesch\u00e4tzte Lesezeit":"4\u00a0Minuten"},"schema":{"@context":"https:\/\/schema.org","@graph":[{"@type":"Article","@id":"https:\/\/www.euroakademie.de\/magazin\/kinder-richtig-loben\/#article","isPartOf":{"@id":"https:\/\/www.euroakademie.de\/magazin\/kinder-richtig-loben\/"},"author":{"name":"Anna R\u00fcppel","@id":"https:\/\/www.euroakademie.de\/magazin\/#\/schema\/person\/60fedb6ea7279f88d9086938e970d05e"},"headline":"Kinder richtig loben","datePublished":"2022-09-29T13:12:19+00:00","dateModified":"2024-12-18T13:13:10+00:00","mainEntityOfPage":{"@id":"https:\/\/www.euroakademie.de\/magazin\/kinder-richtig-loben\/"},"wordCount":736,"publisher":{"@id":"https:\/\/www.euroakademie.de\/magazin\/#organization"},"image":{"@id":"https:\/\/www.euroakademie.de\/magazin\/kinder-richtig-loben\/#primaryimage"},"thumbnailUrl":"https:\/\/www.euroakademie.de\/magazin\/wp-content\/uploads\/2022\/09\/shutterstock_1863759148.jpg","articleSection":["Im Fokus","P\u00e4dagogik &amp; Soziales"],"inLanguage":"de"},{"@type":"WebPage","@id":"https:\/\/www.euroakademie.de\/magazin\/kinder-richtig-loben\/","url":"https:\/\/www.euroakademie.de\/magazin\/kinder-richtig-loben\/","name":"P\u00e4dagogik: Kinder richtig loben - 7 Tipps f\u00fcr gutes Lob","isPartOf":{"@id":"https:\/\/www.euroakademie.de\/magazin\/#website"},"primaryImageOfPage":{"@id":"https:\/\/www.euroakademie.de\/magazin\/kinder-richtig-loben\/#primaryimage"},"image":{"@id":"https:\/\/www.euroakademie.de\/magazin\/kinder-richtig-loben\/#primaryimage"},"thumbnailUrl":"https:\/\/www.euroakademie.de\/magazin\/wp-content\/uploads\/2022\/09\/shutterstock_1863759148.jpg","datePublished":"2022-09-29T13:12:19+00:00","dateModified":"2024-12-18T13:13:10+00:00","description":"F\u00fcr die Entwicklung der Kinder ist Anerkennung wichtig. Aber falsch formuliertes oder \u00fcbertriebenes Lob kann auch sch\u00e4dlich sein. Wie lobt an also richtig?","breadcrumb":{"@id":"https:\/\/www.euroakademie.de\/magazin\/kinder-richtig-loben\/#breadcrumb"},"inLanguage":"de","potentialAction":[{"@type":"ReadAction","target":["https:\/\/www.euroakademie.de\/magazin\/kinder-richtig-loben\/"]}]},{"@type":"ImageObject","inLanguage":"de","@id":"https:\/\/www.euroakademie.de\/magazin\/kinder-richtig-loben\/#primaryimage","url":"https:\/\/www.euroakademie.de\/magazin\/wp-content\/uploads\/2022\/09\/shutterstock_1863759148.jpg","contentUrl":"https:\/\/www.euroakademie.de\/magazin\/wp-content\/uploads\/2022\/09\/shutterstock_1863759148.jpg","width":702,"height":336,"caption":""},{"@type":"BreadcrumbList","@id":"https:\/\/www.euroakademie.de\/magazin\/kinder-richtig-loben\/#breadcrumb","itemListElement":[{"@type":"ListItem","position":1,"name":"Startseite","item":"https:\/\/www.euroakademie.de\/magazin\/"},{"@type":"ListItem","position":2,"name":"Kinder richtig loben"}]},{"@type":"WebSite","@id":"https:\/\/www.euroakademie.de\/magazin\/#website","url":"https:\/\/www.euroakademie.de\/magazin\/","name":"Das Euro Akademie Magazin","description":"Gut informiert durch Ausbildung und Studium","publisher":{"@id":"https:\/\/www.euroakademie.de\/magazin\/#organization"},"potentialAction":[{"@type":"SearchAction","target":{"@type":"EntryPoint","urlTemplate":"https:\/\/www.euroakademie.de\/magazin\/?s={search_term_string}"},"query-input":{"@type":"PropertyValueSpecification","valueRequired":true,"valueName":"search_term_string"}}],"inLanguage":"de"},{"@type":"Organization","@id":"https:\/\/www.euroakademie.de\/magazin\/#organization","name":"ESO Education Group","url":"https:\/\/www.euroakademie.de\/magazin\/","logo":{"@type":"ImageObject","inLanguage":"de","@id":"https:\/\/www.euroakademie.de\/magazin\/#\/schema\/logo\/image\/","url":"https:\/\/relaunch.euroakademie.de\/magazin\/wp-content\/uploads\/2024\/11\/Logo_EA_negativ_Rahmen_5cm_300dpi_RGB.jpg","contentUrl":"https:\/\/relaunch.euroakademie.de\/magazin\/wp-content\/uploads\/2024\/11\/Logo_EA_negativ_Rahmen_5cm_300dpi_RGB.jpg","width":591,"height":236,"caption":"ESO Education Group"},"image":{"@id":"https:\/\/www.euroakademie.de\/magazin\/#\/schema\/logo\/image\/"}},{"@type":"Person","@id":"https:\/\/www.euroakademie.de\/magazin\/#\/schema\/person\/60fedb6ea7279f88d9086938e970d05e","name":"Anna R\u00fcppel","description":"Anna R\u00fcppel ist mit 1,78 m die Gr\u00f6\u00dfte, wenn es um Ausbildung und Beruf geht. Als Kind war sie kleiner. Von April 2019 bis November 2022 schrieb sie kleinere und gr\u00f6\u00dfere Artikel f\u00fcr das Euro Akademie Magazin.","url":"https:\/\/www.euroakademie.de\/magazin\/author\/rueppela\/"}]}},"_links":{"self":[{"href":"https:\/\/www.euroakademie.de\/magazin\/wp-json\/wp\/v2\/posts\/16579","targetHints":{"allow":["GET"]}}],"collection":[{"href":"https:\/\/www.euroakademie.de\/magazin\/wp-json\/wp\/v2\/posts"}],"about":[{"href":"https:\/\/www.euroakademie.de\/magazin\/wp-json\/wp\/v2\/types\/post"}],"author":[{"embeddable":true,"href":"https:\/\/www.euroakademie.de\/magazin\/wp-json\/wp\/v2\/users\/76"}],"replies":[{"embeddable":true,"href":"https:\/\/www.euroakademie.de\/magazin\/wp-json\/wp\/v2\/comments?post=16579"}],"version-history":[{"count":2,"href":"https:\/\/www.euroakademie.de\/magazin\/wp-json\/wp\/v2\/posts\/16579\/revisions"}],"predecessor-version":[{"id":27144,"href":"https:\/\/www.euroakademie.de\/magazin\/wp-json\/wp\/v2\/posts\/16579\/revisions\/27144"}],"wp:featuredmedia":[{"embeddable":true,"href":"https:\/\/www.euroakademie.de\/magazin\/wp-json\/wp\/v2\/media\/16582"}],"wp:attachment":[{"href":"https:\/\/www.euroakademie.de\/magazin\/wp-json\/wp\/v2\/media?parent=16579"}],"wp:term":[{"taxonomy":"category","embeddable":true,"href":"https:\/\/www.euroakademie.de\/magazin\/wp-json\/wp\/v2\/categories?post=16579"},{"taxonomy":"post_tag","embeddable":true,"href":"https:\/\/www.euroakademie.de\/magazin\/wp-json\/wp\/v2\/tags?post=16579"}],"curies":[{"name":"wp","href":"https:\/\/api.w.org\/{rel}","templated":true}]}}