{"id":16670,"date":"2022-11-10T09:28:43","date_gmt":"2022-11-10T08:28:43","guid":{"rendered":"https:\/\/www.euroakademie.de\/magazin\/?p=16670"},"modified":"2024-11-06T12:38:28","modified_gmt":"2024-11-06T11:38:28","slug":"stationaere-tagesbehandlungen","status":"publish","type":"post","link":"https:\/\/www.euroakademie.de\/magazin\/stationaere-tagesbehandlungen\/","title":{"rendered":"Station\u00e4re Tagesbehandlungen \u2013 Entlastung f\u00fcr Krankenh\u00e4user?"},"content":{"rendered":"\n<p><strong>Ein klassischer Krankenhausaufenthalt in Deutschland sieht ja so aus: Man bekommt ein Bett zugewiesen, wird untersucht und behandelt und verbringt \u2013 je nach Schwere des Leidens \u2013 einige Zeit im Krankenhaus, und zwar Tag und Nacht. In dieser Zeit gibt es nat\u00fcrlich auch viel \u201eLeerlauf\u201c, denn niemand wird durchgehend behandelt. Nachts wird das besonders deutlich. Die meisten Patient*innen schlafen, nur Notf\u00e4lle und schwer Erkrankte werden medizinisch versorgt. Auch die Wochenenden verbringen viele Patient*innen in der Klinik, obwohl sie in diesem Zeitraum gar nicht behandelt werden. F\u00fcr diese Patient*innen m\u00fcssen aber trotzdem Betten und Pflegepersonal bereitgestellt werden. Und beides ist aktuell Mangelware. Wieso also nicht Patient*innen mit weniger schweren Erkrankungen \u00fcber Nacht nach Hause schicken? Daf\u00fcr hat das Bundesgesundheitsministerium nun einen Gesetzentwurf vorgelegt.&nbsp;&nbsp; <\/strong><\/p>\n\n\n\n<h2 class=\"wp-block-heading\"><strong>Reformierung des Krankenhaussystems<\/strong>&nbsp; <\/h2>\n\n\n\n<p>Die Empfehlung, Tagesbehandlungen in Kliniken einzuf\u00fchren, kam von einer Regierungskommission, die derzeit Konzepte zur Reformierung des Krankenhaussystems erarbeitet. Die Kommission kommt zu dem Ergebnis, dass in Zukunft ungef\u00e4hr ein Viertel aller vollstation\u00e4ren Behandlungen als tagesstation\u00e4re Leistungen stattfinden k\u00f6nnen. Gesundheitsminister Karl Lauterbach fasst die Situation zusammen: \u201eSehr stark vereinfacht ausgedr\u00fcckt: Wir haben in Deutschland viel zu viele Betten, die wir betreiben und wir haben viel zu viele station\u00e4re Aufnahmen, die wir auch ambulant versorgen k\u00f6nnten, f\u00fcr die gleiche Qualit\u00e4t.\u201c&nbsp; <\/p>\n\n\n\n<p><a href=\"https:\/\/www.youtube.com\/watch?v=qf-ifDuWvNc\" target=\"_blank\" rel=\"noopener noreferrer\"><figure class=\"wp-block-image\"><img decoding=\"async\" src=\"https:\/\/relaunch.euroakademie.de\/magazin\/wp-content\/uploads\/2022\/11\/vorschaubild_lauterbach.jpg\" alt=\"\" class=\"wp-image-12820\"\/><figcaption> Video-Quelle: Bundesministerium f\u00fcr Gesundheit<\/figcaption><\/figure><\/a><\/p>\n\n\n\n<p>Die Ampel-Parteien haben deshalb einen \u00c4nderungsantrag zur Anpassung des Krankenhauspflegeentlastungsgesetzes eingereicht, der nun im Bundestag diskutiert wird. Im Sozialgesetzbuch soll verankert werden, dass tagesstation\u00e4re Behandlungen neben vollstation\u00e4ren und teilstation\u00e4ren Krankenhausbehandlungen m\u00f6glich sein sollen. Eine tagesstation\u00e4re Behandlung umfasst dabei mindestens sechs Stunden.&nbsp;&nbsp;<\/p>\n\n\n\n<p>\u201eZugelassene Krankenh\u00e4user k\u00f6nnen in medizinisch geeigneten F\u00e4llen, wenn eine Indikation f\u00fcr eine station\u00e4re somatische Behandlung vorliegt, mit Einwilligung der Patientin oder des Patienten anstelle einer vollstation\u00e4ren Behandlung eine tagesstation\u00e4re Behandlung mit einer t\u00e4glich mindestens sechsst\u00fcndigen \u00e4rztlichen oder pflegerischen Behandlung ohne \u00dcbernachtung im Krankenhaus erbringen\u201c, so hei\u00dft es im neugeschaffenen Paragrafen.\u00a0<\/p>\n\n\n\n<div class=\"wp-block-buttons is-content-justification-center is-layout-flex wp-container-core-buttons-is-layout-16018d1d wp-block-buttons-is-layout-flex\">\n<div class=\"wp-block-button has-custom-font-size has-regular-font-size\"><a class=\"wp-block-button__link has-white-color has-text-color has-background has-link-color wp-element-button\" href=\"https:\/\/www.euroakademie.de\/bildungsangebote\/gesundheit-pflege\" style=\"background-color:#95c11f;padding-top:var(--wp--preset--spacing--40);padding-right:var(--wp--preset--spacing--20);padding-bottom:var(--wp--preset--spacing--40);padding-left:var(--wp--preset--spacing--20)\">Pflegethemen interessieren Sie? Wir bieten spannende Ausbildung in diesem Bereich &#8211; mit der Aussicht auf einen krisensicheren Job.<\/a><\/div>\n<\/div>\n\n\n\n<h2 class=\"wp-block-heading\"><strong>Entlastung f\u00fcr Pflegekr\u00e4fte<\/strong><\/h2>\n\n\n\n<p>Die Vorteile der Tagesbehandlungen liegen auf der Hand: Die freien Betten stehen f\u00fcr Notf\u00e4lle und schwer Erkrankte zur Verf\u00fcgung. Au\u00dferdem ben\u00f6tigt man weniger Personal f\u00fcr <a href=\"https:\/\/www.euroakademie.de\/magazin\/5-tipps-fuer-den-nachtdienst\/\">Nacht- und Wochenendschichten<\/a>. \u201eDiese vielen Schichten fielen aus f\u00fcr das Pflegepersonal. Vielleicht w\u00e4re der Pflegeberuf dann auch attraktiver, wenn nicht so viel in der Nacht gepflegt werden m\u00fcsste. Denn gerade die Nachtschichten sind f\u00fcr viele Pflegekr\u00e4fte eher eine Belastung. [\u2026] Viele dieser Nachtdienste sind, zumindest medizinisch gesprochen, unstrittigerweise aber schlicht und ergreifend komplett \u00fcberfl\u00fcssig,\u201c so Gesundheitsminister Lauterbach.&nbsp; <\/p>\n\n\n\n<h2 class=\"wp-block-heading\"><strong>Kritik von Krankenkassen<\/strong>&nbsp; <\/h2>\n\n\n\n<p>Nicht alle sind \u00fcberzeugt, dass die Gesetz\u00e4nderung tats\u00e4chlich zu einer Verbesserung f\u00fchrt. Vertreter*innen von Krankenkassen kritisieren den Vorsto\u00df. Denn Krankentransporte und h\u00e4usliche Krankenpflege k\u00f6nnten zu erheblichen Mehrkosten f\u00fchren. J\u00fcrgen Malzahn, Leiter der Abteilung Station\u00e4re Versorgung im AOK-Bundesverband, rechnet mit einer Mehrbelastung von bis zu bis 4,2 Milliarden Euro.&nbsp;<\/p>\n\n\n\n<p>Und auch die Pflegefachkr\u00e4fte sind nicht alle \u00fcberzeugt. \u201e1. Glaube ich nicht an das behauptete Potenzial. Verringerung von Krankenhausbehandlungen geht nur durch engere Indikationsstellung und Pr\u00e4vention. 2. F\u00fcr Patient*innen wird es faktisch keine Mitbestimmung geben. Du machst mit oder wartest halt noch 3 Monate,\u201c schreibt zum Beispiel ein Krankenpfleger auf Twitter. \u201eDas einzige Potential, was ich sehe: endlich \u00c4nderung von Schichtzeiten, damit Eltern, meistens M\u00fctter, Kind(er) und Job unter einen Hut bringen,\u201c so ein anderer User.&nbsp;<\/p>\n\n\n\n<p>Und was meinen Sie? Sind tagesstation\u00e4re Behandlungen eine sinnvolle Entlastung f\u00fcr Kliniken? Schreiben Sie uns gerne an magazin@euroakademie.de.&nbsp;<\/p>\n","protected":false},"excerpt":{"rendered":"<p>\t\t\t\t<![CDATA[Im Krankenhaus behandelt werden, die Nacht aber zu Hause verbringen? Wie ein Gesetzentwurf zu station\u00e4ren Tagesbehandlungen Krankenh\u00e4user entlasten k\u00f6nnte.]]>\t\t<\/p>\n","protected":false},"author":76,"featured_media":16674,"comment_status":"closed","ping_status":"closed","sticky":false,"template":"","format":"standard","meta":{"footnotes":""},"categories":[82,16],"tags":[],"class_list":{"0":"post-16670","1":"post","2":"type-post","3":"status-publish","4":"format-standard","5":"has-post-thumbnail","7":"category-branchennews","8":"category-gesundheit-pflege"},"yoast_head":"<!-- This site is optimized with the Yoast SEO plugin v23.5 - https:\/\/yoast.com\/wordpress\/plugins\/seo\/ -->\n<title>Station\u00e4re Tagesbehandlungen \u2013 Entlastung f\u00fcr Krankenh\u00e4user?<\/title>\n<meta name=\"description\" content=\"Im Krankenhaus behandelt werden, die Nacht aber zu Hause verbringen? Wie ein Gesetzentwurf zu station\u00e4ren Tagesbehandlungen Krankenh\u00e4user entlasten k\u00f6nnte.\" \/>\n<meta name=\"robots\" content=\"index, follow, max-snippet:-1, max-image-preview:large, max-video-preview:-1\" \/>\n<link rel=\"canonical\" href=\"https:\/\/www.euroakademie.de\/magazin\/stationaere-tagesbehandlungen\/\" \/>\n<meta property=\"og:locale\" content=\"de_DE\" \/>\n<meta property=\"og:type\" content=\"article\" \/>\n<meta property=\"og:title\" content=\"Station\u00e4re Tagesbehandlungen \u2013 Entlastung f\u00fcr Krankenh\u00e4user?\" \/>\n<meta property=\"og:description\" content=\"Im Krankenhaus behandelt werden, die Nacht aber zu Hause verbringen? Wie ein Gesetzentwurf zu station\u00e4ren Tagesbehandlungen Krankenh\u00e4user entlasten k\u00f6nnte.\" \/>\n<meta property=\"og:url\" content=\"https:\/\/www.euroakademie.de\/magazin\/stationaere-tagesbehandlungen\/\" \/>\n<meta property=\"og:site_name\" content=\"Das Euro Akademie Magazin\" \/>\n<meta property=\"article:published_time\" content=\"2022-11-10T08:28:43+00:00\" \/>\n<meta property=\"article:modified_time\" content=\"2024-11-06T11:38:28+00:00\" \/>\n<meta property=\"og:image\" content=\"https:\/\/www.euroakademie.de\/magazin\/wp-content\/uploads\/2022\/11\/shutterstock_1406833052.jpg\" \/>\n\t<meta property=\"og:image:width\" content=\"702\" \/>\n\t<meta property=\"og:image:height\" content=\"336\" \/>\n\t<meta property=\"og:image:type\" content=\"image\/jpeg\" \/>\n<meta name=\"author\" content=\"Anna R\u00fcppel\" \/>\n<meta name=\"twitter:card\" content=\"summary_large_image\" \/>\n<meta name=\"twitter:label1\" content=\"Verfasst von\" \/>\n\t<meta name=\"twitter:data1\" content=\"Anna R\u00fcppel\" \/>\n\t<meta name=\"twitter:label2\" content=\"Gesch\u00e4tzte Lesezeit\" \/>\n\t<meta name=\"twitter:data2\" content=\"4\u00a0Minuten\" \/>\n<script type=\"application\/ld+json\" class=\"yoast-schema-graph\">{\"@context\":\"https:\/\/schema.org\",\"@graph\":[{\"@type\":\"Article\",\"@id\":\"https:\/\/www.euroakademie.de\/magazin\/stationaere-tagesbehandlungen\/#article\",\"isPartOf\":{\"@id\":\"https:\/\/www.euroakademie.de\/magazin\/stationaere-tagesbehandlungen\/\"},\"author\":{\"name\":\"Anna R\u00fcppel\",\"@id\":\"https:\/\/www.euroakademie.de\/magazin\/#\/schema\/person\/60fedb6ea7279f88d9086938e970d05e\"},\"headline\":\"Station\u00e4re Tagesbehandlungen \u2013 Entlastung f\u00fcr Krankenh\u00e4user?\",\"datePublished\":\"2022-11-10T08:28:43+00:00\",\"dateModified\":\"2024-11-06T11:38:28+00:00\",\"mainEntityOfPage\":{\"@id\":\"https:\/\/www.euroakademie.de\/magazin\/stationaere-tagesbehandlungen\/\"},\"wordCount\":626,\"publisher\":{\"@id\":\"https:\/\/www.euroakademie.de\/magazin\/#organization\"},\"image\":{\"@id\":\"https:\/\/www.euroakademie.de\/magazin\/stationaere-tagesbehandlungen\/#primaryimage\"},\"thumbnailUrl\":\"https:\/\/www.euroakademie.de\/magazin\/wp-content\/uploads\/2022\/11\/shutterstock_1406833052.jpg\",\"articleSection\":[\"Branchennews\",\"Gesundheit &amp; Pflege\"],\"inLanguage\":\"de\"},{\"@type\":\"WebPage\",\"@id\":\"https:\/\/www.euroakademie.de\/magazin\/stationaere-tagesbehandlungen\/\",\"url\":\"https:\/\/www.euroakademie.de\/magazin\/stationaere-tagesbehandlungen\/\",\"name\":\"Station\u00e4re Tagesbehandlungen \u2013 Entlastung f\u00fcr Krankenh\u00e4user?\",\"isPartOf\":{\"@id\":\"https:\/\/www.euroakademie.de\/magazin\/#website\"},\"primaryImageOfPage\":{\"@id\":\"https:\/\/www.euroakademie.de\/magazin\/stationaere-tagesbehandlungen\/#primaryimage\"},\"image\":{\"@id\":\"https:\/\/www.euroakademie.de\/magazin\/stationaere-tagesbehandlungen\/#primaryimage\"},\"thumbnailUrl\":\"https:\/\/www.euroakademie.de\/magazin\/wp-content\/uploads\/2022\/11\/shutterstock_1406833052.jpg\",\"datePublished\":\"2022-11-10T08:28:43+00:00\",\"dateModified\":\"2024-11-06T11:38:28+00:00\",\"description\":\"Im Krankenhaus behandelt werden, die Nacht aber zu Hause verbringen? Wie ein Gesetzentwurf zu station\u00e4ren Tagesbehandlungen Krankenh\u00e4user entlasten k\u00f6nnte.\",\"breadcrumb\":{\"@id\":\"https:\/\/www.euroakademie.de\/magazin\/stationaere-tagesbehandlungen\/#breadcrumb\"},\"inLanguage\":\"de\",\"potentialAction\":[{\"@type\":\"ReadAction\",\"target\":[\"https:\/\/www.euroakademie.de\/magazin\/stationaere-tagesbehandlungen\/\"]}]},{\"@type\":\"ImageObject\",\"inLanguage\":\"de\",\"@id\":\"https:\/\/www.euroakademie.de\/magazin\/stationaere-tagesbehandlungen\/#primaryimage\",\"url\":\"https:\/\/www.euroakademie.de\/magazin\/wp-content\/uploads\/2022\/11\/shutterstock_1406833052.jpg\",\"contentUrl\":\"https:\/\/www.euroakademie.de\/magazin\/wp-content\/uploads\/2022\/11\/shutterstock_1406833052.jpg\",\"width\":702,\"height\":336,\"caption\":\"\"},{\"@type\":\"BreadcrumbList\",\"@id\":\"https:\/\/www.euroakademie.de\/magazin\/stationaere-tagesbehandlungen\/#breadcrumb\",\"itemListElement\":[{\"@type\":\"ListItem\",\"position\":1,\"name\":\"Startseite\",\"item\":\"https:\/\/www.euroakademie.de\/magazin\/\"},{\"@type\":\"ListItem\",\"position\":2,\"name\":\"Station\u00e4re Tagesbehandlungen \u2013 Entlastung f\u00fcr Krankenh\u00e4user?\"}]},{\"@type\":\"WebSite\",\"@id\":\"https:\/\/www.euroakademie.de\/magazin\/#website\",\"url\":\"https:\/\/www.euroakademie.de\/magazin\/\",\"name\":\"Das Euro Akademie Magazin\",\"description\":\"Gut informiert durch Ausbildung und Studium\",\"publisher\":{\"@id\":\"https:\/\/www.euroakademie.de\/magazin\/#organization\"},\"potentialAction\":[{\"@type\":\"SearchAction\",\"target\":{\"@type\":\"EntryPoint\",\"urlTemplate\":\"https:\/\/www.euroakademie.de\/magazin\/?s={search_term_string}\"},\"query-input\":{\"@type\":\"PropertyValueSpecification\",\"valueRequired\":true,\"valueName\":\"search_term_string\"}}],\"inLanguage\":\"de\"},{\"@type\":\"Organization\",\"@id\":\"https:\/\/www.euroakademie.de\/magazin\/#organization\",\"name\":\"ESO Education Group\",\"url\":\"https:\/\/www.euroakademie.de\/magazin\/\",\"logo\":{\"@type\":\"ImageObject\",\"inLanguage\":\"de\",\"@id\":\"https:\/\/www.euroakademie.de\/magazin\/#\/schema\/logo\/image\/\",\"url\":\"https:\/\/relaunch.euroakademie.de\/magazin\/wp-content\/uploads\/2024\/11\/Logo_EA_negativ_Rahmen_5cm_300dpi_RGB.jpg\",\"contentUrl\":\"https:\/\/relaunch.euroakademie.de\/magazin\/wp-content\/uploads\/2024\/11\/Logo_EA_negativ_Rahmen_5cm_300dpi_RGB.jpg\",\"width\":591,\"height\":236,\"caption\":\"ESO Education Group\"},\"image\":{\"@id\":\"https:\/\/www.euroakademie.de\/magazin\/#\/schema\/logo\/image\/\"}},{\"@type\":\"Person\",\"@id\":\"https:\/\/www.euroakademie.de\/magazin\/#\/schema\/person\/60fedb6ea7279f88d9086938e970d05e\",\"name\":\"Anna R\u00fcppel\",\"description\":\"Anna R\u00fcppel ist mit 1,78 m die Gr\u00f6\u00dfte, wenn es um Ausbildung und Beruf geht. Als Kind war sie kleiner. Von April 2019 bis November 2022 schrieb sie kleinere und gr\u00f6\u00dfere Artikel f\u00fcr das Euro Akademie Magazin.\",\"url\":\"https:\/\/www.euroakademie.de\/magazin\/author\/rueppela\/\"}]}<\/script>\n<!-- \/ Yoast SEO plugin. -->","yoast_head_json":{"title":"Station\u00e4re Tagesbehandlungen \u2013 Entlastung f\u00fcr Krankenh\u00e4user?","description":"Im Krankenhaus behandelt werden, die Nacht aber zu Hause verbringen? Wie ein Gesetzentwurf zu station\u00e4ren Tagesbehandlungen Krankenh\u00e4user entlasten k\u00f6nnte.","robots":{"index":"index","follow":"follow","max-snippet":"max-snippet:-1","max-image-preview":"max-image-preview:large","max-video-preview":"max-video-preview:-1"},"canonical":"https:\/\/www.euroakademie.de\/magazin\/stationaere-tagesbehandlungen\/","og_locale":"de_DE","og_type":"article","og_title":"Station\u00e4re Tagesbehandlungen \u2013 Entlastung f\u00fcr Krankenh\u00e4user?","og_description":"Im Krankenhaus behandelt werden, die Nacht aber zu Hause verbringen? Wie ein Gesetzentwurf zu station\u00e4ren Tagesbehandlungen Krankenh\u00e4user entlasten k\u00f6nnte.","og_url":"https:\/\/www.euroakademie.de\/magazin\/stationaere-tagesbehandlungen\/","og_site_name":"Das Euro Akademie Magazin","article_published_time":"2022-11-10T08:28:43+00:00","article_modified_time":"2024-11-06T11:38:28+00:00","og_image":[{"width":702,"height":336,"url":"https:\/\/www.euroakademie.de\/magazin\/wp-content\/uploads\/2022\/11\/shutterstock_1406833052.jpg","type":"image\/jpeg"}],"author":"Anna R\u00fcppel","twitter_card":"summary_large_image","twitter_misc":{"Verfasst von":"Anna R\u00fcppel","Gesch\u00e4tzte Lesezeit":"4\u00a0Minuten"},"schema":{"@context":"https:\/\/schema.org","@graph":[{"@type":"Article","@id":"https:\/\/www.euroakademie.de\/magazin\/stationaere-tagesbehandlungen\/#article","isPartOf":{"@id":"https:\/\/www.euroakademie.de\/magazin\/stationaere-tagesbehandlungen\/"},"author":{"name":"Anna R\u00fcppel","@id":"https:\/\/www.euroakademie.de\/magazin\/#\/schema\/person\/60fedb6ea7279f88d9086938e970d05e"},"headline":"Station\u00e4re Tagesbehandlungen \u2013 Entlastung f\u00fcr Krankenh\u00e4user?","datePublished":"2022-11-10T08:28:43+00:00","dateModified":"2024-11-06T11:38:28+00:00","mainEntityOfPage":{"@id":"https:\/\/www.euroakademie.de\/magazin\/stationaere-tagesbehandlungen\/"},"wordCount":626,"publisher":{"@id":"https:\/\/www.euroakademie.de\/magazin\/#organization"},"image":{"@id":"https:\/\/www.euroakademie.de\/magazin\/stationaere-tagesbehandlungen\/#primaryimage"},"thumbnailUrl":"https:\/\/www.euroakademie.de\/magazin\/wp-content\/uploads\/2022\/11\/shutterstock_1406833052.jpg","articleSection":["Branchennews","Gesundheit &amp; Pflege"],"inLanguage":"de"},{"@type":"WebPage","@id":"https:\/\/www.euroakademie.de\/magazin\/stationaere-tagesbehandlungen\/","url":"https:\/\/www.euroakademie.de\/magazin\/stationaere-tagesbehandlungen\/","name":"Station\u00e4re Tagesbehandlungen \u2013 Entlastung f\u00fcr Krankenh\u00e4user?","isPartOf":{"@id":"https:\/\/www.euroakademie.de\/magazin\/#website"},"primaryImageOfPage":{"@id":"https:\/\/www.euroakademie.de\/magazin\/stationaere-tagesbehandlungen\/#primaryimage"},"image":{"@id":"https:\/\/www.euroakademie.de\/magazin\/stationaere-tagesbehandlungen\/#primaryimage"},"thumbnailUrl":"https:\/\/www.euroakademie.de\/magazin\/wp-content\/uploads\/2022\/11\/shutterstock_1406833052.jpg","datePublished":"2022-11-10T08:28:43+00:00","dateModified":"2024-11-06T11:38:28+00:00","description":"Im Krankenhaus behandelt werden, die Nacht aber zu Hause verbringen? Wie ein Gesetzentwurf zu station\u00e4ren Tagesbehandlungen Krankenh\u00e4user entlasten k\u00f6nnte.","breadcrumb":{"@id":"https:\/\/www.euroakademie.de\/magazin\/stationaere-tagesbehandlungen\/#breadcrumb"},"inLanguage":"de","potentialAction":[{"@type":"ReadAction","target":["https:\/\/www.euroakademie.de\/magazin\/stationaere-tagesbehandlungen\/"]}]},{"@type":"ImageObject","inLanguage":"de","@id":"https:\/\/www.euroakademie.de\/magazin\/stationaere-tagesbehandlungen\/#primaryimage","url":"https:\/\/www.euroakademie.de\/magazin\/wp-content\/uploads\/2022\/11\/shutterstock_1406833052.jpg","contentUrl":"https:\/\/www.euroakademie.de\/magazin\/wp-content\/uploads\/2022\/11\/shutterstock_1406833052.jpg","width":702,"height":336,"caption":""},{"@type":"BreadcrumbList","@id":"https:\/\/www.euroakademie.de\/magazin\/stationaere-tagesbehandlungen\/#breadcrumb","itemListElement":[{"@type":"ListItem","position":1,"name":"Startseite","item":"https:\/\/www.euroakademie.de\/magazin\/"},{"@type":"ListItem","position":2,"name":"Station\u00e4re Tagesbehandlungen \u2013 Entlastung f\u00fcr Krankenh\u00e4user?"}]},{"@type":"WebSite","@id":"https:\/\/www.euroakademie.de\/magazin\/#website","url":"https:\/\/www.euroakademie.de\/magazin\/","name":"Das Euro Akademie Magazin","description":"Gut informiert durch Ausbildung und Studium","publisher":{"@id":"https:\/\/www.euroakademie.de\/magazin\/#organization"},"potentialAction":[{"@type":"SearchAction","target":{"@type":"EntryPoint","urlTemplate":"https:\/\/www.euroakademie.de\/magazin\/?s={search_term_string}"},"query-input":{"@type":"PropertyValueSpecification","valueRequired":true,"valueName":"search_term_string"}}],"inLanguage":"de"},{"@type":"Organization","@id":"https:\/\/www.euroakademie.de\/magazin\/#organization","name":"ESO Education Group","url":"https:\/\/www.euroakademie.de\/magazin\/","logo":{"@type":"ImageObject","inLanguage":"de","@id":"https:\/\/www.euroakademie.de\/magazin\/#\/schema\/logo\/image\/","url":"https:\/\/relaunch.euroakademie.de\/magazin\/wp-content\/uploads\/2024\/11\/Logo_EA_negativ_Rahmen_5cm_300dpi_RGB.jpg","contentUrl":"https:\/\/relaunch.euroakademie.de\/magazin\/wp-content\/uploads\/2024\/11\/Logo_EA_negativ_Rahmen_5cm_300dpi_RGB.jpg","width":591,"height":236,"caption":"ESO Education Group"},"image":{"@id":"https:\/\/www.euroakademie.de\/magazin\/#\/schema\/logo\/image\/"}},{"@type":"Person","@id":"https:\/\/www.euroakademie.de\/magazin\/#\/schema\/person\/60fedb6ea7279f88d9086938e970d05e","name":"Anna R\u00fcppel","description":"Anna R\u00fcppel ist mit 1,78 m die Gr\u00f6\u00dfte, wenn es um Ausbildung und Beruf geht. Als Kind war sie kleiner. Von April 2019 bis November 2022 schrieb sie kleinere und gr\u00f6\u00dfere Artikel f\u00fcr das Euro Akademie Magazin.","url":"https:\/\/www.euroakademie.de\/magazin\/author\/rueppela\/"}]}},"_links":{"self":[{"href":"https:\/\/www.euroakademie.de\/magazin\/wp-json\/wp\/v2\/posts\/16670","targetHints":{"allow":["GET"]}}],"collection":[{"href":"https:\/\/www.euroakademie.de\/magazin\/wp-json\/wp\/v2\/posts"}],"about":[{"href":"https:\/\/www.euroakademie.de\/magazin\/wp-json\/wp\/v2\/types\/post"}],"author":[{"embeddable":true,"href":"https:\/\/www.euroakademie.de\/magazin\/wp-json\/wp\/v2\/users\/76"}],"replies":[{"embeddable":true,"href":"https:\/\/www.euroakademie.de\/magazin\/wp-json\/wp\/v2\/comments?post=16670"}],"version-history":[{"count":2,"href":"https:\/\/www.euroakademie.de\/magazin\/wp-json\/wp\/v2\/posts\/16670\/revisions"}],"predecessor-version":[{"id":22167,"href":"https:\/\/www.euroakademie.de\/magazin\/wp-json\/wp\/v2\/posts\/16670\/revisions\/22167"}],"wp:featuredmedia":[{"embeddable":true,"href":"https:\/\/www.euroakademie.de\/magazin\/wp-json\/wp\/v2\/media\/16674"}],"wp:attachment":[{"href":"https:\/\/www.euroakademie.de\/magazin\/wp-json\/wp\/v2\/media?parent=16670"}],"wp:term":[{"taxonomy":"category","embeddable":true,"href":"https:\/\/www.euroakademie.de\/magazin\/wp-json\/wp\/v2\/categories?post=16670"},{"taxonomy":"post_tag","embeddable":true,"href":"https:\/\/www.euroakademie.de\/magazin\/wp-json\/wp\/v2\/tags?post=16670"}],"curies":[{"name":"wp","href":"https:\/\/api.w.org\/{rel}","templated":true}]}}