{"id":16703,"date":"2022-11-22T09:24:25","date_gmt":"2022-11-22T08:24:25","guid":{"rendered":"https:\/\/www.euroakademie.de\/magazin\/?p=16703"},"modified":"2024-11-04T16:09:50","modified_gmt":"2024-11-04T15:09:50","slug":"zahl-der-auszubildenden-in-der-pflege-steigt","status":"publish","type":"post","link":"https:\/\/www.euroakademie.de\/magazin\/zahl-der-auszubildenden-in-der-pflege-steigt\/","title":{"rendered":"Zahl der Auszubildenden in der Pflege steigt"},"content":{"rendered":"\n<p><strong>Immer mehr Menschen entscheiden sich f\u00fcr eine Ausbildung zur Pflegefachfrau oder zum Pflegefachmann. Das zeigt der <a href=\"https:\/\/www.bmfsfj.de\/resource\/blob\/204014\/d9f745a88c8fae4673ecade12b02cb42\/ausbildungsoffensive-pflege-zweiter-bericht-data.pdf\" target=\"_blank\" rel=\"noreferrer noopener\" aria-label=\"zweite Bericht der Ausbildungsoffensive Pflege (\u00f6ffnet in neuem Tab)\">zweite Bericht der Ausbildungsoffensive Pflege<\/a>. Im Jahr 2021 stieg die Zahl der neuen Pflege-Azubis um sieben Prozent. Kein Wunder, denn der Zukunftsberuf Pflegefachmann*frau garantiert nicht nur einen sicheren Arbeitsplatz, sondern einen spannenden Beruf mit Sinn. Auch Aufstiegsm\u00f6glichkeiten sind gegeben: Neben zahlreichen Fort- und Weiterbildungen hilft auch ein Pflegestudium, Kenntnisse und F\u00e4higkeiten zu erweitern und neue Perspektiven zu \u00f6ffnen.&nbsp; <\/strong><\/p>\n\n\n\n<h2 class=\"wp-block-heading\"><strong>Der gr\u00f6\u00dfte Ausbildungsberuf in Deutschland<\/strong>&nbsp; <\/h2>\n\n\n\n<p>2021 nahmen nach Auswertungen des Statistischen Bundesamts 61.329 Personen eine Ausbildung zur Pflegefachfrau beziehungsweise zum Pflegefachmann auf. Im Jahr 2020 waren es 57.294 neue Auszubildende. Damit ist die Zahl der Eintritte in die Pflegeausbildung um sieben Prozent gestiegen.&nbsp;&nbsp;<\/p>\n\n\n\n<p>Die Pflegeausbildung ist au\u00dferdem mit Abstand der meistgew\u00e4hlte Ausbildungsberuf in Deutschland. Auf Platz zwei folgt die Ausbildung zum*r Erzieher*in mit 39.900 neuen Azubis pro Jahr. Platz drei belegt die Ausbildung zur Kauffrau oder zum Kaufmann f\u00fcr B\u00fcromanagement. 21.600 Auszubildende beginnen j\u00e4hrlich diese Ausbildung.&nbsp;&nbsp;<\/p>\n\n\n\n<h2 class=\"wp-block-heading\"><strong>Pflege-Azubis sind zufrieden<\/strong><\/h2>\n\n\n\n<p>Die Ausbildung zur Pflegefachfrau oder zum Pflegefachmann <a href=\"https:\/\/www.euroakademie.de\/magazin\/generalistische-pflegeausbildung\/\">gibt es erst seit 2020<\/a>. Deshalb befragte das Bundesinstitut f\u00fcr Berufsbildung die Auszubildenden auch zu ihrer Zufriedenheit mit der neuen Ausbildung. Insgesamt nehmen die Auszubildenden die generalistische Pflegeausbildung positiv wahr. Sechs von zehn Auszubildenden geben der Ausbildung die Schulnote sehr gut (13,4 Prozent) oder gut (46,2 Prozent). 80 Prozent der Azubis w\u00fcrden die Ausbildung noch einmal w\u00e4hlen.&nbsp; <\/p>\n\n\n\n<h2 class=\"wp-block-heading\"><strong>Es gibt auch Verbesserungsbedarf<\/strong>&nbsp; <\/h2>\n\n\n\n<p>Die befragten Azubis f\u00fchrten auch einige Kritikpunkte an. Verbesserungsbedarf besteht aus Sicht der Auszubildenden bei der Praxisanleitung. Au\u00dferdem konnten nicht alle Auszubildenden auf Unterst\u00fctzungsangebote im Rahmen der Ausbildung, wie beispielsweise psychologische Beratung, zugreifen.&nbsp; <\/p>\n\n\n\n<h2 class=\"wp-block-heading\"><strong>Was verdient ein Pflege-Azubi?<\/strong>&nbsp; <\/h2>\n\n\n\n<p>Au\u00dferdem wurden Daten zur durchschnittlichen Ausbildungsverg\u00fctung in der generalistischen Pflegeausbildung erfasst. Ein angehender Pflegefachmann oder eine angehende Pflegefachfrau erh\u00e4lt im ersten Ausbildungsjahr durchschnittlich 1.166 Euro Bruttoverg\u00fctung pro Monat. Im zweiten Ausbildungsjahr betr\u00e4gt die monatliche Ausbildungsverg\u00fctung durchschnittlich 1.227 Euro brutto, im dritten Ausbildungsjahr dann 1.333 Euro brutto.&nbsp;&nbsp;<\/p>\n\n\n\n<p>In allen Ausbildungsberufen betr\u00e4gt die durchschnittliche Brutto-Ausbildungsverg\u00fctung \u00fcber die gesamte Ausbildungsdauer hinweg 987 Euro pro Monat. Die Verg\u00fctung von Auszubildenden in der generalistische Pflegeausbildung liegt also deutlich \u00fcber dem Durchschnitt.<\/p>\n\n\n\n<div class=\"wp-block-buttons is-content-justification-center is-layout-flex wp-container-core-buttons-is-layout-16018d1d wp-block-buttons-is-layout-flex\">\n<div class=\"wp-block-button has-custom-font-size has-regular-font-size\"><a class=\"wp-block-button__link has-white-color has-text-color has-background has-link-color wp-element-button\" href=\"https:\/\/www.euroakademie.de\/pflegefachmann-3\" style=\"background-color:#95c11f;padding-top:var(--wp--preset--spacing--40);padding-right:var(--wp--preset--spacing--20);padding-bottom:var(--wp--preset--spacing--40);padding-left:var(--wp--preset--spacing--20)\">ein Beruf in der Pflege bietet eine sichere Zukunft!<\/a><\/div>\n<\/div>\n\n\n\n<p><\/p>\n","protected":false},"excerpt":{"rendered":"<p>\t\t\t\t<![CDATA[Immer mehr Menschen entscheiden sich f\u00fcr eine Ausbildung zur Pflegefachfrau oder zum Pflegefachmann. Das zeigt der zweite Bericht der Ausbildungsoffensive Pflege. ]]>\t\t<\/p>\n","protected":false},"author":76,"featured_media":16705,"comment_status":"closed","ping_status":"closed","sticky":false,"template":"","format":"standard","meta":{"footnotes":""},"categories":[82,19],"tags":[6400,6409],"class_list":{"0":"post-16703","1":"post","2":"type-post","3":"status-publish","4":"format-standard","5":"has-post-thumbnail","7":"category-branchennews","8":"category-paedagogik-soziales","9":"tag-pflegefachfrau","10":"tag-pflegefachmann"},"yoast_head":"<!-- This site is optimized with the Yoast SEO plugin v23.5 - https:\/\/yoast.com\/wordpress\/plugins\/seo\/ -->\n<title>Zahl der Auszubildenden in der Pflege steigt - Das Euro Akademie Magazin<\/title>\n<meta name=\"description\" content=\"Immer mehr Menschen entscheiden sich f\u00fcr eine Ausbildung in der Pflege. Die Pflegeausbildung ist damit der meistgew\u00e4hlte Ausbildungsberuf in Deutschland.\" \/>\n<meta name=\"robots\" content=\"index, follow, max-snippet:-1, max-image-preview:large, max-video-preview:-1\" \/>\n<link rel=\"canonical\" href=\"https:\/\/www.euroakademie.de\/magazin\/zahl-der-auszubildenden-in-der-pflege-steigt\/\" \/>\n<meta property=\"og:locale\" content=\"de_DE\" \/>\n<meta property=\"og:type\" content=\"article\" \/>\n<meta property=\"og:title\" content=\"Zahl der Auszubildenden in der Pflege steigt - Das Euro Akademie Magazin\" \/>\n<meta property=\"og:description\" content=\"Immer mehr Menschen entscheiden sich f\u00fcr eine Ausbildung in der Pflege. Die Pflegeausbildung ist damit der meistgew\u00e4hlte Ausbildungsberuf in Deutschland.\" \/>\n<meta property=\"og:url\" content=\"https:\/\/www.euroakademie.de\/magazin\/zahl-der-auszubildenden-in-der-pflege-steigt\/\" \/>\n<meta property=\"og:site_name\" content=\"Das Euro Akademie Magazin\" \/>\n<meta property=\"article:published_time\" content=\"2022-11-22T08:24:25+00:00\" \/>\n<meta property=\"article:modified_time\" content=\"2024-11-04T15:09:50+00:00\" \/>\n<meta property=\"og:image\" content=\"https:\/\/www.euroakademie.de\/magazin\/wp-content\/uploads\/2022\/11\/shutterstock_1140306575.jpg\" \/>\n\t<meta property=\"og:image:width\" content=\"702\" \/>\n\t<meta property=\"og:image:height\" content=\"336\" \/>\n\t<meta property=\"og:image:type\" content=\"image\/jpeg\" \/>\n<meta name=\"author\" content=\"Anna R\u00fcppel\" \/>\n<meta name=\"twitter:card\" content=\"summary_large_image\" \/>\n<meta name=\"twitter:label1\" content=\"Verfasst von\" \/>\n\t<meta name=\"twitter:data1\" content=\"Anna R\u00fcppel\" \/>\n\t<meta name=\"twitter:label2\" content=\"Gesch\u00e4tzte Lesezeit\" \/>\n\t<meta name=\"twitter:data2\" content=\"3\u00a0Minuten\" \/>\n<script type=\"application\/ld+json\" class=\"yoast-schema-graph\">{\"@context\":\"https:\/\/schema.org\",\"@graph\":[{\"@type\":\"Article\",\"@id\":\"https:\/\/www.euroakademie.de\/magazin\/zahl-der-auszubildenden-in-der-pflege-steigt\/#article\",\"isPartOf\":{\"@id\":\"https:\/\/www.euroakademie.de\/magazin\/zahl-der-auszubildenden-in-der-pflege-steigt\/\"},\"author\":{\"name\":\"Anna R\u00fcppel\",\"@id\":\"https:\/\/www.euroakademie.de\/magazin\/#\/schema\/person\/60fedb6ea7279f88d9086938e970d05e\"},\"headline\":\"Zahl der Auszubildenden in der Pflege steigt\",\"datePublished\":\"2022-11-22T08:24:25+00:00\",\"dateModified\":\"2024-11-04T15:09:50+00:00\",\"mainEntityOfPage\":{\"@id\":\"https:\/\/www.euroakademie.de\/magazin\/zahl-der-auszubildenden-in-der-pflege-steigt\/\"},\"wordCount\":384,\"publisher\":{\"@id\":\"https:\/\/www.euroakademie.de\/magazin\/#organization\"},\"image\":{\"@id\":\"https:\/\/www.euroakademie.de\/magazin\/zahl-der-auszubildenden-in-der-pflege-steigt\/#primaryimage\"},\"thumbnailUrl\":\"https:\/\/www.euroakademie.de\/magazin\/wp-content\/uploads\/2022\/11\/shutterstock_1140306575.jpg\",\"keywords\":[\"Pflegefachfrau\",\"Pflegefachmann\"],\"articleSection\":[\"Branchennews\",\"P\u00e4dagogik &amp; Soziales\"],\"inLanguage\":\"de\"},{\"@type\":\"WebPage\",\"@id\":\"https:\/\/www.euroakademie.de\/magazin\/zahl-der-auszubildenden-in-der-pflege-steigt\/\",\"url\":\"https:\/\/www.euroakademie.de\/magazin\/zahl-der-auszubildenden-in-der-pflege-steigt\/\",\"name\":\"Zahl der Auszubildenden in der Pflege steigt - Das Euro Akademie Magazin\",\"isPartOf\":{\"@id\":\"https:\/\/www.euroakademie.de\/magazin\/#website\"},\"primaryImageOfPage\":{\"@id\":\"https:\/\/www.euroakademie.de\/magazin\/zahl-der-auszubildenden-in-der-pflege-steigt\/#primaryimage\"},\"image\":{\"@id\":\"https:\/\/www.euroakademie.de\/magazin\/zahl-der-auszubildenden-in-der-pflege-steigt\/#primaryimage\"},\"thumbnailUrl\":\"https:\/\/www.euroakademie.de\/magazin\/wp-content\/uploads\/2022\/11\/shutterstock_1140306575.jpg\",\"datePublished\":\"2022-11-22T08:24:25+00:00\",\"dateModified\":\"2024-11-04T15:09:50+00:00\",\"description\":\"Immer mehr Menschen entscheiden sich f\u00fcr eine Ausbildung in der Pflege. Die Pflegeausbildung ist damit der meistgew\u00e4hlte Ausbildungsberuf in Deutschland.\",\"breadcrumb\":{\"@id\":\"https:\/\/www.euroakademie.de\/magazin\/zahl-der-auszubildenden-in-der-pflege-steigt\/#breadcrumb\"},\"inLanguage\":\"de\",\"potentialAction\":[{\"@type\":\"ReadAction\",\"target\":[\"https:\/\/www.euroakademie.de\/magazin\/zahl-der-auszubildenden-in-der-pflege-steigt\/\"]}]},{\"@type\":\"ImageObject\",\"inLanguage\":\"de\",\"@id\":\"https:\/\/www.euroakademie.de\/magazin\/zahl-der-auszubildenden-in-der-pflege-steigt\/#primaryimage\",\"url\":\"https:\/\/www.euroakademie.de\/magazin\/wp-content\/uploads\/2022\/11\/shutterstock_1140306575.jpg\",\"contentUrl\":\"https:\/\/www.euroakademie.de\/magazin\/wp-content\/uploads\/2022\/11\/shutterstock_1140306575.jpg\",\"width\":702,\"height\":336,\"caption\":\"\"},{\"@type\":\"BreadcrumbList\",\"@id\":\"https:\/\/www.euroakademie.de\/magazin\/zahl-der-auszubildenden-in-der-pflege-steigt\/#breadcrumb\",\"itemListElement\":[{\"@type\":\"ListItem\",\"position\":1,\"name\":\"Startseite\",\"item\":\"https:\/\/www.euroakademie.de\/magazin\/\"},{\"@type\":\"ListItem\",\"position\":2,\"name\":\"Zahl der Auszubildenden in der Pflege steigt\"}]},{\"@type\":\"WebSite\",\"@id\":\"https:\/\/www.euroakademie.de\/magazin\/#website\",\"url\":\"https:\/\/www.euroakademie.de\/magazin\/\",\"name\":\"Das Euro Akademie Magazin\",\"description\":\"Gut informiert durch Ausbildung und Studium\",\"publisher\":{\"@id\":\"https:\/\/www.euroakademie.de\/magazin\/#organization\"},\"potentialAction\":[{\"@type\":\"SearchAction\",\"target\":{\"@type\":\"EntryPoint\",\"urlTemplate\":\"https:\/\/www.euroakademie.de\/magazin\/?s={search_term_string}\"},\"query-input\":{\"@type\":\"PropertyValueSpecification\",\"valueRequired\":true,\"valueName\":\"search_term_string\"}}],\"inLanguage\":\"de\"},{\"@type\":\"Organization\",\"@id\":\"https:\/\/www.euroakademie.de\/magazin\/#organization\",\"name\":\"ESO Education Group\",\"url\":\"https:\/\/www.euroakademie.de\/magazin\/\",\"logo\":{\"@type\":\"ImageObject\",\"inLanguage\":\"de\",\"@id\":\"https:\/\/www.euroakademie.de\/magazin\/#\/schema\/logo\/image\/\",\"url\":\"https:\/\/relaunch.euroakademie.de\/magazin\/wp-content\/uploads\/2024\/11\/Logo_EA_negativ_Rahmen_5cm_300dpi_RGB.jpg\",\"contentUrl\":\"https:\/\/relaunch.euroakademie.de\/magazin\/wp-content\/uploads\/2024\/11\/Logo_EA_negativ_Rahmen_5cm_300dpi_RGB.jpg\",\"width\":591,\"height\":236,\"caption\":\"ESO Education Group\"},\"image\":{\"@id\":\"https:\/\/www.euroakademie.de\/magazin\/#\/schema\/logo\/image\/\"}},{\"@type\":\"Person\",\"@id\":\"https:\/\/www.euroakademie.de\/magazin\/#\/schema\/person\/60fedb6ea7279f88d9086938e970d05e\",\"name\":\"Anna R\u00fcppel\",\"description\":\"Anna R\u00fcppel ist mit 1,78 m die Gr\u00f6\u00dfte, wenn es um Ausbildung und Beruf geht. Als Kind war sie kleiner. Von April 2019 bis November 2022 schrieb sie kleinere und gr\u00f6\u00dfere Artikel f\u00fcr das Euro Akademie Magazin.\",\"url\":\"https:\/\/www.euroakademie.de\/magazin\/author\/rueppela\/\"}]}<\/script>\n<!-- \/ Yoast SEO plugin. -->","yoast_head_json":{"title":"Zahl der Auszubildenden in der Pflege steigt - Das Euro Akademie Magazin","description":"Immer mehr Menschen entscheiden sich f\u00fcr eine Ausbildung in der Pflege. Die Pflegeausbildung ist damit der meistgew\u00e4hlte Ausbildungsberuf in Deutschland.","robots":{"index":"index","follow":"follow","max-snippet":"max-snippet:-1","max-image-preview":"max-image-preview:large","max-video-preview":"max-video-preview:-1"},"canonical":"https:\/\/www.euroakademie.de\/magazin\/zahl-der-auszubildenden-in-der-pflege-steigt\/","og_locale":"de_DE","og_type":"article","og_title":"Zahl der Auszubildenden in der Pflege steigt - Das Euro Akademie Magazin","og_description":"Immer mehr Menschen entscheiden sich f\u00fcr eine Ausbildung in der Pflege. Die Pflegeausbildung ist damit der meistgew\u00e4hlte Ausbildungsberuf in Deutschland.","og_url":"https:\/\/www.euroakademie.de\/magazin\/zahl-der-auszubildenden-in-der-pflege-steigt\/","og_site_name":"Das Euro Akademie Magazin","article_published_time":"2022-11-22T08:24:25+00:00","article_modified_time":"2024-11-04T15:09:50+00:00","og_image":[{"width":702,"height":336,"url":"https:\/\/www.euroakademie.de\/magazin\/wp-content\/uploads\/2022\/11\/shutterstock_1140306575.jpg","type":"image\/jpeg"}],"author":"Anna R\u00fcppel","twitter_card":"summary_large_image","twitter_misc":{"Verfasst von":"Anna R\u00fcppel","Gesch\u00e4tzte Lesezeit":"3\u00a0Minuten"},"schema":{"@context":"https:\/\/schema.org","@graph":[{"@type":"Article","@id":"https:\/\/www.euroakademie.de\/magazin\/zahl-der-auszubildenden-in-der-pflege-steigt\/#article","isPartOf":{"@id":"https:\/\/www.euroakademie.de\/magazin\/zahl-der-auszubildenden-in-der-pflege-steigt\/"},"author":{"name":"Anna R\u00fcppel","@id":"https:\/\/www.euroakademie.de\/magazin\/#\/schema\/person\/60fedb6ea7279f88d9086938e970d05e"},"headline":"Zahl der Auszubildenden in der Pflege steigt","datePublished":"2022-11-22T08:24:25+00:00","dateModified":"2024-11-04T15:09:50+00:00","mainEntityOfPage":{"@id":"https:\/\/www.euroakademie.de\/magazin\/zahl-der-auszubildenden-in-der-pflege-steigt\/"},"wordCount":384,"publisher":{"@id":"https:\/\/www.euroakademie.de\/magazin\/#organization"},"image":{"@id":"https:\/\/www.euroakademie.de\/magazin\/zahl-der-auszubildenden-in-der-pflege-steigt\/#primaryimage"},"thumbnailUrl":"https:\/\/www.euroakademie.de\/magazin\/wp-content\/uploads\/2022\/11\/shutterstock_1140306575.jpg","keywords":["Pflegefachfrau","Pflegefachmann"],"articleSection":["Branchennews","P\u00e4dagogik &amp; Soziales"],"inLanguage":"de"},{"@type":"WebPage","@id":"https:\/\/www.euroakademie.de\/magazin\/zahl-der-auszubildenden-in-der-pflege-steigt\/","url":"https:\/\/www.euroakademie.de\/magazin\/zahl-der-auszubildenden-in-der-pflege-steigt\/","name":"Zahl der Auszubildenden in der Pflege steigt - Das Euro Akademie Magazin","isPartOf":{"@id":"https:\/\/www.euroakademie.de\/magazin\/#website"},"primaryImageOfPage":{"@id":"https:\/\/www.euroakademie.de\/magazin\/zahl-der-auszubildenden-in-der-pflege-steigt\/#primaryimage"},"image":{"@id":"https:\/\/www.euroakademie.de\/magazin\/zahl-der-auszubildenden-in-der-pflege-steigt\/#primaryimage"},"thumbnailUrl":"https:\/\/www.euroakademie.de\/magazin\/wp-content\/uploads\/2022\/11\/shutterstock_1140306575.jpg","datePublished":"2022-11-22T08:24:25+00:00","dateModified":"2024-11-04T15:09:50+00:00","description":"Immer mehr Menschen entscheiden sich f\u00fcr eine Ausbildung in der Pflege. Die Pflegeausbildung ist damit der meistgew\u00e4hlte Ausbildungsberuf in Deutschland.","breadcrumb":{"@id":"https:\/\/www.euroakademie.de\/magazin\/zahl-der-auszubildenden-in-der-pflege-steigt\/#breadcrumb"},"inLanguage":"de","potentialAction":[{"@type":"ReadAction","target":["https:\/\/www.euroakademie.de\/magazin\/zahl-der-auszubildenden-in-der-pflege-steigt\/"]}]},{"@type":"ImageObject","inLanguage":"de","@id":"https:\/\/www.euroakademie.de\/magazin\/zahl-der-auszubildenden-in-der-pflege-steigt\/#primaryimage","url":"https:\/\/www.euroakademie.de\/magazin\/wp-content\/uploads\/2022\/11\/shutterstock_1140306575.jpg","contentUrl":"https:\/\/www.euroakademie.de\/magazin\/wp-content\/uploads\/2022\/11\/shutterstock_1140306575.jpg","width":702,"height":336,"caption":""},{"@type":"BreadcrumbList","@id":"https:\/\/www.euroakademie.de\/magazin\/zahl-der-auszubildenden-in-der-pflege-steigt\/#breadcrumb","itemListElement":[{"@type":"ListItem","position":1,"name":"Startseite","item":"https:\/\/www.euroakademie.de\/magazin\/"},{"@type":"ListItem","position":2,"name":"Zahl der Auszubildenden in der Pflege steigt"}]},{"@type":"WebSite","@id":"https:\/\/www.euroakademie.de\/magazin\/#website","url":"https:\/\/www.euroakademie.de\/magazin\/","name":"Das Euro Akademie Magazin","description":"Gut informiert durch Ausbildung und Studium","publisher":{"@id":"https:\/\/www.euroakademie.de\/magazin\/#organization"},"potentialAction":[{"@type":"SearchAction","target":{"@type":"EntryPoint","urlTemplate":"https:\/\/www.euroakademie.de\/magazin\/?s={search_term_string}"},"query-input":{"@type":"PropertyValueSpecification","valueRequired":true,"valueName":"search_term_string"}}],"inLanguage":"de"},{"@type":"Organization","@id":"https:\/\/www.euroakademie.de\/magazin\/#organization","name":"ESO Education Group","url":"https:\/\/www.euroakademie.de\/magazin\/","logo":{"@type":"ImageObject","inLanguage":"de","@id":"https:\/\/www.euroakademie.de\/magazin\/#\/schema\/logo\/image\/","url":"https:\/\/relaunch.euroakademie.de\/magazin\/wp-content\/uploads\/2024\/11\/Logo_EA_negativ_Rahmen_5cm_300dpi_RGB.jpg","contentUrl":"https:\/\/relaunch.euroakademie.de\/magazin\/wp-content\/uploads\/2024\/11\/Logo_EA_negativ_Rahmen_5cm_300dpi_RGB.jpg","width":591,"height":236,"caption":"ESO Education Group"},"image":{"@id":"https:\/\/www.euroakademie.de\/magazin\/#\/schema\/logo\/image\/"}},{"@type":"Person","@id":"https:\/\/www.euroakademie.de\/magazin\/#\/schema\/person\/60fedb6ea7279f88d9086938e970d05e","name":"Anna R\u00fcppel","description":"Anna R\u00fcppel ist mit 1,78 m die Gr\u00f6\u00dfte, wenn es um Ausbildung und Beruf geht. Als Kind war sie kleiner. Von April 2019 bis November 2022 schrieb sie kleinere und gr\u00f6\u00dfere Artikel f\u00fcr das Euro Akademie Magazin.","url":"https:\/\/www.euroakademie.de\/magazin\/author\/rueppela\/"}]}},"_links":{"self":[{"href":"https:\/\/www.euroakademie.de\/magazin\/wp-json\/wp\/v2\/posts\/16703","targetHints":{"allow":["GET"]}}],"collection":[{"href":"https:\/\/www.euroakademie.de\/magazin\/wp-json\/wp\/v2\/posts"}],"about":[{"href":"https:\/\/www.euroakademie.de\/magazin\/wp-json\/wp\/v2\/types\/post"}],"author":[{"embeddable":true,"href":"https:\/\/www.euroakademie.de\/magazin\/wp-json\/wp\/v2\/users\/76"}],"replies":[{"embeddable":true,"href":"https:\/\/www.euroakademie.de\/magazin\/wp-json\/wp\/v2\/comments?post=16703"}],"version-history":[{"count":1,"href":"https:\/\/www.euroakademie.de\/magazin\/wp-json\/wp\/v2\/posts\/16703\/revisions"}],"predecessor-version":[{"id":21747,"href":"https:\/\/www.euroakademie.de\/magazin\/wp-json\/wp\/v2\/posts\/16703\/revisions\/21747"}],"wp:featuredmedia":[{"embeddable":true,"href":"https:\/\/www.euroakademie.de\/magazin\/wp-json\/wp\/v2\/media\/16705"}],"wp:attachment":[{"href":"https:\/\/www.euroakademie.de\/magazin\/wp-json\/wp\/v2\/media?parent=16703"}],"wp:term":[{"taxonomy":"category","embeddable":true,"href":"https:\/\/www.euroakademie.de\/magazin\/wp-json\/wp\/v2\/categories?post=16703"},{"taxonomy":"post_tag","embeddable":true,"href":"https:\/\/www.euroakademie.de\/magazin\/wp-json\/wp\/v2\/tags?post=16703"}],"curies":[{"name":"wp","href":"https:\/\/api.w.org\/{rel}","templated":true}]}}